{"id":18387,"date":"2023-01-04T07:47:25","date_gmt":"2023-01-04T06:47:25","guid":{"rendered":"https:\/\/www.organisator.ch\/?p=18387"},"modified":"2023-01-04T07:47:25","modified_gmt":"2023-01-04T06:47:25","slug":"der-kaufmaennische-verband-schweiz-feiert-sein-150-jaehriges-bestehen","status":"publish","type":"post","link":"https:\/\/www.organisator.ch\/it\/weiterbildung\/2023-01-04\/der-kaufmaennische-verband-schweiz-feiert-sein-150-jaehriges-bestehen\/","title":{"rendered":"L'Associazione commerciale svizzera celebra il suo 150\u00b0 anniversario"},"content":{"rendered":"<figure id=\"attachment_18388\" aria-describedby=\"caption-attachment-18388\" style=\"width: 680px\" class=\"wp-caption alignnone\"><img loading=\"lazy\" decoding=\"async\" class=\"size-full wp-image-18388\" src=\"https:\/\/www.organisator.ch\/wp-content\/uploads\/2023\/01\/Der-Kaufmaennische-Verband-Schweiz-feiert-sein-150-jaehriges-Bestehen_Organisator.jpg\" alt=\"\" width=\"680\" height=\"454\" srcset=\"https:\/\/www.organisator.ch\/wp-content\/uploads\/2023\/01\/Der-Kaufmaennische-Verband-Schweiz-feiert-sein-150-jaehriges-Bestehen_Organisator.jpg 680w, https:\/\/www.organisator.ch\/wp-content\/uploads\/2023\/01\/Der-Kaufmaennische-Verband-Schweiz-feiert-sein-150-jaehriges-Bestehen_Organisator-18x12.jpg 18w, https:\/\/www.organisator.ch\/wp-content\/uploads\/2023\/01\/Der-Kaufmaennische-Verband-Schweiz-feiert-sein-150-jaehriges-Bestehen_Organisator-375x250.jpg 375w, https:\/\/www.organisator.ch\/wp-content\/uploads\/2023\/01\/Der-Kaufmaennische-Verband-Schweiz-feiert-sein-150-jaehriges-Bestehen_Organisator-524x350.jpg 524w\" sizes=\"auto, (max-width: 680px) 100vw, 680px\" \/><figcaption id=\"caption-attachment-18388\" class=\"wp-caption-text\">Da 150 anni, l'Associazione Commerciale Svizzera rappresenta la formazione e la professione nell'ambiente commerciale e imprenditoriale. (Immagine: Associazione commerciale svizzera\/Merlin Photography Ltd.)<\/figcaption><\/figure>\n<p>L'Associazione commerciale svizzera fu fondata il 14 aprile 1873 come federazione di 20 associazioni educative locali (all'epoca: \"Schweizerischer Verein junger Kaufleute\"). Nel 1882 \u00e8 stato rinominato \"Schweizerischer Kaufm\u00e4nnischer Verein\", nel 1977 \"Schweizerischer Kaufm\u00e4nnischer Verband\" e nel 2001 \"KV Schweiz\".<\/p>\n<h3>Centro di competenza per la formazione e la carriera<\/h3>\n<p>Oggi l'Associazione Commerciale Svizzera \u00e8 considerata un centro di competenza per la formazione e la carriera. Conta circa 38.500 membri, ai quali fornisce consulenza su questioni relative alle loro carriere professionali e di cui rappresenta le preoccupazioni sia a livello politico che nel quadro degli accordi di partenariato sociale. In qualit\u00e0 di sponsor o co-sponsor di vari esami professionali e di abilitazione, offre anche formazione pratica e formazione continua. \"Uno dei campi di attivit\u00e0 centrali dell'associazione, allora come oggi, era l'impegno per una politica educativa, economica e sociale moderna e lungimirante, che trattasse tutti i professionisti - uomini e donne, ricchi e poveri, giovani e anziani - in modo equo\", spiega Christian Z\u00fcnd, CEO dell'Associazione svizzera di commercio.<\/p>\n<h3>150 anni di lavoro sulla politica educativa<\/h3>\n<p>La formazione e l'apprendimento permanente sono saldamente ancorati nel DNA dell'Associazione svizzera di commercio, scrive l'associazione nel suo comunicato stampa sull'anniversario. \"Il successo dell'apprendistato commerciale, che da decenni \u00e8 uno dei pi\u00f9 scelti in Svizzera, si basa sulla stretta attenzione alla pratica professionale e sulle numerose opportunit\u00e0 di formazione continua per acquisire nuove competenze o rafforzare quelle gi\u00e0 acquisite\", afferma Z\u00fcnd. L'introduzione di esami specializzati in corrispondenza, banca e stenografia negli anni Venti \u00e8 stata un pilastro importante per la sistematizzazione e la femminilizzazione dell'istruzione e della formazione professionale. A ci\u00f2 ha fatto seguito la differenziazione delle qualifiche professionali commerciali (esami professionali superiori, esami professionali e associativi) e numerose altre innovazioni e riforme educative. \"L'anno 2023 \u00e8 doppiamente importante per l'Associazione commerciale svizzera\", sottolinea Z\u00fcnd. \"Non solo stiamo celebrando i 150 anni di storia dell'associazione e il nostro instancabile impegno nella formazione e nella politica professionale. Attendiamo con ansia anche l'avvio del nuovo apprendistato commerciale e siamo fermamente convinti che esso fornir\u00e0 ai giovani - oggi come ieri - gli strumenti necessari per affrontare le sfide del futuro.<\/p>\n<h3>Oltre 100 anni di partenariato sociale<\/h3>\n<p>Gi\u00e0 nei primi anni di fondazione, l'Associazione Commerciale Svizzera si impegn\u00f2 a risolvere le tensioni sociali e a contrastare la disoccupazione in situazioni economicamente difficili. L'associazione si impegn\u00f2 anche a ripensare il sistema pensionistico svizzero: dopo la Prima guerra mondiale, ad esempio, ader\u00ec alla \"Vereinigung schweizerischer Angestelltenverb\u00e4nde\" (VSA). L'obiettivo era quello di promuovere la stabilit\u00e0 economica e il dialogo con i datori di lavoro a fronte di un movimento sindacale in via di radicalizzazione. Gi\u00e0 nel dicembre 1918, la VSA fu in grado di firmare il primo contratto collettivo di lavoro completo in Svizzera, gettando cos\u00ec le basi per un moderno partenariato sociale.<\/p>\n<p>\"Oggi l'Associazione svizzera di commercio rappresenta circa 700.000 dipendenti dei settori bancario e assicurativo, della vendita al dettaglio, del commercio, dell'industria, del trasporto aereo e del leasing di personale in quasi 40 contratti collettivi di lavoro regionali e nazionali. Si impegna a garantire condizioni di lavoro eque e non discriminatorie e a rafforzare la capacit\u00e0 lavorativa dell'individuo\", afferma Z\u00fcnd.<\/p>\n<h3>Eventi per l'anniversario 2023<\/h3>\n<p>Quest'anno, nell'ambito di vari eventi per il suo anniversario, l'Associazione svizzera di commercio si dedica al mondo del lavoro di domani e analizza pi\u00f9 da vicino gli effetti sociali e operativi della Nuova cultura del lavoro. Quali sono le tendenze che caratterizzano il mercato del lavoro svizzero? Quali sviluppi si prospettano per i lavoratori dei servizi e delle professioni della conoscenza? Quali sono le competenze che segneranno il passo in futuro? Nel marzo 2023, l'Associazione svizzera di commercio lancer\u00e0 anche la campagna per l'anniversario \"buerogeschichten.ch\" - una piattaforma interattiva che offre un viaggio attraverso la storia dell'amministrazione commerciale e dell'impresa e mostra perch\u00e9 l'apprendistato KV \u00e8 indispensabile per il sistema educativo svizzero e perch\u00e9 gli imprenditori sono indispensabili per l'economia locale.<\/p>\n<p><em>Fonte e ulteriori informazioni: <a href=\"http:\/\/www.kfmv.ch\">www.kfmv.ch<\/a><\/em><\/p>","protected":false},"excerpt":{"rendered":"<p>Der Kaufm\u00e4nnische Verband Schweiz wurde am 14. April 1873 als Zusammenschluss von 20 \u00f6rtlichen Bildungsvereinen (damals: \u00abSchweizerischer Verein junger Kaufleute\u00bb) gegr\u00fcndet. 1882 folgte die Umbenennung in \u00abSchweizerischer Kaufm\u00e4nnischer Verein\u00bb, 1977 in \u00abSchweizerischer Kaufm\u00e4nnischer Verband\u00bb und 2001 in \u00abKV Schweiz\u00bb. Kompetenzzentrum f\u00fcr Bildung und Beruf Der Kaufm\u00e4nnische Verband Schweiz gilt heute als Kompetenzzentrum f\u00fcr Bildung und [&hellip;]<\/p>\n","protected":false},"author":4,"featured_media":18388,"comment_status":"closed","ping_status":"closed","sticky":false,"template":"","format":"standard","meta":{"_acf_changed":false,"_yoast_wpseo_focuskw":"Der Kaufm\u00e4nnische Verband Schweiz","_yoast_wpseo_metadesc":"Der Kaufm\u00e4nnische Verband Schweiz feiert 2023 sein 150-j\u00e4hriges Bestehen und blickt dabei auf eine erfolgreiche und bewegte Geschichte zur\u00fcck.","articlekey":"","footnotes":""},"categories":[30],"tags":[62,3569,292,503],"class_list":["post-18387","post","type-post","status-publish","format-standard","has-post-thumbnail","hentry","category-weiterbildung","tag-aus-weiterbildung","tag-berufsverbaende","tag-jubilaeum","tag-verbaende"],"acf":[],"yoast_head":"<!-- This site is optimized with the Yoast SEO plugin v27.5 - https:\/\/yoast.com\/product\/yoast-seo-wordpress\/ -->\n<title>Der Kaufm\u00e4nnische Verband Schweiz feiert sein 150-j\u00e4hriges Bestehen - Organisator<\/title>\n<meta name=\"description\" content=\"Der Kaufm\u00e4nnische Verband Schweiz feiert 2023 sein 150-j\u00e4hriges Bestehen und blickt dabei auf eine erfolgreiche und bewegte Geschichte zur\u00fcck.\" \/>\n<meta name=\"robots\" content=\"index, follow, max-snippet:-1, max-image-preview:large, max-video-preview:-1\" \/>\n<link rel=\"canonical\" href=\"https:\/\/www.organisator.ch\/it\/formazione-continua\/2023-01-04\/der-kaufmaennische-verband-schweiz-feiert-sein-150-jaehriges-bestehen\/\" \/>\n<meta property=\"og:locale\" content=\"it_IT\" \/>\n<meta property=\"og:type\" content=\"article\" \/>\n<meta property=\"og:title\" content=\"Der Kaufm\u00e4nnische Verband Schweiz feiert sein 150-j\u00e4hriges Bestehen\" \/>\n<meta property=\"og:description\" content=\"Der Kaufm\u00e4nnische Verband Schweiz feiert 2023 sein 150-j\u00e4hriges Bestehen und blickt dabei auf eine erfolgreiche und bewegte Geschichte zur\u00fcck.\" \/>\n<meta property=\"og:url\" content=\"https:\/\/www.organisator.ch\/it\/formazione-continua\/2023-01-04\/der-kaufmaennische-verband-schweiz-feiert-sein-150-jaehriges-bestehen\/\" \/>\n<meta property=\"og:site_name\" content=\"Organisator\" \/>\n<meta property=\"article:publisher\" content=\"https:\/\/www.facebook.com\/OrganisatorFachmagazin\" \/>\n<meta property=\"article:published_time\" content=\"2023-01-04T06:47:25+00:00\" \/>\n<meta property=\"og:image\" content=\"https:\/\/www.organisator.ch\/wp-content\/uploads\/2023\/01\/Der-Kaufmaennische-Verband-Schweiz-feiert-sein-150-jaehriges-Bestehen_Organisator.jpg\" \/>\n\t<meta property=\"og:image:width\" content=\"680\" \/>\n\t<meta property=\"og:image:height\" content=\"454\" \/>\n\t<meta property=\"og:image:type\" content=\"image\/jpeg\" \/>\n<meta name=\"author\" content=\"thomas.berner\" \/>\n<meta name=\"twitter:card\" content=\"summary_large_image\" \/>\n<meta name=\"twitter:title\" content=\"Der #Kaufm\u00e4nnischeVerbandSchweiz feiert sein 150-j\u00e4hriges Bestehen\" \/>\n<meta name=\"twitter:description\" content=\"Der #Kaufm\u00e4nnischeVerbandSchweiz feiert 2023 sein 150-j\u00e4hriges Bestehen und blickt dabei auf eine erfolgreiche und bewegte Geschichte zur\u00fcck.\" \/>\n<meta name=\"twitter:image\" content=\"https:\/\/www.organisator.ch\/wp-content\/uploads\/2023\/01\/Der-Kaufmaennische-Verband-Schweiz-feiert-sein-150-jaehriges-Bestehen_Organisator.jpg\" \/>\n<script type=\"application\/ld+json\" class=\"yoast-schema-graph\">{\"@context\":\"https:\\\/\\\/schema.org\",\"@graph\":[{\"@type\":\"Article\",\"@id\":\"https:\\\/\\\/www.organisator.ch\\\/weiterbildung\\\/2023-01-04\\\/der-kaufmaennische-verband-schweiz-feiert-sein-150-jaehriges-bestehen\\\/#article\",\"isPartOf\":{\"@id\":\"https:\\\/\\\/www.organisator.ch\\\/weiterbildung\\\/2023-01-04\\\/der-kaufmaennische-verband-schweiz-feiert-sein-150-jaehriges-bestehen\\\/\"},\"author\":{\"name\":\"thomas.berner\",\"@id\":\"https:\\\/\\\/www.organisator.ch\\\/#\\\/schema\\\/person\\\/6f650f90b2842cd4c0cc334b4e36f67e\"},\"headline\":\"Der Kaufm\u00e4nnische Verband Schweiz feiert sein 150-j\u00e4hriges Bestehen\",\"datePublished\":\"2023-01-04T06:47:25+00:00\",\"mainEntityOfPage\":{\"@id\":\"https:\\\/\\\/www.organisator.ch\\\/weiterbildung\\\/2023-01-04\\\/der-kaufmaennische-verband-schweiz-feiert-sein-150-jaehriges-bestehen\\\/\"},\"wordCount\":662,\"publisher\":{\"@id\":\"https:\\\/\\\/www.organisator.ch\\\/#organization\"},\"image\":{\"@id\":\"https:\\\/\\\/www.organisator.ch\\\/weiterbildung\\\/2023-01-04\\\/der-kaufmaennische-verband-schweiz-feiert-sein-150-jaehriges-bestehen\\\/#primaryimage\"},\"thumbnailUrl\":\"https:\\\/\\\/www.organisator.ch\\\/wp-content\\\/uploads\\\/2023\\\/01\\\/Der-Kaufmaennische-Verband-Schweiz-feiert-sein-150-jaehriges-Bestehen_Organisator.jpg\",\"keywords\":[\"Aus-\\\/Weiterbildung\",\"Berufsverb\u00e4nde\",\"Jubil\u00e4um\",\"Verb\u00e4nde\"],\"articleSection\":[\"WEITERBILDUNG\"],\"inLanguage\":\"it-IT\"},{\"@type\":\"WebPage\",\"@id\":\"https:\\\/\\\/www.organisator.ch\\\/weiterbildung\\\/2023-01-04\\\/der-kaufmaennische-verband-schweiz-feiert-sein-150-jaehriges-bestehen\\\/\",\"url\":\"https:\\\/\\\/www.organisator.ch\\\/weiterbildung\\\/2023-01-04\\\/der-kaufmaennische-verband-schweiz-feiert-sein-150-jaehriges-bestehen\\\/\",\"name\":\"Der Kaufm\u00e4nnische Verband Schweiz feiert sein 150-j\u00e4hriges Bestehen - Organisator\",\"isPartOf\":{\"@id\":\"https:\\\/\\\/www.organisator.ch\\\/#website\"},\"primaryImageOfPage\":{\"@id\":\"https:\\\/\\\/www.organisator.ch\\\/weiterbildung\\\/2023-01-04\\\/der-kaufmaennische-verband-schweiz-feiert-sein-150-jaehriges-bestehen\\\/#primaryimage\"},\"image\":{\"@id\":\"https:\\\/\\\/www.organisator.ch\\\/weiterbildung\\\/2023-01-04\\\/der-kaufmaennische-verband-schweiz-feiert-sein-150-jaehriges-bestehen\\\/#primaryimage\"},\"thumbnailUrl\":\"https:\\\/\\\/www.organisator.ch\\\/wp-content\\\/uploads\\\/2023\\\/01\\\/Der-Kaufmaennische-Verband-Schweiz-feiert-sein-150-jaehriges-Bestehen_Organisator.jpg\",\"datePublished\":\"2023-01-04T06:47:25+00:00\",\"description\":\"Der Kaufm\u00e4nnische Verband Schweiz feiert 2023 sein 150-j\u00e4hriges Bestehen und blickt dabei auf eine erfolgreiche und bewegte Geschichte zur\u00fcck.\",\"breadcrumb\":{\"@id\":\"https:\\\/\\\/www.organisator.ch\\\/weiterbildung\\\/2023-01-04\\\/der-kaufmaennische-verband-schweiz-feiert-sein-150-jaehriges-bestehen\\\/#breadcrumb\"},\"inLanguage\":\"it-IT\",\"potentialAction\":[{\"@type\":\"ReadAction\",\"target\":[\"https:\\\/\\\/www.organisator.ch\\\/weiterbildung\\\/2023-01-04\\\/der-kaufmaennische-verband-schweiz-feiert-sein-150-jaehriges-bestehen\\\/\"]}]},{\"@type\":\"ImageObject\",\"inLanguage\":\"it-IT\",\"@id\":\"https:\\\/\\\/www.organisator.ch\\\/weiterbildung\\\/2023-01-04\\\/der-kaufmaennische-verband-schweiz-feiert-sein-150-jaehriges-bestehen\\\/#primaryimage\",\"url\":\"https:\\\/\\\/www.organisator.ch\\\/wp-content\\\/uploads\\\/2023\\\/01\\\/Der-Kaufmaennische-Verband-Schweiz-feiert-sein-150-jaehriges-Bestehen_Organisator.jpg\",\"contentUrl\":\"https:\\\/\\\/www.organisator.ch\\\/wp-content\\\/uploads\\\/2023\\\/01\\\/Der-Kaufmaennische-Verband-Schweiz-feiert-sein-150-jaehriges-Bestehen_Organisator.jpg\",\"width\":680,\"height\":454,\"caption\":\"Seit 150 Jahren repr\u00e4sentiert der Kaufm\u00e4nnische Verband Schweiz Bildung und Beruf im kaufm\u00e4nnisch-betriebswirtschaftlichen Umfeld. (Bild: Kaufm\u00e4nnischer Verband Schweiz\\\/Merlin Photography Ltd.)\"},{\"@type\":\"BreadcrumbList\",\"@id\":\"https:\\\/\\\/www.organisator.ch\\\/weiterbildung\\\/2023-01-04\\\/der-kaufmaennische-verband-schweiz-feiert-sein-150-jaehriges-bestehen\\\/#breadcrumb\",\"itemListElement\":[{\"@type\":\"ListItem\",\"position\":1,\"name\":\"Home\",\"item\":\"https:\\\/\\\/www.organisator.ch\\\/\"},{\"@type\":\"ListItem\",\"position\":2,\"name\":\"Der Kaufm\u00e4nnische Verband Schweiz feiert sein 150-j\u00e4hriges Bestehen\"}]},{\"@type\":\"WebSite\",\"@id\":\"https:\\\/\\\/www.organisator.ch\\\/#website\",\"url\":\"https:\\\/\\\/www.organisator.ch\\\/\",\"name\":\"Organisator\",\"description\":\"Kompetent. Praxisnah. Der ORGANISATOR bereitet in 10 Ausgaben pro Jahr die wesentlichen Themen f\u00fcr F\u00fchrungskr\u00e4fte von KMU auf.\",\"publisher\":{\"@id\":\"https:\\\/\\\/www.organisator.ch\\\/#organization\"},\"potentialAction\":[{\"@type\":\"SearchAction\",\"target\":{\"@type\":\"EntryPoint\",\"urlTemplate\":\"https:\\\/\\\/www.organisator.ch\\\/?s={search_term_string}\"},\"query-input\":{\"@type\":\"PropertyValueSpecification\",\"valueRequired\":true,\"valueName\":\"search_term_string\"}}],\"inLanguage\":\"it-IT\"},{\"@type\":\"Organization\",\"@id\":\"https:\\\/\\\/www.organisator.ch\\\/#organization\",\"name\":\"Organisator\",\"url\":\"https:\\\/\\\/www.organisator.ch\\\/\",\"logo\":{\"@type\":\"ImageObject\",\"inLanguage\":\"it-IT\",\"@id\":\"https:\\\/\\\/www.organisator.ch\\\/#\\\/schema\\\/logo\\\/image\\\/\",\"url\":\"https:\\\/\\\/www.organisator.ch\\\/wp-content\\\/uploads\\\/2022\\\/01\\\/Logo_Organisator_Website.png\",\"contentUrl\":\"https:\\\/\\\/www.organisator.ch\\\/wp-content\\\/uploads\\\/2022\\\/01\\\/Logo_Organisator_Website.png\",\"width\":800,\"height\":77,\"caption\":\"Organisator\"},\"image\":{\"@id\":\"https:\\\/\\\/www.organisator.ch\\\/#\\\/schema\\\/logo\\\/image\\\/\"},\"sameAs\":[\"https:\\\/\\\/www.facebook.com\\\/OrganisatorFachmagazin\",\"https:\\\/\\\/www.linkedin.com\\\/showcase\\\/organisator-das-magazin-fr-kmu\",\"https:\\\/\\\/www.xing.com\\\/news\\\/pages\\\/organisator-ch-695\",\"https:\\\/\\\/www.youtube.com\\\/channel\\\/UCGP2Sq0iWaZwT3BdIAQFYpw\"]},{\"@type\":\"Person\",\"@id\":\"https:\\\/\\\/www.organisator.ch\\\/#\\\/schema\\\/person\\\/6f650f90b2842cd4c0cc334b4e36f67e\",\"name\":\"thomas.berner\",\"image\":{\"@type\":\"ImageObject\",\"inLanguage\":\"it-IT\",\"@id\":\"https:\\\/\\\/secure.gravatar.com\\\/avatar\\\/ac5001d2a36cb6c6cd3e50789007ffca834b477b74a2144564522e944eabff61?s=96&d=mm&r=g\",\"url\":\"https:\\\/\\\/secure.gravatar.com\\\/avatar\\\/ac5001d2a36cb6c6cd3e50789007ffca834b477b74a2144564522e944eabff61?s=96&d=mm&r=g\",\"contentUrl\":\"https:\\\/\\\/secure.gravatar.com\\\/avatar\\\/ac5001d2a36cb6c6cd3e50789007ffca834b477b74a2144564522e944eabff61?s=96&d=mm&r=g\",\"caption\":\"thomas.berner\"},\"url\":\"https:\\\/\\\/www.organisator.ch\\\/it\\\/author\\\/thomas-berner\\\/\"}]}<\/script>\n<!-- \/ Yoast SEO plugin. -->","yoast_head_json":{"title":"L'Associazione svizzera di commercio celebra il suo 150\u00b0 anniversario - Organizzatore","description":"L'Associazione Commerciale Svizzera festeggia il suo 150\u00b0 anniversario nel 2023 e guarda indietro a una storia ricca di successi e di eventi.","robots":{"index":"index","follow":"follow","max-snippet":"max-snippet:-1","max-image-preview":"max-image-preview:large","max-video-preview":"max-video-preview:-1"},"canonical":"https:\/\/www.organisator.ch\/it\/formazione-continua\/2023-01-04\/der-kaufmaennische-verband-schweiz-feiert-sein-150-jaehriges-bestehen\/","og_locale":"it_IT","og_type":"article","og_title":"Der Kaufm\u00e4nnische Verband Schweiz feiert sein 150-j\u00e4hriges Bestehen","og_description":"Der Kaufm\u00e4nnische Verband Schweiz feiert 2023 sein 150-j\u00e4hriges Bestehen und blickt dabei auf eine erfolgreiche und bewegte Geschichte zur\u00fcck.","og_url":"https:\/\/www.organisator.ch\/it\/formazione-continua\/2023-01-04\/der-kaufmaennische-verband-schweiz-feiert-sein-150-jaehriges-bestehen\/","og_site_name":"Organisator","article_publisher":"https:\/\/www.facebook.com\/OrganisatorFachmagazin","article_published_time":"2023-01-04T06:47:25+00:00","og_image":[{"width":680,"height":454,"url":"https:\/\/www.organisator.ch\/wp-content\/uploads\/2023\/01\/Der-Kaufmaennische-Verband-Schweiz-feiert-sein-150-jaehriges-Bestehen_Organisator.jpg","type":"image\/jpeg"}],"author":"thomas.berner","twitter_card":"summary_large_image","twitter_title":"Der #Kaufm\u00e4nnischeVerbandSchweiz feiert sein 150-j\u00e4hriges Bestehen","twitter_description":"Der #Kaufm\u00e4nnischeVerbandSchweiz feiert 2023 sein 150-j\u00e4hriges Bestehen und blickt dabei auf eine erfolgreiche und bewegte Geschichte zur\u00fcck.","twitter_image":"https:\/\/www.organisator.ch\/wp-content\/uploads\/2023\/01\/Der-Kaufmaennische-Verband-Schweiz-feiert-sein-150-jaehriges-Bestehen_Organisator.jpg","schema":{"@context":"https:\/\/schema.org","@graph":[{"@type":"Article","@id":"https:\/\/www.organisator.ch\/weiterbildung\/2023-01-04\/der-kaufmaennische-verband-schweiz-feiert-sein-150-jaehriges-bestehen\/#article","isPartOf":{"@id":"https:\/\/www.organisator.ch\/weiterbildung\/2023-01-04\/der-kaufmaennische-verband-schweiz-feiert-sein-150-jaehriges-bestehen\/"},"author":{"name":"thomas.berner","@id":"https:\/\/www.organisator.ch\/#\/schema\/person\/6f650f90b2842cd4c0cc334b4e36f67e"},"headline":"Der Kaufm\u00e4nnische Verband Schweiz feiert sein 150-j\u00e4hriges Bestehen","datePublished":"2023-01-04T06:47:25+00:00","mainEntityOfPage":{"@id":"https:\/\/www.organisator.ch\/weiterbildung\/2023-01-04\/der-kaufmaennische-verband-schweiz-feiert-sein-150-jaehriges-bestehen\/"},"wordCount":662,"publisher":{"@id":"https:\/\/www.organisator.ch\/#organization"},"image":{"@id":"https:\/\/www.organisator.ch\/weiterbildung\/2023-01-04\/der-kaufmaennische-verband-schweiz-feiert-sein-150-jaehriges-bestehen\/#primaryimage"},"thumbnailUrl":"https:\/\/www.organisator.ch\/wp-content\/uploads\/2023\/01\/Der-Kaufmaennische-Verband-Schweiz-feiert-sein-150-jaehriges-Bestehen_Organisator.jpg","keywords":["Aus-\/Weiterbildung","Berufsverb\u00e4nde","Jubil\u00e4um","Verb\u00e4nde"],"articleSection":["WEITERBILDUNG"],"inLanguage":"it-IT"},{"@type":"WebPage","@id":"https:\/\/www.organisator.ch\/weiterbildung\/2023-01-04\/der-kaufmaennische-verband-schweiz-feiert-sein-150-jaehriges-bestehen\/","url":"https:\/\/www.organisator.ch\/weiterbildung\/2023-01-04\/der-kaufmaennische-verband-schweiz-feiert-sein-150-jaehriges-bestehen\/","name":"L'Associazione svizzera di commercio celebra il suo 150\u00b0 anniversario - Organizzatore","isPartOf":{"@id":"https:\/\/www.organisator.ch\/#website"},"primaryImageOfPage":{"@id":"https:\/\/www.organisator.ch\/weiterbildung\/2023-01-04\/der-kaufmaennische-verband-schweiz-feiert-sein-150-jaehriges-bestehen\/#primaryimage"},"image":{"@id":"https:\/\/www.organisator.ch\/weiterbildung\/2023-01-04\/der-kaufmaennische-verband-schweiz-feiert-sein-150-jaehriges-bestehen\/#primaryimage"},"thumbnailUrl":"https:\/\/www.organisator.ch\/wp-content\/uploads\/2023\/01\/Der-Kaufmaennische-Verband-Schweiz-feiert-sein-150-jaehriges-Bestehen_Organisator.jpg","datePublished":"2023-01-04T06:47:25+00:00","description":"L'Associazione Commerciale Svizzera festeggia il suo 150\u00b0 anniversario nel 2023 e guarda indietro a una storia ricca di successi e di eventi.","breadcrumb":{"@id":"https:\/\/www.organisator.ch\/weiterbildung\/2023-01-04\/der-kaufmaennische-verband-schweiz-feiert-sein-150-jaehriges-bestehen\/#breadcrumb"},"inLanguage":"it-IT","potentialAction":[{"@type":"ReadAction","target":["https:\/\/www.organisator.ch\/weiterbildung\/2023-01-04\/der-kaufmaennische-verband-schweiz-feiert-sein-150-jaehriges-bestehen\/"]}]},{"@type":"ImageObject","inLanguage":"it-IT","@id":"https:\/\/www.organisator.ch\/weiterbildung\/2023-01-04\/der-kaufmaennische-verband-schweiz-feiert-sein-150-jaehriges-bestehen\/#primaryimage","url":"https:\/\/www.organisator.ch\/wp-content\/uploads\/2023\/01\/Der-Kaufmaennische-Verband-Schweiz-feiert-sein-150-jaehriges-Bestehen_Organisator.jpg","contentUrl":"https:\/\/www.organisator.ch\/wp-content\/uploads\/2023\/01\/Der-Kaufmaennische-Verband-Schweiz-feiert-sein-150-jaehriges-Bestehen_Organisator.jpg","width":680,"height":454,"caption":"Seit 150 Jahren repr\u00e4sentiert der Kaufm\u00e4nnische Verband Schweiz Bildung und Beruf im kaufm\u00e4nnisch-betriebswirtschaftlichen Umfeld. (Bild: Kaufm\u00e4nnischer Verband Schweiz\/Merlin Photography Ltd.)"},{"@type":"BreadcrumbList","@id":"https:\/\/www.organisator.ch\/weiterbildung\/2023-01-04\/der-kaufmaennische-verband-schweiz-feiert-sein-150-jaehriges-bestehen\/#breadcrumb","itemListElement":[{"@type":"ListItem","position":1,"name":"Home","item":"https:\/\/www.organisator.ch\/"},{"@type":"ListItem","position":2,"name":"Der Kaufm\u00e4nnische Verband Schweiz feiert sein 150-j\u00e4hriges Bestehen"}]},{"@type":"WebSite","@id":"https:\/\/www.organisator.ch\/#website","url":"https:\/\/www.organisator.ch\/","name":"Organizzatore","description":"Competente. Pratico. In 10 numeri all'anno, ORGANISATOR presenta i temi essenziali per i manager delle PMI.","publisher":{"@id":"https:\/\/www.organisator.ch\/#organization"},"potentialAction":[{"@type":"SearchAction","target":{"@type":"EntryPoint","urlTemplate":"https:\/\/www.organisator.ch\/?s={search_term_string}"},"query-input":{"@type":"PropertyValueSpecification","valueRequired":true,"valueName":"search_term_string"}}],"inLanguage":"it-IT"},{"@type":"Organization","@id":"https:\/\/www.organisator.ch\/#organization","name":"Organizzatore","url":"https:\/\/www.organisator.ch\/","logo":{"@type":"ImageObject","inLanguage":"it-IT","@id":"https:\/\/www.organisator.ch\/#\/schema\/logo\/image\/","url":"https:\/\/www.organisator.ch\/wp-content\/uploads\/2022\/01\/Logo_Organisator_Website.png","contentUrl":"https:\/\/www.organisator.ch\/wp-content\/uploads\/2022\/01\/Logo_Organisator_Website.png","width":800,"height":77,"caption":"Organisator"},"image":{"@id":"https:\/\/www.organisator.ch\/#\/schema\/logo\/image\/"},"sameAs":["https:\/\/www.facebook.com\/OrganisatorFachmagazin","https:\/\/www.linkedin.com\/showcase\/organisator-das-magazin-fr-kmu","https:\/\/www.xing.com\/news\/pages\/organisator-ch-695","https:\/\/www.youtube.com\/channel\/UCGP2Sq0iWaZwT3BdIAQFYpw"]},{"@type":"Person","@id":"https:\/\/www.organisator.ch\/#\/schema\/person\/6f650f90b2842cd4c0cc334b4e36f67e","name":"Tommaso.berner","image":{"@type":"ImageObject","inLanguage":"it-IT","@id":"https:\/\/secure.gravatar.com\/avatar\/ac5001d2a36cb6c6cd3e50789007ffca834b477b74a2144564522e944eabff61?s=96&d=mm&r=g","url":"https:\/\/secure.gravatar.com\/avatar\/ac5001d2a36cb6c6cd3e50789007ffca834b477b74a2144564522e944eabff61?s=96&d=mm&r=g","contentUrl":"https:\/\/secure.gravatar.com\/avatar\/ac5001d2a36cb6c6cd3e50789007ffca834b477b74a2144564522e944eabff61?s=96&d=mm&r=g","caption":"thomas.berner"},"url":"https:\/\/www.organisator.ch\/it\/author\/thomas-berner\/"}]}},"_links":{"self":[{"href":"https:\/\/www.organisator.ch\/it\/wp-json\/wp\/v2\/posts\/18387","targetHints":{"allow":["GET"]}}],"collection":[{"href":"https:\/\/www.organisator.ch\/it\/wp-json\/wp\/v2\/posts"}],"about":[{"href":"https:\/\/www.organisator.ch\/it\/wp-json\/wp\/v2\/types\/post"}],"author":[{"embeddable":true,"href":"https:\/\/www.organisator.ch\/it\/wp-json\/wp\/v2\/users\/4"}],"replies":[{"embeddable":true,"href":"https:\/\/www.organisator.ch\/it\/wp-json\/wp\/v2\/comments?post=18387"}],"version-history":[{"count":1,"href":"https:\/\/www.organisator.ch\/it\/wp-json\/wp\/v2\/posts\/18387\/revisions"}],"predecessor-version":[{"id":18389,"href":"https:\/\/www.organisator.ch\/it\/wp-json\/wp\/v2\/posts\/18387\/revisions\/18389"}],"wp:featuredmedia":[{"embeddable":true,"href":"https:\/\/www.organisator.ch\/it\/wp-json\/wp\/v2\/media\/18388"}],"wp:attachment":[{"href":"https:\/\/www.organisator.ch\/it\/wp-json\/wp\/v2\/media?parent=18387"}],"wp:term":[{"taxonomy":"category","embeddable":true,"href":"https:\/\/www.organisator.ch\/it\/wp-json\/wp\/v2\/categories?post=18387"},{"taxonomy":"post_tag","embeddable":true,"href":"https:\/\/www.organisator.ch\/it\/wp-json\/wp\/v2\/tags?post=18387"}],"curies":[{"name":"wp","href":"https:\/\/api.w.org\/{rel}","templated":true}]}}