{"id":18416,"date":"2023-01-08T17:14:20","date_gmt":"2023-01-08T16:14:20","guid":{"rendered":"https:\/\/www.werbewoche.ch\/?p=191959"},"modified":"2024-11-19T11:02:59","modified_gmt":"2024-11-19T10:02:59","slug":"kargo-gestaltet-laenggass-tee-neu","status":"publish","type":"post","link":"https:\/\/www.organisator.ch\/it\/marketing\/2023-01-08\/kargo-gestaltet-laenggass-tee-neu\/","title":{"rendered":"Kargo riprogetta il t\u00e8 L\u00e4nggass"},"content":{"rendered":"<p><img class=\"alignnone wp-image-191961 size-full\" src=\"https:\/\/www.werbewoche.ch\/wp-content\/uploads\/2023\/01\/Laenggass_Tee-Case-Selection-1-scaled.jpg\" alt=\"T\u00e8 L\u00e4nggass\" width=\"1400\" height=\"1400\" \/>Con la \"S\u00e9lection Grand Hotel\", la figura di riferimento delle linee di prodotti B2B di L\u00e4nggass-Teee \u00e8 stata al centro dell'armonizzazione e della riprogettazione. Precedentemente conservate in nero puro, le 18 variet\u00e0, note in particolare nel settore della ristorazione e dell'industria alberghiera, riflettono ora la diversit\u00e0 della cultura del t\u00e8 con le loro rispettive sfumature di colore. Con l'\"\u00c9dition Classique\" e l'\"\u00c9dition Sup\u00e9rieur\", la gamma \u00e8 stata ampliata con due ampie linee di rivendita.<\/p>\r\n<h3>Kargo con un nuovo concetto di packaging<\/h3>\r\n<p>Con l'aumento della gamma di prodotti, \u00e8 cresciuta anche la variet\u00e0 di tipi di confezioni. In stretta collaborazione tra L\u00e4nggass-Tee e Kargo, il concetto di packaging olistico e le singole linee di prodotti del \"Love Brand\" bernese sono stati armonizzati e riprogettati.<\/p>\r\n<hr \/>\r\n<p><strong>Responsabile presso L\u00e4nggass-Tee, Familie Lange AG: <\/strong>Katrin Lange (direzione di prima generazione), Kaspar Lange (direzione di seconda generazione), Tina Maria Wagner (direzione di seconda generazione fino all'estate 2022), Eva Ming (progetti e comunicazione dall'estate 2022); Robin Oberholzer (grafica e produzione) <strong>Responsabile presso Kargo Kommuni<\/strong><strong>cazione LSA: <\/strong>Christoph Balsiger (Direzione creativa), Fabia Dellsperger (Direzione creativa e artistica), Roman Sterchi (Consulenza e gestione del progetto), Pasquale Herren (Design grafico), Jorge Martinez (Motion Design e fotografia).<\/p>","protected":false},"excerpt":{"rendered":"<p>Mit der \u00abS\u00e9lection Grand Hotel\u00bb stand die Galionsfigur der B2B-Produktlinien von L\u00e4nggass- Tee im Zentrum der angestrebten Harmonisierung und Neugestaltung. Bisher in schlichtem Schwarz gehalten, spiegeln die insbesondere aus Gastronomie und Hotellerie bekannten 18 Sorten, mit ihren jeweiligen Farbnuancen neu die Vielfalt der Teekultur. Mit der \u00ab\u00c9dition Classique\u00bb und der \u00ab\u00c9dition Sup\u00e9rieur\u00bb wurde das Sortiment [\u2026]<\/p>\n","protected":false},"author":8,"featured_media":0,"comment_status":"closed","ping_status":"closed","sticky":false,"template":"","format":"standard","meta":{"_acf_changed":false,"_yoast_wpseo_focuskw":"L\u00e4nggass-Tee","_yoast_wpseo_metadesc":"L\u00e4nggass-Tee harmonisiert Produktlinien und Verpackungskonzept. Neue Vielfalt in der Teekultur mit S\u00e9lection Grand Hotel.","articlekey":"","footnotes":""},"categories":[29],"tags":[3573],"class_list":["post-18416","post","type-post","status-publish","format-standard","hentry","category-marketing","tag-kargo-kommunikation"],"acf":[],"yoast_head":"<!-- This site is optimized with the Yoast SEO plugin v27.4 - https:\/\/yoast.com\/product\/yoast-seo-wordpress\/ -->\n<title>Kargo gestaltet L\u00e4nggass-Tee neu - Organisator<\/title>\n<meta name=\"description\" content=\"L\u00e4nggass-Tee harmonisiert Produktlinien und Verpackungskonzept. Neue Vielfalt in der Teekultur mit S\u00e9lection Grand Hotel.\" \/>\n<meta name=\"robots\" content=\"index, follow, max-snippet:-1, max-image-preview:large, max-video-preview:-1\" \/>\n<link rel=\"canonical\" href=\"https:\/\/www.organisator.ch\/it\/marketing\/2023-01-08\/kargo-gestaltet-laenggass-tee-neu\/\" \/>\n<meta property=\"og:locale\" content=\"it_IT\" \/>\n<meta property=\"og:type\" content=\"article\" \/>\n<meta property=\"og:title\" content=\"Kargo gestaltet L\u00e4nggass-Tee neu - Organisator\" \/>\n<meta property=\"og:description\" content=\"L\u00e4nggass-Tee harmonisiert Produktlinien und Verpackungskonzept. Neue Vielfalt in der Teekultur mit S\u00e9lection Grand Hotel.\" \/>\n<meta property=\"og:url\" content=\"https:\/\/www.organisator.ch\/it\/marketing\/2023-01-08\/kargo-gestaltet-laenggass-tee-neu\/\" \/>\n<meta property=\"og:site_name\" content=\"Organisator\" \/>\n<meta property=\"article:publisher\" content=\"https:\/\/www.facebook.com\/OrganisatorFachmagazin\" \/>\n<meta property=\"article:published_time\" content=\"2023-01-08T16:14:20+00:00\" \/>\n<meta property=\"article:modified_time\" content=\"2024-11-19T10:02:59+00:00\" \/>\n<meta name=\"author\" content=\"galledia\" \/>\n<meta name=\"twitter:card\" content=\"summary_large_image\" \/>\n<meta name=\"twitter:creator\" content=\"@admin\" \/>\n<script type=\"application\/ld+json\" class=\"yoast-schema-graph\">{\"@context\":\"https:\\\/\\\/schema.org\",\"@graph\":[{\"@type\":\"Article\",\"@id\":\"https:\\\/\\\/www.organisator.ch\\\/marketing\\\/2023-01-08\\\/kargo-gestaltet-laenggass-tee-neu\\\/#article\",\"isPartOf\":{\"@id\":\"https:\\\/\\\/www.organisator.ch\\\/marketing\\\/2023-01-08\\\/kargo-gestaltet-laenggass-tee-neu\\\/\"},\"author\":{\"name\":\"galledia\",\"@id\":\"https:\\\/\\\/www.organisator.ch\\\/#\\\/schema\\\/person\\\/4e51799071cd2dd1232ac003643ef5f0\"},\"headline\":\"Kargo gestaltet L\u00e4nggass-Tee neu\",\"datePublished\":\"2023-01-08T16:14:20+00:00\",\"dateModified\":\"2024-11-19T10:02:59+00:00\",\"mainEntityOfPage\":{\"@id\":\"https:\\\/\\\/www.organisator.ch\\\/marketing\\\/2023-01-08\\\/kargo-gestaltet-laenggass-tee-neu\\\/\"},\"wordCount\":179,\"publisher\":{\"@id\":\"https:\\\/\\\/www.organisator.ch\\\/#organization\"},\"image\":{\"@id\":\"https:\\\/\\\/www.organisator.ch\\\/marketing\\\/2023-01-08\\\/kargo-gestaltet-laenggass-tee-neu\\\/#primaryimage\"},\"thumbnailUrl\":\"https:\\\/\\\/www.werbewoche.ch\\\/wp-content\\\/uploads\\\/2023\\\/01\\\/Laenggass_Tee-Case-Selection-1-scaled.jpg\",\"keywords\":[\"Kargo Kommunikation\"],\"articleSection\":[\"MARKETING\"],\"inLanguage\":\"it-IT\"},{\"@type\":\"WebPage\",\"@id\":\"https:\\\/\\\/www.organisator.ch\\\/marketing\\\/2023-01-08\\\/kargo-gestaltet-laenggass-tee-neu\\\/\",\"url\":\"https:\\\/\\\/www.organisator.ch\\\/marketing\\\/2023-01-08\\\/kargo-gestaltet-laenggass-tee-neu\\\/\",\"name\":\"Kargo gestaltet L\u00e4nggass-Tee neu - Organisator\",\"isPartOf\":{\"@id\":\"https:\\\/\\\/www.organisator.ch\\\/#website\"},\"primaryImageOfPage\":{\"@id\":\"https:\\\/\\\/www.organisator.ch\\\/marketing\\\/2023-01-08\\\/kargo-gestaltet-laenggass-tee-neu\\\/#primaryimage\"},\"image\":{\"@id\":\"https:\\\/\\\/www.organisator.ch\\\/marketing\\\/2023-01-08\\\/kargo-gestaltet-laenggass-tee-neu\\\/#primaryimage\"},\"thumbnailUrl\":\"https:\\\/\\\/www.werbewoche.ch\\\/wp-content\\\/uploads\\\/2023\\\/01\\\/Laenggass_Tee-Case-Selection-1-scaled.jpg\",\"datePublished\":\"2023-01-08T16:14:20+00:00\",\"dateModified\":\"2024-11-19T10:02:59+00:00\",\"description\":\"L\u00e4nggass-Tee harmonisiert Produktlinien und Verpackungskonzept. Neue Vielfalt in der Teekultur mit S\u00e9lection Grand Hotel.\",\"breadcrumb\":{\"@id\":\"https:\\\/\\\/www.organisator.ch\\\/marketing\\\/2023-01-08\\\/kargo-gestaltet-laenggass-tee-neu\\\/#breadcrumb\"},\"inLanguage\":\"it-IT\",\"potentialAction\":[{\"@type\":\"ReadAction\",\"target\":[\"https:\\\/\\\/www.organisator.ch\\\/marketing\\\/2023-01-08\\\/kargo-gestaltet-laenggass-tee-neu\\\/\"]}]},{\"@type\":\"ImageObject\",\"inLanguage\":\"it-IT\",\"@id\":\"https:\\\/\\\/www.organisator.ch\\\/marketing\\\/2023-01-08\\\/kargo-gestaltet-laenggass-tee-neu\\\/#primaryimage\",\"url\":\"https:\\\/\\\/www.werbewoche.ch\\\/wp-content\\\/uploads\\\/2023\\\/01\\\/Laenggass_Tee-Case-Selection-1-scaled.jpg\",\"contentUrl\":\"https:\\\/\\\/www.werbewoche.ch\\\/wp-content\\\/uploads\\\/2023\\\/01\\\/Laenggass_Tee-Case-Selection-1-scaled.jpg\"},{\"@type\":\"BreadcrumbList\",\"@id\":\"https:\\\/\\\/www.organisator.ch\\\/marketing\\\/2023-01-08\\\/kargo-gestaltet-laenggass-tee-neu\\\/#breadcrumb\",\"itemListElement\":[{\"@type\":\"ListItem\",\"position\":1,\"name\":\"Home\",\"item\":\"https:\\\/\\\/www.organisator.ch\\\/\"},{\"@type\":\"ListItem\",\"position\":2,\"name\":\"Kargo gestaltet L\u00e4nggass-Tee neu\"}]},{\"@type\":\"WebSite\",\"@id\":\"https:\\\/\\\/www.organisator.ch\\\/#website\",\"url\":\"https:\\\/\\\/www.organisator.ch\\\/\",\"name\":\"Organisator\",\"description\":\"Kompetent. Praxisnah. Der ORGANISATOR bereitet in 10 Ausgaben pro Jahr die wesentlichen Themen f\u00fcr F\u00fchrungskr\u00e4fte von KMU auf.\",\"publisher\":{\"@id\":\"https:\\\/\\\/www.organisator.ch\\\/#organization\"},\"potentialAction\":[{\"@type\":\"SearchAction\",\"target\":{\"@type\":\"EntryPoint\",\"urlTemplate\":\"https:\\\/\\\/www.organisator.ch\\\/?s={search_term_string}\"},\"query-input\":{\"@type\":\"PropertyValueSpecification\",\"valueRequired\":true,\"valueName\":\"search_term_string\"}}],\"inLanguage\":\"it-IT\"},{\"@type\":\"Organization\",\"@id\":\"https:\\\/\\\/www.organisator.ch\\\/#organization\",\"name\":\"Organisator\",\"url\":\"https:\\\/\\\/www.organisator.ch\\\/\",\"logo\":{\"@type\":\"ImageObject\",\"inLanguage\":\"it-IT\",\"@id\":\"https:\\\/\\\/www.organisator.ch\\\/#\\\/schema\\\/logo\\\/image\\\/\",\"url\":\"https:\\\/\\\/www.organisator.ch\\\/wp-content\\\/uploads\\\/2022\\\/01\\\/Logo_Organisator_Website.png\",\"contentUrl\":\"https:\\\/\\\/www.organisator.ch\\\/wp-content\\\/uploads\\\/2022\\\/01\\\/Logo_Organisator_Website.png\",\"width\":800,\"height\":77,\"caption\":\"Organisator\"},\"image\":{\"@id\":\"https:\\\/\\\/www.organisator.ch\\\/#\\\/schema\\\/logo\\\/image\\\/\"},\"sameAs\":[\"https:\\\/\\\/www.facebook.com\\\/OrganisatorFachmagazin\",\"https:\\\/\\\/www.linkedin.com\\\/showcase\\\/organisator-das-magazin-fr-kmu\",\"https:\\\/\\\/www.xing.com\\\/news\\\/pages\\\/organisator-ch-695\",\"https:\\\/\\\/www.youtube.com\\\/channel\\\/UCGP2Sq0iWaZwT3BdIAQFYpw\"]},{\"@type\":\"Person\",\"@id\":\"https:\\\/\\\/www.organisator.ch\\\/#\\\/schema\\\/person\\\/4e51799071cd2dd1232ac003643ef5f0\",\"name\":\"galledia\",\"image\":{\"@type\":\"ImageObject\",\"inLanguage\":\"it-IT\",\"@id\":\"https:\\\/\\\/secure.gravatar.com\\\/avatar\\\/78a7f90c01fc2bfc875782a0d4922b37cde2cf184ce347b91316d23cd7f69a36?s=96&d=mm&r=g\",\"url\":\"https:\\\/\\\/secure.gravatar.com\\\/avatar\\\/78a7f90c01fc2bfc875782a0d4922b37cde2cf184ce347b91316d23cd7f69a36?s=96&d=mm&r=g\",\"contentUrl\":\"https:\\\/\\\/secure.gravatar.com\\\/avatar\\\/78a7f90c01fc2bfc875782a0d4922b37cde2cf184ce347b91316d23cd7f69a36?s=96&d=mm&r=g\",\"caption\":\"galledia\"},\"sameAs\":[\"https:\\\/\\\/x.com\\\/admin\"],\"url\":\"https:\\\/\\\/www.organisator.ch\\\/it\\\/author\\\/galledia\\\/\"}]}<\/script>\n<!-- \/ Yoast SEO plugin. -->","yoast_head_json":{"title":"Kargo ridisegna il t\u00e8 L\u00e4nggass - Organizzatore","description":"L\u00e4nggass-Tee armonizza le linee di prodotto e il concetto di packaging. Nuova variet\u00e0 nella cultura del t\u00e8 con S\u00e9lection Grand Hotel.","robots":{"index":"index","follow":"follow","max-snippet":"max-snippet:-1","max-image-preview":"max-image-preview:large","max-video-preview":"max-video-preview:-1"},"canonical":"https:\/\/www.organisator.ch\/it\/marketing\/2023-01-08\/kargo-gestaltet-laenggass-tee-neu\/","og_locale":"it_IT","og_type":"article","og_title":"Kargo gestaltet L\u00e4nggass-Tee neu - Organisator","og_description":"L\u00e4nggass-Tee harmonisiert Produktlinien und Verpackungskonzept. Neue Vielfalt in der Teekultur mit S\u00e9lection Grand Hotel.","og_url":"https:\/\/www.organisator.ch\/it\/marketing\/2023-01-08\/kargo-gestaltet-laenggass-tee-neu\/","og_site_name":"Organisator","article_publisher":"https:\/\/www.facebook.com\/OrganisatorFachmagazin","article_published_time":"2023-01-08T16:14:20+00:00","article_modified_time":"2024-11-19T10:02:59+00:00","author":"galledia","twitter_card":"summary_large_image","twitter_creator":"@admin","schema":{"@context":"https:\/\/schema.org","@graph":[{"@type":"Article","@id":"https:\/\/www.organisator.ch\/marketing\/2023-01-08\/kargo-gestaltet-laenggass-tee-neu\/#article","isPartOf":{"@id":"https:\/\/www.organisator.ch\/marketing\/2023-01-08\/kargo-gestaltet-laenggass-tee-neu\/"},"author":{"name":"galledia","@id":"https:\/\/www.organisator.ch\/#\/schema\/person\/4e51799071cd2dd1232ac003643ef5f0"},"headline":"Kargo gestaltet L\u00e4nggass-Tee neu","datePublished":"2023-01-08T16:14:20+00:00","dateModified":"2024-11-19T10:02:59+00:00","mainEntityOfPage":{"@id":"https:\/\/www.organisator.ch\/marketing\/2023-01-08\/kargo-gestaltet-laenggass-tee-neu\/"},"wordCount":179,"publisher":{"@id":"https:\/\/www.organisator.ch\/#organization"},"image":{"@id":"https:\/\/www.organisator.ch\/marketing\/2023-01-08\/kargo-gestaltet-laenggass-tee-neu\/#primaryimage"},"thumbnailUrl":"https:\/\/www.werbewoche.ch\/wp-content\/uploads\/2023\/01\/Laenggass_Tee-Case-Selection-1-scaled.jpg","keywords":["Kargo Kommunikation"],"articleSection":["MARKETING"],"inLanguage":"it-IT"},{"@type":"WebPage","@id":"https:\/\/www.organisator.ch\/marketing\/2023-01-08\/kargo-gestaltet-laenggass-tee-neu\/","url":"https:\/\/www.organisator.ch\/marketing\/2023-01-08\/kargo-gestaltet-laenggass-tee-neu\/","name":"Kargo ridisegna il t\u00e8 L\u00e4nggass - Organizzatore","isPartOf":{"@id":"https:\/\/www.organisator.ch\/#website"},"primaryImageOfPage":{"@id":"https:\/\/www.organisator.ch\/marketing\/2023-01-08\/kargo-gestaltet-laenggass-tee-neu\/#primaryimage"},"image":{"@id":"https:\/\/www.organisator.ch\/marketing\/2023-01-08\/kargo-gestaltet-laenggass-tee-neu\/#primaryimage"},"thumbnailUrl":"https:\/\/www.werbewoche.ch\/wp-content\/uploads\/2023\/01\/Laenggass_Tee-Case-Selection-1-scaled.jpg","datePublished":"2023-01-08T16:14:20+00:00","dateModified":"2024-11-19T10:02:59+00:00","description":"L\u00e4nggass-Tee armonizza le linee di prodotto e il concetto di packaging. Nuova variet\u00e0 nella cultura del t\u00e8 con S\u00e9lection Grand Hotel.","breadcrumb":{"@id":"https:\/\/www.organisator.ch\/marketing\/2023-01-08\/kargo-gestaltet-laenggass-tee-neu\/#breadcrumb"},"inLanguage":"it-IT","potentialAction":[{"@type":"ReadAction","target":["https:\/\/www.organisator.ch\/marketing\/2023-01-08\/kargo-gestaltet-laenggass-tee-neu\/"]}]},{"@type":"ImageObject","inLanguage":"it-IT","@id":"https:\/\/www.organisator.ch\/marketing\/2023-01-08\/kargo-gestaltet-laenggass-tee-neu\/#primaryimage","url":"https:\/\/www.werbewoche.ch\/wp-content\/uploads\/2023\/01\/Laenggass_Tee-Case-Selection-1-scaled.jpg","contentUrl":"https:\/\/www.werbewoche.ch\/wp-content\/uploads\/2023\/01\/Laenggass_Tee-Case-Selection-1-scaled.jpg"},{"@type":"BreadcrumbList","@id":"https:\/\/www.organisator.ch\/marketing\/2023-01-08\/kargo-gestaltet-laenggass-tee-neu\/#breadcrumb","itemListElement":[{"@type":"ListItem","position":1,"name":"Home","item":"https:\/\/www.organisator.ch\/"},{"@type":"ListItem","position":2,"name":"Kargo gestaltet L\u00e4nggass-Tee neu"}]},{"@type":"WebSite","@id":"https:\/\/www.organisator.ch\/#website","url":"https:\/\/www.organisator.ch\/","name":"Organizzatore","description":"Competente. Pratico. In 10 numeri all'anno, ORGANISATOR presenta i temi essenziali per i manager delle PMI.","publisher":{"@id":"https:\/\/www.organisator.ch\/#organization"},"potentialAction":[{"@type":"SearchAction","target":{"@type":"EntryPoint","urlTemplate":"https:\/\/www.organisator.ch\/?s={search_term_string}"},"query-input":{"@type":"PropertyValueSpecification","valueRequired":true,"valueName":"search_term_string"}}],"inLanguage":"it-IT"},{"@type":"Organization","@id":"https:\/\/www.organisator.ch\/#organization","name":"Organizzatore","url":"https:\/\/www.organisator.ch\/","logo":{"@type":"ImageObject","inLanguage":"it-IT","@id":"https:\/\/www.organisator.ch\/#\/schema\/logo\/image\/","url":"https:\/\/www.organisator.ch\/wp-content\/uploads\/2022\/01\/Logo_Organisator_Website.png","contentUrl":"https:\/\/www.organisator.ch\/wp-content\/uploads\/2022\/01\/Logo_Organisator_Website.png","width":800,"height":77,"caption":"Organisator"},"image":{"@id":"https:\/\/www.organisator.ch\/#\/schema\/logo\/image\/"},"sameAs":["https:\/\/www.facebook.com\/OrganisatorFachmagazin","https:\/\/www.linkedin.com\/showcase\/organisator-das-magazin-fr-kmu","https:\/\/www.xing.com\/news\/pages\/organisator-ch-695","https:\/\/www.youtube.com\/channel\/UCGP2Sq0iWaZwT3BdIAQFYpw"]},{"@type":"Person","@id":"https:\/\/www.organisator.ch\/#\/schema\/person\/4e51799071cd2dd1232ac003643ef5f0","name":"galledia","image":{"@type":"ImageObject","inLanguage":"it-IT","@id":"https:\/\/secure.gravatar.com\/avatar\/78a7f90c01fc2bfc875782a0d4922b37cde2cf184ce347b91316d23cd7f69a36?s=96&d=mm&r=g","url":"https:\/\/secure.gravatar.com\/avatar\/78a7f90c01fc2bfc875782a0d4922b37cde2cf184ce347b91316d23cd7f69a36?s=96&d=mm&r=g","contentUrl":"https:\/\/secure.gravatar.com\/avatar\/78a7f90c01fc2bfc875782a0d4922b37cde2cf184ce347b91316d23cd7f69a36?s=96&d=mm&r=g","caption":"galledia"},"sameAs":["https:\/\/x.com\/admin"],"url":"https:\/\/www.organisator.ch\/it\/author\/galledia\/"}]}},"_links":{"self":[{"href":"https:\/\/www.organisator.ch\/it\/wp-json\/wp\/v2\/posts\/18416","targetHints":{"allow":["GET"]}}],"collection":[{"href":"https:\/\/www.organisator.ch\/it\/wp-json\/wp\/v2\/posts"}],"about":[{"href":"https:\/\/www.organisator.ch\/it\/wp-json\/wp\/v2\/types\/post"}],"author":[{"embeddable":true,"href":"https:\/\/www.organisator.ch\/it\/wp-json\/wp\/v2\/users\/8"}],"replies":[{"embeddable":true,"href":"https:\/\/www.organisator.ch\/it\/wp-json\/wp\/v2\/comments?post=18416"}],"version-history":[{"count":4,"href":"https:\/\/www.organisator.ch\/it\/wp-json\/wp\/v2\/posts\/18416\/revisions"}],"predecessor-version":[{"id":33474,"href":"https:\/\/www.organisator.ch\/it\/wp-json\/wp\/v2\/posts\/18416\/revisions\/33474"}],"wp:attachment":[{"href":"https:\/\/www.organisator.ch\/it\/wp-json\/wp\/v2\/media?parent=18416"}],"wp:term":[{"taxonomy":"category","embeddable":true,"href":"https:\/\/www.organisator.ch\/it\/wp-json\/wp\/v2\/categories?post=18416"},{"taxonomy":"post_tag","embeddable":true,"href":"https:\/\/www.organisator.ch\/it\/wp-json\/wp\/v2\/tags?post=18416"}],"curies":[{"name":"wp","href":"https:\/\/api.w.org\/{rel}","templated":true}]}}