{"id":1843,"date":"2017-05-02T17:05:50","date_gmt":"2017-05-02T15:05:50","guid":{"rendered":"https:\/\/www.organisator.ch\/?p=1843"},"modified":"2017-05-02T17:05:50","modified_gmt":"2017-05-02T15:05:50","slug":"arbeitszeiterfassung-die-diskussion-geht-in-die-naechste-runde","status":"publish","type":"post","link":"https:\/\/www.organisator.ch\/it\/allgemein\/2017-05-02\/arbeitszeiterfassung-die-diskussion-geht-in-die-naechste-runde\/","title":{"rendered":"Registrazione del tempo di lavoro: la discussione passa al turno successivo"},"content":{"rendered":"<figure id=\"attachment_1846\" aria-describedby=\"caption-attachment-1846\" style=\"width: 480px\" class=\"wp-caption alignnone\"><img loading=\"lazy\" decoding=\"async\" class=\"size-full wp-image-1846\" src=\"https:\/\/www.organisator.ch\/wp-content\/uploads\/2017\/05\/Arbeitszeiterfassung-Die-Diskussion-geht-in-die-naechste-Runde.jpg\" alt=\"\" width=\"480\" height=\"640\" srcset=\"https:\/\/www.organisator.ch\/wp-content\/uploads\/2017\/05\/Arbeitszeiterfassung-Die-Diskussion-geht-in-die-naechste-Runde.jpg 480w, https:\/\/www.organisator.ch\/wp-content\/uploads\/2017\/05\/Arbeitszeiterfassung-Die-Diskussion-geht-in-die-naechste-Runde-9x12.jpg 9w, https:\/\/www.organisator.ch\/wp-content\/uploads\/2017\/05\/Arbeitszeiterfassung-Die-Diskussion-geht-in-die-naechste-Runde-131x175.jpg 131w, https:\/\/www.organisator.ch\/wp-content\/uploads\/2017\/05\/Arbeitszeiterfassung-Die-Diskussion-geht-in-die-naechste-Runde-263x350.jpg 263w, https:\/\/www.organisator.ch\/wp-content\/uploads\/2017\/05\/Arbeitszeiterfassung-Die-Diskussion-geht-in-die-naechste-Runde-300x400.jpg 300w\" sizes=\"auto, (max-width: 480px) 100vw, 480px\" \/><figcaption id=\"caption-attachment-1846\" class=\"wp-caption-text\">Registrazione delle ore di lavoro: se due membri del Consiglio degli Stati fanno come vogliono, l'orologio non ha pi\u00f9 un futuro. (Immagine: Peter von Bechen - pixelio.de)<\/figcaption><\/figure>\n<p>Il 2 maggio, vari media online hanno riportato le proposte dei consiglieri Karin Keller-Sutter (FDP, SG) e Konrad Graber (CVP, LU). Entrambi mirano a modificare il codice del lavoro per dare ai datori di lavoro pi\u00f9 flessibilit\u00e0 nella registrazione dell'orario di lavoro. Mentre Karin Keller-Sutter chiede un'esenzione dalla registrazione delle ore di lavoro per \"alti dirigenti e specialisti tecnici\", l'iniziativa parlamentare di Konrad Graber vuole abolire le ore di lavoro massime settimanali, soprattutto per i singoli settori del terziario, e sostituirle con un modello annuale. Non sorprende che varie organizzazioni di lavoratori siano in rivolta contro questo. I sindacati in particolare temono che tale deregolamentazione possa aprire la porta allo \"sfruttamento\" dei lavoratori. Il sindacato Syna, per esempio, fa i conti con una \"manodopera libera potenziale\" di 2,9 miliardi di franchi, come descritto in \"<a href=\"http:\/\/www.20min.ch\/finance\/news\/story\/Arbeiten-wir-bald-laenger-fuer-den-gleichen-Lohn--30966184\">2o minuti<\/a>era da leggere\". Il collega del Consiglio e presidente della Confederazione dei sindacati Paul Rechsteiner parla nel \"<a href=\"http:\/\/www.blick.ch\/news\/wirtschaft\/burn-outs-und-gratis-arbeit-gewerkschaften-wehren-sich-gegen-flexiblere-arbeitszeiten-id6612222.html\">Vedi<\/a>\"Il rapporto lo descrive come \"il pi\u00f9 grande attacco al diritto del lavoro che la Svizzera abbia mai visto\".<\/p>\n<p>Tuttavia, il fatto \u00e8 che: L'attuale legge sul lavoro risale al 1966, un'epoca in cui il lavoro in fabbrica era ancora comune. Fino ad oggi, \u00e8 stato adattato da innumerevoli ordinanze, ma mai rivisto fondamentalmente. Dato che il mondo del lavoro cambier\u00e0 molto - soprattutto nel corso della trasformazione digitale - una riforma del Codice del Lavoro \u00e8 certamente necessaria. Anche la questione della registrazione dell'orario di lavoro non dovrebbe essere tralasciata. Nel numero 4-2017 di ORGANISATOR, abbiamo gi\u00e0 riportato le due iniziative parlamentari menzionate e abbiamo anche intervistato esperti di vari settori.<\/p>\n<p><a href=\"https:\/\/www.organisator.ch\/wp-content\/uploads\/2017\/05\/Org_2017_04_S12-13.pdf\">Qui<\/a> andare al contributo dell'ORGANIZZATORE.<\/p>","protected":false},"excerpt":{"rendered":"<p>Am 2. Mai berichteten diverse Online-Medien \u00fcber die Vorst\u00f6sse\u00a0der St\u00e4nder\u00e4te Karin Keller-Sutter (FDP, SG) und Konrad Graber (CVP, LU). Beide haben zum Ziel, das Arbeitsgesetz so zu \u00e4ndern, dass Arbeitgeber mehr Flexibilit\u00e4t bei der Erfassung der Arbeitszeit erhalten. W\u00e4hrend Karin Keller-Sutter eine Befreiung der Arbeitszeiterfassung f\u00fcr &#8222;leitende Angestellte und Fachspezialisten&#8220; fordert, will die parlamentarische Initiative [&hellip;]<\/p>\n","protected":false},"author":4,"featured_media":1846,"comment_status":"open","ping_status":"open","sticky":false,"template":"","format":"standard","meta":{"_acf_changed":false,"_yoast_wpseo_focuskw":"Arbeitszeiterfassung","_yoast_wpseo_metadesc":"Die Erfassung der Arbeitszeit r\u00fcckt wieder einmal in den Fokus der \u00f6ffentlichen Diskussion: In den Eidgen\u00f6ssischen R\u00e4ten sind dazu zwei Vorst\u00f6sse h\u00e4ngig.","articlekey":"","footnotes":""},"categories":[1],"tags":[51,244,410,531],"class_list":["post-1843","post","type-post","status-publish","format-standard","has-post-thumbnail","hentry","category-allgemein","tag-arbeitsplatzgestaltung","tag-gesundheitsschutz","tag-regulierung","tag-wirtschaftspolitik"],"acf":[],"yoast_head":"<!-- This site is optimized with the Yoast SEO plugin v27.4 - https:\/\/yoast.com\/product\/yoast-seo-wordpress\/ -->\n<title>Arbeitszeiterfassung: Die Diskussion geht in die n\u00e4chste Runde - Organisator<\/title>\n<meta name=\"description\" content=\"Die Erfassung der Arbeitszeit r\u00fcckt wieder einmal in den Fokus der \u00f6ffentlichen Diskussion: In den Eidgen\u00f6ssischen R\u00e4ten sind dazu zwei Vorst\u00f6sse h\u00e4ngig.\" \/>\n<meta name=\"robots\" content=\"index, follow, max-snippet:-1, max-image-preview:large, max-video-preview:-1\" \/>\n<link rel=\"canonical\" href=\"https:\/\/www.organisator.ch\/it\/generale\/2017-05-02\/arbeitszeiterfassung-die-diskussion-geht-in-die-naechste-runde\/\" \/>\n<meta property=\"og:locale\" content=\"it_IT\" \/>\n<meta property=\"og:type\" content=\"article\" \/>\n<meta property=\"og:title\" content=\"#Arbeitszeiterfassung: Die Diskussion geht in die n\u00e4chste Runde\" \/>\n<meta property=\"og:description\" content=\"Die Erfassung der #Arbeitszeit r\u00fcckt wieder einmal in den Fokus der \u00f6ffentlichen Diskussion: In den Eidgen\u00f6ssischen R\u00e4ten sind zwei Vorst\u00f6sse h\u00e4ngig, welche die Arbeitszeit weiter liberalisieren wollen.\" \/>\n<meta property=\"og:url\" content=\"https:\/\/www.organisator.ch\/it\/generale\/2017-05-02\/arbeitszeiterfassung-die-diskussion-geht-in-die-naechste-runde\/\" \/>\n<meta property=\"og:site_name\" content=\"Organisator\" \/>\n<meta property=\"article:publisher\" content=\"https:\/\/www.facebook.com\/OrganisatorFachmagazin\" \/>\n<meta property=\"article:published_time\" content=\"2017-05-02T15:05:50+00:00\" \/>\n<meta property=\"og:image\" content=\"https:\/\/www.organisator.ch\/wp-content\/uploads\/2017\/05\/Arbeitszeiterfassung-Die-Diskussion-geht-in-die-naechste-Runde.jpg\" \/>\n\t<meta property=\"og:image:width\" content=\"480\" \/>\n\t<meta property=\"og:image:height\" content=\"640\" \/>\n\t<meta property=\"og:image:type\" content=\"image\/jpeg\" \/>\n<meta name=\"author\" content=\"thomas.berner\" \/>\n<meta name=\"twitter:card\" content=\"summary_large_image\" \/>\n<meta name=\"twitter:title\" content=\"#Arbeitszeiterfassung: Die Diskussion geht in die n\u00e4chste Runde\" \/>\n<meta name=\"twitter:description\" content=\"Die Erfassung der #Arbeitszeit r\u00fcckt wieder einmal in den Fokus der \u00f6ffentlichen Diskussion: In den #Eidgen\u00f6ssischenR\u00e4ten sind zwei #Vorst\u00f6sse h\u00e4ngig, welche die Arbeitszeit weiter liberalisieren wollen.\" \/>\n<meta name=\"twitter:image\" content=\"https:\/\/www.organisator.ch\/wp-content\/uploads\/2017\/05\/Arbeitszeiterfassung-Die-Diskussion-geht-in-die-naechste-Runde.jpg\" \/>\n<script type=\"application\/ld+json\" class=\"yoast-schema-graph\">{\"@context\":\"https:\\\/\\\/schema.org\",\"@graph\":[{\"@type\":\"Article\",\"@id\":\"https:\\\/\\\/www.organisator.ch\\\/fr\\\/general\\\/2017-05-02\\\/arbeitszeiterfassung-die-diskussion-geht-in-die-naechste-runde\\\/#article\",\"isPartOf\":{\"@id\":\"https:\\\/\\\/www.organisator.ch\\\/fr\\\/general\\\/2017-05-02\\\/arbeitszeiterfassung-die-diskussion-geht-in-die-naechste-runde\\\/\"},\"author\":{\"name\":\"thomas.berner\",\"@id\":\"https:\\\/\\\/www.organisator.ch\\\/#\\\/schema\\\/person\\\/6f650f90b2842cd4c0cc334b4e36f67e\"},\"headline\":\"Arbeitszeiterfassung: Die Diskussion geht in die n\u00e4chste Runde\",\"datePublished\":\"2017-05-02T15:05:50+00:00\",\"mainEntityOfPage\":{\"@id\":\"https:\\\/\\\/www.organisator.ch\\\/fr\\\/general\\\/2017-05-02\\\/arbeitszeiterfassung-die-diskussion-geht-in-die-naechste-runde\\\/\"},\"wordCount\":295,\"commentCount\":0,\"publisher\":{\"@id\":\"https:\\\/\\\/www.organisator.ch\\\/#organization\"},\"image\":{\"@id\":\"https:\\\/\\\/www.organisator.ch\\\/fr\\\/general\\\/2017-05-02\\\/arbeitszeiterfassung-die-diskussion-geht-in-die-naechste-runde\\\/#primaryimage\"},\"thumbnailUrl\":\"https:\\\/\\\/www.organisator.ch\\\/wp-content\\\/uploads\\\/2017\\\/05\\\/Arbeitszeiterfassung-Die-Diskussion-geht-in-die-naechste-Runde.jpg\",\"keywords\":[\"Arbeitsplatzgestaltung\",\"Gesundheitsschutz\",\"Regulierung\",\"Wirtschaftspolitik\"],\"articleSection\":[\"Allgemein\"],\"inLanguage\":\"it-IT\"},{\"@type\":\"WebPage\",\"@id\":\"https:\\\/\\\/www.organisator.ch\\\/fr\\\/general\\\/2017-05-02\\\/arbeitszeiterfassung-die-diskussion-geht-in-die-naechste-runde\\\/\",\"url\":\"https:\\\/\\\/www.organisator.ch\\\/fr\\\/general\\\/2017-05-02\\\/arbeitszeiterfassung-die-diskussion-geht-in-die-naechste-runde\\\/\",\"name\":\"Arbeitszeiterfassung: Die Diskussion geht in die n\u00e4chste Runde - Organisator\",\"isPartOf\":{\"@id\":\"https:\\\/\\\/www.organisator.ch\\\/#website\"},\"primaryImageOfPage\":{\"@id\":\"https:\\\/\\\/www.organisator.ch\\\/fr\\\/general\\\/2017-05-02\\\/arbeitszeiterfassung-die-diskussion-geht-in-die-naechste-runde\\\/#primaryimage\"},\"image\":{\"@id\":\"https:\\\/\\\/www.organisator.ch\\\/fr\\\/general\\\/2017-05-02\\\/arbeitszeiterfassung-die-diskussion-geht-in-die-naechste-runde\\\/#primaryimage\"},\"thumbnailUrl\":\"https:\\\/\\\/www.organisator.ch\\\/wp-content\\\/uploads\\\/2017\\\/05\\\/Arbeitszeiterfassung-Die-Diskussion-geht-in-die-naechste-Runde.jpg\",\"datePublished\":\"2017-05-02T15:05:50+00:00\",\"description\":\"Die Erfassung der Arbeitszeit r\u00fcckt wieder einmal in den Fokus der \u00f6ffentlichen Diskussion: In den Eidgen\u00f6ssischen R\u00e4ten sind dazu zwei Vorst\u00f6sse h\u00e4ngig.\",\"breadcrumb\":{\"@id\":\"https:\\\/\\\/www.organisator.ch\\\/fr\\\/general\\\/2017-05-02\\\/arbeitszeiterfassung-die-diskussion-geht-in-die-naechste-runde\\\/#breadcrumb\"},\"inLanguage\":\"it-IT\",\"potentialAction\":[{\"@type\":\"ReadAction\",\"target\":[\"https:\\\/\\\/www.organisator.ch\\\/fr\\\/general\\\/2017-05-02\\\/arbeitszeiterfassung-die-diskussion-geht-in-die-naechste-runde\\\/\"]}]},{\"@type\":\"ImageObject\",\"inLanguage\":\"it-IT\",\"@id\":\"https:\\\/\\\/www.organisator.ch\\\/fr\\\/general\\\/2017-05-02\\\/arbeitszeiterfassung-die-diskussion-geht-in-die-naechste-runde\\\/#primaryimage\",\"url\":\"https:\\\/\\\/www.organisator.ch\\\/wp-content\\\/uploads\\\/2017\\\/05\\\/Arbeitszeiterfassung-Die-Diskussion-geht-in-die-naechste-Runde.jpg\",\"contentUrl\":\"https:\\\/\\\/www.organisator.ch\\\/wp-content\\\/uploads\\\/2017\\\/05\\\/Arbeitszeiterfassung-Die-Diskussion-geht-in-die-naechste-Runde.jpg\",\"width\":480,\"height\":640,\"caption\":\"Arbeitszeiterfassung: Geht es nach den Vorstellungen zweier St\u00e4nder\u00e4te, hat die Stempeluhr keine Zukunft mehr. (Bild: Peter von Bechen - pixelio.de)\"},{\"@type\":\"BreadcrumbList\",\"@id\":\"https:\\\/\\\/www.organisator.ch\\\/fr\\\/general\\\/2017-05-02\\\/arbeitszeiterfassung-die-diskussion-geht-in-die-naechste-runde\\\/#breadcrumb\",\"itemListElement\":[{\"@type\":\"ListItem\",\"position\":1,\"name\":\"Home\",\"item\":\"https:\\\/\\\/www.organisator.ch\\\/\"},{\"@type\":\"ListItem\",\"position\":2,\"name\":\"Arbeitszeiterfassung: Die Diskussion geht in die n\u00e4chste Runde\"}]},{\"@type\":\"WebSite\",\"@id\":\"https:\\\/\\\/www.organisator.ch\\\/#website\",\"url\":\"https:\\\/\\\/www.organisator.ch\\\/\",\"name\":\"Organisator\",\"description\":\"Kompetent. Praxisnah. Der ORGANISATOR bereitet in 10 Ausgaben pro Jahr die wesentlichen Themen f\u00fcr F\u00fchrungskr\u00e4fte von KMU auf.\",\"publisher\":{\"@id\":\"https:\\\/\\\/www.organisator.ch\\\/#organization\"},\"potentialAction\":[{\"@type\":\"SearchAction\",\"target\":{\"@type\":\"EntryPoint\",\"urlTemplate\":\"https:\\\/\\\/www.organisator.ch\\\/?s={search_term_string}\"},\"query-input\":{\"@type\":\"PropertyValueSpecification\",\"valueRequired\":true,\"valueName\":\"search_term_string\"}}],\"inLanguage\":\"it-IT\"},{\"@type\":\"Organization\",\"@id\":\"https:\\\/\\\/www.organisator.ch\\\/#organization\",\"name\":\"Organisator\",\"url\":\"https:\\\/\\\/www.organisator.ch\\\/\",\"logo\":{\"@type\":\"ImageObject\",\"inLanguage\":\"it-IT\",\"@id\":\"https:\\\/\\\/www.organisator.ch\\\/#\\\/schema\\\/logo\\\/image\\\/\",\"url\":\"https:\\\/\\\/www.organisator.ch\\\/wp-content\\\/uploads\\\/2022\\\/01\\\/Logo_Organisator_Website.png\",\"contentUrl\":\"https:\\\/\\\/www.organisator.ch\\\/wp-content\\\/uploads\\\/2022\\\/01\\\/Logo_Organisator_Website.png\",\"width\":800,\"height\":77,\"caption\":\"Organisator\"},\"image\":{\"@id\":\"https:\\\/\\\/www.organisator.ch\\\/#\\\/schema\\\/logo\\\/image\\\/\"},\"sameAs\":[\"https:\\\/\\\/www.facebook.com\\\/OrganisatorFachmagazin\",\"https:\\\/\\\/www.linkedin.com\\\/showcase\\\/organisator-das-magazin-fr-kmu\",\"https:\\\/\\\/www.xing.com\\\/news\\\/pages\\\/organisator-ch-695\",\"https:\\\/\\\/www.youtube.com\\\/channel\\\/UCGP2Sq0iWaZwT3BdIAQFYpw\"]},{\"@type\":\"Person\",\"@id\":\"https:\\\/\\\/www.organisator.ch\\\/#\\\/schema\\\/person\\\/6f650f90b2842cd4c0cc334b4e36f67e\",\"name\":\"thomas.berner\",\"image\":{\"@type\":\"ImageObject\",\"inLanguage\":\"it-IT\",\"@id\":\"https:\\\/\\\/secure.gravatar.com\\\/avatar\\\/ac5001d2a36cb6c6cd3e50789007ffca834b477b74a2144564522e944eabff61?s=96&d=mm&r=g\",\"url\":\"https:\\\/\\\/secure.gravatar.com\\\/avatar\\\/ac5001d2a36cb6c6cd3e50789007ffca834b477b74a2144564522e944eabff61?s=96&d=mm&r=g\",\"contentUrl\":\"https:\\\/\\\/secure.gravatar.com\\\/avatar\\\/ac5001d2a36cb6c6cd3e50789007ffca834b477b74a2144564522e944eabff61?s=96&d=mm&r=g\",\"caption\":\"thomas.berner\"},\"url\":\"https:\\\/\\\/www.organisator.ch\\\/it\\\/author\\\/thomas-berner\\\/\"}]}<\/script>\n<!-- \/ Yoast SEO plugin. -->","yoast_head_json":{"title":"Registrazione del tempo di lavoro: la discussione passa al turno successivo - Organizzatore","description":"La registrazione dell'orario di lavoro sta tornando al centro del dibattito pubblico: due mozioni sono pendenti all'Assemblea federale.","robots":{"index":"index","follow":"follow","max-snippet":"max-snippet:-1","max-image-preview":"max-image-preview:large","max-video-preview":"max-video-preview:-1"},"canonical":"https:\/\/www.organisator.ch\/it\/generale\/2017-05-02\/arbeitszeiterfassung-die-diskussion-geht-in-die-naechste-runde\/","og_locale":"it_IT","og_type":"article","og_title":"#Arbeitszeiterfassung: Die Diskussion geht in die n\u00e4chste Runde","og_description":"Die Erfassung der #Arbeitszeit r\u00fcckt wieder einmal in den Fokus der \u00f6ffentlichen Diskussion: In den Eidgen\u00f6ssischen R\u00e4ten sind zwei Vorst\u00f6sse h\u00e4ngig, welche die Arbeitszeit weiter liberalisieren wollen.","og_url":"https:\/\/www.organisator.ch\/it\/generale\/2017-05-02\/arbeitszeiterfassung-die-diskussion-geht-in-die-naechste-runde\/","og_site_name":"Organisator","article_publisher":"https:\/\/www.facebook.com\/OrganisatorFachmagazin","article_published_time":"2017-05-02T15:05:50+00:00","og_image":[{"width":480,"height":640,"url":"https:\/\/www.organisator.ch\/wp-content\/uploads\/2017\/05\/Arbeitszeiterfassung-Die-Diskussion-geht-in-die-naechste-Runde.jpg","type":"image\/jpeg"}],"author":"thomas.berner","twitter_card":"summary_large_image","twitter_title":"#Arbeitszeiterfassung: Die Diskussion geht in die n\u00e4chste Runde","twitter_description":"Die Erfassung der #Arbeitszeit r\u00fcckt wieder einmal in den Fokus der \u00f6ffentlichen Diskussion: In den #Eidgen\u00f6ssischenR\u00e4ten sind zwei #Vorst\u00f6sse h\u00e4ngig, welche die Arbeitszeit weiter liberalisieren wollen.","twitter_image":"https:\/\/www.organisator.ch\/wp-content\/uploads\/2017\/05\/Arbeitszeiterfassung-Die-Diskussion-geht-in-die-naechste-Runde.jpg","schema":{"@context":"https:\/\/schema.org","@graph":[{"@type":"Article","@id":"https:\/\/www.organisator.ch\/fr\/general\/2017-05-02\/arbeitszeiterfassung-die-diskussion-geht-in-die-naechste-runde\/#article","isPartOf":{"@id":"https:\/\/www.organisator.ch\/fr\/general\/2017-05-02\/arbeitszeiterfassung-die-diskussion-geht-in-die-naechste-runde\/"},"author":{"name":"thomas.berner","@id":"https:\/\/www.organisator.ch\/#\/schema\/person\/6f650f90b2842cd4c0cc334b4e36f67e"},"headline":"Arbeitszeiterfassung: Die Diskussion geht in die n\u00e4chste Runde","datePublished":"2017-05-02T15:05:50+00:00","mainEntityOfPage":{"@id":"https:\/\/www.organisator.ch\/fr\/general\/2017-05-02\/arbeitszeiterfassung-die-diskussion-geht-in-die-naechste-runde\/"},"wordCount":295,"commentCount":0,"publisher":{"@id":"https:\/\/www.organisator.ch\/#organization"},"image":{"@id":"https:\/\/www.organisator.ch\/fr\/general\/2017-05-02\/arbeitszeiterfassung-die-diskussion-geht-in-die-naechste-runde\/#primaryimage"},"thumbnailUrl":"https:\/\/www.organisator.ch\/wp-content\/uploads\/2017\/05\/Arbeitszeiterfassung-Die-Diskussion-geht-in-die-naechste-Runde.jpg","keywords":["Arbeitsplatzgestaltung","Gesundheitsschutz","Regulierung","Wirtschaftspolitik"],"articleSection":["Allgemein"],"inLanguage":"it-IT"},{"@type":"WebPage","@id":"https:\/\/www.organisator.ch\/fr\/general\/2017-05-02\/arbeitszeiterfassung-die-diskussion-geht-in-die-naechste-runde\/","url":"https:\/\/www.organisator.ch\/fr\/general\/2017-05-02\/arbeitszeiterfassung-die-diskussion-geht-in-die-naechste-runde\/","name":"Registrazione del tempo di lavoro: la discussione passa al turno successivo - Organizzatore","isPartOf":{"@id":"https:\/\/www.organisator.ch\/#website"},"primaryImageOfPage":{"@id":"https:\/\/www.organisator.ch\/fr\/general\/2017-05-02\/arbeitszeiterfassung-die-diskussion-geht-in-die-naechste-runde\/#primaryimage"},"image":{"@id":"https:\/\/www.organisator.ch\/fr\/general\/2017-05-02\/arbeitszeiterfassung-die-diskussion-geht-in-die-naechste-runde\/#primaryimage"},"thumbnailUrl":"https:\/\/www.organisator.ch\/wp-content\/uploads\/2017\/05\/Arbeitszeiterfassung-Die-Diskussion-geht-in-die-naechste-Runde.jpg","datePublished":"2017-05-02T15:05:50+00:00","description":"La registrazione dell'orario di lavoro sta tornando al centro del dibattito pubblico: due mozioni sono pendenti all'Assemblea federale.","breadcrumb":{"@id":"https:\/\/www.organisator.ch\/fr\/general\/2017-05-02\/arbeitszeiterfassung-die-diskussion-geht-in-die-naechste-runde\/#breadcrumb"},"inLanguage":"it-IT","potentialAction":[{"@type":"ReadAction","target":["https:\/\/www.organisator.ch\/fr\/general\/2017-05-02\/arbeitszeiterfassung-die-diskussion-geht-in-die-naechste-runde\/"]}]},{"@type":"ImageObject","inLanguage":"it-IT","@id":"https:\/\/www.organisator.ch\/fr\/general\/2017-05-02\/arbeitszeiterfassung-die-diskussion-geht-in-die-naechste-runde\/#primaryimage","url":"https:\/\/www.organisator.ch\/wp-content\/uploads\/2017\/05\/Arbeitszeiterfassung-Die-Diskussion-geht-in-die-naechste-Runde.jpg","contentUrl":"https:\/\/www.organisator.ch\/wp-content\/uploads\/2017\/05\/Arbeitszeiterfassung-Die-Diskussion-geht-in-die-naechste-Runde.jpg","width":480,"height":640,"caption":"Arbeitszeiterfassung: Geht es nach den Vorstellungen zweier St\u00e4nder\u00e4te, hat die Stempeluhr keine Zukunft mehr. (Bild: Peter von Bechen - pixelio.de)"},{"@type":"BreadcrumbList","@id":"https:\/\/www.organisator.ch\/fr\/general\/2017-05-02\/arbeitszeiterfassung-die-diskussion-geht-in-die-naechste-runde\/#breadcrumb","itemListElement":[{"@type":"ListItem","position":1,"name":"Home","item":"https:\/\/www.organisator.ch\/"},{"@type":"ListItem","position":2,"name":"Arbeitszeiterfassung: Die Diskussion geht in die n\u00e4chste Runde"}]},{"@type":"WebSite","@id":"https:\/\/www.organisator.ch\/#website","url":"https:\/\/www.organisator.ch\/","name":"Organizzatore","description":"Competente. Pratico. In 10 numeri all'anno, ORGANISATOR presenta i temi essenziali per i manager delle PMI.","publisher":{"@id":"https:\/\/www.organisator.ch\/#organization"},"potentialAction":[{"@type":"SearchAction","target":{"@type":"EntryPoint","urlTemplate":"https:\/\/www.organisator.ch\/?s={search_term_string}"},"query-input":{"@type":"PropertyValueSpecification","valueRequired":true,"valueName":"search_term_string"}}],"inLanguage":"it-IT"},{"@type":"Organization","@id":"https:\/\/www.organisator.ch\/#organization","name":"Organizzatore","url":"https:\/\/www.organisator.ch\/","logo":{"@type":"ImageObject","inLanguage":"it-IT","@id":"https:\/\/www.organisator.ch\/#\/schema\/logo\/image\/","url":"https:\/\/www.organisator.ch\/wp-content\/uploads\/2022\/01\/Logo_Organisator_Website.png","contentUrl":"https:\/\/www.organisator.ch\/wp-content\/uploads\/2022\/01\/Logo_Organisator_Website.png","width":800,"height":77,"caption":"Organisator"},"image":{"@id":"https:\/\/www.organisator.ch\/#\/schema\/logo\/image\/"},"sameAs":["https:\/\/www.facebook.com\/OrganisatorFachmagazin","https:\/\/www.linkedin.com\/showcase\/organisator-das-magazin-fr-kmu","https:\/\/www.xing.com\/news\/pages\/organisator-ch-695","https:\/\/www.youtube.com\/channel\/UCGP2Sq0iWaZwT3BdIAQFYpw"]},{"@type":"Person","@id":"https:\/\/www.organisator.ch\/#\/schema\/person\/6f650f90b2842cd4c0cc334b4e36f67e","name":"Tommaso.berner","image":{"@type":"ImageObject","inLanguage":"it-IT","@id":"https:\/\/secure.gravatar.com\/avatar\/ac5001d2a36cb6c6cd3e50789007ffca834b477b74a2144564522e944eabff61?s=96&d=mm&r=g","url":"https:\/\/secure.gravatar.com\/avatar\/ac5001d2a36cb6c6cd3e50789007ffca834b477b74a2144564522e944eabff61?s=96&d=mm&r=g","contentUrl":"https:\/\/secure.gravatar.com\/avatar\/ac5001d2a36cb6c6cd3e50789007ffca834b477b74a2144564522e944eabff61?s=96&d=mm&r=g","caption":"thomas.berner"},"url":"https:\/\/www.organisator.ch\/it\/author\/thomas-berner\/"}]}},"_links":{"self":[{"href":"https:\/\/www.organisator.ch\/it\/wp-json\/wp\/v2\/posts\/1843","targetHints":{"allow":["GET"]}}],"collection":[{"href":"https:\/\/www.organisator.ch\/it\/wp-json\/wp\/v2\/posts"}],"about":[{"href":"https:\/\/www.organisator.ch\/it\/wp-json\/wp\/v2\/types\/post"}],"author":[{"embeddable":true,"href":"https:\/\/www.organisator.ch\/it\/wp-json\/wp\/v2\/users\/4"}],"replies":[{"embeddable":true,"href":"https:\/\/www.organisator.ch\/it\/wp-json\/wp\/v2\/comments?post=1843"}],"version-history":[{"count":0,"href":"https:\/\/www.organisator.ch\/it\/wp-json\/wp\/v2\/posts\/1843\/revisions"}],"wp:featuredmedia":[{"embeddable":true,"href":"https:\/\/www.organisator.ch\/it\/wp-json\/wp\/v2\/media\/1846"}],"wp:attachment":[{"href":"https:\/\/www.organisator.ch\/it\/wp-json\/wp\/v2\/media?parent=1843"}],"wp:term":[{"taxonomy":"category","embeddable":true,"href":"https:\/\/www.organisator.ch\/it\/wp-json\/wp\/v2\/categories?post=1843"},{"taxonomy":"post_tag","embeddable":true,"href":"https:\/\/www.organisator.ch\/it\/wp-json\/wp\/v2\/tags?post=1843"}],"curies":[{"name":"wp","href":"https:\/\/api.w.org\/{rel}","templated":true}]}}