{"id":18438,"date":"2023-01-10T09:29:48","date_gmt":"2023-01-10T08:29:48","guid":{"rendered":"https:\/\/www.organisator.ch\/?p=18438"},"modified":"2023-01-10T09:29:48","modified_gmt":"2023-01-10T08:29:48","slug":"europaweite-studie-industrie-stellt-sich-auf-lang-anhaltende-multikrise-ein","status":"publish","type":"post","link":"https:\/\/www.organisator.ch\/it\/management\/2023-01-10\/europaweite-studie-industrie-stellt-sich-auf-lang-anhaltende-multikrise-ein\/","title":{"rendered":"Studio a livello europeo: l'industria si prepara a una multicrisi di lunga durata"},"content":{"rendered":"<figure id=\"attachment_18439\" aria-describedby=\"caption-attachment-18439\" style=\"width: 680px\" class=\"wp-caption alignnone\"><img loading=\"lazy\" decoding=\"async\" class=\"size-full wp-image-18439\" src=\"https:\/\/www.organisator.ch\/wp-content\/uploads\/2023\/01\/Europaweite-Studie-Industrie-stellt-sich-auf-lang-anhaltende-Multikrise-ein_Organisator.jpg\" alt=\"\" width=\"680\" height=\"383\" srcset=\"https:\/\/www.organisator.ch\/wp-content\/uploads\/2023\/01\/Europaweite-Studie-Industrie-stellt-sich-auf-lang-anhaltende-Multikrise-ein_Organisator.jpg 680w, https:\/\/www.organisator.ch\/wp-content\/uploads\/2023\/01\/Europaweite-Studie-Industrie-stellt-sich-auf-lang-anhaltende-Multikrise-ein_Organisator-18x10.jpg 18w, https:\/\/www.organisator.ch\/wp-content\/uploads\/2023\/01\/Europaweite-Studie-Industrie-stellt-sich-auf-lang-anhaltende-Multikrise-ein_Organisator-375x211.jpg 375w, https:\/\/www.organisator.ch\/wp-content\/uploads\/2023\/01\/Europaweite-Studie-Industrie-stellt-sich-auf-lang-anhaltende-Multikrise-ein_Organisator-621x350.jpg 621w\" sizes=\"auto, (max-width: 680px) 100vw, 680px\" \/><figcaption id=\"caption-attachment-18439\" class=\"wp-caption-text\">Le aziende industriali di tutta Europa si aspettano una multicrisi prolungata. (Immagine: Aras)<\/figcaption><\/figure>\n<p>L'industria europea si sta preparando a una multi-crisi di lunga durata: il 90% delle aziende prevede una grande instabilit\u00e0 oltre il 2023. Le strategie pi\u00f9 importanti del settore per garantire il futuro: digitalizzazione completa e cooperazione pi\u00f9 profonda con i fornitori. Lo dimostra l'attuale studio \"L'industria europea in transizione\". Per conto della piattaforma di innovazione di prodotto Aras sono stati intervistati oltre 440 top decision maker di 19 Paesi europei.<\/p>\n<h3>Con catene di fornitura digitalizzate contro la multicrisi<\/h3>\n<p>\"Sullo sfondo di un preoccupante mix di costi energetici alle stelle, rischi geopolitici e crescenti rischi del mercato del lavoro, l'industria europea si sta impegnando soprattutto per una produzione a prova di errore. In risposta all'instabilit\u00e0 delle catene di fornitura, il 40% delle aziende ha quindi gi\u00e0 implementato una pi\u00f9 stretta collaborazione con i propri fornitori, un altro 39% ci sta lavorando e il 17% sta pianificando una pi\u00f9 intensa collaborazione spalla a spalla con i fornitori\", afferma Jens Rollenm\u00fcller, amministratore delegato di Aras Deutschland, la societ\u00e0 che ha commissionato lo studio. Ci\u00f2 che colpisce in un confronto europeo \u00e8 che nel Regno Unito le preoccupazioni per le catene di approvvigionamento sono particolarmente pronunciate. Sulla scia della Brexit, un'azienda su due ha gi\u00e0 attuato una pi\u00f9 stretta collaborazione con i fornitori.<\/p>\n<p>La digitalizzazione della catena di approvvigionamento \u00e8 un altro elemento importante per costruire la resilienza. \"Il 36% delle aziende ha gi\u00e0 riorganizzato la propria supply chain dal punto di vista della digitalizzazione e un altro 42% \u00e8 in procinto di farlo\", afferma l'esperto del settore Rollenm\u00fcller. Circa un'azienda su tre ha reagito all'instabilit\u00e0 delle catene di approvvigionamento modificando i prodotti e poco meno di una su quattro trasferendo i siti produttivi.<\/p>\n<h3>Mai come oggi le sfide sono state cos\u00ec complesse.<\/h3>\n<p>Secondo l'amministratore delegato di Aras, Rollenm\u00fcller, le aziende sono sottoposte a una pressione maggiore rispetto al passato. Ma allo stesso tempo i risultati dell'indagine sono incoraggianti: \"Ad esempio, otto aziende su dieci ammettono che le prospettive di catene di approvvigionamento permanentemente instabili sono motivo di preoccupazione. Ma grazie alle contromisure gi\u00e0 attuate in tutta Europa e ad alcune ancora in programma, il settore pu\u00f2 posizionarsi in modo pi\u00f9 solido e affrontare meglio le crisi future.\"<\/p>\n<p>Questo orientamento al futuro \u00e8 necessario anche perch\u00e9 le acque per le imprese europee rimarranno agitate nel lungo periodo: Nove partecipanti su dieci al sondaggio ritengono che le sfide per la loro azienda non siano mai state cos\u00ec complesse come oggi. E lo sguardo al futuro indica che non ci si aspetta alcun sollievo, almeno nel medio termine: \"L'88% dei partecipanti allo studio ritiene che i prossimi anni continueranno a essere incerti. Di fronte a queste sfide, le aziende devono agire, anche reinventandosi regolarmente e sfruttando i vantaggi di efficienza della digitalizzazione. Solo cos\u00ec possono sfidare gli sconvolgimenti economici della multi-crisi\", afferma Rollenm\u00fcller.<\/p>\n<p><em>Fonte: <a href=\"https:\/\/www.aras.com\/de-de\/\">Aras<\/a><\/em><\/p>","protected":false},"excerpt":{"rendered":"<p>Die europ\u00e4ische Industrie stellt sich auf lang anhaltende Multikrise ein: 90 Prozent der Unternehmen rechnen auch \u00fcber 2023 hinaus mit grosser Instabilit\u00e4t . Die wichtigsten Strategien der Industrie zur Zukunftssicherung: eine umfassende Digitalisierung und die vertiefte Kooperation mit Zulieferern. Das zeigt die aktuelle Studie \u201eEuropas Industrie im Wandel\u201c. Befragt wurden im Auftrag der Produkt-Innovations-Plattform Aras [&hellip;]<\/p>\n","protected":false},"author":4,"featured_media":18439,"comment_status":"closed","ping_status":"closed","sticky":false,"template":"","format":"standard","meta":{"_acf_changed":false,"_yoast_wpseo_focuskw":"Multikrise","_yoast_wpseo_metadesc":"Multikrise in Europa: F\u00fcr die kommenden Jahre rechnen fast 9 von 10 Unternehmen damit, dass die Unsicherheit weiter gross bleiben wird.","articlekey":"","footnotes":""},"categories":[28],"tags":[266,335,3580,459],"class_list":["post-18438","post","type-post","status-publish","format-standard","has-post-thumbnail","hentry","category-management","tag-industrie","tag-management-und-unternehmensfuehrung","tag-multikrise","tag-studie"],"acf":[],"yoast_head":"<!-- This site is optimized with the Yoast SEO plugin v27.5 - https:\/\/yoast.com\/product\/yoast-seo-wordpress\/ -->\n<title>Europaweite Studie: Industrie stellt sich auf lang anhaltende Multikrise ein - Organisator<\/title>\n<meta name=\"description\" content=\"Multikrise in Europa: F\u00fcr die kommenden Jahre rechnen fast 9 von 10 Unternehmen damit, dass die Unsicherheit weiter gross bleiben wird.\" \/>\n<meta name=\"robots\" content=\"index, follow, max-snippet:-1, max-image-preview:large, max-video-preview:-1\" \/>\n<link rel=\"canonical\" href=\"https:\/\/www.organisator.ch\/it\/gestione-2\/2023-01-10\/europaweite-studie-industrie-stellt-sich-auf-lang-anhaltende-multikrise-ein\/\" \/>\n<meta property=\"og:locale\" content=\"it_IT\" \/>\n<meta property=\"og:type\" content=\"article\" \/>\n<meta property=\"og:title\" content=\"Europaweite Studie: Industrie stellt sich auf lang anhaltende Multikrise ein\" \/>\n<meta property=\"og:description\" content=\"Multikrise in Europa: F\u00fcr die kommenden Jahre rechnen fast 9 von 10 Unternehmen damit, dass die Unsicherheit weiter gross bleiben wird.\" \/>\n<meta property=\"og:url\" content=\"https:\/\/www.organisator.ch\/it\/gestione-2\/2023-01-10\/europaweite-studie-industrie-stellt-sich-auf-lang-anhaltende-multikrise-ein\/\" \/>\n<meta property=\"og:site_name\" content=\"Organisator\" \/>\n<meta property=\"article:publisher\" content=\"https:\/\/www.facebook.com\/OrganisatorFachmagazin\" \/>\n<meta property=\"article:published_time\" content=\"2023-01-10T08:29:48+00:00\" \/>\n<meta property=\"og:image\" content=\"https:\/\/www.organisator.ch\/wp-content\/uploads\/2023\/01\/Europaweite-Studie-Industrie-stellt-sich-auf-lang-anhaltende-Multikrise-ein_Organisator.jpg\" \/>\n\t<meta property=\"og:image:width\" content=\"680\" \/>\n\t<meta property=\"og:image:height\" content=\"383\" \/>\n\t<meta property=\"og:image:type\" content=\"image\/jpeg\" \/>\n<meta name=\"author\" content=\"thomas.berner\" \/>\n<meta name=\"twitter:card\" content=\"summary_large_image\" \/>\n<meta name=\"twitter:title\" content=\"Europaweite Studie: #Industrie stellt sich auf lang anhaltende #Multikrise ein\" \/>\n<meta name=\"twitter:description\" content=\"#Multikrise in Europa: F\u00fcr die kommenden Jahre rechnen fast 9 von 10 Unternehmen damit, dass die #Unsicherheit weiter gross bleiben wird.\" \/>\n<meta name=\"twitter:image\" content=\"https:\/\/www.organisator.ch\/wp-content\/uploads\/2023\/01\/Europaweite-Studie-Industrie-stellt-sich-auf-lang-anhaltende-Multikrise-ein_Organisator.jpg\" \/>\n<script type=\"application\/ld+json\" class=\"yoast-schema-graph\">{\"@context\":\"https:\\\/\\\/schema.org\",\"@graph\":[{\"@type\":\"Article\",\"@id\":\"https:\\\/\\\/www.organisator.ch\\\/management\\\/2023-01-10\\\/europaweite-studie-industrie-stellt-sich-auf-lang-anhaltende-multikrise-ein\\\/#article\",\"isPartOf\":{\"@id\":\"https:\\\/\\\/www.organisator.ch\\\/management\\\/2023-01-10\\\/europaweite-studie-industrie-stellt-sich-auf-lang-anhaltende-multikrise-ein\\\/\"},\"author\":{\"name\":\"thomas.berner\",\"@id\":\"https:\\\/\\\/www.organisator.ch\\\/#\\\/schema\\\/person\\\/6f650f90b2842cd4c0cc334b4e36f67e\"},\"headline\":\"Europaweite Studie: Industrie stellt sich auf lang anhaltende Multikrise ein\",\"datePublished\":\"2023-01-10T08:29:48+00:00\",\"mainEntityOfPage\":{\"@id\":\"https:\\\/\\\/www.organisator.ch\\\/management\\\/2023-01-10\\\/europaweite-studie-industrie-stellt-sich-auf-lang-anhaltende-multikrise-ein\\\/\"},\"wordCount\":445,\"publisher\":{\"@id\":\"https:\\\/\\\/www.organisator.ch\\\/#organization\"},\"image\":{\"@id\":\"https:\\\/\\\/www.organisator.ch\\\/management\\\/2023-01-10\\\/europaweite-studie-industrie-stellt-sich-auf-lang-anhaltende-multikrise-ein\\\/#primaryimage\"},\"thumbnailUrl\":\"https:\\\/\\\/www.organisator.ch\\\/wp-content\\\/uploads\\\/2023\\\/01\\\/Europaweite-Studie-Industrie-stellt-sich-auf-lang-anhaltende-Multikrise-ein_Organisator.jpg\",\"keywords\":[\"Industrie\",\"Management und Unternehmensf\u00fchrung\",\"Multikrise\",\"Studie\"],\"articleSection\":[\"MANAGEMENT\"],\"inLanguage\":\"it-IT\"},{\"@type\":\"WebPage\",\"@id\":\"https:\\\/\\\/www.organisator.ch\\\/management\\\/2023-01-10\\\/europaweite-studie-industrie-stellt-sich-auf-lang-anhaltende-multikrise-ein\\\/\",\"url\":\"https:\\\/\\\/www.organisator.ch\\\/management\\\/2023-01-10\\\/europaweite-studie-industrie-stellt-sich-auf-lang-anhaltende-multikrise-ein\\\/\",\"name\":\"Europaweite Studie: Industrie stellt sich auf lang anhaltende Multikrise ein - Organisator\",\"isPartOf\":{\"@id\":\"https:\\\/\\\/www.organisator.ch\\\/#website\"},\"primaryImageOfPage\":{\"@id\":\"https:\\\/\\\/www.organisator.ch\\\/management\\\/2023-01-10\\\/europaweite-studie-industrie-stellt-sich-auf-lang-anhaltende-multikrise-ein\\\/#primaryimage\"},\"image\":{\"@id\":\"https:\\\/\\\/www.organisator.ch\\\/management\\\/2023-01-10\\\/europaweite-studie-industrie-stellt-sich-auf-lang-anhaltende-multikrise-ein\\\/#primaryimage\"},\"thumbnailUrl\":\"https:\\\/\\\/www.organisator.ch\\\/wp-content\\\/uploads\\\/2023\\\/01\\\/Europaweite-Studie-Industrie-stellt-sich-auf-lang-anhaltende-Multikrise-ein_Organisator.jpg\",\"datePublished\":\"2023-01-10T08:29:48+00:00\",\"description\":\"Multikrise in Europa: F\u00fcr die kommenden Jahre rechnen fast 9 von 10 Unternehmen damit, dass die Unsicherheit weiter gross bleiben wird.\",\"breadcrumb\":{\"@id\":\"https:\\\/\\\/www.organisator.ch\\\/management\\\/2023-01-10\\\/europaweite-studie-industrie-stellt-sich-auf-lang-anhaltende-multikrise-ein\\\/#breadcrumb\"},\"inLanguage\":\"it-IT\",\"potentialAction\":[{\"@type\":\"ReadAction\",\"target\":[\"https:\\\/\\\/www.organisator.ch\\\/management\\\/2023-01-10\\\/europaweite-studie-industrie-stellt-sich-auf-lang-anhaltende-multikrise-ein\\\/\"]}]},{\"@type\":\"ImageObject\",\"inLanguage\":\"it-IT\",\"@id\":\"https:\\\/\\\/www.organisator.ch\\\/management\\\/2023-01-10\\\/europaweite-studie-industrie-stellt-sich-auf-lang-anhaltende-multikrise-ein\\\/#primaryimage\",\"url\":\"https:\\\/\\\/www.organisator.ch\\\/wp-content\\\/uploads\\\/2023\\\/01\\\/Europaweite-Studie-Industrie-stellt-sich-auf-lang-anhaltende-Multikrise-ein_Organisator.jpg\",\"contentUrl\":\"https:\\\/\\\/www.organisator.ch\\\/wp-content\\\/uploads\\\/2023\\\/01\\\/Europaweite-Studie-Industrie-stellt-sich-auf-lang-anhaltende-Multikrise-ein_Organisator.jpg\",\"width\":680,\"height\":383,\"caption\":\"Industrieunternehmen aus ganz Europa rechnen mit einer l\u00e4nger dauernden Multikrise. (Bild: Aras)\"},{\"@type\":\"BreadcrumbList\",\"@id\":\"https:\\\/\\\/www.organisator.ch\\\/management\\\/2023-01-10\\\/europaweite-studie-industrie-stellt-sich-auf-lang-anhaltende-multikrise-ein\\\/#breadcrumb\",\"itemListElement\":[{\"@type\":\"ListItem\",\"position\":1,\"name\":\"Home\",\"item\":\"https:\\\/\\\/www.organisator.ch\\\/\"},{\"@type\":\"ListItem\",\"position\":2,\"name\":\"Europaweite Studie: Industrie stellt sich auf lang anhaltende Multikrise ein\"}]},{\"@type\":\"WebSite\",\"@id\":\"https:\\\/\\\/www.organisator.ch\\\/#website\",\"url\":\"https:\\\/\\\/www.organisator.ch\\\/\",\"name\":\"Organisator\",\"description\":\"Kompetent. Praxisnah. Der ORGANISATOR bereitet in 10 Ausgaben pro Jahr die wesentlichen Themen f\u00fcr F\u00fchrungskr\u00e4fte von KMU auf.\",\"publisher\":{\"@id\":\"https:\\\/\\\/www.organisator.ch\\\/#organization\"},\"potentialAction\":[{\"@type\":\"SearchAction\",\"target\":{\"@type\":\"EntryPoint\",\"urlTemplate\":\"https:\\\/\\\/www.organisator.ch\\\/?s={search_term_string}\"},\"query-input\":{\"@type\":\"PropertyValueSpecification\",\"valueRequired\":true,\"valueName\":\"search_term_string\"}}],\"inLanguage\":\"it-IT\"},{\"@type\":\"Organization\",\"@id\":\"https:\\\/\\\/www.organisator.ch\\\/#organization\",\"name\":\"Organisator\",\"url\":\"https:\\\/\\\/www.organisator.ch\\\/\",\"logo\":{\"@type\":\"ImageObject\",\"inLanguage\":\"it-IT\",\"@id\":\"https:\\\/\\\/www.organisator.ch\\\/#\\\/schema\\\/logo\\\/image\\\/\",\"url\":\"https:\\\/\\\/www.organisator.ch\\\/wp-content\\\/uploads\\\/2022\\\/01\\\/Logo_Organisator_Website.png\",\"contentUrl\":\"https:\\\/\\\/www.organisator.ch\\\/wp-content\\\/uploads\\\/2022\\\/01\\\/Logo_Organisator_Website.png\",\"width\":800,\"height\":77,\"caption\":\"Organisator\"},\"image\":{\"@id\":\"https:\\\/\\\/www.organisator.ch\\\/#\\\/schema\\\/logo\\\/image\\\/\"},\"sameAs\":[\"https:\\\/\\\/www.facebook.com\\\/OrganisatorFachmagazin\",\"https:\\\/\\\/www.linkedin.com\\\/showcase\\\/organisator-das-magazin-fr-kmu\",\"https:\\\/\\\/www.xing.com\\\/news\\\/pages\\\/organisator-ch-695\",\"https:\\\/\\\/www.youtube.com\\\/channel\\\/UCGP2Sq0iWaZwT3BdIAQFYpw\"]},{\"@type\":\"Person\",\"@id\":\"https:\\\/\\\/www.organisator.ch\\\/#\\\/schema\\\/person\\\/6f650f90b2842cd4c0cc334b4e36f67e\",\"name\":\"thomas.berner\",\"image\":{\"@type\":\"ImageObject\",\"inLanguage\":\"it-IT\",\"@id\":\"https:\\\/\\\/secure.gravatar.com\\\/avatar\\\/ac5001d2a36cb6c6cd3e50789007ffca834b477b74a2144564522e944eabff61?s=96&d=mm&r=g\",\"url\":\"https:\\\/\\\/secure.gravatar.com\\\/avatar\\\/ac5001d2a36cb6c6cd3e50789007ffca834b477b74a2144564522e944eabff61?s=96&d=mm&r=g\",\"contentUrl\":\"https:\\\/\\\/secure.gravatar.com\\\/avatar\\\/ac5001d2a36cb6c6cd3e50789007ffca834b477b74a2144564522e944eabff61?s=96&d=mm&r=g\",\"caption\":\"thomas.berner\"},\"url\":\"https:\\\/\\\/www.organisator.ch\\\/it\\\/author\\\/thomas-berner\\\/\"}]}<\/script>\n<!-- \/ Yoast SEO plugin. -->","yoast_head_json":{"title":"Studio su scala europea: l'industria si prepara a una multicrisi di lunga durata - Organizzatore","description":"Multi-crisi in Europa: per i prossimi anni, quasi 9 aziende su 10 prevedono che l'incertezza rimarr\u00e0 elevata.","robots":{"index":"index","follow":"follow","max-snippet":"max-snippet:-1","max-image-preview":"max-image-preview:large","max-video-preview":"max-video-preview:-1"},"canonical":"https:\/\/www.organisator.ch\/it\/gestione-2\/2023-01-10\/europaweite-studie-industrie-stellt-sich-auf-lang-anhaltende-multikrise-ein\/","og_locale":"it_IT","og_type":"article","og_title":"Europaweite Studie: Industrie stellt sich auf lang anhaltende Multikrise ein","og_description":"Multikrise in Europa: F\u00fcr die kommenden Jahre rechnen fast 9 von 10 Unternehmen damit, dass die Unsicherheit weiter gross bleiben wird.","og_url":"https:\/\/www.organisator.ch\/it\/gestione-2\/2023-01-10\/europaweite-studie-industrie-stellt-sich-auf-lang-anhaltende-multikrise-ein\/","og_site_name":"Organisator","article_publisher":"https:\/\/www.facebook.com\/OrganisatorFachmagazin","article_published_time":"2023-01-10T08:29:48+00:00","og_image":[{"width":680,"height":383,"url":"https:\/\/www.organisator.ch\/wp-content\/uploads\/2023\/01\/Europaweite-Studie-Industrie-stellt-sich-auf-lang-anhaltende-Multikrise-ein_Organisator.jpg","type":"image\/jpeg"}],"author":"thomas.berner","twitter_card":"summary_large_image","twitter_title":"Europaweite Studie: #Industrie stellt sich auf lang anhaltende #Multikrise ein","twitter_description":"#Multikrise in Europa: F\u00fcr die kommenden Jahre rechnen fast 9 von 10 Unternehmen damit, dass die #Unsicherheit weiter gross bleiben wird.","twitter_image":"https:\/\/www.organisator.ch\/wp-content\/uploads\/2023\/01\/Europaweite-Studie-Industrie-stellt-sich-auf-lang-anhaltende-Multikrise-ein_Organisator.jpg","schema":{"@context":"https:\/\/schema.org","@graph":[{"@type":"Article","@id":"https:\/\/www.organisator.ch\/management\/2023-01-10\/europaweite-studie-industrie-stellt-sich-auf-lang-anhaltende-multikrise-ein\/#article","isPartOf":{"@id":"https:\/\/www.organisator.ch\/management\/2023-01-10\/europaweite-studie-industrie-stellt-sich-auf-lang-anhaltende-multikrise-ein\/"},"author":{"name":"thomas.berner","@id":"https:\/\/www.organisator.ch\/#\/schema\/person\/6f650f90b2842cd4c0cc334b4e36f67e"},"headline":"Europaweite Studie: Industrie stellt sich auf lang anhaltende Multikrise ein","datePublished":"2023-01-10T08:29:48+00:00","mainEntityOfPage":{"@id":"https:\/\/www.organisator.ch\/management\/2023-01-10\/europaweite-studie-industrie-stellt-sich-auf-lang-anhaltende-multikrise-ein\/"},"wordCount":445,"publisher":{"@id":"https:\/\/www.organisator.ch\/#organization"},"image":{"@id":"https:\/\/www.organisator.ch\/management\/2023-01-10\/europaweite-studie-industrie-stellt-sich-auf-lang-anhaltende-multikrise-ein\/#primaryimage"},"thumbnailUrl":"https:\/\/www.organisator.ch\/wp-content\/uploads\/2023\/01\/Europaweite-Studie-Industrie-stellt-sich-auf-lang-anhaltende-Multikrise-ein_Organisator.jpg","keywords":["Industrie","Management und Unternehmensf\u00fchrung","Multikrise","Studie"],"articleSection":["MANAGEMENT"],"inLanguage":"it-IT"},{"@type":"WebPage","@id":"https:\/\/www.organisator.ch\/management\/2023-01-10\/europaweite-studie-industrie-stellt-sich-auf-lang-anhaltende-multikrise-ein\/","url":"https:\/\/www.organisator.ch\/management\/2023-01-10\/europaweite-studie-industrie-stellt-sich-auf-lang-anhaltende-multikrise-ein\/","name":"Studio su scala europea: l'industria si prepara a una multicrisi di lunga durata - Organizzatore","isPartOf":{"@id":"https:\/\/www.organisator.ch\/#website"},"primaryImageOfPage":{"@id":"https:\/\/www.organisator.ch\/management\/2023-01-10\/europaweite-studie-industrie-stellt-sich-auf-lang-anhaltende-multikrise-ein\/#primaryimage"},"image":{"@id":"https:\/\/www.organisator.ch\/management\/2023-01-10\/europaweite-studie-industrie-stellt-sich-auf-lang-anhaltende-multikrise-ein\/#primaryimage"},"thumbnailUrl":"https:\/\/www.organisator.ch\/wp-content\/uploads\/2023\/01\/Europaweite-Studie-Industrie-stellt-sich-auf-lang-anhaltende-Multikrise-ein_Organisator.jpg","datePublished":"2023-01-10T08:29:48+00:00","description":"Multi-crisi in Europa: per i prossimi anni, quasi 9 aziende su 10 prevedono che l'incertezza rimarr\u00e0 elevata.","breadcrumb":{"@id":"https:\/\/www.organisator.ch\/management\/2023-01-10\/europaweite-studie-industrie-stellt-sich-auf-lang-anhaltende-multikrise-ein\/#breadcrumb"},"inLanguage":"it-IT","potentialAction":[{"@type":"ReadAction","target":["https:\/\/www.organisator.ch\/management\/2023-01-10\/europaweite-studie-industrie-stellt-sich-auf-lang-anhaltende-multikrise-ein\/"]}]},{"@type":"ImageObject","inLanguage":"it-IT","@id":"https:\/\/www.organisator.ch\/management\/2023-01-10\/europaweite-studie-industrie-stellt-sich-auf-lang-anhaltende-multikrise-ein\/#primaryimage","url":"https:\/\/www.organisator.ch\/wp-content\/uploads\/2023\/01\/Europaweite-Studie-Industrie-stellt-sich-auf-lang-anhaltende-Multikrise-ein_Organisator.jpg","contentUrl":"https:\/\/www.organisator.ch\/wp-content\/uploads\/2023\/01\/Europaweite-Studie-Industrie-stellt-sich-auf-lang-anhaltende-Multikrise-ein_Organisator.jpg","width":680,"height":383,"caption":"Industrieunternehmen aus ganz Europa rechnen mit einer l\u00e4nger dauernden Multikrise. (Bild: Aras)"},{"@type":"BreadcrumbList","@id":"https:\/\/www.organisator.ch\/management\/2023-01-10\/europaweite-studie-industrie-stellt-sich-auf-lang-anhaltende-multikrise-ein\/#breadcrumb","itemListElement":[{"@type":"ListItem","position":1,"name":"Home","item":"https:\/\/www.organisator.ch\/"},{"@type":"ListItem","position":2,"name":"Europaweite Studie: Industrie stellt sich auf lang anhaltende Multikrise ein"}]},{"@type":"WebSite","@id":"https:\/\/www.organisator.ch\/#website","url":"https:\/\/www.organisator.ch\/","name":"Organizzatore","description":"Competente. Pratico. In 10 numeri all'anno, ORGANISATOR presenta i temi essenziali per i manager delle PMI.","publisher":{"@id":"https:\/\/www.organisator.ch\/#organization"},"potentialAction":[{"@type":"SearchAction","target":{"@type":"EntryPoint","urlTemplate":"https:\/\/www.organisator.ch\/?s={search_term_string}"},"query-input":{"@type":"PropertyValueSpecification","valueRequired":true,"valueName":"search_term_string"}}],"inLanguage":"it-IT"},{"@type":"Organization","@id":"https:\/\/www.organisator.ch\/#organization","name":"Organizzatore","url":"https:\/\/www.organisator.ch\/","logo":{"@type":"ImageObject","inLanguage":"it-IT","@id":"https:\/\/www.organisator.ch\/#\/schema\/logo\/image\/","url":"https:\/\/www.organisator.ch\/wp-content\/uploads\/2022\/01\/Logo_Organisator_Website.png","contentUrl":"https:\/\/www.organisator.ch\/wp-content\/uploads\/2022\/01\/Logo_Organisator_Website.png","width":800,"height":77,"caption":"Organisator"},"image":{"@id":"https:\/\/www.organisator.ch\/#\/schema\/logo\/image\/"},"sameAs":["https:\/\/www.facebook.com\/OrganisatorFachmagazin","https:\/\/www.linkedin.com\/showcase\/organisator-das-magazin-fr-kmu","https:\/\/www.xing.com\/news\/pages\/organisator-ch-695","https:\/\/www.youtube.com\/channel\/UCGP2Sq0iWaZwT3BdIAQFYpw"]},{"@type":"Person","@id":"https:\/\/www.organisator.ch\/#\/schema\/person\/6f650f90b2842cd4c0cc334b4e36f67e","name":"Tommaso.berner","image":{"@type":"ImageObject","inLanguage":"it-IT","@id":"https:\/\/secure.gravatar.com\/avatar\/ac5001d2a36cb6c6cd3e50789007ffca834b477b74a2144564522e944eabff61?s=96&d=mm&r=g","url":"https:\/\/secure.gravatar.com\/avatar\/ac5001d2a36cb6c6cd3e50789007ffca834b477b74a2144564522e944eabff61?s=96&d=mm&r=g","contentUrl":"https:\/\/secure.gravatar.com\/avatar\/ac5001d2a36cb6c6cd3e50789007ffca834b477b74a2144564522e944eabff61?s=96&d=mm&r=g","caption":"thomas.berner"},"url":"https:\/\/www.organisator.ch\/it\/author\/thomas-berner\/"}]}},"_links":{"self":[{"href":"https:\/\/www.organisator.ch\/it\/wp-json\/wp\/v2\/posts\/18438","targetHints":{"allow":["GET"]}}],"collection":[{"href":"https:\/\/www.organisator.ch\/it\/wp-json\/wp\/v2\/posts"}],"about":[{"href":"https:\/\/www.organisator.ch\/it\/wp-json\/wp\/v2\/types\/post"}],"author":[{"embeddable":true,"href":"https:\/\/www.organisator.ch\/it\/wp-json\/wp\/v2\/users\/4"}],"replies":[{"embeddable":true,"href":"https:\/\/www.organisator.ch\/it\/wp-json\/wp\/v2\/comments?post=18438"}],"version-history":[{"count":1,"href":"https:\/\/www.organisator.ch\/it\/wp-json\/wp\/v2\/posts\/18438\/revisions"}],"predecessor-version":[{"id":18440,"href":"https:\/\/www.organisator.ch\/it\/wp-json\/wp\/v2\/posts\/18438\/revisions\/18440"}],"wp:featuredmedia":[{"embeddable":true,"href":"https:\/\/www.organisator.ch\/it\/wp-json\/wp\/v2\/media\/18439"}],"wp:attachment":[{"href":"https:\/\/www.organisator.ch\/it\/wp-json\/wp\/v2\/media?parent=18438"}],"wp:term":[{"taxonomy":"category","embeddable":true,"href":"https:\/\/www.organisator.ch\/it\/wp-json\/wp\/v2\/categories?post=18438"},{"taxonomy":"post_tag","embeddable":true,"href":"https:\/\/www.organisator.ch\/it\/wp-json\/wp\/v2\/tags?post=18438"}],"curies":[{"name":"wp","href":"https:\/\/api.w.org\/{rel}","templated":true}]}}