{"id":18495,"date":"2023-01-16T16:43:40","date_gmt":"2023-01-16T15:43:40","guid":{"rendered":"https:\/\/www.m-q.ch\/?p=17425"},"modified":"2023-01-17T07:59:44","modified_gmt":"2023-01-17T06:59:44","slug":"helvetia-environnement-gruppe-erlangt-b-corp-zertifizierung","status":"publish","type":"post","link":"https:\/\/www.organisator.ch\/it\/sustainability\/2023-01-16\/helvetia-environnement-gruppe-erlangt-b-corp-zertifizierung\/","title":{"rendered":"Il Gruppo Helvetia Environnement ottiene la certificazione B Corp"},"content":{"rendered":"<figure id=\"attachment_17426\" class=\"wp-caption alignnone\" style=\"width: 680px;\" aria-describedby=\"caption-attachment-17426\"><img class=\"size-full wp-image-17426\" src=\"https:\/\/www.m-q.ch\/wp-content\/uploads\/2023\/01\/Helvetia-Environnement-Gruppe-erlangt-B-Corp-Zertifizierung_MQ.jpg\" sizes=\"(max-width: 680px) 100vw, 680px\" srcset=\"https:\/\/www.m-q.ch\/wp-content\/uploads\/2023\/01\/Helvetia-Environnement-Gruppe-erlangt-B-Corp-Zertifizierung_MQ.jpg 680w, https:\/\/www.m-q.ch\/wp-content\/uploads\/2023\/01\/Helvetia-Environnement-Gruppe-erlangt-B-Corp-Zertifizierung_MQ-18x12.jpg 18w, https:\/\/www.m-q.ch\/wp-content\/uploads\/2023\/01\/Helvetia-Environnement-Gruppe-erlangt-B-Corp-Zertifizierung_MQ-375x240.jpg 375w, https:\/\/www.m-q.ch\/wp-content\/uploads\/2023\/01\/Helvetia-Environnement-Gruppe-erlangt-B-Corp-Zertifizierung_MQ-546x350.jpg 546w\" alt=\"\" width=\"680\" height=\"436\" \/><figcaption id=\"caption-attachment-17426\" class=\"wp-caption-text\">Vincent Chapel, presidente del Gruppo Helvetia Environnement, che ha ottenuto con successo la certificazione B Corp. (Immagine: zVg \/ Helvetia Environnement)<\/figcaption><\/figure>\r\nAlla fine del 2022, il Gruppo Helvetia Environnement ha ottenuto la certificazione B Corp dopo un processo impegnativo. Helvetia Environnement impiega 560 persone, principalmente nella Svizzera occidentale, distribuite nelle sue varie filiali. L'azienda si occupa della gestione dei rifiuti per i comuni, il commercio e l'industria.\r\n<h3>Certificazione B Corp: passo fondamentale nella strategia di sviluppo sostenibile<\/h3>\r\nLe B Corps certificate sono aziende che dimostrano di soddisfare i pi\u00f9 alti standard di sostenibilit\u00e0 sociale e ambientale, di responsabilit\u00e0 legale d'impresa e di trasparenza pubblica. La certificazione \u00e8 rilasciata dall'organizzazione indipendente no-profit B Lab. Vincent Chapel, Presidente del Gruppo Helvetia Environnement, afferma: \"Questa certificazione \u00e8 un riconoscimento degli impegni assunti negli ultimi dieci anni. Inoltre, segna una nuova tappa nel nostro processo di miglioramento continuo, in termini di tutti i criteri della CSR. Siamo infatti convinti che il riciclo dei rifiuti abbia il suo posto nel cuore dell'economia circolare, ed \u00e8 per questo che dobbiamo continuare a impegnarci per ridurre il nostro impatto sull'ambiente.\"\r\n<h3>Ridurre l'impatto ambientale e puntare alla neutralit\u00e0 di CO2 entro il 2025.<\/h3>\r\nL'obiettivo della neutralit\u00e0 di CO2 \u00e8 fissato per il 2025. Fa parte della strategia del Gruppo Helvetia Environnement di ridurre le emissioni di CO2 di 50% entro il 2030 per gli Ambiti 1 e 2 secondo le raccomandazioni SBTi (Science-based Targets). Questo include le emissioni dirette di gas serra (generate dalle attivit\u00e0 dell'azienda) e quelle indirette (generate dal consumo di energia acquistata da terzi).\r\n<h3>Dieci anni di impegno e azione per lo sviluppo sostenibile<\/h3>\r\nQuesta certificazione conferma il ruolo pionieristico del Gruppo Helvetia Environnement, che negli ultimi dieci anni ha investito pi\u00f9 di 150 milioni di franchi svizzeri nelle sue attivit\u00e0 di riciclaggio in Svizzera. Suddivise in due piani quinquennali, queste misure proattive hanno incluso l'apertura di Sortera, il primo impianto di selezione dei rifiuti ad alte prestazioni nel cantone di Ginevra, e sforzi consistenti nell'area della mobilit\u00e0 con il rinnovo del parco veicoli e l'uso di energie alternative come i biocarburanti e le unit\u00e0 elettriche. In particolare, sul piano sociale \u00e8 stato introdotto un piano d'azione specifico per ridurre in modo significativo il numero di infortuni sul lavoro nei prossimi cinque anni. Dal punto di vista gestionale, gli azionisti hanno assunto un impegno sostenibile incorporando la missione del Gruppo nella sua forma giuridica, il che significa che tutti, a ogni livello dell'azienda, si impegnano per il bene comune.\r\n\r\n<em>Fonte: <a href=\"https:\/\/www.helvetia-environnement.ch\/\">Helvetia Ambiente<\/a><\/em>\n<p class=\"syndicated-attribution\">Questo articolo \u00e8 apparso originariamente su m-q.ch - <a href=\"https:\/\/www.m-q.ch\/de\/helvetia-environnement-gruppe-erlangt-b-corp-zertifizierung\/\" target=\"_blank\">https:\/\/www.m-q.ch\/de\/helvetia-environnement-gruppe-erlangt-b-corp-zertifizierung\/<\/a><\/p>","protected":false},"excerpt":{"rendered":"<p>Ende 2022 erhielt die Helvetia Environnement Gruppe die B Corp-Zertifizierung nach einem anspruchsvollen Prozess. Helvetia Environnement besch\u00e4ftigt 560 Mitarbeitende, vornehmlich in der Westschweiz, die auf ihre verschiedenen Tochtergesellschaften verteilt sind. Das Unternehmen betreibt Abfallmanagement f\u00fcr Gemeinden, Gewerbe und Industrie. B Corp-Zertifizierung: Schl\u00fcsselschritt in der nachhaltigen Entwicklungsstrategie Zertifizierte B Corps sind Unternehmen, die nachweislich h\u00f6chste Standards [\u2026]<\/p>\n","protected":false},"author":8,"featured_media":0,"comment_status":"closed","ping_status":"closed","sticky":false,"template":"","format":"standard","meta":{"_acf_changed":false,"_yoast_wpseo_focuskw":"B Corp Zertifizierung","_yoast_wpseo_metadesc":"Ende 2022 erhielt die Westschweizer Helvetia Environnement Gruppe die B Corp-Zertifizierung nach einem anspruchsvollen Prozess.","articlekey":"","footnotes":""},"categories":[580],"tags":[358,492,613],"class_list":["post-18495","post","type-post","status-publish","format-standard","hentry","category-sustainability","tag-nachhaltige-wirtschaft","tag-unternehmen","tag-zertifizierung"],"acf":[],"yoast_head":"<!-- This site is optimized with the Yoast SEO plugin v27.4 - https:\/\/yoast.com\/product\/yoast-seo-wordpress\/ -->\n<title>Helvetia Environnement Gruppe erlangt B Corp Zertifizierung - Organisator<\/title>\n<meta name=\"description\" content=\"Ende 2022 erhielt die Westschweizer Helvetia Environnement Gruppe die B Corp-Zertifizierung nach einem anspruchsvollen Prozess.\" \/>\n<meta name=\"robots\" content=\"index, follow, max-snippet:-1, max-image-preview:large, max-video-preview:-1\" \/>\n<link rel=\"canonical\" href=\"https:\/\/www.organisator.ch\/it\/sostenibilita\/2023-01-16\/helvetia-environnement-gruppe-erlangt-b-corp-zertifizierung\/\" \/>\n<meta property=\"og:locale\" content=\"it_IT\" \/>\n<meta property=\"og:type\" content=\"article\" \/>\n<meta property=\"og:title\" content=\"Helvetia Environnement Gruppe erlangt B Corp Zertifizierung - Organisator\" \/>\n<meta property=\"og:description\" content=\"Ende 2022 erhielt die Westschweizer Helvetia Environnement Gruppe die B Corp-Zertifizierung nach einem anspruchsvollen Prozess.\" \/>\n<meta property=\"og:url\" content=\"https:\/\/www.organisator.ch\/it\/sostenibilita\/2023-01-16\/helvetia-environnement-gruppe-erlangt-b-corp-zertifizierung\/\" \/>\n<meta property=\"og:site_name\" content=\"Organisator\" \/>\n<meta property=\"article:publisher\" content=\"https:\/\/www.facebook.com\/OrganisatorFachmagazin\" \/>\n<meta property=\"article:published_time\" content=\"2023-01-16T15:43:40+00:00\" \/>\n<meta property=\"article:modified_time\" content=\"2023-01-17T06:59:44+00:00\" \/>\n<meta property=\"og:image\" content=\"https:\/\/www.m-q.ch\/wp-content\/uploads\/2023\/01\/Helvetia-Environnement-Gruppe-erlangt-B-Corp-Zertifizierung_MQ.jpg\" \/>\n<meta name=\"author\" content=\"galledia\" \/>\n<meta name=\"twitter:card\" content=\"summary_large_image\" \/>\n<meta name=\"twitter:creator\" content=\"@admin\" \/>\n<script type=\"application\/ld+json\" class=\"yoast-schema-graph\">{\"@context\":\"https:\\\/\\\/schema.org\",\"@graph\":[{\"@type\":\"Article\",\"@id\":\"https:\\\/\\\/www.organisator.ch\\\/sustainability\\\/2023-01-16\\\/helvetia-environnement-gruppe-erlangt-b-corp-zertifizierung\\\/#article\",\"isPartOf\":{\"@id\":\"https:\\\/\\\/www.organisator.ch\\\/sustainability\\\/2023-01-16\\\/helvetia-environnement-gruppe-erlangt-b-corp-zertifizierung\\\/\"},\"author\":{\"name\":\"galledia\",\"@id\":\"https:\\\/\\\/www.organisator.ch\\\/#\\\/schema\\\/person\\\/4e51799071cd2dd1232ac003643ef5f0\"},\"headline\":\"Helvetia Environnement Gruppe erlangt B Corp Zertifizierung\",\"datePublished\":\"2023-01-16T15:43:40+00:00\",\"dateModified\":\"2023-01-17T06:59:44+00:00\",\"mainEntityOfPage\":{\"@id\":\"https:\\\/\\\/www.organisator.ch\\\/sustainability\\\/2023-01-16\\\/helvetia-environnement-gruppe-erlangt-b-corp-zertifizierung\\\/\"},\"wordCount\":409,\"publisher\":{\"@id\":\"https:\\\/\\\/www.organisator.ch\\\/#organization\"},\"image\":{\"@id\":\"https:\\\/\\\/www.organisator.ch\\\/sustainability\\\/2023-01-16\\\/helvetia-environnement-gruppe-erlangt-b-corp-zertifizierung\\\/#primaryimage\"},\"thumbnailUrl\":\"https:\\\/\\\/www.m-q.ch\\\/wp-content\\\/uploads\\\/2023\\\/01\\\/Helvetia-Environnement-Gruppe-erlangt-B-Corp-Zertifizierung_MQ.jpg\",\"keywords\":[\"Nachhaltige Wirtschaft\",\"Unternehmen\",\"Zertifizierung\"],\"articleSection\":[\"SUSTAINABILITY\"],\"inLanguage\":\"it-IT\"},{\"@type\":\"WebPage\",\"@id\":\"https:\\\/\\\/www.organisator.ch\\\/sustainability\\\/2023-01-16\\\/helvetia-environnement-gruppe-erlangt-b-corp-zertifizierung\\\/\",\"url\":\"https:\\\/\\\/www.organisator.ch\\\/sustainability\\\/2023-01-16\\\/helvetia-environnement-gruppe-erlangt-b-corp-zertifizierung\\\/\",\"name\":\"Helvetia Environnement Gruppe erlangt B Corp Zertifizierung - Organisator\",\"isPartOf\":{\"@id\":\"https:\\\/\\\/www.organisator.ch\\\/#website\"},\"primaryImageOfPage\":{\"@id\":\"https:\\\/\\\/www.organisator.ch\\\/sustainability\\\/2023-01-16\\\/helvetia-environnement-gruppe-erlangt-b-corp-zertifizierung\\\/#primaryimage\"},\"image\":{\"@id\":\"https:\\\/\\\/www.organisator.ch\\\/sustainability\\\/2023-01-16\\\/helvetia-environnement-gruppe-erlangt-b-corp-zertifizierung\\\/#primaryimage\"},\"thumbnailUrl\":\"https:\\\/\\\/www.m-q.ch\\\/wp-content\\\/uploads\\\/2023\\\/01\\\/Helvetia-Environnement-Gruppe-erlangt-B-Corp-Zertifizierung_MQ.jpg\",\"datePublished\":\"2023-01-16T15:43:40+00:00\",\"dateModified\":\"2023-01-17T06:59:44+00:00\",\"description\":\"Ende 2022 erhielt die Westschweizer Helvetia Environnement Gruppe die B Corp-Zertifizierung nach einem anspruchsvollen Prozess.\",\"breadcrumb\":{\"@id\":\"https:\\\/\\\/www.organisator.ch\\\/sustainability\\\/2023-01-16\\\/helvetia-environnement-gruppe-erlangt-b-corp-zertifizierung\\\/#breadcrumb\"},\"inLanguage\":\"it-IT\",\"potentialAction\":[{\"@type\":\"ReadAction\",\"target\":[\"https:\\\/\\\/www.organisator.ch\\\/sustainability\\\/2023-01-16\\\/helvetia-environnement-gruppe-erlangt-b-corp-zertifizierung\\\/\"]}]},{\"@type\":\"ImageObject\",\"inLanguage\":\"it-IT\",\"@id\":\"https:\\\/\\\/www.organisator.ch\\\/sustainability\\\/2023-01-16\\\/helvetia-environnement-gruppe-erlangt-b-corp-zertifizierung\\\/#primaryimage\",\"url\":\"https:\\\/\\\/www.m-q.ch\\\/wp-content\\\/uploads\\\/2023\\\/01\\\/Helvetia-Environnement-Gruppe-erlangt-B-Corp-Zertifizierung_MQ.jpg\",\"contentUrl\":\"https:\\\/\\\/www.m-q.ch\\\/wp-content\\\/uploads\\\/2023\\\/01\\\/Helvetia-Environnement-Gruppe-erlangt-B-Corp-Zertifizierung_MQ.jpg\"},{\"@type\":\"BreadcrumbList\",\"@id\":\"https:\\\/\\\/www.organisator.ch\\\/sustainability\\\/2023-01-16\\\/helvetia-environnement-gruppe-erlangt-b-corp-zertifizierung\\\/#breadcrumb\",\"itemListElement\":[{\"@type\":\"ListItem\",\"position\":1,\"name\":\"Home\",\"item\":\"https:\\\/\\\/www.organisator.ch\\\/\"},{\"@type\":\"ListItem\",\"position\":2,\"name\":\"Helvetia Environnement Gruppe erlangt B Corp Zertifizierung\"}]},{\"@type\":\"WebSite\",\"@id\":\"https:\\\/\\\/www.organisator.ch\\\/#website\",\"url\":\"https:\\\/\\\/www.organisator.ch\\\/\",\"name\":\"Organisator\",\"description\":\"Kompetent. Praxisnah. Der ORGANISATOR bereitet in 10 Ausgaben pro Jahr die wesentlichen Themen f\u00fcr F\u00fchrungskr\u00e4fte von KMU auf.\",\"publisher\":{\"@id\":\"https:\\\/\\\/www.organisator.ch\\\/#organization\"},\"potentialAction\":[{\"@type\":\"SearchAction\",\"target\":{\"@type\":\"EntryPoint\",\"urlTemplate\":\"https:\\\/\\\/www.organisator.ch\\\/?s={search_term_string}\"},\"query-input\":{\"@type\":\"PropertyValueSpecification\",\"valueRequired\":true,\"valueName\":\"search_term_string\"}}],\"inLanguage\":\"it-IT\"},{\"@type\":\"Organization\",\"@id\":\"https:\\\/\\\/www.organisator.ch\\\/#organization\",\"name\":\"Organisator\",\"url\":\"https:\\\/\\\/www.organisator.ch\\\/\",\"logo\":{\"@type\":\"ImageObject\",\"inLanguage\":\"it-IT\",\"@id\":\"https:\\\/\\\/www.organisator.ch\\\/#\\\/schema\\\/logo\\\/image\\\/\",\"url\":\"https:\\\/\\\/www.organisator.ch\\\/wp-content\\\/uploads\\\/2022\\\/01\\\/Logo_Organisator_Website.png\",\"contentUrl\":\"https:\\\/\\\/www.organisator.ch\\\/wp-content\\\/uploads\\\/2022\\\/01\\\/Logo_Organisator_Website.png\",\"width\":800,\"height\":77,\"caption\":\"Organisator\"},\"image\":{\"@id\":\"https:\\\/\\\/www.organisator.ch\\\/#\\\/schema\\\/logo\\\/image\\\/\"},\"sameAs\":[\"https:\\\/\\\/www.facebook.com\\\/OrganisatorFachmagazin\",\"https:\\\/\\\/www.linkedin.com\\\/showcase\\\/organisator-das-magazin-fr-kmu\",\"https:\\\/\\\/www.xing.com\\\/news\\\/pages\\\/organisator-ch-695\",\"https:\\\/\\\/www.youtube.com\\\/channel\\\/UCGP2Sq0iWaZwT3BdIAQFYpw\"]},{\"@type\":\"Person\",\"@id\":\"https:\\\/\\\/www.organisator.ch\\\/#\\\/schema\\\/person\\\/4e51799071cd2dd1232ac003643ef5f0\",\"name\":\"galledia\",\"image\":{\"@type\":\"ImageObject\",\"inLanguage\":\"it-IT\",\"@id\":\"https:\\\/\\\/secure.gravatar.com\\\/avatar\\\/78a7f90c01fc2bfc875782a0d4922b37cde2cf184ce347b91316d23cd7f69a36?s=96&d=mm&r=g\",\"url\":\"https:\\\/\\\/secure.gravatar.com\\\/avatar\\\/78a7f90c01fc2bfc875782a0d4922b37cde2cf184ce347b91316d23cd7f69a36?s=96&d=mm&r=g\",\"contentUrl\":\"https:\\\/\\\/secure.gravatar.com\\\/avatar\\\/78a7f90c01fc2bfc875782a0d4922b37cde2cf184ce347b91316d23cd7f69a36?s=96&d=mm&r=g\",\"caption\":\"galledia\"},\"sameAs\":[\"https:\\\/\\\/x.com\\\/admin\"],\"url\":\"https:\\\/\\\/www.organisator.ch\\\/it\\\/author\\\/galledia\\\/\"}]}<\/script>\n<!-- \/ Yoast SEO plugin. -->","yoast_head_json":{"title":"Il Gruppo Helvetia Environnement ottiene la certificazione B Corp - Organizzatore","description":"Alla fine del 2022, il Gruppo Helvetia Environnement della Svizzera occidentale ha ricevuto la certificazione B Corp dopo un processo impegnativo.","robots":{"index":"index","follow":"follow","max-snippet":"max-snippet:-1","max-image-preview":"max-image-preview:large","max-video-preview":"max-video-preview:-1"},"canonical":"https:\/\/www.organisator.ch\/it\/sostenibilita\/2023-01-16\/helvetia-environnement-gruppe-erlangt-b-corp-zertifizierung\/","og_locale":"it_IT","og_type":"article","og_title":"Helvetia Environnement Gruppe erlangt B Corp Zertifizierung - Organisator","og_description":"Ende 2022 erhielt die Westschweizer Helvetia Environnement Gruppe die B Corp-Zertifizierung nach einem anspruchsvollen Prozess.","og_url":"https:\/\/www.organisator.ch\/it\/sostenibilita\/2023-01-16\/helvetia-environnement-gruppe-erlangt-b-corp-zertifizierung\/","og_site_name":"Organisator","article_publisher":"https:\/\/www.facebook.com\/OrganisatorFachmagazin","article_published_time":"2023-01-16T15:43:40+00:00","article_modified_time":"2023-01-17T06:59:44+00:00","og_image":[{"url":"https:\/\/www.m-q.ch\/wp-content\/uploads\/2023\/01\/Helvetia-Environnement-Gruppe-erlangt-B-Corp-Zertifizierung_MQ.jpg","type":"","width":"","height":""}],"author":"galledia","twitter_card":"summary_large_image","twitter_creator":"@admin","schema":{"@context":"https:\/\/schema.org","@graph":[{"@type":"Article","@id":"https:\/\/www.organisator.ch\/sustainability\/2023-01-16\/helvetia-environnement-gruppe-erlangt-b-corp-zertifizierung\/#article","isPartOf":{"@id":"https:\/\/www.organisator.ch\/sustainability\/2023-01-16\/helvetia-environnement-gruppe-erlangt-b-corp-zertifizierung\/"},"author":{"name":"galledia","@id":"https:\/\/www.organisator.ch\/#\/schema\/person\/4e51799071cd2dd1232ac003643ef5f0"},"headline":"Helvetia Environnement Gruppe erlangt B Corp Zertifizierung","datePublished":"2023-01-16T15:43:40+00:00","dateModified":"2023-01-17T06:59:44+00:00","mainEntityOfPage":{"@id":"https:\/\/www.organisator.ch\/sustainability\/2023-01-16\/helvetia-environnement-gruppe-erlangt-b-corp-zertifizierung\/"},"wordCount":409,"publisher":{"@id":"https:\/\/www.organisator.ch\/#organization"},"image":{"@id":"https:\/\/www.organisator.ch\/sustainability\/2023-01-16\/helvetia-environnement-gruppe-erlangt-b-corp-zertifizierung\/#primaryimage"},"thumbnailUrl":"https:\/\/www.m-q.ch\/wp-content\/uploads\/2023\/01\/Helvetia-Environnement-Gruppe-erlangt-B-Corp-Zertifizierung_MQ.jpg","keywords":["Nachhaltige Wirtschaft","Unternehmen","Zertifizierung"],"articleSection":["SUSTAINABILITY"],"inLanguage":"it-IT"},{"@type":"WebPage","@id":"https:\/\/www.organisator.ch\/sustainability\/2023-01-16\/helvetia-environnement-gruppe-erlangt-b-corp-zertifizierung\/","url":"https:\/\/www.organisator.ch\/sustainability\/2023-01-16\/helvetia-environnement-gruppe-erlangt-b-corp-zertifizierung\/","name":"Il Gruppo Helvetia Environnement ottiene la certificazione B Corp - Organizzatore","isPartOf":{"@id":"https:\/\/www.organisator.ch\/#website"},"primaryImageOfPage":{"@id":"https:\/\/www.organisator.ch\/sustainability\/2023-01-16\/helvetia-environnement-gruppe-erlangt-b-corp-zertifizierung\/#primaryimage"},"image":{"@id":"https:\/\/www.organisator.ch\/sustainability\/2023-01-16\/helvetia-environnement-gruppe-erlangt-b-corp-zertifizierung\/#primaryimage"},"thumbnailUrl":"https:\/\/www.m-q.ch\/wp-content\/uploads\/2023\/01\/Helvetia-Environnement-Gruppe-erlangt-B-Corp-Zertifizierung_MQ.jpg","datePublished":"2023-01-16T15:43:40+00:00","dateModified":"2023-01-17T06:59:44+00:00","description":"Alla fine del 2022, il Gruppo Helvetia Environnement della Svizzera occidentale ha ricevuto la certificazione B Corp dopo un processo impegnativo.","breadcrumb":{"@id":"https:\/\/www.organisator.ch\/sustainability\/2023-01-16\/helvetia-environnement-gruppe-erlangt-b-corp-zertifizierung\/#breadcrumb"},"inLanguage":"it-IT","potentialAction":[{"@type":"ReadAction","target":["https:\/\/www.organisator.ch\/sustainability\/2023-01-16\/helvetia-environnement-gruppe-erlangt-b-corp-zertifizierung\/"]}]},{"@type":"ImageObject","inLanguage":"it-IT","@id":"https:\/\/www.organisator.ch\/sustainability\/2023-01-16\/helvetia-environnement-gruppe-erlangt-b-corp-zertifizierung\/#primaryimage","url":"https:\/\/www.m-q.ch\/wp-content\/uploads\/2023\/01\/Helvetia-Environnement-Gruppe-erlangt-B-Corp-Zertifizierung_MQ.jpg","contentUrl":"https:\/\/www.m-q.ch\/wp-content\/uploads\/2023\/01\/Helvetia-Environnement-Gruppe-erlangt-B-Corp-Zertifizierung_MQ.jpg"},{"@type":"BreadcrumbList","@id":"https:\/\/www.organisator.ch\/sustainability\/2023-01-16\/helvetia-environnement-gruppe-erlangt-b-corp-zertifizierung\/#breadcrumb","itemListElement":[{"@type":"ListItem","position":1,"name":"Home","item":"https:\/\/www.organisator.ch\/"},{"@type":"ListItem","position":2,"name":"Helvetia Environnement Gruppe erlangt B Corp Zertifizierung"}]},{"@type":"WebSite","@id":"https:\/\/www.organisator.ch\/#website","url":"https:\/\/www.organisator.ch\/","name":"Organizzatore","description":"Competente. Pratico. In 10 numeri all'anno, ORGANISATOR presenta i temi essenziali per i manager delle PMI.","publisher":{"@id":"https:\/\/www.organisator.ch\/#organization"},"potentialAction":[{"@type":"SearchAction","target":{"@type":"EntryPoint","urlTemplate":"https:\/\/www.organisator.ch\/?s={search_term_string}"},"query-input":{"@type":"PropertyValueSpecification","valueRequired":true,"valueName":"search_term_string"}}],"inLanguage":"it-IT"},{"@type":"Organization","@id":"https:\/\/www.organisator.ch\/#organization","name":"Organizzatore","url":"https:\/\/www.organisator.ch\/","logo":{"@type":"ImageObject","inLanguage":"it-IT","@id":"https:\/\/www.organisator.ch\/#\/schema\/logo\/image\/","url":"https:\/\/www.organisator.ch\/wp-content\/uploads\/2022\/01\/Logo_Organisator_Website.png","contentUrl":"https:\/\/www.organisator.ch\/wp-content\/uploads\/2022\/01\/Logo_Organisator_Website.png","width":800,"height":77,"caption":"Organisator"},"image":{"@id":"https:\/\/www.organisator.ch\/#\/schema\/logo\/image\/"},"sameAs":["https:\/\/www.facebook.com\/OrganisatorFachmagazin","https:\/\/www.linkedin.com\/showcase\/organisator-das-magazin-fr-kmu","https:\/\/www.xing.com\/news\/pages\/organisator-ch-695","https:\/\/www.youtube.com\/channel\/UCGP2Sq0iWaZwT3BdIAQFYpw"]},{"@type":"Person","@id":"https:\/\/www.organisator.ch\/#\/schema\/person\/4e51799071cd2dd1232ac003643ef5f0","name":"galledia","image":{"@type":"ImageObject","inLanguage":"it-IT","@id":"https:\/\/secure.gravatar.com\/avatar\/78a7f90c01fc2bfc875782a0d4922b37cde2cf184ce347b91316d23cd7f69a36?s=96&d=mm&r=g","url":"https:\/\/secure.gravatar.com\/avatar\/78a7f90c01fc2bfc875782a0d4922b37cde2cf184ce347b91316d23cd7f69a36?s=96&d=mm&r=g","contentUrl":"https:\/\/secure.gravatar.com\/avatar\/78a7f90c01fc2bfc875782a0d4922b37cde2cf184ce347b91316d23cd7f69a36?s=96&d=mm&r=g","caption":"galledia"},"sameAs":["https:\/\/x.com\/admin"],"url":"https:\/\/www.organisator.ch\/it\/author\/galledia\/"}]}},"_links":{"self":[{"href":"https:\/\/www.organisator.ch\/it\/wp-json\/wp\/v2\/posts\/18495","targetHints":{"allow":["GET"]}}],"collection":[{"href":"https:\/\/www.organisator.ch\/it\/wp-json\/wp\/v2\/posts"}],"about":[{"href":"https:\/\/www.organisator.ch\/it\/wp-json\/wp\/v2\/types\/post"}],"author":[{"embeddable":true,"href":"https:\/\/www.organisator.ch\/it\/wp-json\/wp\/v2\/users\/8"}],"replies":[{"embeddable":true,"href":"https:\/\/www.organisator.ch\/it\/wp-json\/wp\/v2\/comments?post=18495"}],"version-history":[{"count":4,"href":"https:\/\/www.organisator.ch\/it\/wp-json\/wp\/v2\/posts\/18495\/revisions"}],"predecessor-version":[{"id":18501,"href":"https:\/\/www.organisator.ch\/it\/wp-json\/wp\/v2\/posts\/18495\/revisions\/18501"}],"wp:attachment":[{"href":"https:\/\/www.organisator.ch\/it\/wp-json\/wp\/v2\/media?parent=18495"}],"wp:term":[{"taxonomy":"category","embeddable":true,"href":"https:\/\/www.organisator.ch\/it\/wp-json\/wp\/v2\/categories?post=18495"},{"taxonomy":"post_tag","embeddable":true,"href":"https:\/\/www.organisator.ch\/it\/wp-json\/wp\/v2\/tags?post=18495"}],"curies":[{"name":"wp","href":"https:\/\/api.w.org\/{rel}","templated":true}]}}