{"id":18511,"date":"2023-01-17T13:17:46","date_gmt":"2023-01-17T12:17:46","guid":{"rendered":"https:\/\/www.m-q.ch\/?p=17428"},"modified":"2024-11-19T10:15:27","modified_gmt":"2024-11-19T09:15:27","slug":"allianz-risk-barometer-2023-energiekrise-als-aufsteiger-des-jahres","status":"publish","type":"post","link":"https:\/\/www.organisator.ch\/it\/operational-excellence\/2023-01-17\/allianz-risk-barometer-2023-energiekrise-als-aufsteiger-des-jahres\/","title":{"rendered":"Barometro del rischio Allianz 2023: Crisi energetica come \"Stella nascente dell'anno"},"content":{"rendered":"<figure id=\"attachment_17429\" class=\"wp-caption alignnone\" style=\"width: 680px\" aria-describedby=\"caption-attachment-17429\"><img class=\"alignnone wp-image-17429 size-full\" src=\"https:\/\/www.m-q.ch\/wp-content\/uploads\/2023\/01\/Allianz-Risk-Barometer-2023-Energiekrise-als-Aufsteiger-des-Jahres-1_MQ.jpg\" alt=\"Barometro del rischio Allianz\" width=\"680\" height=\"469\" \/>\r\n<figcaption id=\"caption-attachment-17429\" class=\"wp-caption-text\">L'attuale \"hit parade\" dei rischi globali. (Immagine: AGCS)<\/figcaption>\r\n<\/figure>\r\n<p>Il Barometro dei rischi Allianz 2023 \u00e8 caratterizzato da continuit\u00e0 e cambiamento: gli incidenti informatici e le interruzioni dell'attivit\u00e0 sono considerati nel<a href=\"https:\/\/www.m-q.ch\/de\/top-risiken-cyber-ist-in-unternehmen-die-hauptsorge\/\"> Secondo anno consecutivo<\/a> come i maggiori rischi aziendali a livello mondiale (entrambi con 34% di risposte). Seguono al terzo posto gli sviluppi macroeconomici come l'inflazione, la volatilit\u00e0 dei mercati finanziari e la minaccia di una recessione. In Svizzera, la crisi energetica in particolare sta causando sempre pi\u00f9 grattacapi alle aziende, con un rischio che si colloca al secondo posto con 48% - davanti all'interruzione dell'attivit\u00e0, che \u00e8 stata in cima alla classifica per molti anni. Per contro, sia le catastrofi naturali (dal 3\u00b0 al 6\u00b0 posto) sia i rischi legati al cambiamento climatico (dal 6\u00b0 al 7\u00b0 posto) sono scesi nella classifica mondiale. Lo stesso vale per lo scoppio di una pandemia (dal 4\u00b0 al 13\u00b0 posto) - con la disponibilit\u00e0 di vaccini, le restrizioni della Covid-19 sono state in gran parte abolite nella maggior parte dei Paesi. I rischi politici e la violenza sono saliti al 10\u00b0 posto, mentre la carenza di manodopera qualificata \u00e8 salita all'8\u00b0 posto. I cambiamenti legislativi e normativi rimangono un rischio rilevante al 5\u00b0 posto, mentre gli incendi\/esplosioni scendono di due posizioni al 9\u00b0 posto.<\/p>\r\n<h3>Incidenti informatici in Svizzera ancora una volta al primo posto<\/h3>\r\n<p>Per quanto riguarda la Svizzera, le preoccupazioni per gli incidenti informatici guidano la classifica, come nell'anno precedente, con 57% di risposte. Tuttavia, anche le discussioni sulla carenza di elettricit\u00e0 non hanno mancato di avere un impatto: i rischi energetici sono entrati nell'Allianz Risk Barometer come nuova categoria al secondo posto con 48%. L'interruzione dell'attivit\u00e0, per molti anni la principale preoccupazione delle aziende, \u00e8 scesa al terzo posto con 41% di risposte. I rischi politici e la violenza, un'altra nuova categoria, sono gi\u00e0 al quarto posto (20%), seguiti dai cambiamenti legislativi e normativi (18%) e dalle catastrofi naturali (18%). All'altro capo della scala, la paura delle conseguenze del cambiamento climatico \u00e8 al 10\u00b0 posto, mentre lo scoppio di una pandemia non rientra pi\u00f9 nella top 10 dei maggiori rischi aziendali in Svizzera.<\/p>\r\n<figure id=\"attachment_17430\" class=\"wp-caption alignnone\" style=\"width: 680px\" aria-describedby=\"caption-attachment-17430\"><img class=\"size-full wp-image-17430\" src=\"https:\/\/www.m-q.ch\/wp-content\/uploads\/2023\/01\/Allianz-Risk-Barometer-2023-Energiekrise-als-Aufsteiger-des-Jahres-2_MQ.jpg\" alt=\"\" width=\"680\" height=\"464\" \/>\r\n<figcaption id=\"caption-attachment-17430\" class=\"wp-caption-text\">I 10 rischi principali per le aziende svizzere. (Grafico: AGCS)<\/figcaption>\r\n<\/figure>\r\n<h3>L'Allianz Risk Barometer 2023 mostra le aziende in permacrisi<\/h3>\r\n<p>Joachim M\u00fcller, CEO dell'AGCS, commenta i risultati: \"Per il secondo anno consecutivo, l'Allianz Risk Barometer mostra che le aziende si considerano attualmente pi\u00f9 esposte al rischio di incidenti informatici e interruzioni dell'attivit\u00e0. Allo stesso tempo, considerano l'inflazione, la minaccia di recessione e la crisi energetica come una minaccia immediata per la loro attivit\u00e0. Le aziende, soprattutto in Europa e negli Stati Uniti, sono preoccupate per la \"perma-crisi\" in corso, dovuta alle conseguenze della pandemia e all'impatto economico e politico della guerra in corso in Ucraina. La situazione attuale \u00e8 uno stress test per ogni azienda. La notizia positiva \u00e8 che, come assicuratori, stiamo assistendo a continui miglioramenti nella resilienza e nella gestione del rischio presso molti dei nostri clienti. Molte aziende hanno reso pi\u00f9 robuste le loro catene di approvvigionamento, sono meglio attrezzate per affrontare le interruzioni dell'attivit\u00e0 e hanno rafforzato i controlli informatici. Diventare pi\u00f9 resilienti e gestire meglio il rischio \u00e8 stato un compito fondamentale per molte organizzazioni negli ultimi anni\".<\/p>\r\n<h3>Minacce digitali e dirompenti<\/h3>\r\n<p>Per il secondo anno consecutivo, gli incidenti informatici, come interruzioni dell'attivit\u00e0 IT, attacchi ransomware o violazioni dei dati, sono stati classificati come il rischio principale a livello globale. In 19 Paesi, tra cui Canada, Francia, Giappone, India e Regno Unito, questo rischio \u00e8 al primo posto ed \u00e8 quello che preoccupa maggiormente le piccole imprese (&lt;250 milioni di fatturato annuo $).<\/p>\r\n<p>\"Per molte organizzazioni, la minaccia di attacchi informatici rimane pi\u00f9 grande che mai e le richieste di risarcimento per la cyberassicurazione rimangono ad un livello elevato. Le grandi aziende sono ormai abituate a essere prese di mira e quelle che dispongono di un adeguato livello di sicurezza informatica sono in grado di respingere la maggior parte degli attacchi. Tuttavia, anche le piccole e medie imprese sono sempre pi\u00f9 colpite. Esse tendono a sottovalutare la loro esposizione e dovrebbero investire costantemente nel rafforzamento delle loro difese informatiche\", sottolinea Shanil Williams, membro del consiglio di amministrazione di AGCS e Chief Underwriting Officer Corporate.<\/p>\r\n<h3>Malessere macroeconomico<\/h3>\r\n<p>Gli sviluppi macroeconomici, come l'inflazione o la volatilit\u00e0 dei mercati economici e finanziari, sono al terzo posto tra i rischi pi\u00f9 importanti per le aziende di tutto il mondo nell'Allianz Risk Barometer 2023 (25 % di risposte), in crescita rispetto al 10\u00b0 posto del 2022. \u00c8 la prima volta in un decennio che questo rischio \"entra\" nella top 3. Tutte e tre le principali economie - Stati Uniti (USA), Cina ed Europa - sono contemporaneamente in crisi economica, anche se per motivi diversi, secondo il team di Allianz Research, che prevede una recessione in Europa e negli USA nel 2023. L'inflazione \u00e8 particolarmente preoccupante, in quanto sta \"mangiando\" la struttura dei prezzi e i margini di molte aziende. Come l'economia reale, anche i mercati finanziari si trovano ad affrontare un anno difficile, poich\u00e9 le banche centrali ritirano la liquidit\u00e0 in eccesso dall'intero sistema e i volumi di trading diminuiscono anche nei mercati storicamente liquidi.<\/p>\r\n<p>\"Il 2023 sar\u00e0 un anno impegnativo; in termini puramente economici, \u00e8 probabile che sia letteralmente un anno da dimenticare per molte famiglie e aziende. Tuttavia, non c'\u00e8 motivo di disperare\", afferma Ludovic Subran, Chief Economist di Allianz. \"Innanzitutto, l'inversione di tendenza dei tassi d'interesse sta aiutando, non da ultimo a beneficio di milioni di risparmiatori. Anche le prospettive a medio termine sono molto migliori, nonostante - o forse proprio a causa - della crisi energetica. Le conseguenze che vanno oltre la recessione prevista per il 2023 stanno gi\u00e0 diventando evidenti: una ristrutturazione forzata dell'economia verso la decarbonizzazione e una maggiore consapevolezza del rischio in tutti i settori della societ\u00e0, che rafforza la resilienza sociale ed economica.\"<\/p>\r\n<p><em>Fonte e ulteriori informazioni: <a href=\"http:\/\/www.agcs.allianz.com\/\">http:\/\/www.agcs.allianz.com<\/a><\/em><\/p>\n<p class=\"syndicated-attribution\">Questo articolo \u00e8 apparso originariamente su m-q.ch - <a href=\"https:\/\/www.m-q.ch\/de\/allianz-risk-barometer-2023-energiekrise-als-aufsteiger-des-jahres\/\" target=\"_blank\">https:\/\/www.m-q.ch\/de\/allianz-risk-barometer-2023-energiekrise-als-aufsteiger-des-jahres\/<\/a><\/p>","protected":false},"excerpt":{"rendered":"<p>Das Allianz Risk Barometer 2023 steht im Zeichen von Kontinuit\u00e4t und Ver\u00e4nderung: Cybervorf\u00e4lle und Betriebsunterbrechungen gelten im zweiten Jahr in Folge als die gr\u00f6ssten Gesch\u00e4ftsrisiken weltweit (beide mit 34% aller Antworten). Ihnen folgen auf Platz 3 Makro\u00f6konomische Entwicklungen wie Inflation, Finanzmarktvolatilit\u00e4t und eine drohende Rezession. In der Schweiz bereitet vor allem die Energiekrise den Unternehmen [\u2026]<\/p>\n","protected":false},"author":8,"featured_media":0,"comment_status":"closed","ping_status":"closed","sticky":false,"template":"","format":"standard","meta":{"_acf_changed":false,"_yoast_wpseo_focuskw":"Allianz Risk Barometer","_yoast_wpseo_metadesc":"Allianz Risk Barometer 2023: Cybervorf\u00e4lle, Betriebsunterbrechungen und Energiekrise als gr\u00f6\u00dfte Risiken f\u00fcr Unternehmen.","articlekey":"","footnotes":""},"categories":[582],"tags":[3590],"class_list":["post-18511","post","type-post","status-publish","format-standard","hentry","category-operational-excellence","tag-risk-barometer"],"acf":[],"yoast_head":"<!-- This site is optimized with the Yoast SEO plugin v27.5 - https:\/\/yoast.com\/product\/yoast-seo-wordpress\/ -->\n<title>Allianz Risk Barometer 2023: Energiekrise als \u201eAufsteiger des Jahres\u201c - Organisator<\/title>\n<meta name=\"description\" content=\"Allianz Risk Barometer 2023: Cybervorf\u00e4lle, Betriebsunterbrechungen und Energiekrise als gr\u00f6\u00dfte Risiken f\u00fcr Unternehmen.\" \/>\n<meta name=\"robots\" content=\"index, follow, max-snippet:-1, max-image-preview:large, max-video-preview:-1\" \/>\n<link rel=\"canonical\" href=\"https:\/\/www.organisator.ch\/it\/eccellenza-operativa\/2023-01-17\/allianz-risk-barometer-2023-energiekrise-als-aufsteiger-des-jahres\/\" \/>\n<meta property=\"og:locale\" content=\"it_IT\" \/>\n<meta property=\"og:type\" content=\"article\" \/>\n<meta property=\"og:title\" content=\"Allianz Risk Barometer 2023: Energiekrise als \u201eAufsteiger des Jahres\u201c - Organisator\" \/>\n<meta property=\"og:description\" content=\"Allianz Risk Barometer 2023: Cybervorf\u00e4lle, Betriebsunterbrechungen und Energiekrise als gr\u00f6\u00dfte Risiken f\u00fcr Unternehmen.\" \/>\n<meta property=\"og:url\" content=\"https:\/\/www.organisator.ch\/it\/eccellenza-operativa\/2023-01-17\/allianz-risk-barometer-2023-energiekrise-als-aufsteiger-des-jahres\/\" \/>\n<meta property=\"og:site_name\" content=\"Organisator\" \/>\n<meta property=\"article:publisher\" content=\"https:\/\/www.facebook.com\/OrganisatorFachmagazin\" \/>\n<meta property=\"article:published_time\" content=\"2023-01-17T12:17:46+00:00\" \/>\n<meta property=\"article:modified_time\" content=\"2024-11-19T09:15:27+00:00\" \/>\n<meta name=\"author\" content=\"galledia\" \/>\n<meta name=\"twitter:card\" content=\"summary_large_image\" \/>\n<meta name=\"twitter:creator\" content=\"@admin\" \/>\n<script type=\"application\/ld+json\" class=\"yoast-schema-graph\">{\"@context\":\"https:\\\/\\\/schema.org\",\"@graph\":[{\"@type\":\"Article\",\"@id\":\"https:\\\/\\\/www.organisator.ch\\\/operational-excellence\\\/2023-01-17\\\/allianz-risk-barometer-2023-energiekrise-als-aufsteiger-des-jahres\\\/#article\",\"isPartOf\":{\"@id\":\"https:\\\/\\\/www.organisator.ch\\\/operational-excellence\\\/2023-01-17\\\/allianz-risk-barometer-2023-energiekrise-als-aufsteiger-des-jahres\\\/\"},\"author\":{\"name\":\"galledia\",\"@id\":\"https:\\\/\\\/www.organisator.ch\\\/#\\\/schema\\\/person\\\/4e51799071cd2dd1232ac003643ef5f0\"},\"headline\":\"Allianz Risk Barometer 2023: Energiekrise als \u201eAufsteiger des Jahres\u201c\",\"datePublished\":\"2023-01-17T12:17:46+00:00\",\"dateModified\":\"2024-11-19T09:15:27+00:00\",\"mainEntityOfPage\":{\"@id\":\"https:\\\/\\\/www.organisator.ch\\\/operational-excellence\\\/2023-01-17\\\/allianz-risk-barometer-2023-energiekrise-als-aufsteiger-des-jahres\\\/\"},\"wordCount\":909,\"publisher\":{\"@id\":\"https:\\\/\\\/www.organisator.ch\\\/#organization\"},\"image\":{\"@id\":\"https:\\\/\\\/www.organisator.ch\\\/operational-excellence\\\/2023-01-17\\\/allianz-risk-barometer-2023-energiekrise-als-aufsteiger-des-jahres\\\/#primaryimage\"},\"thumbnailUrl\":\"https:\\\/\\\/www.m-q.ch\\\/wp-content\\\/uploads\\\/2023\\\/01\\\/Allianz-Risk-Barometer-2023-Energiekrise-als-Aufsteiger-des-Jahres-1_MQ.jpg\",\"keywords\":[\"Risk Barometer\"],\"articleSection\":[\"OPERATIONAL EXCELLENCE\"],\"inLanguage\":\"it-IT\"},{\"@type\":\"WebPage\",\"@id\":\"https:\\\/\\\/www.organisator.ch\\\/operational-excellence\\\/2023-01-17\\\/allianz-risk-barometer-2023-energiekrise-als-aufsteiger-des-jahres\\\/\",\"url\":\"https:\\\/\\\/www.organisator.ch\\\/operational-excellence\\\/2023-01-17\\\/allianz-risk-barometer-2023-energiekrise-als-aufsteiger-des-jahres\\\/\",\"name\":\"Allianz Risk Barometer 2023: Energiekrise als \u201eAufsteiger des Jahres\u201c - Organisator\",\"isPartOf\":{\"@id\":\"https:\\\/\\\/www.organisator.ch\\\/#website\"},\"primaryImageOfPage\":{\"@id\":\"https:\\\/\\\/www.organisator.ch\\\/operational-excellence\\\/2023-01-17\\\/allianz-risk-barometer-2023-energiekrise-als-aufsteiger-des-jahres\\\/#primaryimage\"},\"image\":{\"@id\":\"https:\\\/\\\/www.organisator.ch\\\/operational-excellence\\\/2023-01-17\\\/allianz-risk-barometer-2023-energiekrise-als-aufsteiger-des-jahres\\\/#primaryimage\"},\"thumbnailUrl\":\"https:\\\/\\\/www.m-q.ch\\\/wp-content\\\/uploads\\\/2023\\\/01\\\/Allianz-Risk-Barometer-2023-Energiekrise-als-Aufsteiger-des-Jahres-1_MQ.jpg\",\"datePublished\":\"2023-01-17T12:17:46+00:00\",\"dateModified\":\"2024-11-19T09:15:27+00:00\",\"description\":\"Allianz Risk Barometer 2023: Cybervorf\u00e4lle, Betriebsunterbrechungen und Energiekrise als gr\u00f6\u00dfte Risiken f\u00fcr Unternehmen.\",\"breadcrumb\":{\"@id\":\"https:\\\/\\\/www.organisator.ch\\\/operational-excellence\\\/2023-01-17\\\/allianz-risk-barometer-2023-energiekrise-als-aufsteiger-des-jahres\\\/#breadcrumb\"},\"inLanguage\":\"it-IT\",\"potentialAction\":[{\"@type\":\"ReadAction\",\"target\":[\"https:\\\/\\\/www.organisator.ch\\\/operational-excellence\\\/2023-01-17\\\/allianz-risk-barometer-2023-energiekrise-als-aufsteiger-des-jahres\\\/\"]}]},{\"@type\":\"ImageObject\",\"inLanguage\":\"it-IT\",\"@id\":\"https:\\\/\\\/www.organisator.ch\\\/operational-excellence\\\/2023-01-17\\\/allianz-risk-barometer-2023-energiekrise-als-aufsteiger-des-jahres\\\/#primaryimage\",\"url\":\"https:\\\/\\\/www.m-q.ch\\\/wp-content\\\/uploads\\\/2023\\\/01\\\/Allianz-Risk-Barometer-2023-Energiekrise-als-Aufsteiger-des-Jahres-1_MQ.jpg\",\"contentUrl\":\"https:\\\/\\\/www.m-q.ch\\\/wp-content\\\/uploads\\\/2023\\\/01\\\/Allianz-Risk-Barometer-2023-Energiekrise-als-Aufsteiger-des-Jahres-1_MQ.jpg\"},{\"@type\":\"BreadcrumbList\",\"@id\":\"https:\\\/\\\/www.organisator.ch\\\/operational-excellence\\\/2023-01-17\\\/allianz-risk-barometer-2023-energiekrise-als-aufsteiger-des-jahres\\\/#breadcrumb\",\"itemListElement\":[{\"@type\":\"ListItem\",\"position\":1,\"name\":\"Home\",\"item\":\"https:\\\/\\\/www.organisator.ch\\\/\"},{\"@type\":\"ListItem\",\"position\":2,\"name\":\"Allianz Risk Barometer 2023: Energiekrise als \u201eAufsteiger des Jahres\u201c\"}]},{\"@type\":\"WebSite\",\"@id\":\"https:\\\/\\\/www.organisator.ch\\\/#website\",\"url\":\"https:\\\/\\\/www.organisator.ch\\\/\",\"name\":\"Organisator\",\"description\":\"Kompetent. Praxisnah. Der ORGANISATOR bereitet in 10 Ausgaben pro Jahr die wesentlichen Themen f\u00fcr F\u00fchrungskr\u00e4fte von KMU auf.\",\"publisher\":{\"@id\":\"https:\\\/\\\/www.organisator.ch\\\/#organization\"},\"potentialAction\":[{\"@type\":\"SearchAction\",\"target\":{\"@type\":\"EntryPoint\",\"urlTemplate\":\"https:\\\/\\\/www.organisator.ch\\\/?s={search_term_string}\"},\"query-input\":{\"@type\":\"PropertyValueSpecification\",\"valueRequired\":true,\"valueName\":\"search_term_string\"}}],\"inLanguage\":\"it-IT\"},{\"@type\":\"Organization\",\"@id\":\"https:\\\/\\\/www.organisator.ch\\\/#organization\",\"name\":\"Organisator\",\"url\":\"https:\\\/\\\/www.organisator.ch\\\/\",\"logo\":{\"@type\":\"ImageObject\",\"inLanguage\":\"it-IT\",\"@id\":\"https:\\\/\\\/www.organisator.ch\\\/#\\\/schema\\\/logo\\\/image\\\/\",\"url\":\"https:\\\/\\\/www.organisator.ch\\\/wp-content\\\/uploads\\\/2022\\\/01\\\/Logo_Organisator_Website.png\",\"contentUrl\":\"https:\\\/\\\/www.organisator.ch\\\/wp-content\\\/uploads\\\/2022\\\/01\\\/Logo_Organisator_Website.png\",\"width\":800,\"height\":77,\"caption\":\"Organisator\"},\"image\":{\"@id\":\"https:\\\/\\\/www.organisator.ch\\\/#\\\/schema\\\/logo\\\/image\\\/\"},\"sameAs\":[\"https:\\\/\\\/www.facebook.com\\\/OrganisatorFachmagazin\",\"https:\\\/\\\/www.linkedin.com\\\/showcase\\\/organisator-das-magazin-fr-kmu\",\"https:\\\/\\\/www.xing.com\\\/news\\\/pages\\\/organisator-ch-695\",\"https:\\\/\\\/www.youtube.com\\\/channel\\\/UCGP2Sq0iWaZwT3BdIAQFYpw\"]},{\"@type\":\"Person\",\"@id\":\"https:\\\/\\\/www.organisator.ch\\\/#\\\/schema\\\/person\\\/4e51799071cd2dd1232ac003643ef5f0\",\"name\":\"galledia\",\"image\":{\"@type\":\"ImageObject\",\"inLanguage\":\"it-IT\",\"@id\":\"https:\\\/\\\/secure.gravatar.com\\\/avatar\\\/78a7f90c01fc2bfc875782a0d4922b37cde2cf184ce347b91316d23cd7f69a36?s=96&d=mm&r=g\",\"url\":\"https:\\\/\\\/secure.gravatar.com\\\/avatar\\\/78a7f90c01fc2bfc875782a0d4922b37cde2cf184ce347b91316d23cd7f69a36?s=96&d=mm&r=g\",\"contentUrl\":\"https:\\\/\\\/secure.gravatar.com\\\/avatar\\\/78a7f90c01fc2bfc875782a0d4922b37cde2cf184ce347b91316d23cd7f69a36?s=96&d=mm&r=g\",\"caption\":\"galledia\"},\"sameAs\":[\"https:\\\/\\\/x.com\\\/admin\"],\"url\":\"https:\\\/\\\/www.organisator.ch\\\/it\\\/author\\\/galledia\\\/\"}]}<\/script>\n<!-- \/ Yoast SEO plugin. -->","yoast_head_json":{"title":"Barometro del rischio Allianz 2023: Crisi energetica come \"Stella nascente dell'anno\" - Organizzatore","description":"Barometro dei rischi Allianz 2023: Incidenti informatici, interruzioni dell'attivit\u00e0 e crisi energetica i maggiori rischi per le aziende.","robots":{"index":"index","follow":"follow","max-snippet":"max-snippet:-1","max-image-preview":"max-image-preview:large","max-video-preview":"max-video-preview:-1"},"canonical":"https:\/\/www.organisator.ch\/it\/eccellenza-operativa\/2023-01-17\/allianz-risk-barometer-2023-energiekrise-als-aufsteiger-des-jahres\/","og_locale":"it_IT","og_type":"article","og_title":"Allianz Risk Barometer 2023: Energiekrise als \u201eAufsteiger des Jahres\u201c - Organisator","og_description":"Allianz Risk Barometer 2023: Cybervorf\u00e4lle, Betriebsunterbrechungen und Energiekrise als gr\u00f6\u00dfte Risiken f\u00fcr Unternehmen.","og_url":"https:\/\/www.organisator.ch\/it\/eccellenza-operativa\/2023-01-17\/allianz-risk-barometer-2023-energiekrise-als-aufsteiger-des-jahres\/","og_site_name":"Organisator","article_publisher":"https:\/\/www.facebook.com\/OrganisatorFachmagazin","article_published_time":"2023-01-17T12:17:46+00:00","article_modified_time":"2024-11-19T09:15:27+00:00","author":"galledia","twitter_card":"summary_large_image","twitter_creator":"@admin","schema":{"@context":"https:\/\/schema.org","@graph":[{"@type":"Article","@id":"https:\/\/www.organisator.ch\/operational-excellence\/2023-01-17\/allianz-risk-barometer-2023-energiekrise-als-aufsteiger-des-jahres\/#article","isPartOf":{"@id":"https:\/\/www.organisator.ch\/operational-excellence\/2023-01-17\/allianz-risk-barometer-2023-energiekrise-als-aufsteiger-des-jahres\/"},"author":{"name":"galledia","@id":"https:\/\/www.organisator.ch\/#\/schema\/person\/4e51799071cd2dd1232ac003643ef5f0"},"headline":"Allianz Risk Barometer 2023: Energiekrise als \u201eAufsteiger des Jahres\u201c","datePublished":"2023-01-17T12:17:46+00:00","dateModified":"2024-11-19T09:15:27+00:00","mainEntityOfPage":{"@id":"https:\/\/www.organisator.ch\/operational-excellence\/2023-01-17\/allianz-risk-barometer-2023-energiekrise-als-aufsteiger-des-jahres\/"},"wordCount":909,"publisher":{"@id":"https:\/\/www.organisator.ch\/#organization"},"image":{"@id":"https:\/\/www.organisator.ch\/operational-excellence\/2023-01-17\/allianz-risk-barometer-2023-energiekrise-als-aufsteiger-des-jahres\/#primaryimage"},"thumbnailUrl":"https:\/\/www.m-q.ch\/wp-content\/uploads\/2023\/01\/Allianz-Risk-Barometer-2023-Energiekrise-als-Aufsteiger-des-Jahres-1_MQ.jpg","keywords":["Risk Barometer"],"articleSection":["OPERATIONAL EXCELLENCE"],"inLanguage":"it-IT"},{"@type":"WebPage","@id":"https:\/\/www.organisator.ch\/operational-excellence\/2023-01-17\/allianz-risk-barometer-2023-energiekrise-als-aufsteiger-des-jahres\/","url":"https:\/\/www.organisator.ch\/operational-excellence\/2023-01-17\/allianz-risk-barometer-2023-energiekrise-als-aufsteiger-des-jahres\/","name":"Barometro del rischio Allianz 2023: Crisi energetica come \"Stella nascente dell'anno\" - Organizzatore","isPartOf":{"@id":"https:\/\/www.organisator.ch\/#website"},"primaryImageOfPage":{"@id":"https:\/\/www.organisator.ch\/operational-excellence\/2023-01-17\/allianz-risk-barometer-2023-energiekrise-als-aufsteiger-des-jahres\/#primaryimage"},"image":{"@id":"https:\/\/www.organisator.ch\/operational-excellence\/2023-01-17\/allianz-risk-barometer-2023-energiekrise-als-aufsteiger-des-jahres\/#primaryimage"},"thumbnailUrl":"https:\/\/www.m-q.ch\/wp-content\/uploads\/2023\/01\/Allianz-Risk-Barometer-2023-Energiekrise-als-Aufsteiger-des-Jahres-1_MQ.jpg","datePublished":"2023-01-17T12:17:46+00:00","dateModified":"2024-11-19T09:15:27+00:00","description":"Barometro dei rischi Allianz 2023: Incidenti informatici, interruzioni dell'attivit\u00e0 e crisi energetica i maggiori rischi per le aziende.","breadcrumb":{"@id":"https:\/\/www.organisator.ch\/operational-excellence\/2023-01-17\/allianz-risk-barometer-2023-energiekrise-als-aufsteiger-des-jahres\/#breadcrumb"},"inLanguage":"it-IT","potentialAction":[{"@type":"ReadAction","target":["https:\/\/www.organisator.ch\/operational-excellence\/2023-01-17\/allianz-risk-barometer-2023-energiekrise-als-aufsteiger-des-jahres\/"]}]},{"@type":"ImageObject","inLanguage":"it-IT","@id":"https:\/\/www.organisator.ch\/operational-excellence\/2023-01-17\/allianz-risk-barometer-2023-energiekrise-als-aufsteiger-des-jahres\/#primaryimage","url":"https:\/\/www.m-q.ch\/wp-content\/uploads\/2023\/01\/Allianz-Risk-Barometer-2023-Energiekrise-als-Aufsteiger-des-Jahres-1_MQ.jpg","contentUrl":"https:\/\/www.m-q.ch\/wp-content\/uploads\/2023\/01\/Allianz-Risk-Barometer-2023-Energiekrise-als-Aufsteiger-des-Jahres-1_MQ.jpg"},{"@type":"BreadcrumbList","@id":"https:\/\/www.organisator.ch\/operational-excellence\/2023-01-17\/allianz-risk-barometer-2023-energiekrise-als-aufsteiger-des-jahres\/#breadcrumb","itemListElement":[{"@type":"ListItem","position":1,"name":"Home","item":"https:\/\/www.organisator.ch\/"},{"@type":"ListItem","position":2,"name":"Allianz Risk Barometer 2023: Energiekrise als \u201eAufsteiger des Jahres\u201c"}]},{"@type":"WebSite","@id":"https:\/\/www.organisator.ch\/#website","url":"https:\/\/www.organisator.ch\/","name":"Organizzatore","description":"Competente. Pratico. In 10 numeri all'anno, ORGANISATOR presenta i temi essenziali per i manager delle PMI.","publisher":{"@id":"https:\/\/www.organisator.ch\/#organization"},"potentialAction":[{"@type":"SearchAction","target":{"@type":"EntryPoint","urlTemplate":"https:\/\/www.organisator.ch\/?s={search_term_string}"},"query-input":{"@type":"PropertyValueSpecification","valueRequired":true,"valueName":"search_term_string"}}],"inLanguage":"it-IT"},{"@type":"Organization","@id":"https:\/\/www.organisator.ch\/#organization","name":"Organizzatore","url":"https:\/\/www.organisator.ch\/","logo":{"@type":"ImageObject","inLanguage":"it-IT","@id":"https:\/\/www.organisator.ch\/#\/schema\/logo\/image\/","url":"https:\/\/www.organisator.ch\/wp-content\/uploads\/2022\/01\/Logo_Organisator_Website.png","contentUrl":"https:\/\/www.organisator.ch\/wp-content\/uploads\/2022\/01\/Logo_Organisator_Website.png","width":800,"height":77,"caption":"Organisator"},"image":{"@id":"https:\/\/www.organisator.ch\/#\/schema\/logo\/image\/"},"sameAs":["https:\/\/www.facebook.com\/OrganisatorFachmagazin","https:\/\/www.linkedin.com\/showcase\/organisator-das-magazin-fr-kmu","https:\/\/www.xing.com\/news\/pages\/organisator-ch-695","https:\/\/www.youtube.com\/channel\/UCGP2Sq0iWaZwT3BdIAQFYpw"]},{"@type":"Person","@id":"https:\/\/www.organisator.ch\/#\/schema\/person\/4e51799071cd2dd1232ac003643ef5f0","name":"galledia","image":{"@type":"ImageObject","inLanguage":"it-IT","@id":"https:\/\/secure.gravatar.com\/avatar\/78a7f90c01fc2bfc875782a0d4922b37cde2cf184ce347b91316d23cd7f69a36?s=96&d=mm&r=g","url":"https:\/\/secure.gravatar.com\/avatar\/78a7f90c01fc2bfc875782a0d4922b37cde2cf184ce347b91316d23cd7f69a36?s=96&d=mm&r=g","contentUrl":"https:\/\/secure.gravatar.com\/avatar\/78a7f90c01fc2bfc875782a0d4922b37cde2cf184ce347b91316d23cd7f69a36?s=96&d=mm&r=g","caption":"galledia"},"sameAs":["https:\/\/x.com\/admin"],"url":"https:\/\/www.organisator.ch\/it\/author\/galledia\/"}]}},"_links":{"self":[{"href":"https:\/\/www.organisator.ch\/it\/wp-json\/wp\/v2\/posts\/18511","targetHints":{"allow":["GET"]}}],"collection":[{"href":"https:\/\/www.organisator.ch\/it\/wp-json\/wp\/v2\/posts"}],"about":[{"href":"https:\/\/www.organisator.ch\/it\/wp-json\/wp\/v2\/types\/post"}],"author":[{"embeddable":true,"href":"https:\/\/www.organisator.ch\/it\/wp-json\/wp\/v2\/users\/8"}],"replies":[{"embeddable":true,"href":"https:\/\/www.organisator.ch\/it\/wp-json\/wp\/v2\/comments?post=18511"}],"version-history":[{"count":4,"href":"https:\/\/www.organisator.ch\/it\/wp-json\/wp\/v2\/posts\/18511\/revisions"}],"predecessor-version":[{"id":33452,"href":"https:\/\/www.organisator.ch\/it\/wp-json\/wp\/v2\/posts\/18511\/revisions\/33452"}],"wp:attachment":[{"href":"https:\/\/www.organisator.ch\/it\/wp-json\/wp\/v2\/media?parent=18511"}],"wp:term":[{"taxonomy":"category","embeddable":true,"href":"https:\/\/www.organisator.ch\/it\/wp-json\/wp\/v2\/categories?post=18511"},{"taxonomy":"post_tag","embeddable":true,"href":"https:\/\/www.organisator.ch\/it\/wp-json\/wp\/v2\/tags?post=18511"}],"curies":[{"name":"wp","href":"https:\/\/api.w.org\/{rel}","templated":true}]}}