{"id":18516,"date":"2023-01-17T14:33:09","date_gmt":"2023-01-17T13:33:09","guid":{"rendered":"https:\/\/www.organisator.ch\/?p=18516"},"modified":"2023-01-17T14:33:09","modified_gmt":"2023-01-17T13:33:09","slug":"energieeffizientes-hochleistungs-datacenter-in-betrieb-genommen","status":"publish","type":"post","link":"https:\/\/www.organisator.ch\/it\/sustainability\/2023-01-17\/energieeffizientes-hochleistungs-datacenter-in-betrieb-genommen\/","title":{"rendered":"Messa in funzione di un centro dati ad alte prestazioni e ad alta efficienza energetica"},"content":{"rendered":"<figure id=\"attachment_18517\" aria-describedby=\"caption-attachment-18517\" style=\"width: 680px\" class=\"wp-caption alignnone\"><img loading=\"lazy\" decoding=\"async\" class=\"size-full wp-image-18517\" src=\"https:\/\/www.organisator.ch\/wp-content\/uploads\/2023\/01\/Energieeffizientes-Hochleistungs-Datacenter-in-Betrieb-genommen_Organisator.jpg\" alt=\"\" width=\"680\" height=\"454\" srcset=\"https:\/\/www.organisator.ch\/wp-content\/uploads\/2023\/01\/Energieeffizientes-Hochleistungs-Datacenter-in-Betrieb-genommen_Organisator.jpg 680w, https:\/\/www.organisator.ch\/wp-content\/uploads\/2023\/01\/Energieeffizientes-Hochleistungs-Datacenter-in-Betrieb-genommen_Organisator-18x12.jpg 18w, https:\/\/www.organisator.ch\/wp-content\/uploads\/2023\/01\/Energieeffizientes-Hochleistungs-Datacenter-in-Betrieb-genommen_Organisator-375x250.jpg 375w, https:\/\/www.organisator.ch\/wp-content\/uploads\/2023\/01\/Energieeffizientes-Hochleistungs-Datacenter-in-Betrieb-genommen_Organisator-524x350.jpg 524w\" sizes=\"auto, (max-width: 680px) 100vw, 680px\" \/><figcaption id=\"caption-attachment-18517\" class=\"wp-caption-text\">Il Metro Campus di Zurigo con il nuovo centro dati ad alte prestazioni. (Immagine: Green)<\/figcaption><\/figure>\n<p>A Dielsdorf, nel cantone di Zurigo, Green sta costruendo su un'area di oltre 46.000 metri quadrati.<sup>2<\/sup> il progetto su larga scala Metro Campus Zurich. Si tratta di tre data center ad alte prestazioni (M, N e O) per cloud provider e aziende, nonch\u00e9 di un parco commerciale con diversi edifici per uffici. Il primo centro dati \u00e8 stato occupato dai principali clienti nel dicembre 2022 ed \u00e8 entrato ufficialmente in funzione il 17 gennaio 2023. Le altre tappe sono gi\u00e0 state pianificate.<\/p>\n<h3>Centro dati ad alte prestazioni e ad alta efficienza energetica<\/h3>\n<p>Il Datacenter M \u00e8 considerato uno dei data center pi\u00f9 avanzati della Svizzera in termini di prestazioni, connettivit\u00e0, sicurezza ed efficienza energetica. L'area del centro dati di 5.600 m<sup>2<\/sup> offre spazio per circa 80.000 server e consente un'elevata densit\u00e0 di calcolo, particolarmente richiesta dai fornitori di cloud pubblico (hyperscaler). Green ha progettato i data center per un'alta densit\u00e0 di potenza, ottimizzando al massimo l'efficienza energetica con i propri team locali. \"Il Datacenter M \u00e8 un progetto faro in termini di efficienza energetica e sostenibilit\u00e0\", spiega Andrea Campomilla, COO, responsabile dei data center di Green.<\/p>\n<p>L'ottimizzazione \u00e8 stata fatta in termini di architettura, scelta dei materiali, arredamento della stanza, attrezzature e concetto di raffreddamento. Quest'ultimo garantisce che, quando possibile, il raffreddamento possa essere effettuato con l'aria ambiente invece che meccanicamente e ad alta intensit\u00e0 energetica. Gli impianti fotovoltaici sul tetto dell'edificio e l'acquisto di energia rinnovabile completano il concetto di sostenibilit\u00e0. Green raggiunge i valori migliori, con un valore PUE vicino a 1. Anche l'utilizzo del calore di scarto \u00e8 considerato esemplare. Grazie alla futura rete di teleriscaldamento, oltre 3.500 famiglie, imprese e industrie della regione beneficeranno di un riscaldamento e di un calore di processo neutrali dal punto di vista climatico, provenienti dal Datacenter M.<\/p>\n<h3>Pi\u00f9 centri dati: La costruzione inizier\u00e0 nel 2023<\/h3>\n<p>Le altre fasi dell'espansione sono state decise: i lavori di ingegneria civile per l'edificio uffici sud sono iniziati nel gennaio 2023. Parte dei circa 3.000 m<sup>2<\/sup> Gli uffici sono utilizzati da Green per garantire il buon funzionamento dei centri dati ad alte prestazioni in loco e per mantenere uno stretto scambio con i clienti. Altri uffici sono affittati.<\/p>\n<p>Green ha accelerato il suo programma di crescita e innovazione in Svizzera. Il passo successivo sar\u00e0 la costruzione dei centri dati \"N\" e \"O\". A causa della domanda, la costruzione inizier\u00e0 gi\u00e0 nel 2023. \"Investiamo costantemente nell'innovazione e cresciamo in modo sostenibile e orientato al cliente\", spiega Roger S\u00fcess, CEO di Green.<\/p>\n<p><em>Fonte: <a href=\"http:\/\/www.green.ch\">Verde<\/a><\/em><\/p>","protected":false},"excerpt":{"rendered":"<p>Im z\u00fcrcherischen Dielsdorf baut Green auf einer Fl\u00e4che von \u00fcber 46\u2019000m2 das Grossprojekt Metro-Campus Z\u00fcrich. Es besteht aus drei Hochleistungs-Datacentern (M, N und O) f\u00fcr Cloud-Provider und Unternehmen sowie einem Business Park mit mehreren B\u00fcrogeb\u00e4uden. Das erste Datacenter wurde im Dezember 2022 von Grosskunden bezogen und hat am 17. Januar 2023 offiziell seinen Betrieb aufgenommen. [&hellip;]<\/p>\n","protected":false},"author":4,"featured_media":18517,"comment_status":"closed","ping_status":"closed","sticky":false,"template":"","format":"standard","meta":{"_acf_changed":false,"_yoast_wpseo_focuskw":"Hochleistungs-Datacenter","_yoast_wpseo_metadesc":"Der Internet-, Hosting und Domain-Dienstleister Green nimmt das energieeffizienteste Hochleistungs-Datacenter in Betrieb.","articlekey":"","footnotes":""},"categories":[580],"tags":[3480,156,2927,286],"class_list":["post-18516","post","type-post","status-publish","format-standard","has-post-thumbnail","hentry","category-sustainability","tag-datacenter","tag-digitalisierung","tag-green-it","tag-it"],"acf":[],"yoast_head":"<!-- This site is optimized with the Yoast SEO plugin v27.5 - https:\/\/yoast.com\/product\/yoast-seo-wordpress\/ -->\n<title>Energieeffizientes Hochleistungs-Datacenter in Betrieb genommen - Organisator<\/title>\n<meta name=\"description\" content=\"Der Internet-, Hosting und Domain-Dienstleister Green nimmt das energieeffizienteste Hochleistungs-Datacenter in Betrieb.\" \/>\n<meta name=\"robots\" content=\"index, follow, max-snippet:-1, max-image-preview:large, max-video-preview:-1\" \/>\n<link rel=\"canonical\" href=\"https:\/\/www.organisator.ch\/it\/sostenibilita\/2023-01-17\/energieeffizientes-hochleistungs-datacenter-in-betrieb-genommen\/\" \/>\n<meta property=\"og:locale\" content=\"it_IT\" \/>\n<meta property=\"og:type\" content=\"article\" \/>\n<meta property=\"og:title\" content=\"Energieeffizientes Hochleistungs-Datacenter in Betrieb genommen\" \/>\n<meta property=\"og:description\" content=\"Der Internet-, Hosting und Domain-Dienstleister Green nimmt das energieeffizienteste Hochleistungs-Datacenter in Betrieb.\" \/>\n<meta property=\"og:url\" content=\"https:\/\/www.organisator.ch\/it\/sostenibilita\/2023-01-17\/energieeffizientes-hochleistungs-datacenter-in-betrieb-genommen\/\" \/>\n<meta property=\"og:site_name\" content=\"Organisator\" \/>\n<meta property=\"article:publisher\" content=\"https:\/\/www.facebook.com\/OrganisatorFachmagazin\" \/>\n<meta property=\"article:published_time\" content=\"2023-01-17T13:33:09+00:00\" \/>\n<meta property=\"og:image\" content=\"https:\/\/www.organisator.ch\/wp-content\/uploads\/2023\/01\/Energieeffizientes-Hochleistungs-Datacenter-in-Betrieb-genommen_Organisator.jpg\" \/>\n\t<meta property=\"og:image:width\" content=\"680\" \/>\n\t<meta property=\"og:image:height\" content=\"454\" \/>\n\t<meta property=\"og:image:type\" content=\"image\/jpeg\" \/>\n<meta name=\"author\" content=\"thomas.berner\" \/>\n<meta name=\"twitter:card\" content=\"summary_large_image\" \/>\n<meta name=\"twitter:title\" content=\"Energieeffizientes #Hochleistungs-Datacenter in Betrieb genommen\" \/>\n<meta name=\"twitter:description\" content=\"Der Internet-, Hosting und Domain-Dienstleister #Green nimmt das energieeffizienteste #Hochleistungs-Datacenter in Betrieb.\" \/>\n<meta name=\"twitter:image\" content=\"https:\/\/www.organisator.ch\/wp-content\/uploads\/2023\/01\/Energieeffizientes-Hochleistungs-Datacenter-in-Betrieb-genommen_Organisator.jpg\" \/>\n<script type=\"application\/ld+json\" class=\"yoast-schema-graph\">{\"@context\":\"https:\\\/\\\/schema.org\",\"@graph\":[{\"@type\":\"Article\",\"@id\":\"https:\\\/\\\/www.organisator.ch\\\/sustainability\\\/2023-01-17\\\/energieeffizientes-hochleistungs-datacenter-in-betrieb-genommen\\\/#article\",\"isPartOf\":{\"@id\":\"https:\\\/\\\/www.organisator.ch\\\/sustainability\\\/2023-01-17\\\/energieeffizientes-hochleistungs-datacenter-in-betrieb-genommen\\\/\"},\"author\":{\"name\":\"thomas.berner\",\"@id\":\"https:\\\/\\\/www.organisator.ch\\\/#\\\/schema\\\/person\\\/6f650f90b2842cd4c0cc334b4e36f67e\"},\"headline\":\"Energieeffizientes Hochleistungs-Datacenter in Betrieb genommen\",\"datePublished\":\"2023-01-17T13:33:09+00:00\",\"mainEntityOfPage\":{\"@id\":\"https:\\\/\\\/www.organisator.ch\\\/sustainability\\\/2023-01-17\\\/energieeffizientes-hochleistungs-datacenter-in-betrieb-genommen\\\/\"},\"wordCount\":380,\"publisher\":{\"@id\":\"https:\\\/\\\/www.organisator.ch\\\/#organization\"},\"image\":{\"@id\":\"https:\\\/\\\/www.organisator.ch\\\/sustainability\\\/2023-01-17\\\/energieeffizientes-hochleistungs-datacenter-in-betrieb-genommen\\\/#primaryimage\"},\"thumbnailUrl\":\"https:\\\/\\\/www.organisator.ch\\\/wp-content\\\/uploads\\\/2023\\\/01\\\/Energieeffizientes-Hochleistungs-Datacenter-in-Betrieb-genommen_Organisator.jpg\",\"keywords\":[\"Datacenter\",\"Digitalisierung\",\"Green IT\",\"IT\"],\"articleSection\":[\"SUSTAINABILITY\"],\"inLanguage\":\"it-IT\"},{\"@type\":\"WebPage\",\"@id\":\"https:\\\/\\\/www.organisator.ch\\\/sustainability\\\/2023-01-17\\\/energieeffizientes-hochleistungs-datacenter-in-betrieb-genommen\\\/\",\"url\":\"https:\\\/\\\/www.organisator.ch\\\/sustainability\\\/2023-01-17\\\/energieeffizientes-hochleistungs-datacenter-in-betrieb-genommen\\\/\",\"name\":\"Energieeffizientes Hochleistungs-Datacenter in Betrieb genommen - Organisator\",\"isPartOf\":{\"@id\":\"https:\\\/\\\/www.organisator.ch\\\/#website\"},\"primaryImageOfPage\":{\"@id\":\"https:\\\/\\\/www.organisator.ch\\\/sustainability\\\/2023-01-17\\\/energieeffizientes-hochleistungs-datacenter-in-betrieb-genommen\\\/#primaryimage\"},\"image\":{\"@id\":\"https:\\\/\\\/www.organisator.ch\\\/sustainability\\\/2023-01-17\\\/energieeffizientes-hochleistungs-datacenter-in-betrieb-genommen\\\/#primaryimage\"},\"thumbnailUrl\":\"https:\\\/\\\/www.organisator.ch\\\/wp-content\\\/uploads\\\/2023\\\/01\\\/Energieeffizientes-Hochleistungs-Datacenter-in-Betrieb-genommen_Organisator.jpg\",\"datePublished\":\"2023-01-17T13:33:09+00:00\",\"description\":\"Der Internet-, Hosting und Domain-Dienstleister Green nimmt das energieeffizienteste Hochleistungs-Datacenter in Betrieb.\",\"breadcrumb\":{\"@id\":\"https:\\\/\\\/www.organisator.ch\\\/sustainability\\\/2023-01-17\\\/energieeffizientes-hochleistungs-datacenter-in-betrieb-genommen\\\/#breadcrumb\"},\"inLanguage\":\"it-IT\",\"potentialAction\":[{\"@type\":\"ReadAction\",\"target\":[\"https:\\\/\\\/www.organisator.ch\\\/sustainability\\\/2023-01-17\\\/energieeffizientes-hochleistungs-datacenter-in-betrieb-genommen\\\/\"]}]},{\"@type\":\"ImageObject\",\"inLanguage\":\"it-IT\",\"@id\":\"https:\\\/\\\/www.organisator.ch\\\/sustainability\\\/2023-01-17\\\/energieeffizientes-hochleistungs-datacenter-in-betrieb-genommen\\\/#primaryimage\",\"url\":\"https:\\\/\\\/www.organisator.ch\\\/wp-content\\\/uploads\\\/2023\\\/01\\\/Energieeffizientes-Hochleistungs-Datacenter-in-Betrieb-genommen_Organisator.jpg\",\"contentUrl\":\"https:\\\/\\\/www.organisator.ch\\\/wp-content\\\/uploads\\\/2023\\\/01\\\/Energieeffizientes-Hochleistungs-Datacenter-in-Betrieb-genommen_Organisator.jpg\",\"width\":680,\"height\":454,\"caption\":\"Der Metro Campus Zurich mit dem neuen Hochleistungs-Datacenter. (Bild: Green)\"},{\"@type\":\"BreadcrumbList\",\"@id\":\"https:\\\/\\\/www.organisator.ch\\\/sustainability\\\/2023-01-17\\\/energieeffizientes-hochleistungs-datacenter-in-betrieb-genommen\\\/#breadcrumb\",\"itemListElement\":[{\"@type\":\"ListItem\",\"position\":1,\"name\":\"Home\",\"item\":\"https:\\\/\\\/www.organisator.ch\\\/\"},{\"@type\":\"ListItem\",\"position\":2,\"name\":\"Energieeffizientes Hochleistungs-Datacenter in Betrieb genommen\"}]},{\"@type\":\"WebSite\",\"@id\":\"https:\\\/\\\/www.organisator.ch\\\/#website\",\"url\":\"https:\\\/\\\/www.organisator.ch\\\/\",\"name\":\"Organisator\",\"description\":\"Kompetent. Praxisnah. Der ORGANISATOR bereitet in 10 Ausgaben pro Jahr die wesentlichen Themen f\u00fcr F\u00fchrungskr\u00e4fte von KMU auf.\",\"publisher\":{\"@id\":\"https:\\\/\\\/www.organisator.ch\\\/#organization\"},\"potentialAction\":[{\"@type\":\"SearchAction\",\"target\":{\"@type\":\"EntryPoint\",\"urlTemplate\":\"https:\\\/\\\/www.organisator.ch\\\/?s={search_term_string}\"},\"query-input\":{\"@type\":\"PropertyValueSpecification\",\"valueRequired\":true,\"valueName\":\"search_term_string\"}}],\"inLanguage\":\"it-IT\"},{\"@type\":\"Organization\",\"@id\":\"https:\\\/\\\/www.organisator.ch\\\/#organization\",\"name\":\"Organisator\",\"url\":\"https:\\\/\\\/www.organisator.ch\\\/\",\"logo\":{\"@type\":\"ImageObject\",\"inLanguage\":\"it-IT\",\"@id\":\"https:\\\/\\\/www.organisator.ch\\\/#\\\/schema\\\/logo\\\/image\\\/\",\"url\":\"https:\\\/\\\/www.organisator.ch\\\/wp-content\\\/uploads\\\/2022\\\/01\\\/Logo_Organisator_Website.png\",\"contentUrl\":\"https:\\\/\\\/www.organisator.ch\\\/wp-content\\\/uploads\\\/2022\\\/01\\\/Logo_Organisator_Website.png\",\"width\":800,\"height\":77,\"caption\":\"Organisator\"},\"image\":{\"@id\":\"https:\\\/\\\/www.organisator.ch\\\/#\\\/schema\\\/logo\\\/image\\\/\"},\"sameAs\":[\"https:\\\/\\\/www.facebook.com\\\/OrganisatorFachmagazin\",\"https:\\\/\\\/www.linkedin.com\\\/showcase\\\/organisator-das-magazin-fr-kmu\",\"https:\\\/\\\/www.xing.com\\\/news\\\/pages\\\/organisator-ch-695\",\"https:\\\/\\\/www.youtube.com\\\/channel\\\/UCGP2Sq0iWaZwT3BdIAQFYpw\"]},{\"@type\":\"Person\",\"@id\":\"https:\\\/\\\/www.organisator.ch\\\/#\\\/schema\\\/person\\\/6f650f90b2842cd4c0cc334b4e36f67e\",\"name\":\"thomas.berner\",\"image\":{\"@type\":\"ImageObject\",\"inLanguage\":\"it-IT\",\"@id\":\"https:\\\/\\\/secure.gravatar.com\\\/avatar\\\/ac5001d2a36cb6c6cd3e50789007ffca834b477b74a2144564522e944eabff61?s=96&d=mm&r=g\",\"url\":\"https:\\\/\\\/secure.gravatar.com\\\/avatar\\\/ac5001d2a36cb6c6cd3e50789007ffca834b477b74a2144564522e944eabff61?s=96&d=mm&r=g\",\"contentUrl\":\"https:\\\/\\\/secure.gravatar.com\\\/avatar\\\/ac5001d2a36cb6c6cd3e50789007ffca834b477b74a2144564522e944eabff61?s=96&d=mm&r=g\",\"caption\":\"thomas.berner\"},\"url\":\"https:\\\/\\\/www.organisator.ch\\\/it\\\/author\\\/thomas-berner\\\/\"}]}<\/script>\n<!-- \/ Yoast SEO plugin. -->","yoast_head_json":{"title":"Messa in funzione di un centro dati ad alte prestazioni ad alta efficienza energetica - Organizzatore","description":"Il provider di servizi Internet, hosting e domini Green commissiona il data center ad alte prestazioni pi\u00f9 efficiente dal punto di vista energetico.","robots":{"index":"index","follow":"follow","max-snippet":"max-snippet:-1","max-image-preview":"max-image-preview:large","max-video-preview":"max-video-preview:-1"},"canonical":"https:\/\/www.organisator.ch\/it\/sostenibilita\/2023-01-17\/energieeffizientes-hochleistungs-datacenter-in-betrieb-genommen\/","og_locale":"it_IT","og_type":"article","og_title":"Energieeffizientes Hochleistungs-Datacenter in Betrieb genommen","og_description":"Der Internet-, Hosting und Domain-Dienstleister Green nimmt das energieeffizienteste Hochleistungs-Datacenter in Betrieb.","og_url":"https:\/\/www.organisator.ch\/it\/sostenibilita\/2023-01-17\/energieeffizientes-hochleistungs-datacenter-in-betrieb-genommen\/","og_site_name":"Organisator","article_publisher":"https:\/\/www.facebook.com\/OrganisatorFachmagazin","article_published_time":"2023-01-17T13:33:09+00:00","og_image":[{"width":680,"height":454,"url":"https:\/\/www.organisator.ch\/wp-content\/uploads\/2023\/01\/Energieeffizientes-Hochleistungs-Datacenter-in-Betrieb-genommen_Organisator.jpg","type":"image\/jpeg"}],"author":"thomas.berner","twitter_card":"summary_large_image","twitter_title":"Energieeffizientes #Hochleistungs-Datacenter in Betrieb genommen","twitter_description":"Der Internet-, Hosting und Domain-Dienstleister #Green nimmt das energieeffizienteste #Hochleistungs-Datacenter in Betrieb.","twitter_image":"https:\/\/www.organisator.ch\/wp-content\/uploads\/2023\/01\/Energieeffizientes-Hochleistungs-Datacenter-in-Betrieb-genommen_Organisator.jpg","schema":{"@context":"https:\/\/schema.org","@graph":[{"@type":"Article","@id":"https:\/\/www.organisator.ch\/sustainability\/2023-01-17\/energieeffizientes-hochleistungs-datacenter-in-betrieb-genommen\/#article","isPartOf":{"@id":"https:\/\/www.organisator.ch\/sustainability\/2023-01-17\/energieeffizientes-hochleistungs-datacenter-in-betrieb-genommen\/"},"author":{"name":"thomas.berner","@id":"https:\/\/www.organisator.ch\/#\/schema\/person\/6f650f90b2842cd4c0cc334b4e36f67e"},"headline":"Energieeffizientes Hochleistungs-Datacenter in Betrieb genommen","datePublished":"2023-01-17T13:33:09+00:00","mainEntityOfPage":{"@id":"https:\/\/www.organisator.ch\/sustainability\/2023-01-17\/energieeffizientes-hochleistungs-datacenter-in-betrieb-genommen\/"},"wordCount":380,"publisher":{"@id":"https:\/\/www.organisator.ch\/#organization"},"image":{"@id":"https:\/\/www.organisator.ch\/sustainability\/2023-01-17\/energieeffizientes-hochleistungs-datacenter-in-betrieb-genommen\/#primaryimage"},"thumbnailUrl":"https:\/\/www.organisator.ch\/wp-content\/uploads\/2023\/01\/Energieeffizientes-Hochleistungs-Datacenter-in-Betrieb-genommen_Organisator.jpg","keywords":["Datacenter","Digitalisierung","Green IT","IT"],"articleSection":["SUSTAINABILITY"],"inLanguage":"it-IT"},{"@type":"WebPage","@id":"https:\/\/www.organisator.ch\/sustainability\/2023-01-17\/energieeffizientes-hochleistungs-datacenter-in-betrieb-genommen\/","url":"https:\/\/www.organisator.ch\/sustainability\/2023-01-17\/energieeffizientes-hochleistungs-datacenter-in-betrieb-genommen\/","name":"Messa in funzione di un centro dati ad alte prestazioni ad alta efficienza energetica - Organizzatore","isPartOf":{"@id":"https:\/\/www.organisator.ch\/#website"},"primaryImageOfPage":{"@id":"https:\/\/www.organisator.ch\/sustainability\/2023-01-17\/energieeffizientes-hochleistungs-datacenter-in-betrieb-genommen\/#primaryimage"},"image":{"@id":"https:\/\/www.organisator.ch\/sustainability\/2023-01-17\/energieeffizientes-hochleistungs-datacenter-in-betrieb-genommen\/#primaryimage"},"thumbnailUrl":"https:\/\/www.organisator.ch\/wp-content\/uploads\/2023\/01\/Energieeffizientes-Hochleistungs-Datacenter-in-Betrieb-genommen_Organisator.jpg","datePublished":"2023-01-17T13:33:09+00:00","description":"Il provider di servizi Internet, hosting e domini Green commissiona il data center ad alte prestazioni pi\u00f9 efficiente dal punto di vista energetico.","breadcrumb":{"@id":"https:\/\/www.organisator.ch\/sustainability\/2023-01-17\/energieeffizientes-hochleistungs-datacenter-in-betrieb-genommen\/#breadcrumb"},"inLanguage":"it-IT","potentialAction":[{"@type":"ReadAction","target":["https:\/\/www.organisator.ch\/sustainability\/2023-01-17\/energieeffizientes-hochleistungs-datacenter-in-betrieb-genommen\/"]}]},{"@type":"ImageObject","inLanguage":"it-IT","@id":"https:\/\/www.organisator.ch\/sustainability\/2023-01-17\/energieeffizientes-hochleistungs-datacenter-in-betrieb-genommen\/#primaryimage","url":"https:\/\/www.organisator.ch\/wp-content\/uploads\/2023\/01\/Energieeffizientes-Hochleistungs-Datacenter-in-Betrieb-genommen_Organisator.jpg","contentUrl":"https:\/\/www.organisator.ch\/wp-content\/uploads\/2023\/01\/Energieeffizientes-Hochleistungs-Datacenter-in-Betrieb-genommen_Organisator.jpg","width":680,"height":454,"caption":"Der Metro Campus Zurich mit dem neuen Hochleistungs-Datacenter. (Bild: Green)"},{"@type":"BreadcrumbList","@id":"https:\/\/www.organisator.ch\/sustainability\/2023-01-17\/energieeffizientes-hochleistungs-datacenter-in-betrieb-genommen\/#breadcrumb","itemListElement":[{"@type":"ListItem","position":1,"name":"Home","item":"https:\/\/www.organisator.ch\/"},{"@type":"ListItem","position":2,"name":"Energieeffizientes Hochleistungs-Datacenter in Betrieb genommen"}]},{"@type":"WebSite","@id":"https:\/\/www.organisator.ch\/#website","url":"https:\/\/www.organisator.ch\/","name":"Organizzatore","description":"Competente. Pratico. In 10 numeri all'anno, ORGANISATOR presenta i temi essenziali per i manager delle PMI.","publisher":{"@id":"https:\/\/www.organisator.ch\/#organization"},"potentialAction":[{"@type":"SearchAction","target":{"@type":"EntryPoint","urlTemplate":"https:\/\/www.organisator.ch\/?s={search_term_string}"},"query-input":{"@type":"PropertyValueSpecification","valueRequired":true,"valueName":"search_term_string"}}],"inLanguage":"it-IT"},{"@type":"Organization","@id":"https:\/\/www.organisator.ch\/#organization","name":"Organizzatore","url":"https:\/\/www.organisator.ch\/","logo":{"@type":"ImageObject","inLanguage":"it-IT","@id":"https:\/\/www.organisator.ch\/#\/schema\/logo\/image\/","url":"https:\/\/www.organisator.ch\/wp-content\/uploads\/2022\/01\/Logo_Organisator_Website.png","contentUrl":"https:\/\/www.organisator.ch\/wp-content\/uploads\/2022\/01\/Logo_Organisator_Website.png","width":800,"height":77,"caption":"Organisator"},"image":{"@id":"https:\/\/www.organisator.ch\/#\/schema\/logo\/image\/"},"sameAs":["https:\/\/www.facebook.com\/OrganisatorFachmagazin","https:\/\/www.linkedin.com\/showcase\/organisator-das-magazin-fr-kmu","https:\/\/www.xing.com\/news\/pages\/organisator-ch-695","https:\/\/www.youtube.com\/channel\/UCGP2Sq0iWaZwT3BdIAQFYpw"]},{"@type":"Person","@id":"https:\/\/www.organisator.ch\/#\/schema\/person\/6f650f90b2842cd4c0cc334b4e36f67e","name":"Tommaso.berner","image":{"@type":"ImageObject","inLanguage":"it-IT","@id":"https:\/\/secure.gravatar.com\/avatar\/ac5001d2a36cb6c6cd3e50789007ffca834b477b74a2144564522e944eabff61?s=96&d=mm&r=g","url":"https:\/\/secure.gravatar.com\/avatar\/ac5001d2a36cb6c6cd3e50789007ffca834b477b74a2144564522e944eabff61?s=96&d=mm&r=g","contentUrl":"https:\/\/secure.gravatar.com\/avatar\/ac5001d2a36cb6c6cd3e50789007ffca834b477b74a2144564522e944eabff61?s=96&d=mm&r=g","caption":"thomas.berner"},"url":"https:\/\/www.organisator.ch\/it\/author\/thomas-berner\/"}]}},"_links":{"self":[{"href":"https:\/\/www.organisator.ch\/it\/wp-json\/wp\/v2\/posts\/18516","targetHints":{"allow":["GET"]}}],"collection":[{"href":"https:\/\/www.organisator.ch\/it\/wp-json\/wp\/v2\/posts"}],"about":[{"href":"https:\/\/www.organisator.ch\/it\/wp-json\/wp\/v2\/types\/post"}],"author":[{"embeddable":true,"href":"https:\/\/www.organisator.ch\/it\/wp-json\/wp\/v2\/users\/4"}],"replies":[{"embeddable":true,"href":"https:\/\/www.organisator.ch\/it\/wp-json\/wp\/v2\/comments?post=18516"}],"version-history":[{"count":3,"href":"https:\/\/www.organisator.ch\/it\/wp-json\/wp\/v2\/posts\/18516\/revisions"}],"predecessor-version":[{"id":18617,"href":"https:\/\/www.organisator.ch\/it\/wp-json\/wp\/v2\/posts\/18516\/revisions\/18617"}],"wp:featuredmedia":[{"embeddable":true,"href":"https:\/\/www.organisator.ch\/it\/wp-json\/wp\/v2\/media\/18517"}],"wp:attachment":[{"href":"https:\/\/www.organisator.ch\/it\/wp-json\/wp\/v2\/media?parent=18516"}],"wp:term":[{"taxonomy":"category","embeddable":true,"href":"https:\/\/www.organisator.ch\/it\/wp-json\/wp\/v2\/categories?post=18516"},{"taxonomy":"post_tag","embeddable":true,"href":"https:\/\/www.organisator.ch\/it\/wp-json\/wp\/v2\/tags?post=18516"}],"curies":[{"name":"wp","href":"https:\/\/api.w.org\/{rel}","templated":true}]}}