{"id":18541,"date":"2023-01-19T10:16:51","date_gmt":"2023-01-19T09:16:51","guid":{"rendered":"https:\/\/www.organisator.ch\/?p=18541"},"modified":"2023-01-19T10:16:51","modified_gmt":"2023-01-19T09:16:51","slug":"normalisierung-des-arbeitsmarkts-schonfrist-fuer-ue50-vorbei","status":"publish","type":"post","link":"https:\/\/www.organisator.ch\/it\/human-resources\/2023-01-19\/normalisierung-des-arbeitsmarkts-schonfrist-fuer-ue50-vorbei\/","title":{"rendered":"Normalizzazione del mercato del lavoro - periodo di grazia per gli over 50?"},"content":{"rendered":"<figure id=\"attachment_18542\" aria-describedby=\"caption-attachment-18542\" style=\"width: 680px\" class=\"wp-caption alignnone\"><img loading=\"lazy\" decoding=\"async\" class=\"size-full wp-image-18542\" src=\"https:\/\/www.organisator.ch\/wp-content\/uploads\/2023\/01\/Normalisierung-des-Arbeitsmarkts-Schonfrist-fuer-Ue50-vorbei-1_Organisator.jpg\" alt=\"\" width=\"680\" height=\"454\" srcset=\"https:\/\/www.organisator.ch\/wp-content\/uploads\/2023\/01\/Normalisierung-des-Arbeitsmarkts-Schonfrist-fuer-Ue50-vorbei-1_Organisator.jpg 680w, https:\/\/www.organisator.ch\/wp-content\/uploads\/2023\/01\/Normalisierung-des-Arbeitsmarkts-Schonfrist-fuer-Ue50-vorbei-1_Organisator-18x12.jpg 18w, https:\/\/www.organisator.ch\/wp-content\/uploads\/2023\/01\/Normalisierung-des-Arbeitsmarkts-Schonfrist-fuer-Ue50-vorbei-1_Organisator-375x250.jpg 375w, https:\/\/www.organisator.ch\/wp-content\/uploads\/2023\/01\/Normalisierung-des-Arbeitsmarkts-Schonfrist-fuer-Ue50-vorbei-1_Organisator-524x350.jpg 524w\" sizes=\"auto, (max-width: 680px) 100vw, 680px\" \/><figcaption id=\"caption-attachment-18542\" class=\"wp-caption-text\">Il mercato del lavoro sembra normalizzarsi: gli over 50 non godono pi\u00f9 di una protezione morale durante le ondate di licenziamenti. (Immagine: lisafx \/ Depositphotos.com)<\/figcaption><\/figure>\n<p>Il Barometro del mercato del lavoro 2023 di Von Rundstedt copre l'intera Svizzera e si basa sulle informazioni fornite da 1.866 dipendenti colpiti da licenziamento e da 192 aziende di vari settori che hanno dovuto effettuare licenziamenti in Svizzera nel 2022. Il quadro fornisce quindi un'immagine rappresentativa del mercato del lavoro svizzero nel 2022, da cui \u00e8 possibile trarre una serie di risultati interessanti.<\/p>\n<h3>Rallentamento economico e del mercato del lavoro in vista<\/h3>\n<p>\"Dalla met\u00e0 del 2022 sono stati annunciati altri licenziamenti e i primi progetti di ridimensionamento e ristrutturazione. Ci saranno altri licenziamenti nel prossimo futuro\", afferma Pascal Scheiwiller, CEO di Von Rundstedt. Dopo che nel 2021 e nella prima met\u00e0 del 2022 era stato annunciato un numero significativamente inferiore di licenziamenti, dalla met\u00e0 del 2022 si \u00e8 registrato un nuovo aumento dei licenziamenti. Dato l'elevato numero di posti vacanti, questo dato non \u00e8 cos\u00ec significativo. D'altra parte, c'\u00e8 pi\u00f9 fluttuazione e le condizioni del mercato del lavoro sembrano tornare lentamente alla normalit\u00e0, secondo lo specialista di outplacement. Si fa inoltre riferimento all'osservazione che alla fine del 2022 erano stati annunciati altri progetti di ridimensionamento e ristrutturazione. Un totale di 76% delle cessazioni nel 2022 \u00e8 avvenuto nel contesto di una riduzione o di una misura di ristrutturazione. L'anno precedente erano solo 67%. Ci\u00f2 indica che le aziende stanno di nuovo effettuando maggiori aggiustamenti strutturali e non solo cercano nuovo personale, ma anche rilasciano personale e adeguano l'organizzazione allo stesso tempo. Questo non indica ancora una recessione, ma una sorta di normalizzazione del mercato del lavoro.<\/p>\n<figure id=\"attachment_18543\" aria-describedby=\"caption-attachment-18543\" style=\"width: 680px\" class=\"wp-caption alignnone\"><img loading=\"lazy\" decoding=\"async\" class=\"size-full wp-image-18543\" src=\"https:\/\/www.organisator.ch\/wp-content\/uploads\/2023\/01\/Normalisierung-des-Arbeitsmarkts-Schonfrist-fuer-Ue50-vorbei-2_Organisator.jpg\" alt=\"\" width=\"680\" height=\"290\" srcset=\"https:\/\/www.organisator.ch\/wp-content\/uploads\/2023\/01\/Normalisierung-des-Arbeitsmarkts-Schonfrist-fuer-Ue50-vorbei-2_Organisator.jpg 680w, https:\/\/www.organisator.ch\/wp-content\/uploads\/2023\/01\/Normalisierung-des-Arbeitsmarkts-Schonfrist-fuer-Ue50-vorbei-2_Organisator-18x8.jpg 18w, https:\/\/www.organisator.ch\/wp-content\/uploads\/2023\/01\/Normalisierung-des-Arbeitsmarkts-Schonfrist-fuer-Ue50-vorbei-2_Organisator-375x160.jpg 375w\" sizes=\"auto, (max-width: 680px) 100vw, 680px\" \/><figcaption id=\"caption-attachment-18543\" class=\"wp-caption-text\">Informazioni sulle aziende che hanno terminato la loro attivit\u00e0. (Grafico: Von Rundstedt)<\/figcaption><\/figure>\n<h3>Niente pi\u00f9 protezione morale per gli over 50<\/h3>\n<p>Sembra che prima dell'attuale situazione del mercato del lavoro, il \"periodo di grazia\" per i dipendenti pi\u00f9 anziani sia scaduto. Pascal Schweiller: \"Attualmente, il tasso di licenziamento degli ultracinquantenni \u00e8 significativamente pi\u00f9 alto rispetto alle altre fasce d'et\u00e0. I molti posti vacanti apparentemente legittimano le aziende a licenziare sempre pi\u00f9 spesso i dipendenti pi\u00f9 anziani senza attivare speciali misure di protezione\". I dati mostrano: nel 2022, 39% dei licenziamenti hanno riguardato la fascia di et\u00e0 superiore ai 50 anni. Questo tasso \u00e8 significativamente pi\u00f9 alto rispetto all'anno precedente (31%) e al tasso di occupazione \u00dc50 di 32%. Negli ultimi anni, questa cifra \u00e8 stata per lo pi\u00f9 vicina al tasso di occupazione (30-32%). Quindi, in termini relativi, nel 2022 sono stati licenziati molti pi\u00f9 O50. A quanto pare, il buon contesto di mercato per le persone in cerca di lavoro e i numerosi posti vacanti fanno s\u00ec che i datori di lavoro non siano pi\u00f9 molto preoccupati per gli interessati, n\u00e9 temano la stampa negativa e il danno alla reputazione in caso di licenziamenti \u00dc50.<\/p>\n<h3>Profili ancora pi\u00f9 difficili da trovare di nuovo e pi\u00f9 rapidamente un nuovo lavoro<\/h3>\n<p>Tuttavia, la situazione per chi cerca lavoro non pu\u00f2 essere definita drammatica. \"La durata della ricerca di lavoro \u00e8 nuovamente diminuita. In particolare per gli over 50 e per i profili difficili, il tempo di ricerca si \u00e8 ridotto notevolmente\", afferma Pascal Scheiwiller. Dopo i 5,3 mesi del 2021, anche la durata media della ricerca di lavoro in tutte le categorie \u00e8 stata bassa, con 5,2 mesi nel 2022. Tuttavia, la situazione \u00e8 migliorata in modo significativo, soprattutto nella categoria degli over 50. In due anni \u00e8 sceso da 8,3 mesi (2020) a 6,9 mesi (2021) e ora a 6,1 mesi (2022) - uno sviluppo positivo. In generale, la forbice tra profili presumibilmente facili e difficili si \u00e8 ridotta. Nel 2020, la durata media della ricerca di profili difficili era ancora di 11,8 mesi. Nel 2021, la durata della ricerca per questa categoria \u00e8 gi\u00e0 stata ridotta a 9,2 mesi e nel 2022 a 7,3 mesi. Secondo von Rundstedt, quindi, tutte le categorie stanno attualmente beneficiando della carenza di lavoratori qualificati e trovano un nuovo lavoro molto pi\u00f9 rapidamente.<\/p>\n<h3>Buone possibilit\u00e0 con le posizioni pubblicate pubblicamente<\/h3>\n<p>Negli ultimi anni, il mercato del lavoro nascosto e le reti personali sono state a lungo la ricetta segreta per ottenere i lavori pi\u00f9 interessanti. Secondo un'altra delle scoperte di Von Rundstedt, nell'ultimo anno la situazione \u00e8 diventata relativa. Nel 2022, solo 27% di persone in cerca di lavoro hanno trovato lavoro attraverso la rete personale (2021: 37%). La maggior parte dei nuovi posti di lavoro \u00e8 stata trovata tramite annunci pubblici di lavoro nel 2022 (48%). Questo tasso di successo \u00e8 significativamente superiore a quello dell'anno precedente (34%). Ci\u00f2 \u00e8 dovuto al fatto che sempre pi\u00f9 posti di lavoro vengono pubblicizzati anche pubblicamente. La scelta di posti di lavoro pubblicizzati \u00e8 attualmente molto ampia. I reclutatori e i cacciatori di teste stanno diventando relativamente meno importanti. Possono vantare due buoni anni di attivit\u00e0 grazie all'ondata di assunzioni degli ultimi due anni. Tuttavia, la loro importanza relativa \u00e8 in calo. Nel 2022, solo il 3% delle persone in cerca di lavoro ha trovato un nuovo impiego tramite un reclutatore. Si tratta di una forte diminuzione rispetto agli anni precedenti (2021: 9%).<\/p>\n<h3>Continua ad essere elevata la mobilit\u00e0 del settore<\/h3>\n<p>Un altro dato: sebbene molte aziende si attengano ancora all'esperienza nel settore, la disponibilit\u00e0 ad assumere candidati esterni al settore \u00e8 aumentata notevolmente negli ultimi due anni. Nel 2022, 48% di persone in cerca di lavoro sono riuscite a cambiare settore con successo. Questa \u00e8 la prova di una crescente flessibilit\u00e0 da parte dei datori di lavoro e sottolinea ancora una volta la pressione della carenza di competenze. Si osserva una mobilit\u00e0 molto minore nella funzione di chi cerca lavoro. Nel 2022, solo 24% dei candidati sono stati in grado di cambiare funzione. Soprattutto in vista della trasformazione digitale e dei prossimi cambiamenti strutturali, sarebbe auspicabile una maggiore mobilit\u00e0 funzionale. Se possibile, le aziende assumono solo candidati che hanno gi\u00e0 esperienza nella stessa funzione.<\/p>\n<h3>Sviluppo salariale stabile e positivo<\/h3>\n<p>\"Grazie alla carenza di lavoratori qualificati e all'inflazione, i salari tendono ad aumentare. Tuttavia, l'andamento sembra abbastanza stabile rispetto ad altri Paesi\", afferma Pascal Scheiwiller a proposito dell'evoluzione dei salari. Secondo l'analisi dei dati, nel 2022 40% delle persone in cerca di lavoro sarebbero state in grado di ottenere un salario pi\u00f9 alto nella loro nuova posizione dopo il licenziamento. Solo 21% ha dovuto accettare un salario inferiore. Indicizzato, ci\u00f2 si traduce in un aumento salariale medio di 2% in questa categoria. L'andamento \u00e8 quindi in linea con l'inflazione e pu\u00f2 essere considerato stabile. Va notato che le aziende sono felici di offrire buoni stipendi in caso di profili critici e assunzioni dirette. L'evoluzione salariale per questa categoria \u00e8 stata di 13%. Ci\u00f2 conferma la tesi secondo cui la carenza di lavoratori qualificati in settori specifici sta chiaramente incentivando lo sviluppo dei salari.<\/p>\n<p><em>Fonte: <a href=\"http:\/\/www.rundstedt.ch\">Von Rundstedt<\/a><\/em><\/p>","protected":false},"excerpt":{"rendered":"<p>Der Arbeitsmarkt-Barometer 2023 von Von Rundstedt bezieht sich auf die gesamte Schweiz und basiert auf den Informationen von 1\u2019866 von einer K\u00fcndigung betroffenen Mitarbeitern und von 192 Unternehmen aus verschiedenen Branchen, welche 2022 in der Schweiz K\u00fcndigungen aussprechen mussten. Er ergibt somit ein repr\u00e4sentatives Abbild des gesamtschweizerischen Arbeitsmarktes 2022. Daraus ableiten lassen sich einige interessante [&hellip;]<\/p>\n","protected":false},"author":4,"featured_media":18542,"comment_status":"closed","ping_status":"closed","sticky":false,"template":"","format":"standard","meta":{"_acf_changed":false,"_yoast_wpseo_focuskw":"Normalisierung","_yoast_wpseo_metadesc":"Das Outplacement-Unternehmen von Rundstedt hat Arbeitsmarktdaten von 2022 ausgewertet: Eine Normalisierung des Arbeitsmarkts ist in Sicht.","articlekey":"","footnotes":""},"categories":[579],"tags":[47,310,3591],"class_list":["post-18541","post","type-post","status-publish","format-standard","has-post-thumbnail","hentry","category-human-resources","tag-arbeitsmarkt","tag-konjunktur","tag-ue50"],"acf":[],"yoast_head":"<!-- This site is optimized with the Yoast SEO plugin v27.5 - https:\/\/yoast.com\/product\/yoast-seo-wordpress\/ -->\n<title>Normalisierung des Arbeitsmarkts - Schonfrist f\u00fcr \u00dc50 vorbei? - Organisator<\/title>\n<meta name=\"description\" content=\"Das Outplacement-Unternehmen von Rundstedt hat Arbeitsmarktdaten von 2022 ausgewertet: Eine Normalisierung des Arbeitsmarkts ist in Sicht.\" \/>\n<meta name=\"robots\" content=\"index, follow, max-snippet:-1, max-image-preview:large, max-video-preview:-1\" \/>\n<link rel=\"canonical\" href=\"https:\/\/www.organisator.ch\/it\/risorse-umane\/2023-01-19\/normalisierung-des-arbeitsmarkts-schonfrist-fuer-ue50-vorbei\/\" \/>\n<meta property=\"og:locale\" content=\"it_IT\" \/>\n<meta property=\"og:type\" content=\"article\" \/>\n<meta property=\"og:title\" content=\"Normalisierung des Arbeitsmarkts - Schonfrist f\u00fcr \u00dc50 vorbei?\" \/>\n<meta property=\"og:description\" content=\"Das Outplacement-Unternehmen von Rundstedt hat Arbeitsmarktdaten von 2022 ausgewertet: Eine Normalisierung des Arbeitsmarkts ist in Sicht.\" \/>\n<meta property=\"og:url\" content=\"https:\/\/www.organisator.ch\/it\/risorse-umane\/2023-01-19\/normalisierung-des-arbeitsmarkts-schonfrist-fuer-ue50-vorbei\/\" \/>\n<meta property=\"og:site_name\" content=\"Organisator\" \/>\n<meta property=\"article:publisher\" content=\"https:\/\/www.facebook.com\/OrganisatorFachmagazin\" \/>\n<meta property=\"article:published_time\" content=\"2023-01-19T09:16:51+00:00\" \/>\n<meta property=\"og:image\" content=\"https:\/\/www.organisator.ch\/wp-content\/uploads\/2023\/01\/Normalisierung-des-Arbeitsmarkts-Schonfrist-fuer-Ue50-vorbei-1_Organisator.jpg\" \/>\n\t<meta property=\"og:image:width\" content=\"680\" \/>\n\t<meta property=\"og:image:height\" content=\"454\" \/>\n\t<meta property=\"og:image:type\" content=\"image\/jpeg\" \/>\n<meta name=\"author\" content=\"thomas.berner\" \/>\n<meta name=\"twitter:card\" content=\"summary_large_image\" \/>\n<meta name=\"twitter:title\" content=\"#Normalisierung des #Arbeitsmarkts - Schonfrist f\u00fcr #\u00dc50 vorbei?\" \/>\n<meta name=\"twitter:description\" content=\"Das #Outplacement-Unternehmen von Rundstedt hat #Arbeitsmarktdaten von 2022 ausgewertet: Eine #Normalisierung des Arbeitsmarkts ist in Sicht.\" \/>\n<meta name=\"twitter:image\" content=\"https:\/\/www.organisator.ch\/wp-content\/uploads\/2023\/01\/Normalisierung-des-Arbeitsmarkts-Schonfrist-fuer-Ue50-vorbei-1_Organisator.jpg\" \/>\n<script type=\"application\/ld+json\" class=\"yoast-schema-graph\">{\"@context\":\"https:\\\/\\\/schema.org\",\"@graph\":[{\"@type\":\"Article\",\"@id\":\"https:\\\/\\\/www.organisator.ch\\\/human-resources\\\/2023-01-19\\\/normalisierung-des-arbeitsmarkts-schonfrist-fuer-ue50-vorbei\\\/#article\",\"isPartOf\":{\"@id\":\"https:\\\/\\\/www.organisator.ch\\\/human-resources\\\/2023-01-19\\\/normalisierung-des-arbeitsmarkts-schonfrist-fuer-ue50-vorbei\\\/\"},\"author\":{\"name\":\"thomas.berner\",\"@id\":\"https:\\\/\\\/www.organisator.ch\\\/#\\\/schema\\\/person\\\/6f650f90b2842cd4c0cc334b4e36f67e\"},\"headline\":\"Normalisierung des Arbeitsmarkts &#8211; Schonfrist f\u00fcr \u00dc50 vorbei?\",\"datePublished\":\"2023-01-19T09:16:51+00:00\",\"mainEntityOfPage\":{\"@id\":\"https:\\\/\\\/www.organisator.ch\\\/human-resources\\\/2023-01-19\\\/normalisierung-des-arbeitsmarkts-schonfrist-fuer-ue50-vorbei\\\/\"},\"wordCount\":994,\"publisher\":{\"@id\":\"https:\\\/\\\/www.organisator.ch\\\/#organization\"},\"image\":{\"@id\":\"https:\\\/\\\/www.organisator.ch\\\/human-resources\\\/2023-01-19\\\/normalisierung-des-arbeitsmarkts-schonfrist-fuer-ue50-vorbei\\\/#primaryimage\"},\"thumbnailUrl\":\"https:\\\/\\\/www.organisator.ch\\\/wp-content\\\/uploads\\\/2023\\\/01\\\/Normalisierung-des-Arbeitsmarkts-Schonfrist-fuer-Ue50-vorbei-1_Organisator.jpg\",\"keywords\":[\"Arbeitsmarkt\",\"Konjunktur\",\"\u00dc50\"],\"articleSection\":[\"HUMAN RESOURCES\"],\"inLanguage\":\"it-IT\"},{\"@type\":\"WebPage\",\"@id\":\"https:\\\/\\\/www.organisator.ch\\\/human-resources\\\/2023-01-19\\\/normalisierung-des-arbeitsmarkts-schonfrist-fuer-ue50-vorbei\\\/\",\"url\":\"https:\\\/\\\/www.organisator.ch\\\/human-resources\\\/2023-01-19\\\/normalisierung-des-arbeitsmarkts-schonfrist-fuer-ue50-vorbei\\\/\",\"name\":\"Normalisierung des Arbeitsmarkts - Schonfrist f\u00fcr \u00dc50 vorbei? - Organisator\",\"isPartOf\":{\"@id\":\"https:\\\/\\\/www.organisator.ch\\\/#website\"},\"primaryImageOfPage\":{\"@id\":\"https:\\\/\\\/www.organisator.ch\\\/human-resources\\\/2023-01-19\\\/normalisierung-des-arbeitsmarkts-schonfrist-fuer-ue50-vorbei\\\/#primaryimage\"},\"image\":{\"@id\":\"https:\\\/\\\/www.organisator.ch\\\/human-resources\\\/2023-01-19\\\/normalisierung-des-arbeitsmarkts-schonfrist-fuer-ue50-vorbei\\\/#primaryimage\"},\"thumbnailUrl\":\"https:\\\/\\\/www.organisator.ch\\\/wp-content\\\/uploads\\\/2023\\\/01\\\/Normalisierung-des-Arbeitsmarkts-Schonfrist-fuer-Ue50-vorbei-1_Organisator.jpg\",\"datePublished\":\"2023-01-19T09:16:51+00:00\",\"description\":\"Das Outplacement-Unternehmen von Rundstedt hat Arbeitsmarktdaten von 2022 ausgewertet: Eine Normalisierung des Arbeitsmarkts ist in Sicht.\",\"breadcrumb\":{\"@id\":\"https:\\\/\\\/www.organisator.ch\\\/human-resources\\\/2023-01-19\\\/normalisierung-des-arbeitsmarkts-schonfrist-fuer-ue50-vorbei\\\/#breadcrumb\"},\"inLanguage\":\"it-IT\",\"potentialAction\":[{\"@type\":\"ReadAction\",\"target\":[\"https:\\\/\\\/www.organisator.ch\\\/human-resources\\\/2023-01-19\\\/normalisierung-des-arbeitsmarkts-schonfrist-fuer-ue50-vorbei\\\/\"]}]},{\"@type\":\"ImageObject\",\"inLanguage\":\"it-IT\",\"@id\":\"https:\\\/\\\/www.organisator.ch\\\/human-resources\\\/2023-01-19\\\/normalisierung-des-arbeitsmarkts-schonfrist-fuer-ue50-vorbei\\\/#primaryimage\",\"url\":\"https:\\\/\\\/www.organisator.ch\\\/wp-content\\\/uploads\\\/2023\\\/01\\\/Normalisierung-des-Arbeitsmarkts-Schonfrist-fuer-Ue50-vorbei-1_Organisator.jpg\",\"contentUrl\":\"https:\\\/\\\/www.organisator.ch\\\/wp-content\\\/uploads\\\/2023\\\/01\\\/Normalisierung-des-Arbeitsmarkts-Schonfrist-fuer-Ue50-vorbei-1_Organisator.jpg\",\"width\":680,\"height\":454,\"caption\":\"Der Arbeitsmarkt scheint sich zu normalisieren - \u00fcber 50-J\u00e4hrige m\u00fcssen wohl wieder mit l\u00e4ngeren Arbeitssuchen rechnen. (Bild: lisafx \\\/ Depositphotos.com)\"},{\"@type\":\"BreadcrumbList\",\"@id\":\"https:\\\/\\\/www.organisator.ch\\\/human-resources\\\/2023-01-19\\\/normalisierung-des-arbeitsmarkts-schonfrist-fuer-ue50-vorbei\\\/#breadcrumb\",\"itemListElement\":[{\"@type\":\"ListItem\",\"position\":1,\"name\":\"Home\",\"item\":\"https:\\\/\\\/www.organisator.ch\\\/\"},{\"@type\":\"ListItem\",\"position\":2,\"name\":\"Normalisierung des Arbeitsmarkts &#8211; Schonfrist f\u00fcr \u00dc50 vorbei?\"}]},{\"@type\":\"WebSite\",\"@id\":\"https:\\\/\\\/www.organisator.ch\\\/#website\",\"url\":\"https:\\\/\\\/www.organisator.ch\\\/\",\"name\":\"Organisator\",\"description\":\"Kompetent. Praxisnah. Der ORGANISATOR bereitet in 10 Ausgaben pro Jahr die wesentlichen Themen f\u00fcr F\u00fchrungskr\u00e4fte von KMU auf.\",\"publisher\":{\"@id\":\"https:\\\/\\\/www.organisator.ch\\\/#organization\"},\"potentialAction\":[{\"@type\":\"SearchAction\",\"target\":{\"@type\":\"EntryPoint\",\"urlTemplate\":\"https:\\\/\\\/www.organisator.ch\\\/?s={search_term_string}\"},\"query-input\":{\"@type\":\"PropertyValueSpecification\",\"valueRequired\":true,\"valueName\":\"search_term_string\"}}],\"inLanguage\":\"it-IT\"},{\"@type\":\"Organization\",\"@id\":\"https:\\\/\\\/www.organisator.ch\\\/#organization\",\"name\":\"Organisator\",\"url\":\"https:\\\/\\\/www.organisator.ch\\\/\",\"logo\":{\"@type\":\"ImageObject\",\"inLanguage\":\"it-IT\",\"@id\":\"https:\\\/\\\/www.organisator.ch\\\/#\\\/schema\\\/logo\\\/image\\\/\",\"url\":\"https:\\\/\\\/www.organisator.ch\\\/wp-content\\\/uploads\\\/2022\\\/01\\\/Logo_Organisator_Website.png\",\"contentUrl\":\"https:\\\/\\\/www.organisator.ch\\\/wp-content\\\/uploads\\\/2022\\\/01\\\/Logo_Organisator_Website.png\",\"width\":800,\"height\":77,\"caption\":\"Organisator\"},\"image\":{\"@id\":\"https:\\\/\\\/www.organisator.ch\\\/#\\\/schema\\\/logo\\\/image\\\/\"},\"sameAs\":[\"https:\\\/\\\/www.facebook.com\\\/OrganisatorFachmagazin\",\"https:\\\/\\\/www.linkedin.com\\\/showcase\\\/organisator-das-magazin-fr-kmu\",\"https:\\\/\\\/www.xing.com\\\/news\\\/pages\\\/organisator-ch-695\",\"https:\\\/\\\/www.youtube.com\\\/channel\\\/UCGP2Sq0iWaZwT3BdIAQFYpw\"]},{\"@type\":\"Person\",\"@id\":\"https:\\\/\\\/www.organisator.ch\\\/#\\\/schema\\\/person\\\/6f650f90b2842cd4c0cc334b4e36f67e\",\"name\":\"thomas.berner\",\"image\":{\"@type\":\"ImageObject\",\"inLanguage\":\"it-IT\",\"@id\":\"https:\\\/\\\/secure.gravatar.com\\\/avatar\\\/ac5001d2a36cb6c6cd3e50789007ffca834b477b74a2144564522e944eabff61?s=96&d=mm&r=g\",\"url\":\"https:\\\/\\\/secure.gravatar.com\\\/avatar\\\/ac5001d2a36cb6c6cd3e50789007ffca834b477b74a2144564522e944eabff61?s=96&d=mm&r=g\",\"contentUrl\":\"https:\\\/\\\/secure.gravatar.com\\\/avatar\\\/ac5001d2a36cb6c6cd3e50789007ffca834b477b74a2144564522e944eabff61?s=96&d=mm&r=g\",\"caption\":\"thomas.berner\"},\"url\":\"https:\\\/\\\/www.organisator.ch\\\/it\\\/author\\\/thomas-berner\\\/\"}]}<\/script>\n<!-- \/ Yoast SEO plugin. -->","yoast_head_json":{"title":"Normalizzazione del mercato del lavoro - periodo di grazia per gli over 50? - Organizzatore","description":"L'azienda di outplacement von Rundstedt ha valutato i dati del mercato del lavoro a partire dal 2022: \u00e8 in vista una normalizzazione del mercato del lavoro.","robots":{"index":"index","follow":"follow","max-snippet":"max-snippet:-1","max-image-preview":"max-image-preview:large","max-video-preview":"max-video-preview:-1"},"canonical":"https:\/\/www.organisator.ch\/it\/risorse-umane\/2023-01-19\/normalisierung-des-arbeitsmarkts-schonfrist-fuer-ue50-vorbei\/","og_locale":"it_IT","og_type":"article","og_title":"Normalisierung des Arbeitsmarkts - Schonfrist f\u00fcr \u00dc50 vorbei?","og_description":"Das Outplacement-Unternehmen von Rundstedt hat Arbeitsmarktdaten von 2022 ausgewertet: Eine Normalisierung des Arbeitsmarkts ist in Sicht.","og_url":"https:\/\/www.organisator.ch\/it\/risorse-umane\/2023-01-19\/normalisierung-des-arbeitsmarkts-schonfrist-fuer-ue50-vorbei\/","og_site_name":"Organisator","article_publisher":"https:\/\/www.facebook.com\/OrganisatorFachmagazin","article_published_time":"2023-01-19T09:16:51+00:00","og_image":[{"width":680,"height":454,"url":"https:\/\/www.organisator.ch\/wp-content\/uploads\/2023\/01\/Normalisierung-des-Arbeitsmarkts-Schonfrist-fuer-Ue50-vorbei-1_Organisator.jpg","type":"image\/jpeg"}],"author":"thomas.berner","twitter_card":"summary_large_image","twitter_title":"#Normalisierung des #Arbeitsmarkts - Schonfrist f\u00fcr #\u00dc50 vorbei?","twitter_description":"Das #Outplacement-Unternehmen von Rundstedt hat #Arbeitsmarktdaten von 2022 ausgewertet: Eine #Normalisierung des Arbeitsmarkts ist in Sicht.","twitter_image":"https:\/\/www.organisator.ch\/wp-content\/uploads\/2023\/01\/Normalisierung-des-Arbeitsmarkts-Schonfrist-fuer-Ue50-vorbei-1_Organisator.jpg","schema":{"@context":"https:\/\/schema.org","@graph":[{"@type":"Article","@id":"https:\/\/www.organisator.ch\/human-resources\/2023-01-19\/normalisierung-des-arbeitsmarkts-schonfrist-fuer-ue50-vorbei\/#article","isPartOf":{"@id":"https:\/\/www.organisator.ch\/human-resources\/2023-01-19\/normalisierung-des-arbeitsmarkts-schonfrist-fuer-ue50-vorbei\/"},"author":{"name":"thomas.berner","@id":"https:\/\/www.organisator.ch\/#\/schema\/person\/6f650f90b2842cd4c0cc334b4e36f67e"},"headline":"Normalisierung des Arbeitsmarkts &#8211; Schonfrist f\u00fcr \u00dc50 vorbei?","datePublished":"2023-01-19T09:16:51+00:00","mainEntityOfPage":{"@id":"https:\/\/www.organisator.ch\/human-resources\/2023-01-19\/normalisierung-des-arbeitsmarkts-schonfrist-fuer-ue50-vorbei\/"},"wordCount":994,"publisher":{"@id":"https:\/\/www.organisator.ch\/#organization"},"image":{"@id":"https:\/\/www.organisator.ch\/human-resources\/2023-01-19\/normalisierung-des-arbeitsmarkts-schonfrist-fuer-ue50-vorbei\/#primaryimage"},"thumbnailUrl":"https:\/\/www.organisator.ch\/wp-content\/uploads\/2023\/01\/Normalisierung-des-Arbeitsmarkts-Schonfrist-fuer-Ue50-vorbei-1_Organisator.jpg","keywords":["Arbeitsmarkt","Konjunktur","\u00dc50"],"articleSection":["HUMAN RESOURCES"],"inLanguage":"it-IT"},{"@type":"WebPage","@id":"https:\/\/www.organisator.ch\/human-resources\/2023-01-19\/normalisierung-des-arbeitsmarkts-schonfrist-fuer-ue50-vorbei\/","url":"https:\/\/www.organisator.ch\/human-resources\/2023-01-19\/normalisierung-des-arbeitsmarkts-schonfrist-fuer-ue50-vorbei\/","name":"Normalizzazione del mercato del lavoro - periodo di grazia per gli over 50? - Organizzatore","isPartOf":{"@id":"https:\/\/www.organisator.ch\/#website"},"primaryImageOfPage":{"@id":"https:\/\/www.organisator.ch\/human-resources\/2023-01-19\/normalisierung-des-arbeitsmarkts-schonfrist-fuer-ue50-vorbei\/#primaryimage"},"image":{"@id":"https:\/\/www.organisator.ch\/human-resources\/2023-01-19\/normalisierung-des-arbeitsmarkts-schonfrist-fuer-ue50-vorbei\/#primaryimage"},"thumbnailUrl":"https:\/\/www.organisator.ch\/wp-content\/uploads\/2023\/01\/Normalisierung-des-Arbeitsmarkts-Schonfrist-fuer-Ue50-vorbei-1_Organisator.jpg","datePublished":"2023-01-19T09:16:51+00:00","description":"L'azienda di outplacement von Rundstedt ha valutato i dati del mercato del lavoro a partire dal 2022: \u00e8 in vista una normalizzazione del mercato del lavoro.","breadcrumb":{"@id":"https:\/\/www.organisator.ch\/human-resources\/2023-01-19\/normalisierung-des-arbeitsmarkts-schonfrist-fuer-ue50-vorbei\/#breadcrumb"},"inLanguage":"it-IT","potentialAction":[{"@type":"ReadAction","target":["https:\/\/www.organisator.ch\/human-resources\/2023-01-19\/normalisierung-des-arbeitsmarkts-schonfrist-fuer-ue50-vorbei\/"]}]},{"@type":"ImageObject","inLanguage":"it-IT","@id":"https:\/\/www.organisator.ch\/human-resources\/2023-01-19\/normalisierung-des-arbeitsmarkts-schonfrist-fuer-ue50-vorbei\/#primaryimage","url":"https:\/\/www.organisator.ch\/wp-content\/uploads\/2023\/01\/Normalisierung-des-Arbeitsmarkts-Schonfrist-fuer-Ue50-vorbei-1_Organisator.jpg","contentUrl":"https:\/\/www.organisator.ch\/wp-content\/uploads\/2023\/01\/Normalisierung-des-Arbeitsmarkts-Schonfrist-fuer-Ue50-vorbei-1_Organisator.jpg","width":680,"height":454,"caption":"Der Arbeitsmarkt scheint sich zu normalisieren - \u00fcber 50-J\u00e4hrige m\u00fcssen wohl wieder mit l\u00e4ngeren Arbeitssuchen rechnen. (Bild: lisafx \/ Depositphotos.com)"},{"@type":"BreadcrumbList","@id":"https:\/\/www.organisator.ch\/human-resources\/2023-01-19\/normalisierung-des-arbeitsmarkts-schonfrist-fuer-ue50-vorbei\/#breadcrumb","itemListElement":[{"@type":"ListItem","position":1,"name":"Home","item":"https:\/\/www.organisator.ch\/"},{"@type":"ListItem","position":2,"name":"Normalisierung des Arbeitsmarkts &#8211; Schonfrist f\u00fcr \u00dc50 vorbei?"}]},{"@type":"WebSite","@id":"https:\/\/www.organisator.ch\/#website","url":"https:\/\/www.organisator.ch\/","name":"Organizzatore","description":"Competente. Pratico. In 10 numeri all'anno, ORGANISATOR presenta i temi essenziali per i manager delle PMI.","publisher":{"@id":"https:\/\/www.organisator.ch\/#organization"},"potentialAction":[{"@type":"SearchAction","target":{"@type":"EntryPoint","urlTemplate":"https:\/\/www.organisator.ch\/?s={search_term_string}"},"query-input":{"@type":"PropertyValueSpecification","valueRequired":true,"valueName":"search_term_string"}}],"inLanguage":"it-IT"},{"@type":"Organization","@id":"https:\/\/www.organisator.ch\/#organization","name":"Organizzatore","url":"https:\/\/www.organisator.ch\/","logo":{"@type":"ImageObject","inLanguage":"it-IT","@id":"https:\/\/www.organisator.ch\/#\/schema\/logo\/image\/","url":"https:\/\/www.organisator.ch\/wp-content\/uploads\/2022\/01\/Logo_Organisator_Website.png","contentUrl":"https:\/\/www.organisator.ch\/wp-content\/uploads\/2022\/01\/Logo_Organisator_Website.png","width":800,"height":77,"caption":"Organisator"},"image":{"@id":"https:\/\/www.organisator.ch\/#\/schema\/logo\/image\/"},"sameAs":["https:\/\/www.facebook.com\/OrganisatorFachmagazin","https:\/\/www.linkedin.com\/showcase\/organisator-das-magazin-fr-kmu","https:\/\/www.xing.com\/news\/pages\/organisator-ch-695","https:\/\/www.youtube.com\/channel\/UCGP2Sq0iWaZwT3BdIAQFYpw"]},{"@type":"Person","@id":"https:\/\/www.organisator.ch\/#\/schema\/person\/6f650f90b2842cd4c0cc334b4e36f67e","name":"Tommaso.berner","image":{"@type":"ImageObject","inLanguage":"it-IT","@id":"https:\/\/secure.gravatar.com\/avatar\/ac5001d2a36cb6c6cd3e50789007ffca834b477b74a2144564522e944eabff61?s=96&d=mm&r=g","url":"https:\/\/secure.gravatar.com\/avatar\/ac5001d2a36cb6c6cd3e50789007ffca834b477b74a2144564522e944eabff61?s=96&d=mm&r=g","contentUrl":"https:\/\/secure.gravatar.com\/avatar\/ac5001d2a36cb6c6cd3e50789007ffca834b477b74a2144564522e944eabff61?s=96&d=mm&r=g","caption":"thomas.berner"},"url":"https:\/\/www.organisator.ch\/it\/author\/thomas-berner\/"}]}},"_links":{"self":[{"href":"https:\/\/www.organisator.ch\/it\/wp-json\/wp\/v2\/posts\/18541","targetHints":{"allow":["GET"]}}],"collection":[{"href":"https:\/\/www.organisator.ch\/it\/wp-json\/wp\/v2\/posts"}],"about":[{"href":"https:\/\/www.organisator.ch\/it\/wp-json\/wp\/v2\/types\/post"}],"author":[{"embeddable":true,"href":"https:\/\/www.organisator.ch\/it\/wp-json\/wp\/v2\/users\/4"}],"replies":[{"embeddable":true,"href":"https:\/\/www.organisator.ch\/it\/wp-json\/wp\/v2\/comments?post=18541"}],"version-history":[{"count":1,"href":"https:\/\/www.organisator.ch\/it\/wp-json\/wp\/v2\/posts\/18541\/revisions"}],"predecessor-version":[{"id":18544,"href":"https:\/\/www.organisator.ch\/it\/wp-json\/wp\/v2\/posts\/18541\/revisions\/18544"}],"wp:featuredmedia":[{"embeddable":true,"href":"https:\/\/www.organisator.ch\/it\/wp-json\/wp\/v2\/media\/18542"}],"wp:attachment":[{"href":"https:\/\/www.organisator.ch\/it\/wp-json\/wp\/v2\/media?parent=18541"}],"wp:term":[{"taxonomy":"category","embeddable":true,"href":"https:\/\/www.organisator.ch\/it\/wp-json\/wp\/v2\/categories?post=18541"},{"taxonomy":"post_tag","embeddable":true,"href":"https:\/\/www.organisator.ch\/it\/wp-json\/wp\/v2\/tags?post=18541"}],"curies":[{"name":"wp","href":"https:\/\/api.w.org\/{rel}","templated":true}]}}