{"id":18558,"date":"2023-01-23T08:31:28","date_gmt":"2023-01-23T07:31:28","guid":{"rendered":"https:\/\/www.organisator.ch\/?p=18558"},"modified":"2023-01-31T15:03:09","modified_gmt":"2023-01-31T14:03:09","slug":"resilienz-als-teil-der-neuen-normalitaet","status":"publish","type":"post","link":"https:\/\/www.organisator.ch\/it\/management\/2023-01-23\/resilienz-als-teil-der-neuen-normalitaet\/","title":{"rendered":"La resilienza come parte della nuova normalit\u00e0"},"content":{"rendered":"<figure id=\"attachment_18559\" aria-describedby=\"caption-attachment-18559\" style=\"width: 680px\" class=\"wp-caption alignnone\"><img loading=\"lazy\" decoding=\"async\" class=\"size-full wp-image-18559\" src=\"https:\/\/www.organisator.ch\/wp-content\/uploads\/2023\/01\/Resilienz-als-Teil-der-neuen-Normalitaet-1_Organisator.jpg\" alt=\"\" width=\"680\" height=\"454\" srcset=\"https:\/\/www.organisator.ch\/wp-content\/uploads\/2023\/01\/Resilienz-als-Teil-der-neuen-Normalitaet-1_Organisator.jpg 680w, https:\/\/www.organisator.ch\/wp-content\/uploads\/2023\/01\/Resilienz-als-Teil-der-neuen-Normalitaet-1_Organisator-18x12.jpg 18w, https:\/\/www.organisator.ch\/wp-content\/uploads\/2023\/01\/Resilienz-als-Teil-der-neuen-Normalitaet-1_Organisator-375x250.jpg 375w, https:\/\/www.organisator.ch\/wp-content\/uploads\/2023\/01\/Resilienz-als-Teil-der-neuen-Normalitaet-1_Organisator-524x350.jpg 524w\" sizes=\"auto, (max-width: 680px) 100vw, 680px\" \/><figcaption id=\"caption-attachment-18559\" class=\"wp-caption-text\">L'ex consigliere federale Kaspar Villiger: Molti problemi delle democrazie sono fatti in casa. (Immagine: zVg \/ Wifo)<\/figcaption><\/figure>\n<p>Dopo la crisi, l'economia, la societ\u00e0 e la politica sono all'inizio di una nuova normalit\u00e0. Questo \u00e8 stato anche l'obiettivo del Forum economico di Rheintal di quest'anno. Con l'ex Consigliere federale Kaspar Villiger, il Presidente del Consiglio di Amministrazione di Sulzer Suzanne Thoma, il Comandante del Corpo Hans-Peter Walser e Johannes Gutmann, proprietario di Sonnentor Kr\u00e4uterhandels GmbH, la conferenza \u00e8 stata ancora una volta molto partecipata. I relatori hanno offerto al numeroso pubblico molti spunti di riflessione. L'ospite musicale a sorpresa \u00e8 stato Alexander Frei di Balgach, conosciuto con il nome d'arte Crimer.<\/p>\n<h3>Democrazie con problemi fatti in casa<\/h3>\n<p>A quasi 82 anni, 20 anni dopo aver lasciato il Consiglio federale, Kaspar Villiger \u00e8 ancora un saggio osservatore della politica e un consulente ricercato. Lo ha dimostrato in modo eloquente al Forum economico di Rheintal. Ha ricordato che la democrazia liberale non \u00e8 una forma di governo innata, ma richiede una cura costante a causa della sua vulnerabilit\u00e0. Molti dei problemi odierni nelle democrazie sono fatti in casa, soprattutto perch\u00e9 spesso si persegue il popolare piuttosto che il necessario. Secondo Villiger, \"anche la migliore democrazia ha bisogno di una societ\u00e0 civile vibrante che la difenda con le unghie e con i denti e che viva attivamente i suoi valori\". \u00c8 particolarmente importante che le democrazie continuino a resistere facendo i compiti a casa, difendendosi militarmente, restando unite e trovando modi per coesistere con le autocrazie.<\/p>\n<h3>Guerra e pace<\/h3>\n<p>Il comandante di corpo Hans-Peter Walser, capo dell'addestramento dell'Esercito svizzero, ha delineato il nuovo panorama della sicurezza sulla scia della guerra di aggressione russa all'Ucraina. Oggi non \u00e8 pi\u00f9 possibile tracciare una linea netta tra guerra e pace. Gli attacchi cibernetici da parte di un aggressore sono parte integrante di questo processo, cos\u00ec come il prendere di mira i bersagli pi\u00f9 deboli ed economici. Walser ha citato l'esempio della Cina, che con le sue partecipazioni economiche crea deliberatamente dipendenze in Occidente. Se c'\u00e8 un attacco militare, esso avviene a diversi livelli, tra cui il cyberspazio, lo spazio esterno e lo spazio dell'informazione. Tuttavia, le guerre vengono ancora decise militarmente sul campo. Dal punto di vista dei giovani svizzeri, vale ancora la pena, conclude Walser, prestare il servizio militare e proseguire gli studi in loco.<\/p>\n<figure id=\"attachment_18561\" aria-describedby=\"caption-attachment-18561\" style=\"width: 680px\" class=\"wp-caption alignnone\"><img loading=\"lazy\" decoding=\"async\" class=\"size-full wp-image-18561\" src=\"https:\/\/www.organisator.ch\/wp-content\/uploads\/2023\/01\/Resilienz-als-Teil-der-neuen-Normalitaet-3_Organisator.jpg\" alt=\"\" width=\"680\" height=\"454\" srcset=\"https:\/\/www.organisator.ch\/wp-content\/uploads\/2023\/01\/Resilienz-als-Teil-der-neuen-Normalitaet-3_Organisator.jpg 680w, https:\/\/www.organisator.ch\/wp-content\/uploads\/2023\/01\/Resilienz-als-Teil-der-neuen-Normalitaet-3_Organisator-18x12.jpg 18w, https:\/\/www.organisator.ch\/wp-content\/uploads\/2023\/01\/Resilienz-als-Teil-der-neuen-Normalitaet-3_Organisator-375x250.jpg 375w, https:\/\/www.organisator.ch\/wp-content\/uploads\/2023\/01\/Resilienz-als-Teil-der-neuen-Normalitaet-3_Organisator-524x350.jpg 524w\" sizes=\"auto, (max-width: 680px) 100vw, 680px\" \/><figcaption id=\"caption-attachment-18561\" class=\"wp-caption-text\">Johannes Gutmann: sostenitore dell'economia del bene comune come fattore di successo per affrontare la nuova normalit\u00e0. (Immagine: zVg \/ Wifo)<\/figcaption><\/figure>\n<h3>Elogio della sobriet\u00e0<\/h3>\n<p>Suzanne Thoma, Presidente del Consiglio di Amministrazione e CEO di Sulzer, ha parlato delle sfide dell'economia e della gestione aziendale. Ha inoltre sottolineato l'importanza di uno sviluppo resiliente. Per l'economia svizzera la pressione a livello globale \u00e8 pi\u00f9 forte \"di quanto vorremmo\", soprattutto a causa del forte orientamento alle esportazioni della Svizzera. La deglobalizzazione render\u00e0 le cose pi\u00f9 scomode nei prossimi anni. Le aziende hanno una sola soluzione: \"Dobbiamo tornare a una certa sobriet\u00e0.<\/p>\n<h3>L'economia del bene comune come ricetta per il successo nella nuova normalit\u00e0<\/h3>\n<p>Johannes Gutmann, proprietario dell'austriaca Sonnentor Kr\u00e4uterhandels GmbH, ha portato il sole nel palazzetto dello sport di Aegeten. Nel 1988, insieme a tre agricoltori, ha avviato una piccola azienda agricola biologica nella regione del Waldviertel, al confine con la Repubblica Ceca. \u00c8 cresciuta fino a diventare un'azienda con 500 dipendenti e 900 prodotti provenienti da tutto il mondo. Gutmann ha raccontato la storia della sua azienda come una storia di agricoltori che volevano diventare liberi. Ha citato una serie di fattori di successo che probabilmente possono semplificare la vita anche nella nuova normalit\u00e0: L'empatia, con un occhio al bene comune, l'apprezzamento combinato con la creazione di valore, la massimizzazione del significato invece della massimizzazione del profitto. E soprattutto: \"Volevo equilibrio e una bella vita\".<\/p>\n<h3>Premio dell'economia renana<\/h3>\n<p>Tradizionalmente, il premio Rheintaler Wirtschaft viene assegnato anche in occasione del Rheintaler Wirtschaftsforum. Quest'anno il premio \u00e8 stato assegnato allo Sterngarage di Heerbrugg. I coniugi Klara e Bruno Bischofberger, mecenati dell'azienda di famiglia, hanno ricevuto la scultura del premio dal presidente della giuria Klaus Brammertz. L'officina, con i suoi 70 dipendenti, si distingue per le innovazioni e la gestione esemplare dei dipendenti.<\/p>\n<figure id=\"attachment_18560\" aria-describedby=\"caption-attachment-18560\" style=\"width: 680px\" class=\"wp-caption alignnone\"><img loading=\"lazy\" decoding=\"async\" class=\"size-full wp-image-18560\" src=\"https:\/\/www.organisator.ch\/wp-content\/uploads\/2023\/01\/Resilienz-als-Teil-der-neuen-Normalitaet-2_Organisator.jpg\" alt=\"\" width=\"680\" height=\"454\" srcset=\"https:\/\/www.organisator.ch\/wp-content\/uploads\/2023\/01\/Resilienz-als-Teil-der-neuen-Normalitaet-2_Organisator.jpg 680w, https:\/\/www.organisator.ch\/wp-content\/uploads\/2023\/01\/Resilienz-als-Teil-der-neuen-Normalitaet-2_Organisator-18x12.jpg 18w, https:\/\/www.organisator.ch\/wp-content\/uploads\/2023\/01\/Resilienz-als-Teil-der-neuen-Normalitaet-2_Organisator-375x250.jpg 375w, https:\/\/www.organisator.ch\/wp-content\/uploads\/2023\/01\/Resilienz-als-Teil-der-neuen-Normalitaet-2_Organisator-524x350.jpg 524w\" sizes=\"auto, (max-width: 680px) 100vw, 680px\" \/><figcaption id=\"caption-attachment-18560\" class=\"wp-caption-text\">Klara e Bruno Bischofberger con il trofeo del premio Rheintaler Wirtschaft. (Immagine: zVg \/ Wifo)<\/figcaption><\/figure>\n<p>Il prossimo Forum economico di Rheintal si terr\u00e0 il 26 gennaio 2024.<\/p>\n<p><em>Ulteriori informazioni: <a href=\"http:\/\/www.wifo.ch\">www.wifo.ch<\/a><\/em><\/p>","protected":false},"excerpt":{"rendered":"<p>Im Gefolge von Krisen stehen Wirtschaft, Gesellschaft und Politik am Beginn einer neuen Normalit\u00e4t. Dies stand auch am diesj\u00e4hrigen Rheintaler Wirtschaftsforum im Zentrum. Mit dem ehemaligen Bundesrat Kaspar Villiger, der Sulzer-Verwaltungsratspr\u00e4sidentin Suzanne Thoma, Korpskommandant Hans-Peter Walser und Johannes Gutmann, dem Eigent\u00fcmer der Sonnentor Kr\u00e4uterhandels GmbH, war die Tagung wieder \u00e4usserst prominent besetzt. Die Referentinnen und [&hellip;]<\/p>\n","protected":false},"author":4,"featured_media":18559,"comment_status":"closed","ping_status":"closed","sticky":false,"template":"","format":"standard","meta":{"_acf_changed":false,"_yoast_wpseo_focuskw":"Normalit\u00e4t","_yoast_wpseo_metadesc":"Die neue Normalit\u00e4t lasse sich mit Widerstandskraft und Anpassungsf\u00e4higkeit bew\u00e4ltigen, so der Tenor am 28. Rheintaler Wirtschaftsforum.","articlekey":"","footnotes":""},"categories":[28],"tags":[193,335,531],"class_list":["post-18558","post","type-post","status-publish","format-standard","has-post-thumbnail","hentry","category-management","tag-fachkongressfachmesse","tag-management-und-unternehmensfuehrung","tag-wirtschaftspolitik"],"acf":[],"yoast_head":"<!-- This site is optimized with the Yoast SEO plugin v27.5 - https:\/\/yoast.com\/product\/yoast-seo-wordpress\/ -->\n<title>Resilienz als Teil der neuen Normalit\u00e4t - Organisator<\/title>\n<meta name=\"description\" content=\"Die neue Normalit\u00e4t lasse sich mit Widerstandskraft und Anpassungsf\u00e4higkeit bew\u00e4ltigen, so der Tenor am 28. Rheintaler Wirtschaftsforum.\" \/>\n<meta name=\"robots\" content=\"index, follow, max-snippet:-1, max-image-preview:large, max-video-preview:-1\" \/>\n<link rel=\"canonical\" href=\"https:\/\/www.organisator.ch\/it\/gestione-2\/2023-01-23\/resilienz-als-teil-der-neuen-normalitaet\/\" \/>\n<meta property=\"og:locale\" content=\"it_IT\" \/>\n<meta property=\"og:type\" content=\"article\" \/>\n<meta property=\"og:title\" content=\"Resilienz als Teil der neuen Normalit\u00e4t\" \/>\n<meta property=\"og:description\" content=\"Die neue Normalit\u00e4t lasse sich mit Widerstandskraft und Anpassungsf\u00e4higkeit bew\u00e4ltigen, so der Tenor am 28. Rheintaler Wirtschaftsforum.\" \/>\n<meta property=\"og:url\" content=\"https:\/\/www.organisator.ch\/it\/gestione-2\/2023-01-23\/resilienz-als-teil-der-neuen-normalitaet\/\" \/>\n<meta property=\"og:site_name\" content=\"Organisator\" \/>\n<meta property=\"article:publisher\" content=\"https:\/\/www.facebook.com\/OrganisatorFachmagazin\" \/>\n<meta property=\"article:published_time\" content=\"2023-01-23T07:31:28+00:00\" \/>\n<meta property=\"article:modified_time\" content=\"2023-01-31T14:03:09+00:00\" \/>\n<meta property=\"og:image\" content=\"https:\/\/www.organisator.ch\/wp-content\/uploads\/2023\/01\/Resilienz-als-Teil-der-neuen-Normalitaet-1_Organisator.jpg\" \/>\n\t<meta property=\"og:image:width\" content=\"680\" \/>\n\t<meta property=\"og:image:height\" content=\"454\" \/>\n\t<meta property=\"og:image:type\" content=\"image\/jpeg\" \/>\n<meta name=\"author\" content=\"thomas.berner\" \/>\n<meta name=\"twitter:card\" content=\"summary_large_image\" \/>\n<meta name=\"twitter:title\" content=\"#Resilienz als Teil der neuen #Normalit\u00e4t\" \/>\n<meta name=\"twitter:description\" content=\"Die neue #Normalit\u00e4t lasse sich mit #Widerstandskraft und #Anpassungsf\u00e4higkeit bew\u00e4ltigen, so der Tenor am 28. Rheintaler Wirtschaftsforum.\" \/>\n<meta name=\"twitter:image\" content=\"https:\/\/www.organisator.ch\/wp-content\/uploads\/2023\/01\/Resilienz-als-Teil-der-neuen-Normalitaet-1_Organisator.jpg\" \/>\n<script type=\"application\/ld+json\" class=\"yoast-schema-graph\">{\"@context\":\"https:\\\/\\\/schema.org\",\"@graph\":[{\"@type\":\"Article\",\"@id\":\"https:\\\/\\\/www.organisator.ch\\\/management\\\/2023-01-23\\\/resilienz-als-teil-der-neuen-normalitaet\\\/#article\",\"isPartOf\":{\"@id\":\"https:\\\/\\\/www.organisator.ch\\\/management\\\/2023-01-23\\\/resilienz-als-teil-der-neuen-normalitaet\\\/\"},\"author\":{\"name\":\"thomas.berner\",\"@id\":\"https:\\\/\\\/www.organisator.ch\\\/#\\\/schema\\\/person\\\/6f650f90b2842cd4c0cc334b4e36f67e\"},\"headline\":\"Resilienz als Teil der neuen Normalit\u00e4t\",\"datePublished\":\"2023-01-23T07:31:28+00:00\",\"dateModified\":\"2023-01-31T14:03:09+00:00\",\"mainEntityOfPage\":{\"@id\":\"https:\\\/\\\/www.organisator.ch\\\/management\\\/2023-01-23\\\/resilienz-als-teil-der-neuen-normalitaet\\\/\"},\"wordCount\":716,\"publisher\":{\"@id\":\"https:\\\/\\\/www.organisator.ch\\\/#organization\"},\"image\":{\"@id\":\"https:\\\/\\\/www.organisator.ch\\\/management\\\/2023-01-23\\\/resilienz-als-teil-der-neuen-normalitaet\\\/#primaryimage\"},\"thumbnailUrl\":\"https:\\\/\\\/www.organisator.ch\\\/wp-content\\\/uploads\\\/2023\\\/01\\\/Resilienz-als-Teil-der-neuen-Normalitaet-1_Organisator.jpg\",\"keywords\":[\"Fachkongress\\\/Fachmesse\",\"Management und Unternehmensf\u00fchrung\",\"Wirtschaftspolitik\"],\"articleSection\":[\"MANAGEMENT\"],\"inLanguage\":\"it-IT\"},{\"@type\":\"WebPage\",\"@id\":\"https:\\\/\\\/www.organisator.ch\\\/management\\\/2023-01-23\\\/resilienz-als-teil-der-neuen-normalitaet\\\/\",\"url\":\"https:\\\/\\\/www.organisator.ch\\\/management\\\/2023-01-23\\\/resilienz-als-teil-der-neuen-normalitaet\\\/\",\"name\":\"Resilienz als Teil der neuen Normalit\u00e4t - Organisator\",\"isPartOf\":{\"@id\":\"https:\\\/\\\/www.organisator.ch\\\/#website\"},\"primaryImageOfPage\":{\"@id\":\"https:\\\/\\\/www.organisator.ch\\\/management\\\/2023-01-23\\\/resilienz-als-teil-der-neuen-normalitaet\\\/#primaryimage\"},\"image\":{\"@id\":\"https:\\\/\\\/www.organisator.ch\\\/management\\\/2023-01-23\\\/resilienz-als-teil-der-neuen-normalitaet\\\/#primaryimage\"},\"thumbnailUrl\":\"https:\\\/\\\/www.organisator.ch\\\/wp-content\\\/uploads\\\/2023\\\/01\\\/Resilienz-als-Teil-der-neuen-Normalitaet-1_Organisator.jpg\",\"datePublished\":\"2023-01-23T07:31:28+00:00\",\"dateModified\":\"2023-01-31T14:03:09+00:00\",\"description\":\"Die neue Normalit\u00e4t lasse sich mit Widerstandskraft und Anpassungsf\u00e4higkeit bew\u00e4ltigen, so der Tenor am 28. Rheintaler Wirtschaftsforum.\",\"breadcrumb\":{\"@id\":\"https:\\\/\\\/www.organisator.ch\\\/management\\\/2023-01-23\\\/resilienz-als-teil-der-neuen-normalitaet\\\/#breadcrumb\"},\"inLanguage\":\"it-IT\",\"potentialAction\":[{\"@type\":\"ReadAction\",\"target\":[\"https:\\\/\\\/www.organisator.ch\\\/management\\\/2023-01-23\\\/resilienz-als-teil-der-neuen-normalitaet\\\/\"]}]},{\"@type\":\"ImageObject\",\"inLanguage\":\"it-IT\",\"@id\":\"https:\\\/\\\/www.organisator.ch\\\/management\\\/2023-01-23\\\/resilienz-als-teil-der-neuen-normalitaet\\\/#primaryimage\",\"url\":\"https:\\\/\\\/www.organisator.ch\\\/wp-content\\\/uploads\\\/2023\\\/01\\\/Resilienz-als-Teil-der-neuen-Normalitaet-1_Organisator.jpg\",\"contentUrl\":\"https:\\\/\\\/www.organisator.ch\\\/wp-content\\\/uploads\\\/2023\\\/01\\\/Resilienz-als-Teil-der-neuen-Normalitaet-1_Organisator.jpg\",\"width\":680,\"height\":454,\"caption\":\"Alt-Bundesrat Kaspar Villiger: Viele Probleme der Demokratien seien hausgemacht. (Bild: zVg \\\/ Wifo)\"},{\"@type\":\"BreadcrumbList\",\"@id\":\"https:\\\/\\\/www.organisator.ch\\\/management\\\/2023-01-23\\\/resilienz-als-teil-der-neuen-normalitaet\\\/#breadcrumb\",\"itemListElement\":[{\"@type\":\"ListItem\",\"position\":1,\"name\":\"Home\",\"item\":\"https:\\\/\\\/www.organisator.ch\\\/\"},{\"@type\":\"ListItem\",\"position\":2,\"name\":\"Resilienz als Teil der neuen Normalit\u00e4t\"}]},{\"@type\":\"WebSite\",\"@id\":\"https:\\\/\\\/www.organisator.ch\\\/#website\",\"url\":\"https:\\\/\\\/www.organisator.ch\\\/\",\"name\":\"Organisator\",\"description\":\"Kompetent. Praxisnah. Der ORGANISATOR bereitet in 10 Ausgaben pro Jahr die wesentlichen Themen f\u00fcr F\u00fchrungskr\u00e4fte von KMU auf.\",\"publisher\":{\"@id\":\"https:\\\/\\\/www.organisator.ch\\\/#organization\"},\"potentialAction\":[{\"@type\":\"SearchAction\",\"target\":{\"@type\":\"EntryPoint\",\"urlTemplate\":\"https:\\\/\\\/www.organisator.ch\\\/?s={search_term_string}\"},\"query-input\":{\"@type\":\"PropertyValueSpecification\",\"valueRequired\":true,\"valueName\":\"search_term_string\"}}],\"inLanguage\":\"it-IT\"},{\"@type\":\"Organization\",\"@id\":\"https:\\\/\\\/www.organisator.ch\\\/#organization\",\"name\":\"Organisator\",\"url\":\"https:\\\/\\\/www.organisator.ch\\\/\",\"logo\":{\"@type\":\"ImageObject\",\"inLanguage\":\"it-IT\",\"@id\":\"https:\\\/\\\/www.organisator.ch\\\/#\\\/schema\\\/logo\\\/image\\\/\",\"url\":\"https:\\\/\\\/www.organisator.ch\\\/wp-content\\\/uploads\\\/2022\\\/01\\\/Logo_Organisator_Website.png\",\"contentUrl\":\"https:\\\/\\\/www.organisator.ch\\\/wp-content\\\/uploads\\\/2022\\\/01\\\/Logo_Organisator_Website.png\",\"width\":800,\"height\":77,\"caption\":\"Organisator\"},\"image\":{\"@id\":\"https:\\\/\\\/www.organisator.ch\\\/#\\\/schema\\\/logo\\\/image\\\/\"},\"sameAs\":[\"https:\\\/\\\/www.facebook.com\\\/OrganisatorFachmagazin\",\"https:\\\/\\\/www.linkedin.com\\\/showcase\\\/organisator-das-magazin-fr-kmu\",\"https:\\\/\\\/www.xing.com\\\/news\\\/pages\\\/organisator-ch-695\",\"https:\\\/\\\/www.youtube.com\\\/channel\\\/UCGP2Sq0iWaZwT3BdIAQFYpw\"]},{\"@type\":\"Person\",\"@id\":\"https:\\\/\\\/www.organisator.ch\\\/#\\\/schema\\\/person\\\/6f650f90b2842cd4c0cc334b4e36f67e\",\"name\":\"thomas.berner\",\"image\":{\"@type\":\"ImageObject\",\"inLanguage\":\"it-IT\",\"@id\":\"https:\\\/\\\/secure.gravatar.com\\\/avatar\\\/ac5001d2a36cb6c6cd3e50789007ffca834b477b74a2144564522e944eabff61?s=96&d=mm&r=g\",\"url\":\"https:\\\/\\\/secure.gravatar.com\\\/avatar\\\/ac5001d2a36cb6c6cd3e50789007ffca834b477b74a2144564522e944eabff61?s=96&d=mm&r=g\",\"contentUrl\":\"https:\\\/\\\/secure.gravatar.com\\\/avatar\\\/ac5001d2a36cb6c6cd3e50789007ffca834b477b74a2144564522e944eabff61?s=96&d=mm&r=g\",\"caption\":\"thomas.berner\"},\"url\":\"https:\\\/\\\/www.organisator.ch\\\/it\\\/author\\\/thomas-berner\\\/\"}]}<\/script>\n<!-- \/ Yoast SEO plugin. -->","yoast_head_json":{"title":"La resilienza come parte della nuova normalit\u00e0 - Organizzatore","description":"Il tenore del 28\u00b0 Forum economico di Rheintal \u00e8 stato che la nuova normalit\u00e0 pu\u00f2 essere superata con la resilienza e l'adattabilit\u00e0.","robots":{"index":"index","follow":"follow","max-snippet":"max-snippet:-1","max-image-preview":"max-image-preview:large","max-video-preview":"max-video-preview:-1"},"canonical":"https:\/\/www.organisator.ch\/it\/gestione-2\/2023-01-23\/resilienz-als-teil-der-neuen-normalitaet\/","og_locale":"it_IT","og_type":"article","og_title":"Resilienz als Teil der neuen Normalit\u00e4t","og_description":"Die neue Normalit\u00e4t lasse sich mit Widerstandskraft und Anpassungsf\u00e4higkeit bew\u00e4ltigen, so der Tenor am 28. Rheintaler Wirtschaftsforum.","og_url":"https:\/\/www.organisator.ch\/it\/gestione-2\/2023-01-23\/resilienz-als-teil-der-neuen-normalitaet\/","og_site_name":"Organisator","article_publisher":"https:\/\/www.facebook.com\/OrganisatorFachmagazin","article_published_time":"2023-01-23T07:31:28+00:00","article_modified_time":"2023-01-31T14:03:09+00:00","og_image":[{"width":680,"height":454,"url":"https:\/\/www.organisator.ch\/wp-content\/uploads\/2023\/01\/Resilienz-als-Teil-der-neuen-Normalitaet-1_Organisator.jpg","type":"image\/jpeg"}],"author":"thomas.berner","twitter_card":"summary_large_image","twitter_title":"#Resilienz als Teil der neuen #Normalit\u00e4t","twitter_description":"Die neue #Normalit\u00e4t lasse sich mit #Widerstandskraft und #Anpassungsf\u00e4higkeit bew\u00e4ltigen, so der Tenor am 28. Rheintaler Wirtschaftsforum.","twitter_image":"https:\/\/www.organisator.ch\/wp-content\/uploads\/2023\/01\/Resilienz-als-Teil-der-neuen-Normalitaet-1_Organisator.jpg","schema":{"@context":"https:\/\/schema.org","@graph":[{"@type":"Article","@id":"https:\/\/www.organisator.ch\/management\/2023-01-23\/resilienz-als-teil-der-neuen-normalitaet\/#article","isPartOf":{"@id":"https:\/\/www.organisator.ch\/management\/2023-01-23\/resilienz-als-teil-der-neuen-normalitaet\/"},"author":{"name":"thomas.berner","@id":"https:\/\/www.organisator.ch\/#\/schema\/person\/6f650f90b2842cd4c0cc334b4e36f67e"},"headline":"Resilienz als Teil der neuen Normalit\u00e4t","datePublished":"2023-01-23T07:31:28+00:00","dateModified":"2023-01-31T14:03:09+00:00","mainEntityOfPage":{"@id":"https:\/\/www.organisator.ch\/management\/2023-01-23\/resilienz-als-teil-der-neuen-normalitaet\/"},"wordCount":716,"publisher":{"@id":"https:\/\/www.organisator.ch\/#organization"},"image":{"@id":"https:\/\/www.organisator.ch\/management\/2023-01-23\/resilienz-als-teil-der-neuen-normalitaet\/#primaryimage"},"thumbnailUrl":"https:\/\/www.organisator.ch\/wp-content\/uploads\/2023\/01\/Resilienz-als-Teil-der-neuen-Normalitaet-1_Organisator.jpg","keywords":["Fachkongress\/Fachmesse","Management und Unternehmensf\u00fchrung","Wirtschaftspolitik"],"articleSection":["MANAGEMENT"],"inLanguage":"it-IT"},{"@type":"WebPage","@id":"https:\/\/www.organisator.ch\/management\/2023-01-23\/resilienz-als-teil-der-neuen-normalitaet\/","url":"https:\/\/www.organisator.ch\/management\/2023-01-23\/resilienz-als-teil-der-neuen-normalitaet\/","name":"La resilienza come parte della nuova normalit\u00e0 - Organizzatore","isPartOf":{"@id":"https:\/\/www.organisator.ch\/#website"},"primaryImageOfPage":{"@id":"https:\/\/www.organisator.ch\/management\/2023-01-23\/resilienz-als-teil-der-neuen-normalitaet\/#primaryimage"},"image":{"@id":"https:\/\/www.organisator.ch\/management\/2023-01-23\/resilienz-als-teil-der-neuen-normalitaet\/#primaryimage"},"thumbnailUrl":"https:\/\/www.organisator.ch\/wp-content\/uploads\/2023\/01\/Resilienz-als-Teil-der-neuen-Normalitaet-1_Organisator.jpg","datePublished":"2023-01-23T07:31:28+00:00","dateModified":"2023-01-31T14:03:09+00:00","description":"Il tenore del 28\u00b0 Forum economico di Rheintal \u00e8 stato che la nuova normalit\u00e0 pu\u00f2 essere superata con la resilienza e l'adattabilit\u00e0.","breadcrumb":{"@id":"https:\/\/www.organisator.ch\/management\/2023-01-23\/resilienz-als-teil-der-neuen-normalitaet\/#breadcrumb"},"inLanguage":"it-IT","potentialAction":[{"@type":"ReadAction","target":["https:\/\/www.organisator.ch\/management\/2023-01-23\/resilienz-als-teil-der-neuen-normalitaet\/"]}]},{"@type":"ImageObject","inLanguage":"it-IT","@id":"https:\/\/www.organisator.ch\/management\/2023-01-23\/resilienz-als-teil-der-neuen-normalitaet\/#primaryimage","url":"https:\/\/www.organisator.ch\/wp-content\/uploads\/2023\/01\/Resilienz-als-Teil-der-neuen-Normalitaet-1_Organisator.jpg","contentUrl":"https:\/\/www.organisator.ch\/wp-content\/uploads\/2023\/01\/Resilienz-als-Teil-der-neuen-Normalitaet-1_Organisator.jpg","width":680,"height":454,"caption":"Alt-Bundesrat Kaspar Villiger: Viele Probleme der Demokratien seien hausgemacht. (Bild: zVg \/ Wifo)"},{"@type":"BreadcrumbList","@id":"https:\/\/www.organisator.ch\/management\/2023-01-23\/resilienz-als-teil-der-neuen-normalitaet\/#breadcrumb","itemListElement":[{"@type":"ListItem","position":1,"name":"Home","item":"https:\/\/www.organisator.ch\/"},{"@type":"ListItem","position":2,"name":"Resilienz als Teil der neuen Normalit\u00e4t"}]},{"@type":"WebSite","@id":"https:\/\/www.organisator.ch\/#website","url":"https:\/\/www.organisator.ch\/","name":"Organizzatore","description":"Competente. Pratico. In 10 numeri all'anno, ORGANISATOR presenta i temi essenziali per i manager delle PMI.","publisher":{"@id":"https:\/\/www.organisator.ch\/#organization"},"potentialAction":[{"@type":"SearchAction","target":{"@type":"EntryPoint","urlTemplate":"https:\/\/www.organisator.ch\/?s={search_term_string}"},"query-input":{"@type":"PropertyValueSpecification","valueRequired":true,"valueName":"search_term_string"}}],"inLanguage":"it-IT"},{"@type":"Organization","@id":"https:\/\/www.organisator.ch\/#organization","name":"Organizzatore","url":"https:\/\/www.organisator.ch\/","logo":{"@type":"ImageObject","inLanguage":"it-IT","@id":"https:\/\/www.organisator.ch\/#\/schema\/logo\/image\/","url":"https:\/\/www.organisator.ch\/wp-content\/uploads\/2022\/01\/Logo_Organisator_Website.png","contentUrl":"https:\/\/www.organisator.ch\/wp-content\/uploads\/2022\/01\/Logo_Organisator_Website.png","width":800,"height":77,"caption":"Organisator"},"image":{"@id":"https:\/\/www.organisator.ch\/#\/schema\/logo\/image\/"},"sameAs":["https:\/\/www.facebook.com\/OrganisatorFachmagazin","https:\/\/www.linkedin.com\/showcase\/organisator-das-magazin-fr-kmu","https:\/\/www.xing.com\/news\/pages\/organisator-ch-695","https:\/\/www.youtube.com\/channel\/UCGP2Sq0iWaZwT3BdIAQFYpw"]},{"@type":"Person","@id":"https:\/\/www.organisator.ch\/#\/schema\/person\/6f650f90b2842cd4c0cc334b4e36f67e","name":"Tommaso.berner","image":{"@type":"ImageObject","inLanguage":"it-IT","@id":"https:\/\/secure.gravatar.com\/avatar\/ac5001d2a36cb6c6cd3e50789007ffca834b477b74a2144564522e944eabff61?s=96&d=mm&r=g","url":"https:\/\/secure.gravatar.com\/avatar\/ac5001d2a36cb6c6cd3e50789007ffca834b477b74a2144564522e944eabff61?s=96&d=mm&r=g","contentUrl":"https:\/\/secure.gravatar.com\/avatar\/ac5001d2a36cb6c6cd3e50789007ffca834b477b74a2144564522e944eabff61?s=96&d=mm&r=g","caption":"thomas.berner"},"url":"https:\/\/www.organisator.ch\/it\/author\/thomas-berner\/"}]}},"_links":{"self":[{"href":"https:\/\/www.organisator.ch\/it\/wp-json\/wp\/v2\/posts\/18558","targetHints":{"allow":["GET"]}}],"collection":[{"href":"https:\/\/www.organisator.ch\/it\/wp-json\/wp\/v2\/posts"}],"about":[{"href":"https:\/\/www.organisator.ch\/it\/wp-json\/wp\/v2\/types\/post"}],"author":[{"embeddable":true,"href":"https:\/\/www.organisator.ch\/it\/wp-json\/wp\/v2\/users\/4"}],"replies":[{"embeddable":true,"href":"https:\/\/www.organisator.ch\/it\/wp-json\/wp\/v2\/comments?post=18558"}],"version-history":[{"count":1,"href":"https:\/\/www.organisator.ch\/it\/wp-json\/wp\/v2\/posts\/18558\/revisions"}],"predecessor-version":[{"id":18562,"href":"https:\/\/www.organisator.ch\/it\/wp-json\/wp\/v2\/posts\/18558\/revisions\/18562"}],"wp:featuredmedia":[{"embeddable":true,"href":"https:\/\/www.organisator.ch\/it\/wp-json\/wp\/v2\/media\/18559"}],"wp:attachment":[{"href":"https:\/\/www.organisator.ch\/it\/wp-json\/wp\/v2\/media?parent=18558"}],"wp:term":[{"taxonomy":"category","embeddable":true,"href":"https:\/\/www.organisator.ch\/it\/wp-json\/wp\/v2\/categories?post=18558"},{"taxonomy":"post_tag","embeddable":true,"href":"https:\/\/www.organisator.ch\/it\/wp-json\/wp\/v2\/tags?post=18558"}],"curies":[{"name":"wp","href":"https:\/\/api.w.org\/{rel}","templated":true}]}}