{"id":1857,"date":"2017-05-03T15:12:00","date_gmt":"2017-05-03T13:12:00","guid":{"rendered":"https:\/\/www.organisator.ch\/?p=1857"},"modified":"2017-05-03T15:12:00","modified_gmt":"2017-05-03T13:12:00","slug":"schweizer-loehne-weiterhin-auf-platz-1-in-europa","status":"publish","type":"post","link":"https:\/\/www.organisator.ch\/it\/management\/2017-05-03\/schweizer-loehne-weiterhin-auf-platz-1-in-europa\/","title":{"rendered":"I salari svizzeri rimangono al primo posto in Europa"},"content":{"rendered":"<figure id=\"attachment_1858\" aria-describedby=\"caption-attachment-1858\" style=\"width: 640px\" class=\"wp-caption alignnone\"><img loading=\"lazy\" decoding=\"async\" class=\"size-full wp-image-1858\" src=\"https:\/\/www.organisator.ch\/wp-content\/uploads\/2017\/05\/Schweizer-Loehne-weiterhin-auf-Platz-1-in-Europa-org-organisator-.jpg\" alt=\"\" width=\"640\" height=\"424\" srcset=\"https:\/\/www.organisator.ch\/wp-content\/uploads\/2017\/05\/Schweizer-Loehne-weiterhin-auf-Platz-1-in-Europa-org-organisator-.jpg 640w, https:\/\/www.organisator.ch\/wp-content\/uploads\/2017\/05\/Schweizer-Loehne-weiterhin-auf-Platz-1-in-Europa-org-organisator--16x12.jpg 16w, https:\/\/www.organisator.ch\/wp-content\/uploads\/2017\/05\/Schweizer-Loehne-weiterhin-auf-Platz-1-in-Europa-org-organisator--264x175.jpg 264w, https:\/\/www.organisator.ch\/wp-content\/uploads\/2017\/05\/Schweizer-Loehne-weiterhin-auf-Platz-1-in-Europa-org-organisator--528x350.jpg 528w, https:\/\/www.organisator.ch\/wp-content\/uploads\/2017\/05\/Schweizer-Loehne-weiterhin-auf-Platz-1-in-Europa-org-organisator--300x199.jpg 300w\" sizes=\"auto, (max-width: 640px) 100vw, 640px\" \/><figcaption id=\"caption-attachment-1858\" class=\"wp-caption-text\">Gli stipendi pi\u00f9 alti predominano anche nel middle management in Svizzera. (Immagine: Depositphotos)<\/figcaption><\/figure>\n<p>&nbsp;<\/p>\n<p>I salari svizzeri sono al top, come dimostra il \"<em>Relazione sulla pianificazione delle remunerazioni Global 50<\/em> da Willis Towers Watson\". Un middle manager in Svizzera guadagna uno stipendio mediano di 164.097 franchi all'anno, mentre questa cifra \u00e8 di 89.540 franchi per un entry-level manager. Questo rende la Svizzera il paese con gli stipendi pi\u00f9 alti all'interno della classifica determinata da Willis Towers Watson.<\/p>\n<p>Gli impiegati in Svizzera ricevono un salario mediano che \u00e8 circa 50% pi\u00f9 alto di quello dei paesi al secondo posto nella rispettiva categoria: in termini di salari manageriali, il Lussemburgo \u00e8 al secondo posto con un valore equivalente a CHF 110'388, mentre in termini di salari per impiegati di livello base, la Danimarca \u00e8 il secondo paese con CHF 59'569.<em>.<\/em><\/p>\n<p><strong>Differenze pi\u00f9 piccole quando si tiene conto del costo della vita<\/strong><\/p>\n<p>Anche se queste cifre vengono considerate sulla base della parit\u00e0 di potere d'acquisto, per cui si tiene conto delle tasse e del costo della vita, i quadri intermedi in Svizzera possono mantenere la loro posizione di punta in Europa con un salario annuo rettificato di 97'207 franchi. Secondo questa base di calcolo, il Lussemburgo \u00e8 al secondo posto, seguito dalla Germania al terzo. L'Irlanda e il Regno Unito occupano i ranghi successivi.<\/p>\n<p>Il quadro \u00e8 simile per coloro che entrano nella forza lavoro: anche qui, gli svizzeri continuano ad occupare il primo posto con 58.666 franchi, davanti a Danimarca e Germania, con Belgio e Irlanda che seguono al quarto e quinto posto.<\/p>\n<p>La conclusione di questi calcoli: Anche se i salari sono complessivamente molto pi\u00f9 bassi dopo aver preso in considerazione le tasse e il costo della vita, i dipendenti in Svizzera hanno il maggior potere d'acquisto di tutta l'Europa.<\/p>\n<p>La versione completa dell'edizione pi\u00f9 recente del rapporto (2016) \u00e8 <a href=\"https:\/\/www.wtwdataservices.com\/twds\/public\/ProductCatalog\/product.jsp?versionId=A56309501.\">qui<\/a> disponibile.<\/p>","protected":false},"excerpt":{"rendered":"<p>&nbsp; Schweizer L\u00f6hne stehen an der Spitze, dies zeigt der &#8222;Global 50 Remuneration Planning Report&#8220; von Willis Towers Watson&#8220;. Ein Manager der mittleren F\u00fchrungsebene in der Schweiz bezieht ein Mediansal\u00e4r von CHF\u00a0164&#8217;097 im Jahr, w\u00e4hrend dieser Wert bei einem Berufseinsteiger bei CHF\u00a089&#8217;540 liegt. Damit ist die Schweiz das Land mit den h\u00f6chsten L\u00f6hnen innerhalb der [&hellip;]<\/p>\n","protected":false},"author":5,"featured_media":1858,"comment_status":"open","ping_status":"open","sticky":false,"template":"","format":"standard","meta":{"_acf_changed":false,"_yoast_wpseo_focuskw":"Schweizer L\u00f6hne","_yoast_wpseo_metadesc":"Sowohl Berufseinsteiger wie Manager erhalten in der Schweiz hohe L\u00f6hne, zeigt der \"Global 50 Remuneration Planning Report 2016\" von Willis Towers Watson.","articlekey":"","footnotes":""},"categories":[28],"tags":[329,338,412,459],"class_list":["post-1857","post","type-post","status-publish","format-standard","has-post-thumbnail","hentry","category-management","tag-loehne","tag-manager","tag-report","tag-studie"],"acf":[],"yoast_head":"<!-- This site is optimized with the Yoast SEO plugin v27.4 - https:\/\/yoast.com\/product\/yoast-seo-wordpress\/ -->\n<title>Schweizer L\u00f6hne weiterhin auf Platz 1 in Europa - Organisator<\/title>\n<meta name=\"description\" content=\"Sowohl Berufseinsteiger wie Manager erhalten in der Schweiz hohe L\u00f6hne, zeigt der &quot;Global 50 Remuneration Planning Report 2016&quot; von Willis Towers Watson.\" \/>\n<meta name=\"robots\" content=\"index, follow, max-snippet:-1, max-image-preview:large, max-video-preview:-1\" \/>\n<link rel=\"canonical\" href=\"https:\/\/www.organisator.ch\/it\/gestione-2\/2017-05-03\/schweizer-loehne-weiterhin-auf-platz-1-in-europa\/\" \/>\n<meta property=\"og:locale\" content=\"it_IT\" \/>\n<meta property=\"og:type\" content=\"article\" \/>\n<meta property=\"og:title\" content=\"Schweizer L\u00f6hne weiterhin auf Platz 1 in Europa - Organisator\" \/>\n<meta property=\"og:description\" content=\"Sowohl Berufseinsteiger wie Manager erhalten in der Schweiz hohe L\u00f6hne, zeigt der &quot;Global 50 Remuneration Planning Report 2016&quot; von Willis Towers Watson.\" \/>\n<meta property=\"og:url\" content=\"https:\/\/www.organisator.ch\/it\/gestione-2\/2017-05-03\/schweizer-loehne-weiterhin-auf-platz-1-in-europa\/\" \/>\n<meta property=\"og:site_name\" content=\"Organisator\" \/>\n<meta property=\"article:publisher\" content=\"https:\/\/www.facebook.com\/OrganisatorFachmagazin\" \/>\n<meta property=\"article:published_time\" content=\"2017-05-03T13:12:00+00:00\" \/>\n<meta property=\"og:image\" content=\"https:\/\/www.organisator.ch\/wp-content\/uploads\/2017\/05\/Schweizer-Loehne-weiterhin-auf-Platz-1-in-Europa-org-organisator-.jpg\" \/>\n\t<meta property=\"og:image:width\" content=\"640\" \/>\n\t<meta property=\"og:image:height\" content=\"424\" \/>\n\t<meta property=\"og:image:type\" content=\"image\/jpeg\" \/>\n<meta name=\"author\" content=\"michael.merz\" \/>\n<meta name=\"twitter:card\" content=\"summary_large_image\" \/>\n<script type=\"application\/ld+json\" class=\"yoast-schema-graph\">{\"@context\":\"https:\\\/\\\/schema.org\",\"@graph\":[{\"@type\":\"Article\",\"@id\":\"https:\\\/\\\/www.organisator.ch\\\/management\\\/2017-05-03\\\/schweizer-loehne-weiterhin-auf-platz-1-in-europa\\\/#article\",\"isPartOf\":{\"@id\":\"https:\\\/\\\/www.organisator.ch\\\/management\\\/2017-05-03\\\/schweizer-loehne-weiterhin-auf-platz-1-in-europa\\\/\"},\"author\":{\"name\":\"michael.merz\",\"@id\":\"https:\\\/\\\/www.organisator.ch\\\/#\\\/schema\\\/person\\\/134708ca9321c57b0362cceb7948ffbd\"},\"headline\":\"Schweizer L\u00f6hne weiterhin auf Platz 1 in Europa\",\"datePublished\":\"2017-05-03T13:12:00+00:00\",\"mainEntityOfPage\":{\"@id\":\"https:\\\/\\\/www.organisator.ch\\\/management\\\/2017-05-03\\\/schweizer-loehne-weiterhin-auf-platz-1-in-europa\\\/\"},\"wordCount\":296,\"commentCount\":0,\"publisher\":{\"@id\":\"https:\\\/\\\/www.organisator.ch\\\/#organization\"},\"image\":{\"@id\":\"https:\\\/\\\/www.organisator.ch\\\/management\\\/2017-05-03\\\/schweizer-loehne-weiterhin-auf-platz-1-in-europa\\\/#primaryimage\"},\"thumbnailUrl\":\"https:\\\/\\\/www.organisator.ch\\\/wp-content\\\/uploads\\\/2017\\\/05\\\/Schweizer-Loehne-weiterhin-auf-Platz-1-in-Europa-org-organisator-.jpg\",\"keywords\":[\"L\u00f6hne\",\"Manager\",\"Report\",\"Studie\"],\"articleSection\":[\"MANAGEMENT\"],\"inLanguage\":\"it-IT\"},{\"@type\":\"WebPage\",\"@id\":\"https:\\\/\\\/www.organisator.ch\\\/management\\\/2017-05-03\\\/schweizer-loehne-weiterhin-auf-platz-1-in-europa\\\/\",\"url\":\"https:\\\/\\\/www.organisator.ch\\\/management\\\/2017-05-03\\\/schweizer-loehne-weiterhin-auf-platz-1-in-europa\\\/\",\"name\":\"Schweizer L\u00f6hne weiterhin auf Platz 1 in Europa - Organisator\",\"isPartOf\":{\"@id\":\"https:\\\/\\\/www.organisator.ch\\\/#website\"},\"primaryImageOfPage\":{\"@id\":\"https:\\\/\\\/www.organisator.ch\\\/management\\\/2017-05-03\\\/schweizer-loehne-weiterhin-auf-platz-1-in-europa\\\/#primaryimage\"},\"image\":{\"@id\":\"https:\\\/\\\/www.organisator.ch\\\/management\\\/2017-05-03\\\/schweizer-loehne-weiterhin-auf-platz-1-in-europa\\\/#primaryimage\"},\"thumbnailUrl\":\"https:\\\/\\\/www.organisator.ch\\\/wp-content\\\/uploads\\\/2017\\\/05\\\/Schweizer-Loehne-weiterhin-auf-Platz-1-in-Europa-org-organisator-.jpg\",\"datePublished\":\"2017-05-03T13:12:00+00:00\",\"description\":\"Sowohl Berufseinsteiger wie Manager erhalten in der Schweiz hohe L\u00f6hne, zeigt der \\\"Global 50 Remuneration Planning Report 2016\\\" von Willis Towers Watson.\",\"breadcrumb\":{\"@id\":\"https:\\\/\\\/www.organisator.ch\\\/management\\\/2017-05-03\\\/schweizer-loehne-weiterhin-auf-platz-1-in-europa\\\/#breadcrumb\"},\"inLanguage\":\"it-IT\",\"potentialAction\":[{\"@type\":\"ReadAction\",\"target\":[\"https:\\\/\\\/www.organisator.ch\\\/management\\\/2017-05-03\\\/schweizer-loehne-weiterhin-auf-platz-1-in-europa\\\/\"]}]},{\"@type\":\"ImageObject\",\"inLanguage\":\"it-IT\",\"@id\":\"https:\\\/\\\/www.organisator.ch\\\/management\\\/2017-05-03\\\/schweizer-loehne-weiterhin-auf-platz-1-in-europa\\\/#primaryimage\",\"url\":\"https:\\\/\\\/www.organisator.ch\\\/wp-content\\\/uploads\\\/2017\\\/05\\\/Schweizer-Loehne-weiterhin-auf-Platz-1-in-Europa-org-organisator-.jpg\",\"contentUrl\":\"https:\\\/\\\/www.organisator.ch\\\/wp-content\\\/uploads\\\/2017\\\/05\\\/Schweizer-Loehne-weiterhin-auf-Platz-1-in-Europa-org-organisator-.jpg\",\"width\":640,\"height\":424,\"caption\":\"Auch im mittleren Management \u00fcberwiegen die Spitzenl\u00f6hne in der Schweiz. (Bild: Depositphotos)\"},{\"@type\":\"BreadcrumbList\",\"@id\":\"https:\\\/\\\/www.organisator.ch\\\/management\\\/2017-05-03\\\/schweizer-loehne-weiterhin-auf-platz-1-in-europa\\\/#breadcrumb\",\"itemListElement\":[{\"@type\":\"ListItem\",\"position\":1,\"name\":\"Home\",\"item\":\"https:\\\/\\\/www.organisator.ch\\\/\"},{\"@type\":\"ListItem\",\"position\":2,\"name\":\"Schweizer L\u00f6hne weiterhin auf Platz 1 in Europa\"}]},{\"@type\":\"WebSite\",\"@id\":\"https:\\\/\\\/www.organisator.ch\\\/#website\",\"url\":\"https:\\\/\\\/www.organisator.ch\\\/\",\"name\":\"Organisator\",\"description\":\"Kompetent. Praxisnah. Der ORGANISATOR bereitet in 10 Ausgaben pro Jahr die wesentlichen Themen f\u00fcr F\u00fchrungskr\u00e4fte von KMU auf.\",\"publisher\":{\"@id\":\"https:\\\/\\\/www.organisator.ch\\\/#organization\"},\"potentialAction\":[{\"@type\":\"SearchAction\",\"target\":{\"@type\":\"EntryPoint\",\"urlTemplate\":\"https:\\\/\\\/www.organisator.ch\\\/?s={search_term_string}\"},\"query-input\":{\"@type\":\"PropertyValueSpecification\",\"valueRequired\":true,\"valueName\":\"search_term_string\"}}],\"inLanguage\":\"it-IT\"},{\"@type\":\"Organization\",\"@id\":\"https:\\\/\\\/www.organisator.ch\\\/#organization\",\"name\":\"Organisator\",\"url\":\"https:\\\/\\\/www.organisator.ch\\\/\",\"logo\":{\"@type\":\"ImageObject\",\"inLanguage\":\"it-IT\",\"@id\":\"https:\\\/\\\/www.organisator.ch\\\/#\\\/schema\\\/logo\\\/image\\\/\",\"url\":\"https:\\\/\\\/www.organisator.ch\\\/wp-content\\\/uploads\\\/2022\\\/01\\\/Logo_Organisator_Website.png\",\"contentUrl\":\"https:\\\/\\\/www.organisator.ch\\\/wp-content\\\/uploads\\\/2022\\\/01\\\/Logo_Organisator_Website.png\",\"width\":800,\"height\":77,\"caption\":\"Organisator\"},\"image\":{\"@id\":\"https:\\\/\\\/www.organisator.ch\\\/#\\\/schema\\\/logo\\\/image\\\/\"},\"sameAs\":[\"https:\\\/\\\/www.facebook.com\\\/OrganisatorFachmagazin\",\"https:\\\/\\\/www.linkedin.com\\\/showcase\\\/organisator-das-magazin-fr-kmu\",\"https:\\\/\\\/www.xing.com\\\/news\\\/pages\\\/organisator-ch-695\",\"https:\\\/\\\/www.youtube.com\\\/channel\\\/UCGP2Sq0iWaZwT3BdIAQFYpw\"]},{\"@type\":\"Person\",\"@id\":\"https:\\\/\\\/www.organisator.ch\\\/#\\\/schema\\\/person\\\/134708ca9321c57b0362cceb7948ffbd\",\"name\":\"michael.merz\",\"image\":{\"@type\":\"ImageObject\",\"inLanguage\":\"it-IT\",\"@id\":\"https:\\\/\\\/secure.gravatar.com\\\/avatar\\\/?s=96&d=mm&r=g\",\"url\":\"https:\\\/\\\/secure.gravatar.com\\\/avatar\\\/?s=96&d=mm&r=g\",\"contentUrl\":\"https:\\\/\\\/secure.gravatar.com\\\/avatar\\\/?s=96&d=mm&r=g\",\"caption\":\"michael.merz\"},\"url\":\"https:\\\/\\\/www.organisator.ch\\\/it\\\/author\\\/michael-merz\\\/\"}]}<\/script>\n<!-- \/ Yoast SEO plugin. -->","yoast_head_json":{"title":"I salari svizzeri restano al primo posto in Europa - Organizzatore","description":"Sia i dipendenti entry-level che i manager ricevono stipendi elevati in Svizzera, come mostra il \"Global 50 Remuneration Planning Report 2016\" di Willis Towers Watson.","robots":{"index":"index","follow":"follow","max-snippet":"max-snippet:-1","max-image-preview":"max-image-preview:large","max-video-preview":"max-video-preview:-1"},"canonical":"https:\/\/www.organisator.ch\/it\/gestione-2\/2017-05-03\/schweizer-loehne-weiterhin-auf-platz-1-in-europa\/","og_locale":"it_IT","og_type":"article","og_title":"Schweizer L\u00f6hne weiterhin auf Platz 1 in Europa - Organisator","og_description":"Sowohl Berufseinsteiger wie Manager erhalten in der Schweiz hohe L\u00f6hne, zeigt der \"Global 50 Remuneration Planning Report 2016\" von Willis Towers Watson.","og_url":"https:\/\/www.organisator.ch\/it\/gestione-2\/2017-05-03\/schweizer-loehne-weiterhin-auf-platz-1-in-europa\/","og_site_name":"Organisator","article_publisher":"https:\/\/www.facebook.com\/OrganisatorFachmagazin","article_published_time":"2017-05-03T13:12:00+00:00","og_image":[{"width":640,"height":424,"url":"https:\/\/www.organisator.ch\/wp-content\/uploads\/2017\/05\/Schweizer-Loehne-weiterhin-auf-Platz-1-in-Europa-org-organisator-.jpg","type":"image\/jpeg"}],"author":"michael.merz","twitter_card":"summary_large_image","schema":{"@context":"https:\/\/schema.org","@graph":[{"@type":"Article","@id":"https:\/\/www.organisator.ch\/management\/2017-05-03\/schweizer-loehne-weiterhin-auf-platz-1-in-europa\/#article","isPartOf":{"@id":"https:\/\/www.organisator.ch\/management\/2017-05-03\/schweizer-loehne-weiterhin-auf-platz-1-in-europa\/"},"author":{"name":"michael.merz","@id":"https:\/\/www.organisator.ch\/#\/schema\/person\/134708ca9321c57b0362cceb7948ffbd"},"headline":"Schweizer L\u00f6hne weiterhin auf Platz 1 in Europa","datePublished":"2017-05-03T13:12:00+00:00","mainEntityOfPage":{"@id":"https:\/\/www.organisator.ch\/management\/2017-05-03\/schweizer-loehne-weiterhin-auf-platz-1-in-europa\/"},"wordCount":296,"commentCount":0,"publisher":{"@id":"https:\/\/www.organisator.ch\/#organization"},"image":{"@id":"https:\/\/www.organisator.ch\/management\/2017-05-03\/schweizer-loehne-weiterhin-auf-platz-1-in-europa\/#primaryimage"},"thumbnailUrl":"https:\/\/www.organisator.ch\/wp-content\/uploads\/2017\/05\/Schweizer-Loehne-weiterhin-auf-Platz-1-in-Europa-org-organisator-.jpg","keywords":["L\u00f6hne","Manager","Report","Studie"],"articleSection":["MANAGEMENT"],"inLanguage":"it-IT"},{"@type":"WebPage","@id":"https:\/\/www.organisator.ch\/management\/2017-05-03\/schweizer-loehne-weiterhin-auf-platz-1-in-europa\/","url":"https:\/\/www.organisator.ch\/management\/2017-05-03\/schweizer-loehne-weiterhin-auf-platz-1-in-europa\/","name":"I salari svizzeri restano al primo posto in Europa - Organizzatore","isPartOf":{"@id":"https:\/\/www.organisator.ch\/#website"},"primaryImageOfPage":{"@id":"https:\/\/www.organisator.ch\/management\/2017-05-03\/schweizer-loehne-weiterhin-auf-platz-1-in-europa\/#primaryimage"},"image":{"@id":"https:\/\/www.organisator.ch\/management\/2017-05-03\/schweizer-loehne-weiterhin-auf-platz-1-in-europa\/#primaryimage"},"thumbnailUrl":"https:\/\/www.organisator.ch\/wp-content\/uploads\/2017\/05\/Schweizer-Loehne-weiterhin-auf-Platz-1-in-Europa-org-organisator-.jpg","datePublished":"2017-05-03T13:12:00+00:00","description":"Sia i dipendenti entry-level che i manager ricevono stipendi elevati in Svizzera, come mostra il \"Global 50 Remuneration Planning Report 2016\" di Willis Towers Watson.","breadcrumb":{"@id":"https:\/\/www.organisator.ch\/management\/2017-05-03\/schweizer-loehne-weiterhin-auf-platz-1-in-europa\/#breadcrumb"},"inLanguage":"it-IT","potentialAction":[{"@type":"ReadAction","target":["https:\/\/www.organisator.ch\/management\/2017-05-03\/schweizer-loehne-weiterhin-auf-platz-1-in-europa\/"]}]},{"@type":"ImageObject","inLanguage":"it-IT","@id":"https:\/\/www.organisator.ch\/management\/2017-05-03\/schweizer-loehne-weiterhin-auf-platz-1-in-europa\/#primaryimage","url":"https:\/\/www.organisator.ch\/wp-content\/uploads\/2017\/05\/Schweizer-Loehne-weiterhin-auf-Platz-1-in-Europa-org-organisator-.jpg","contentUrl":"https:\/\/www.organisator.ch\/wp-content\/uploads\/2017\/05\/Schweizer-Loehne-weiterhin-auf-Platz-1-in-Europa-org-organisator-.jpg","width":640,"height":424,"caption":"Auch im mittleren Management \u00fcberwiegen die Spitzenl\u00f6hne in der Schweiz. (Bild: Depositphotos)"},{"@type":"BreadcrumbList","@id":"https:\/\/www.organisator.ch\/management\/2017-05-03\/schweizer-loehne-weiterhin-auf-platz-1-in-europa\/#breadcrumb","itemListElement":[{"@type":"ListItem","position":1,"name":"Home","item":"https:\/\/www.organisator.ch\/"},{"@type":"ListItem","position":2,"name":"Schweizer L\u00f6hne weiterhin auf Platz 1 in Europa"}]},{"@type":"WebSite","@id":"https:\/\/www.organisator.ch\/#website","url":"https:\/\/www.organisator.ch\/","name":"Organizzatore","description":"Competente. Pratico. In 10 numeri all'anno, ORGANISATOR presenta i temi essenziali per i manager delle PMI.","publisher":{"@id":"https:\/\/www.organisator.ch\/#organization"},"potentialAction":[{"@type":"SearchAction","target":{"@type":"EntryPoint","urlTemplate":"https:\/\/www.organisator.ch\/?s={search_term_string}"},"query-input":{"@type":"PropertyValueSpecification","valueRequired":true,"valueName":"search_term_string"}}],"inLanguage":"it-IT"},{"@type":"Organization","@id":"https:\/\/www.organisator.ch\/#organization","name":"Organizzatore","url":"https:\/\/www.organisator.ch\/","logo":{"@type":"ImageObject","inLanguage":"it-IT","@id":"https:\/\/www.organisator.ch\/#\/schema\/logo\/image\/","url":"https:\/\/www.organisator.ch\/wp-content\/uploads\/2022\/01\/Logo_Organisator_Website.png","contentUrl":"https:\/\/www.organisator.ch\/wp-content\/uploads\/2022\/01\/Logo_Organisator_Website.png","width":800,"height":77,"caption":"Organisator"},"image":{"@id":"https:\/\/www.organisator.ch\/#\/schema\/logo\/image\/"},"sameAs":["https:\/\/www.facebook.com\/OrganisatorFachmagazin","https:\/\/www.linkedin.com\/showcase\/organisator-das-magazin-fr-kmu","https:\/\/www.xing.com\/news\/pages\/organisator-ch-695","https:\/\/www.youtube.com\/channel\/UCGP2Sq0iWaZwT3BdIAQFYpw"]},{"@type":"Person","@id":"https:\/\/www.organisator.ch\/#\/schema\/person\/134708ca9321c57b0362cceb7948ffbd","name":"michael.merz","image":{"@type":"ImageObject","inLanguage":"it-IT","@id":"https:\/\/secure.gravatar.com\/avatar\/?s=96&d=mm&r=g","url":"https:\/\/secure.gravatar.com\/avatar\/?s=96&d=mm&r=g","contentUrl":"https:\/\/secure.gravatar.com\/avatar\/?s=96&d=mm&r=g","caption":"michael.merz"},"url":"https:\/\/www.organisator.ch\/it\/author\/michael-merz\/"}]}},"_links":{"self":[{"href":"https:\/\/www.organisator.ch\/it\/wp-json\/wp\/v2\/posts\/1857","targetHints":{"allow":["GET"]}}],"collection":[{"href":"https:\/\/www.organisator.ch\/it\/wp-json\/wp\/v2\/posts"}],"about":[{"href":"https:\/\/www.organisator.ch\/it\/wp-json\/wp\/v2\/types\/post"}],"author":[{"embeddable":true,"href":"https:\/\/www.organisator.ch\/it\/wp-json\/wp\/v2\/users\/5"}],"replies":[{"embeddable":true,"href":"https:\/\/www.organisator.ch\/it\/wp-json\/wp\/v2\/comments?post=1857"}],"version-history":[{"count":0,"href":"https:\/\/www.organisator.ch\/it\/wp-json\/wp\/v2\/posts\/1857\/revisions"}],"wp:featuredmedia":[{"embeddable":true,"href":"https:\/\/www.organisator.ch\/it\/wp-json\/wp\/v2\/media\/1858"}],"wp:attachment":[{"href":"https:\/\/www.organisator.ch\/it\/wp-json\/wp\/v2\/media?parent=1857"}],"wp:term":[{"taxonomy":"category","embeddable":true,"href":"https:\/\/www.organisator.ch\/it\/wp-json\/wp\/v2\/categories?post=1857"},{"taxonomy":"post_tag","embeddable":true,"href":"https:\/\/www.organisator.ch\/it\/wp-json\/wp\/v2\/tags?post=1857"}],"curies":[{"name":"wp","href":"https:\/\/api.w.org\/{rel}","templated":true}]}}