{"id":18594,"date":"2023-01-25T13:29:04","date_gmt":"2023-01-25T12:29:04","guid":{"rendered":"https:\/\/www.organisator.ch\/?p=18594"},"modified":"2023-01-25T13:29:04","modified_gmt":"2023-01-25T12:29:04","slug":"personaldienstleisterin-interiman-group-festigt-position-als-schweizer-marktfuehrerin","status":"publish","type":"post","link":"https:\/\/www.organisator.ch\/it\/management\/2023-01-25\/personaldienstleisterin-interiman-group-festigt-position-als-schweizer-marktfuehrerin\/","title":{"rendered":"Il fornitore di servizi per il personale Interiman Group consolida la sua posizione di leader del mercato svizzero"},"content":{"rendered":"<figure id=\"attachment_18595\" aria-describedby=\"caption-attachment-18595\" style=\"width: 680px\" class=\"wp-caption alignnone\"><img loading=\"lazy\" decoding=\"async\" class=\"size-full wp-image-18595\" src=\"https:\/\/www.organisator.ch\/wp-content\/uploads\/2023\/01\/Personaldienstleisterin-Interiman-Group-festigt-Position-als-Schweizer-Marktfuehrerin_Organisator.jpg\" alt=\"\" width=\"680\" height=\"453\" srcset=\"https:\/\/www.organisator.ch\/wp-content\/uploads\/2023\/01\/Personaldienstleisterin-Interiman-Group-festigt-Position-als-Schweizer-Marktfuehrerin_Organisator.jpg 680w, https:\/\/www.organisator.ch\/wp-content\/uploads\/2023\/01\/Personaldienstleisterin-Interiman-Group-festigt-Position-als-Schweizer-Marktfuehrerin_Organisator-18x12.jpg 18w, https:\/\/www.organisator.ch\/wp-content\/uploads\/2023\/01\/Personaldienstleisterin-Interiman-Group-festigt-Position-als-Schweizer-Marktfuehrerin_Organisator-375x250.jpg 375w, https:\/\/www.organisator.ch\/wp-content\/uploads\/2023\/01\/Personaldienstleisterin-Interiman-Group-festigt-Position-als-Schweizer-Marktfuehrerin_Organisator-525x350.jpg 525w\" sizes=\"auto, (max-width: 680px) 100vw, 680px\" \/><figcaption id=\"caption-attachment-18595\" class=\"wp-caption-text\">Robin Gordon, CEO del Gruppo Interiman, pu\u00f2 guardare al successo dell'anno finanziario 2022. (Immagine: zVg \/ Gruppo Interiman)<\/figcaption><\/figure>\n<p>Interiman Group, che sostiene di essere il principale fornitore svizzero di servizi di selezione del personale e reclutamento, ha registrato una crescita dei ricavi del 18 % rispetto al 2021. Questo risultato conferma il suo ruolo di leader, soprattutto perch\u00e9 il mercato svizzero sta crescendo solo dell'8% secondo l'indice Swissstaffing. Questo successo \u00e8 stato ottenuto in un mercato del lavoro difficile grazie a una maggiore visibilit\u00e0 sui social network e sui principali portali di lavoro, secondo quanto dichiarato dall'azienda. Grazie a questa presenza, nel 2022 sono state generate oltre 480.000 candidature e pubblicate quasi 15.000 offerte di lavoro.<\/p>\n<p>\"A seguito di questi ottimi risultati, e per far fronte alla crescente carenza di manodopera dovuta al pensionamento dei baby boomer e all'invecchiamento della popolazione, abbiamo in programma un'ulteriore espansione sia in Svizzera che all'estero attraverso un aumento delle campagne di reclutamento\", ha commentato Robin Gordon, CEO del Gruppo Interiman. Il gruppo ha visto aumentare l'organico interno da 400 unit\u00e0 nel 2021 a quasi 500 entro la fine del 2022, e ha previsto anche l'inserimento di oltre 30.000 collaboratori temporanei nel corso dell'anno, per un totale di oltre 120.000 incarichi.<\/p>\n<p>\"Siamo orgogliosi di essere diventati il numero uno del mercato svizzero nel 2022. Tuttavia, questo nuovo ruolo di leadership comporta anche una grande responsabilit\u00e0, sia nei confronti dei nostri dipendenti che dei nostri clienti e partner. Per questo motivo, ci preoccuperemo di difendere e sostenere tutti gli operatori, in particolare portando le loro preoccupazioni all'attenzione delle autorit\u00e0 politiche. Tra le sfide pi\u00f9 importanti c'\u00e8 la questione del reclutamento di lavoratori dall'estero, necessari per il buon funzionamento dell'economia svizzera\", ha dichiarato. <a href=\"https:\/\/www.organisator.ch\/de\/abo\/2022-12-06\/vom-fussballer-zum-personalverleiher\/\">Raymond Knigge<\/a> (articolo a pagamento), Presidente e fondatore del Gruppo Interiman.<\/p>\n<p><em>Fonte: <a href=\"https:\/\/www.interiman-group.ch\/\">Gruppo Interiman<\/a><\/em><\/p>","protected":false},"excerpt":{"rendered":"<p>Interiman Group, die nach eigenen Angaben f\u00fchrende Schweizer Anbieterin von Personal- und Rekrutierungsdienstleistungen, weist gegen\u00fcber dem Jahr 2021 ein Umsatzwachstum von 18 % aus. Dieses Ergebnis best\u00e4tigt ihre F\u00fchrungsrolle, zumal der Schweizer Markt gem\u00e4ss dem Swissstaffing-Index nur um 8% w\u00e4chst. Dieser Erfolg wurde in einem angespannten Arbeitsmarkt durch eine verst\u00e4rkte Sichtbarkeit in sozialen Netzwerken und [&hellip;]<\/p>\n","protected":false},"author":4,"featured_media":0,"comment_status":"closed","ping_status":"closed","sticky":false,"template":"","format":"standard","meta":{"_acf_changed":false,"_yoast_wpseo_focuskw":"Interiman","_yoast_wpseo_metadesc":"Mit einem konsolidierten Umsatz von 561 Millionen Franken f\u00fcr das Gesch\u00e4ftsjahr 2022 st\u00e4rkt die Interiman Group ihre Marktposition.","articlekey":"","footnotes":""},"categories":[28],"tags":[254,3544,492],"class_list":["post-18594","post","type-post","status-publish","format-standard","hentry","category-management","tag-hrm","tag-personaldienstleistungen","tag-unternehmen"],"acf":[],"yoast_head":"<!-- This site is optimized with the Yoast SEO plugin v27.4 - https:\/\/yoast.com\/product\/yoast-seo-wordpress\/ -->\n<title>Personaldienstleisterin Interiman Group festigt Position als Schweizer Marktf\u00fchrerin - Organisator<\/title>\n<meta name=\"description\" content=\"Mit einem konsolidierten Umsatz von 561 Millionen Franken f\u00fcr das Gesch\u00e4ftsjahr 2022 st\u00e4rkt die Interiman Group ihre Marktposition.\" \/>\n<meta name=\"robots\" content=\"index, follow, max-snippet:-1, max-image-preview:large, max-video-preview:-1\" \/>\n<link rel=\"canonical\" href=\"https:\/\/www.organisator.ch\/it\/gestione-2\/2023-01-25\/personaldienstleisterin-interiman-group-festigt-position-als-schweizer-marktfuehrerin\/\" \/>\n<meta property=\"og:locale\" content=\"it_IT\" \/>\n<meta property=\"og:type\" content=\"article\" \/>\n<meta property=\"og:title\" content=\"Personaldienstleisterin Interiman Group festigt Position als Schweizer Marktf\u00fchrerin\" \/>\n<meta property=\"og:description\" content=\"Mit einem konsolidierten Umsatz von 561 Millionen Franken f\u00fcr das Gesch\u00e4ftsjahr 2022 st\u00e4rkt die Interiman Group ihre Marktposition.\" \/>\n<meta property=\"og:url\" content=\"https:\/\/www.organisator.ch\/it\/gestione-2\/2023-01-25\/personaldienstleisterin-interiman-group-festigt-position-als-schweizer-marktfuehrerin\/\" \/>\n<meta property=\"og:site_name\" content=\"Organisator\" \/>\n<meta property=\"article:publisher\" content=\"https:\/\/www.facebook.com\/OrganisatorFachmagazin\" \/>\n<meta property=\"article:published_time\" content=\"2023-01-25T12:29:04+00:00\" \/>\n<meta property=\"og:image\" content=\"https:\/\/www.organisator.ch\/wp-content\/uploads\/2023\/01\/Personaldienstleisterin-Interiman-Group-festigt-Position-als-Schweizer-Marktfuehrerin_Organisator.jpg\" \/>\n\t<meta property=\"og:image:width\" content=\"680\" \/>\n\t<meta property=\"og:image:height\" content=\"453\" \/>\n\t<meta property=\"og:image:type\" content=\"image\/jpeg\" \/>\n<meta name=\"author\" content=\"thomas.berner\" \/>\n<meta name=\"twitter:card\" content=\"summary_large_image\" \/>\n<meta name=\"twitter:title\" content=\"#Personaldienstleisterin #Interiman Group festigt Position als Schweizer Marktf\u00fchrerin\" \/>\n<meta name=\"twitter:description\" content=\"Mit einem konsolidierten Umsatz von 561 Millionen Franken f\u00fcr das Gesch\u00e4ftsjahr 2022 st\u00e4rkt die #Interiman Group ihre #Marktposition.\" \/>\n<meta name=\"twitter:image\" content=\"https:\/\/www.organisator.ch\/wp-content\/uploads\/2023\/01\/Personaldienstleisterin-Interiman-Group-festigt-Position-als-Schweizer-Marktfuehrerin_Organisator.jpg\" \/>\n<script type=\"application\/ld+json\" class=\"yoast-schema-graph\">{\"@context\":\"https:\\\/\\\/schema.org\",\"@graph\":[{\"@type\":\"Article\",\"@id\":\"https:\\\/\\\/www.organisator.ch\\\/management\\\/2023-01-25\\\/personaldienstleisterin-interiman-group-festigt-position-als-schweizer-marktfuehrerin\\\/#article\",\"isPartOf\":{\"@id\":\"https:\\\/\\\/www.organisator.ch\\\/management\\\/2023-01-25\\\/personaldienstleisterin-interiman-group-festigt-position-als-schweizer-marktfuehrerin\\\/\"},\"author\":{\"name\":\"thomas.berner\",\"@id\":\"https:\\\/\\\/www.organisator.ch\\\/#\\\/schema\\\/person\\\/6f650f90b2842cd4c0cc334b4e36f67e\"},\"headline\":\"Personaldienstleisterin Interiman Group festigt Position als Schweizer Marktf\u00fchrerin\",\"datePublished\":\"2023-01-25T12:29:04+00:00\",\"mainEntityOfPage\":{\"@id\":\"https:\\\/\\\/www.organisator.ch\\\/management\\\/2023-01-25\\\/personaldienstleisterin-interiman-group-festigt-position-als-schweizer-marktfuehrerin\\\/\"},\"wordCount\":321,\"publisher\":{\"@id\":\"https:\\\/\\\/www.organisator.ch\\\/#organization\"},\"image\":{\"@id\":\"https:\\\/\\\/www.organisator.ch\\\/management\\\/2023-01-25\\\/personaldienstleisterin-interiman-group-festigt-position-als-schweizer-marktfuehrerin\\\/#primaryimage\"},\"thumbnailUrl\":\"https:\\\/\\\/www.organisator.ch\\\/wp-content\\\/uploads\\\/2023\\\/01\\\/Personaldienstleisterin-Interiman-Group-festigt-Position-als-Schweizer-Marktfuehrerin_Organisator.jpg\",\"keywords\":[\"HRM\",\"Personaldienstleistungen\",\"Unternehmen\"],\"articleSection\":[\"MANAGEMENT\"],\"inLanguage\":\"it-IT\"},{\"@type\":\"WebPage\",\"@id\":\"https:\\\/\\\/www.organisator.ch\\\/management\\\/2023-01-25\\\/personaldienstleisterin-interiman-group-festigt-position-als-schweizer-marktfuehrerin\\\/\",\"url\":\"https:\\\/\\\/www.organisator.ch\\\/management\\\/2023-01-25\\\/personaldienstleisterin-interiman-group-festigt-position-als-schweizer-marktfuehrerin\\\/\",\"name\":\"Personaldienstleisterin Interiman Group festigt Position als Schweizer Marktf\u00fchrerin - Organisator\",\"isPartOf\":{\"@id\":\"https:\\\/\\\/www.organisator.ch\\\/#website\"},\"primaryImageOfPage\":{\"@id\":\"https:\\\/\\\/www.organisator.ch\\\/management\\\/2023-01-25\\\/personaldienstleisterin-interiman-group-festigt-position-als-schweizer-marktfuehrerin\\\/#primaryimage\"},\"image\":{\"@id\":\"https:\\\/\\\/www.organisator.ch\\\/management\\\/2023-01-25\\\/personaldienstleisterin-interiman-group-festigt-position-als-schweizer-marktfuehrerin\\\/#primaryimage\"},\"thumbnailUrl\":\"https:\\\/\\\/www.organisator.ch\\\/wp-content\\\/uploads\\\/2023\\\/01\\\/Personaldienstleisterin-Interiman-Group-festigt-Position-als-Schweizer-Marktfuehrerin_Organisator.jpg\",\"datePublished\":\"2023-01-25T12:29:04+00:00\",\"description\":\"Mit einem konsolidierten Umsatz von 561 Millionen Franken f\u00fcr das Gesch\u00e4ftsjahr 2022 st\u00e4rkt die Interiman Group ihre Marktposition.\",\"breadcrumb\":{\"@id\":\"https:\\\/\\\/www.organisator.ch\\\/management\\\/2023-01-25\\\/personaldienstleisterin-interiman-group-festigt-position-als-schweizer-marktfuehrerin\\\/#breadcrumb\"},\"inLanguage\":\"it-IT\",\"potentialAction\":[{\"@type\":\"ReadAction\",\"target\":[\"https:\\\/\\\/www.organisator.ch\\\/management\\\/2023-01-25\\\/personaldienstleisterin-interiman-group-festigt-position-als-schweizer-marktfuehrerin\\\/\"]}]},{\"@type\":\"ImageObject\",\"inLanguage\":\"it-IT\",\"@id\":\"https:\\\/\\\/www.organisator.ch\\\/management\\\/2023-01-25\\\/personaldienstleisterin-interiman-group-festigt-position-als-schweizer-marktfuehrerin\\\/#primaryimage\",\"url\":\"https:\\\/\\\/www.organisator.ch\\\/wp-content\\\/uploads\\\/2023\\\/01\\\/Personaldienstleisterin-Interiman-Group-festigt-Position-als-Schweizer-Marktfuehrerin_Organisator.jpg\",\"contentUrl\":\"https:\\\/\\\/www.organisator.ch\\\/wp-content\\\/uploads\\\/2023\\\/01\\\/Personaldienstleisterin-Interiman-Group-festigt-Position-als-Schweizer-Marktfuehrerin_Organisator.jpg\"},{\"@type\":\"BreadcrumbList\",\"@id\":\"https:\\\/\\\/www.organisator.ch\\\/management\\\/2023-01-25\\\/personaldienstleisterin-interiman-group-festigt-position-als-schweizer-marktfuehrerin\\\/#breadcrumb\",\"itemListElement\":[{\"@type\":\"ListItem\",\"position\":1,\"name\":\"Home\",\"item\":\"https:\\\/\\\/www.organisator.ch\\\/\"},{\"@type\":\"ListItem\",\"position\":2,\"name\":\"Personaldienstleisterin Interiman Group festigt Position als Schweizer Marktf\u00fchrerin\"}]},{\"@type\":\"WebSite\",\"@id\":\"https:\\\/\\\/www.organisator.ch\\\/#website\",\"url\":\"https:\\\/\\\/www.organisator.ch\\\/\",\"name\":\"Organisator\",\"description\":\"Kompetent. Praxisnah. Der ORGANISATOR bereitet in 10 Ausgaben pro Jahr die wesentlichen Themen f\u00fcr F\u00fchrungskr\u00e4fte von KMU auf.\",\"publisher\":{\"@id\":\"https:\\\/\\\/www.organisator.ch\\\/#organization\"},\"potentialAction\":[{\"@type\":\"SearchAction\",\"target\":{\"@type\":\"EntryPoint\",\"urlTemplate\":\"https:\\\/\\\/www.organisator.ch\\\/?s={search_term_string}\"},\"query-input\":{\"@type\":\"PropertyValueSpecification\",\"valueRequired\":true,\"valueName\":\"search_term_string\"}}],\"inLanguage\":\"it-IT\"},{\"@type\":\"Organization\",\"@id\":\"https:\\\/\\\/www.organisator.ch\\\/#organization\",\"name\":\"Organisator\",\"url\":\"https:\\\/\\\/www.organisator.ch\\\/\",\"logo\":{\"@type\":\"ImageObject\",\"inLanguage\":\"it-IT\",\"@id\":\"https:\\\/\\\/www.organisator.ch\\\/#\\\/schema\\\/logo\\\/image\\\/\",\"url\":\"https:\\\/\\\/www.organisator.ch\\\/wp-content\\\/uploads\\\/2022\\\/01\\\/Logo_Organisator_Website.png\",\"contentUrl\":\"https:\\\/\\\/www.organisator.ch\\\/wp-content\\\/uploads\\\/2022\\\/01\\\/Logo_Organisator_Website.png\",\"width\":800,\"height\":77,\"caption\":\"Organisator\"},\"image\":{\"@id\":\"https:\\\/\\\/www.organisator.ch\\\/#\\\/schema\\\/logo\\\/image\\\/\"},\"sameAs\":[\"https:\\\/\\\/www.facebook.com\\\/OrganisatorFachmagazin\",\"https:\\\/\\\/www.linkedin.com\\\/showcase\\\/organisator-das-magazin-fr-kmu\",\"https:\\\/\\\/www.xing.com\\\/news\\\/pages\\\/organisator-ch-695\",\"https:\\\/\\\/www.youtube.com\\\/channel\\\/UCGP2Sq0iWaZwT3BdIAQFYpw\"]},{\"@type\":\"Person\",\"@id\":\"https:\\\/\\\/www.organisator.ch\\\/#\\\/schema\\\/person\\\/6f650f90b2842cd4c0cc334b4e36f67e\",\"name\":\"thomas.berner\",\"image\":{\"@type\":\"ImageObject\",\"inLanguage\":\"it-IT\",\"@id\":\"https:\\\/\\\/secure.gravatar.com\\\/avatar\\\/ac5001d2a36cb6c6cd3e50789007ffca834b477b74a2144564522e944eabff61?s=96&d=mm&r=g\",\"url\":\"https:\\\/\\\/secure.gravatar.com\\\/avatar\\\/ac5001d2a36cb6c6cd3e50789007ffca834b477b74a2144564522e944eabff61?s=96&d=mm&r=g\",\"contentUrl\":\"https:\\\/\\\/secure.gravatar.com\\\/avatar\\\/ac5001d2a36cb6c6cd3e50789007ffca834b477b74a2144564522e944eabff61?s=96&d=mm&r=g\",\"caption\":\"thomas.berner\"},\"url\":\"https:\\\/\\\/www.organisator.ch\\\/it\\\/author\\\/thomas-berner\\\/\"}]}<\/script>\n<!-- \/ Yoast SEO plugin. -->","yoast_head_json":{"title":"Il fornitore di servizi per il personale Interiman Group consolida la sua posizione di leader del mercato svizzero - Organiser","description":"Con un fatturato consolidato di 561 milioni di franchi svizzeri per l'esercizio 2022, il Gruppo Interiman rafforza la propria posizione di mercato.","robots":{"index":"index","follow":"follow","max-snippet":"max-snippet:-1","max-image-preview":"max-image-preview:large","max-video-preview":"max-video-preview:-1"},"canonical":"https:\/\/www.organisator.ch\/it\/gestione-2\/2023-01-25\/personaldienstleisterin-interiman-group-festigt-position-als-schweizer-marktfuehrerin\/","og_locale":"it_IT","og_type":"article","og_title":"Personaldienstleisterin Interiman Group festigt Position als Schweizer Marktf\u00fchrerin","og_description":"Mit einem konsolidierten Umsatz von 561 Millionen Franken f\u00fcr das Gesch\u00e4ftsjahr 2022 st\u00e4rkt die Interiman Group ihre Marktposition.","og_url":"https:\/\/www.organisator.ch\/it\/gestione-2\/2023-01-25\/personaldienstleisterin-interiman-group-festigt-position-als-schweizer-marktfuehrerin\/","og_site_name":"Organisator","article_publisher":"https:\/\/www.facebook.com\/OrganisatorFachmagazin","article_published_time":"2023-01-25T12:29:04+00:00","og_image":[{"width":680,"height":453,"url":"https:\/\/www.organisator.ch\/wp-content\/uploads\/2023\/01\/Personaldienstleisterin-Interiman-Group-festigt-Position-als-Schweizer-Marktfuehrerin_Organisator.jpg","type":"image\/jpeg"}],"author":"thomas.berner","twitter_card":"summary_large_image","twitter_title":"#Personaldienstleisterin #Interiman Group festigt Position als Schweizer Marktf\u00fchrerin","twitter_description":"Mit einem konsolidierten Umsatz von 561 Millionen Franken f\u00fcr das Gesch\u00e4ftsjahr 2022 st\u00e4rkt die #Interiman Group ihre #Marktposition.","twitter_image":"https:\/\/www.organisator.ch\/wp-content\/uploads\/2023\/01\/Personaldienstleisterin-Interiman-Group-festigt-Position-als-Schweizer-Marktfuehrerin_Organisator.jpg","schema":{"@context":"https:\/\/schema.org","@graph":[{"@type":"Article","@id":"https:\/\/www.organisator.ch\/management\/2023-01-25\/personaldienstleisterin-interiman-group-festigt-position-als-schweizer-marktfuehrerin\/#article","isPartOf":{"@id":"https:\/\/www.organisator.ch\/management\/2023-01-25\/personaldienstleisterin-interiman-group-festigt-position-als-schweizer-marktfuehrerin\/"},"author":{"name":"thomas.berner","@id":"https:\/\/www.organisator.ch\/#\/schema\/person\/6f650f90b2842cd4c0cc334b4e36f67e"},"headline":"Personaldienstleisterin Interiman Group festigt Position als Schweizer Marktf\u00fchrerin","datePublished":"2023-01-25T12:29:04+00:00","mainEntityOfPage":{"@id":"https:\/\/www.organisator.ch\/management\/2023-01-25\/personaldienstleisterin-interiman-group-festigt-position-als-schweizer-marktfuehrerin\/"},"wordCount":321,"publisher":{"@id":"https:\/\/www.organisator.ch\/#organization"},"image":{"@id":"https:\/\/www.organisator.ch\/management\/2023-01-25\/personaldienstleisterin-interiman-group-festigt-position-als-schweizer-marktfuehrerin\/#primaryimage"},"thumbnailUrl":"https:\/\/www.organisator.ch\/wp-content\/uploads\/2023\/01\/Personaldienstleisterin-Interiman-Group-festigt-Position-als-Schweizer-Marktfuehrerin_Organisator.jpg","keywords":["HRM","Personaldienstleistungen","Unternehmen"],"articleSection":["MANAGEMENT"],"inLanguage":"it-IT"},{"@type":"WebPage","@id":"https:\/\/www.organisator.ch\/management\/2023-01-25\/personaldienstleisterin-interiman-group-festigt-position-als-schweizer-marktfuehrerin\/","url":"https:\/\/www.organisator.ch\/management\/2023-01-25\/personaldienstleisterin-interiman-group-festigt-position-als-schweizer-marktfuehrerin\/","name":"Il fornitore di servizi per il personale Interiman Group consolida la sua posizione di leader del mercato svizzero - Organiser","isPartOf":{"@id":"https:\/\/www.organisator.ch\/#website"},"primaryImageOfPage":{"@id":"https:\/\/www.organisator.ch\/management\/2023-01-25\/personaldienstleisterin-interiman-group-festigt-position-als-schweizer-marktfuehrerin\/#primaryimage"},"image":{"@id":"https:\/\/www.organisator.ch\/management\/2023-01-25\/personaldienstleisterin-interiman-group-festigt-position-als-schweizer-marktfuehrerin\/#primaryimage"},"thumbnailUrl":"https:\/\/www.organisator.ch\/wp-content\/uploads\/2023\/01\/Personaldienstleisterin-Interiman-Group-festigt-Position-als-Schweizer-Marktfuehrerin_Organisator.jpg","datePublished":"2023-01-25T12:29:04+00:00","description":"Con un fatturato consolidato di 561 milioni di franchi svizzeri per l'esercizio 2022, il Gruppo Interiman rafforza la propria posizione di mercato.","breadcrumb":{"@id":"https:\/\/www.organisator.ch\/management\/2023-01-25\/personaldienstleisterin-interiman-group-festigt-position-als-schweizer-marktfuehrerin\/#breadcrumb"},"inLanguage":"it-IT","potentialAction":[{"@type":"ReadAction","target":["https:\/\/www.organisator.ch\/management\/2023-01-25\/personaldienstleisterin-interiman-group-festigt-position-als-schweizer-marktfuehrerin\/"]}]},{"@type":"ImageObject","inLanguage":"it-IT","@id":"https:\/\/www.organisator.ch\/management\/2023-01-25\/personaldienstleisterin-interiman-group-festigt-position-als-schweizer-marktfuehrerin\/#primaryimage","url":"https:\/\/www.organisator.ch\/wp-content\/uploads\/2023\/01\/Personaldienstleisterin-Interiman-Group-festigt-Position-als-Schweizer-Marktfuehrerin_Organisator.jpg","contentUrl":"https:\/\/www.organisator.ch\/wp-content\/uploads\/2023\/01\/Personaldienstleisterin-Interiman-Group-festigt-Position-als-Schweizer-Marktfuehrerin_Organisator.jpg"},{"@type":"BreadcrumbList","@id":"https:\/\/www.organisator.ch\/management\/2023-01-25\/personaldienstleisterin-interiman-group-festigt-position-als-schweizer-marktfuehrerin\/#breadcrumb","itemListElement":[{"@type":"ListItem","position":1,"name":"Home","item":"https:\/\/www.organisator.ch\/"},{"@type":"ListItem","position":2,"name":"Personaldienstleisterin Interiman Group festigt Position als Schweizer Marktf\u00fchrerin"}]},{"@type":"WebSite","@id":"https:\/\/www.organisator.ch\/#website","url":"https:\/\/www.organisator.ch\/","name":"Organizzatore","description":"Competente. Pratico. In 10 numeri all'anno, ORGANISATOR presenta i temi essenziali per i manager delle PMI.","publisher":{"@id":"https:\/\/www.organisator.ch\/#organization"},"potentialAction":[{"@type":"SearchAction","target":{"@type":"EntryPoint","urlTemplate":"https:\/\/www.organisator.ch\/?s={search_term_string}"},"query-input":{"@type":"PropertyValueSpecification","valueRequired":true,"valueName":"search_term_string"}}],"inLanguage":"it-IT"},{"@type":"Organization","@id":"https:\/\/www.organisator.ch\/#organization","name":"Organizzatore","url":"https:\/\/www.organisator.ch\/","logo":{"@type":"ImageObject","inLanguage":"it-IT","@id":"https:\/\/www.organisator.ch\/#\/schema\/logo\/image\/","url":"https:\/\/www.organisator.ch\/wp-content\/uploads\/2022\/01\/Logo_Organisator_Website.png","contentUrl":"https:\/\/www.organisator.ch\/wp-content\/uploads\/2022\/01\/Logo_Organisator_Website.png","width":800,"height":77,"caption":"Organisator"},"image":{"@id":"https:\/\/www.organisator.ch\/#\/schema\/logo\/image\/"},"sameAs":["https:\/\/www.facebook.com\/OrganisatorFachmagazin","https:\/\/www.linkedin.com\/showcase\/organisator-das-magazin-fr-kmu","https:\/\/www.xing.com\/news\/pages\/organisator-ch-695","https:\/\/www.youtube.com\/channel\/UCGP2Sq0iWaZwT3BdIAQFYpw"]},{"@type":"Person","@id":"https:\/\/www.organisator.ch\/#\/schema\/person\/6f650f90b2842cd4c0cc334b4e36f67e","name":"Tommaso.berner","image":{"@type":"ImageObject","inLanguage":"it-IT","@id":"https:\/\/secure.gravatar.com\/avatar\/ac5001d2a36cb6c6cd3e50789007ffca834b477b74a2144564522e944eabff61?s=96&d=mm&r=g","url":"https:\/\/secure.gravatar.com\/avatar\/ac5001d2a36cb6c6cd3e50789007ffca834b477b74a2144564522e944eabff61?s=96&d=mm&r=g","contentUrl":"https:\/\/secure.gravatar.com\/avatar\/ac5001d2a36cb6c6cd3e50789007ffca834b477b74a2144564522e944eabff61?s=96&d=mm&r=g","caption":"thomas.berner"},"url":"https:\/\/www.organisator.ch\/it\/author\/thomas-berner\/"}]}},"_links":{"self":[{"href":"https:\/\/www.organisator.ch\/it\/wp-json\/wp\/v2\/posts\/18594","targetHints":{"allow":["GET"]}}],"collection":[{"href":"https:\/\/www.organisator.ch\/it\/wp-json\/wp\/v2\/posts"}],"about":[{"href":"https:\/\/www.organisator.ch\/it\/wp-json\/wp\/v2\/types\/post"}],"author":[{"embeddable":true,"href":"https:\/\/www.organisator.ch\/it\/wp-json\/wp\/v2\/users\/4"}],"replies":[{"embeddable":true,"href":"https:\/\/www.organisator.ch\/it\/wp-json\/wp\/v2\/comments?post=18594"}],"version-history":[{"count":1,"href":"https:\/\/www.organisator.ch\/it\/wp-json\/wp\/v2\/posts\/18594\/revisions"}],"predecessor-version":[{"id":18596,"href":"https:\/\/www.organisator.ch\/it\/wp-json\/wp\/v2\/posts\/18594\/revisions\/18596"}],"wp:attachment":[{"href":"https:\/\/www.organisator.ch\/it\/wp-json\/wp\/v2\/media?parent=18594"}],"wp:term":[{"taxonomy":"category","embeddable":true,"href":"https:\/\/www.organisator.ch\/it\/wp-json\/wp\/v2\/categories?post=18594"},{"taxonomy":"post_tag","embeddable":true,"href":"https:\/\/www.organisator.ch\/it\/wp-json\/wp\/v2\/tags?post=18594"}],"curies":[{"name":"wp","href":"https:\/\/api.w.org\/{rel}","templated":true}]}}