{"id":18605,"date":"2023-01-25T13:37:58","date_gmt":"2023-01-25T12:37:58","guid":{"rendered":"https:\/\/www.werbewoche.ch\/?p=192679"},"modified":"2024-11-19T07:21:52","modified_gmt":"2024-11-19T06:21:52","slug":"martina-hollenstein-stadler-wird-nachhaltigkeitsbeauftragte-bei-grf","status":"publish","type":"post","link":"https:\/\/www.organisator.ch\/it\/sustainability\/2023-01-25\/martina-hollenstein-stadler-wird-nachhaltigkeitsbeauftragte-bei-grf\/","title":{"rendered":"Martina Hollenstein Stadler diventa responsabile della sostenibilit\u00e0 alla GRF"},"content":{"rendered":"<figure id=\"attachment_192680\" class=\"wp-caption aligncenter\" style=\"width: 1200px\" aria-describedby=\"caption-attachment-192680\"><img class=\"aligncenter wp-image-192680 size-full\" src=\"https:\/\/www.werbewoche.ch\/wp-content\/uploads\/2023\/01\/Martina-Hollenstein-_Dominik-Taeuber.jpg\" alt=\"Sostenibilit\u00e0\" width=\"1200\" height=\"900\" \/>\r\n<figcaption id=\"caption-attachment-192680\" class=\"wp-caption-text\">(Immagine: Dominik T\u00e4uber)<\/figcaption>\r\n<\/figure>\r\n<p>Graub\u00fcnden Ferien vuole svolgere un ruolo di primo piano nello sviluppo del turismo sostenibile, integrando gli sforzi delle destinazioni e dei fornitori di servizi. L'organizzazione di marketing turistico del Cantone si considera un coordinatore, mediatore e comunicatore del turismo grigionese. Con la nuova posizione di progetto per la sostenibilit\u00e0 presso la GRF a partire dal 2023, gli sforzi esistenti nel settore del turismo saranno rafforzati e i servizi saranno ulteriormente sviluppati congiuntamente. I progetti sostenibili sono realizzati in collaborazione con i partner.<\/p>\r\n<p>La GRF \u00e8 riuscita a reclutare Martina Hollenstein Stadler per ricoprire la posizione di staff, alle dirette dipendenze del CEO. L'ex direttore del Turismo Engadina Scuol Samnaun Val M\u00fcstair ha sostenuto con forza, nel recente passato, gli sforzi di sostenibilit\u00e0 nel turismo grigionese, tra cui la certificazione TourCert di Engadin Samnaun Val M\u00fcstair come destinazione sostenibile. Durante il suo mandato di direttrice del turismo \u00e8 stato pubblicato il manuale \"Sostenibilit\u00e0 nelle destinazioni turistiche svizzere\" in collaborazione con la ZHAW.<\/p>\r\n<p>Il 35enne con una laurea in Scienze del Turismo inizier\u00e0 a lavorare presso l'ufficio della GRF di Coira nel luglio 2023. \"Sono un'appassionata di turismo ed entusiasta del variegato paesaggio naturale e culturale delle regioni montane\", afferma Martina Hollenstein Stadler. Nel suo nuovo incarico, potr\u00e0 contribuire a garantire le risorse e il valore aggiunto del turismo per l'intero territorio grigionese a lungo termine.<\/p>\r\n<p>In qualit\u00e0 di Senior Manager Sustainability della GRF, si occuper\u00e0 di sostenere e coordinare gli sforzi di sostenibilit\u00e0 degli attori del turismo nel cantone. \u00c8 inoltre importante sfruttare gli attuali sforzi a livello nazionale per il turismo grigionese. Si vogliono sviluppare nuove esperienze sostenibili nei Grigioni e rendere ancora pi\u00f9 visibili agli ospiti le offerte esistenti. Fino a quando Martina Hollenstein Stadler non assumer\u00e0 l'incarico, un gruppo di lavoro interno alla GRF, sotto la guida dell'amministratore delegato, continuer\u00e0 a sviluppare il progetto.<\/p>","protected":false},"excerpt":{"rendered":"<p>Graub\u00fcnden Ferien will erg\u00e4nzend zu den Bestrebungen der Destinationen und Leistungstr\u00e4ger eine f\u00fchrende Rolle in der nachhaltigeren touristischen Entwicklung einnehmen. Die touristische Marketingorganisation des Kantons sieht sich dabei als Koordinator, Vermittler und Kommunikator f\u00fcr den B\u00fcndner Tourismus. Mit der per 2023 neu geschaffenen Projektstelle Nachhaltigkeit bei GRF sollen die bestehenden Bem\u00fchungen im Tourismus gest\u00e4rkt und [\u2026]<\/p>\n","protected":false},"author":8,"featured_media":0,"comment_status":"closed","ping_status":"closed","sticky":false,"template":"","format":"standard","meta":{"_acf_changed":false,"_yoast_wpseo_focuskw":"Nachhaltigkeit","_yoast_wpseo_metadesc":"GRF f\u00f6rdert nachhaltigen Tourismus in Graub\u00fcnden. Martina Hollenstein Stadler unterst\u00fctzt als Senior Managerin Nachhaltigkeit.","articlekey":"","footnotes":""},"categories":[580],"tags":[339,358,381],"class_list":["post-18605","post","type-post","status-publish","format-standard","hentry","category-sustainability","tag-marketing","tag-nachhaltige-wirtschaft","tag-personalia"],"acf":[],"yoast_head":"<!-- This site is optimized with the Yoast SEO plugin v27.5 - https:\/\/yoast.com\/product\/yoast-seo-wordpress\/ -->\n<title>Martina Hollenstein Stadler wird Nachhaltigkeitsbeauftragte bei GRF - Organisator<\/title>\n<meta name=\"description\" content=\"GRF f\u00f6rdert nachhaltigen Tourismus in Graub\u00fcnden. Martina Hollenstein Stadler unterst\u00fctzt als Senior Managerin Nachhaltigkeit.\" \/>\n<meta name=\"robots\" content=\"index, follow, max-snippet:-1, max-image-preview:large, max-video-preview:-1\" \/>\n<link rel=\"canonical\" href=\"https:\/\/www.organisator.ch\/it\/sostenibilita\/2023-01-25\/martina-hollenstein-stadler-wird-nachhaltigkeitsbeauftragte-bei-grf\/\" \/>\n<meta property=\"og:locale\" content=\"it_IT\" \/>\n<meta property=\"og:type\" content=\"article\" \/>\n<meta property=\"og:title\" content=\"Martina Hollenstein Stadler wird Nachhaltigkeitsbeauftragte bei GRF - Organisator\" \/>\n<meta property=\"og:description\" content=\"GRF f\u00f6rdert nachhaltigen Tourismus in Graub\u00fcnden. Martina Hollenstein Stadler unterst\u00fctzt als Senior Managerin Nachhaltigkeit.\" \/>\n<meta property=\"og:url\" content=\"https:\/\/www.organisator.ch\/it\/sostenibilita\/2023-01-25\/martina-hollenstein-stadler-wird-nachhaltigkeitsbeauftragte-bei-grf\/\" \/>\n<meta property=\"og:site_name\" content=\"Organisator\" \/>\n<meta property=\"article:publisher\" content=\"https:\/\/www.facebook.com\/OrganisatorFachmagazin\" \/>\n<meta property=\"article:published_time\" content=\"2023-01-25T12:37:58+00:00\" \/>\n<meta property=\"article:modified_time\" content=\"2024-11-19T06:21:52+00:00\" \/>\n<meta name=\"author\" content=\"galledia\" \/>\n<meta name=\"twitter:card\" content=\"summary_large_image\" \/>\n<meta name=\"twitter:creator\" content=\"@admin\" \/>\n<script type=\"application\/ld+json\" class=\"yoast-schema-graph\">{\"@context\":\"https:\\\/\\\/schema.org\",\"@graph\":[{\"@type\":\"Article\",\"@id\":\"https:\\\/\\\/www.organisator.ch\\\/sustainability\\\/2023-01-25\\\/martina-hollenstein-stadler-wird-nachhaltigkeitsbeauftragte-bei-grf\\\/#article\",\"isPartOf\":{\"@id\":\"https:\\\/\\\/www.organisator.ch\\\/sustainability\\\/2023-01-25\\\/martina-hollenstein-stadler-wird-nachhaltigkeitsbeauftragte-bei-grf\\\/\"},\"author\":{\"name\":\"galledia\",\"@id\":\"https:\\\/\\\/www.organisator.ch\\\/#\\\/schema\\\/person\\\/4e51799071cd2dd1232ac003643ef5f0\"},\"headline\":\"Martina Hollenstein Stadler wird Nachhaltigkeitsbeauftragte bei GRF\",\"datePublished\":\"2023-01-25T12:37:58+00:00\",\"dateModified\":\"2024-11-19T06:21:52+00:00\",\"mainEntityOfPage\":{\"@id\":\"https:\\\/\\\/www.organisator.ch\\\/sustainability\\\/2023-01-25\\\/martina-hollenstein-stadler-wird-nachhaltigkeitsbeauftragte-bei-grf\\\/\"},\"wordCount\":305,\"publisher\":{\"@id\":\"https:\\\/\\\/www.organisator.ch\\\/#organization\"},\"image\":{\"@id\":\"https:\\\/\\\/www.organisator.ch\\\/sustainability\\\/2023-01-25\\\/martina-hollenstein-stadler-wird-nachhaltigkeitsbeauftragte-bei-grf\\\/#primaryimage\"},\"thumbnailUrl\":\"https:\\\/\\\/www.werbewoche.ch\\\/wp-content\\\/uploads\\\/2023\\\/01\\\/Martina-Hollenstein-_Dominik-Taeuber.jpg\",\"keywords\":[\"Marketing\",\"Nachhaltige Wirtschaft\",\"Personalia\"],\"articleSection\":[\"SUSTAINABILITY\"],\"inLanguage\":\"it-IT\"},{\"@type\":\"WebPage\",\"@id\":\"https:\\\/\\\/www.organisator.ch\\\/sustainability\\\/2023-01-25\\\/martina-hollenstein-stadler-wird-nachhaltigkeitsbeauftragte-bei-grf\\\/\",\"url\":\"https:\\\/\\\/www.organisator.ch\\\/sustainability\\\/2023-01-25\\\/martina-hollenstein-stadler-wird-nachhaltigkeitsbeauftragte-bei-grf\\\/\",\"name\":\"Martina Hollenstein Stadler wird Nachhaltigkeitsbeauftragte bei GRF - Organisator\",\"isPartOf\":{\"@id\":\"https:\\\/\\\/www.organisator.ch\\\/#website\"},\"primaryImageOfPage\":{\"@id\":\"https:\\\/\\\/www.organisator.ch\\\/sustainability\\\/2023-01-25\\\/martina-hollenstein-stadler-wird-nachhaltigkeitsbeauftragte-bei-grf\\\/#primaryimage\"},\"image\":{\"@id\":\"https:\\\/\\\/www.organisator.ch\\\/sustainability\\\/2023-01-25\\\/martina-hollenstein-stadler-wird-nachhaltigkeitsbeauftragte-bei-grf\\\/#primaryimage\"},\"thumbnailUrl\":\"https:\\\/\\\/www.werbewoche.ch\\\/wp-content\\\/uploads\\\/2023\\\/01\\\/Martina-Hollenstein-_Dominik-Taeuber.jpg\",\"datePublished\":\"2023-01-25T12:37:58+00:00\",\"dateModified\":\"2024-11-19T06:21:52+00:00\",\"description\":\"GRF f\u00f6rdert nachhaltigen Tourismus in Graub\u00fcnden. Martina Hollenstein Stadler unterst\u00fctzt als Senior Managerin Nachhaltigkeit.\",\"breadcrumb\":{\"@id\":\"https:\\\/\\\/www.organisator.ch\\\/sustainability\\\/2023-01-25\\\/martina-hollenstein-stadler-wird-nachhaltigkeitsbeauftragte-bei-grf\\\/#breadcrumb\"},\"inLanguage\":\"it-IT\",\"potentialAction\":[{\"@type\":\"ReadAction\",\"target\":[\"https:\\\/\\\/www.organisator.ch\\\/sustainability\\\/2023-01-25\\\/martina-hollenstein-stadler-wird-nachhaltigkeitsbeauftragte-bei-grf\\\/\"]}]},{\"@type\":\"ImageObject\",\"inLanguage\":\"it-IT\",\"@id\":\"https:\\\/\\\/www.organisator.ch\\\/sustainability\\\/2023-01-25\\\/martina-hollenstein-stadler-wird-nachhaltigkeitsbeauftragte-bei-grf\\\/#primaryimage\",\"url\":\"https:\\\/\\\/www.werbewoche.ch\\\/wp-content\\\/uploads\\\/2023\\\/01\\\/Martina-Hollenstein-_Dominik-Taeuber.jpg\",\"contentUrl\":\"https:\\\/\\\/www.werbewoche.ch\\\/wp-content\\\/uploads\\\/2023\\\/01\\\/Martina-Hollenstein-_Dominik-Taeuber.jpg\"},{\"@type\":\"BreadcrumbList\",\"@id\":\"https:\\\/\\\/www.organisator.ch\\\/sustainability\\\/2023-01-25\\\/martina-hollenstein-stadler-wird-nachhaltigkeitsbeauftragte-bei-grf\\\/#breadcrumb\",\"itemListElement\":[{\"@type\":\"ListItem\",\"position\":1,\"name\":\"Home\",\"item\":\"https:\\\/\\\/www.organisator.ch\\\/\"},{\"@type\":\"ListItem\",\"position\":2,\"name\":\"Martina Hollenstein Stadler wird Nachhaltigkeitsbeauftragte bei GRF\"}]},{\"@type\":\"WebSite\",\"@id\":\"https:\\\/\\\/www.organisator.ch\\\/#website\",\"url\":\"https:\\\/\\\/www.organisator.ch\\\/\",\"name\":\"Organisator\",\"description\":\"Kompetent. Praxisnah. Der ORGANISATOR bereitet in 10 Ausgaben pro Jahr die wesentlichen Themen f\u00fcr F\u00fchrungskr\u00e4fte von KMU auf.\",\"publisher\":{\"@id\":\"https:\\\/\\\/www.organisator.ch\\\/#organization\"},\"potentialAction\":[{\"@type\":\"SearchAction\",\"target\":{\"@type\":\"EntryPoint\",\"urlTemplate\":\"https:\\\/\\\/www.organisator.ch\\\/?s={search_term_string}\"},\"query-input\":{\"@type\":\"PropertyValueSpecification\",\"valueRequired\":true,\"valueName\":\"search_term_string\"}}],\"inLanguage\":\"it-IT\"},{\"@type\":\"Organization\",\"@id\":\"https:\\\/\\\/www.organisator.ch\\\/#organization\",\"name\":\"Organisator\",\"url\":\"https:\\\/\\\/www.organisator.ch\\\/\",\"logo\":{\"@type\":\"ImageObject\",\"inLanguage\":\"it-IT\",\"@id\":\"https:\\\/\\\/www.organisator.ch\\\/#\\\/schema\\\/logo\\\/image\\\/\",\"url\":\"https:\\\/\\\/www.organisator.ch\\\/wp-content\\\/uploads\\\/2022\\\/01\\\/Logo_Organisator_Website.png\",\"contentUrl\":\"https:\\\/\\\/www.organisator.ch\\\/wp-content\\\/uploads\\\/2022\\\/01\\\/Logo_Organisator_Website.png\",\"width\":800,\"height\":77,\"caption\":\"Organisator\"},\"image\":{\"@id\":\"https:\\\/\\\/www.organisator.ch\\\/#\\\/schema\\\/logo\\\/image\\\/\"},\"sameAs\":[\"https:\\\/\\\/www.facebook.com\\\/OrganisatorFachmagazin\",\"https:\\\/\\\/www.linkedin.com\\\/showcase\\\/organisator-das-magazin-fr-kmu\",\"https:\\\/\\\/www.xing.com\\\/news\\\/pages\\\/organisator-ch-695\",\"https:\\\/\\\/www.youtube.com\\\/channel\\\/UCGP2Sq0iWaZwT3BdIAQFYpw\"]},{\"@type\":\"Person\",\"@id\":\"https:\\\/\\\/www.organisator.ch\\\/#\\\/schema\\\/person\\\/4e51799071cd2dd1232ac003643ef5f0\",\"name\":\"galledia\",\"image\":{\"@type\":\"ImageObject\",\"inLanguage\":\"it-IT\",\"@id\":\"https:\\\/\\\/secure.gravatar.com\\\/avatar\\\/78a7f90c01fc2bfc875782a0d4922b37cde2cf184ce347b91316d23cd7f69a36?s=96&d=mm&r=g\",\"url\":\"https:\\\/\\\/secure.gravatar.com\\\/avatar\\\/78a7f90c01fc2bfc875782a0d4922b37cde2cf184ce347b91316d23cd7f69a36?s=96&d=mm&r=g\",\"contentUrl\":\"https:\\\/\\\/secure.gravatar.com\\\/avatar\\\/78a7f90c01fc2bfc875782a0d4922b37cde2cf184ce347b91316d23cd7f69a36?s=96&d=mm&r=g\",\"caption\":\"galledia\"},\"sameAs\":[\"https:\\\/\\\/x.com\\\/admin\"],\"url\":\"https:\\\/\\\/www.organisator.ch\\\/it\\\/author\\\/galledia\\\/\"}]}<\/script>\n<!-- \/ Yoast SEO plugin. -->","yoast_head_json":{"title":"Martina Hollenstein Stadler diventa responsabile della sostenibilit\u00e0 alla GRF - Organizzatore","description":"La GRF promuove il turismo sostenibile nei Grigioni. Martina Hollenstein Stadler sostiene la sostenibilit\u00e0 come Senior Manager.","robots":{"index":"index","follow":"follow","max-snippet":"max-snippet:-1","max-image-preview":"max-image-preview:large","max-video-preview":"max-video-preview:-1"},"canonical":"https:\/\/www.organisator.ch\/it\/sostenibilita\/2023-01-25\/martina-hollenstein-stadler-wird-nachhaltigkeitsbeauftragte-bei-grf\/","og_locale":"it_IT","og_type":"article","og_title":"Martina Hollenstein Stadler wird Nachhaltigkeitsbeauftragte bei GRF - Organisator","og_description":"GRF f\u00f6rdert nachhaltigen Tourismus in Graub\u00fcnden. Martina Hollenstein Stadler unterst\u00fctzt als Senior Managerin Nachhaltigkeit.","og_url":"https:\/\/www.organisator.ch\/it\/sostenibilita\/2023-01-25\/martina-hollenstein-stadler-wird-nachhaltigkeitsbeauftragte-bei-grf\/","og_site_name":"Organisator","article_publisher":"https:\/\/www.facebook.com\/OrganisatorFachmagazin","article_published_time":"2023-01-25T12:37:58+00:00","article_modified_time":"2024-11-19T06:21:52+00:00","author":"galledia","twitter_card":"summary_large_image","twitter_creator":"@admin","schema":{"@context":"https:\/\/schema.org","@graph":[{"@type":"Article","@id":"https:\/\/www.organisator.ch\/sustainability\/2023-01-25\/martina-hollenstein-stadler-wird-nachhaltigkeitsbeauftragte-bei-grf\/#article","isPartOf":{"@id":"https:\/\/www.organisator.ch\/sustainability\/2023-01-25\/martina-hollenstein-stadler-wird-nachhaltigkeitsbeauftragte-bei-grf\/"},"author":{"name":"galledia","@id":"https:\/\/www.organisator.ch\/#\/schema\/person\/4e51799071cd2dd1232ac003643ef5f0"},"headline":"Martina Hollenstein Stadler wird Nachhaltigkeitsbeauftragte bei GRF","datePublished":"2023-01-25T12:37:58+00:00","dateModified":"2024-11-19T06:21:52+00:00","mainEntityOfPage":{"@id":"https:\/\/www.organisator.ch\/sustainability\/2023-01-25\/martina-hollenstein-stadler-wird-nachhaltigkeitsbeauftragte-bei-grf\/"},"wordCount":305,"publisher":{"@id":"https:\/\/www.organisator.ch\/#organization"},"image":{"@id":"https:\/\/www.organisator.ch\/sustainability\/2023-01-25\/martina-hollenstein-stadler-wird-nachhaltigkeitsbeauftragte-bei-grf\/#primaryimage"},"thumbnailUrl":"https:\/\/www.werbewoche.ch\/wp-content\/uploads\/2023\/01\/Martina-Hollenstein-_Dominik-Taeuber.jpg","keywords":["Marketing","Nachhaltige Wirtschaft","Personalia"],"articleSection":["SUSTAINABILITY"],"inLanguage":"it-IT"},{"@type":"WebPage","@id":"https:\/\/www.organisator.ch\/sustainability\/2023-01-25\/martina-hollenstein-stadler-wird-nachhaltigkeitsbeauftragte-bei-grf\/","url":"https:\/\/www.organisator.ch\/sustainability\/2023-01-25\/martina-hollenstein-stadler-wird-nachhaltigkeitsbeauftragte-bei-grf\/","name":"Martina Hollenstein Stadler diventa responsabile della sostenibilit\u00e0 alla GRF - Organizzatore","isPartOf":{"@id":"https:\/\/www.organisator.ch\/#website"},"primaryImageOfPage":{"@id":"https:\/\/www.organisator.ch\/sustainability\/2023-01-25\/martina-hollenstein-stadler-wird-nachhaltigkeitsbeauftragte-bei-grf\/#primaryimage"},"image":{"@id":"https:\/\/www.organisator.ch\/sustainability\/2023-01-25\/martina-hollenstein-stadler-wird-nachhaltigkeitsbeauftragte-bei-grf\/#primaryimage"},"thumbnailUrl":"https:\/\/www.werbewoche.ch\/wp-content\/uploads\/2023\/01\/Martina-Hollenstein-_Dominik-Taeuber.jpg","datePublished":"2023-01-25T12:37:58+00:00","dateModified":"2024-11-19T06:21:52+00:00","description":"La GRF promuove il turismo sostenibile nei Grigioni. Martina Hollenstein Stadler sostiene la sostenibilit\u00e0 come Senior Manager.","breadcrumb":{"@id":"https:\/\/www.organisator.ch\/sustainability\/2023-01-25\/martina-hollenstein-stadler-wird-nachhaltigkeitsbeauftragte-bei-grf\/#breadcrumb"},"inLanguage":"it-IT","potentialAction":[{"@type":"ReadAction","target":["https:\/\/www.organisator.ch\/sustainability\/2023-01-25\/martina-hollenstein-stadler-wird-nachhaltigkeitsbeauftragte-bei-grf\/"]}]},{"@type":"ImageObject","inLanguage":"it-IT","@id":"https:\/\/www.organisator.ch\/sustainability\/2023-01-25\/martina-hollenstein-stadler-wird-nachhaltigkeitsbeauftragte-bei-grf\/#primaryimage","url":"https:\/\/www.werbewoche.ch\/wp-content\/uploads\/2023\/01\/Martina-Hollenstein-_Dominik-Taeuber.jpg","contentUrl":"https:\/\/www.werbewoche.ch\/wp-content\/uploads\/2023\/01\/Martina-Hollenstein-_Dominik-Taeuber.jpg"},{"@type":"BreadcrumbList","@id":"https:\/\/www.organisator.ch\/sustainability\/2023-01-25\/martina-hollenstein-stadler-wird-nachhaltigkeitsbeauftragte-bei-grf\/#breadcrumb","itemListElement":[{"@type":"ListItem","position":1,"name":"Home","item":"https:\/\/www.organisator.ch\/"},{"@type":"ListItem","position":2,"name":"Martina Hollenstein Stadler wird Nachhaltigkeitsbeauftragte bei GRF"}]},{"@type":"WebSite","@id":"https:\/\/www.organisator.ch\/#website","url":"https:\/\/www.organisator.ch\/","name":"Organizzatore","description":"Competente. Pratico. In 10 numeri all'anno, ORGANISATOR presenta i temi essenziali per i manager delle PMI.","publisher":{"@id":"https:\/\/www.organisator.ch\/#organization"},"potentialAction":[{"@type":"SearchAction","target":{"@type":"EntryPoint","urlTemplate":"https:\/\/www.organisator.ch\/?s={search_term_string}"},"query-input":{"@type":"PropertyValueSpecification","valueRequired":true,"valueName":"search_term_string"}}],"inLanguage":"it-IT"},{"@type":"Organization","@id":"https:\/\/www.organisator.ch\/#organization","name":"Organizzatore","url":"https:\/\/www.organisator.ch\/","logo":{"@type":"ImageObject","inLanguage":"it-IT","@id":"https:\/\/www.organisator.ch\/#\/schema\/logo\/image\/","url":"https:\/\/www.organisator.ch\/wp-content\/uploads\/2022\/01\/Logo_Organisator_Website.png","contentUrl":"https:\/\/www.organisator.ch\/wp-content\/uploads\/2022\/01\/Logo_Organisator_Website.png","width":800,"height":77,"caption":"Organisator"},"image":{"@id":"https:\/\/www.organisator.ch\/#\/schema\/logo\/image\/"},"sameAs":["https:\/\/www.facebook.com\/OrganisatorFachmagazin","https:\/\/www.linkedin.com\/showcase\/organisator-das-magazin-fr-kmu","https:\/\/www.xing.com\/news\/pages\/organisator-ch-695","https:\/\/www.youtube.com\/channel\/UCGP2Sq0iWaZwT3BdIAQFYpw"]},{"@type":"Person","@id":"https:\/\/www.organisator.ch\/#\/schema\/person\/4e51799071cd2dd1232ac003643ef5f0","name":"galledia","image":{"@type":"ImageObject","inLanguage":"it-IT","@id":"https:\/\/secure.gravatar.com\/avatar\/78a7f90c01fc2bfc875782a0d4922b37cde2cf184ce347b91316d23cd7f69a36?s=96&d=mm&r=g","url":"https:\/\/secure.gravatar.com\/avatar\/78a7f90c01fc2bfc875782a0d4922b37cde2cf184ce347b91316d23cd7f69a36?s=96&d=mm&r=g","contentUrl":"https:\/\/secure.gravatar.com\/avatar\/78a7f90c01fc2bfc875782a0d4922b37cde2cf184ce347b91316d23cd7f69a36?s=96&d=mm&r=g","caption":"galledia"},"sameAs":["https:\/\/x.com\/admin"],"url":"https:\/\/www.organisator.ch\/it\/author\/galledia\/"}]}},"_links":{"self":[{"href":"https:\/\/www.organisator.ch\/it\/wp-json\/wp\/v2\/posts\/18605","targetHints":{"allow":["GET"]}}],"collection":[{"href":"https:\/\/www.organisator.ch\/it\/wp-json\/wp\/v2\/posts"}],"about":[{"href":"https:\/\/www.organisator.ch\/it\/wp-json\/wp\/v2\/types\/post"}],"author":[{"embeddable":true,"href":"https:\/\/www.organisator.ch\/it\/wp-json\/wp\/v2\/users\/8"}],"replies":[{"embeddable":true,"href":"https:\/\/www.organisator.ch\/it\/wp-json\/wp\/v2\/comments?post=18605"}],"version-history":[{"count":6,"href":"https:\/\/www.organisator.ch\/it\/wp-json\/wp\/v2\/posts\/18605\/revisions"}],"predecessor-version":[{"id":33434,"href":"https:\/\/www.organisator.ch\/it\/wp-json\/wp\/v2\/posts\/18605\/revisions\/33434"}],"wp:attachment":[{"href":"https:\/\/www.organisator.ch\/it\/wp-json\/wp\/v2\/media?parent=18605"}],"wp:term":[{"taxonomy":"category","embeddable":true,"href":"https:\/\/www.organisator.ch\/it\/wp-json\/wp\/v2\/categories?post=18605"},{"taxonomy":"post_tag","embeddable":true,"href":"https:\/\/www.organisator.ch\/it\/wp-json\/wp\/v2\/tags?post=18605"}],"curies":[{"name":"wp","href":"https:\/\/api.w.org\/{rel}","templated":true}]}}