{"id":18688,"date":"2023-02-01T12:05:01","date_gmt":"2023-02-01T11:05:01","guid":{"rendered":"https:\/\/www.organisator.ch\/?p=18688"},"modified":"2023-02-01T12:05:01","modified_gmt":"2023-02-01T11:05:01","slug":"roth-gerueste-philippe-wingeier-folgt-auf-walter-fankhauser","status":"publish","type":"post","link":"https:\/\/www.organisator.ch\/it\/management\/2023-02-01\/roth-gerueste-philippe-wingeier-folgt-auf-walter-fankhauser\/","title":{"rendered":"Ponteggi Roth: Philippe Wingeier succede a Walter Fankhauser"},"content":{"rendered":"<figure id=\"attachment_18690\" aria-describedby=\"caption-attachment-18690\" style=\"width: 680px\" class=\"wp-caption alignnone\"><img loading=\"lazy\" decoding=\"async\" class=\"size-full wp-image-18690\" src=\"https:\/\/www.organisator.ch\/wp-content\/uploads\/2023\/02\/Roth-Gerueste-Philippe-Wingeier-folgt-auf-Walter-Fankhauser_Organisator.jpg\" alt=\"\" width=\"680\" height=\"420\" srcset=\"https:\/\/www.organisator.ch\/wp-content\/uploads\/2023\/02\/Roth-Gerueste-Philippe-Wingeier-folgt-auf-Walter-Fankhauser_Organisator.jpg 680w, https:\/\/www.organisator.ch\/wp-content\/uploads\/2023\/02\/Roth-Gerueste-Philippe-Wingeier-folgt-auf-Walter-Fankhauser_Organisator-18x12.jpg 18w, https:\/\/www.organisator.ch\/wp-content\/uploads\/2023\/02\/Roth-Gerueste-Philippe-Wingeier-folgt-auf-Walter-Fankhauser_Organisator-375x232.jpg 375w, https:\/\/www.organisator.ch\/wp-content\/uploads\/2023\/02\/Roth-Gerueste-Philippe-Wingeier-folgt-auf-Walter-Fankhauser_Organisator-567x350.jpg 567w\" sizes=\"auto, (max-width: 680px) 100vw, 680px\" \/><figcaption id=\"caption-attachment-18690\" class=\"wp-caption-text\">Philippe Wingeier (a sinistra) sostituisce Walter Fankhauser alla guida di Roth Ger\u00fcst. (Immagine: zVg \/ Roth Ger\u00fcste)<\/figcaption><\/figure>\n<p style=\"margin: 0cm;\">Il nuovo uomo alla guida di Roth Ger\u00fcste pu\u00f2 contare su molti anni di esperienza manageriale in una grande impresa di costruzioni svizzera: per 18 anni Philippe Wingeier ha ricoperto diverse posizioni dirigenziali presso il Gruppo Frutiger, da ultimo come membro del Comitato esecutivo. \"Mi considero fortunato di poter essere all'avanguardia in un nuovo commercio e in un nuovo ambiente e di poter affrontare le sfide che ci attendono\", afferma il nuovo CEO. In questo modo, vuole continuare a costruire su ci\u00f2 che \u00e8 gi\u00e0 stato raggiunto, ma anche fissare accenti specifici per guidare l'azienda verso il futuro. L'appassionato sportivo vede un potenziale particolare nei settori della digitalizzazione, della logistica e dell'ottimizzazione dei processi.<\/p>\n<h3>Raggiungere e ispirare i giovani<\/h3>\n<p>Philippe Wingeier annovera tra le sfide pi\u00f9 acute il mercato ferocemente competitivo, il calo dei prezzi e dei margini di mercato e la carenza di manodopera qualificata, che da tempo colpisce l'industria delle costruzioni. Soprattutto nel settore delle risorse umane, la strategia attuale \u00e8 ancora quella giusta. \"Investiamo molto nei nostri dipendenti: condizioni di lavoro progressiste e opportunit\u00e0 di carriera diversificate sono per noi scontate\", sottolinea Wingeier, che ha completato un apprendistato come falegname e successivamente si \u00e8 formato come ingegnere del legno e industriale FH. L'azienda, che ha 65 anni, \u00e8 ben posizionata anche in termini di parit\u00e0 di genere, con due donne ai vertici aziendali.<\/p>\n<p>Anche se attualmente l'azienda forma 25 apprendisti in varie professioni in diverse sedi, \u00e8 necessario recuperare il ritardo in termini di giovani talenti. La formazione in materia di ponteggi \u00e8 ancora poco conosciuta dai giovani e la domanda \u00e8 di conseguenza bassa. A torto: \"Una volta che si mette piede nei ponteggi, non si abbandona pi\u00f9 la passione per questa versatile professione\", \u00e8 convinto Philippe Wingeier.<\/p>\n<h3>Al lavoro con passione<\/h3>\n<p>Anche Walter Fankhauser, CEO per 26 anni e ora Presidente del Consiglio di Amministrazione dell'azienda, attribuisce un ruolo centrale ai dipendenti. \"Diamo una possibilit\u00e0 a tutti quelli che lo desiderano veramente\", dice. Un impegno che \u00e8 stato riconosciuto anche dalla societ\u00e0 di consulenza EY con il prestigioso premio \"Imprenditore dell'anno\" nel 2009. Nonostante la pressione dei costi, Roth Ger\u00fcste AG investe molto tempo e denaro nella formazione e nell'aggiornamento dei propri dipendenti, ha sottolineato la giuria durante la cerimonia di premiazione.<\/p>\n<p>Walter Fankhauser, entrato in azienda nel 1996, ha accompagnato la costante crescita dell'azienda e ha portato Roth Ger\u00fcste nella zona di profitto. L'azienda \u00e8 cresciuta organicamente, con le proprie persone e i propri valori. \"Ci siamo sempre allineati con i nostri clienti e le loro esigenze\", afferma l'amministratore delegato e comproprietario di lunga data, illustrando la strategia degli ultimi tre decenni. Walter Fankhauser, che raggiunger\u00e0 l'et\u00e0 pensionabile nell'aprile 2023 e passer\u00e0 quindi la gestione dell'azienda a nuove mani, pu\u00f2 vantare 10.000 progetti realizzati insieme a 700 dipendenti. Sebbene ognuno di questi progetti fosse molto diverso per portata e pianificazione, c'era sempre un denominatore comune: \"Ogni lavoro \u00e8 stato realizzato al 100% con passione\", afferma Walter Fankhauser.<\/p>\n<p><a href=\"https:\/\/www.rothgerueste.ch\/\"><em>Fonte e ulteriori informazioni<\/em><\/a><\/p>","protected":false},"excerpt":{"rendered":"<p>Der neue Mann an der Spitze von Roth Ger\u00fcste kann f\u00fcr sein Amt auf langj\u00e4hrige F\u00fchrungserfahrungen bei einem grossen Schweizer Bauunternehmen zur\u00fcckgreifen: w\u00e4hrend 18 Jahren war Philippe Wingeier in verschiedenen Kaderfunktionen bei der Frutiger Gruppe t\u00e4tig, zuletzt als Mitglied der Gesch\u00e4ftsleitung. \u00abIch sch\u00e4tze mich gl\u00fccklich, in einem neuen Gewerbe und Umfeld an vorderster Front mitwirken [&hellip;]<\/p>\n","protected":false},"author":4,"featured_media":18690,"comment_status":"closed","ping_status":"closed","sticky":false,"template":"","format":"standard","meta":{"_acf_changed":false,"_yoast_wpseo_focuskw":"Roth Ger\u00fcste","_yoast_wpseo_metadesc":"F\u00fchrungswechsel bei Traditionsunternehmen: Seit Anfang Januar ist Philippe Wingeier als neuer CEO bei Roth Ger\u00fcste aktiv.","articlekey":"","footnotes":""},"categories":[28],"tags":[335,381,492],"class_list":["post-18688","post","type-post","status-publish","format-standard","has-post-thumbnail","hentry","category-management","tag-management-und-unternehmensfuehrung","tag-personalia","tag-unternehmen"],"acf":[],"yoast_head":"<!-- This site is optimized with the Yoast SEO plugin v27.5 - https:\/\/yoast.com\/product\/yoast-seo-wordpress\/ -->\n<title>Roth Ger\u00fcste: Philippe Wingeier folgt auf Walter Fankhauser - Organisator<\/title>\n<meta name=\"description\" content=\"F\u00fchrungswechsel bei Traditionsunternehmen: Seit Anfang Januar ist Philippe Wingeier als neuer CEO bei Roth Ger\u00fcste aktiv.\" \/>\n<meta name=\"robots\" content=\"index, follow, max-snippet:-1, max-image-preview:large, max-video-preview:-1\" \/>\n<link rel=\"canonical\" href=\"https:\/\/www.organisator.ch\/it\/gestione-2\/2023-02-01\/roth-gerueste-philippe-wingeier-folgt-auf-walter-fankhauser\/\" \/>\n<meta property=\"og:locale\" content=\"it_IT\" \/>\n<meta property=\"og:type\" content=\"article\" \/>\n<meta property=\"og:title\" content=\"Roth Ger\u00fcste: Philippe Wingeier folgt auf Walter Fankhauser\" \/>\n<meta property=\"og:description\" content=\"F\u00fchrungswechsel bei Traditionsunternehmen: Seit Anfang Januar ist Philippe Wingeier als neuer CEO bei Roth Ger\u00fcste aktiv.\" \/>\n<meta property=\"og:url\" content=\"https:\/\/www.organisator.ch\/it\/gestione-2\/2023-02-01\/roth-gerueste-philippe-wingeier-folgt-auf-walter-fankhauser\/\" \/>\n<meta property=\"og:site_name\" content=\"Organisator\" \/>\n<meta property=\"article:publisher\" content=\"https:\/\/www.facebook.com\/OrganisatorFachmagazin\" \/>\n<meta property=\"article:published_time\" content=\"2023-02-01T11:05:01+00:00\" \/>\n<meta property=\"og:image\" content=\"https:\/\/www.organisator.ch\/wp-content\/uploads\/2023\/02\/Roth-Gerueste-Philippe-Wingeier-folgt-auf-Walter-Fankhauser_Organisator.jpg\" \/>\n\t<meta property=\"og:image:width\" content=\"680\" \/>\n\t<meta property=\"og:image:height\" content=\"420\" \/>\n\t<meta property=\"og:image:type\" content=\"image\/jpeg\" \/>\n<meta name=\"author\" content=\"thomas.berner\" \/>\n<meta name=\"twitter:card\" content=\"summary_large_image\" \/>\n<meta name=\"twitter:title\" content=\"#Roth Ger\u00fcste: Philippe #Wingeier folgt auf Walter #Fankhauser\" \/>\n<meta name=\"twitter:description\" content=\"#F\u00fchrungswechsel bei Traditionsunternehmen: Seit Anfang Januar ist Philippe #Wingeier als neuer #CEO bei Roth Ger\u00fcste aktiv.\" \/>\n<meta name=\"twitter:image\" content=\"https:\/\/www.organisator.ch\/wp-content\/uploads\/2023\/02\/Roth-Gerueste-Philippe-Wingeier-folgt-auf-Walter-Fankhauser_Organisator.jpg\" \/>\n<script type=\"application\/ld+json\" class=\"yoast-schema-graph\">{\"@context\":\"https:\\\/\\\/schema.org\",\"@graph\":[{\"@type\":\"Article\",\"@id\":\"https:\\\/\\\/www.organisator.ch\\\/management\\\/2023-02-01\\\/roth-gerueste-philippe-wingeier-folgt-auf-walter-fankhauser\\\/#article\",\"isPartOf\":{\"@id\":\"https:\\\/\\\/www.organisator.ch\\\/management\\\/2023-02-01\\\/roth-gerueste-philippe-wingeier-folgt-auf-walter-fankhauser\\\/\"},\"author\":{\"name\":\"thomas.berner\",\"@id\":\"https:\\\/\\\/www.organisator.ch\\\/#\\\/schema\\\/person\\\/6f650f90b2842cd4c0cc334b4e36f67e\"},\"headline\":\"Roth Ger\u00fcste: Philippe Wingeier folgt auf Walter Fankhauser\",\"datePublished\":\"2023-02-01T11:05:01+00:00\",\"mainEntityOfPage\":{\"@id\":\"https:\\\/\\\/www.organisator.ch\\\/management\\\/2023-02-01\\\/roth-gerueste-philippe-wingeier-folgt-auf-walter-fankhauser\\\/\"},\"wordCount\":536,\"publisher\":{\"@id\":\"https:\\\/\\\/www.organisator.ch\\\/#organization\"},\"image\":{\"@id\":\"https:\\\/\\\/www.organisator.ch\\\/management\\\/2023-02-01\\\/roth-gerueste-philippe-wingeier-folgt-auf-walter-fankhauser\\\/#primaryimage\"},\"thumbnailUrl\":\"https:\\\/\\\/www.organisator.ch\\\/wp-content\\\/uploads\\\/2023\\\/02\\\/Roth-Gerueste-Philippe-Wingeier-folgt-auf-Walter-Fankhauser_Organisator.jpg\",\"keywords\":[\"Management und Unternehmensf\u00fchrung\",\"Personalia\",\"Unternehmen\"],\"articleSection\":[\"MANAGEMENT\"],\"inLanguage\":\"it-IT\"},{\"@type\":\"WebPage\",\"@id\":\"https:\\\/\\\/www.organisator.ch\\\/management\\\/2023-02-01\\\/roth-gerueste-philippe-wingeier-folgt-auf-walter-fankhauser\\\/\",\"url\":\"https:\\\/\\\/www.organisator.ch\\\/management\\\/2023-02-01\\\/roth-gerueste-philippe-wingeier-folgt-auf-walter-fankhauser\\\/\",\"name\":\"Roth Ger\u00fcste: Philippe Wingeier folgt auf Walter Fankhauser - Organisator\",\"isPartOf\":{\"@id\":\"https:\\\/\\\/www.organisator.ch\\\/#website\"},\"primaryImageOfPage\":{\"@id\":\"https:\\\/\\\/www.organisator.ch\\\/management\\\/2023-02-01\\\/roth-gerueste-philippe-wingeier-folgt-auf-walter-fankhauser\\\/#primaryimage\"},\"image\":{\"@id\":\"https:\\\/\\\/www.organisator.ch\\\/management\\\/2023-02-01\\\/roth-gerueste-philippe-wingeier-folgt-auf-walter-fankhauser\\\/#primaryimage\"},\"thumbnailUrl\":\"https:\\\/\\\/www.organisator.ch\\\/wp-content\\\/uploads\\\/2023\\\/02\\\/Roth-Gerueste-Philippe-Wingeier-folgt-auf-Walter-Fankhauser_Organisator.jpg\",\"datePublished\":\"2023-02-01T11:05:01+00:00\",\"description\":\"F\u00fchrungswechsel bei Traditionsunternehmen: Seit Anfang Januar ist Philippe Wingeier als neuer CEO bei Roth Ger\u00fcste aktiv.\",\"breadcrumb\":{\"@id\":\"https:\\\/\\\/www.organisator.ch\\\/management\\\/2023-02-01\\\/roth-gerueste-philippe-wingeier-folgt-auf-walter-fankhauser\\\/#breadcrumb\"},\"inLanguage\":\"it-IT\",\"potentialAction\":[{\"@type\":\"ReadAction\",\"target\":[\"https:\\\/\\\/www.organisator.ch\\\/management\\\/2023-02-01\\\/roth-gerueste-philippe-wingeier-folgt-auf-walter-fankhauser\\\/\"]}]},{\"@type\":\"ImageObject\",\"inLanguage\":\"it-IT\",\"@id\":\"https:\\\/\\\/www.organisator.ch\\\/management\\\/2023-02-01\\\/roth-gerueste-philippe-wingeier-folgt-auf-walter-fankhauser\\\/#primaryimage\",\"url\":\"https:\\\/\\\/www.organisator.ch\\\/wp-content\\\/uploads\\\/2023\\\/02\\\/Roth-Gerueste-Philippe-Wingeier-folgt-auf-Walter-Fankhauser_Organisator.jpg\",\"contentUrl\":\"https:\\\/\\\/www.organisator.ch\\\/wp-content\\\/uploads\\\/2023\\\/02\\\/Roth-Gerueste-Philippe-Wingeier-folgt-auf-Walter-Fankhauser_Organisator.jpg\",\"width\":680,\"height\":420,\"caption\":\"Philippe Wingeier (links) l\u00f6st Walter Fankhauser an der Unternehmensspitze von Roth Ger\u00fcste ab. (Bild: zVg \\\/ Roth Ger\u00fcste)\"},{\"@type\":\"BreadcrumbList\",\"@id\":\"https:\\\/\\\/www.organisator.ch\\\/management\\\/2023-02-01\\\/roth-gerueste-philippe-wingeier-folgt-auf-walter-fankhauser\\\/#breadcrumb\",\"itemListElement\":[{\"@type\":\"ListItem\",\"position\":1,\"name\":\"Home\",\"item\":\"https:\\\/\\\/www.organisator.ch\\\/\"},{\"@type\":\"ListItem\",\"position\":2,\"name\":\"Roth Ger\u00fcste: Philippe Wingeier folgt auf Walter Fankhauser\"}]},{\"@type\":\"WebSite\",\"@id\":\"https:\\\/\\\/www.organisator.ch\\\/#website\",\"url\":\"https:\\\/\\\/www.organisator.ch\\\/\",\"name\":\"Organisator\",\"description\":\"Kompetent. Praxisnah. Der ORGANISATOR bereitet in 10 Ausgaben pro Jahr die wesentlichen Themen f\u00fcr F\u00fchrungskr\u00e4fte von KMU auf.\",\"publisher\":{\"@id\":\"https:\\\/\\\/www.organisator.ch\\\/#organization\"},\"potentialAction\":[{\"@type\":\"SearchAction\",\"target\":{\"@type\":\"EntryPoint\",\"urlTemplate\":\"https:\\\/\\\/www.organisator.ch\\\/?s={search_term_string}\"},\"query-input\":{\"@type\":\"PropertyValueSpecification\",\"valueRequired\":true,\"valueName\":\"search_term_string\"}}],\"inLanguage\":\"it-IT\"},{\"@type\":\"Organization\",\"@id\":\"https:\\\/\\\/www.organisator.ch\\\/#organization\",\"name\":\"Organisator\",\"url\":\"https:\\\/\\\/www.organisator.ch\\\/\",\"logo\":{\"@type\":\"ImageObject\",\"inLanguage\":\"it-IT\",\"@id\":\"https:\\\/\\\/www.organisator.ch\\\/#\\\/schema\\\/logo\\\/image\\\/\",\"url\":\"https:\\\/\\\/www.organisator.ch\\\/wp-content\\\/uploads\\\/2022\\\/01\\\/Logo_Organisator_Website.png\",\"contentUrl\":\"https:\\\/\\\/www.organisator.ch\\\/wp-content\\\/uploads\\\/2022\\\/01\\\/Logo_Organisator_Website.png\",\"width\":800,\"height\":77,\"caption\":\"Organisator\"},\"image\":{\"@id\":\"https:\\\/\\\/www.organisator.ch\\\/#\\\/schema\\\/logo\\\/image\\\/\"},\"sameAs\":[\"https:\\\/\\\/www.facebook.com\\\/OrganisatorFachmagazin\",\"https:\\\/\\\/www.linkedin.com\\\/showcase\\\/organisator-das-magazin-fr-kmu\",\"https:\\\/\\\/www.xing.com\\\/news\\\/pages\\\/organisator-ch-695\",\"https:\\\/\\\/www.youtube.com\\\/channel\\\/UCGP2Sq0iWaZwT3BdIAQFYpw\"]},{\"@type\":\"Person\",\"@id\":\"https:\\\/\\\/www.organisator.ch\\\/#\\\/schema\\\/person\\\/6f650f90b2842cd4c0cc334b4e36f67e\",\"name\":\"thomas.berner\",\"image\":{\"@type\":\"ImageObject\",\"inLanguage\":\"it-IT\",\"@id\":\"https:\\\/\\\/secure.gravatar.com\\\/avatar\\\/ac5001d2a36cb6c6cd3e50789007ffca834b477b74a2144564522e944eabff61?s=96&d=mm&r=g\",\"url\":\"https:\\\/\\\/secure.gravatar.com\\\/avatar\\\/ac5001d2a36cb6c6cd3e50789007ffca834b477b74a2144564522e944eabff61?s=96&d=mm&r=g\",\"contentUrl\":\"https:\\\/\\\/secure.gravatar.com\\\/avatar\\\/ac5001d2a36cb6c6cd3e50789007ffca834b477b74a2144564522e944eabff61?s=96&d=mm&r=g\",\"caption\":\"thomas.berner\"},\"url\":\"https:\\\/\\\/www.organisator.ch\\\/it\\\/author\\\/thomas-berner\\\/\"}]}<\/script>\n<!-- \/ Yoast SEO plugin. -->","yoast_head_json":{"title":"Ponteggi Roth: Philippe Wingeier succede a Walter Fankhauser - Organizzatore","description":"Cambio di leadership nell'azienda tradizionale: Dall'inizio di gennaio, Philippe Wingeier \u00e8 il nuovo CEO di Roth Ger\u00fcste.","robots":{"index":"index","follow":"follow","max-snippet":"max-snippet:-1","max-image-preview":"max-image-preview:large","max-video-preview":"max-video-preview:-1"},"canonical":"https:\/\/www.organisator.ch\/it\/gestione-2\/2023-02-01\/roth-gerueste-philippe-wingeier-folgt-auf-walter-fankhauser\/","og_locale":"it_IT","og_type":"article","og_title":"Roth Ger\u00fcste: Philippe Wingeier folgt auf Walter Fankhauser","og_description":"F\u00fchrungswechsel bei Traditionsunternehmen: Seit Anfang Januar ist Philippe Wingeier als neuer CEO bei Roth Ger\u00fcste aktiv.","og_url":"https:\/\/www.organisator.ch\/it\/gestione-2\/2023-02-01\/roth-gerueste-philippe-wingeier-folgt-auf-walter-fankhauser\/","og_site_name":"Organisator","article_publisher":"https:\/\/www.facebook.com\/OrganisatorFachmagazin","article_published_time":"2023-02-01T11:05:01+00:00","og_image":[{"width":680,"height":420,"url":"https:\/\/www.organisator.ch\/wp-content\/uploads\/2023\/02\/Roth-Gerueste-Philippe-Wingeier-folgt-auf-Walter-Fankhauser_Organisator.jpg","type":"image\/jpeg"}],"author":"thomas.berner","twitter_card":"summary_large_image","twitter_title":"#Roth Ger\u00fcste: Philippe #Wingeier folgt auf Walter #Fankhauser","twitter_description":"#F\u00fchrungswechsel bei Traditionsunternehmen: Seit Anfang Januar ist Philippe #Wingeier als neuer #CEO bei Roth Ger\u00fcste aktiv.","twitter_image":"https:\/\/www.organisator.ch\/wp-content\/uploads\/2023\/02\/Roth-Gerueste-Philippe-Wingeier-folgt-auf-Walter-Fankhauser_Organisator.jpg","schema":{"@context":"https:\/\/schema.org","@graph":[{"@type":"Article","@id":"https:\/\/www.organisator.ch\/management\/2023-02-01\/roth-gerueste-philippe-wingeier-folgt-auf-walter-fankhauser\/#article","isPartOf":{"@id":"https:\/\/www.organisator.ch\/management\/2023-02-01\/roth-gerueste-philippe-wingeier-folgt-auf-walter-fankhauser\/"},"author":{"name":"thomas.berner","@id":"https:\/\/www.organisator.ch\/#\/schema\/person\/6f650f90b2842cd4c0cc334b4e36f67e"},"headline":"Roth Ger\u00fcste: Philippe Wingeier folgt auf Walter Fankhauser","datePublished":"2023-02-01T11:05:01+00:00","mainEntityOfPage":{"@id":"https:\/\/www.organisator.ch\/management\/2023-02-01\/roth-gerueste-philippe-wingeier-folgt-auf-walter-fankhauser\/"},"wordCount":536,"publisher":{"@id":"https:\/\/www.organisator.ch\/#organization"},"image":{"@id":"https:\/\/www.organisator.ch\/management\/2023-02-01\/roth-gerueste-philippe-wingeier-folgt-auf-walter-fankhauser\/#primaryimage"},"thumbnailUrl":"https:\/\/www.organisator.ch\/wp-content\/uploads\/2023\/02\/Roth-Gerueste-Philippe-Wingeier-folgt-auf-Walter-Fankhauser_Organisator.jpg","keywords":["Management und Unternehmensf\u00fchrung","Personalia","Unternehmen"],"articleSection":["MANAGEMENT"],"inLanguage":"it-IT"},{"@type":"WebPage","@id":"https:\/\/www.organisator.ch\/management\/2023-02-01\/roth-gerueste-philippe-wingeier-folgt-auf-walter-fankhauser\/","url":"https:\/\/www.organisator.ch\/management\/2023-02-01\/roth-gerueste-philippe-wingeier-folgt-auf-walter-fankhauser\/","name":"Ponteggi Roth: Philippe Wingeier succede a Walter Fankhauser - Organizzatore","isPartOf":{"@id":"https:\/\/www.organisator.ch\/#website"},"primaryImageOfPage":{"@id":"https:\/\/www.organisator.ch\/management\/2023-02-01\/roth-gerueste-philippe-wingeier-folgt-auf-walter-fankhauser\/#primaryimage"},"image":{"@id":"https:\/\/www.organisator.ch\/management\/2023-02-01\/roth-gerueste-philippe-wingeier-folgt-auf-walter-fankhauser\/#primaryimage"},"thumbnailUrl":"https:\/\/www.organisator.ch\/wp-content\/uploads\/2023\/02\/Roth-Gerueste-Philippe-Wingeier-folgt-auf-Walter-Fankhauser_Organisator.jpg","datePublished":"2023-02-01T11:05:01+00:00","description":"Cambio di leadership nell'azienda tradizionale: Dall'inizio di gennaio, Philippe Wingeier \u00e8 il nuovo CEO di Roth Ger\u00fcste.","breadcrumb":{"@id":"https:\/\/www.organisator.ch\/management\/2023-02-01\/roth-gerueste-philippe-wingeier-folgt-auf-walter-fankhauser\/#breadcrumb"},"inLanguage":"it-IT","potentialAction":[{"@type":"ReadAction","target":["https:\/\/www.organisator.ch\/management\/2023-02-01\/roth-gerueste-philippe-wingeier-folgt-auf-walter-fankhauser\/"]}]},{"@type":"ImageObject","inLanguage":"it-IT","@id":"https:\/\/www.organisator.ch\/management\/2023-02-01\/roth-gerueste-philippe-wingeier-folgt-auf-walter-fankhauser\/#primaryimage","url":"https:\/\/www.organisator.ch\/wp-content\/uploads\/2023\/02\/Roth-Gerueste-Philippe-Wingeier-folgt-auf-Walter-Fankhauser_Organisator.jpg","contentUrl":"https:\/\/www.organisator.ch\/wp-content\/uploads\/2023\/02\/Roth-Gerueste-Philippe-Wingeier-folgt-auf-Walter-Fankhauser_Organisator.jpg","width":680,"height":420,"caption":"Philippe Wingeier (links) l\u00f6st Walter Fankhauser an der Unternehmensspitze von Roth Ger\u00fcste ab. (Bild: zVg \/ Roth Ger\u00fcste)"},{"@type":"BreadcrumbList","@id":"https:\/\/www.organisator.ch\/management\/2023-02-01\/roth-gerueste-philippe-wingeier-folgt-auf-walter-fankhauser\/#breadcrumb","itemListElement":[{"@type":"ListItem","position":1,"name":"Home","item":"https:\/\/www.organisator.ch\/"},{"@type":"ListItem","position":2,"name":"Roth Ger\u00fcste: Philippe Wingeier folgt auf Walter Fankhauser"}]},{"@type":"WebSite","@id":"https:\/\/www.organisator.ch\/#website","url":"https:\/\/www.organisator.ch\/","name":"Organizzatore","description":"Competente. Pratico. In 10 numeri all'anno, ORGANISATOR presenta i temi essenziali per i manager delle PMI.","publisher":{"@id":"https:\/\/www.organisator.ch\/#organization"},"potentialAction":[{"@type":"SearchAction","target":{"@type":"EntryPoint","urlTemplate":"https:\/\/www.organisator.ch\/?s={search_term_string}"},"query-input":{"@type":"PropertyValueSpecification","valueRequired":true,"valueName":"search_term_string"}}],"inLanguage":"it-IT"},{"@type":"Organization","@id":"https:\/\/www.organisator.ch\/#organization","name":"Organizzatore","url":"https:\/\/www.organisator.ch\/","logo":{"@type":"ImageObject","inLanguage":"it-IT","@id":"https:\/\/www.organisator.ch\/#\/schema\/logo\/image\/","url":"https:\/\/www.organisator.ch\/wp-content\/uploads\/2022\/01\/Logo_Organisator_Website.png","contentUrl":"https:\/\/www.organisator.ch\/wp-content\/uploads\/2022\/01\/Logo_Organisator_Website.png","width":800,"height":77,"caption":"Organisator"},"image":{"@id":"https:\/\/www.organisator.ch\/#\/schema\/logo\/image\/"},"sameAs":["https:\/\/www.facebook.com\/OrganisatorFachmagazin","https:\/\/www.linkedin.com\/showcase\/organisator-das-magazin-fr-kmu","https:\/\/www.xing.com\/news\/pages\/organisator-ch-695","https:\/\/www.youtube.com\/channel\/UCGP2Sq0iWaZwT3BdIAQFYpw"]},{"@type":"Person","@id":"https:\/\/www.organisator.ch\/#\/schema\/person\/6f650f90b2842cd4c0cc334b4e36f67e","name":"Tommaso.berner","image":{"@type":"ImageObject","inLanguage":"it-IT","@id":"https:\/\/secure.gravatar.com\/avatar\/ac5001d2a36cb6c6cd3e50789007ffca834b477b74a2144564522e944eabff61?s=96&d=mm&r=g","url":"https:\/\/secure.gravatar.com\/avatar\/ac5001d2a36cb6c6cd3e50789007ffca834b477b74a2144564522e944eabff61?s=96&d=mm&r=g","contentUrl":"https:\/\/secure.gravatar.com\/avatar\/ac5001d2a36cb6c6cd3e50789007ffca834b477b74a2144564522e944eabff61?s=96&d=mm&r=g","caption":"thomas.berner"},"url":"https:\/\/www.organisator.ch\/it\/author\/thomas-berner\/"}]}},"_links":{"self":[{"href":"https:\/\/www.organisator.ch\/it\/wp-json\/wp\/v2\/posts\/18688","targetHints":{"allow":["GET"]}}],"collection":[{"href":"https:\/\/www.organisator.ch\/it\/wp-json\/wp\/v2\/posts"}],"about":[{"href":"https:\/\/www.organisator.ch\/it\/wp-json\/wp\/v2\/types\/post"}],"author":[{"embeddable":true,"href":"https:\/\/www.organisator.ch\/it\/wp-json\/wp\/v2\/users\/4"}],"replies":[{"embeddable":true,"href":"https:\/\/www.organisator.ch\/it\/wp-json\/wp\/v2\/comments?post=18688"}],"version-history":[{"count":2,"href":"https:\/\/www.organisator.ch\/it\/wp-json\/wp\/v2\/posts\/18688\/revisions"}],"predecessor-version":[{"id":18691,"href":"https:\/\/www.organisator.ch\/it\/wp-json\/wp\/v2\/posts\/18688\/revisions\/18691"}],"wp:featuredmedia":[{"embeddable":true,"href":"https:\/\/www.organisator.ch\/it\/wp-json\/wp\/v2\/media\/18690"}],"wp:attachment":[{"href":"https:\/\/www.organisator.ch\/it\/wp-json\/wp\/v2\/media?parent=18688"}],"wp:term":[{"taxonomy":"category","embeddable":true,"href":"https:\/\/www.organisator.ch\/it\/wp-json\/wp\/v2\/categories?post=18688"},{"taxonomy":"post_tag","embeddable":true,"href":"https:\/\/www.organisator.ch\/it\/wp-json\/wp\/v2\/tags?post=18688"}],"curies":[{"name":"wp","href":"https:\/\/api.w.org\/{rel}","templated":true}]}}