{"id":18744,"date":"2023-02-08T08:32:20","date_gmt":"2023-02-08T07:32:20","guid":{"rendered":"https:\/\/www.m-q.ch\/?p=17536"},"modified":"2024-11-19T05:35:40","modified_gmt":"2024-11-19T04:35:40","slug":"compliance-regulatorik-mit-diesen-neuerungen-muessen-sich-unternehmen-befassen","status":"publish","type":"post","link":"https:\/\/www.organisator.ch\/it\/operational-excellence\/2023-02-08\/compliance-regulatorik-mit-diesen-neuerungen-muessen-sich-unternehmen-befassen\/","title":{"rendered":"Regolamentazione della conformit\u00e0: le aziende devono affrontare queste innovazioni"},"content":{"rendered":"<figure id=\"attachment_17537\" class=\"wp-caption alignnone\" style=\"width: 680px\" aria-describedby=\"caption-attachment-17537\"><img class=\"alignnone wp-image-17537 size-full\" src=\"https:\/\/www.m-q.ch\/wp-content\/uploads\/2023\/02\/Compliance-Regulatorik-Mit-diesen-Neuerungen-muessen-sich-Unternehmen-befassen_MQ.jpg\" alt=\"Regolamento di conformit\u00e0\" width=\"680\" height=\"340\" \/>\r\n<figcaption id=\"caption-attachment-17537\" class=\"wp-caption-text\">Ulteriori regolamenti saranno aggiunti alla giungla dei paragrafi nel 2023: Le norme di conformit\u00e0 nelle aziende devono essere adattate di conseguenza. (Immagine: Pixabay.com)<\/figcaption>\r\n<\/figure>\r\n<p>In Germania, la legge sugli obblighi di approvvigionamento della catena di fornitura LkSG \u00e8 in vigore dall'inizio dell'anno. Ma nel 2023 si aggiungeranno anche altri regolamenti e disposizioni degli Stati membri dell'UE. L'elenco che segue illustra l'essenza dei nuovi regolamenti e la loro entrata in vigore.<\/p>\r\n<h3><strong>REACH: altri nove materiali nell'elenco delle sostanze pericolose<\/strong><\/h3>\r\n<p>A met\u00e0 gennaio 2023, l'Agenzia europea per le sostanze chimiche (ECHA) <a href=\"https:\/\/echa.europa.eu\/de\/-\/echa-adds-nine-hazardous-chemicals-to-candidate-list\">Altri nove materiali aggiunti all'elenco delle sostanze pericolose<\/a>. L'elenco \u00e8 un elenco di candidati, cio\u00e8 alle aziende non \u00e8 vietato l'uso di queste sostanze. Tuttavia, i produttori sono tenuti a fornire ai clienti e ai consumatori informazioni sull'uso sicuro se la concentrazione della rispettiva sostanza nel prodotto \u00e8 pari o superiore a 0,1%.<\/p>\r\n<p>Inoltre, la proposta di estendere il divieto degli acidi perfluorocarbossilici (PFAS) nell'UE attraverso il regolamento REACH (regolamento concernente la registrazione, la valutazione, l'autorizzazione e la restrizione delle sostanze chimiche) \u00e8 prevista per febbraio 2023. Sono inoltre previsti o in fase di elaborazione ulteriori divieti sull'uso di tutti i composti alchilici per- e polifluorurati a livello mondiale.<\/p>\r\n<h3><strong>Revisione della direttiva RoHS<\/strong><\/h3>\r\n<p>La direttiva RoHS (Restriction of Hazardous Substances) dell'UE \u00e8 attualmente in fase di revisione, che potrebbe trasformarla in un regolamento. Questa innovazione rappresenterebbe una sfida per le aziende perch\u00e9, a differenza delle direttive, i regolamenti sono legge in tutti gli Stati membri dell'UE e vengono attuati in modo uniforme. Si prevede inoltre che la direttiva RoHS dell'UE sar\u00e0 presto estesa per includere il tetrabromobisfenolo A (TBBPA), ritardante di fiamma comunemente utilizzato. Ci\u00f2 interesser\u00e0, tra gli altri, i produttori di apparecchiature elettriche ed elettroniche.<\/p>\r\n<h3><strong>Direttiva UE sul lavoro forzato<\/strong><\/h3>\r\n<p>La direttiva UE che vieta l'importazione, l'esportazione e la messa a disposizione di prodotti ottenuti con il lavoro forzato all'interno dell'UE dovrebbe entrare in vigore tra due anni. Tuttavia, le aziende dovrebbero iniziare ad adeguarsi alla direttiva nel 2023, perch\u00e9 richieder\u00e0 uno sforzo globale. Tra le altre cose, le aziende dovranno costruire relazioni pi\u00f9 forti con i loro fornitori e sviluppare processi di raccolta dati sul lavoro forzato. Inoltre, i produttori dovranno creare un metodo per identificare e colmare le lacune nei dati. La legge statunitense sulla prevenzione del lavoro forzato degli uiguri (UFLPA), entrata in vigore nel 2022, fornisce indicazioni su cosa le aziende devono aspettarsi. Tuttavia, la proposta dell'UE \u00e8 di portata molto pi\u00f9 ampia.<\/p>\r\n<h3><strong>Regolamento esteso sulla progettazione ecocompatibile ESPR<\/strong><\/h3>\r\n<p>Nel marzo 2022, la Commissione europea ha pubblicato una bozza di regolamento esteso sulla progettazione ecocompatibile con l'acronimo ESPR (Ecodesign for Sustainable Products Regulation). Il quadro di riferimento stabilir\u00e0 i requisiti, tra l'altro, per le emissioni di CO2 e l'impronta ecologica, l'efficienza energetica e delle risorse e il riciclaggio. I requisiti dell'ESPR sono ampi. \u00c8 consigliabile iniziare presto i preparativi iniziali, poich\u00e9 l'ESPR riunir\u00e0 gli altri requisiti presentati da REACH\/PFAS, RoHS, Aspetti sociali della catena di fornitura\/Prevenzione del lavoro forzato ed Ecodesign. L'obiettivo \u00e8 il passaporto digitale del prodotto.<\/p>\r\n<h3><strong>Numerosi altri cambiamenti nella preparazione<\/strong><\/h3>\r\n<p>Tuttavia, questa \u00e8 solo una selezione delle linee guida o delle iniziative che si prevede verranno pubblicate o aggiornate quest'anno. Altri esempi sono: Il regolamento sul controllo delle sostanze tossiche (TSCA) o il partenariato commerciale doganale contro il terrorismo (CTPAT) o l'intero mondo della rendicontazione sostenibile ai sensi della direttiva sulla rendicontazione della sostenibilit\u00e0 delle imprese (CSRD). Inoltre, la seconda fase della legge sulla dovuta diligenza nella catena di approvvigionamento (LkSG) entrer\u00e0 in vigore in Germania a partire da gennaio 2024 e, parallelamente, l'UE sta lavorando alla controparte europea - la direttiva sulla dovuta diligenza in materia di sostenibilit\u00e0 aziendale (CS3D).<\/p>\r\n<p>Alla luce di tutti questi sviluppi, le aziende e i loro funzionari devono assicurarsi che i regolamenti di conformit\u00e0 esistenti implementino efficacemente i requisiti esistenti e riflettano lo stato attuale per essere in grado di soddisfare i nuovi requisiti.<\/p>\r\n<p><em>Fonte: <a href=\"https:\/\/www.linkedin.com\/in\/magnuspiotrowski\/\">Magnus Piotrowski<\/a> da <a href=\"https:\/\/www.assent.com\/de\">Assent Inc.<\/a><\/em><\/p>\n<p class=\"syndicated-attribution\">Questo articolo \u00e8 apparso originariamente su m-q.ch - <a href=\"https:\/\/www.m-q.ch\/de\/compliance-regulatorik-mit-diesen-neuerungen-muessen-sich-unternehmen-befassen\/\" target=\"_blank\">https:\/\/www.m-q.ch\/de\/compliance-regulatorik-mit-diesen-neuerungen-muessen-sich-unternehmen-befassen\/<\/a><\/p>","protected":false},"excerpt":{"rendered":"<p>In Deutschland gilt seit Anfang Jahr das Lieferkettensorgfaltspflichtgesetzt LkSG. Aber auch andere Verordnungen und Vorschriften in EU-Mitgliedsl\u00e4ndern kommen 2023 neu hinzu. Was der Kernpunkt der neuen Vorschriften ist und wann diese in Kraft treten, zeigt die folgende Aufstellung. REACH: Neun weitere Materialien auf der Liste gef\u00e4hrlicher Substanzen Mitte Januar 2023 hat die Europ\u00e4ische Chemikalienagentur (ECHA) [\u2026]<\/p>\n","protected":false},"author":8,"featured_media":0,"comment_status":"closed","ping_status":"closed","sticky":false,"template":"","format":"standard","meta":{"_acf_changed":false,"_yoast_wpseo_focuskw":"Compliance-Regulatorik","_yoast_wpseo_metadesc":"Neue Vorschriften 2023: Anpassung der Compliance-Regulatorik f\u00fcr Unternehmen. EU-Verordnungen und nationale Gesetze im Fokus.","articlekey":"","footnotes":""},"categories":[582],"tags":[3612],"class_list":["post-18744","post","type-post","status-publish","format-standard","hentry","category-operational-excellence","tag-eu-gesetz"],"acf":[],"yoast_head":"<!-- This site is optimized with the Yoast SEO plugin v27.5 - https:\/\/yoast.com\/product\/yoast-seo-wordpress\/ -->\n<title>Compliance-Regulatorik: Mit diesen Neuerungen m\u00fcssen sich Unternehmen befassen - Organisator<\/title>\n<meta name=\"description\" content=\"Neue Vorschriften 2023: Anpassung der Compliance-Regulatorik f\u00fcr Unternehmen. EU-Verordnungen und nationale Gesetze im Fokus.\" \/>\n<meta name=\"robots\" content=\"index, follow, max-snippet:-1, max-image-preview:large, max-video-preview:-1\" \/>\n<link rel=\"canonical\" href=\"https:\/\/www.organisator.ch\/it\/eccellenza-operativa\/2023-02-08\/compliance-regulatorik-mit-diesen-neuerungen-muessen-sich-unternehmen-befassen\/\" \/>\n<meta property=\"og:locale\" content=\"it_IT\" \/>\n<meta property=\"og:type\" content=\"article\" \/>\n<meta property=\"og:title\" content=\"Compliance-Regulatorik: Mit diesen Neuerungen m\u00fcssen sich Unternehmen befassen - Organisator\" \/>\n<meta property=\"og:description\" content=\"Neue Vorschriften 2023: Anpassung der Compliance-Regulatorik f\u00fcr Unternehmen. EU-Verordnungen und nationale Gesetze im Fokus.\" \/>\n<meta property=\"og:url\" content=\"https:\/\/www.organisator.ch\/it\/eccellenza-operativa\/2023-02-08\/compliance-regulatorik-mit-diesen-neuerungen-muessen-sich-unternehmen-befassen\/\" \/>\n<meta property=\"og:site_name\" content=\"Organisator\" \/>\n<meta property=\"article:publisher\" content=\"https:\/\/www.facebook.com\/OrganisatorFachmagazin\" \/>\n<meta property=\"article:published_time\" content=\"2023-02-08T07:32:20+00:00\" \/>\n<meta property=\"article:modified_time\" content=\"2024-11-19T04:35:40+00:00\" \/>\n<meta name=\"author\" content=\"galledia\" \/>\n<meta name=\"twitter:card\" content=\"summary_large_image\" \/>\n<meta name=\"twitter:creator\" content=\"@admin\" \/>\n<script type=\"application\/ld+json\" class=\"yoast-schema-graph\">{\"@context\":\"https:\\\/\\\/schema.org\",\"@graph\":[{\"@type\":\"Article\",\"@id\":\"https:\\\/\\\/www.organisator.ch\\\/operational-excellence\\\/2023-02-08\\\/compliance-regulatorik-mit-diesen-neuerungen-muessen-sich-unternehmen-befassen\\\/#article\",\"isPartOf\":{\"@id\":\"https:\\\/\\\/www.organisator.ch\\\/operational-excellence\\\/2023-02-08\\\/compliance-regulatorik-mit-diesen-neuerungen-muessen-sich-unternehmen-befassen\\\/\"},\"author\":{\"name\":\"galledia\",\"@id\":\"https:\\\/\\\/www.organisator.ch\\\/#\\\/schema\\\/person\\\/4e51799071cd2dd1232ac003643ef5f0\"},\"headline\":\"Compliance-Regulatorik: Mit diesen Neuerungen m\u00fcssen sich Unternehmen befassen\",\"datePublished\":\"2023-02-08T07:32:20+00:00\",\"dateModified\":\"2024-11-19T04:35:40+00:00\",\"mainEntityOfPage\":{\"@id\":\"https:\\\/\\\/www.organisator.ch\\\/operational-excellence\\\/2023-02-08\\\/compliance-regulatorik-mit-diesen-neuerungen-muessen-sich-unternehmen-befassen\\\/\"},\"wordCount\":597,\"publisher\":{\"@id\":\"https:\\\/\\\/www.organisator.ch\\\/#organization\"},\"image\":{\"@id\":\"https:\\\/\\\/www.organisator.ch\\\/operational-excellence\\\/2023-02-08\\\/compliance-regulatorik-mit-diesen-neuerungen-muessen-sich-unternehmen-befassen\\\/#primaryimage\"},\"thumbnailUrl\":\"https:\\\/\\\/www.m-q.ch\\\/wp-content\\\/uploads\\\/2023\\\/02\\\/Compliance-Regulatorik-Mit-diesen-Neuerungen-muessen-sich-Unternehmen-befassen_MQ.jpg\",\"keywords\":[\"EU-Gesetz\"],\"articleSection\":[\"OPERATIONAL EXCELLENCE\"],\"inLanguage\":\"it-IT\"},{\"@type\":\"WebPage\",\"@id\":\"https:\\\/\\\/www.organisator.ch\\\/operational-excellence\\\/2023-02-08\\\/compliance-regulatorik-mit-diesen-neuerungen-muessen-sich-unternehmen-befassen\\\/\",\"url\":\"https:\\\/\\\/www.organisator.ch\\\/operational-excellence\\\/2023-02-08\\\/compliance-regulatorik-mit-diesen-neuerungen-muessen-sich-unternehmen-befassen\\\/\",\"name\":\"Compliance-Regulatorik: Mit diesen Neuerungen m\u00fcssen sich Unternehmen befassen - Organisator\",\"isPartOf\":{\"@id\":\"https:\\\/\\\/www.organisator.ch\\\/#website\"},\"primaryImageOfPage\":{\"@id\":\"https:\\\/\\\/www.organisator.ch\\\/operational-excellence\\\/2023-02-08\\\/compliance-regulatorik-mit-diesen-neuerungen-muessen-sich-unternehmen-befassen\\\/#primaryimage\"},\"image\":{\"@id\":\"https:\\\/\\\/www.organisator.ch\\\/operational-excellence\\\/2023-02-08\\\/compliance-regulatorik-mit-diesen-neuerungen-muessen-sich-unternehmen-befassen\\\/#primaryimage\"},\"thumbnailUrl\":\"https:\\\/\\\/www.m-q.ch\\\/wp-content\\\/uploads\\\/2023\\\/02\\\/Compliance-Regulatorik-Mit-diesen-Neuerungen-muessen-sich-Unternehmen-befassen_MQ.jpg\",\"datePublished\":\"2023-02-08T07:32:20+00:00\",\"dateModified\":\"2024-11-19T04:35:40+00:00\",\"description\":\"Neue Vorschriften 2023: Anpassung der Compliance-Regulatorik f\u00fcr Unternehmen. EU-Verordnungen und nationale Gesetze im Fokus.\",\"breadcrumb\":{\"@id\":\"https:\\\/\\\/www.organisator.ch\\\/operational-excellence\\\/2023-02-08\\\/compliance-regulatorik-mit-diesen-neuerungen-muessen-sich-unternehmen-befassen\\\/#breadcrumb\"},\"inLanguage\":\"it-IT\",\"potentialAction\":[{\"@type\":\"ReadAction\",\"target\":[\"https:\\\/\\\/www.organisator.ch\\\/operational-excellence\\\/2023-02-08\\\/compliance-regulatorik-mit-diesen-neuerungen-muessen-sich-unternehmen-befassen\\\/\"]}]},{\"@type\":\"ImageObject\",\"inLanguage\":\"it-IT\",\"@id\":\"https:\\\/\\\/www.organisator.ch\\\/operational-excellence\\\/2023-02-08\\\/compliance-regulatorik-mit-diesen-neuerungen-muessen-sich-unternehmen-befassen\\\/#primaryimage\",\"url\":\"https:\\\/\\\/www.m-q.ch\\\/wp-content\\\/uploads\\\/2023\\\/02\\\/Compliance-Regulatorik-Mit-diesen-Neuerungen-muessen-sich-Unternehmen-befassen_MQ.jpg\",\"contentUrl\":\"https:\\\/\\\/www.m-q.ch\\\/wp-content\\\/uploads\\\/2023\\\/02\\\/Compliance-Regulatorik-Mit-diesen-Neuerungen-muessen-sich-Unternehmen-befassen_MQ.jpg\"},{\"@type\":\"BreadcrumbList\",\"@id\":\"https:\\\/\\\/www.organisator.ch\\\/operational-excellence\\\/2023-02-08\\\/compliance-regulatorik-mit-diesen-neuerungen-muessen-sich-unternehmen-befassen\\\/#breadcrumb\",\"itemListElement\":[{\"@type\":\"ListItem\",\"position\":1,\"name\":\"Home\",\"item\":\"https:\\\/\\\/www.organisator.ch\\\/\"},{\"@type\":\"ListItem\",\"position\":2,\"name\":\"Compliance-Regulatorik: Mit diesen Neuerungen m\u00fcssen sich Unternehmen befassen\"}]},{\"@type\":\"WebSite\",\"@id\":\"https:\\\/\\\/www.organisator.ch\\\/#website\",\"url\":\"https:\\\/\\\/www.organisator.ch\\\/\",\"name\":\"Organisator\",\"description\":\"Kompetent. Praxisnah. Der ORGANISATOR bereitet in 10 Ausgaben pro Jahr die wesentlichen Themen f\u00fcr F\u00fchrungskr\u00e4fte von KMU auf.\",\"publisher\":{\"@id\":\"https:\\\/\\\/www.organisator.ch\\\/#organization\"},\"potentialAction\":[{\"@type\":\"SearchAction\",\"target\":{\"@type\":\"EntryPoint\",\"urlTemplate\":\"https:\\\/\\\/www.organisator.ch\\\/?s={search_term_string}\"},\"query-input\":{\"@type\":\"PropertyValueSpecification\",\"valueRequired\":true,\"valueName\":\"search_term_string\"}}],\"inLanguage\":\"it-IT\"},{\"@type\":\"Organization\",\"@id\":\"https:\\\/\\\/www.organisator.ch\\\/#organization\",\"name\":\"Organisator\",\"url\":\"https:\\\/\\\/www.organisator.ch\\\/\",\"logo\":{\"@type\":\"ImageObject\",\"inLanguage\":\"it-IT\",\"@id\":\"https:\\\/\\\/www.organisator.ch\\\/#\\\/schema\\\/logo\\\/image\\\/\",\"url\":\"https:\\\/\\\/www.organisator.ch\\\/wp-content\\\/uploads\\\/2022\\\/01\\\/Logo_Organisator_Website.png\",\"contentUrl\":\"https:\\\/\\\/www.organisator.ch\\\/wp-content\\\/uploads\\\/2022\\\/01\\\/Logo_Organisator_Website.png\",\"width\":800,\"height\":77,\"caption\":\"Organisator\"},\"image\":{\"@id\":\"https:\\\/\\\/www.organisator.ch\\\/#\\\/schema\\\/logo\\\/image\\\/\"},\"sameAs\":[\"https:\\\/\\\/www.facebook.com\\\/OrganisatorFachmagazin\",\"https:\\\/\\\/www.linkedin.com\\\/showcase\\\/organisator-das-magazin-fr-kmu\",\"https:\\\/\\\/www.xing.com\\\/news\\\/pages\\\/organisator-ch-695\",\"https:\\\/\\\/www.youtube.com\\\/channel\\\/UCGP2Sq0iWaZwT3BdIAQFYpw\"]},{\"@type\":\"Person\",\"@id\":\"https:\\\/\\\/www.organisator.ch\\\/#\\\/schema\\\/person\\\/4e51799071cd2dd1232ac003643ef5f0\",\"name\":\"galledia\",\"image\":{\"@type\":\"ImageObject\",\"inLanguage\":\"it-IT\",\"@id\":\"https:\\\/\\\/secure.gravatar.com\\\/avatar\\\/78a7f90c01fc2bfc875782a0d4922b37cde2cf184ce347b91316d23cd7f69a36?s=96&d=mm&r=g\",\"url\":\"https:\\\/\\\/secure.gravatar.com\\\/avatar\\\/78a7f90c01fc2bfc875782a0d4922b37cde2cf184ce347b91316d23cd7f69a36?s=96&d=mm&r=g\",\"contentUrl\":\"https:\\\/\\\/secure.gravatar.com\\\/avatar\\\/78a7f90c01fc2bfc875782a0d4922b37cde2cf184ce347b91316d23cd7f69a36?s=96&d=mm&r=g\",\"caption\":\"galledia\"},\"sameAs\":[\"https:\\\/\\\/x.com\\\/admin\"],\"url\":\"https:\\\/\\\/www.organisator.ch\\\/it\\\/author\\\/galledia\\\/\"}]}<\/script>\n<!-- \/ Yoast SEO plugin. -->","yoast_head_json":{"title":"Regolamento di conformit\u00e0: le aziende devono affrontare queste innovazioni - Organizzatore","description":"Nuove norme 2023: Adeguamento delle norme di conformit\u00e0 per le aziende. Focus sui regolamenti UE e sulle leggi nazionali.","robots":{"index":"index","follow":"follow","max-snippet":"max-snippet:-1","max-image-preview":"max-image-preview:large","max-video-preview":"max-video-preview:-1"},"canonical":"https:\/\/www.organisator.ch\/it\/eccellenza-operativa\/2023-02-08\/compliance-regulatorik-mit-diesen-neuerungen-muessen-sich-unternehmen-befassen\/","og_locale":"it_IT","og_type":"article","og_title":"Compliance-Regulatorik: Mit diesen Neuerungen m\u00fcssen sich Unternehmen befassen - Organisator","og_description":"Neue Vorschriften 2023: Anpassung der Compliance-Regulatorik f\u00fcr Unternehmen. EU-Verordnungen und nationale Gesetze im Fokus.","og_url":"https:\/\/www.organisator.ch\/it\/eccellenza-operativa\/2023-02-08\/compliance-regulatorik-mit-diesen-neuerungen-muessen-sich-unternehmen-befassen\/","og_site_name":"Organisator","article_publisher":"https:\/\/www.facebook.com\/OrganisatorFachmagazin","article_published_time":"2023-02-08T07:32:20+00:00","article_modified_time":"2024-11-19T04:35:40+00:00","author":"galledia","twitter_card":"summary_large_image","twitter_creator":"@admin","schema":{"@context":"https:\/\/schema.org","@graph":[{"@type":"Article","@id":"https:\/\/www.organisator.ch\/operational-excellence\/2023-02-08\/compliance-regulatorik-mit-diesen-neuerungen-muessen-sich-unternehmen-befassen\/#article","isPartOf":{"@id":"https:\/\/www.organisator.ch\/operational-excellence\/2023-02-08\/compliance-regulatorik-mit-diesen-neuerungen-muessen-sich-unternehmen-befassen\/"},"author":{"name":"galledia","@id":"https:\/\/www.organisator.ch\/#\/schema\/person\/4e51799071cd2dd1232ac003643ef5f0"},"headline":"Compliance-Regulatorik: Mit diesen Neuerungen m\u00fcssen sich Unternehmen befassen","datePublished":"2023-02-08T07:32:20+00:00","dateModified":"2024-11-19T04:35:40+00:00","mainEntityOfPage":{"@id":"https:\/\/www.organisator.ch\/operational-excellence\/2023-02-08\/compliance-regulatorik-mit-diesen-neuerungen-muessen-sich-unternehmen-befassen\/"},"wordCount":597,"publisher":{"@id":"https:\/\/www.organisator.ch\/#organization"},"image":{"@id":"https:\/\/www.organisator.ch\/operational-excellence\/2023-02-08\/compliance-regulatorik-mit-diesen-neuerungen-muessen-sich-unternehmen-befassen\/#primaryimage"},"thumbnailUrl":"https:\/\/www.m-q.ch\/wp-content\/uploads\/2023\/02\/Compliance-Regulatorik-Mit-diesen-Neuerungen-muessen-sich-Unternehmen-befassen_MQ.jpg","keywords":["EU-Gesetz"],"articleSection":["OPERATIONAL EXCELLENCE"],"inLanguage":"it-IT"},{"@type":"WebPage","@id":"https:\/\/www.organisator.ch\/operational-excellence\/2023-02-08\/compliance-regulatorik-mit-diesen-neuerungen-muessen-sich-unternehmen-befassen\/","url":"https:\/\/www.organisator.ch\/operational-excellence\/2023-02-08\/compliance-regulatorik-mit-diesen-neuerungen-muessen-sich-unternehmen-befassen\/","name":"Regolamento di conformit\u00e0: le aziende devono affrontare queste innovazioni - Organizzatore","isPartOf":{"@id":"https:\/\/www.organisator.ch\/#website"},"primaryImageOfPage":{"@id":"https:\/\/www.organisator.ch\/operational-excellence\/2023-02-08\/compliance-regulatorik-mit-diesen-neuerungen-muessen-sich-unternehmen-befassen\/#primaryimage"},"image":{"@id":"https:\/\/www.organisator.ch\/operational-excellence\/2023-02-08\/compliance-regulatorik-mit-diesen-neuerungen-muessen-sich-unternehmen-befassen\/#primaryimage"},"thumbnailUrl":"https:\/\/www.m-q.ch\/wp-content\/uploads\/2023\/02\/Compliance-Regulatorik-Mit-diesen-Neuerungen-muessen-sich-Unternehmen-befassen_MQ.jpg","datePublished":"2023-02-08T07:32:20+00:00","dateModified":"2024-11-19T04:35:40+00:00","description":"Nuove norme 2023: Adeguamento delle norme di conformit\u00e0 per le aziende. Focus sui regolamenti UE e sulle leggi nazionali.","breadcrumb":{"@id":"https:\/\/www.organisator.ch\/operational-excellence\/2023-02-08\/compliance-regulatorik-mit-diesen-neuerungen-muessen-sich-unternehmen-befassen\/#breadcrumb"},"inLanguage":"it-IT","potentialAction":[{"@type":"ReadAction","target":["https:\/\/www.organisator.ch\/operational-excellence\/2023-02-08\/compliance-regulatorik-mit-diesen-neuerungen-muessen-sich-unternehmen-befassen\/"]}]},{"@type":"ImageObject","inLanguage":"it-IT","@id":"https:\/\/www.organisator.ch\/operational-excellence\/2023-02-08\/compliance-regulatorik-mit-diesen-neuerungen-muessen-sich-unternehmen-befassen\/#primaryimage","url":"https:\/\/www.m-q.ch\/wp-content\/uploads\/2023\/02\/Compliance-Regulatorik-Mit-diesen-Neuerungen-muessen-sich-Unternehmen-befassen_MQ.jpg","contentUrl":"https:\/\/www.m-q.ch\/wp-content\/uploads\/2023\/02\/Compliance-Regulatorik-Mit-diesen-Neuerungen-muessen-sich-Unternehmen-befassen_MQ.jpg"},{"@type":"BreadcrumbList","@id":"https:\/\/www.organisator.ch\/operational-excellence\/2023-02-08\/compliance-regulatorik-mit-diesen-neuerungen-muessen-sich-unternehmen-befassen\/#breadcrumb","itemListElement":[{"@type":"ListItem","position":1,"name":"Home","item":"https:\/\/www.organisator.ch\/"},{"@type":"ListItem","position":2,"name":"Compliance-Regulatorik: Mit diesen Neuerungen m\u00fcssen sich Unternehmen befassen"}]},{"@type":"WebSite","@id":"https:\/\/www.organisator.ch\/#website","url":"https:\/\/www.organisator.ch\/","name":"Organizzatore","description":"Competente. Pratico. In 10 numeri all'anno, ORGANISATOR presenta i temi essenziali per i manager delle PMI.","publisher":{"@id":"https:\/\/www.organisator.ch\/#organization"},"potentialAction":[{"@type":"SearchAction","target":{"@type":"EntryPoint","urlTemplate":"https:\/\/www.organisator.ch\/?s={search_term_string}"},"query-input":{"@type":"PropertyValueSpecification","valueRequired":true,"valueName":"search_term_string"}}],"inLanguage":"it-IT"},{"@type":"Organization","@id":"https:\/\/www.organisator.ch\/#organization","name":"Organizzatore","url":"https:\/\/www.organisator.ch\/","logo":{"@type":"ImageObject","inLanguage":"it-IT","@id":"https:\/\/www.organisator.ch\/#\/schema\/logo\/image\/","url":"https:\/\/www.organisator.ch\/wp-content\/uploads\/2022\/01\/Logo_Organisator_Website.png","contentUrl":"https:\/\/www.organisator.ch\/wp-content\/uploads\/2022\/01\/Logo_Organisator_Website.png","width":800,"height":77,"caption":"Organisator"},"image":{"@id":"https:\/\/www.organisator.ch\/#\/schema\/logo\/image\/"},"sameAs":["https:\/\/www.facebook.com\/OrganisatorFachmagazin","https:\/\/www.linkedin.com\/showcase\/organisator-das-magazin-fr-kmu","https:\/\/www.xing.com\/news\/pages\/organisator-ch-695","https:\/\/www.youtube.com\/channel\/UCGP2Sq0iWaZwT3BdIAQFYpw"]},{"@type":"Person","@id":"https:\/\/www.organisator.ch\/#\/schema\/person\/4e51799071cd2dd1232ac003643ef5f0","name":"galledia","image":{"@type":"ImageObject","inLanguage":"it-IT","@id":"https:\/\/secure.gravatar.com\/avatar\/78a7f90c01fc2bfc875782a0d4922b37cde2cf184ce347b91316d23cd7f69a36?s=96&d=mm&r=g","url":"https:\/\/secure.gravatar.com\/avatar\/78a7f90c01fc2bfc875782a0d4922b37cde2cf184ce347b91316d23cd7f69a36?s=96&d=mm&r=g","contentUrl":"https:\/\/secure.gravatar.com\/avatar\/78a7f90c01fc2bfc875782a0d4922b37cde2cf184ce347b91316d23cd7f69a36?s=96&d=mm&r=g","caption":"galledia"},"sameAs":["https:\/\/x.com\/admin"],"url":"https:\/\/www.organisator.ch\/it\/author\/galledia\/"}]}},"_links":{"self":[{"href":"https:\/\/www.organisator.ch\/it\/wp-json\/wp\/v2\/posts\/18744","targetHints":{"allow":["GET"]}}],"collection":[{"href":"https:\/\/www.organisator.ch\/it\/wp-json\/wp\/v2\/posts"}],"about":[{"href":"https:\/\/www.organisator.ch\/it\/wp-json\/wp\/v2\/types\/post"}],"author":[{"embeddable":true,"href":"https:\/\/www.organisator.ch\/it\/wp-json\/wp\/v2\/users\/8"}],"replies":[{"embeddable":true,"href":"https:\/\/www.organisator.ch\/it\/wp-json\/wp\/v2\/comments?post=18744"}],"version-history":[{"count":4,"href":"https:\/\/www.organisator.ch\/it\/wp-json\/wp\/v2\/posts\/18744\/revisions"}],"predecessor-version":[{"id":33402,"href":"https:\/\/www.organisator.ch\/it\/wp-json\/wp\/v2\/posts\/18744\/revisions\/33402"}],"wp:attachment":[{"href":"https:\/\/www.organisator.ch\/it\/wp-json\/wp\/v2\/media?parent=18744"}],"wp:term":[{"taxonomy":"category","embeddable":true,"href":"https:\/\/www.organisator.ch\/it\/wp-json\/wp\/v2\/categories?post=18744"},{"taxonomy":"post_tag","embeddable":true,"href":"https:\/\/www.organisator.ch\/it\/wp-json\/wp\/v2\/tags?post=18744"}],"curies":[{"name":"wp","href":"https:\/\/api.w.org\/{rel}","templated":true}]}}