{"id":18747,"date":"2023-02-09T09:00:23","date_gmt":"2023-02-09T08:00:23","guid":{"rendered":"https:\/\/www.organisator.ch\/?p=18747"},"modified":"2023-02-09T09:00:23","modified_gmt":"2023-02-09T08:00:23","slug":"die-zukunft-des-rechnungswesens","status":"publish","type":"post","link":"https:\/\/www.organisator.ch\/it\/management\/2023-02-09\/die-zukunft-des-rechnungswesens\/","title":{"rendered":"Il futuro della contabilit\u00e0"},"content":{"rendered":"<figure id=\"attachment_18748\" aria-describedby=\"caption-attachment-18748\" style=\"width: 680px\" class=\"wp-caption alignnone\"><img loading=\"lazy\" decoding=\"async\" class=\"size-full wp-image-18748\" src=\"https:\/\/www.organisator.ch\/wp-content\/uploads\/2023\/02\/Die-Zukunft-des-Rechnungswesens_Organisator.jpg\" alt=\"\" width=\"680\" height=\"381\" srcset=\"https:\/\/www.organisator.ch\/wp-content\/uploads\/2023\/02\/Die-Zukunft-des-Rechnungswesens_Organisator.jpg 680w, https:\/\/www.organisator.ch\/wp-content\/uploads\/2023\/02\/Die-Zukunft-des-Rechnungswesens_Organisator-18x10.jpg 18w, https:\/\/www.organisator.ch\/wp-content\/uploads\/2023\/02\/Die-Zukunft-des-Rechnungswesens_Organisator-375x210.jpg 375w, https:\/\/www.organisator.ch\/wp-content\/uploads\/2023\/02\/Die-Zukunft-des-Rechnungswesens_Organisator-625x350.jpg 625w\" sizes=\"auto, (max-width: 680px) 100vw, 680px\" \/><figcaption id=\"caption-attachment-18748\" class=\"wp-caption-text\">Niente pi\u00f9 \"lavoro manuale\": il futuro della contabilit\u00e0 \u00e8 completamente digitale. (Immagine: Gruppo SIX)<\/figcaption><\/figure>\n<p>Le forme di fatturazione manuali e cartacee vengono sempre pi\u00f9 spesso sostituite da metodi elettronici e digitali. Questi consentono di semplificare, rendere pi\u00f9 precisi e sostenibili i processi. Questa \u00e8 la conclusione di uno studio congiunto di SIX e dell'Universit\u00e0 di Scienze Applicate e Arti di Lucerna, che ha esaminato il futuro della contabilit\u00e0.<\/p>\n<h3>Banconote per oltre 8.000 miliardi di franchi svizzeri<\/h3>\n<p>In Svizzera, nel 2021 sono state elaborate 1,27 miliardi di transazioni di pagamento per un volume totale di 8,09 trilioni di franchi svizzeri.  Ci\u00f2 corrisponde a pi\u00f9 di dieci volte il prodotto interno lordo del Paese. Questo numero continuer\u00e0 a crescere nei prossimi anni, dal momento che tutte le forme di fatturazione pi\u00f9 diffuse nel Paese hanno registrato un aumento delle transazioni negli ultimi anni, secondo lo studio. Di conseguenza, cresce anche l'esigenza di forme di fatturazione automatizzate, digitali e sostenibili.<\/p>\n<h3>Il futuro della contabilit\u00e0 \u00e8 nell'eBill<\/h3>\n<p>L'uso dell'eBill mostra chiaramente questa tendenza, continuano gli autori dello studio. Attualmente, eBill \u00e8 l'unica forma di fatturazione digitale end-to-end in Svizzera. Tra il 2020 e il 2021, le transazioni tramite eBill aumenteranno di circa 27%, superando i 50 milioni. Nel 2021, quindi, 83% di tutti i pagamenti saranno effettuati per via elettronica e gi\u00e0 oltre 4000 aziende utilizzano l'eBill per la fatturazione. Alla fine del 2022, oltre 2,7 milioni di utenti erano registrati con eBill e, secondo un sondaggio rappresentativo, sette partecipanti su dieci utilizzano la soluzione per pagare le bollette.<\/p>\n<h3>La sostenibilit\u00e0 come motore<\/h3>\n<p>Oltre all'automazione e alla digitalizzazione, il tema della sostenibilit\u00e0 \u00e8 un altro importante motore di sviluppo. Lo studio calcola che l'uso dell'eBill consente una riduzione delle emissioni di CO2 di circa 82% rispetto alle fatture cartacee. Secondo le previsioni, entro il 2028 l'80% di tutte le fatture in Svizzera sar\u00e0 elaborato con eBill. Secondo un'analisi di carbon-connect AG, \u00e8 possibile ottenere una riduzione delle emissioni fino a 66%. Nel contesto di questo cambiamento, la QR-bill assicura che le precedenti forme manuali e analogiche e le esigenze di fatturazione continuino a essere coperte.<\/p>\n<p><em>Fonte: <a href=\"https:\/\/www.six-group.com\/\">SEI<\/a><\/em><\/p>","protected":false},"excerpt":{"rendered":"<p>Manuelle und papierbasierte Formen der Rechnungsstellung werden zunehmend durch elektronische und digitale Methoden ersetzt. Diese erm\u00f6glichen es, die Abl\u00e4ufe einfacher, genauer und nachhaltiger zu gestalten. So lautet das Fazit einer gemeinsamen Studie von SIX und der Hochschule Luzern, die die Zukunft des Rechnungswesens untersucht hat. Rechnungen im Wert von \u00fcber 8 Billionen Franken In der [&hellip;]<\/p>\n","protected":false},"author":4,"featured_media":18748,"comment_status":"closed","ping_status":"closed","sticky":false,"template":"","format":"standard","meta":{"_acf_changed":false,"_yoast_wpseo_focuskw":"Zukunft des Rechnungswesens","_yoast_wpseo_metadesc":"Eine neue Studie von SIX und der Hochschule Luzern zeigt die wichtigsten Trends f\u00fcr die Zukunft des Rechnungswesens auf.","articlekey":"","footnotes":""},"categories":[28],"tags":[156,202,358,405],"class_list":["post-18747","post","type-post","status-publish","format-standard","has-post-thumbnail","hentry","category-management","tag-digitalisierung","tag-finanzenrecht","tag-nachhaltige-wirtschaft","tag-rechnungswesen"],"acf":[],"yoast_head":"<!-- This site is optimized with the Yoast SEO plugin v27.5 - https:\/\/yoast.com\/product\/yoast-seo-wordpress\/ -->\n<title>Die Zukunft des Rechnungswesens - Organisator<\/title>\n<meta name=\"description\" content=\"Eine neue Studie von SIX und der Hochschule Luzern zeigt die wichtigsten Trends f\u00fcr die Zukunft des Rechnungswesens auf.\" \/>\n<meta name=\"robots\" content=\"index, follow, max-snippet:-1, max-image-preview:large, max-video-preview:-1\" \/>\n<link rel=\"canonical\" href=\"https:\/\/www.organisator.ch\/it\/gestione-2\/2023-02-09\/die-zukunft-des-rechnungswesens\/\" \/>\n<meta property=\"og:locale\" content=\"it_IT\" \/>\n<meta property=\"og:type\" content=\"article\" \/>\n<meta property=\"og:title\" content=\"Die Zukunft des Rechnungswesens\" \/>\n<meta property=\"og:description\" content=\"Eine neue Studie von SIX und der Hochschule Luzern zeigt die wichtigsten Trends f\u00fcr die Zukunft des Rechnungswesens auf.\" \/>\n<meta property=\"og:url\" content=\"https:\/\/www.organisator.ch\/it\/gestione-2\/2023-02-09\/die-zukunft-des-rechnungswesens\/\" \/>\n<meta property=\"og:site_name\" content=\"Organisator\" \/>\n<meta property=\"article:publisher\" content=\"https:\/\/www.facebook.com\/OrganisatorFachmagazin\" \/>\n<meta property=\"article:published_time\" content=\"2023-02-09T08:00:23+00:00\" \/>\n<meta property=\"og:image\" content=\"https:\/\/www.organisator.ch\/wp-content\/uploads\/2023\/02\/Die-Zukunft-des-Rechnungswesens_Organisator.jpg\" \/>\n\t<meta property=\"og:image:width\" content=\"680\" \/>\n\t<meta property=\"og:image:height\" content=\"381\" \/>\n\t<meta property=\"og:image:type\" content=\"image\/jpeg\" \/>\n<meta name=\"author\" content=\"thomas.berner\" \/>\n<meta name=\"twitter:card\" content=\"summary_large_image\" \/>\n<meta name=\"twitter:title\" content=\"Die Zukunft des #Rechnungswesens\" \/>\n<meta name=\"twitter:description\" content=\"Eine neue Studie von #SIX und der Hochschule Luzern zeigt die wichtigsten Trends f\u00fcr die Zukunft des #Rechnungswesens auf.\" \/>\n<meta name=\"twitter:image\" content=\"https:\/\/www.organisator.ch\/wp-content\/uploads\/2023\/02\/Die-Zukunft-des-Rechnungswesens_Organisator.jpg\" \/>\n<script type=\"application\/ld+json\" class=\"yoast-schema-graph\">{\"@context\":\"https:\\\/\\\/schema.org\",\"@graph\":[{\"@type\":\"Article\",\"@id\":\"https:\\\/\\\/www.organisator.ch\\\/management\\\/2023-02-09\\\/die-zukunft-des-rechnungswesens\\\/#article\",\"isPartOf\":{\"@id\":\"https:\\\/\\\/www.organisator.ch\\\/management\\\/2023-02-09\\\/die-zukunft-des-rechnungswesens\\\/\"},\"author\":{\"name\":\"thomas.berner\",\"@id\":\"https:\\\/\\\/www.organisator.ch\\\/#\\\/schema\\\/person\\\/6f650f90b2842cd4c0cc334b4e36f67e\"},\"headline\":\"Die Zukunft des Rechnungswesens\",\"datePublished\":\"2023-02-09T08:00:23+00:00\",\"mainEntityOfPage\":{\"@id\":\"https:\\\/\\\/www.organisator.ch\\\/management\\\/2023-02-09\\\/die-zukunft-des-rechnungswesens\\\/\"},\"wordCount\":337,\"publisher\":{\"@id\":\"https:\\\/\\\/www.organisator.ch\\\/#organization\"},\"image\":{\"@id\":\"https:\\\/\\\/www.organisator.ch\\\/management\\\/2023-02-09\\\/die-zukunft-des-rechnungswesens\\\/#primaryimage\"},\"thumbnailUrl\":\"https:\\\/\\\/www.organisator.ch\\\/wp-content\\\/uploads\\\/2023\\\/02\\\/Die-Zukunft-des-Rechnungswesens_Organisator.jpg\",\"keywords\":[\"Digitalisierung\",\"Finanzen\\\/Recht\",\"Nachhaltige Wirtschaft\",\"Rechnungswesen\"],\"articleSection\":[\"MANAGEMENT\"],\"inLanguage\":\"it-IT\"},{\"@type\":\"WebPage\",\"@id\":\"https:\\\/\\\/www.organisator.ch\\\/management\\\/2023-02-09\\\/die-zukunft-des-rechnungswesens\\\/\",\"url\":\"https:\\\/\\\/www.organisator.ch\\\/management\\\/2023-02-09\\\/die-zukunft-des-rechnungswesens\\\/\",\"name\":\"Die Zukunft des Rechnungswesens - Organisator\",\"isPartOf\":{\"@id\":\"https:\\\/\\\/www.organisator.ch\\\/#website\"},\"primaryImageOfPage\":{\"@id\":\"https:\\\/\\\/www.organisator.ch\\\/management\\\/2023-02-09\\\/die-zukunft-des-rechnungswesens\\\/#primaryimage\"},\"image\":{\"@id\":\"https:\\\/\\\/www.organisator.ch\\\/management\\\/2023-02-09\\\/die-zukunft-des-rechnungswesens\\\/#primaryimage\"},\"thumbnailUrl\":\"https:\\\/\\\/www.organisator.ch\\\/wp-content\\\/uploads\\\/2023\\\/02\\\/Die-Zukunft-des-Rechnungswesens_Organisator.jpg\",\"datePublished\":\"2023-02-09T08:00:23+00:00\",\"description\":\"Eine neue Studie von SIX und der Hochschule Luzern zeigt die wichtigsten Trends f\u00fcr die Zukunft des Rechnungswesens auf.\",\"breadcrumb\":{\"@id\":\"https:\\\/\\\/www.organisator.ch\\\/management\\\/2023-02-09\\\/die-zukunft-des-rechnungswesens\\\/#breadcrumb\"},\"inLanguage\":\"it-IT\",\"potentialAction\":[{\"@type\":\"ReadAction\",\"target\":[\"https:\\\/\\\/www.organisator.ch\\\/management\\\/2023-02-09\\\/die-zukunft-des-rechnungswesens\\\/\"]}]},{\"@type\":\"ImageObject\",\"inLanguage\":\"it-IT\",\"@id\":\"https:\\\/\\\/www.organisator.ch\\\/management\\\/2023-02-09\\\/die-zukunft-des-rechnungswesens\\\/#primaryimage\",\"url\":\"https:\\\/\\\/www.organisator.ch\\\/wp-content\\\/uploads\\\/2023\\\/02\\\/Die-Zukunft-des-Rechnungswesens_Organisator.jpg\",\"contentUrl\":\"https:\\\/\\\/www.organisator.ch\\\/wp-content\\\/uploads\\\/2023\\\/02\\\/Die-Zukunft-des-Rechnungswesens_Organisator.jpg\",\"width\":680,\"height\":381,\"caption\":\"Schluss mit \\\"Handarbeit\\\": Die Zukunft des Rechnungswesens ist voll digital. (Bild: SIX Group)\"},{\"@type\":\"BreadcrumbList\",\"@id\":\"https:\\\/\\\/www.organisator.ch\\\/management\\\/2023-02-09\\\/die-zukunft-des-rechnungswesens\\\/#breadcrumb\",\"itemListElement\":[{\"@type\":\"ListItem\",\"position\":1,\"name\":\"Home\",\"item\":\"https:\\\/\\\/www.organisator.ch\\\/\"},{\"@type\":\"ListItem\",\"position\":2,\"name\":\"Die Zukunft des Rechnungswesens\"}]},{\"@type\":\"WebSite\",\"@id\":\"https:\\\/\\\/www.organisator.ch\\\/#website\",\"url\":\"https:\\\/\\\/www.organisator.ch\\\/\",\"name\":\"Organisator\",\"description\":\"Kompetent. Praxisnah. Der ORGANISATOR bereitet in 10 Ausgaben pro Jahr die wesentlichen Themen f\u00fcr F\u00fchrungskr\u00e4fte von KMU auf.\",\"publisher\":{\"@id\":\"https:\\\/\\\/www.organisator.ch\\\/#organization\"},\"potentialAction\":[{\"@type\":\"SearchAction\",\"target\":{\"@type\":\"EntryPoint\",\"urlTemplate\":\"https:\\\/\\\/www.organisator.ch\\\/?s={search_term_string}\"},\"query-input\":{\"@type\":\"PropertyValueSpecification\",\"valueRequired\":true,\"valueName\":\"search_term_string\"}}],\"inLanguage\":\"it-IT\"},{\"@type\":\"Organization\",\"@id\":\"https:\\\/\\\/www.organisator.ch\\\/#organization\",\"name\":\"Organisator\",\"url\":\"https:\\\/\\\/www.organisator.ch\\\/\",\"logo\":{\"@type\":\"ImageObject\",\"inLanguage\":\"it-IT\",\"@id\":\"https:\\\/\\\/www.organisator.ch\\\/#\\\/schema\\\/logo\\\/image\\\/\",\"url\":\"https:\\\/\\\/www.organisator.ch\\\/wp-content\\\/uploads\\\/2022\\\/01\\\/Logo_Organisator_Website.png\",\"contentUrl\":\"https:\\\/\\\/www.organisator.ch\\\/wp-content\\\/uploads\\\/2022\\\/01\\\/Logo_Organisator_Website.png\",\"width\":800,\"height\":77,\"caption\":\"Organisator\"},\"image\":{\"@id\":\"https:\\\/\\\/www.organisator.ch\\\/#\\\/schema\\\/logo\\\/image\\\/\"},\"sameAs\":[\"https:\\\/\\\/www.facebook.com\\\/OrganisatorFachmagazin\",\"https:\\\/\\\/www.linkedin.com\\\/showcase\\\/organisator-das-magazin-fr-kmu\",\"https:\\\/\\\/www.xing.com\\\/news\\\/pages\\\/organisator-ch-695\",\"https:\\\/\\\/www.youtube.com\\\/channel\\\/UCGP2Sq0iWaZwT3BdIAQFYpw\"]},{\"@type\":\"Person\",\"@id\":\"https:\\\/\\\/www.organisator.ch\\\/#\\\/schema\\\/person\\\/6f650f90b2842cd4c0cc334b4e36f67e\",\"name\":\"thomas.berner\",\"image\":{\"@type\":\"ImageObject\",\"inLanguage\":\"it-IT\",\"@id\":\"https:\\\/\\\/secure.gravatar.com\\\/avatar\\\/ac5001d2a36cb6c6cd3e50789007ffca834b477b74a2144564522e944eabff61?s=96&d=mm&r=g\",\"url\":\"https:\\\/\\\/secure.gravatar.com\\\/avatar\\\/ac5001d2a36cb6c6cd3e50789007ffca834b477b74a2144564522e944eabff61?s=96&d=mm&r=g\",\"contentUrl\":\"https:\\\/\\\/secure.gravatar.com\\\/avatar\\\/ac5001d2a36cb6c6cd3e50789007ffca834b477b74a2144564522e944eabff61?s=96&d=mm&r=g\",\"caption\":\"thomas.berner\"},\"url\":\"https:\\\/\\\/www.organisator.ch\\\/it\\\/author\\\/thomas-berner\\\/\"}]}<\/script>\n<!-- \/ Yoast SEO plugin. -->","yoast_head_json":{"title":"Il futuro della contabilit\u00e0 - Organizzatore","description":"Un nuovo studio di SIX e dell'Universit\u00e0 di Scienze Applicate e Arti di Lucerna mostra le tendenze pi\u00f9 importanti per il futuro della contabilit\u00e0.","robots":{"index":"index","follow":"follow","max-snippet":"max-snippet:-1","max-image-preview":"max-image-preview:large","max-video-preview":"max-video-preview:-1"},"canonical":"https:\/\/www.organisator.ch\/it\/gestione-2\/2023-02-09\/die-zukunft-des-rechnungswesens\/","og_locale":"it_IT","og_type":"article","og_title":"Die Zukunft des Rechnungswesens","og_description":"Eine neue Studie von SIX und der Hochschule Luzern zeigt die wichtigsten Trends f\u00fcr die Zukunft des Rechnungswesens auf.","og_url":"https:\/\/www.organisator.ch\/it\/gestione-2\/2023-02-09\/die-zukunft-des-rechnungswesens\/","og_site_name":"Organisator","article_publisher":"https:\/\/www.facebook.com\/OrganisatorFachmagazin","article_published_time":"2023-02-09T08:00:23+00:00","og_image":[{"width":680,"height":381,"url":"https:\/\/www.organisator.ch\/wp-content\/uploads\/2023\/02\/Die-Zukunft-des-Rechnungswesens_Organisator.jpg","type":"image\/jpeg"}],"author":"thomas.berner","twitter_card":"summary_large_image","twitter_title":"Die Zukunft des #Rechnungswesens","twitter_description":"Eine neue Studie von #SIX und der Hochschule Luzern zeigt die wichtigsten Trends f\u00fcr die Zukunft des #Rechnungswesens auf.","twitter_image":"https:\/\/www.organisator.ch\/wp-content\/uploads\/2023\/02\/Die-Zukunft-des-Rechnungswesens_Organisator.jpg","schema":{"@context":"https:\/\/schema.org","@graph":[{"@type":"Article","@id":"https:\/\/www.organisator.ch\/management\/2023-02-09\/die-zukunft-des-rechnungswesens\/#article","isPartOf":{"@id":"https:\/\/www.organisator.ch\/management\/2023-02-09\/die-zukunft-des-rechnungswesens\/"},"author":{"name":"thomas.berner","@id":"https:\/\/www.organisator.ch\/#\/schema\/person\/6f650f90b2842cd4c0cc334b4e36f67e"},"headline":"Die Zukunft des Rechnungswesens","datePublished":"2023-02-09T08:00:23+00:00","mainEntityOfPage":{"@id":"https:\/\/www.organisator.ch\/management\/2023-02-09\/die-zukunft-des-rechnungswesens\/"},"wordCount":337,"publisher":{"@id":"https:\/\/www.organisator.ch\/#organization"},"image":{"@id":"https:\/\/www.organisator.ch\/management\/2023-02-09\/die-zukunft-des-rechnungswesens\/#primaryimage"},"thumbnailUrl":"https:\/\/www.organisator.ch\/wp-content\/uploads\/2023\/02\/Die-Zukunft-des-Rechnungswesens_Organisator.jpg","keywords":["Digitalisierung","Finanzen\/Recht","Nachhaltige Wirtschaft","Rechnungswesen"],"articleSection":["MANAGEMENT"],"inLanguage":"it-IT"},{"@type":"WebPage","@id":"https:\/\/www.organisator.ch\/management\/2023-02-09\/die-zukunft-des-rechnungswesens\/","url":"https:\/\/www.organisator.ch\/management\/2023-02-09\/die-zukunft-des-rechnungswesens\/","name":"Il futuro della contabilit\u00e0 - Organizzatore","isPartOf":{"@id":"https:\/\/www.organisator.ch\/#website"},"primaryImageOfPage":{"@id":"https:\/\/www.organisator.ch\/management\/2023-02-09\/die-zukunft-des-rechnungswesens\/#primaryimage"},"image":{"@id":"https:\/\/www.organisator.ch\/management\/2023-02-09\/die-zukunft-des-rechnungswesens\/#primaryimage"},"thumbnailUrl":"https:\/\/www.organisator.ch\/wp-content\/uploads\/2023\/02\/Die-Zukunft-des-Rechnungswesens_Organisator.jpg","datePublished":"2023-02-09T08:00:23+00:00","description":"Un nuovo studio di SIX e dell'Universit\u00e0 di Scienze Applicate e Arti di Lucerna mostra le tendenze pi\u00f9 importanti per il futuro della contabilit\u00e0.","breadcrumb":{"@id":"https:\/\/www.organisator.ch\/management\/2023-02-09\/die-zukunft-des-rechnungswesens\/#breadcrumb"},"inLanguage":"it-IT","potentialAction":[{"@type":"ReadAction","target":["https:\/\/www.organisator.ch\/management\/2023-02-09\/die-zukunft-des-rechnungswesens\/"]}]},{"@type":"ImageObject","inLanguage":"it-IT","@id":"https:\/\/www.organisator.ch\/management\/2023-02-09\/die-zukunft-des-rechnungswesens\/#primaryimage","url":"https:\/\/www.organisator.ch\/wp-content\/uploads\/2023\/02\/Die-Zukunft-des-Rechnungswesens_Organisator.jpg","contentUrl":"https:\/\/www.organisator.ch\/wp-content\/uploads\/2023\/02\/Die-Zukunft-des-Rechnungswesens_Organisator.jpg","width":680,"height":381,"caption":"Schluss mit \"Handarbeit\": Die Zukunft des Rechnungswesens ist voll digital. (Bild: SIX Group)"},{"@type":"BreadcrumbList","@id":"https:\/\/www.organisator.ch\/management\/2023-02-09\/die-zukunft-des-rechnungswesens\/#breadcrumb","itemListElement":[{"@type":"ListItem","position":1,"name":"Home","item":"https:\/\/www.organisator.ch\/"},{"@type":"ListItem","position":2,"name":"Die Zukunft des Rechnungswesens"}]},{"@type":"WebSite","@id":"https:\/\/www.organisator.ch\/#website","url":"https:\/\/www.organisator.ch\/","name":"Organizzatore","description":"Competente. Pratico. In 10 numeri all'anno, ORGANISATOR presenta i temi essenziali per i manager delle PMI.","publisher":{"@id":"https:\/\/www.organisator.ch\/#organization"},"potentialAction":[{"@type":"SearchAction","target":{"@type":"EntryPoint","urlTemplate":"https:\/\/www.organisator.ch\/?s={search_term_string}"},"query-input":{"@type":"PropertyValueSpecification","valueRequired":true,"valueName":"search_term_string"}}],"inLanguage":"it-IT"},{"@type":"Organization","@id":"https:\/\/www.organisator.ch\/#organization","name":"Organizzatore","url":"https:\/\/www.organisator.ch\/","logo":{"@type":"ImageObject","inLanguage":"it-IT","@id":"https:\/\/www.organisator.ch\/#\/schema\/logo\/image\/","url":"https:\/\/www.organisator.ch\/wp-content\/uploads\/2022\/01\/Logo_Organisator_Website.png","contentUrl":"https:\/\/www.organisator.ch\/wp-content\/uploads\/2022\/01\/Logo_Organisator_Website.png","width":800,"height":77,"caption":"Organisator"},"image":{"@id":"https:\/\/www.organisator.ch\/#\/schema\/logo\/image\/"},"sameAs":["https:\/\/www.facebook.com\/OrganisatorFachmagazin","https:\/\/www.linkedin.com\/showcase\/organisator-das-magazin-fr-kmu","https:\/\/www.xing.com\/news\/pages\/organisator-ch-695","https:\/\/www.youtube.com\/channel\/UCGP2Sq0iWaZwT3BdIAQFYpw"]},{"@type":"Person","@id":"https:\/\/www.organisator.ch\/#\/schema\/person\/6f650f90b2842cd4c0cc334b4e36f67e","name":"Tommaso.berner","image":{"@type":"ImageObject","inLanguage":"it-IT","@id":"https:\/\/secure.gravatar.com\/avatar\/ac5001d2a36cb6c6cd3e50789007ffca834b477b74a2144564522e944eabff61?s=96&d=mm&r=g","url":"https:\/\/secure.gravatar.com\/avatar\/ac5001d2a36cb6c6cd3e50789007ffca834b477b74a2144564522e944eabff61?s=96&d=mm&r=g","contentUrl":"https:\/\/secure.gravatar.com\/avatar\/ac5001d2a36cb6c6cd3e50789007ffca834b477b74a2144564522e944eabff61?s=96&d=mm&r=g","caption":"thomas.berner"},"url":"https:\/\/www.organisator.ch\/it\/author\/thomas-berner\/"}]}},"_links":{"self":[{"href":"https:\/\/www.organisator.ch\/it\/wp-json\/wp\/v2\/posts\/18747","targetHints":{"allow":["GET"]}}],"collection":[{"href":"https:\/\/www.organisator.ch\/it\/wp-json\/wp\/v2\/posts"}],"about":[{"href":"https:\/\/www.organisator.ch\/it\/wp-json\/wp\/v2\/types\/post"}],"author":[{"embeddable":true,"href":"https:\/\/www.organisator.ch\/it\/wp-json\/wp\/v2\/users\/4"}],"replies":[{"embeddable":true,"href":"https:\/\/www.organisator.ch\/it\/wp-json\/wp\/v2\/comments?post=18747"}],"version-history":[{"count":1,"href":"https:\/\/www.organisator.ch\/it\/wp-json\/wp\/v2\/posts\/18747\/revisions"}],"predecessor-version":[{"id":18749,"href":"https:\/\/www.organisator.ch\/it\/wp-json\/wp\/v2\/posts\/18747\/revisions\/18749"}],"wp:featuredmedia":[{"embeddable":true,"href":"https:\/\/www.organisator.ch\/it\/wp-json\/wp\/v2\/media\/18748"}],"wp:attachment":[{"href":"https:\/\/www.organisator.ch\/it\/wp-json\/wp\/v2\/media?parent=18747"}],"wp:term":[{"taxonomy":"category","embeddable":true,"href":"https:\/\/www.organisator.ch\/it\/wp-json\/wp\/v2\/categories?post=18747"},{"taxonomy":"post_tag","embeddable":true,"href":"https:\/\/www.organisator.ch\/it\/wp-json\/wp\/v2\/tags?post=18747"}],"curies":[{"name":"wp","href":"https:\/\/api.w.org\/{rel}","templated":true}]}}