{"id":1875,"date":"2017-05-05T09:29:57","date_gmt":"2017-05-05T07:29:57","guid":{"rendered":"https:\/\/www.organisator.ch\/?p=1875"},"modified":"2017-05-05T09:29:57","modified_gmt":"2017-05-05T07:29:57","slug":"handgepaeck-fuer-fuehrungskraefte","status":"publish","type":"post","link":"https:\/\/www.organisator.ch\/it\/management\/2017-05-05\/handgepaeck-fuer-fuehrungskraefte\/","title":{"rendered":"Bagaglio a mano per i manager"},"content":{"rendered":"<figure id=\"attachment_1877\" aria-describedby=\"caption-attachment-1877\" style=\"width: 640px\" class=\"wp-caption alignnone\"><img loading=\"lazy\" decoding=\"async\" class=\"size-full wp-image-1877\" src=\"https:\/\/www.organisator.ch\/wp-content\/uploads\/2017\/05\/Buchtipp-Handgepaeck-fuer-Fuehrungskraefte_Organisator.jpg\" alt=\"\" width=\"640\" height=\"445\" srcset=\"https:\/\/www.organisator.ch\/wp-content\/uploads\/2017\/05\/Buchtipp-Handgepaeck-fuer-Fuehrungskraefte_Organisator.jpg 640w, https:\/\/www.organisator.ch\/wp-content\/uploads\/2017\/05\/Buchtipp-Handgepaeck-fuer-Fuehrungskraefte_Organisator-16x12.jpg 16w, https:\/\/www.organisator.ch\/wp-content\/uploads\/2017\/05\/Buchtipp-Handgepaeck-fuer-Fuehrungskraefte_Organisator-252x175.jpg 252w, https:\/\/www.organisator.ch\/wp-content\/uploads\/2017\/05\/Buchtipp-Handgepaeck-fuer-Fuehrungskraefte_Organisator-503x350.jpg 503w, https:\/\/www.organisator.ch\/wp-content\/uploads\/2017\/05\/Buchtipp-Handgepaeck-fuer-Fuehrungskraefte_Organisator-300x209.jpg 300w\" sizes=\"auto, (max-width: 640px) 100vw, 640px\" \/><figcaption id=\"caption-attachment-1877\" class=\"wp-caption-text\">Bagaglio a mano per i leader. Volume 1: Comunicare e risolvere i conflitti. Di Hans Bleuer e Peter Stadler. KLV Verlag, ISBN 978-3-85612-443-4, 144 pagine.<\/figcaption><\/figure>\n<p>\u00c8 un po' anticonvenzionale, il libro \"Handgep\u00e4ck f\u00fcr F\u00fchrungskr\u00e4fte. Communicating &amp; Solving Conflicts\", scritto da Hans Bleuer e Peter Stadler: \u00e8 un \"libro per lettori trasversali\" in senso letterale. Perch\u00e9 \u00e8 in formato A4 orizzontale. Ogni doppia pagina consiste di testi concisi ma chiaramente strutturati e di un grafico che visualizza le affermazioni centrali di un capitolo. In questo modo, il libro pu\u00f2 essere usato coerentemente come un libro di lavoro o un'opera di riferimento. Gli autori hanno scelto questa presentazione perch\u00e9, secondo la loro esperienza, in questo modo \u00e8 possibile un apprendimento rapido e una ritenzione sostenibile delle conoscenze. \"Due prerequisiti per essere in grado di utilizzare immediatamente ci\u00f2 che \u00e8 stato imparato nella vita quotidiana\", scrivono nella prefazione.<\/p>\n<p>Poich\u00e9 la leadership non \u00e8 possibile senza la comunicazione, questo volume forma la prima parte della serie di libri \"Bagaglio a mano per manager\". Gli altri volumi trattano i temi \"Guidare i dipendenti e le squadre\", \"Guidare i dipartimenti e le squadre\", \"Reclutare e sviluppare il personale\" e \"Guidare e sviluppare se stessi\". I libri si concentrano principalmente sul ruolo dei leader di reparto e di squadra e coltivano deliberatamente una visione tradizionale e orientata alla funzione delle operazioni quotidiane. Cos\u00ec, nessuna \"scienza missilistica\" e nuove teorie sono impartite, ma piuttosto la conoscenza conosciuta \u00e8 collocata nel contesto imprenditoriale.<\/p>\n<p>Il valore pratico \u00e8 certamente la forza di questo volume. L'area tematica \"Comunicare e risolvere i conflitti\" \u00e8 trattata in quattro parti: \"Capire e migliorare la comunicazione\", \"Condurre e strutturare le conversazioni\", \"Comunicare per e con i gruppi\" e \"Identificare e gestire i conflitti\". All'interno di ciascuna di queste parti, un sotto-argomento \u00e8 presentato su una doppia pagina - come menzionato sopra. Le visualizzazioni sono mantenute snelle e il carattere \"scritto a mano\" si distingue piacevolmente dalle solite batterie di slide di PowerPoint. I lettori possono facilmente orientarsi nei capitoli e trovare rapidamente le informazioni che stanno cercando. Girare le pagine in formato orizzontale pu\u00f2 richiedere un po' di tempo per abituarsi all'inizio, ma questo si risolve con l'uso regolare del libro.<\/p>\n<p>Hand Luggage for Managers\" \u00e8 una lettura consigliata a tutti coloro che, per esempio, si stanno preparando per gli esami nell'ambito del perfezionamento professionale o che presto saranno incaricati di un compito di gestione. Ma anche i \"leader esperti\" vi troveranno conoscenze utili da richiamare quando necessario.<\/p>\n<p><em>Bagaglio a mano per i leader. Volume 1: Comunicare e risolvere i conflitti. <\/em><br \/>\n<em>Di Hans Bleuer e Peter Stadler <\/em><br \/>\n<em>KLV Verlag, ISBN 978-3-85612-443-4, 144 pagine.<\/em><br \/>\n<em> <a href=\"http:\/\/www.klv.ch\">www.klv.ch<\/a><\/em><\/p>","protected":false},"excerpt":{"rendered":"<p>Es ist etwas unkonventionell, das Buch &#8222;Handgep\u00e4ck f\u00fcr F\u00fchrungskr\u00e4fte. Kommunizieren &amp; Konflikte l\u00f6sen&#8220;, verfasst von Hans Bleuer und Peter Stadler: Es ist ein &#8222;Buch f\u00fcr Querleser&#8220; im w\u00f6rtlichen Sinn. Denn es liegt im Format A4 quer vor. Jede Doppelseite besteht aus knappen, aber klar strukturierten Texten und jeweils\u00a0einer Grafik, welche die Kernaussagen eines Kapitels\u00a0visualisiert. Auf [&hellip;]<\/p>\n","protected":false},"author":4,"featured_media":1877,"comment_status":"open","ping_status":"open","sticky":false,"template":"","format":"standard","meta":{"_acf_changed":false,"_yoast_wpseo_focuskw":"Handgep\u00e4ck f\u00fcr F\u00fchrungskr\u00e4fte","_yoast_wpseo_metadesc":"Ein etwas anderes Buch richtet sich an F\u00fchrungspersonen und alle, die es werden wollen. Es bildet Band 1 der Serie \"Handgep\u00e4ck f\u00fcr F\u00fchrungskr\u00e4fte\".","articlekey":"","footnotes":""},"categories":[28],"tags":[92,95,294,335],"class_list":["post-1875","post","type-post","status-publish","format-standard","has-post-thumbnail","hentry","category-management","tag-buch","tag-buchtipps","tag-karriere","tag-management-und-unternehmensfuehrung"],"acf":[],"yoast_head":"<!-- This site is optimized with the Yoast SEO plugin v27.4 - https:\/\/yoast.com\/product\/yoast-seo-wordpress\/ -->\n<title>Handgep\u00e4ck f\u00fcr F\u00fchrungskr\u00e4fte - Organisator<\/title>\n<meta name=\"description\" content=\"Ein etwas anderes Buch richtet sich an F\u00fchrungspersonen und alle, die es werden wollen. Es bildet Band 1 der Serie &quot;Handgep\u00e4ck f\u00fcr F\u00fchrungskr\u00e4fte&quot;.\" \/>\n<meta name=\"robots\" content=\"index, follow, max-snippet:-1, max-image-preview:large, max-video-preview:-1\" \/>\n<link rel=\"canonical\" href=\"https:\/\/www.organisator.ch\/it\/gestione-2\/2017-05-05\/handgepaeck-fuer-fuehrungskraefte\/\" \/>\n<meta property=\"og:locale\" content=\"it_IT\" \/>\n<meta property=\"og:type\" content=\"article\" \/>\n<meta property=\"og:title\" content=\"Buchtipp: Handgep\u00e4ck f\u00fcr F\u00fchrungskr\u00e4fte\" \/>\n<meta property=\"og:description\" content=\"Ein etwas anderes Buch richtet sich an #F\u00fchrungspersonen und alle, die es werden wollen. Zum Thema &quot;Kommunizieren &amp; Konflikte l\u00f6sen&quot; bildet es den ersten Band einer f\u00fcnfteiligen Serie mit dem Titel &quot;Handgep\u00e4ck f\u00fcr F\u00fchrungskr\u00e4fte&quot;.\" \/>\n<meta property=\"og:url\" content=\"https:\/\/www.organisator.ch\/it\/gestione-2\/2017-05-05\/handgepaeck-fuer-fuehrungskraefte\/\" \/>\n<meta property=\"og:site_name\" content=\"Organisator\" \/>\n<meta property=\"article:publisher\" content=\"https:\/\/www.facebook.com\/OrganisatorFachmagazin\" \/>\n<meta property=\"article:published_time\" content=\"2017-05-05T07:29:57+00:00\" \/>\n<meta property=\"og:image\" content=\"https:\/\/www.organisator.ch\/wp-content\/uploads\/2017\/05\/Buchtipp-Handgepaeck-fuer-Fuehrungskraefte_Organisator.jpg\" \/>\n\t<meta property=\"og:image:width\" content=\"640\" \/>\n\t<meta property=\"og:image:height\" content=\"445\" \/>\n\t<meta property=\"og:image:type\" content=\"image\/jpeg\" \/>\n<meta name=\"author\" content=\"thomas.berner\" \/>\n<meta name=\"twitter:card\" content=\"summary_large_image\" \/>\n<meta name=\"twitter:title\" content=\"#Buchtipp: #Handgep\u00e4ck-f\u00fcr-F\u00fchrungskr\u00e4fte\" \/>\n<meta name=\"twitter:description\" content=\"Ein etwas anderes Buch richtet sich an #F\u00fchrungspersonen und alle, die es werden wollen. Zum Thema &quot;Kommunizieren &amp; Konflikte l\u00f6sen&quot; bildet es den ersten Band einer f\u00fcnfteiligen Serie mit dem Titel &quot;#Handgep\u00e4ck-f\u00fcr-F\u00fchrungskr\u00e4fte&quot;.\" \/>\n<meta name=\"twitter:image\" content=\"https:\/\/www.organisator.ch\/wp-content\/uploads\/2017\/05\/Buchtipp-Handgep\u00e4ck-f\u00fcr-F\u00fchrungskr\u00e4fte_Organisator.jpg\" \/>\n<script type=\"application\/ld+json\" class=\"yoast-schema-graph\">{\"@context\":\"https:\\\/\\\/schema.org\",\"@graph\":[{\"@type\":\"Article\",\"@id\":\"https:\\\/\\\/www.organisator.ch\\\/management\\\/2017-05-05\\\/handgepaeck-fuer-fuehrungskraefte\\\/#article\",\"isPartOf\":{\"@id\":\"https:\\\/\\\/www.organisator.ch\\\/management\\\/2017-05-05\\\/handgepaeck-fuer-fuehrungskraefte\\\/\"},\"author\":{\"name\":\"thomas.berner\",\"@id\":\"https:\\\/\\\/www.organisator.ch\\\/#\\\/schema\\\/person\\\/6f650f90b2842cd4c0cc334b4e36f67e\"},\"headline\":\"Handgep\u00e4ck f\u00fcr F\u00fchrungskr\u00e4fte\",\"datePublished\":\"2017-05-05T07:29:57+00:00\",\"mainEntityOfPage\":{\"@id\":\"https:\\\/\\\/www.organisator.ch\\\/management\\\/2017-05-05\\\/handgepaeck-fuer-fuehrungskraefte\\\/\"},\"wordCount\":463,\"commentCount\":0,\"publisher\":{\"@id\":\"https:\\\/\\\/www.organisator.ch\\\/#organization\"},\"image\":{\"@id\":\"https:\\\/\\\/www.organisator.ch\\\/management\\\/2017-05-05\\\/handgepaeck-fuer-fuehrungskraefte\\\/#primaryimage\"},\"thumbnailUrl\":\"https:\\\/\\\/www.organisator.ch\\\/wp-content\\\/uploads\\\/2017\\\/05\\\/Buchtipp-Handgepaeck-fuer-Fuehrungskraefte_Organisator.jpg\",\"keywords\":[\"Buch\",\"Buchtipps\",\"Karriere\",\"Management und Unternehmensf\u00fchrung\"],\"articleSection\":[\"MANAGEMENT\"],\"inLanguage\":\"it-IT\"},{\"@type\":\"WebPage\",\"@id\":\"https:\\\/\\\/www.organisator.ch\\\/management\\\/2017-05-05\\\/handgepaeck-fuer-fuehrungskraefte\\\/\",\"url\":\"https:\\\/\\\/www.organisator.ch\\\/management\\\/2017-05-05\\\/handgepaeck-fuer-fuehrungskraefte\\\/\",\"name\":\"Handgep\u00e4ck f\u00fcr F\u00fchrungskr\u00e4fte - Organisator\",\"isPartOf\":{\"@id\":\"https:\\\/\\\/www.organisator.ch\\\/#website\"},\"primaryImageOfPage\":{\"@id\":\"https:\\\/\\\/www.organisator.ch\\\/management\\\/2017-05-05\\\/handgepaeck-fuer-fuehrungskraefte\\\/#primaryimage\"},\"image\":{\"@id\":\"https:\\\/\\\/www.organisator.ch\\\/management\\\/2017-05-05\\\/handgepaeck-fuer-fuehrungskraefte\\\/#primaryimage\"},\"thumbnailUrl\":\"https:\\\/\\\/www.organisator.ch\\\/wp-content\\\/uploads\\\/2017\\\/05\\\/Buchtipp-Handgepaeck-fuer-Fuehrungskraefte_Organisator.jpg\",\"datePublished\":\"2017-05-05T07:29:57+00:00\",\"description\":\"Ein etwas anderes Buch richtet sich an F\u00fchrungspersonen und alle, die es werden wollen. Es bildet Band 1 der Serie \\\"Handgep\u00e4ck f\u00fcr F\u00fchrungskr\u00e4fte\\\".\",\"breadcrumb\":{\"@id\":\"https:\\\/\\\/www.organisator.ch\\\/management\\\/2017-05-05\\\/handgepaeck-fuer-fuehrungskraefte\\\/#breadcrumb\"},\"inLanguage\":\"it-IT\",\"potentialAction\":[{\"@type\":\"ReadAction\",\"target\":[\"https:\\\/\\\/www.organisator.ch\\\/management\\\/2017-05-05\\\/handgepaeck-fuer-fuehrungskraefte\\\/\"]}]},{\"@type\":\"ImageObject\",\"inLanguage\":\"it-IT\",\"@id\":\"https:\\\/\\\/www.organisator.ch\\\/management\\\/2017-05-05\\\/handgepaeck-fuer-fuehrungskraefte\\\/#primaryimage\",\"url\":\"https:\\\/\\\/www.organisator.ch\\\/wp-content\\\/uploads\\\/2017\\\/05\\\/Buchtipp-Handgepaeck-fuer-Fuehrungskraefte_Organisator.jpg\",\"contentUrl\":\"https:\\\/\\\/www.organisator.ch\\\/wp-content\\\/uploads\\\/2017\\\/05\\\/Buchtipp-Handgepaeck-fuer-Fuehrungskraefte_Organisator.jpg\",\"width\":640,\"height\":445,\"caption\":\"Handgep\u00e4ck f\u00fcr F\u00fchrungskr\u00e4fte. Band 1: Kommunizieren & Konflikte l\u00f6sen. Von Hans Bleuer und Peter Stadler. KLV Verlag, ISBN 978-3-85612-443-4, 144 Seiten.\"},{\"@type\":\"BreadcrumbList\",\"@id\":\"https:\\\/\\\/www.organisator.ch\\\/management\\\/2017-05-05\\\/handgepaeck-fuer-fuehrungskraefte\\\/#breadcrumb\",\"itemListElement\":[{\"@type\":\"ListItem\",\"position\":1,\"name\":\"Home\",\"item\":\"https:\\\/\\\/www.organisator.ch\\\/\"},{\"@type\":\"ListItem\",\"position\":2,\"name\":\"Handgep\u00e4ck f\u00fcr F\u00fchrungskr\u00e4fte\"}]},{\"@type\":\"WebSite\",\"@id\":\"https:\\\/\\\/www.organisator.ch\\\/#website\",\"url\":\"https:\\\/\\\/www.organisator.ch\\\/\",\"name\":\"Organisator\",\"description\":\"Kompetent. Praxisnah. Der ORGANISATOR bereitet in 10 Ausgaben pro Jahr die wesentlichen Themen f\u00fcr F\u00fchrungskr\u00e4fte von KMU auf.\",\"publisher\":{\"@id\":\"https:\\\/\\\/www.organisator.ch\\\/#organization\"},\"potentialAction\":[{\"@type\":\"SearchAction\",\"target\":{\"@type\":\"EntryPoint\",\"urlTemplate\":\"https:\\\/\\\/www.organisator.ch\\\/?s={search_term_string}\"},\"query-input\":{\"@type\":\"PropertyValueSpecification\",\"valueRequired\":true,\"valueName\":\"search_term_string\"}}],\"inLanguage\":\"it-IT\"},{\"@type\":\"Organization\",\"@id\":\"https:\\\/\\\/www.organisator.ch\\\/#organization\",\"name\":\"Organisator\",\"url\":\"https:\\\/\\\/www.organisator.ch\\\/\",\"logo\":{\"@type\":\"ImageObject\",\"inLanguage\":\"it-IT\",\"@id\":\"https:\\\/\\\/www.organisator.ch\\\/#\\\/schema\\\/logo\\\/image\\\/\",\"url\":\"https:\\\/\\\/www.organisator.ch\\\/wp-content\\\/uploads\\\/2022\\\/01\\\/Logo_Organisator_Website.png\",\"contentUrl\":\"https:\\\/\\\/www.organisator.ch\\\/wp-content\\\/uploads\\\/2022\\\/01\\\/Logo_Organisator_Website.png\",\"width\":800,\"height\":77,\"caption\":\"Organisator\"},\"image\":{\"@id\":\"https:\\\/\\\/www.organisator.ch\\\/#\\\/schema\\\/logo\\\/image\\\/\"},\"sameAs\":[\"https:\\\/\\\/www.facebook.com\\\/OrganisatorFachmagazin\",\"https:\\\/\\\/www.linkedin.com\\\/showcase\\\/organisator-das-magazin-fr-kmu\",\"https:\\\/\\\/www.xing.com\\\/news\\\/pages\\\/organisator-ch-695\",\"https:\\\/\\\/www.youtube.com\\\/channel\\\/UCGP2Sq0iWaZwT3BdIAQFYpw\"]},{\"@type\":\"Person\",\"@id\":\"https:\\\/\\\/www.organisator.ch\\\/#\\\/schema\\\/person\\\/6f650f90b2842cd4c0cc334b4e36f67e\",\"name\":\"thomas.berner\",\"image\":{\"@type\":\"ImageObject\",\"inLanguage\":\"it-IT\",\"@id\":\"https:\\\/\\\/secure.gravatar.com\\\/avatar\\\/ac5001d2a36cb6c6cd3e50789007ffca834b477b74a2144564522e944eabff61?s=96&d=mm&r=g\",\"url\":\"https:\\\/\\\/secure.gravatar.com\\\/avatar\\\/ac5001d2a36cb6c6cd3e50789007ffca834b477b74a2144564522e944eabff61?s=96&d=mm&r=g\",\"contentUrl\":\"https:\\\/\\\/secure.gravatar.com\\\/avatar\\\/ac5001d2a36cb6c6cd3e50789007ffca834b477b74a2144564522e944eabff61?s=96&d=mm&r=g\",\"caption\":\"thomas.berner\"},\"url\":\"https:\\\/\\\/www.organisator.ch\\\/it\\\/author\\\/thomas-berner\\\/\"}]}<\/script>\n<!-- \/ Yoast SEO plugin. -->","yoast_head_json":{"title":"Bagaglio a mano per leader - Organizzatore","description":"Un libro un po' diverso \u00e8 rivolto ai leader e a tutti coloro che vogliono diventarlo. Costituisce il volume 1 della serie \"Bagaglio a mano per i leader\".","robots":{"index":"index","follow":"follow","max-snippet":"max-snippet:-1","max-image-preview":"max-image-preview:large","max-video-preview":"max-video-preview:-1"},"canonical":"https:\/\/www.organisator.ch\/it\/gestione-2\/2017-05-05\/handgepaeck-fuer-fuehrungskraefte\/","og_locale":"it_IT","og_type":"article","og_title":"Buchtipp: Handgep\u00e4ck f\u00fcr F\u00fchrungskr\u00e4fte","og_description":"Ein etwas anderes Buch richtet sich an #F\u00fchrungspersonen und alle, die es werden wollen. Zum Thema \"Kommunizieren & Konflikte l\u00f6sen\" bildet es den ersten Band einer f\u00fcnfteiligen Serie mit dem Titel \"Handgep\u00e4ck f\u00fcr F\u00fchrungskr\u00e4fte\".","og_url":"https:\/\/www.organisator.ch\/it\/gestione-2\/2017-05-05\/handgepaeck-fuer-fuehrungskraefte\/","og_site_name":"Organisator","article_publisher":"https:\/\/www.facebook.com\/OrganisatorFachmagazin","article_published_time":"2017-05-05T07:29:57+00:00","og_image":[{"width":640,"height":445,"url":"https:\/\/www.organisator.ch\/wp-content\/uploads\/2017\/05\/Buchtipp-Handgepaeck-fuer-Fuehrungskraefte_Organisator.jpg","type":"image\/jpeg"}],"author":"thomas.berner","twitter_card":"summary_large_image","twitter_title":"#Buchtipp: #Handgep\u00e4ck-f\u00fcr-F\u00fchrungskr\u00e4fte","twitter_description":"Ein etwas anderes Buch richtet sich an #F\u00fchrungspersonen und alle, die es werden wollen. Zum Thema \"Kommunizieren & Konflikte l\u00f6sen\" bildet es den ersten Band einer f\u00fcnfteiligen Serie mit dem Titel \"#Handgep\u00e4ck-f\u00fcr-F\u00fchrungskr\u00e4fte\".","twitter_image":"https:\/\/www.organisator.ch\/wp-content\/uploads\/2017\/05\/Buchtipp-Handgep\u00e4ck-f\u00fcr-F\u00fchrungskr\u00e4fte_Organisator.jpg","schema":{"@context":"https:\/\/schema.org","@graph":[{"@type":"Article","@id":"https:\/\/www.organisator.ch\/management\/2017-05-05\/handgepaeck-fuer-fuehrungskraefte\/#article","isPartOf":{"@id":"https:\/\/www.organisator.ch\/management\/2017-05-05\/handgepaeck-fuer-fuehrungskraefte\/"},"author":{"name":"thomas.berner","@id":"https:\/\/www.organisator.ch\/#\/schema\/person\/6f650f90b2842cd4c0cc334b4e36f67e"},"headline":"Handgep\u00e4ck f\u00fcr F\u00fchrungskr\u00e4fte","datePublished":"2017-05-05T07:29:57+00:00","mainEntityOfPage":{"@id":"https:\/\/www.organisator.ch\/management\/2017-05-05\/handgepaeck-fuer-fuehrungskraefte\/"},"wordCount":463,"commentCount":0,"publisher":{"@id":"https:\/\/www.organisator.ch\/#organization"},"image":{"@id":"https:\/\/www.organisator.ch\/management\/2017-05-05\/handgepaeck-fuer-fuehrungskraefte\/#primaryimage"},"thumbnailUrl":"https:\/\/www.organisator.ch\/wp-content\/uploads\/2017\/05\/Buchtipp-Handgepaeck-fuer-Fuehrungskraefte_Organisator.jpg","keywords":["Buch","Buchtipps","Karriere","Management und Unternehmensf\u00fchrung"],"articleSection":["MANAGEMENT"],"inLanguage":"it-IT"},{"@type":"WebPage","@id":"https:\/\/www.organisator.ch\/management\/2017-05-05\/handgepaeck-fuer-fuehrungskraefte\/","url":"https:\/\/www.organisator.ch\/management\/2017-05-05\/handgepaeck-fuer-fuehrungskraefte\/","name":"Bagaglio a mano per leader - Organizzatore","isPartOf":{"@id":"https:\/\/www.organisator.ch\/#website"},"primaryImageOfPage":{"@id":"https:\/\/www.organisator.ch\/management\/2017-05-05\/handgepaeck-fuer-fuehrungskraefte\/#primaryimage"},"image":{"@id":"https:\/\/www.organisator.ch\/management\/2017-05-05\/handgepaeck-fuer-fuehrungskraefte\/#primaryimage"},"thumbnailUrl":"https:\/\/www.organisator.ch\/wp-content\/uploads\/2017\/05\/Buchtipp-Handgepaeck-fuer-Fuehrungskraefte_Organisator.jpg","datePublished":"2017-05-05T07:29:57+00:00","description":"Un libro un po' diverso \u00e8 rivolto ai leader e a tutti coloro che vogliono diventarlo. Costituisce il volume 1 della serie \"Bagaglio a mano per i leader\".","breadcrumb":{"@id":"https:\/\/www.organisator.ch\/management\/2017-05-05\/handgepaeck-fuer-fuehrungskraefte\/#breadcrumb"},"inLanguage":"it-IT","potentialAction":[{"@type":"ReadAction","target":["https:\/\/www.organisator.ch\/management\/2017-05-05\/handgepaeck-fuer-fuehrungskraefte\/"]}]},{"@type":"ImageObject","inLanguage":"it-IT","@id":"https:\/\/www.organisator.ch\/management\/2017-05-05\/handgepaeck-fuer-fuehrungskraefte\/#primaryimage","url":"https:\/\/www.organisator.ch\/wp-content\/uploads\/2017\/05\/Buchtipp-Handgepaeck-fuer-Fuehrungskraefte_Organisator.jpg","contentUrl":"https:\/\/www.organisator.ch\/wp-content\/uploads\/2017\/05\/Buchtipp-Handgepaeck-fuer-Fuehrungskraefte_Organisator.jpg","width":640,"height":445,"caption":"Handgep\u00e4ck f\u00fcr F\u00fchrungskr\u00e4fte. Band 1: Kommunizieren & Konflikte l\u00f6sen. Von Hans Bleuer und Peter Stadler. KLV Verlag, ISBN 978-3-85612-443-4, 144 Seiten."},{"@type":"BreadcrumbList","@id":"https:\/\/www.organisator.ch\/management\/2017-05-05\/handgepaeck-fuer-fuehrungskraefte\/#breadcrumb","itemListElement":[{"@type":"ListItem","position":1,"name":"Home","item":"https:\/\/www.organisator.ch\/"},{"@type":"ListItem","position":2,"name":"Handgep\u00e4ck f\u00fcr F\u00fchrungskr\u00e4fte"}]},{"@type":"WebSite","@id":"https:\/\/www.organisator.ch\/#website","url":"https:\/\/www.organisator.ch\/","name":"Organizzatore","description":"Competente. Pratico. In 10 numeri all'anno, ORGANISATOR presenta i temi essenziali per i manager delle PMI.","publisher":{"@id":"https:\/\/www.organisator.ch\/#organization"},"potentialAction":[{"@type":"SearchAction","target":{"@type":"EntryPoint","urlTemplate":"https:\/\/www.organisator.ch\/?s={search_term_string}"},"query-input":{"@type":"PropertyValueSpecification","valueRequired":true,"valueName":"search_term_string"}}],"inLanguage":"it-IT"},{"@type":"Organization","@id":"https:\/\/www.organisator.ch\/#organization","name":"Organizzatore","url":"https:\/\/www.organisator.ch\/","logo":{"@type":"ImageObject","inLanguage":"it-IT","@id":"https:\/\/www.organisator.ch\/#\/schema\/logo\/image\/","url":"https:\/\/www.organisator.ch\/wp-content\/uploads\/2022\/01\/Logo_Organisator_Website.png","contentUrl":"https:\/\/www.organisator.ch\/wp-content\/uploads\/2022\/01\/Logo_Organisator_Website.png","width":800,"height":77,"caption":"Organisator"},"image":{"@id":"https:\/\/www.organisator.ch\/#\/schema\/logo\/image\/"},"sameAs":["https:\/\/www.facebook.com\/OrganisatorFachmagazin","https:\/\/www.linkedin.com\/showcase\/organisator-das-magazin-fr-kmu","https:\/\/www.xing.com\/news\/pages\/organisator-ch-695","https:\/\/www.youtube.com\/channel\/UCGP2Sq0iWaZwT3BdIAQFYpw"]},{"@type":"Person","@id":"https:\/\/www.organisator.ch\/#\/schema\/person\/6f650f90b2842cd4c0cc334b4e36f67e","name":"Tommaso.berner","image":{"@type":"ImageObject","inLanguage":"it-IT","@id":"https:\/\/secure.gravatar.com\/avatar\/ac5001d2a36cb6c6cd3e50789007ffca834b477b74a2144564522e944eabff61?s=96&d=mm&r=g","url":"https:\/\/secure.gravatar.com\/avatar\/ac5001d2a36cb6c6cd3e50789007ffca834b477b74a2144564522e944eabff61?s=96&d=mm&r=g","contentUrl":"https:\/\/secure.gravatar.com\/avatar\/ac5001d2a36cb6c6cd3e50789007ffca834b477b74a2144564522e944eabff61?s=96&d=mm&r=g","caption":"thomas.berner"},"url":"https:\/\/www.organisator.ch\/it\/author\/thomas-berner\/"}]}},"_links":{"self":[{"href":"https:\/\/www.organisator.ch\/it\/wp-json\/wp\/v2\/posts\/1875","targetHints":{"allow":["GET"]}}],"collection":[{"href":"https:\/\/www.organisator.ch\/it\/wp-json\/wp\/v2\/posts"}],"about":[{"href":"https:\/\/www.organisator.ch\/it\/wp-json\/wp\/v2\/types\/post"}],"author":[{"embeddable":true,"href":"https:\/\/www.organisator.ch\/it\/wp-json\/wp\/v2\/users\/4"}],"replies":[{"embeddable":true,"href":"https:\/\/www.organisator.ch\/it\/wp-json\/wp\/v2\/comments?post=1875"}],"version-history":[{"count":0,"href":"https:\/\/www.organisator.ch\/it\/wp-json\/wp\/v2\/posts\/1875\/revisions"}],"wp:featuredmedia":[{"embeddable":true,"href":"https:\/\/www.organisator.ch\/it\/wp-json\/wp\/v2\/media\/1877"}],"wp:attachment":[{"href":"https:\/\/www.organisator.ch\/it\/wp-json\/wp\/v2\/media?parent=1875"}],"wp:term":[{"taxonomy":"category","embeddable":true,"href":"https:\/\/www.organisator.ch\/it\/wp-json\/wp\/v2\/categories?post=1875"},{"taxonomy":"post_tag","embeddable":true,"href":"https:\/\/www.organisator.ch\/it\/wp-json\/wp\/v2\/tags?post=1875"}],"curies":[{"name":"wp","href":"https:\/\/api.w.org\/{rel}","templated":true}]}}