{"id":18783,"date":"2023-02-13T09:30:19","date_gmt":"2023-02-13T08:30:19","guid":{"rendered":"https:\/\/www.organisator.ch\/?p=18783"},"modified":"2023-02-13T09:30:19","modified_gmt":"2023-02-13T08:30:19","slug":"buehler-group-marco-gadola-neues-vr-mitglied","status":"publish","type":"post","link":"https:\/\/www.organisator.ch\/it\/management\/2023-02-13\/buehler-group-marco-gadola-neues-vr-mitglied\/","title":{"rendered":"Gruppo Buhler: Marco Gadola nuovo membro del consiglio di amministrazione"},"content":{"rendered":"<figure id=\"attachment_18784\" aria-describedby=\"caption-attachment-18784\" style=\"width: 680px\" class=\"wp-caption alignnone\"><img loading=\"lazy\" decoding=\"async\" class=\"size-full wp-image-18784\" src=\"https:\/\/www.organisator.ch\/wp-content\/uploads\/2023\/02\/Buehler-Group-Marco-Gadola-neues-VR-Mitglied_Organisator.jpg\" alt=\"\" width=\"680\" height=\"453\" srcset=\"https:\/\/www.organisator.ch\/wp-content\/uploads\/2023\/02\/Buehler-Group-Marco-Gadola-neues-VR-Mitglied_Organisator.jpg 680w, https:\/\/www.organisator.ch\/wp-content\/uploads\/2023\/02\/Buehler-Group-Marco-Gadola-neues-VR-Mitglied_Organisator-18x12.jpg 18w, https:\/\/www.organisator.ch\/wp-content\/uploads\/2023\/02\/Buehler-Group-Marco-Gadola-neues-VR-Mitglied_Organisator-375x250.jpg 375w, https:\/\/www.organisator.ch\/wp-content\/uploads\/2023\/02\/Buehler-Group-Marco-Gadola-neues-VR-Mitglied_Organisator-525x350.jpg 525w\" sizes=\"auto, (max-width: 680px) 100vw, 680px\" \/><figcaption id=\"caption-attachment-18784\" class=\"wp-caption-text\">Nuovo membro del Consiglio di amministrazione del Gruppo B\u00fchler: Marco Gadola. (Immagine: Gruppo B\u00fchler)<\/figcaption><\/figure>\n<p>Il Gruppo Buhler ha tenuto la sua Assemblea generale annuale venerd\u00ec 10 febbraio 2023. All'ordine del giorno anche una nuova elezione del Consiglio di amministrazione. \u00c8 stato eletto Marco Gadola (59), cittadino svizzero e francese. Pu\u00f2 vantare una lunga carriera professionale. Marco Gadola ha iniziato la sua carriera nel settore bancario. In seguito ha lavorato per Novartis International Ltd. a Basilea come responsabile della revisione contabile. Dal 1992 ha trascorso nove anni con il Gruppo Hilti ricoprendo ruoli dirigenziali nei settori del commercio, delle vendite e delle finanze in Liechtenstein, Stati Uniti, Spagna e Germania. Dopo aver ricoperto per cinque anni il ruolo di CFO presso il Gruppo Hero, \u00e8 entrato a far parte del Gruppo Straumann a Basilea come CFO e VP Operations. Nel 2008, Marco Gadola \u00e8 stato nominato CFO del Gruppo Panalpina a Basilea. Dal 2013 al 2019 \u00e8 stato CEO del Gruppo Straumann, una societ\u00e0 svizzera quotata in borsa con un fatturato di oltre 2 miliardi di franchi svizzeri.<\/p>\n<h3>Un patrimonio di esperienza<\/h3>\n<p>Marco Gadola \u00e8 Presidente del Consiglio di Amministrazione di DKSH, Presidente del Consiglio di Amministrazione di WS Audiology e Medartis Holding AG, Vicepresidente del Consiglio di Amministrazione di MCH Group AG e membro del Consiglio di Amministrazione del Gruppo Straumann. Marco Gadola ha conseguito un Master in Economia e Commercio presso l'Universit\u00e0 di Basilea, in Svizzera.<\/p>\n<p>\"Con questa nomina, il Consiglio di Amministrazione di B\u00fchler acquisisce un leader affermato e comprovato con quasi tre decenni di esperienza in vari settori dell'utensileria, del medicale e della logistica\", afferma Calvin Grieder, Presidente del Consiglio di Amministrazione di B\u00fchler.<\/p>\n<h3>Konrad Hummler si dimette<\/h3>\n<p>Nel corso della stessa riunione, Konrad Hummler ha rassegnato le dimissioni da membro del Consiglio di amministrazione di B\u00fchler e dei rispettivi comitati in cui era presente, avendo raggiunto il limite legale. Konrad Hummler era membro del Consiglio di amministrazione dal 2010. \"Ringraziamo Konrad Hummler per la sua lungimiranza e il suo grande contributo alla nostra azienda e gli auguriamo il meglio per il suo futuro professionale e personale\", afferma Calvin Grieder.<\/p>\n<p><a href=\"http:\/\/www.buhlergroup.com\"><em>Fonte<\/em><\/a><\/p>","protected":false},"excerpt":{"rendered":"<p>Der Technologiekonzern B\u00fchler Group hielt am Freitag, 10. Februar 2023, seine Generalversamlung ab. Dabei stand auch eine Neuwahl in den Verwaltungsrat auf der Traktandenliste. Gew\u00e4hlt wurde Marco Gadola (59), Schweizer und franz\u00f6sischer Staatsb\u00fcrger. Er kann auf eine lange berufliche Karriere zur\u00fcckblicken. Diese begann Marco Gadola im Bankwesen. Sp\u00e4ter arbeitete er bei Novartis International Ltd. in [&hellip;]<\/p>\n","protected":false},"author":4,"featured_media":18784,"comment_status":"closed","ping_status":"closed","sticky":false,"template":"","format":"standard","meta":{"_acf_changed":false,"_yoast_wpseo_focuskw":"B\u00fchler Group","_yoast_wpseo_metadesc":"Marco Gadola wurde an der Generalversammlung vom 10. Februar 2023 einstimmig in den Verwaltungsrat der B\u00fchler Group gew\u00e4hlt.","articlekey":"","footnotes":""},"categories":[28],"tags":[381,2471],"class_list":["post-18783","post","type-post","status-publish","format-standard","has-post-thumbnail","hentry","category-management","tag-personalia","tag-verwaltungsrat"],"acf":[],"yoast_head":"<!-- This site is optimized with the Yoast SEO plugin v27.5 - https:\/\/yoast.com\/product\/yoast-seo-wordpress\/ -->\n<title>B\u00fchler Group: Marco Gadola neues VR-Mitglied - Organisator<\/title>\n<meta name=\"description\" content=\"Marco Gadola wurde an der Generalversammlung vom 10. Februar 2023 einstimmig in den Verwaltungsrat der B\u00fchler Group gew\u00e4hlt.\" \/>\n<meta name=\"robots\" content=\"index, follow, max-snippet:-1, max-image-preview:large, max-video-preview:-1\" \/>\n<link rel=\"canonical\" href=\"https:\/\/www.organisator.ch\/it\/gestione-2\/2023-02-13\/buehler-group-marco-gadola-neues-vr-mitglied\/\" \/>\n<meta property=\"og:locale\" content=\"it_IT\" \/>\n<meta property=\"og:type\" content=\"article\" \/>\n<meta property=\"og:title\" content=\"B\u00fchler Group: Marco Gadola neues VR-Mitglied\" \/>\n<meta property=\"og:description\" content=\"Marco Gadola wurde an der Generalversammlung vom 10. Februar 2023 einstimmig in den Verwaltungsrat der B\u00fchler Group gew\u00e4hlt.\" \/>\n<meta property=\"og:url\" content=\"https:\/\/www.organisator.ch\/it\/gestione-2\/2023-02-13\/buehler-group-marco-gadola-neues-vr-mitglied\/\" \/>\n<meta property=\"og:site_name\" content=\"Organisator\" \/>\n<meta property=\"article:publisher\" content=\"https:\/\/www.facebook.com\/OrganisatorFachmagazin\" \/>\n<meta property=\"article:published_time\" content=\"2023-02-13T08:30:19+00:00\" \/>\n<meta property=\"og:image\" content=\"https:\/\/www.organisator.ch\/wp-content\/uploads\/2023\/02\/Buehler-Group-Marco-Gadola-neues-VR-Mitglied_Organisator.jpg\" \/>\n\t<meta property=\"og:image:width\" content=\"680\" \/>\n\t<meta property=\"og:image:height\" content=\"453\" \/>\n\t<meta property=\"og:image:type\" content=\"image\/jpeg\" \/>\n<meta name=\"author\" content=\"thomas.berner\" \/>\n<meta name=\"twitter:card\" content=\"summary_large_image\" \/>\n<meta name=\"twitter:title\" content=\"#B\u00fchler Group: Marco #Gadola neues #VR-Mitglied\" \/>\n<meta name=\"twitter:description\" content=\"Marco #Gadola wurde an der #Generalversammlung vom 10. Februar 2023 einstimmig in den Verwaltungsrat der #B\u00fchler Group gew\u00e4hlt.\" \/>\n<meta name=\"twitter:image\" content=\"https:\/\/www.organisator.ch\/wp-content\/uploads\/2023\/02\/Buehler-Group-Marco-Gadola-neues-VR-Mitglied_Organisator.jpg\" \/>\n<script type=\"application\/ld+json\" class=\"yoast-schema-graph\">{\"@context\":\"https:\\\/\\\/schema.org\",\"@graph\":[{\"@type\":\"Article\",\"@id\":\"https:\\\/\\\/www.organisator.ch\\\/management\\\/2023-02-13\\\/buehler-group-marco-gadola-neues-vr-mitglied\\\/#article\",\"isPartOf\":{\"@id\":\"https:\\\/\\\/www.organisator.ch\\\/management\\\/2023-02-13\\\/buehler-group-marco-gadola-neues-vr-mitglied\\\/\"},\"author\":{\"name\":\"thomas.berner\",\"@id\":\"https:\\\/\\\/www.organisator.ch\\\/#\\\/schema\\\/person\\\/6f650f90b2842cd4c0cc334b4e36f67e\"},\"headline\":\"B\u00fchler Group: Marco Gadola neues VR-Mitglied\",\"datePublished\":\"2023-02-13T08:30:19+00:00\",\"mainEntityOfPage\":{\"@id\":\"https:\\\/\\\/www.organisator.ch\\\/management\\\/2023-02-13\\\/buehler-group-marco-gadola-neues-vr-mitglied\\\/\"},\"wordCount\":335,\"publisher\":{\"@id\":\"https:\\\/\\\/www.organisator.ch\\\/#organization\"},\"image\":{\"@id\":\"https:\\\/\\\/www.organisator.ch\\\/management\\\/2023-02-13\\\/buehler-group-marco-gadola-neues-vr-mitglied\\\/#primaryimage\"},\"thumbnailUrl\":\"https:\\\/\\\/www.organisator.ch\\\/wp-content\\\/uploads\\\/2023\\\/02\\\/Buehler-Group-Marco-Gadola-neues-VR-Mitglied_Organisator.jpg\",\"keywords\":[\"Personalia\",\"Verwaltungsrat\"],\"articleSection\":[\"MANAGEMENT\"],\"inLanguage\":\"it-IT\"},{\"@type\":\"WebPage\",\"@id\":\"https:\\\/\\\/www.organisator.ch\\\/management\\\/2023-02-13\\\/buehler-group-marco-gadola-neues-vr-mitglied\\\/\",\"url\":\"https:\\\/\\\/www.organisator.ch\\\/management\\\/2023-02-13\\\/buehler-group-marco-gadola-neues-vr-mitglied\\\/\",\"name\":\"B\u00fchler Group: Marco Gadola neues VR-Mitglied - Organisator\",\"isPartOf\":{\"@id\":\"https:\\\/\\\/www.organisator.ch\\\/#website\"},\"primaryImageOfPage\":{\"@id\":\"https:\\\/\\\/www.organisator.ch\\\/management\\\/2023-02-13\\\/buehler-group-marco-gadola-neues-vr-mitglied\\\/#primaryimage\"},\"image\":{\"@id\":\"https:\\\/\\\/www.organisator.ch\\\/management\\\/2023-02-13\\\/buehler-group-marco-gadola-neues-vr-mitglied\\\/#primaryimage\"},\"thumbnailUrl\":\"https:\\\/\\\/www.organisator.ch\\\/wp-content\\\/uploads\\\/2023\\\/02\\\/Buehler-Group-Marco-Gadola-neues-VR-Mitglied_Organisator.jpg\",\"datePublished\":\"2023-02-13T08:30:19+00:00\",\"description\":\"Marco Gadola wurde an der Generalversammlung vom 10. Februar 2023 einstimmig in den Verwaltungsrat der B\u00fchler Group gew\u00e4hlt.\",\"breadcrumb\":{\"@id\":\"https:\\\/\\\/www.organisator.ch\\\/management\\\/2023-02-13\\\/buehler-group-marco-gadola-neues-vr-mitglied\\\/#breadcrumb\"},\"inLanguage\":\"it-IT\",\"potentialAction\":[{\"@type\":\"ReadAction\",\"target\":[\"https:\\\/\\\/www.organisator.ch\\\/management\\\/2023-02-13\\\/buehler-group-marco-gadola-neues-vr-mitglied\\\/\"]}]},{\"@type\":\"ImageObject\",\"inLanguage\":\"it-IT\",\"@id\":\"https:\\\/\\\/www.organisator.ch\\\/management\\\/2023-02-13\\\/buehler-group-marco-gadola-neues-vr-mitglied\\\/#primaryimage\",\"url\":\"https:\\\/\\\/www.organisator.ch\\\/wp-content\\\/uploads\\\/2023\\\/02\\\/Buehler-Group-Marco-Gadola-neues-VR-Mitglied_Organisator.jpg\",\"contentUrl\":\"https:\\\/\\\/www.organisator.ch\\\/wp-content\\\/uploads\\\/2023\\\/02\\\/Buehler-Group-Marco-Gadola-neues-VR-Mitglied_Organisator.jpg\",\"width\":680,\"height\":453,\"caption\":\"Neu im Verwaltungsrat der B\u00fchler Group: Marco Gadola. (Bild: B\u00fchler Group)\"},{\"@type\":\"BreadcrumbList\",\"@id\":\"https:\\\/\\\/www.organisator.ch\\\/management\\\/2023-02-13\\\/buehler-group-marco-gadola-neues-vr-mitglied\\\/#breadcrumb\",\"itemListElement\":[{\"@type\":\"ListItem\",\"position\":1,\"name\":\"Home\",\"item\":\"https:\\\/\\\/www.organisator.ch\\\/\"},{\"@type\":\"ListItem\",\"position\":2,\"name\":\"B\u00fchler Group: Marco Gadola neues VR-Mitglied\"}]},{\"@type\":\"WebSite\",\"@id\":\"https:\\\/\\\/www.organisator.ch\\\/#website\",\"url\":\"https:\\\/\\\/www.organisator.ch\\\/\",\"name\":\"Organisator\",\"description\":\"Kompetent. Praxisnah. Der ORGANISATOR bereitet in 10 Ausgaben pro Jahr die wesentlichen Themen f\u00fcr F\u00fchrungskr\u00e4fte von KMU auf.\",\"publisher\":{\"@id\":\"https:\\\/\\\/www.organisator.ch\\\/#organization\"},\"potentialAction\":[{\"@type\":\"SearchAction\",\"target\":{\"@type\":\"EntryPoint\",\"urlTemplate\":\"https:\\\/\\\/www.organisator.ch\\\/?s={search_term_string}\"},\"query-input\":{\"@type\":\"PropertyValueSpecification\",\"valueRequired\":true,\"valueName\":\"search_term_string\"}}],\"inLanguage\":\"it-IT\"},{\"@type\":\"Organization\",\"@id\":\"https:\\\/\\\/www.organisator.ch\\\/#organization\",\"name\":\"Organisator\",\"url\":\"https:\\\/\\\/www.organisator.ch\\\/\",\"logo\":{\"@type\":\"ImageObject\",\"inLanguage\":\"it-IT\",\"@id\":\"https:\\\/\\\/www.organisator.ch\\\/#\\\/schema\\\/logo\\\/image\\\/\",\"url\":\"https:\\\/\\\/www.organisator.ch\\\/wp-content\\\/uploads\\\/2022\\\/01\\\/Logo_Organisator_Website.png\",\"contentUrl\":\"https:\\\/\\\/www.organisator.ch\\\/wp-content\\\/uploads\\\/2022\\\/01\\\/Logo_Organisator_Website.png\",\"width\":800,\"height\":77,\"caption\":\"Organisator\"},\"image\":{\"@id\":\"https:\\\/\\\/www.organisator.ch\\\/#\\\/schema\\\/logo\\\/image\\\/\"},\"sameAs\":[\"https:\\\/\\\/www.facebook.com\\\/OrganisatorFachmagazin\",\"https:\\\/\\\/www.linkedin.com\\\/showcase\\\/organisator-das-magazin-fr-kmu\",\"https:\\\/\\\/www.xing.com\\\/news\\\/pages\\\/organisator-ch-695\",\"https:\\\/\\\/www.youtube.com\\\/channel\\\/UCGP2Sq0iWaZwT3BdIAQFYpw\"]},{\"@type\":\"Person\",\"@id\":\"https:\\\/\\\/www.organisator.ch\\\/#\\\/schema\\\/person\\\/6f650f90b2842cd4c0cc334b4e36f67e\",\"name\":\"thomas.berner\",\"image\":{\"@type\":\"ImageObject\",\"inLanguage\":\"it-IT\",\"@id\":\"https:\\\/\\\/secure.gravatar.com\\\/avatar\\\/ac5001d2a36cb6c6cd3e50789007ffca834b477b74a2144564522e944eabff61?s=96&d=mm&r=g\",\"url\":\"https:\\\/\\\/secure.gravatar.com\\\/avatar\\\/ac5001d2a36cb6c6cd3e50789007ffca834b477b74a2144564522e944eabff61?s=96&d=mm&r=g\",\"contentUrl\":\"https:\\\/\\\/secure.gravatar.com\\\/avatar\\\/ac5001d2a36cb6c6cd3e50789007ffca834b477b74a2144564522e944eabff61?s=96&d=mm&r=g\",\"caption\":\"thomas.berner\"},\"url\":\"https:\\\/\\\/www.organisator.ch\\\/it\\\/author\\\/thomas-berner\\\/\"}]}<\/script>\n<!-- \/ Yoast SEO plugin. -->","yoast_head_json":{"title":"Gruppo Buhler: Marco Gadola nuovo membro del consiglio di amministrazione - Organizzatore","description":"Marco Gadola \u00e8 stato eletto all'unanimit\u00e0 nel Consiglio di amministrazione del Gruppo B\u00fchler in occasione dell'Assemblea generale annuale del 10 febbraio 2023.","robots":{"index":"index","follow":"follow","max-snippet":"max-snippet:-1","max-image-preview":"max-image-preview:large","max-video-preview":"max-video-preview:-1"},"canonical":"https:\/\/www.organisator.ch\/it\/gestione-2\/2023-02-13\/buehler-group-marco-gadola-neues-vr-mitglied\/","og_locale":"it_IT","og_type":"article","og_title":"B\u00fchler Group: Marco Gadola neues VR-Mitglied","og_description":"Marco Gadola wurde an der Generalversammlung vom 10. Februar 2023 einstimmig in den Verwaltungsrat der B\u00fchler Group gew\u00e4hlt.","og_url":"https:\/\/www.organisator.ch\/it\/gestione-2\/2023-02-13\/buehler-group-marco-gadola-neues-vr-mitglied\/","og_site_name":"Organisator","article_publisher":"https:\/\/www.facebook.com\/OrganisatorFachmagazin","article_published_time":"2023-02-13T08:30:19+00:00","og_image":[{"width":680,"height":453,"url":"https:\/\/www.organisator.ch\/wp-content\/uploads\/2023\/02\/Buehler-Group-Marco-Gadola-neues-VR-Mitglied_Organisator.jpg","type":"image\/jpeg"}],"author":"thomas.berner","twitter_card":"summary_large_image","twitter_title":"#B\u00fchler Group: Marco #Gadola neues #VR-Mitglied","twitter_description":"Marco #Gadola wurde an der #Generalversammlung vom 10. Februar 2023 einstimmig in den Verwaltungsrat der #B\u00fchler Group gew\u00e4hlt.","twitter_image":"https:\/\/www.organisator.ch\/wp-content\/uploads\/2023\/02\/Buehler-Group-Marco-Gadola-neues-VR-Mitglied_Organisator.jpg","schema":{"@context":"https:\/\/schema.org","@graph":[{"@type":"Article","@id":"https:\/\/www.organisator.ch\/management\/2023-02-13\/buehler-group-marco-gadola-neues-vr-mitglied\/#article","isPartOf":{"@id":"https:\/\/www.organisator.ch\/management\/2023-02-13\/buehler-group-marco-gadola-neues-vr-mitglied\/"},"author":{"name":"thomas.berner","@id":"https:\/\/www.organisator.ch\/#\/schema\/person\/6f650f90b2842cd4c0cc334b4e36f67e"},"headline":"B\u00fchler Group: Marco Gadola neues VR-Mitglied","datePublished":"2023-02-13T08:30:19+00:00","mainEntityOfPage":{"@id":"https:\/\/www.organisator.ch\/management\/2023-02-13\/buehler-group-marco-gadola-neues-vr-mitglied\/"},"wordCount":335,"publisher":{"@id":"https:\/\/www.organisator.ch\/#organization"},"image":{"@id":"https:\/\/www.organisator.ch\/management\/2023-02-13\/buehler-group-marco-gadola-neues-vr-mitglied\/#primaryimage"},"thumbnailUrl":"https:\/\/www.organisator.ch\/wp-content\/uploads\/2023\/02\/Buehler-Group-Marco-Gadola-neues-VR-Mitglied_Organisator.jpg","keywords":["Personalia","Verwaltungsrat"],"articleSection":["MANAGEMENT"],"inLanguage":"it-IT"},{"@type":"WebPage","@id":"https:\/\/www.organisator.ch\/management\/2023-02-13\/buehler-group-marco-gadola-neues-vr-mitglied\/","url":"https:\/\/www.organisator.ch\/management\/2023-02-13\/buehler-group-marco-gadola-neues-vr-mitglied\/","name":"Gruppo Buhler: Marco Gadola nuovo membro del consiglio di amministrazione - Organizzatore","isPartOf":{"@id":"https:\/\/www.organisator.ch\/#website"},"primaryImageOfPage":{"@id":"https:\/\/www.organisator.ch\/management\/2023-02-13\/buehler-group-marco-gadola-neues-vr-mitglied\/#primaryimage"},"image":{"@id":"https:\/\/www.organisator.ch\/management\/2023-02-13\/buehler-group-marco-gadola-neues-vr-mitglied\/#primaryimage"},"thumbnailUrl":"https:\/\/www.organisator.ch\/wp-content\/uploads\/2023\/02\/Buehler-Group-Marco-Gadola-neues-VR-Mitglied_Organisator.jpg","datePublished":"2023-02-13T08:30:19+00:00","description":"Marco Gadola \u00e8 stato eletto all'unanimit\u00e0 nel Consiglio di amministrazione del Gruppo B\u00fchler in occasione dell'Assemblea generale annuale del 10 febbraio 2023.","breadcrumb":{"@id":"https:\/\/www.organisator.ch\/management\/2023-02-13\/buehler-group-marco-gadola-neues-vr-mitglied\/#breadcrumb"},"inLanguage":"it-IT","potentialAction":[{"@type":"ReadAction","target":["https:\/\/www.organisator.ch\/management\/2023-02-13\/buehler-group-marco-gadola-neues-vr-mitglied\/"]}]},{"@type":"ImageObject","inLanguage":"it-IT","@id":"https:\/\/www.organisator.ch\/management\/2023-02-13\/buehler-group-marco-gadola-neues-vr-mitglied\/#primaryimage","url":"https:\/\/www.organisator.ch\/wp-content\/uploads\/2023\/02\/Buehler-Group-Marco-Gadola-neues-VR-Mitglied_Organisator.jpg","contentUrl":"https:\/\/www.organisator.ch\/wp-content\/uploads\/2023\/02\/Buehler-Group-Marco-Gadola-neues-VR-Mitglied_Organisator.jpg","width":680,"height":453,"caption":"Neu im Verwaltungsrat der B\u00fchler Group: Marco Gadola. (Bild: B\u00fchler Group)"},{"@type":"BreadcrumbList","@id":"https:\/\/www.organisator.ch\/management\/2023-02-13\/buehler-group-marco-gadola-neues-vr-mitglied\/#breadcrumb","itemListElement":[{"@type":"ListItem","position":1,"name":"Home","item":"https:\/\/www.organisator.ch\/"},{"@type":"ListItem","position":2,"name":"B\u00fchler Group: Marco Gadola neues VR-Mitglied"}]},{"@type":"WebSite","@id":"https:\/\/www.organisator.ch\/#website","url":"https:\/\/www.organisator.ch\/","name":"Organizzatore","description":"Competente. Pratico. In 10 numeri all'anno, ORGANISATOR presenta i temi essenziali per i manager delle PMI.","publisher":{"@id":"https:\/\/www.organisator.ch\/#organization"},"potentialAction":[{"@type":"SearchAction","target":{"@type":"EntryPoint","urlTemplate":"https:\/\/www.organisator.ch\/?s={search_term_string}"},"query-input":{"@type":"PropertyValueSpecification","valueRequired":true,"valueName":"search_term_string"}}],"inLanguage":"it-IT"},{"@type":"Organization","@id":"https:\/\/www.organisator.ch\/#organization","name":"Organizzatore","url":"https:\/\/www.organisator.ch\/","logo":{"@type":"ImageObject","inLanguage":"it-IT","@id":"https:\/\/www.organisator.ch\/#\/schema\/logo\/image\/","url":"https:\/\/www.organisator.ch\/wp-content\/uploads\/2022\/01\/Logo_Organisator_Website.png","contentUrl":"https:\/\/www.organisator.ch\/wp-content\/uploads\/2022\/01\/Logo_Organisator_Website.png","width":800,"height":77,"caption":"Organisator"},"image":{"@id":"https:\/\/www.organisator.ch\/#\/schema\/logo\/image\/"},"sameAs":["https:\/\/www.facebook.com\/OrganisatorFachmagazin","https:\/\/www.linkedin.com\/showcase\/organisator-das-magazin-fr-kmu","https:\/\/www.xing.com\/news\/pages\/organisator-ch-695","https:\/\/www.youtube.com\/channel\/UCGP2Sq0iWaZwT3BdIAQFYpw"]},{"@type":"Person","@id":"https:\/\/www.organisator.ch\/#\/schema\/person\/6f650f90b2842cd4c0cc334b4e36f67e","name":"Tommaso.berner","image":{"@type":"ImageObject","inLanguage":"it-IT","@id":"https:\/\/secure.gravatar.com\/avatar\/ac5001d2a36cb6c6cd3e50789007ffca834b477b74a2144564522e944eabff61?s=96&d=mm&r=g","url":"https:\/\/secure.gravatar.com\/avatar\/ac5001d2a36cb6c6cd3e50789007ffca834b477b74a2144564522e944eabff61?s=96&d=mm&r=g","contentUrl":"https:\/\/secure.gravatar.com\/avatar\/ac5001d2a36cb6c6cd3e50789007ffca834b477b74a2144564522e944eabff61?s=96&d=mm&r=g","caption":"thomas.berner"},"url":"https:\/\/www.organisator.ch\/it\/author\/thomas-berner\/"}]}},"_links":{"self":[{"href":"https:\/\/www.organisator.ch\/it\/wp-json\/wp\/v2\/posts\/18783","targetHints":{"allow":["GET"]}}],"collection":[{"href":"https:\/\/www.organisator.ch\/it\/wp-json\/wp\/v2\/posts"}],"about":[{"href":"https:\/\/www.organisator.ch\/it\/wp-json\/wp\/v2\/types\/post"}],"author":[{"embeddable":true,"href":"https:\/\/www.organisator.ch\/it\/wp-json\/wp\/v2\/users\/4"}],"replies":[{"embeddable":true,"href":"https:\/\/www.organisator.ch\/it\/wp-json\/wp\/v2\/comments?post=18783"}],"version-history":[{"count":1,"href":"https:\/\/www.organisator.ch\/it\/wp-json\/wp\/v2\/posts\/18783\/revisions"}],"predecessor-version":[{"id":18785,"href":"https:\/\/www.organisator.ch\/it\/wp-json\/wp\/v2\/posts\/18783\/revisions\/18785"}],"wp:featuredmedia":[{"embeddable":true,"href":"https:\/\/www.organisator.ch\/it\/wp-json\/wp\/v2\/media\/18784"}],"wp:attachment":[{"href":"https:\/\/www.organisator.ch\/it\/wp-json\/wp\/v2\/media?parent=18783"}],"wp:term":[{"taxonomy":"category","embeddable":true,"href":"https:\/\/www.organisator.ch\/it\/wp-json\/wp\/v2\/categories?post=18783"},{"taxonomy":"post_tag","embeddable":true,"href":"https:\/\/www.organisator.ch\/it\/wp-json\/wp\/v2\/tags?post=18783"}],"curies":[{"name":"wp","href":"https:\/\/api.w.org\/{rel}","templated":true}]}}