{"id":18792,"date":"2023-02-14T10:59:36","date_gmt":"2023-02-14T09:59:36","guid":{"rendered":"https:\/\/www.organisator.ch\/?p=18792"},"modified":"2023-02-14T10:59:36","modified_gmt":"2023-02-14T09:59:36","slug":"compenswiss-mit-negativen-anlageergebnissen-im-jahr-2022","status":"publish","type":"post","link":"https:\/\/www.organisator.ch\/it\/management\/finanzen_recht\/2023-02-14\/compenswiss-mit-negativen-anlageergebnissen-im-jahr-2022\/","title":{"rendered":"compenswiss con risultati d'investimento negativi nel 2022"},"content":{"rendered":"<figure id=\"attachment_18793\" aria-describedby=\"caption-attachment-18793\" style=\"width: 680px\" class=\"wp-caption alignnone\"><img loading=\"lazy\" decoding=\"async\" class=\"size-full wp-image-18793\" src=\"https:\/\/www.organisator.ch\/wp-content\/uploads\/2023\/02\/compenswiss-mit-negativen-Anlageergebnissen-im-Jahr-2022_Organisator.jpg\" alt=\"\" width=\"680\" height=\"485\" srcset=\"https:\/\/www.organisator.ch\/wp-content\/uploads\/2023\/02\/compenswiss-mit-negativen-Anlageergebnissen-im-Jahr-2022_Organisator.jpg 680w, https:\/\/www.organisator.ch\/wp-content\/uploads\/2023\/02\/compenswiss-mit-negativen-Anlageergebnissen-im-Jahr-2022_Organisator-18x12.jpg 18w, https:\/\/www.organisator.ch\/wp-content\/uploads\/2023\/02\/compenswiss-mit-negativen-Anlageergebnissen-im-Jahr-2022_Organisator-375x267.jpg 375w, https:\/\/www.organisator.ch\/wp-content\/uploads\/2023\/02\/compenswiss-mit-negativen-Anlageergebnissen-im-Jahr-2022_Organisator-491x350.jpg 491w\" sizes=\"auto, (max-width: 680px) 100vw, 680px\" \/><figcaption id=\"caption-attachment-18793\" class=\"wp-caption-text\">L'anno 2022 non \u00e8 andato bene per Compenswiss: i risultati degli investimenti sono negativi. (Immagine: Pixabay.com)<\/figcaption><\/figure>\n<p>Il 2022 \u00e8 stato caratterizzato da turbolenze a livello politico, economico e monetario. Le tensioni geopolitiche, in particolare la guerra in Ucraina, ma anche l'inflazione e l'aumento dei tassi di interesse sono stati in primo piano per tutto l'anno. Sui mercati finanziari, queste crisi e incertezze hanno portato a un'elevata volatilit\u00e0 e a un forte calo dei mercati obbligazionari e azionari - un contesto sfavorevole da cui compenswiss non \u00e8 stata risparmiata. Manuel Leuthold, presidente del Consiglio di amministrazione, sottolinea: \"Uno dei compiti principali di Compenswiss \u00e8 quello di mantenere una liquidit\u00e0 sufficiente per consentire ai tre regimi di assicurazione sociale di far fronte ai loro obblighi di pagamento in qualsiasi momento. Le categorie di investimento pi\u00f9 liquide in cui compenswiss investe di conseguenza principalmente, come obbligazioni, azioni, fondi immobiliari quotati e azioni, sono state particolarmente colpite nel 2022.\"<\/p>\n<h3>Rendimento netto negativo - ma la liquidit\u00e0 \u00e8 sempre sufficiente<\/h3>\n<p>Al 31 dicembre 2022, il patrimonio totale gestito da Compenswiss ammontava a 37.282 milioni di franchi (anno precedente: 40.882 milioni di franchi). Le attivit\u00e0 in gestione sono costituite da immobilizzazioni, che ammontano a 34.599 milioni di franchi (anno precedente: 38.682 milioni di franchi), e da liquidit\u00e0 (tesoreria), che ammontano a 2.683 milioni di franchi (anno precedente: 2.200 milioni di franchi).<\/p>\n<p>Tenendo conto delle coperture valutarie, il rendimento netto ottenuto dalle attivit\u00e0 fisse ha raggiunto -12,85% alla fine del 2022 (anno precedente: 5,28%). Il rendimento netto ottenuto dalla liquidit\u00e0 e dagli equivalenti di liquidit\u00e0 \u00e8 stato pari a -0,23% (anno precedente: -0,33%). I rendimenti netti degli attivi dei tre fondi di previdenza sociale sono stati pari a -12,38% (anno precedente: 4,94%) per l'AVS, -11,24 % (anno precedente: 4,10%) per l'AI e -12,21% (anno precedente: 5,05%) per il ME. Il risultato leggermente meno negativo per l'AI \u00e8 dovuto principalmente all'aumento delle riserve di liquidit\u00e0.<\/p>\n<p>Nel 2022, i flussi di cassa in entrata, provenienti principalmente dai contributi degli assicurati, dei datori di lavoro, dei lavoratori autonomi e della Confederazione, hanno coperto completamente i flussi in uscita. Eric Breval, direttore di compenswiss, spiega: \"Durante tutto l'anno, compenswiss ha avuto una liquidit\u00e0 sufficiente per consentire agli assicuratori di pagare le pensioni e altre prestazioni senza dover vendere gli attivi del proprio portafoglio. Nonostante una performance chiaramente negativa nel 2022, non ci sono state perdite effettive. Si tratta solo di perdite contabili. La performance cumulativa degli ultimi dieci anni rimane positiva\".<\/p>\n<p>I costi totali di gestione operativa e patrimoniale (comprese le imposte di bollo) sono pari a 0,20% del totale delle attivit\u00e0 e sono rimasti stabili rispetto all'anno precedente (0,19%).<\/p>\n<h3><strong>La politica d'investimento responsabile di Compenswiss continua a essere perseguita<\/strong><\/h3>\n<p>Nel 2022, compenswiss ha rafforzato i requisiti dei criteri ambientali, sociali e di corporate governance (ESG) in linea con i suoi obblighi statutari: liquidit\u00e0, sicurezza e rendimento. Questo approccio responsabile ha portato a un'accelerazione delle dismissioni, in particolare nel settore del carbone. L'Anstalt ha continuato a esercitare i propri diritti di voto per le azioni svizzere in portafoglio. In qualit\u00e0 di membro dell'Associazione svizzera per l'investimento responsabile (SVVK), l'Anstalt ha proseguito il dialogo con gli azionisti e le esclusioni normative. Ha inoltre sviluppato strumenti di misurazione nell'ambito della sostenibilit\u00e0 che, tra l'altro, le consentono di valutare la compatibilit\u00e0 climatica del suo portafoglio di mercato utilizzando gli \"Swiss Climate Scores\" introdotti dal Consiglio federale.<\/p>\n<h3><strong>Stabilizzazione del fondo AVS grazie alla riforma AVS 21<\/strong><\/h3>\n<p>Il 25 settembre 2022, il popolo svizzero e i cantoni hanno approvato la riforma dell'AVS 21 per stabilizzare l'AVS. I cittadini si sono espressi a favore di un aumento graduale dell'et\u00e0 pensionabile per le donne a 65 anni e di un aumento dell'IVA di 0,4%. Grazie a queste misure, che entreranno in vigore il 1\u00b0 gennaio 2024, l'equilibrio finanziario dell'AVS rimarr\u00e0 sicuro per altri sette-otto anni.<\/p>\n<p>I risultati operativi delle tre assicurazioni sociali AVS, AI e IP per il 2022 saranno pubblicati nell'aprile 2023.<\/p>\n<p><em><a href=\"https:\/\/www.compenswiss.ch\/de\/home\">Fonte e ulteriori informazioni<\/a><\/em><\/p>","protected":false},"excerpt":{"rendered":"<p>Das Jahr 2022 war auf politischer, wirtschaftlicher und monet\u00e4rer Ebene durch Turbulenzen gekennzeichnet. Geopolitische Spannungen, insbesondere der Krieg in der Ukraine, aber auch Inflation und steigende Zinss\u00e4tze standen das ganze Jahr \u00fcber im Vordergrund. Auf den Finanzm\u00e4rkten f\u00fchrten diese Krisen und Unsicherheiten zu hoher Volatilit\u00e4t und stark fallenden Anleihen- und Aktienm\u00e4rkten \u2013 ein ung\u00fcnstiges Umfeld, [&hellip;]<\/p>\n","protected":false},"author":4,"featured_media":18793,"comment_status":"closed","ping_status":"closed","sticky":false,"template":"","format":"standard","meta":{"_acf_changed":false,"_yoast_wpseo_focuskw":"compenswiss","_yoast_wpseo_metadesc":"Der Ausgleichsfonds AHV\/IV\/EO compenswiss schliesst 2022 mit einer negativen Performance ab. Sie betrug -12.85%.","articlekey":"","footnotes":""},"categories":[24],"tags":[3619,202,531],"class_list":["post-18792","post","type-post","status-publish","format-standard","has-post-thumbnail","hentry","category-finanzen_recht","tag-ahv-iv-eo","tag-finanzenrecht","tag-wirtschaftspolitik"],"acf":[],"yoast_head":"<!-- This site is optimized with the Yoast SEO plugin v27.5 - https:\/\/yoast.com\/product\/yoast-seo-wordpress\/ -->\n<title>compenswiss mit negativen Anlageergebnissen im Jahr 2022 - Organisator<\/title>\n<meta name=\"description\" content=\"Der Ausgleichsfonds AHV\/IV\/EO compenswiss schliesst 2022 mit einer negativen Performance ab. Sie betrug -12.85%.\" \/>\n<meta name=\"robots\" content=\"index, follow, max-snippet:-1, max-image-preview:large, max-video-preview:-1\" \/>\n<link rel=\"canonical\" href=\"https:\/\/www.organisator.ch\/it\/gestione-2\/finanzen_recht\/2023-02-14\/compenswiss-mit-negativen-anlageergebnissen-im-jahr-2022\/\" \/>\n<meta property=\"og:locale\" content=\"it_IT\" \/>\n<meta property=\"og:type\" content=\"article\" \/>\n<meta property=\"og:title\" content=\"compenswiss mit negativen Anlageergebnissen im Jahr 2022\" \/>\n<meta property=\"og:description\" content=\"Der Ausgleichsfonds AHV\/IV\/EO compenswiss schliesst 2022 mit einer negativen Performance ab. Sie betrug -12.85%.\" \/>\n<meta property=\"og:url\" content=\"https:\/\/www.organisator.ch\/it\/gestione-2\/finanzen_recht\/2023-02-14\/compenswiss-mit-negativen-anlageergebnissen-im-jahr-2022\/\" \/>\n<meta property=\"og:site_name\" content=\"Organisator\" \/>\n<meta property=\"article:publisher\" content=\"https:\/\/www.facebook.com\/OrganisatorFachmagazin\" \/>\n<meta property=\"article:published_time\" content=\"2023-02-14T09:59:36+00:00\" \/>\n<meta property=\"og:image\" content=\"https:\/\/www.organisator.ch\/wp-content\/uploads\/2023\/02\/compenswiss-mit-negativen-Anlageergebnissen-im-Jahr-2022_Organisator.jpg\" \/>\n\t<meta property=\"og:image:width\" content=\"680\" \/>\n\t<meta property=\"og:image:height\" content=\"485\" \/>\n\t<meta property=\"og:image:type\" content=\"image\/jpeg\" \/>\n<meta name=\"author\" content=\"thomas.berner\" \/>\n<meta name=\"twitter:card\" content=\"summary_large_image\" \/>\n<meta name=\"twitter:title\" content=\"#compenswiss mit negativen #Anlageergebnissen im Jahr 2022\" \/>\n<meta name=\"twitter:description\" content=\"Der #Ausgleichsfonds AHV\/IV\/EO #compenswiss schliesst 2022 mit einer negativen #Performance ab. Sie betrug -12.85%.\" \/>\n<meta name=\"twitter:image\" content=\"https:\/\/www.organisator.ch\/wp-content\/uploads\/2023\/02\/compenswiss-mit-negativen-Anlageergebnissen-im-Jahr-2022_Organisator.jpg\" \/>\n<script type=\"application\/ld+json\" class=\"yoast-schema-graph\">{\"@context\":\"https:\\\/\\\/schema.org\",\"@graph\":[{\"@type\":\"Article\",\"@id\":\"https:\\\/\\\/www.organisator.ch\\\/management\\\/finanzen_recht\\\/2023-02-14\\\/compenswiss-mit-negativen-anlageergebnissen-im-jahr-2022\\\/#article\",\"isPartOf\":{\"@id\":\"https:\\\/\\\/www.organisator.ch\\\/management\\\/finanzen_recht\\\/2023-02-14\\\/compenswiss-mit-negativen-anlageergebnissen-im-jahr-2022\\\/\"},\"author\":{\"name\":\"thomas.berner\",\"@id\":\"https:\\\/\\\/www.organisator.ch\\\/#\\\/schema\\\/person\\\/6f650f90b2842cd4c0cc334b4e36f67e\"},\"headline\":\"compenswiss mit negativen Anlageergebnissen im Jahr 2022\",\"datePublished\":\"2023-02-14T09:59:36+00:00\",\"mainEntityOfPage\":{\"@id\":\"https:\\\/\\\/www.organisator.ch\\\/management\\\/finanzen_recht\\\/2023-02-14\\\/compenswiss-mit-negativen-anlageergebnissen-im-jahr-2022\\\/\"},\"wordCount\":614,\"publisher\":{\"@id\":\"https:\\\/\\\/www.organisator.ch\\\/#organization\"},\"image\":{\"@id\":\"https:\\\/\\\/www.organisator.ch\\\/management\\\/finanzen_recht\\\/2023-02-14\\\/compenswiss-mit-negativen-anlageergebnissen-im-jahr-2022\\\/#primaryimage\"},\"thumbnailUrl\":\"https:\\\/\\\/www.organisator.ch\\\/wp-content\\\/uploads\\\/2023\\\/02\\\/compenswiss-mit-negativen-Anlageergebnissen-im-Jahr-2022_Organisator.jpg\",\"keywords\":[\"AHV\\\/IV\\\/EO\",\"Finanzen\\\/Recht\",\"Wirtschaftspolitik\"],\"articleSection\":[\"FINANZEN\\\/RECHT\"],\"inLanguage\":\"it-IT\"},{\"@type\":\"WebPage\",\"@id\":\"https:\\\/\\\/www.organisator.ch\\\/management\\\/finanzen_recht\\\/2023-02-14\\\/compenswiss-mit-negativen-anlageergebnissen-im-jahr-2022\\\/\",\"url\":\"https:\\\/\\\/www.organisator.ch\\\/management\\\/finanzen_recht\\\/2023-02-14\\\/compenswiss-mit-negativen-anlageergebnissen-im-jahr-2022\\\/\",\"name\":\"compenswiss mit negativen Anlageergebnissen im Jahr 2022 - Organisator\",\"isPartOf\":{\"@id\":\"https:\\\/\\\/www.organisator.ch\\\/#website\"},\"primaryImageOfPage\":{\"@id\":\"https:\\\/\\\/www.organisator.ch\\\/management\\\/finanzen_recht\\\/2023-02-14\\\/compenswiss-mit-negativen-anlageergebnissen-im-jahr-2022\\\/#primaryimage\"},\"image\":{\"@id\":\"https:\\\/\\\/www.organisator.ch\\\/management\\\/finanzen_recht\\\/2023-02-14\\\/compenswiss-mit-negativen-anlageergebnissen-im-jahr-2022\\\/#primaryimage\"},\"thumbnailUrl\":\"https:\\\/\\\/www.organisator.ch\\\/wp-content\\\/uploads\\\/2023\\\/02\\\/compenswiss-mit-negativen-Anlageergebnissen-im-Jahr-2022_Organisator.jpg\",\"datePublished\":\"2023-02-14T09:59:36+00:00\",\"description\":\"Der Ausgleichsfonds AHV\\\/IV\\\/EO compenswiss schliesst 2022 mit einer negativen Performance ab. Sie betrug -12.85%.\",\"breadcrumb\":{\"@id\":\"https:\\\/\\\/www.organisator.ch\\\/management\\\/finanzen_recht\\\/2023-02-14\\\/compenswiss-mit-negativen-anlageergebnissen-im-jahr-2022\\\/#breadcrumb\"},\"inLanguage\":\"it-IT\",\"potentialAction\":[{\"@type\":\"ReadAction\",\"target\":[\"https:\\\/\\\/www.organisator.ch\\\/management\\\/finanzen_recht\\\/2023-02-14\\\/compenswiss-mit-negativen-anlageergebnissen-im-jahr-2022\\\/\"]}]},{\"@type\":\"ImageObject\",\"inLanguage\":\"it-IT\",\"@id\":\"https:\\\/\\\/www.organisator.ch\\\/management\\\/finanzen_recht\\\/2023-02-14\\\/compenswiss-mit-negativen-anlageergebnissen-im-jahr-2022\\\/#primaryimage\",\"url\":\"https:\\\/\\\/www.organisator.ch\\\/wp-content\\\/uploads\\\/2023\\\/02\\\/compenswiss-mit-negativen-Anlageergebnissen-im-Jahr-2022_Organisator.jpg\",\"contentUrl\":\"https:\\\/\\\/www.organisator.ch\\\/wp-content\\\/uploads\\\/2023\\\/02\\\/compenswiss-mit-negativen-Anlageergebnissen-im-Jahr-2022_Organisator.jpg\",\"width\":680,\"height\":485,\"caption\":\"Das Jahr 2022 verlief f\u00fcr compenswiss nicht gut: Die Anlageergebnisse sind negativ. (Bild: Pixabay.com)\"},{\"@type\":\"BreadcrumbList\",\"@id\":\"https:\\\/\\\/www.organisator.ch\\\/management\\\/finanzen_recht\\\/2023-02-14\\\/compenswiss-mit-negativen-anlageergebnissen-im-jahr-2022\\\/#breadcrumb\",\"itemListElement\":[{\"@type\":\"ListItem\",\"position\":1,\"name\":\"Home\",\"item\":\"https:\\\/\\\/www.organisator.ch\\\/\"},{\"@type\":\"ListItem\",\"position\":2,\"name\":\"compenswiss mit negativen Anlageergebnissen im Jahr 2022\"}]},{\"@type\":\"WebSite\",\"@id\":\"https:\\\/\\\/www.organisator.ch\\\/#website\",\"url\":\"https:\\\/\\\/www.organisator.ch\\\/\",\"name\":\"Organisator\",\"description\":\"Kompetent. Praxisnah. Der ORGANISATOR bereitet in 10 Ausgaben pro Jahr die wesentlichen Themen f\u00fcr F\u00fchrungskr\u00e4fte von KMU auf.\",\"publisher\":{\"@id\":\"https:\\\/\\\/www.organisator.ch\\\/#organization\"},\"potentialAction\":[{\"@type\":\"SearchAction\",\"target\":{\"@type\":\"EntryPoint\",\"urlTemplate\":\"https:\\\/\\\/www.organisator.ch\\\/?s={search_term_string}\"},\"query-input\":{\"@type\":\"PropertyValueSpecification\",\"valueRequired\":true,\"valueName\":\"search_term_string\"}}],\"inLanguage\":\"it-IT\"},{\"@type\":\"Organization\",\"@id\":\"https:\\\/\\\/www.organisator.ch\\\/#organization\",\"name\":\"Organisator\",\"url\":\"https:\\\/\\\/www.organisator.ch\\\/\",\"logo\":{\"@type\":\"ImageObject\",\"inLanguage\":\"it-IT\",\"@id\":\"https:\\\/\\\/www.organisator.ch\\\/#\\\/schema\\\/logo\\\/image\\\/\",\"url\":\"https:\\\/\\\/www.organisator.ch\\\/wp-content\\\/uploads\\\/2022\\\/01\\\/Logo_Organisator_Website.png\",\"contentUrl\":\"https:\\\/\\\/www.organisator.ch\\\/wp-content\\\/uploads\\\/2022\\\/01\\\/Logo_Organisator_Website.png\",\"width\":800,\"height\":77,\"caption\":\"Organisator\"},\"image\":{\"@id\":\"https:\\\/\\\/www.organisator.ch\\\/#\\\/schema\\\/logo\\\/image\\\/\"},\"sameAs\":[\"https:\\\/\\\/www.facebook.com\\\/OrganisatorFachmagazin\",\"https:\\\/\\\/www.linkedin.com\\\/showcase\\\/organisator-das-magazin-fr-kmu\",\"https:\\\/\\\/www.xing.com\\\/news\\\/pages\\\/organisator-ch-695\",\"https:\\\/\\\/www.youtube.com\\\/channel\\\/UCGP2Sq0iWaZwT3BdIAQFYpw\"]},{\"@type\":\"Person\",\"@id\":\"https:\\\/\\\/www.organisator.ch\\\/#\\\/schema\\\/person\\\/6f650f90b2842cd4c0cc334b4e36f67e\",\"name\":\"thomas.berner\",\"image\":{\"@type\":\"ImageObject\",\"inLanguage\":\"it-IT\",\"@id\":\"https:\\\/\\\/secure.gravatar.com\\\/avatar\\\/ac5001d2a36cb6c6cd3e50789007ffca834b477b74a2144564522e944eabff61?s=96&d=mm&r=g\",\"url\":\"https:\\\/\\\/secure.gravatar.com\\\/avatar\\\/ac5001d2a36cb6c6cd3e50789007ffca834b477b74a2144564522e944eabff61?s=96&d=mm&r=g\",\"contentUrl\":\"https:\\\/\\\/secure.gravatar.com\\\/avatar\\\/ac5001d2a36cb6c6cd3e50789007ffca834b477b74a2144564522e944eabff61?s=96&d=mm&r=g\",\"caption\":\"thomas.berner\"},\"url\":\"https:\\\/\\\/www.organisator.ch\\\/it\\\/author\\\/thomas-berner\\\/\"}]}<\/script>\n<!-- \/ Yoast SEO plugin. -->","yoast_head_json":{"title":"compenswiss con risultati di investimento negativi nel 2022 - Organizzatore","description":"Il fondo di compensazione AVS\/AI\/OE ha chiuso il 2022 con una performance negativa. \u00c8 stato pari a -12,85%.","robots":{"index":"index","follow":"follow","max-snippet":"max-snippet:-1","max-image-preview":"max-image-preview:large","max-video-preview":"max-video-preview:-1"},"canonical":"https:\/\/www.organisator.ch\/it\/gestione-2\/finanzen_recht\/2023-02-14\/compenswiss-mit-negativen-anlageergebnissen-im-jahr-2022\/","og_locale":"it_IT","og_type":"article","og_title":"compenswiss mit negativen Anlageergebnissen im Jahr 2022","og_description":"Der Ausgleichsfonds AHV\/IV\/EO compenswiss schliesst 2022 mit einer negativen Performance ab. Sie betrug -12.85%.","og_url":"https:\/\/www.organisator.ch\/it\/gestione-2\/finanzen_recht\/2023-02-14\/compenswiss-mit-negativen-anlageergebnissen-im-jahr-2022\/","og_site_name":"Organisator","article_publisher":"https:\/\/www.facebook.com\/OrganisatorFachmagazin","article_published_time":"2023-02-14T09:59:36+00:00","og_image":[{"width":680,"height":485,"url":"https:\/\/www.organisator.ch\/wp-content\/uploads\/2023\/02\/compenswiss-mit-negativen-Anlageergebnissen-im-Jahr-2022_Organisator.jpg","type":"image\/jpeg"}],"author":"thomas.berner","twitter_card":"summary_large_image","twitter_title":"#compenswiss mit negativen #Anlageergebnissen im Jahr 2022","twitter_description":"Der #Ausgleichsfonds AHV\/IV\/EO #compenswiss schliesst 2022 mit einer negativen #Performance ab. Sie betrug -12.85%.","twitter_image":"https:\/\/www.organisator.ch\/wp-content\/uploads\/2023\/02\/compenswiss-mit-negativen-Anlageergebnissen-im-Jahr-2022_Organisator.jpg","schema":{"@context":"https:\/\/schema.org","@graph":[{"@type":"Article","@id":"https:\/\/www.organisator.ch\/management\/finanzen_recht\/2023-02-14\/compenswiss-mit-negativen-anlageergebnissen-im-jahr-2022\/#article","isPartOf":{"@id":"https:\/\/www.organisator.ch\/management\/finanzen_recht\/2023-02-14\/compenswiss-mit-negativen-anlageergebnissen-im-jahr-2022\/"},"author":{"name":"thomas.berner","@id":"https:\/\/www.organisator.ch\/#\/schema\/person\/6f650f90b2842cd4c0cc334b4e36f67e"},"headline":"compenswiss mit negativen Anlageergebnissen im Jahr 2022","datePublished":"2023-02-14T09:59:36+00:00","mainEntityOfPage":{"@id":"https:\/\/www.organisator.ch\/management\/finanzen_recht\/2023-02-14\/compenswiss-mit-negativen-anlageergebnissen-im-jahr-2022\/"},"wordCount":614,"publisher":{"@id":"https:\/\/www.organisator.ch\/#organization"},"image":{"@id":"https:\/\/www.organisator.ch\/management\/finanzen_recht\/2023-02-14\/compenswiss-mit-negativen-anlageergebnissen-im-jahr-2022\/#primaryimage"},"thumbnailUrl":"https:\/\/www.organisator.ch\/wp-content\/uploads\/2023\/02\/compenswiss-mit-negativen-Anlageergebnissen-im-Jahr-2022_Organisator.jpg","keywords":["AHV\/IV\/EO","Finanzen\/Recht","Wirtschaftspolitik"],"articleSection":["FINANZEN\/RECHT"],"inLanguage":"it-IT"},{"@type":"WebPage","@id":"https:\/\/www.organisator.ch\/management\/finanzen_recht\/2023-02-14\/compenswiss-mit-negativen-anlageergebnissen-im-jahr-2022\/","url":"https:\/\/www.organisator.ch\/management\/finanzen_recht\/2023-02-14\/compenswiss-mit-negativen-anlageergebnissen-im-jahr-2022\/","name":"compenswiss con risultati di investimento negativi nel 2022 - Organizzatore","isPartOf":{"@id":"https:\/\/www.organisator.ch\/#website"},"primaryImageOfPage":{"@id":"https:\/\/www.organisator.ch\/management\/finanzen_recht\/2023-02-14\/compenswiss-mit-negativen-anlageergebnissen-im-jahr-2022\/#primaryimage"},"image":{"@id":"https:\/\/www.organisator.ch\/management\/finanzen_recht\/2023-02-14\/compenswiss-mit-negativen-anlageergebnissen-im-jahr-2022\/#primaryimage"},"thumbnailUrl":"https:\/\/www.organisator.ch\/wp-content\/uploads\/2023\/02\/compenswiss-mit-negativen-Anlageergebnissen-im-Jahr-2022_Organisator.jpg","datePublished":"2023-02-14T09:59:36+00:00","description":"Il fondo di compensazione AVS\/AI\/OE ha chiuso il 2022 con una performance negativa. \u00c8 stato pari a -12,85%.","breadcrumb":{"@id":"https:\/\/www.organisator.ch\/management\/finanzen_recht\/2023-02-14\/compenswiss-mit-negativen-anlageergebnissen-im-jahr-2022\/#breadcrumb"},"inLanguage":"it-IT","potentialAction":[{"@type":"ReadAction","target":["https:\/\/www.organisator.ch\/management\/finanzen_recht\/2023-02-14\/compenswiss-mit-negativen-anlageergebnissen-im-jahr-2022\/"]}]},{"@type":"ImageObject","inLanguage":"it-IT","@id":"https:\/\/www.organisator.ch\/management\/finanzen_recht\/2023-02-14\/compenswiss-mit-negativen-anlageergebnissen-im-jahr-2022\/#primaryimage","url":"https:\/\/www.organisator.ch\/wp-content\/uploads\/2023\/02\/compenswiss-mit-negativen-Anlageergebnissen-im-Jahr-2022_Organisator.jpg","contentUrl":"https:\/\/www.organisator.ch\/wp-content\/uploads\/2023\/02\/compenswiss-mit-negativen-Anlageergebnissen-im-Jahr-2022_Organisator.jpg","width":680,"height":485,"caption":"Das Jahr 2022 verlief f\u00fcr compenswiss nicht gut: Die Anlageergebnisse sind negativ. (Bild: Pixabay.com)"},{"@type":"BreadcrumbList","@id":"https:\/\/www.organisator.ch\/management\/finanzen_recht\/2023-02-14\/compenswiss-mit-negativen-anlageergebnissen-im-jahr-2022\/#breadcrumb","itemListElement":[{"@type":"ListItem","position":1,"name":"Home","item":"https:\/\/www.organisator.ch\/"},{"@type":"ListItem","position":2,"name":"compenswiss mit negativen Anlageergebnissen im Jahr 2022"}]},{"@type":"WebSite","@id":"https:\/\/www.organisator.ch\/#website","url":"https:\/\/www.organisator.ch\/","name":"Organizzatore","description":"Competente. Pratico. In 10 numeri all'anno, ORGANISATOR presenta i temi essenziali per i manager delle PMI.","publisher":{"@id":"https:\/\/www.organisator.ch\/#organization"},"potentialAction":[{"@type":"SearchAction","target":{"@type":"EntryPoint","urlTemplate":"https:\/\/www.organisator.ch\/?s={search_term_string}"},"query-input":{"@type":"PropertyValueSpecification","valueRequired":true,"valueName":"search_term_string"}}],"inLanguage":"it-IT"},{"@type":"Organization","@id":"https:\/\/www.organisator.ch\/#organization","name":"Organizzatore","url":"https:\/\/www.organisator.ch\/","logo":{"@type":"ImageObject","inLanguage":"it-IT","@id":"https:\/\/www.organisator.ch\/#\/schema\/logo\/image\/","url":"https:\/\/www.organisator.ch\/wp-content\/uploads\/2022\/01\/Logo_Organisator_Website.png","contentUrl":"https:\/\/www.organisator.ch\/wp-content\/uploads\/2022\/01\/Logo_Organisator_Website.png","width":800,"height":77,"caption":"Organisator"},"image":{"@id":"https:\/\/www.organisator.ch\/#\/schema\/logo\/image\/"},"sameAs":["https:\/\/www.facebook.com\/OrganisatorFachmagazin","https:\/\/www.linkedin.com\/showcase\/organisator-das-magazin-fr-kmu","https:\/\/www.xing.com\/news\/pages\/organisator-ch-695","https:\/\/www.youtube.com\/channel\/UCGP2Sq0iWaZwT3BdIAQFYpw"]},{"@type":"Person","@id":"https:\/\/www.organisator.ch\/#\/schema\/person\/6f650f90b2842cd4c0cc334b4e36f67e","name":"Tommaso.berner","image":{"@type":"ImageObject","inLanguage":"it-IT","@id":"https:\/\/secure.gravatar.com\/avatar\/ac5001d2a36cb6c6cd3e50789007ffca834b477b74a2144564522e944eabff61?s=96&d=mm&r=g","url":"https:\/\/secure.gravatar.com\/avatar\/ac5001d2a36cb6c6cd3e50789007ffca834b477b74a2144564522e944eabff61?s=96&d=mm&r=g","contentUrl":"https:\/\/secure.gravatar.com\/avatar\/ac5001d2a36cb6c6cd3e50789007ffca834b477b74a2144564522e944eabff61?s=96&d=mm&r=g","caption":"thomas.berner"},"url":"https:\/\/www.organisator.ch\/it\/author\/thomas-berner\/"}]}},"_links":{"self":[{"href":"https:\/\/www.organisator.ch\/it\/wp-json\/wp\/v2\/posts\/18792","targetHints":{"allow":["GET"]}}],"collection":[{"href":"https:\/\/www.organisator.ch\/it\/wp-json\/wp\/v2\/posts"}],"about":[{"href":"https:\/\/www.organisator.ch\/it\/wp-json\/wp\/v2\/types\/post"}],"author":[{"embeddable":true,"href":"https:\/\/www.organisator.ch\/it\/wp-json\/wp\/v2\/users\/4"}],"replies":[{"embeddable":true,"href":"https:\/\/www.organisator.ch\/it\/wp-json\/wp\/v2\/comments?post=18792"}],"version-history":[{"count":1,"href":"https:\/\/www.organisator.ch\/it\/wp-json\/wp\/v2\/posts\/18792\/revisions"}],"predecessor-version":[{"id":18794,"href":"https:\/\/www.organisator.ch\/it\/wp-json\/wp\/v2\/posts\/18792\/revisions\/18794"}],"wp:featuredmedia":[{"embeddable":true,"href":"https:\/\/www.organisator.ch\/it\/wp-json\/wp\/v2\/media\/18793"}],"wp:attachment":[{"href":"https:\/\/www.organisator.ch\/it\/wp-json\/wp\/v2\/media?parent=18792"}],"wp:term":[{"taxonomy":"category","embeddable":true,"href":"https:\/\/www.organisator.ch\/it\/wp-json\/wp\/v2\/categories?post=18792"},{"taxonomy":"post_tag","embeddable":true,"href":"https:\/\/www.organisator.ch\/it\/wp-json\/wp\/v2\/tags?post=18792"}],"curies":[{"name":"wp","href":"https:\/\/api.w.org\/{rel}","templated":true}]}}