{"id":188,"date":"2016-01-25T14:20:27","date_gmt":"2016-01-25T13:20:27","guid":{"rendered":"https:\/\/dev.umweltperspektiven.ch\/?p=188"},"modified":"2022-02-09T11:06:59","modified_gmt":"2022-02-09T10:06:59","slug":"2015-bricht-alle-hitzerekorde","status":"publish","type":"post","link":"https:\/\/www.organisator.ch\/it\/sustainability\/2016-01-25\/2015-bricht-alle-hitzerekorde\/","title":{"rendered":"Il 2015 batte tutti i record di calore"},"content":{"rendered":"<figure id=\"attachment_189\" aria-describedby=\"caption-attachment-189\" style=\"width: 680px\" class=\"wp-caption alignnone\"><a href=\"\/\/dev.umweltperspektiven.ch\/wp-content\/uploads\/2016\/12\/2015-bricht-alle-Hitzerekorde-umweltperspektiven.jpg\"><img loading=\"lazy\" decoding=\"async\" class=\"wp-image-189 size-medium\" src=\"\/\/www.umweltperspektiven.ch\/wp-content\/uploads\/2016\/12\/2015-bricht-alle-Hitzerekorde-umweltperspektiven.jpg\" alt=\"Il cambiamento climatico indotto dall&#039;uomo porta con s\u00e9 eventi meteorologici estremi come siccit\u00e0, forti tempeste o inondazioni.\" width=\"680\" height=\"680\" srcset=\"https:\/\/www.organisator.ch\/wp-content\/uploads\/2016\/12\/2015-bricht-alle-Hitzerekorde-umweltperspektiven.jpg 1000w, https:\/\/www.organisator.ch\/wp-content\/uploads\/2016\/12\/2015-bricht-alle-Hitzerekorde-umweltperspektiven-680x680.jpg 680w, https:\/\/www.organisator.ch\/wp-content\/uploads\/2016\/12\/2015-bricht-alle-Hitzerekorde-umweltperspektiven-150x150.jpg 150w, https:\/\/www.organisator.ch\/wp-content\/uploads\/2016\/12\/2015-bricht-alle-Hitzerekorde-umweltperspektiven-768x768.jpg 768w, https:\/\/www.organisator.ch\/wp-content\/uploads\/2016\/12\/2015-bricht-alle-Hitzerekorde-umweltperspektiven-12x12.jpg 12w, https:\/\/www.organisator.ch\/wp-content\/uploads\/2016\/12\/2015-bricht-alle-Hitzerekorde-umweltperspektiven-175x175.jpg 175w, https:\/\/www.organisator.ch\/wp-content\/uploads\/2016\/12\/2015-bricht-alle-Hitzerekorde-umweltperspektiven-350x350.jpg 350w, https:\/\/www.organisator.ch\/wp-content\/uploads\/2016\/12\/2015-bricht-alle-Hitzerekorde-umweltperspektiven-800x800.jpg 800w, https:\/\/www.organisator.ch\/wp-content\/uploads\/2016\/12\/2015-bricht-alle-Hitzerekorde-umweltperspektiven-920x920.jpg 920w, https:\/\/www.organisator.ch\/wp-content\/uploads\/2016\/12\/2015-bricht-alle-Hitzerekorde-umweltperspektiven-250x250.jpg 250w, https:\/\/www.organisator.ch\/wp-content\/uploads\/2016\/12\/2015-bricht-alle-Hitzerekorde-umweltperspektiven-300x300.jpg 300w, https:\/\/www.organisator.ch\/wp-content\/uploads\/2016\/12\/2015-bricht-alle-Hitzerekorde-umweltperspektiven-100x100.jpg 100w\" sizes=\"auto, (max-width: 680px) 100vw, 680px\" \/><\/a><figcaption id=\"caption-attachment-189\" class=\"wp-caption-text\">Il cambiamento climatico indotto dall'uomo porta con s\u00e9 eventi meteorologici estremi come siccit\u00e0, forti tempeste o inondazioni.<\/figcaption><\/figure>\n<p>Mai prima d'ora era stato registrato un anno cos\u00ec caldo come quello passato: secondo l'Organizzazione meteorologica mondiale (WMO), la temperatura media della superficie globale \u00e8 stata di 0,76\u00b0C sopra la media a lungo termine dal 1961 al 1990 e circa 1\u00b0C pi\u00f9 calda che durante il periodo preindustriale.<\/p>\n<p>Questo significa che il 2015 batte il precedente anno record - che era anche poco tempo fa: Era il 2014.<\/p>\n<p>Le temperature record sono state accompagnate da gravi eventi meteorologici: Onde di calore, inondazioni e grave siccit\u00e0.<\/p>\n<p>Lo sviluppo preoccupa il WMO: \"\u00c8 un momento sobrio nella storia umana\", dice il segretario generale del WMO Petteri Taalas. Si appella agli stati per mantenere assolutamente gli impegni di riduzione delle emissioni che hanno preso alla conferenza sul clima di Parigi, perch\u00e9 \"questo \u00e8 l'unico modo per avere qualche possibilit\u00e0 di rimanere entro l'obiettivo dei 2\u00b0C\", dice Taalas.<\/p>\n<p>Ma anche in questo caso, egli vede le prospettive desolate: \"Il cambiamento climatico porter\u00e0 impatti sempre pi\u00f9 negativi per almeno i prossimi cinque decenni. Questo significa che dobbiamo investire non solo nella mitigazione ma anche nell'adattamento. I paesi devono essere rafforzati per essere in grado di emettere preavvisi di catastrofe per minimizzare le perdite umane ed economiche. Il cambiamento climatico aumenta il rischio di disastri legati al clima - e questo \u00e8 un ostacolo allo sviluppo sostenibile\".<\/p>","protected":false},"excerpt":{"rendered":"<p>Noch nie wurde ein so heisses Jahr aufgezeichnet wie das vergangene: Die durchschnittliche globale Oberfl\u00e4chentemperatur war laut der Weltorganisation f\u00fcr Meteorolgie (WMO) im Schnitt 0.76\u00b0C \u00fcber dem langj\u00e4hrigen Durchschnitt von 1961 bis 1990 und rund 1\u00b0C heisser als w\u00e4hrend der vorindustriellen Zeit. Damit schl\u00e4gt das Jahr 2015 das bisherige Rekordjahr &#8211; das auch noch nicht [&hellip;]<\/p>\n","protected":false},"author":1,"featured_media":189,"comment_status":"open","ping_status":"open","sticky":false,"template":"","format":"standard","meta":{"_acf_changed":false,"_yoast_wpseo_focuskw":"Hitzerekorde","_yoast_wpseo_metadesc":"Hitzerekorde: Das Jahr 2015 war global gesehen das heisseste bislang verzeichnete Jahr. Dies hat Auswirkungen.","articlekey":"","footnotes":""},"categories":[580],"tags":[1110,1360,596,2581],"class_list":["post-188","post","type-post","status-publish","format-standard","has-post-thumbnail","hentry","category-sustainability","tag-erderwaermung","tag-hitze","tag-klima","tag-wmo"],"acf":[],"yoast_head":"<!-- This site is optimized with the Yoast SEO plugin v27.5 - https:\/\/yoast.com\/product\/yoast-seo-wordpress\/ -->\n<title>2015 bricht alle Hitzerekorde - Organisator<\/title>\n<meta name=\"description\" content=\"Hitzerekorde: Das Jahr 2015 war global gesehen das heisseste bislang verzeichnete Jahr. Dies hat Auswirkungen.\" \/>\n<meta name=\"robots\" content=\"index, follow, max-snippet:-1, max-image-preview:large, max-video-preview:-1\" \/>\n<link rel=\"canonical\" href=\"https:\/\/www.organisator.ch\/it\/sostenibilita\/2016-01-25\/2015-bricht-alle-hitzerekorde\/\" \/>\n<meta property=\"og:locale\" content=\"it_IT\" \/>\n<meta property=\"og:type\" content=\"article\" \/>\n<meta property=\"og:title\" content=\"2015 bricht alle Hitzerekorde - Organisator\" \/>\n<meta property=\"og:description\" content=\"Hitzerekorde: Das Jahr 2015 war global gesehen das heisseste bislang verzeichnete Jahr. Dies hat Auswirkungen.\" \/>\n<meta property=\"og:url\" content=\"https:\/\/www.organisator.ch\/it\/sostenibilita\/2016-01-25\/2015-bricht-alle-hitzerekorde\/\" \/>\n<meta property=\"og:site_name\" content=\"Organisator\" \/>\n<meta property=\"article:publisher\" content=\"https:\/\/www.facebook.com\/OrganisatorFachmagazin\" \/>\n<meta property=\"article:published_time\" content=\"2016-01-25T13:20:27+00:00\" \/>\n<meta property=\"article:modified_time\" content=\"2022-02-09T10:06:59+00:00\" \/>\n<meta property=\"og:image\" content=\"https:\/\/www.organisator.ch\/wp-content\/uploads\/2016\/12\/2015-bricht-alle-Hitzerekorde-umweltperspektiven.jpg\" \/>\n\t<meta property=\"og:image:width\" content=\"1000\" \/>\n\t<meta property=\"og:image:height\" content=\"1000\" \/>\n\t<meta property=\"og:image:type\" content=\"image\/jpeg\" \/>\n<meta name=\"author\" content=\"admin\" \/>\n<meta name=\"twitter:card\" content=\"summary_large_image\" \/>\n<script type=\"application\/ld+json\" class=\"yoast-schema-graph\">{\"@context\":\"https:\\\/\\\/schema.org\",\"@graph\":[{\"@type\":\"Article\",\"@id\":\"https:\\\/\\\/www.organisator.ch\\\/sustainability\\\/2016-01-25\\\/2015-bricht-alle-hitzerekorde\\\/#article\",\"isPartOf\":{\"@id\":\"https:\\\/\\\/www.organisator.ch\\\/sustainability\\\/2016-01-25\\\/2015-bricht-alle-hitzerekorde\\\/\"},\"author\":{\"name\":\"admin\",\"@id\":\"https:\\\/\\\/www.organisator.ch\\\/#\\\/schema\\\/person\\\/aa2bace6c5c5aad60102004a50c4eb1c\"},\"headline\":\"2015 bricht alle Hitzerekorde\",\"datePublished\":\"2016-01-25T13:20:27+00:00\",\"dateModified\":\"2022-02-09T10:06:59+00:00\",\"mainEntityOfPage\":{\"@id\":\"https:\\\/\\\/www.organisator.ch\\\/sustainability\\\/2016-01-25\\\/2015-bricht-alle-hitzerekorde\\\/\"},\"wordCount\":240,\"commentCount\":0,\"publisher\":{\"@id\":\"https:\\\/\\\/www.organisator.ch\\\/#organization\"},\"image\":{\"@id\":\"https:\\\/\\\/www.organisator.ch\\\/sustainability\\\/2016-01-25\\\/2015-bricht-alle-hitzerekorde\\\/#primaryimage\"},\"thumbnailUrl\":\"https:\\\/\\\/www.organisator.ch\\\/wp-content\\\/uploads\\\/2016\\\/12\\\/2015-bricht-alle-Hitzerekorde-umweltperspektiven.jpg\",\"keywords\":[\"Erderw\u00e4rmung\",\"Hitze\",\"KLIMA\",\"WMO\"],\"articleSection\":[\"SUSTAINABILITY\"],\"inLanguage\":\"it-IT\"},{\"@type\":\"WebPage\",\"@id\":\"https:\\\/\\\/www.organisator.ch\\\/sustainability\\\/2016-01-25\\\/2015-bricht-alle-hitzerekorde\\\/\",\"url\":\"https:\\\/\\\/www.organisator.ch\\\/sustainability\\\/2016-01-25\\\/2015-bricht-alle-hitzerekorde\\\/\",\"name\":\"2015 bricht alle Hitzerekorde - Organisator\",\"isPartOf\":{\"@id\":\"https:\\\/\\\/www.organisator.ch\\\/#website\"},\"primaryImageOfPage\":{\"@id\":\"https:\\\/\\\/www.organisator.ch\\\/sustainability\\\/2016-01-25\\\/2015-bricht-alle-hitzerekorde\\\/#primaryimage\"},\"image\":{\"@id\":\"https:\\\/\\\/www.organisator.ch\\\/sustainability\\\/2016-01-25\\\/2015-bricht-alle-hitzerekorde\\\/#primaryimage\"},\"thumbnailUrl\":\"https:\\\/\\\/www.organisator.ch\\\/wp-content\\\/uploads\\\/2016\\\/12\\\/2015-bricht-alle-Hitzerekorde-umweltperspektiven.jpg\",\"datePublished\":\"2016-01-25T13:20:27+00:00\",\"dateModified\":\"2022-02-09T10:06:59+00:00\",\"description\":\"Hitzerekorde: Das Jahr 2015 war global gesehen das heisseste bislang verzeichnete Jahr. Dies hat Auswirkungen.\",\"breadcrumb\":{\"@id\":\"https:\\\/\\\/www.organisator.ch\\\/sustainability\\\/2016-01-25\\\/2015-bricht-alle-hitzerekorde\\\/#breadcrumb\"},\"inLanguage\":\"it-IT\",\"potentialAction\":[{\"@type\":\"ReadAction\",\"target\":[\"https:\\\/\\\/www.organisator.ch\\\/sustainability\\\/2016-01-25\\\/2015-bricht-alle-hitzerekorde\\\/\"]}]},{\"@type\":\"ImageObject\",\"inLanguage\":\"it-IT\",\"@id\":\"https:\\\/\\\/www.organisator.ch\\\/sustainability\\\/2016-01-25\\\/2015-bricht-alle-hitzerekorde\\\/#primaryimage\",\"url\":\"https:\\\/\\\/www.organisator.ch\\\/wp-content\\\/uploads\\\/2016\\\/12\\\/2015-bricht-alle-Hitzerekorde-umweltperspektiven.jpg\",\"contentUrl\":\"https:\\\/\\\/www.organisator.ch\\\/wp-content\\\/uploads\\\/2016\\\/12\\\/2015-bricht-alle-Hitzerekorde-umweltperspektiven.jpg\",\"width\":1000,\"height\":1000,\"caption\":\"Der menschenbedingte Klimawandel bringt extreme Wetterereignisse wie D\u00fcrren, schwere Unwetter oder \u00dcberschwemmungen mit sich.\"},{\"@type\":\"BreadcrumbList\",\"@id\":\"https:\\\/\\\/www.organisator.ch\\\/sustainability\\\/2016-01-25\\\/2015-bricht-alle-hitzerekorde\\\/#breadcrumb\",\"itemListElement\":[{\"@type\":\"ListItem\",\"position\":1,\"name\":\"Home\",\"item\":\"https:\\\/\\\/www.organisator.ch\\\/\"},{\"@type\":\"ListItem\",\"position\":2,\"name\":\"2015 bricht alle Hitzerekorde\"}]},{\"@type\":\"WebSite\",\"@id\":\"https:\\\/\\\/www.organisator.ch\\\/#website\",\"url\":\"https:\\\/\\\/www.organisator.ch\\\/\",\"name\":\"Organisator\",\"description\":\"Kompetent. Praxisnah. Der ORGANISATOR bereitet in 10 Ausgaben pro Jahr die wesentlichen Themen f\u00fcr F\u00fchrungskr\u00e4fte von KMU auf.\",\"publisher\":{\"@id\":\"https:\\\/\\\/www.organisator.ch\\\/#organization\"},\"potentialAction\":[{\"@type\":\"SearchAction\",\"target\":{\"@type\":\"EntryPoint\",\"urlTemplate\":\"https:\\\/\\\/www.organisator.ch\\\/?s={search_term_string}\"},\"query-input\":{\"@type\":\"PropertyValueSpecification\",\"valueRequired\":true,\"valueName\":\"search_term_string\"}}],\"inLanguage\":\"it-IT\"},{\"@type\":\"Organization\",\"@id\":\"https:\\\/\\\/www.organisator.ch\\\/#organization\",\"name\":\"Organisator\",\"url\":\"https:\\\/\\\/www.organisator.ch\\\/\",\"logo\":{\"@type\":\"ImageObject\",\"inLanguage\":\"it-IT\",\"@id\":\"https:\\\/\\\/www.organisator.ch\\\/#\\\/schema\\\/logo\\\/image\\\/\",\"url\":\"https:\\\/\\\/www.organisator.ch\\\/wp-content\\\/uploads\\\/2022\\\/01\\\/Logo_Organisator_Website.png\",\"contentUrl\":\"https:\\\/\\\/www.organisator.ch\\\/wp-content\\\/uploads\\\/2022\\\/01\\\/Logo_Organisator_Website.png\",\"width\":800,\"height\":77,\"caption\":\"Organisator\"},\"image\":{\"@id\":\"https:\\\/\\\/www.organisator.ch\\\/#\\\/schema\\\/logo\\\/image\\\/\"},\"sameAs\":[\"https:\\\/\\\/www.facebook.com\\\/OrganisatorFachmagazin\",\"https:\\\/\\\/www.linkedin.com\\\/showcase\\\/organisator-das-magazin-fr-kmu\",\"https:\\\/\\\/www.xing.com\\\/news\\\/pages\\\/organisator-ch-695\",\"https:\\\/\\\/www.youtube.com\\\/channel\\\/UCGP2Sq0iWaZwT3BdIAQFYpw\"]},{\"@type\":\"Person\",\"@id\":\"https:\\\/\\\/www.organisator.ch\\\/#\\\/schema\\\/person\\\/aa2bace6c5c5aad60102004a50c4eb1c\",\"name\":\"admin\",\"image\":{\"@type\":\"ImageObject\",\"inLanguage\":\"it-IT\",\"@id\":\"https:\\\/\\\/secure.gravatar.com\\\/avatar\\\/ae2f4d718e6c49043e314ce431e7e645d646302a24a5ef5a8bc8e3f5a032e319?s=96&d=mm&r=g\",\"url\":\"https:\\\/\\\/secure.gravatar.com\\\/avatar\\\/ae2f4d718e6c49043e314ce431e7e645d646302a24a5ef5a8bc8e3f5a032e319?s=96&d=mm&r=g\",\"contentUrl\":\"https:\\\/\\\/secure.gravatar.com\\\/avatar\\\/ae2f4d718e6c49043e314ce431e7e645d646302a24a5ef5a8bc8e3f5a032e319?s=96&d=mm&r=g\",\"caption\":\"admin\"},\"sameAs\":[\"https:\\\/\\\/www.organisator.ch\"],\"url\":\"https:\\\/\\\/www.organisator.ch\\\/it\\\/author\\\/admin\\\/\"}]}<\/script>\n<!-- \/ Yoast SEO plugin. -->","yoast_head_json":{"title":"Il 2015 batte tutti i record di calore - Organizzatore","description":"Record di calore: a livello globale, il 2015 \u00e8 stato l'anno pi\u00f9 caldo mai registrato. Questo ha delle conseguenze.","robots":{"index":"index","follow":"follow","max-snippet":"max-snippet:-1","max-image-preview":"max-image-preview:large","max-video-preview":"max-video-preview:-1"},"canonical":"https:\/\/www.organisator.ch\/it\/sostenibilita\/2016-01-25\/2015-bricht-alle-hitzerekorde\/","og_locale":"it_IT","og_type":"article","og_title":"2015 bricht alle Hitzerekorde - Organisator","og_description":"Hitzerekorde: Das Jahr 2015 war global gesehen das heisseste bislang verzeichnete Jahr. Dies hat Auswirkungen.","og_url":"https:\/\/www.organisator.ch\/it\/sostenibilita\/2016-01-25\/2015-bricht-alle-hitzerekorde\/","og_site_name":"Organisator","article_publisher":"https:\/\/www.facebook.com\/OrganisatorFachmagazin","article_published_time":"2016-01-25T13:20:27+00:00","article_modified_time":"2022-02-09T10:06:59+00:00","og_image":[{"width":1000,"height":1000,"url":"https:\/\/www.organisator.ch\/wp-content\/uploads\/2016\/12\/2015-bricht-alle-Hitzerekorde-umweltperspektiven.jpg","type":"image\/jpeg"}],"author":"admin","twitter_card":"summary_large_image","schema":{"@context":"https:\/\/schema.org","@graph":[{"@type":"Article","@id":"https:\/\/www.organisator.ch\/sustainability\/2016-01-25\/2015-bricht-alle-hitzerekorde\/#article","isPartOf":{"@id":"https:\/\/www.organisator.ch\/sustainability\/2016-01-25\/2015-bricht-alle-hitzerekorde\/"},"author":{"name":"admin","@id":"https:\/\/www.organisator.ch\/#\/schema\/person\/aa2bace6c5c5aad60102004a50c4eb1c"},"headline":"2015 bricht alle Hitzerekorde","datePublished":"2016-01-25T13:20:27+00:00","dateModified":"2022-02-09T10:06:59+00:00","mainEntityOfPage":{"@id":"https:\/\/www.organisator.ch\/sustainability\/2016-01-25\/2015-bricht-alle-hitzerekorde\/"},"wordCount":240,"commentCount":0,"publisher":{"@id":"https:\/\/www.organisator.ch\/#organization"},"image":{"@id":"https:\/\/www.organisator.ch\/sustainability\/2016-01-25\/2015-bricht-alle-hitzerekorde\/#primaryimage"},"thumbnailUrl":"https:\/\/www.organisator.ch\/wp-content\/uploads\/2016\/12\/2015-bricht-alle-Hitzerekorde-umweltperspektiven.jpg","keywords":["Erderw\u00e4rmung","Hitze","KLIMA","WMO"],"articleSection":["SUSTAINABILITY"],"inLanguage":"it-IT"},{"@type":"WebPage","@id":"https:\/\/www.organisator.ch\/sustainability\/2016-01-25\/2015-bricht-alle-hitzerekorde\/","url":"https:\/\/www.organisator.ch\/sustainability\/2016-01-25\/2015-bricht-alle-hitzerekorde\/","name":"Il 2015 batte tutti i record di calore - Organizzatore","isPartOf":{"@id":"https:\/\/www.organisator.ch\/#website"},"primaryImageOfPage":{"@id":"https:\/\/www.organisator.ch\/sustainability\/2016-01-25\/2015-bricht-alle-hitzerekorde\/#primaryimage"},"image":{"@id":"https:\/\/www.organisator.ch\/sustainability\/2016-01-25\/2015-bricht-alle-hitzerekorde\/#primaryimage"},"thumbnailUrl":"https:\/\/www.organisator.ch\/wp-content\/uploads\/2016\/12\/2015-bricht-alle-Hitzerekorde-umweltperspektiven.jpg","datePublished":"2016-01-25T13:20:27+00:00","dateModified":"2022-02-09T10:06:59+00:00","description":"Record di calore: a livello globale, il 2015 \u00e8 stato l'anno pi\u00f9 caldo mai registrato. Questo ha delle conseguenze.","breadcrumb":{"@id":"https:\/\/www.organisator.ch\/sustainability\/2016-01-25\/2015-bricht-alle-hitzerekorde\/#breadcrumb"},"inLanguage":"it-IT","potentialAction":[{"@type":"ReadAction","target":["https:\/\/www.organisator.ch\/sustainability\/2016-01-25\/2015-bricht-alle-hitzerekorde\/"]}]},{"@type":"ImageObject","inLanguage":"it-IT","@id":"https:\/\/www.organisator.ch\/sustainability\/2016-01-25\/2015-bricht-alle-hitzerekorde\/#primaryimage","url":"https:\/\/www.organisator.ch\/wp-content\/uploads\/2016\/12\/2015-bricht-alle-Hitzerekorde-umweltperspektiven.jpg","contentUrl":"https:\/\/www.organisator.ch\/wp-content\/uploads\/2016\/12\/2015-bricht-alle-Hitzerekorde-umweltperspektiven.jpg","width":1000,"height":1000,"caption":"Der menschenbedingte Klimawandel bringt extreme Wetterereignisse wie D\u00fcrren, schwere Unwetter oder \u00dcberschwemmungen mit sich."},{"@type":"BreadcrumbList","@id":"https:\/\/www.organisator.ch\/sustainability\/2016-01-25\/2015-bricht-alle-hitzerekorde\/#breadcrumb","itemListElement":[{"@type":"ListItem","position":1,"name":"Home","item":"https:\/\/www.organisator.ch\/"},{"@type":"ListItem","position":2,"name":"2015 bricht alle Hitzerekorde"}]},{"@type":"WebSite","@id":"https:\/\/www.organisator.ch\/#website","url":"https:\/\/www.organisator.ch\/","name":"Organizzatore","description":"Competente. Pratico. In 10 numeri all'anno, ORGANISATOR presenta i temi essenziali per i manager delle PMI.","publisher":{"@id":"https:\/\/www.organisator.ch\/#organization"},"potentialAction":[{"@type":"SearchAction","target":{"@type":"EntryPoint","urlTemplate":"https:\/\/www.organisator.ch\/?s={search_term_string}"},"query-input":{"@type":"PropertyValueSpecification","valueRequired":true,"valueName":"search_term_string"}}],"inLanguage":"it-IT"},{"@type":"Organization","@id":"https:\/\/www.organisator.ch\/#organization","name":"Organizzatore","url":"https:\/\/www.organisator.ch\/","logo":{"@type":"ImageObject","inLanguage":"it-IT","@id":"https:\/\/www.organisator.ch\/#\/schema\/logo\/image\/","url":"https:\/\/www.organisator.ch\/wp-content\/uploads\/2022\/01\/Logo_Organisator_Website.png","contentUrl":"https:\/\/www.organisator.ch\/wp-content\/uploads\/2022\/01\/Logo_Organisator_Website.png","width":800,"height":77,"caption":"Organisator"},"image":{"@id":"https:\/\/www.organisator.ch\/#\/schema\/logo\/image\/"},"sameAs":["https:\/\/www.facebook.com\/OrganisatorFachmagazin","https:\/\/www.linkedin.com\/showcase\/organisator-das-magazin-fr-kmu","https:\/\/www.xing.com\/news\/pages\/organisator-ch-695","https:\/\/www.youtube.com\/channel\/UCGP2Sq0iWaZwT3BdIAQFYpw"]},{"@type":"Person","@id":"https:\/\/www.organisator.ch\/#\/schema\/person\/aa2bace6c5c5aad60102004a50c4eb1c","name":"amministratore","image":{"@type":"ImageObject","inLanguage":"it-IT","@id":"https:\/\/secure.gravatar.com\/avatar\/ae2f4d718e6c49043e314ce431e7e645d646302a24a5ef5a8bc8e3f5a032e319?s=96&d=mm&r=g","url":"https:\/\/secure.gravatar.com\/avatar\/ae2f4d718e6c49043e314ce431e7e645d646302a24a5ef5a8bc8e3f5a032e319?s=96&d=mm&r=g","contentUrl":"https:\/\/secure.gravatar.com\/avatar\/ae2f4d718e6c49043e314ce431e7e645d646302a24a5ef5a8bc8e3f5a032e319?s=96&d=mm&r=g","caption":"admin"},"sameAs":["https:\/\/www.organisator.ch"],"url":"https:\/\/www.organisator.ch\/it\/author\/admin\/"}]}},"_links":{"self":[{"href":"https:\/\/www.organisator.ch\/it\/wp-json\/wp\/v2\/posts\/188","targetHints":{"allow":["GET"]}}],"collection":[{"href":"https:\/\/www.organisator.ch\/it\/wp-json\/wp\/v2\/posts"}],"about":[{"href":"https:\/\/www.organisator.ch\/it\/wp-json\/wp\/v2\/types\/post"}],"author":[{"embeddable":true,"href":"https:\/\/www.organisator.ch\/it\/wp-json\/wp\/v2\/users\/1"}],"replies":[{"embeddable":true,"href":"https:\/\/www.organisator.ch\/it\/wp-json\/wp\/v2\/comments?post=188"}],"version-history":[{"count":1,"href":"https:\/\/www.organisator.ch\/it\/wp-json\/wp\/v2\/posts\/188\/revisions"}],"predecessor-version":[{"id":10763,"href":"https:\/\/www.organisator.ch\/it\/wp-json\/wp\/v2\/posts\/188\/revisions\/10763"}],"wp:featuredmedia":[{"embeddable":true,"href":"https:\/\/www.organisator.ch\/it\/wp-json\/wp\/v2\/media\/189"}],"wp:attachment":[{"href":"https:\/\/www.organisator.ch\/it\/wp-json\/wp\/v2\/media?parent=188"}],"wp:term":[{"taxonomy":"category","embeddable":true,"href":"https:\/\/www.organisator.ch\/it\/wp-json\/wp\/v2\/categories?post=188"},{"taxonomy":"post_tag","embeddable":true,"href":"https:\/\/www.organisator.ch\/it\/wp-json\/wp\/v2\/tags?post=188"}],"curies":[{"name":"wp","href":"https:\/\/api.w.org\/{rel}","templated":true}]}}