{"id":1884,"date":"2018-10-30T10:37:52","date_gmt":"2018-10-30T09:37:52","guid":{"rendered":"https:\/\/www.umweltperspektiven.ch\/?p=1884"},"modified":"2022-02-09T11:06:53","modified_gmt":"2022-02-09T10:06:53","slug":"warum-die-kleine-eiszeit-mitte-des-19-jahrhunderts-endete","status":"publish","type":"post","link":"https:\/\/www.organisator.ch\/it\/sustainability\/2018-10-30\/warum-die-kleine-eiszeit-mitte-des-19-jahrhunderts-endete\/","title":{"rendered":"Perch\u00e9 la Piccola Era Glaciale \u00e8 finita a met\u00e0 del 19\u00b0 secolo"},"content":{"rendered":"<figure id=\"attachment_1886\" aria-describedby=\"caption-attachment-1886\" style=\"width: 680px\" class=\"wp-caption alignnone\"><img loading=\"lazy\" decoding=\"async\" class=\"size-medium wp-image-1886\" src=\"\/\/www.umweltperspektiven.ch\/wp-content\/uploads\/2018\/10\/eiszeit_russ-umweltperspektiven-up.jpg\" alt=\"\" width=\"680\" height=\"453\" srcset=\"https:\/\/www.organisator.ch\/wp-content\/uploads\/2018\/10\/eiszeit_russ-umweltperspektiven-up.jpg 2500w, https:\/\/www.organisator.ch\/wp-content\/uploads\/2018\/10\/eiszeit_russ-umweltperspektiven-up-680x453.jpg 680w, https:\/\/www.organisator.ch\/wp-content\/uploads\/2018\/10\/eiszeit_russ-umweltperspektiven-up-1024x683.jpg 1024w, https:\/\/www.organisator.ch\/wp-content\/uploads\/2018\/10\/eiszeit_russ-umweltperspektiven-up-768x512.jpg 768w, https:\/\/www.organisator.ch\/wp-content\/uploads\/2018\/10\/eiszeit_russ-umweltperspektiven-up-1536x1024.jpg 1536w, https:\/\/www.organisator.ch\/wp-content\/uploads\/2018\/10\/eiszeit_russ-umweltperspektiven-up-2048x1366.jpg 2048w, https:\/\/www.organisator.ch\/wp-content\/uploads\/2018\/10\/eiszeit_russ-umweltperspektiven-up-18x12.jpg 18w, https:\/\/www.organisator.ch\/wp-content\/uploads\/2018\/10\/eiszeit_russ-umweltperspektiven-up-262x175.jpg 262w, https:\/\/www.organisator.ch\/wp-content\/uploads\/2018\/10\/eiszeit_russ-umweltperspektiven-up-525x350.jpg 525w, https:\/\/www.organisator.ch\/wp-content\/uploads\/2018\/10\/eiszeit_russ-umweltperspektiven-up-1200x800.jpg 1200w, https:\/\/www.organisator.ch\/wp-content\/uploads\/2018\/10\/eiszeit_russ-umweltperspektiven-up-920x613.jpg 920w, https:\/\/www.organisator.ch\/wp-content\/uploads\/2018\/10\/eiszeit_russ-umweltperspektiven-up-1400x934.jpg 1400w, https:\/\/www.organisator.ch\/wp-content\/uploads\/2018\/10\/eiszeit_russ-umweltperspektiven-up-300x200.jpg 300w\" sizes=\"auto, (max-width: 680px) 100vw, 680px\" \/><figcaption id=\"caption-attachment-1886\" class=\"wp-caption-text\">Il campo dei ricercatori nel 2015 sul Colle Gnifetti, a sud-est di Zermatt. (Immagine: PSI\/ Michael Sigl)<\/figcaption><\/figure>\n<p>Le ragioni che hanno contribuito alla Piccola Era Glaciale, il raffreddamento della Terra, sono ormai note. I risultati sono stati pubblicati nell'ottobre 2018 sulla rivista scientifica The Cryosphere. Nella prima met\u00e0 del XIX secolo, una serie di grandi eruzioni vulcaniche ai tropici ha portato a un temporaneo raffreddamento globale del clima della Terra.<\/p>\n<p>Nei resoconti scientifici popolari, le immagini dei ghiacciai alpini degli anni 1850 sono spesso usate come confronto per visualizzare il cambiamento climatico causato dall'uomo. Tuttavia, questo \u00e8 sbagliato, i ricercatori hanno ora dimostrato utilizzando i dati delle carote di ghiaccio. Gli scienziati guidati da Michael Sigl del Paul Scherrer Institute PSI hanno analizzato la composizione dell'aria archiviata nelle diverse profondit\u00e0 del ghiaccio e, in particolare, la quantit\u00e0 di fuliggine industriale.<\/p>\n<p>Hanno cos\u00ec creato la prima serie ininterrotta di dati per l'Europa centrale sulla quantit\u00e0 di fuliggine industriale nell'atmosfera per il periodo dal 1740 ad oggi.<\/p>\n<p><strong>Eruzioni vulcaniche ai tropici<\/strong><\/p>\n<p>Questi dati mostrano chiaramente che la fuliggine industriale difficilmente pu\u00f2 essere responsabile dello scioglimento dei ghiacciai alpini in quel periodo, che avvenne principalmente tra il 1850 e il 1875. \"Nel 1875, circa l'80% del ritiro del ghiacciaio in quel momento era gi\u00e0 stato completato\", dice Sigl. Ma fu solo nel 1875 che la quantit\u00e0 di fuliggine industriale in Europa centrale super\u00f2 quella naturalmente presente nell'atmosfera. \"Solo nell'ultimo 20% del ritiro la fuliggine potrebbe aver avuto un'influenza\", chiarisce Sigl.<\/p>\n<p>&nbsp;<\/p>\n<figure id=\"attachment_1885\" aria-describedby=\"caption-attachment-1885\" style=\"width: 680px\" class=\"wp-caption alignnone\"><img loading=\"lazy\" decoding=\"async\" class=\"size-medium wp-image-1885\" src=\"\/\/www.umweltperspektiven.ch\/wp-content\/uploads\/2018\/10\/eisstange-up-umweltperspektiven.jpg\" alt=\"\" width=\"680\" height=\"907\" \/><figcaption id=\"caption-attachment-1885\" class=\"wp-caption-text\">L'analisi del ghiaccio glaciale fornisce dati completi dal 1740 ad oggi sulla fuliggine industriale. <span class=\"imageCaption\">La chimica Margit Schwikowski con una carota di ghiaccio al Colle Gnifetti.<\/span>(Immagine: PSI\/Beat Gerber)<\/figcaption><\/figure>\n<p>La prima met\u00e0 del XIX secolo fu segnata da diverse grandi eruzioni vulcaniche ai tropici, le cui particelle di zolfo espulse portarono ad un temporaneo raffreddamento globale. Durante questa ultima fase fredda della cosiddetta Piccola Era Glaciale, i ghiacciai alpini crebbero di nuovo fortemente fino alla met\u00e0 del XIX secolo. Finora si pensava che il loro declino a partire dagli anni 1860 fosse dovuto anche all'inizio dell'industrializzazione. Ma i risultati del PSI ora confutano chiaramente questa teoria:<\/p>\n<p>Era (inizialmente) solo un declino alla precedente estensione indisturbata del ghiacciaio.<\/p>\n<p><strong>Il 1850 non \u00e8 adatto come anno di riferimento per i modelli climatici<\/strong><\/p>\n<p>\"La questione di quando inizia l'influenza umana sul clima rimane aperta\", dice Sigl. E questo inizio, dimostra questo studio, non \u00e8 necessariamente un valore di riferimento adatto per i modelli climatici a causa di altri fattori. Sigl ritiene che gli anni 1750 siano pi\u00f9 adatti come tempo di riferimento pre-industriale, cio\u00e8 un tempo prima della Piccola Era Glaciale. Finora, il 1750 \u00e8 stato anche preso come anno di riferimento ogni volta che i dati scarsi dei secoli passati lo rendono possibile, quando i modelli climatici sono utilizzati per confrontare i dati del periodo pre-industriale con quelli dopo l'inizio dell'industrializzazione. \"Questo ha senso, perch\u00e9 ora vediamo chiaramente nei nostri dati che il clima della met\u00e0 del 19\u00b0 secolo non era quello primario\".<\/p>\n<p><strong>I futuri modelli climatici tengono conto dei dati sulla fuliggine<br \/>\n<\/strong><\/p>\n<p><strong>\u00a0<\/strong>Nei calcoli dei modelli sul cambiamento climatico, il corso temporale della quantit\u00e0 di fuliggine nell'atmosfera \u00e8 anche incluso come una delle tante variabili. \"Finora, tuttavia, i modellatori hanno usato una stima della rispettiva quantit\u00e0 di fuliggine\", dice Sigl. Soprattutto per il XIX secolo, questo si basa solo su stime approssimative delle singole nazioni industriali basate sul consumo di energia dell'epoca. Per la seconda met\u00e0 del XIX secolo, \u00e8 stato finora ipotizzato un aumento lineare della quantit\u00e0 di fuliggine nell'atmosfera, dice Sigl. Il fatto che questo non corrisponda alla realt\u00e0 pu\u00f2 ora essere dimostrato grazie alle indagini sulle carote di ghiaccio di Sigl e dei suoi co-ricercatori.<\/p>\n<p>I ricercatori sostengono quindi che i dati sperimentali sulla fuliggine siano inclusi nei calcoli dei modelli futuri. Questi modelli, a loro volta, formano una parte importante del rapporto che l'IPCC, noto come Intergovernmental Panel on Climate Change, pubblica circa ogni sette anni.<\/p>\n<p>\"Nel rapporto dell'IPCC, i calcoli dei modelli che riproducono matematicamente il clima dal 1850 hanno un ruolo centrale\", sottolinea Margit Schwikowski, capo del progetto in cui \u00e8 stata condotta la ricerca. \"Con la nostra ricerca, abbiamo ora contribuito al fatto che i gruppi scientifici che creano tali modelli climatici potranno attingere a dati sperimentali nel campo della fuliggine industriale\".<\/p>\n<p><a href=\"\/\/www.psi.ch\">http:\/\/www.psi.ch<\/a><\/p>\n<p><em>\u00a0<\/em><\/p>","protected":false},"excerpt":{"rendered":"<p>Die Gr\u00fcnde, wleche zur Kleinen Eiszeit, zur Abk\u00fchlung der Erde beitrugen sind nun bekannt. Die Ergebnisse wurden im Oktober 2018 in der wissenschaftlichen Fachzeitschrift The Cryosphere ver\u00f6ffentlicht. In der ersten H\u00e4lfte des 19. Jahrhunderts f\u00fchrte eine Serie grosser Vulkanausbr\u00fcche in den Tropen zu einer vor\u00fcbergehenden globalen Abk\u00fchlung des Erdklimas. In popul\u00e4rwissenschaftlichen Darstellungen werden oft Bilder [&hellip;]<\/p>\n","protected":false},"author":5,"featured_media":1886,"comment_status":"open","ping_status":"open","sticky":false,"template":"","format":"standard","meta":{"_acf_changed":false,"_yoast_wpseo_focuskw":"Kleinen Eiszeit","_yoast_wpseo_metadesc":"Dass in dieser sogenannten Kleinen Eiszeit die Alpengletscher wuchsen und anschliessend wieder zur\u00fcckgingen, war ein nat\u00fcrlicher Prozess.","articlekey":"","footnotes":""},"categories":[580],"tags":[1026,1298,1511,1529,452],"class_list":["post-1884","post","type-post","status-publish","format-standard","has-post-thumbnail","hentry","category-sustainability","tag-eiszeit","tag-gletscherschmelze","tag-klimaforschung","tag-klimatebellen","tag-statistik"],"acf":[],"yoast_head":"<!-- This site is optimized with the Yoast SEO plugin v27.4 - https:\/\/yoast.com\/product\/yoast-seo-wordpress\/ -->\n<title>Warum die Kleine Eiszeit Mitte des 19. Jahrhunderts endete - Organisator<\/title>\n<meta name=\"description\" content=\"Dass in dieser sogenannten Kleinen Eiszeit die Alpengletscher wuchsen und anschliessend wieder zur\u00fcckgingen, war ein nat\u00fcrlicher Prozess.\" \/>\n<meta name=\"robots\" content=\"index, follow, max-snippet:-1, max-image-preview:large, max-video-preview:-1\" \/>\n<link rel=\"canonical\" href=\"https:\/\/www.organisator.ch\/it\/sostenibilita\/2018-10-30\/warum-die-kleine-eiszeit-mitte-des-19-jahrhunderts-endete\/\" \/>\n<meta property=\"og:locale\" content=\"it_IT\" \/>\n<meta property=\"og:type\" content=\"article\" \/>\n<meta property=\"og:title\" content=\"Warum die Kleine Eiszeit Mitte des 19. Jahrhunderts endete - Organisator\" \/>\n<meta property=\"og:description\" content=\"Dass in dieser sogenannten Kleinen Eiszeit die Alpengletscher wuchsen und anschliessend wieder zur\u00fcckgingen, war ein nat\u00fcrlicher Prozess.\" \/>\n<meta property=\"og:url\" content=\"https:\/\/www.organisator.ch\/it\/sostenibilita\/2018-10-30\/warum-die-kleine-eiszeit-mitte-des-19-jahrhunderts-endete\/\" \/>\n<meta property=\"og:site_name\" content=\"Organisator\" \/>\n<meta property=\"article:publisher\" content=\"https:\/\/www.facebook.com\/OrganisatorFachmagazin\" \/>\n<meta property=\"article:published_time\" content=\"2018-10-30T09:37:52+00:00\" \/>\n<meta property=\"article:modified_time\" content=\"2022-02-09T10:06:53+00:00\" \/>\n<meta property=\"og:image\" content=\"https:\/\/www.organisator.ch\/wp-content\/uploads\/2018\/10\/eiszeit_russ-umweltperspektiven-up.jpg\" \/>\n\t<meta property=\"og:image:width\" content=\"2500\" \/>\n\t<meta property=\"og:image:height\" content=\"1667\" \/>\n\t<meta property=\"og:image:type\" content=\"image\/jpeg\" \/>\n<meta name=\"author\" content=\"michael.merz\" \/>\n<meta name=\"twitter:card\" content=\"summary_large_image\" \/>\n<script type=\"application\/ld+json\" class=\"yoast-schema-graph\">{\"@context\":\"https:\\\/\\\/schema.org\",\"@graph\":[{\"@type\":\"Article\",\"@id\":\"https:\\\/\\\/www.organisator.ch\\\/sustainability\\\/2018-10-30\\\/warum-die-kleine-eiszeit-mitte-des-19-jahrhunderts-endete\\\/#article\",\"isPartOf\":{\"@id\":\"https:\\\/\\\/www.organisator.ch\\\/sustainability\\\/2018-10-30\\\/warum-die-kleine-eiszeit-mitte-des-19-jahrhunderts-endete\\\/\"},\"author\":{\"name\":\"michael.merz\",\"@id\":\"https:\\\/\\\/www.organisator.ch\\\/#\\\/schema\\\/person\\\/134708ca9321c57b0362cceb7948ffbd\"},\"headline\":\"Warum die Kleine Eiszeit Mitte des 19. Jahrhunderts endete\",\"datePublished\":\"2018-10-30T09:37:52+00:00\",\"dateModified\":\"2022-02-09T10:06:53+00:00\",\"mainEntityOfPage\":{\"@id\":\"https:\\\/\\\/www.organisator.ch\\\/sustainability\\\/2018-10-30\\\/warum-die-kleine-eiszeit-mitte-des-19-jahrhunderts-endete\\\/\"},\"wordCount\":723,\"commentCount\":0,\"publisher\":{\"@id\":\"https:\\\/\\\/www.organisator.ch\\\/#organization\"},\"image\":{\"@id\":\"https:\\\/\\\/www.organisator.ch\\\/sustainability\\\/2018-10-30\\\/warum-die-kleine-eiszeit-mitte-des-19-jahrhunderts-endete\\\/#primaryimage\"},\"thumbnailUrl\":\"https:\\\/\\\/www.organisator.ch\\\/wp-content\\\/uploads\\\/2018\\\/10\\\/eiszeit_russ-umweltperspektiven-up.jpg\",\"keywords\":[\"Eiszeit\",\"Gletscherschmelze\",\"Klimaforschung\",\"Klimatebellen\",\"Statistik\"],\"articleSection\":[\"SUSTAINABILITY\"],\"inLanguage\":\"it-IT\"},{\"@type\":\"WebPage\",\"@id\":\"https:\\\/\\\/www.organisator.ch\\\/sustainability\\\/2018-10-30\\\/warum-die-kleine-eiszeit-mitte-des-19-jahrhunderts-endete\\\/\",\"url\":\"https:\\\/\\\/www.organisator.ch\\\/sustainability\\\/2018-10-30\\\/warum-die-kleine-eiszeit-mitte-des-19-jahrhunderts-endete\\\/\",\"name\":\"Warum die Kleine Eiszeit Mitte des 19. Jahrhunderts endete - Organisator\",\"isPartOf\":{\"@id\":\"https:\\\/\\\/www.organisator.ch\\\/#website\"},\"primaryImageOfPage\":{\"@id\":\"https:\\\/\\\/www.organisator.ch\\\/sustainability\\\/2018-10-30\\\/warum-die-kleine-eiszeit-mitte-des-19-jahrhunderts-endete\\\/#primaryimage\"},\"image\":{\"@id\":\"https:\\\/\\\/www.organisator.ch\\\/sustainability\\\/2018-10-30\\\/warum-die-kleine-eiszeit-mitte-des-19-jahrhunderts-endete\\\/#primaryimage\"},\"thumbnailUrl\":\"https:\\\/\\\/www.organisator.ch\\\/wp-content\\\/uploads\\\/2018\\\/10\\\/eiszeit_russ-umweltperspektiven-up.jpg\",\"datePublished\":\"2018-10-30T09:37:52+00:00\",\"dateModified\":\"2022-02-09T10:06:53+00:00\",\"description\":\"Dass in dieser sogenannten Kleinen Eiszeit die Alpengletscher wuchsen und anschliessend wieder zur\u00fcckgingen, war ein nat\u00fcrlicher Prozess.\",\"breadcrumb\":{\"@id\":\"https:\\\/\\\/www.organisator.ch\\\/sustainability\\\/2018-10-30\\\/warum-die-kleine-eiszeit-mitte-des-19-jahrhunderts-endete\\\/#breadcrumb\"},\"inLanguage\":\"it-IT\",\"potentialAction\":[{\"@type\":\"ReadAction\",\"target\":[\"https:\\\/\\\/www.organisator.ch\\\/sustainability\\\/2018-10-30\\\/warum-die-kleine-eiszeit-mitte-des-19-jahrhunderts-endete\\\/\"]}]},{\"@type\":\"ImageObject\",\"inLanguage\":\"it-IT\",\"@id\":\"https:\\\/\\\/www.organisator.ch\\\/sustainability\\\/2018-10-30\\\/warum-die-kleine-eiszeit-mitte-des-19-jahrhunderts-endete\\\/#primaryimage\",\"url\":\"https:\\\/\\\/www.organisator.ch\\\/wp-content\\\/uploads\\\/2018\\\/10\\\/eiszeit_russ-umweltperspektiven-up.jpg\",\"contentUrl\":\"https:\\\/\\\/www.organisator.ch\\\/wp-content\\\/uploads\\\/2018\\\/10\\\/eiszeit_russ-umweltperspektiven-up.jpg\",\"width\":2500,\"height\":1667,\"caption\":\"Das Camp der Forschenden im Jahr 2015 auf dem s\u00fcd\u00f6stlich von Zermatt gelegenen Colle Gnifetti. (Bild: PSI\\\/ Michael Sigl)\"},{\"@type\":\"BreadcrumbList\",\"@id\":\"https:\\\/\\\/www.organisator.ch\\\/sustainability\\\/2018-10-30\\\/warum-die-kleine-eiszeit-mitte-des-19-jahrhunderts-endete\\\/#breadcrumb\",\"itemListElement\":[{\"@type\":\"ListItem\",\"position\":1,\"name\":\"Home\",\"item\":\"https:\\\/\\\/www.organisator.ch\\\/\"},{\"@type\":\"ListItem\",\"position\":2,\"name\":\"Warum die Kleine Eiszeit Mitte des 19. Jahrhunderts endete\"}]},{\"@type\":\"WebSite\",\"@id\":\"https:\\\/\\\/www.organisator.ch\\\/#website\",\"url\":\"https:\\\/\\\/www.organisator.ch\\\/\",\"name\":\"Organisator\",\"description\":\"Kompetent. Praxisnah. Der ORGANISATOR bereitet in 10 Ausgaben pro Jahr die wesentlichen Themen f\u00fcr F\u00fchrungskr\u00e4fte von KMU auf.\",\"publisher\":{\"@id\":\"https:\\\/\\\/www.organisator.ch\\\/#organization\"},\"potentialAction\":[{\"@type\":\"SearchAction\",\"target\":{\"@type\":\"EntryPoint\",\"urlTemplate\":\"https:\\\/\\\/www.organisator.ch\\\/?s={search_term_string}\"},\"query-input\":{\"@type\":\"PropertyValueSpecification\",\"valueRequired\":true,\"valueName\":\"search_term_string\"}}],\"inLanguage\":\"it-IT\"},{\"@type\":\"Organization\",\"@id\":\"https:\\\/\\\/www.organisator.ch\\\/#organization\",\"name\":\"Organisator\",\"url\":\"https:\\\/\\\/www.organisator.ch\\\/\",\"logo\":{\"@type\":\"ImageObject\",\"inLanguage\":\"it-IT\",\"@id\":\"https:\\\/\\\/www.organisator.ch\\\/#\\\/schema\\\/logo\\\/image\\\/\",\"url\":\"https:\\\/\\\/www.organisator.ch\\\/wp-content\\\/uploads\\\/2022\\\/01\\\/Logo_Organisator_Website.png\",\"contentUrl\":\"https:\\\/\\\/www.organisator.ch\\\/wp-content\\\/uploads\\\/2022\\\/01\\\/Logo_Organisator_Website.png\",\"width\":800,\"height\":77,\"caption\":\"Organisator\"},\"image\":{\"@id\":\"https:\\\/\\\/www.organisator.ch\\\/#\\\/schema\\\/logo\\\/image\\\/\"},\"sameAs\":[\"https:\\\/\\\/www.facebook.com\\\/OrganisatorFachmagazin\",\"https:\\\/\\\/www.linkedin.com\\\/showcase\\\/organisator-das-magazin-fr-kmu\",\"https:\\\/\\\/www.xing.com\\\/news\\\/pages\\\/organisator-ch-695\",\"https:\\\/\\\/www.youtube.com\\\/channel\\\/UCGP2Sq0iWaZwT3BdIAQFYpw\"]},{\"@type\":\"Person\",\"@id\":\"https:\\\/\\\/www.organisator.ch\\\/#\\\/schema\\\/person\\\/134708ca9321c57b0362cceb7948ffbd\",\"name\":\"michael.merz\",\"image\":{\"@type\":\"ImageObject\",\"inLanguage\":\"it-IT\",\"@id\":\"https:\\\/\\\/secure.gravatar.com\\\/avatar\\\/?s=96&d=mm&r=g\",\"url\":\"https:\\\/\\\/secure.gravatar.com\\\/avatar\\\/?s=96&d=mm&r=g\",\"contentUrl\":\"https:\\\/\\\/secure.gravatar.com\\\/avatar\\\/?s=96&d=mm&r=g\",\"caption\":\"michael.merz\"},\"url\":\"https:\\\/\\\/www.organisator.ch\\\/it\\\/author\\\/michael-merz\\\/\"}]}<\/script>\n<!-- \/ Yoast SEO plugin. -->","yoast_head_json":{"title":"Perch\u00e9 la Piccola Era Glaciale si \u00e8 conclusa a met\u00e0 del XIX secolo - Organizzatore","description":"Il fatto che i ghiacciai alpini siano cresciuti e poi si siano ritirati durante la cosiddetta Piccola Era Glaciale \u00e8 un processo naturale.","robots":{"index":"index","follow":"follow","max-snippet":"max-snippet:-1","max-image-preview":"max-image-preview:large","max-video-preview":"max-video-preview:-1"},"canonical":"https:\/\/www.organisator.ch\/it\/sostenibilita\/2018-10-30\/warum-die-kleine-eiszeit-mitte-des-19-jahrhunderts-endete\/","og_locale":"it_IT","og_type":"article","og_title":"Warum die Kleine Eiszeit Mitte des 19. Jahrhunderts endete - Organisator","og_description":"Dass in dieser sogenannten Kleinen Eiszeit die Alpengletscher wuchsen und anschliessend wieder zur\u00fcckgingen, war ein nat\u00fcrlicher Prozess.","og_url":"https:\/\/www.organisator.ch\/it\/sostenibilita\/2018-10-30\/warum-die-kleine-eiszeit-mitte-des-19-jahrhunderts-endete\/","og_site_name":"Organisator","article_publisher":"https:\/\/www.facebook.com\/OrganisatorFachmagazin","article_published_time":"2018-10-30T09:37:52+00:00","article_modified_time":"2022-02-09T10:06:53+00:00","og_image":[{"width":2500,"height":1667,"url":"https:\/\/www.organisator.ch\/wp-content\/uploads\/2018\/10\/eiszeit_russ-umweltperspektiven-up.jpg","type":"image\/jpeg"}],"author":"michael.merz","twitter_card":"summary_large_image","schema":{"@context":"https:\/\/schema.org","@graph":[{"@type":"Article","@id":"https:\/\/www.organisator.ch\/sustainability\/2018-10-30\/warum-die-kleine-eiszeit-mitte-des-19-jahrhunderts-endete\/#article","isPartOf":{"@id":"https:\/\/www.organisator.ch\/sustainability\/2018-10-30\/warum-die-kleine-eiszeit-mitte-des-19-jahrhunderts-endete\/"},"author":{"name":"michael.merz","@id":"https:\/\/www.organisator.ch\/#\/schema\/person\/134708ca9321c57b0362cceb7948ffbd"},"headline":"Warum die Kleine Eiszeit Mitte des 19. Jahrhunderts endete","datePublished":"2018-10-30T09:37:52+00:00","dateModified":"2022-02-09T10:06:53+00:00","mainEntityOfPage":{"@id":"https:\/\/www.organisator.ch\/sustainability\/2018-10-30\/warum-die-kleine-eiszeit-mitte-des-19-jahrhunderts-endete\/"},"wordCount":723,"commentCount":0,"publisher":{"@id":"https:\/\/www.organisator.ch\/#organization"},"image":{"@id":"https:\/\/www.organisator.ch\/sustainability\/2018-10-30\/warum-die-kleine-eiszeit-mitte-des-19-jahrhunderts-endete\/#primaryimage"},"thumbnailUrl":"https:\/\/www.organisator.ch\/wp-content\/uploads\/2018\/10\/eiszeit_russ-umweltperspektiven-up.jpg","keywords":["Eiszeit","Gletscherschmelze","Klimaforschung","Klimatebellen","Statistik"],"articleSection":["SUSTAINABILITY"],"inLanguage":"it-IT"},{"@type":"WebPage","@id":"https:\/\/www.organisator.ch\/sustainability\/2018-10-30\/warum-die-kleine-eiszeit-mitte-des-19-jahrhunderts-endete\/","url":"https:\/\/www.organisator.ch\/sustainability\/2018-10-30\/warum-die-kleine-eiszeit-mitte-des-19-jahrhunderts-endete\/","name":"Perch\u00e9 la Piccola Era Glaciale si \u00e8 conclusa a met\u00e0 del XIX secolo - Organizzatore","isPartOf":{"@id":"https:\/\/www.organisator.ch\/#website"},"primaryImageOfPage":{"@id":"https:\/\/www.organisator.ch\/sustainability\/2018-10-30\/warum-die-kleine-eiszeit-mitte-des-19-jahrhunderts-endete\/#primaryimage"},"image":{"@id":"https:\/\/www.organisator.ch\/sustainability\/2018-10-30\/warum-die-kleine-eiszeit-mitte-des-19-jahrhunderts-endete\/#primaryimage"},"thumbnailUrl":"https:\/\/www.organisator.ch\/wp-content\/uploads\/2018\/10\/eiszeit_russ-umweltperspektiven-up.jpg","datePublished":"2018-10-30T09:37:52+00:00","dateModified":"2022-02-09T10:06:53+00:00","description":"Il fatto che i ghiacciai alpini siano cresciuti e poi si siano ritirati durante la cosiddetta Piccola Era Glaciale \u00e8 un processo naturale.","breadcrumb":{"@id":"https:\/\/www.organisator.ch\/sustainability\/2018-10-30\/warum-die-kleine-eiszeit-mitte-des-19-jahrhunderts-endete\/#breadcrumb"},"inLanguage":"it-IT","potentialAction":[{"@type":"ReadAction","target":["https:\/\/www.organisator.ch\/sustainability\/2018-10-30\/warum-die-kleine-eiszeit-mitte-des-19-jahrhunderts-endete\/"]}]},{"@type":"ImageObject","inLanguage":"it-IT","@id":"https:\/\/www.organisator.ch\/sustainability\/2018-10-30\/warum-die-kleine-eiszeit-mitte-des-19-jahrhunderts-endete\/#primaryimage","url":"https:\/\/www.organisator.ch\/wp-content\/uploads\/2018\/10\/eiszeit_russ-umweltperspektiven-up.jpg","contentUrl":"https:\/\/www.organisator.ch\/wp-content\/uploads\/2018\/10\/eiszeit_russ-umweltperspektiven-up.jpg","width":2500,"height":1667,"caption":"Das Camp der Forschenden im Jahr 2015 auf dem s\u00fcd\u00f6stlich von Zermatt gelegenen Colle Gnifetti. (Bild: PSI\/ Michael Sigl)"},{"@type":"BreadcrumbList","@id":"https:\/\/www.organisator.ch\/sustainability\/2018-10-30\/warum-die-kleine-eiszeit-mitte-des-19-jahrhunderts-endete\/#breadcrumb","itemListElement":[{"@type":"ListItem","position":1,"name":"Home","item":"https:\/\/www.organisator.ch\/"},{"@type":"ListItem","position":2,"name":"Warum die Kleine Eiszeit Mitte des 19. Jahrhunderts endete"}]},{"@type":"WebSite","@id":"https:\/\/www.organisator.ch\/#website","url":"https:\/\/www.organisator.ch\/","name":"Organizzatore","description":"Competente. Pratico. In 10 numeri all'anno, ORGANISATOR presenta i temi essenziali per i manager delle PMI.","publisher":{"@id":"https:\/\/www.organisator.ch\/#organization"},"potentialAction":[{"@type":"SearchAction","target":{"@type":"EntryPoint","urlTemplate":"https:\/\/www.organisator.ch\/?s={search_term_string}"},"query-input":{"@type":"PropertyValueSpecification","valueRequired":true,"valueName":"search_term_string"}}],"inLanguage":"it-IT"},{"@type":"Organization","@id":"https:\/\/www.organisator.ch\/#organization","name":"Organizzatore","url":"https:\/\/www.organisator.ch\/","logo":{"@type":"ImageObject","inLanguage":"it-IT","@id":"https:\/\/www.organisator.ch\/#\/schema\/logo\/image\/","url":"https:\/\/www.organisator.ch\/wp-content\/uploads\/2022\/01\/Logo_Organisator_Website.png","contentUrl":"https:\/\/www.organisator.ch\/wp-content\/uploads\/2022\/01\/Logo_Organisator_Website.png","width":800,"height":77,"caption":"Organisator"},"image":{"@id":"https:\/\/www.organisator.ch\/#\/schema\/logo\/image\/"},"sameAs":["https:\/\/www.facebook.com\/OrganisatorFachmagazin","https:\/\/www.linkedin.com\/showcase\/organisator-das-magazin-fr-kmu","https:\/\/www.xing.com\/news\/pages\/organisator-ch-695","https:\/\/www.youtube.com\/channel\/UCGP2Sq0iWaZwT3BdIAQFYpw"]},{"@type":"Person","@id":"https:\/\/www.organisator.ch\/#\/schema\/person\/134708ca9321c57b0362cceb7948ffbd","name":"michael.merz","image":{"@type":"ImageObject","inLanguage":"it-IT","@id":"https:\/\/secure.gravatar.com\/avatar\/?s=96&d=mm&r=g","url":"https:\/\/secure.gravatar.com\/avatar\/?s=96&d=mm&r=g","contentUrl":"https:\/\/secure.gravatar.com\/avatar\/?s=96&d=mm&r=g","caption":"michael.merz"},"url":"https:\/\/www.organisator.ch\/it\/author\/michael-merz\/"}]}},"_links":{"self":[{"href":"https:\/\/www.organisator.ch\/it\/wp-json\/wp\/v2\/posts\/1884","targetHints":{"allow":["GET"]}}],"collection":[{"href":"https:\/\/www.organisator.ch\/it\/wp-json\/wp\/v2\/posts"}],"about":[{"href":"https:\/\/www.organisator.ch\/it\/wp-json\/wp\/v2\/types\/post"}],"author":[{"embeddable":true,"href":"https:\/\/www.organisator.ch\/it\/wp-json\/wp\/v2\/users\/5"}],"replies":[{"embeddable":true,"href":"https:\/\/www.organisator.ch\/it\/wp-json\/wp\/v2\/comments?post=1884"}],"version-history":[{"count":1,"href":"https:\/\/www.organisator.ch\/it\/wp-json\/wp\/v2\/posts\/1884\/revisions"}],"predecessor-version":[{"id":10707,"href":"https:\/\/www.organisator.ch\/it\/wp-json\/wp\/v2\/posts\/1884\/revisions\/10707"}],"wp:featuredmedia":[{"embeddable":true,"href":"https:\/\/www.organisator.ch\/it\/wp-json\/wp\/v2\/media\/1886"}],"wp:attachment":[{"href":"https:\/\/www.organisator.ch\/it\/wp-json\/wp\/v2\/media?parent=1884"}],"wp:term":[{"taxonomy":"category","embeddable":true,"href":"https:\/\/www.organisator.ch\/it\/wp-json\/wp\/v2\/categories?post=1884"},{"taxonomy":"post_tag","embeddable":true,"href":"https:\/\/www.organisator.ch\/it\/wp-json\/wp\/v2\/tags?post=1884"}],"curies":[{"name":"wp","href":"https:\/\/api.w.org\/{rel}","templated":true}]}}