{"id":18939,"date":"2023-02-21T14:50:54","date_gmt":"2023-02-21T13:50:54","guid":{"rendered":"https:\/\/www.organisator.ch\/?p=18939"},"modified":"2023-03-08T08:40:33","modified_gmt":"2023-03-08T07:40:33","slug":"die-selbstwirksamkeit-erhoehen","status":"publish","type":"post","link":"https:\/\/www.organisator.ch\/it\/human-resources\/2023-02-21\/die-selbstwirksamkeit-erhoehen\/","title":{"rendered":"Aumentare l'autoefficacia"},"content":{"rendered":"<figure id=\"attachment_18940\" aria-describedby=\"caption-attachment-18940\" style=\"width: 680px\" class=\"wp-caption alignnone\"><img loading=\"lazy\" decoding=\"async\" class=\"size-full wp-image-18940\" src=\"https:\/\/www.organisator.ch\/wp-content\/uploads\/2023\/02\/Die-Selbstwirksamkeit-erhoehen_Organisator.jpg\" alt=\"\" width=\"680\" height=\"381\" srcset=\"https:\/\/www.organisator.ch\/wp-content\/uploads\/2023\/02\/Die-Selbstwirksamkeit-erhoehen_Organisator.jpg 680w, https:\/\/www.organisator.ch\/wp-content\/uploads\/2023\/02\/Die-Selbstwirksamkeit-erhoehen_Organisator-18x10.jpg 18w, https:\/\/www.organisator.ch\/wp-content\/uploads\/2023\/02\/Die-Selbstwirksamkeit-erhoehen_Organisator-375x210.jpg 375w, https:\/\/www.organisator.ch\/wp-content\/uploads\/2023\/02\/Die-Selbstwirksamkeit-erhoehen_Organisator-625x350.jpg 625w\" sizes=\"auto, (max-width: 680px) 100vw, 680px\" \/><figcaption id=\"caption-attachment-18940\" class=\"wp-caption-text\">Affrontare nuove sfide con coraggio. \u00c8 questo che dovremmo imparare: a rimanere lavoratori attraenti e a dominare la nostra vita con successo. (Immagine: Pixabay.com)<\/figcaption><\/figure>\n<p>Le persone sono diverse. Ne facciamo esperienza ogni giorno, sia a livello professionale che privato. Per esempio, notiamo che di fronte a nuove sfide, alcune donne e uomini pensano subito: non sono in grado di farlo. Di conseguenza, affrontano il compito in modo demotivato e le loro possibilit\u00e0 di successo sono di conseguenza basse. Altri, invece, all'inizio pensano: \"Oh, che paura\". Ma poi: In qualche modo ce la far\u00f2. Quindi affrontano il compito con entusiasmo. Di solito con successo, anche perch\u00e9 non gettano subito la spugna dopo il primo tentativo fallito.<\/p>\n<h3>Nuove competenze chiave: professionali e private<\/h3>\n<p>Questa fiducia sta diventando sempre pi\u00f9 importante. Perch\u00e9 nel nostro mondo moderno ci troviamo costantemente di fronte a nuove sfide. Diventa quindi una competenza chiave affrontarle in modo adeguato. Anche le aziende lo hanno capito. Si aspettano sempre pi\u00f9 che i loro dipendenti affrontino nuove sfide e le padroneggino; inoltre, si aspettano che acquisiscano le competenze necessarie (in futuro) di propria iniziativa. O, per dirla in altro modo: vogliono che i loro dipendenti siano pi\u00f9 auto-efficaci.<\/p>\n<p>Secondo le ricerche del teorico canadese dell'apprendimento Albert Bandura, purtroppo scomparso nel 2021, la nostra autoefficacia \u00e8 alimentata da quattro fonti:<\/p>\n<ol>\n<li><em>Esperienza personale: <\/em>Sono molto importanti. Perch\u00e9 chi ha ripetutamente acquisito l'esperienza \"posso risolvere compiti difficili\" ha anche la sicurezza di farlo con quelli nuovi.<\/li>\n<li><em> Modelli di ruolo: <\/em>Se una persona osserva un'altra persona che risolve un compito difficile, pu\u00f2 anche aumentare la sua fiducia in se stessa, secondo la massima: \"Se ce la fa quella persona, posso farcela anch'io!<\/li>\n<li><em> Supporto: <\/em>Anche la consapevolezza che \"quando le cose si fanno difficili, ho dei sostenitori\" \u00e8 incoraggiante.<\/li>\n<li><em> Reazioni ed emozioni: <\/em>Le persone deducono le loro capacit\u00e0 dalle loro reazioni fisiche. Per esempio, se sentono il cuore accelerare durante un compito, spesso pensano immediatamente: Non posso farlo. \u00c8 quindi importante essere in grado di analizzare: La mia reazione \u00e8 adeguata al compito?<\/li>\n<\/ol>\n<h3>Aumentare l'autoefficacia passo dopo passo<\/h3>\n<p>Chi vuole aumentare la propria autoefficacia dovrebbe quindi porsi regolarmente delle sfide in cui inizialmente si sospetta che questo compito possa essere troppo impegnativo per me. Perch\u00e9 \u00e8 qui che si cresce.<\/p>\n<p>\u00c8 opportuno considerare il compito come un progetto e analizzarlo per primo: Quali sottoattivit\u00e0 sono associate ad esso? Poi si pu\u00f2 stabilire perch\u00e9 si rifugge da certe sottoattivit\u00e0. Ad esempio, perch\u00e9 non abbiamo esperienza in questo campo? Una volta stabilito questo, possiamo organizzare il supporto necessario. Inoltre, dai sotto-obiettivi possiamo ricavare i sotto-obiettivi che devono essere raggiunti nel percorso verso il grande obiettivo.<\/p>\n<p>La definizione di sotto-obiettivi \u00e8 importante nel caso in cui si raggiunga solo parzialmente l'obiettivo del progetto. In tal caso, possiamo utilizzare i sotto-obiettivi raggiunti per determinare quali sotto-obiettivi abbiamo risolto a meraviglia e quali no. Possiamo quindi mettere in prospettiva il nostro \"fallimento\". Inoltre, possiamo analizzare quali nuove competenze abbiamo acquisito e dove c'\u00e8 ancora bisogno di imparare.<\/p>\n<p>Se procediamo in questo modo quando affrontiamo compiti impegnativi, entriamo in una spirale di apprendimento che porta a una costante espansione della nostra competenza e autoefficacia.<\/p>\n<p><em><strong>All'autore:<br \/>\n<\/strong>Joachim Simon, Braunschweig, \u00e8 un formatore e relatore di leadership specializzato nel tema della (auto)leadership (<a href=\"http:\/\/www.joachimsimon.info\">www.joachimsimon.info<\/a>). Tra le altre cose, \u00e8 autore del libro \"Autoresponsabilit\u00e0 in azienda\" e cofondatore dell'app di (auto)leadership coaching Mindshine (www.mindshine.app). Ha inoltre pubblicato<a href=\"https:\/\/www.organisator.ch\/de\/management\/2022-07-21\/hochqualifizierte-selbstbewusste-mitarbeiter-fuehren\/\"> questo articolo<\/a>.<\/em><\/p>","protected":false},"excerpt":{"rendered":"<p>Menschen sind verschieden. Diese Erfahrung sammeln wir t\u00e4glich \u2013 beruflich und privat. So registrieren wir zum Beispiel, dass manche Frauen und M\u00e4nner bei neuen Herausforderungen sofort denken: Das kann ich nicht. Entsprechend unmotiviert gehen sie die Aufgabe an und entsprechend gering sind ihre Erfolgsaussichten. Andere hingegen denken bei derselben Herausforderung zwar zun\u00e4chst auch: Oh Schreck. [&hellip;]<\/p>\n","protected":false},"author":4,"featured_media":18940,"comment_status":"closed","ping_status":"closed","sticky":false,"template":"","format":"standard","meta":{"_acf_changed":false,"_yoast_wpseo_focuskw":"Selbstwirksamkeit","_yoast_wpseo_metadesc":"Neue Herausforderungen beherzt anpacken: Mit mehr Selbstwirksamkeit k\u00f6nnen wir lernen, unser Leben mit Erfolg zu meistern.","articlekey":"","footnotes":""},"categories":[579],"tags":[208,254,429],"class_list":["post-18939","post","type-post","status-publish","format-standard","has-post-thumbnail","hentry","category-human-resources","tag-fit-im-job","tag-hrm","tag-selbstmanagement"],"acf":[],"yoast_head":"<!-- This site is optimized with the Yoast SEO plugin v27.5 - https:\/\/yoast.com\/product\/yoast-seo-wordpress\/ -->\n<title>Die Selbstwirksamkeit erh\u00f6hen - Organisator<\/title>\n<meta name=\"description\" content=\"Neue Herausforderungen beherzt anpacken: Mit mehr Selbstwirksamkeit k\u00f6nnen wir lernen, unser Leben mit Erfolg zu meistern.\" \/>\n<meta name=\"robots\" content=\"index, follow, max-snippet:-1, max-image-preview:large, max-video-preview:-1\" \/>\n<link rel=\"canonical\" href=\"https:\/\/www.organisator.ch\/it\/risorse-umane\/2023-02-21\/die-selbstwirksamkeit-erhoehen\/\" \/>\n<meta property=\"og:locale\" content=\"it_IT\" \/>\n<meta property=\"og:type\" content=\"article\" \/>\n<meta property=\"og:title\" content=\"Die Selbstwirksamkeit erh\u00f6hen\" \/>\n<meta property=\"og:description\" content=\"Neue Herausforderungen beherzt anpacken: Mit mehr Selbstwirksamkeit k\u00f6nnen wir lernen, unser Leben mit Erfolg zu meistern.\" \/>\n<meta property=\"og:url\" content=\"https:\/\/www.organisator.ch\/it\/risorse-umane\/2023-02-21\/die-selbstwirksamkeit-erhoehen\/\" \/>\n<meta property=\"og:site_name\" content=\"Organisator\" \/>\n<meta property=\"article:publisher\" content=\"https:\/\/www.facebook.com\/OrganisatorFachmagazin\" \/>\n<meta property=\"article:published_time\" content=\"2023-02-21T13:50:54+00:00\" \/>\n<meta property=\"article:modified_time\" content=\"2023-03-08T07:40:33+00:00\" \/>\n<meta property=\"og:image\" content=\"https:\/\/www.organisator.ch\/wp-content\/uploads\/2023\/02\/Die-Selbstwirksamkeit-erhoehen_Organisator.jpg\" \/>\n\t<meta property=\"og:image:width\" content=\"680\" \/>\n\t<meta property=\"og:image:height\" content=\"381\" \/>\n\t<meta property=\"og:image:type\" content=\"image\/jpeg\" \/>\n<meta name=\"author\" content=\"thomas.berner\" \/>\n<meta name=\"twitter:card\" content=\"summary_large_image\" \/>\n<meta name=\"twitter:title\" content=\"Die #Selbstwirksamkeit erh\u00f6hen\" \/>\n<meta name=\"twitter:description\" content=\"Neue #Herausforderungen beherzt anpacken: Mit mehr #Selbstwirksamkeit k\u00f6nnen wir lernen, unser Leben mit Erfolg zu meistern.\" \/>\n<meta name=\"twitter:image\" content=\"https:\/\/www.organisator.ch\/wp-content\/uploads\/2023\/02\/Die-Selbstwirksamkeit-erhoehen_Organisator.jpg\" \/>\n<script type=\"application\/ld+json\" class=\"yoast-schema-graph\">{\"@context\":\"https:\\\/\\\/schema.org\",\"@graph\":[{\"@type\":\"Article\",\"@id\":\"https:\\\/\\\/www.organisator.ch\\\/human-resources\\\/2023-02-21\\\/die-selbstwirksamkeit-erhoehen\\\/#article\",\"isPartOf\":{\"@id\":\"https:\\\/\\\/www.organisator.ch\\\/human-resources\\\/2023-02-21\\\/die-selbstwirksamkeit-erhoehen\\\/\"},\"author\":{\"name\":\"thomas.berner\",\"@id\":\"https:\\\/\\\/www.organisator.ch\\\/#\\\/schema\\\/person\\\/6f650f90b2842cd4c0cc334b4e36f67e\"},\"headline\":\"Die Selbstwirksamkeit erh\u00f6hen\",\"datePublished\":\"2023-02-21T13:50:54+00:00\",\"dateModified\":\"2023-03-08T07:40:33+00:00\",\"mainEntityOfPage\":{\"@id\":\"https:\\\/\\\/www.organisator.ch\\\/human-resources\\\/2023-02-21\\\/die-selbstwirksamkeit-erhoehen\\\/\"},\"wordCount\":592,\"publisher\":{\"@id\":\"https:\\\/\\\/www.organisator.ch\\\/#organization\"},\"image\":{\"@id\":\"https:\\\/\\\/www.organisator.ch\\\/human-resources\\\/2023-02-21\\\/die-selbstwirksamkeit-erhoehen\\\/#primaryimage\"},\"thumbnailUrl\":\"https:\\\/\\\/www.organisator.ch\\\/wp-content\\\/uploads\\\/2023\\\/02\\\/Die-Selbstwirksamkeit-erhoehen_Organisator.jpg\",\"keywords\":[\"Fit im Job\",\"HRM\",\"Selbstmanagement\"],\"articleSection\":[\"HUMAN RESOURCES\"],\"inLanguage\":\"it-IT\"},{\"@type\":\"WebPage\",\"@id\":\"https:\\\/\\\/www.organisator.ch\\\/human-resources\\\/2023-02-21\\\/die-selbstwirksamkeit-erhoehen\\\/\",\"url\":\"https:\\\/\\\/www.organisator.ch\\\/human-resources\\\/2023-02-21\\\/die-selbstwirksamkeit-erhoehen\\\/\",\"name\":\"Die Selbstwirksamkeit erh\u00f6hen - Organisator\",\"isPartOf\":{\"@id\":\"https:\\\/\\\/www.organisator.ch\\\/#website\"},\"primaryImageOfPage\":{\"@id\":\"https:\\\/\\\/www.organisator.ch\\\/human-resources\\\/2023-02-21\\\/die-selbstwirksamkeit-erhoehen\\\/#primaryimage\"},\"image\":{\"@id\":\"https:\\\/\\\/www.organisator.ch\\\/human-resources\\\/2023-02-21\\\/die-selbstwirksamkeit-erhoehen\\\/#primaryimage\"},\"thumbnailUrl\":\"https:\\\/\\\/www.organisator.ch\\\/wp-content\\\/uploads\\\/2023\\\/02\\\/Die-Selbstwirksamkeit-erhoehen_Organisator.jpg\",\"datePublished\":\"2023-02-21T13:50:54+00:00\",\"dateModified\":\"2023-03-08T07:40:33+00:00\",\"description\":\"Neue Herausforderungen beherzt anpacken: Mit mehr Selbstwirksamkeit k\u00f6nnen wir lernen, unser Leben mit Erfolg zu meistern.\",\"breadcrumb\":{\"@id\":\"https:\\\/\\\/www.organisator.ch\\\/human-resources\\\/2023-02-21\\\/die-selbstwirksamkeit-erhoehen\\\/#breadcrumb\"},\"inLanguage\":\"it-IT\",\"potentialAction\":[{\"@type\":\"ReadAction\",\"target\":[\"https:\\\/\\\/www.organisator.ch\\\/human-resources\\\/2023-02-21\\\/die-selbstwirksamkeit-erhoehen\\\/\"]}]},{\"@type\":\"ImageObject\",\"inLanguage\":\"it-IT\",\"@id\":\"https:\\\/\\\/www.organisator.ch\\\/human-resources\\\/2023-02-21\\\/die-selbstwirksamkeit-erhoehen\\\/#primaryimage\",\"url\":\"https:\\\/\\\/www.organisator.ch\\\/wp-content\\\/uploads\\\/2023\\\/02\\\/Die-Selbstwirksamkeit-erhoehen_Organisator.jpg\",\"contentUrl\":\"https:\\\/\\\/www.organisator.ch\\\/wp-content\\\/uploads\\\/2023\\\/02\\\/Die-Selbstwirksamkeit-erhoehen_Organisator.jpg\",\"width\":680,\"height\":381,\"caption\":\"Neue Herausforderungen beherzt anpacken. Das sollten wir lernen \u2013 um attraktive Arbeitskr\u00e4fte zu bleiben und unser Leben mit Erfolg zu meistern. (Bild: Pixabay.com)\"},{\"@type\":\"BreadcrumbList\",\"@id\":\"https:\\\/\\\/www.organisator.ch\\\/human-resources\\\/2023-02-21\\\/die-selbstwirksamkeit-erhoehen\\\/#breadcrumb\",\"itemListElement\":[{\"@type\":\"ListItem\",\"position\":1,\"name\":\"Home\",\"item\":\"https:\\\/\\\/www.organisator.ch\\\/\"},{\"@type\":\"ListItem\",\"position\":2,\"name\":\"Die Selbstwirksamkeit erh\u00f6hen\"}]},{\"@type\":\"WebSite\",\"@id\":\"https:\\\/\\\/www.organisator.ch\\\/#website\",\"url\":\"https:\\\/\\\/www.organisator.ch\\\/\",\"name\":\"Organisator\",\"description\":\"Kompetent. Praxisnah. Der ORGANISATOR bereitet in 10 Ausgaben pro Jahr die wesentlichen Themen f\u00fcr F\u00fchrungskr\u00e4fte von KMU auf.\",\"publisher\":{\"@id\":\"https:\\\/\\\/www.organisator.ch\\\/#organization\"},\"potentialAction\":[{\"@type\":\"SearchAction\",\"target\":{\"@type\":\"EntryPoint\",\"urlTemplate\":\"https:\\\/\\\/www.organisator.ch\\\/?s={search_term_string}\"},\"query-input\":{\"@type\":\"PropertyValueSpecification\",\"valueRequired\":true,\"valueName\":\"search_term_string\"}}],\"inLanguage\":\"it-IT\"},{\"@type\":\"Organization\",\"@id\":\"https:\\\/\\\/www.organisator.ch\\\/#organization\",\"name\":\"Organisator\",\"url\":\"https:\\\/\\\/www.organisator.ch\\\/\",\"logo\":{\"@type\":\"ImageObject\",\"inLanguage\":\"it-IT\",\"@id\":\"https:\\\/\\\/www.organisator.ch\\\/#\\\/schema\\\/logo\\\/image\\\/\",\"url\":\"https:\\\/\\\/www.organisator.ch\\\/wp-content\\\/uploads\\\/2022\\\/01\\\/Logo_Organisator_Website.png\",\"contentUrl\":\"https:\\\/\\\/www.organisator.ch\\\/wp-content\\\/uploads\\\/2022\\\/01\\\/Logo_Organisator_Website.png\",\"width\":800,\"height\":77,\"caption\":\"Organisator\"},\"image\":{\"@id\":\"https:\\\/\\\/www.organisator.ch\\\/#\\\/schema\\\/logo\\\/image\\\/\"},\"sameAs\":[\"https:\\\/\\\/www.facebook.com\\\/OrganisatorFachmagazin\",\"https:\\\/\\\/www.linkedin.com\\\/showcase\\\/organisator-das-magazin-fr-kmu\",\"https:\\\/\\\/www.xing.com\\\/news\\\/pages\\\/organisator-ch-695\",\"https:\\\/\\\/www.youtube.com\\\/channel\\\/UCGP2Sq0iWaZwT3BdIAQFYpw\"]},{\"@type\":\"Person\",\"@id\":\"https:\\\/\\\/www.organisator.ch\\\/#\\\/schema\\\/person\\\/6f650f90b2842cd4c0cc334b4e36f67e\",\"name\":\"thomas.berner\",\"image\":{\"@type\":\"ImageObject\",\"inLanguage\":\"it-IT\",\"@id\":\"https:\\\/\\\/secure.gravatar.com\\\/avatar\\\/ac5001d2a36cb6c6cd3e50789007ffca834b477b74a2144564522e944eabff61?s=96&d=mm&r=g\",\"url\":\"https:\\\/\\\/secure.gravatar.com\\\/avatar\\\/ac5001d2a36cb6c6cd3e50789007ffca834b477b74a2144564522e944eabff61?s=96&d=mm&r=g\",\"contentUrl\":\"https:\\\/\\\/secure.gravatar.com\\\/avatar\\\/ac5001d2a36cb6c6cd3e50789007ffca834b477b74a2144564522e944eabff61?s=96&d=mm&r=g\",\"caption\":\"thomas.berner\"},\"url\":\"https:\\\/\\\/www.organisator.ch\\\/it\\\/author\\\/thomas-berner\\\/\"}]}<\/script>\n<!-- \/ Yoast SEO plugin. -->","yoast_head_json":{"title":"Aumentare l'autoefficacia - Organizzatore","description":"Affrontare nuove sfide con coraggio: Con una maggiore autoefficacia, possiamo imparare a dominare la nostra vita con successo.","robots":{"index":"index","follow":"follow","max-snippet":"max-snippet:-1","max-image-preview":"max-image-preview:large","max-video-preview":"max-video-preview:-1"},"canonical":"https:\/\/www.organisator.ch\/it\/risorse-umane\/2023-02-21\/die-selbstwirksamkeit-erhoehen\/","og_locale":"it_IT","og_type":"article","og_title":"Die Selbstwirksamkeit erh\u00f6hen","og_description":"Neue Herausforderungen beherzt anpacken: Mit mehr Selbstwirksamkeit k\u00f6nnen wir lernen, unser Leben mit Erfolg zu meistern.","og_url":"https:\/\/www.organisator.ch\/it\/risorse-umane\/2023-02-21\/die-selbstwirksamkeit-erhoehen\/","og_site_name":"Organisator","article_publisher":"https:\/\/www.facebook.com\/OrganisatorFachmagazin","article_published_time":"2023-02-21T13:50:54+00:00","article_modified_time":"2023-03-08T07:40:33+00:00","og_image":[{"width":680,"height":381,"url":"https:\/\/www.organisator.ch\/wp-content\/uploads\/2023\/02\/Die-Selbstwirksamkeit-erhoehen_Organisator.jpg","type":"image\/jpeg"}],"author":"thomas.berner","twitter_card":"summary_large_image","twitter_title":"Die #Selbstwirksamkeit erh\u00f6hen","twitter_description":"Neue #Herausforderungen beherzt anpacken: Mit mehr #Selbstwirksamkeit k\u00f6nnen wir lernen, unser Leben mit Erfolg zu meistern.","twitter_image":"https:\/\/www.organisator.ch\/wp-content\/uploads\/2023\/02\/Die-Selbstwirksamkeit-erhoehen_Organisator.jpg","schema":{"@context":"https:\/\/schema.org","@graph":[{"@type":"Article","@id":"https:\/\/www.organisator.ch\/human-resources\/2023-02-21\/die-selbstwirksamkeit-erhoehen\/#article","isPartOf":{"@id":"https:\/\/www.organisator.ch\/human-resources\/2023-02-21\/die-selbstwirksamkeit-erhoehen\/"},"author":{"name":"thomas.berner","@id":"https:\/\/www.organisator.ch\/#\/schema\/person\/6f650f90b2842cd4c0cc334b4e36f67e"},"headline":"Die Selbstwirksamkeit erh\u00f6hen","datePublished":"2023-02-21T13:50:54+00:00","dateModified":"2023-03-08T07:40:33+00:00","mainEntityOfPage":{"@id":"https:\/\/www.organisator.ch\/human-resources\/2023-02-21\/die-selbstwirksamkeit-erhoehen\/"},"wordCount":592,"publisher":{"@id":"https:\/\/www.organisator.ch\/#organization"},"image":{"@id":"https:\/\/www.organisator.ch\/human-resources\/2023-02-21\/die-selbstwirksamkeit-erhoehen\/#primaryimage"},"thumbnailUrl":"https:\/\/www.organisator.ch\/wp-content\/uploads\/2023\/02\/Die-Selbstwirksamkeit-erhoehen_Organisator.jpg","keywords":["Fit im Job","HRM","Selbstmanagement"],"articleSection":["HUMAN RESOURCES"],"inLanguage":"it-IT"},{"@type":"WebPage","@id":"https:\/\/www.organisator.ch\/human-resources\/2023-02-21\/die-selbstwirksamkeit-erhoehen\/","url":"https:\/\/www.organisator.ch\/human-resources\/2023-02-21\/die-selbstwirksamkeit-erhoehen\/","name":"Aumentare l'autoefficacia - Organizzatore","isPartOf":{"@id":"https:\/\/www.organisator.ch\/#website"},"primaryImageOfPage":{"@id":"https:\/\/www.organisator.ch\/human-resources\/2023-02-21\/die-selbstwirksamkeit-erhoehen\/#primaryimage"},"image":{"@id":"https:\/\/www.organisator.ch\/human-resources\/2023-02-21\/die-selbstwirksamkeit-erhoehen\/#primaryimage"},"thumbnailUrl":"https:\/\/www.organisator.ch\/wp-content\/uploads\/2023\/02\/Die-Selbstwirksamkeit-erhoehen_Organisator.jpg","datePublished":"2023-02-21T13:50:54+00:00","dateModified":"2023-03-08T07:40:33+00:00","description":"Affrontare nuove sfide con coraggio: Con una maggiore autoefficacia, possiamo imparare a dominare la nostra vita con successo.","breadcrumb":{"@id":"https:\/\/www.organisator.ch\/human-resources\/2023-02-21\/die-selbstwirksamkeit-erhoehen\/#breadcrumb"},"inLanguage":"it-IT","potentialAction":[{"@type":"ReadAction","target":["https:\/\/www.organisator.ch\/human-resources\/2023-02-21\/die-selbstwirksamkeit-erhoehen\/"]}]},{"@type":"ImageObject","inLanguage":"it-IT","@id":"https:\/\/www.organisator.ch\/human-resources\/2023-02-21\/die-selbstwirksamkeit-erhoehen\/#primaryimage","url":"https:\/\/www.organisator.ch\/wp-content\/uploads\/2023\/02\/Die-Selbstwirksamkeit-erhoehen_Organisator.jpg","contentUrl":"https:\/\/www.organisator.ch\/wp-content\/uploads\/2023\/02\/Die-Selbstwirksamkeit-erhoehen_Organisator.jpg","width":680,"height":381,"caption":"Neue Herausforderungen beherzt anpacken. Das sollten wir lernen \u2013 um attraktive Arbeitskr\u00e4fte zu bleiben und unser Leben mit Erfolg zu meistern. (Bild: Pixabay.com)"},{"@type":"BreadcrumbList","@id":"https:\/\/www.organisator.ch\/human-resources\/2023-02-21\/die-selbstwirksamkeit-erhoehen\/#breadcrumb","itemListElement":[{"@type":"ListItem","position":1,"name":"Home","item":"https:\/\/www.organisator.ch\/"},{"@type":"ListItem","position":2,"name":"Die Selbstwirksamkeit erh\u00f6hen"}]},{"@type":"WebSite","@id":"https:\/\/www.organisator.ch\/#website","url":"https:\/\/www.organisator.ch\/","name":"Organizzatore","description":"Competente. Pratico. In 10 numeri all'anno, ORGANISATOR presenta i temi essenziali per i manager delle PMI.","publisher":{"@id":"https:\/\/www.organisator.ch\/#organization"},"potentialAction":[{"@type":"SearchAction","target":{"@type":"EntryPoint","urlTemplate":"https:\/\/www.organisator.ch\/?s={search_term_string}"},"query-input":{"@type":"PropertyValueSpecification","valueRequired":true,"valueName":"search_term_string"}}],"inLanguage":"it-IT"},{"@type":"Organization","@id":"https:\/\/www.organisator.ch\/#organization","name":"Organizzatore","url":"https:\/\/www.organisator.ch\/","logo":{"@type":"ImageObject","inLanguage":"it-IT","@id":"https:\/\/www.organisator.ch\/#\/schema\/logo\/image\/","url":"https:\/\/www.organisator.ch\/wp-content\/uploads\/2022\/01\/Logo_Organisator_Website.png","contentUrl":"https:\/\/www.organisator.ch\/wp-content\/uploads\/2022\/01\/Logo_Organisator_Website.png","width":800,"height":77,"caption":"Organisator"},"image":{"@id":"https:\/\/www.organisator.ch\/#\/schema\/logo\/image\/"},"sameAs":["https:\/\/www.facebook.com\/OrganisatorFachmagazin","https:\/\/www.linkedin.com\/showcase\/organisator-das-magazin-fr-kmu","https:\/\/www.xing.com\/news\/pages\/organisator-ch-695","https:\/\/www.youtube.com\/channel\/UCGP2Sq0iWaZwT3BdIAQFYpw"]},{"@type":"Person","@id":"https:\/\/www.organisator.ch\/#\/schema\/person\/6f650f90b2842cd4c0cc334b4e36f67e","name":"Tommaso.berner","image":{"@type":"ImageObject","inLanguage":"it-IT","@id":"https:\/\/secure.gravatar.com\/avatar\/ac5001d2a36cb6c6cd3e50789007ffca834b477b74a2144564522e944eabff61?s=96&d=mm&r=g","url":"https:\/\/secure.gravatar.com\/avatar\/ac5001d2a36cb6c6cd3e50789007ffca834b477b74a2144564522e944eabff61?s=96&d=mm&r=g","contentUrl":"https:\/\/secure.gravatar.com\/avatar\/ac5001d2a36cb6c6cd3e50789007ffca834b477b74a2144564522e944eabff61?s=96&d=mm&r=g","caption":"thomas.berner"},"url":"https:\/\/www.organisator.ch\/it\/author\/thomas-berner\/"}]}},"_links":{"self":[{"href":"https:\/\/www.organisator.ch\/it\/wp-json\/wp\/v2\/posts\/18939","targetHints":{"allow":["GET"]}}],"collection":[{"href":"https:\/\/www.organisator.ch\/it\/wp-json\/wp\/v2\/posts"}],"about":[{"href":"https:\/\/www.organisator.ch\/it\/wp-json\/wp\/v2\/types\/post"}],"author":[{"embeddable":true,"href":"https:\/\/www.organisator.ch\/it\/wp-json\/wp\/v2\/users\/4"}],"replies":[{"embeddable":true,"href":"https:\/\/www.organisator.ch\/it\/wp-json\/wp\/v2\/comments?post=18939"}],"version-history":[{"count":1,"href":"https:\/\/www.organisator.ch\/it\/wp-json\/wp\/v2\/posts\/18939\/revisions"}],"predecessor-version":[{"id":18941,"href":"https:\/\/www.organisator.ch\/it\/wp-json\/wp\/v2\/posts\/18939\/revisions\/18941"}],"wp:featuredmedia":[{"embeddable":true,"href":"https:\/\/www.organisator.ch\/it\/wp-json\/wp\/v2\/media\/18940"}],"wp:attachment":[{"href":"https:\/\/www.organisator.ch\/it\/wp-json\/wp\/v2\/media?parent=18939"}],"wp:term":[{"taxonomy":"category","embeddable":true,"href":"https:\/\/www.organisator.ch\/it\/wp-json\/wp\/v2\/categories?post=18939"},{"taxonomy":"post_tag","embeddable":true,"href":"https:\/\/www.organisator.ch\/it\/wp-json\/wp\/v2\/tags?post=18939"}],"curies":[{"name":"wp","href":"https:\/\/api.w.org\/{rel}","templated":true}]}}