{"id":1895,"date":"2017-05-08T12:08:30","date_gmt":"2017-05-08T10:08:30","guid":{"rendered":"https:\/\/www.organisator.ch\/?p=1895"},"modified":"2017-05-08T12:08:30","modified_gmt":"2017-05-08T10:08:30","slug":"1895-2","status":"publish","type":"post","link":"https:\/\/www.organisator.ch\/it\/allgemein\/2017-05-08\/1895-2\/","title":{"rendered":"Le donne diventano pi\u00f9 sicure sul lavoro"},"content":{"rendered":"<figure id=\"attachment_1896\" aria-describedby=\"caption-attachment-1896\" style=\"width: 640px\" class=\"wp-caption alignnone\"><img loading=\"lazy\" decoding=\"async\" class=\"size-full wp-image-1896\" src=\"https:\/\/www.organisator.ch\/wp-content\/uploads\/2017\/05\/Frauen-werden-selbstsicherer-im-Job-org-organisator.jpg\" alt=\"\" width=\"640\" height=\"440\" srcset=\"https:\/\/www.organisator.ch\/wp-content\/uploads\/2017\/05\/Frauen-werden-selbstsicherer-im-Job-org-organisator.jpg 640w, https:\/\/www.organisator.ch\/wp-content\/uploads\/2017\/05\/Frauen-werden-selbstsicherer-im-Job-org-organisator-16x12.jpg 16w, https:\/\/www.organisator.ch\/wp-content\/uploads\/2017\/05\/Frauen-werden-selbstsicherer-im-Job-org-organisator-255x175.jpg 255w, https:\/\/www.organisator.ch\/wp-content\/uploads\/2017\/05\/Frauen-werden-selbstsicherer-im-Job-org-organisator-509x350.jpg 509w, https:\/\/www.organisator.ch\/wp-content\/uploads\/2017\/05\/Frauen-werden-selbstsicherer-im-Job-org-organisator-300x206.jpg 300w\" sizes=\"auto, (max-width: 640px) 100vw, 640px\" \/><figcaption id=\"caption-attachment-1896\" class=\"wp-caption-text\">Anche per le donne, i fattori nelle aree \"carriere in lavori maschili\" e \"opportunit\u00e0 di carriera e salario\" stanno diventando sempre pi\u00f9 importanti. (Immagine Depositphotos).<\/figcaption><\/figure>\n<p>Le donne stanno diventando pi\u00f9 fiduciose, dice Universum Talent Research. Le giovani professioniste IT, per esempio, preferiscono le opportunit\u00e0 di formazione verticale: Formazione, creativit\u00e0, innovazione, flessibilit\u00e0, uno stipendio di base attraente e \"recentemente\" un reddito elevato. Lo studio rivela una tesi: i cosiddetti \"fattori soft\" stanno diventando sempre meno rilevanti per le donne, mentre i fattori hard stanno diventando pi\u00f9 importanti.<\/p>\n<p><strong>Cambiamento dei \"fattori morbidi<\/strong><\/p>\n<p>Rispetto all'anno scorso, le donne sono meno interessate ai \"fattori morbidi\". Per esempio, l'attributo \"rispetto per i propri colleghi\" \u00e8 sceso dalle prime 10 preferenze del sondaggio (l'anno scorso #5). Anche l'importanza di \"un ambiente di lavoro creativo e dinamico\" \u00e8 diminuita. Interessante anche: \"sostegno alla parit\u00e0 di genere\" non \u00e8 scelto affatto, gi\u00e0 non l'anno scorso.<\/p>\n<p>Lo stipendio e le opportunit\u00e0 di carriera\" sono chiaramente pi\u00f9 importanti per le studentesse. Le donne danno importanza al fatto che un datore di lavoro \"paghi per la loro istruzione futura\" (nemmeno nella top 10 per gli uomini) e uno \"stipendio base attraente\" \u00e8 anche importante per loro. Quindi le donne ne hanno abbastanza del divario di genere e chiedono di pi\u00f9.<\/p>\n<p>Meno interessante per loro \u00e8 la prospettiva di \"un reddito elevato in futuro\", che \u00e8 decisamente importante per gli uomini (#4). Una \"buona referenza per la carriera futura\" \u00e8 molto importante per gli uomini e le donne, ma i \"compiti di lavoro variati\" nel lavoro sono ancora pi\u00f9 importanti per le donne.<\/p>\n<p><strong>\u00a0Preferenze diverse <\/strong><\/p>\n<p>\"Le donne si concentrano di pi\u00f9 sul primo lavoro e pesano le preferenze attuali un po' di pi\u00f9 di quelle future. Questo potrebbe essere legato al fatto che le donne non hanno pi\u00f9 pazienza e vogliono avere una carriera prima di iniziare una famiglia e quindi hanno meno pazienza\", dice Marty.<\/p>\n<p>\"Formazione e sviluppo professionale\" \u00e8 pi\u00f9 importante per le studentesse (#5) che per gli studenti (#9). Diversi incarichi di lavoro\" \u00e8 anche pi\u00f9 importante per le studentesse (#1) che per gli studenti (#7).<\/p>\n<p>\"Le donne hanno probabilmente capito che possono chiedere di pi\u00f9 e che devono anche contribuire loro stesse alla questione dell'uguaglianza. Quindi si concentrano di pi\u00f9 sui fattori hard, come lo stipendio, le opportunit\u00e0 di promozione, la formazione continua, e meno sui fattori soft, come il rispetto tra colleghi o un ambiente di lavoro creativo e dinamico, quando scelgono un datore di lavoro\", dice Leo Marty, Managing Director Switzerland &amp; Austria di Universum.<\/p>\n<p><strong><em>\u00a0Dando un'occhiata pi\u00f9 da vicino alle prime 10 preferenze, si osserva che per gli uomini \"stipendio e opportunit\u00e0 di promozione\" sono ancora leggermente pi\u00f9 importanti e occupano principalmente i ranghi 1-4 e per le donne i ranghi 6-8. <\/em><\/strong><\/p>\n<p><strong>Le donne sono idealiste e armonizzatrici ... <\/strong><\/p>\n<p>Tra le studentesse svizzere, il profilo di carriera delle idealiste \u00e8 particolarmente pronunciato a 18% (uomini 9%) e quello delle armonizzatrici a 17% (uomini 11%).<\/p>\n<p>I cosiddetti armonizzatori danno grande importanza alla lealt\u00e0, al senso di responsabilit\u00e0 e allo spirito di squadra. Gli idealisti vogliono fornire soluzioni fattibili che servono a un buon scopo. Allo stesso tempo, vogliono essere valorizzati e rispettati.<\/p>\n<p>Gli idealisti e gli armonizzatori aumentano nel corso della carriera. Tra i professionisti svizzeri con una formazione accademica, 12% degli uomini e 23% delle donne che lavorano sono idealisti. Gli armonizzatori costituiscono 13% degli uomini lavoratori e 21% delle donne lavoratrici in Svizzera.<\/p>\n<p>I lavoratori IT ora richiedono principalmente (#1) \"formazione e sviluppo professionale\" (l'anno scorso #5). \"Condizioni di lavoro flessibili\", un \"reddito elevato in futuro\" e \"pagamento per la formazione futura\" sono tutti e tre nuovi nella top 10 delle preferenze degli IT-ers. Gli studenti di informatica apprezzano anche \"l'innovazione\" e \"prodotti e servizi attraenti e interessanti\". \"L'innovazione\" \u00e8 ancora pi\u00f9 importante di uno stipendio di base attraente. O meglio, l'innovazione non \u00e8 una cosa ovvia per i lavoratori informatici svizzeri, ma un buon stipendio s\u00ec. Questo \u00e8 un buon segno per la fiorente scena delle start-up, che \u00e8 anche alla disperata ricerca di lavoratori IT, ma non \u00e8 solvibile.<\/p>\n<p><em>Potete saperne di pi\u00f9 sullo studio \"Universum Talent Research\" sul sito di <a href=\"http:\/\/universumglobal.com\">universumglobal.com<\/a><\/em><\/p>","protected":false},"excerpt":{"rendered":"<p>Frauen werden selbstsicherer, heisst es im &#8222;Universum Talent Research&#8220;. Junge IT-lerinnen zum Beispiel pr\u00e4ferieren vertikale Ausbildungsm\u00f6glichkeiten: Training, Kreativit\u00e4t, Innovation, Flexibilit\u00e4t, ein attraktives Grundgehalt und &#8222;neuerdings&#8220; ein hohes Einkommen. Die Untersuchung bringe eine These zu Tage: Die sogenannten \u201eSoftfactors\u201c sind auch bei Frauen immer weniger relevant, harte Faktoren nehmen zu an Wichtigkeit Ver\u00e4nderung der &#8222;Softfaktoren&#8220; Frauen [&hellip;]<\/p>\n","protected":false},"author":5,"featured_media":1896,"comment_status":"open","ping_status":"open","sticky":false,"template":"","format":"standard","meta":{"_acf_changed":false,"_yoast_wpseo_focuskw":"Frauen selbstsicherer","_yoast_wpseo_metadesc":"Frauen werden selbstsicherer. Sie fordern mehr \u201eharte Faktoren\u201c wie h\u00f6hrere Einkommen vom Arbeitgeber, heisst es im \"Universum Talent Research\".","articlekey":"","footnotes":""},"categories":[1,26],"tags":[170,223,249,415,439],"class_list":["post-1895","post","type-post","status-publish","format-standard","has-post-thumbnail","hentry","category-allgemein","category-hrm","tag-einkommen","tag-frauen","tag-hardfactors","tag-research","tag-softfactors"],"acf":[],"yoast_head":"<!-- This site is optimized with the Yoast SEO plugin v27.5 - https:\/\/yoast.com\/product\/yoast-seo-wordpress\/ -->\n<title>Frauen werden selbstsicherer im Job - Organisator<\/title>\n<meta name=\"description\" content=\"Frauen werden selbstsicherer. Sie fordern mehr \u201eharte Faktoren\u201c wie h\u00f6hrere Einkommen vom Arbeitgeber, heisst es im &quot;Universum Talent Research&quot;.\" \/>\n<meta name=\"robots\" content=\"index, follow, max-snippet:-1, max-image-preview:large, max-video-preview:-1\" \/>\n<link rel=\"canonical\" href=\"https:\/\/www.organisator.ch\/it\/generale\/2017-05-08\/1895-2\/\" \/>\n<meta property=\"og:locale\" content=\"it_IT\" \/>\n<meta property=\"og:type\" content=\"article\" \/>\n<meta property=\"og:title\" content=\"Frauen werden selbstsicherer im Job - Organisator\" \/>\n<meta property=\"og:description\" content=\"Frauen werden selbstsicherer. Sie fordern mehr \u201eharte Faktoren\u201c wie h\u00f6hrere Einkommen vom Arbeitgeber, heisst es im &quot;Universum Talent Research&quot;.\" \/>\n<meta property=\"og:url\" content=\"https:\/\/www.organisator.ch\/it\/generale\/2017-05-08\/1895-2\/\" \/>\n<meta property=\"og:site_name\" content=\"Organisator\" \/>\n<meta property=\"article:publisher\" content=\"https:\/\/www.facebook.com\/OrganisatorFachmagazin\" \/>\n<meta property=\"article:published_time\" content=\"2017-05-08T10:08:30+00:00\" \/>\n<meta property=\"og:image\" content=\"https:\/\/www.organisator.ch\/wp-content\/uploads\/2017\/05\/Frauen-werden-selbstsicherer-im-Job-org-organisator.jpg\" \/>\n\t<meta property=\"og:image:width\" content=\"640\" \/>\n\t<meta property=\"og:image:height\" content=\"440\" \/>\n\t<meta property=\"og:image:type\" content=\"image\/jpeg\" \/>\n<meta name=\"author\" content=\"michael.merz\" \/>\n<meta name=\"twitter:card\" content=\"summary_large_image\" \/>\n<script type=\"application\/ld+json\" class=\"yoast-schema-graph\">{\"@context\":\"https:\\\/\\\/schema.org\",\"@graph\":[{\"@type\":\"Article\",\"@id\":\"https:\\\/\\\/www.organisator.ch\\\/allgemein\\\/2017-05-08\\\/1895-2\\\/#article\",\"isPartOf\":{\"@id\":\"https:\\\/\\\/www.organisator.ch\\\/allgemein\\\/2017-05-08\\\/1895-2\\\/\"},\"author\":{\"name\":\"michael.merz\",\"@id\":\"https:\\\/\\\/www.organisator.ch\\\/#\\\/schema\\\/person\\\/134708ca9321c57b0362cceb7948ffbd\"},\"headline\":\"Frauen werden selbstsicherer im Job\",\"datePublished\":\"2017-05-08T10:08:30+00:00\",\"mainEntityOfPage\":{\"@id\":\"https:\\\/\\\/www.organisator.ch\\\/allgemein\\\/2017-05-08\\\/1895-2\\\/\"},\"wordCount\":634,\"commentCount\":0,\"publisher\":{\"@id\":\"https:\\\/\\\/www.organisator.ch\\\/#organization\"},\"image\":{\"@id\":\"https:\\\/\\\/www.organisator.ch\\\/allgemein\\\/2017-05-08\\\/1895-2\\\/#primaryimage\"},\"thumbnailUrl\":\"https:\\\/\\\/www.organisator.ch\\\/wp-content\\\/uploads\\\/2017\\\/05\\\/Frauen-werden-selbstsicherer-im-Job-org-organisator.jpg\",\"keywords\":[\"Einkommen\",\"Frauen\",\"Hardfactors\",\"Research\",\"Softfactors\"],\"articleSection\":[\"Allgemein\",\"HRM\"],\"inLanguage\":\"it-IT\"},{\"@type\":\"WebPage\",\"@id\":\"https:\\\/\\\/www.organisator.ch\\\/allgemein\\\/2017-05-08\\\/1895-2\\\/\",\"url\":\"https:\\\/\\\/www.organisator.ch\\\/allgemein\\\/2017-05-08\\\/1895-2\\\/\",\"name\":\"Frauen werden selbstsicherer im Job - Organisator\",\"isPartOf\":{\"@id\":\"https:\\\/\\\/www.organisator.ch\\\/#website\"},\"primaryImageOfPage\":{\"@id\":\"https:\\\/\\\/www.organisator.ch\\\/allgemein\\\/2017-05-08\\\/1895-2\\\/#primaryimage\"},\"image\":{\"@id\":\"https:\\\/\\\/www.organisator.ch\\\/allgemein\\\/2017-05-08\\\/1895-2\\\/#primaryimage\"},\"thumbnailUrl\":\"https:\\\/\\\/www.organisator.ch\\\/wp-content\\\/uploads\\\/2017\\\/05\\\/Frauen-werden-selbstsicherer-im-Job-org-organisator.jpg\",\"datePublished\":\"2017-05-08T10:08:30+00:00\",\"description\":\"Frauen werden selbstsicherer. Sie fordern mehr \u201eharte Faktoren\u201c wie h\u00f6hrere Einkommen vom Arbeitgeber, heisst es im \\\"Universum Talent Research\\\".\",\"breadcrumb\":{\"@id\":\"https:\\\/\\\/www.organisator.ch\\\/allgemein\\\/2017-05-08\\\/1895-2\\\/#breadcrumb\"},\"inLanguage\":\"it-IT\",\"potentialAction\":[{\"@type\":\"ReadAction\",\"target\":[\"https:\\\/\\\/www.organisator.ch\\\/allgemein\\\/2017-05-08\\\/1895-2\\\/\"]}]},{\"@type\":\"ImageObject\",\"inLanguage\":\"it-IT\",\"@id\":\"https:\\\/\\\/www.organisator.ch\\\/allgemein\\\/2017-05-08\\\/1895-2\\\/#primaryimage\",\"url\":\"https:\\\/\\\/www.organisator.ch\\\/wp-content\\\/uploads\\\/2017\\\/05\\\/Frauen-werden-selbstsicherer-im-Job-org-organisator.jpg\",\"contentUrl\":\"https:\\\/\\\/www.organisator.ch\\\/wp-content\\\/uploads\\\/2017\\\/05\\\/Frauen-werden-selbstsicherer-im-Job-org-organisator.jpg\",\"width\":640,\"height\":440,\"caption\":\"Auch bei den Frauen werden Faktoren in den Bereichen \\\"Karriere in M\u00e4nnerberufen\\\" und \u201eAufstiegsm\u00f6glichkeiten und Gehalt \u201c zunehmend wichtiger. (Bild Depositphotos).\"},{\"@type\":\"BreadcrumbList\",\"@id\":\"https:\\\/\\\/www.organisator.ch\\\/allgemein\\\/2017-05-08\\\/1895-2\\\/#breadcrumb\",\"itemListElement\":[{\"@type\":\"ListItem\",\"position\":1,\"name\":\"Home\",\"item\":\"https:\\\/\\\/www.organisator.ch\\\/\"},{\"@type\":\"ListItem\",\"position\":2,\"name\":\"Frauen werden selbstsicherer im Job\"}]},{\"@type\":\"WebSite\",\"@id\":\"https:\\\/\\\/www.organisator.ch\\\/#website\",\"url\":\"https:\\\/\\\/www.organisator.ch\\\/\",\"name\":\"Organisator\",\"description\":\"Kompetent. Praxisnah. Der ORGANISATOR bereitet in 10 Ausgaben pro Jahr die wesentlichen Themen f\u00fcr F\u00fchrungskr\u00e4fte von KMU auf.\",\"publisher\":{\"@id\":\"https:\\\/\\\/www.organisator.ch\\\/#organization\"},\"potentialAction\":[{\"@type\":\"SearchAction\",\"target\":{\"@type\":\"EntryPoint\",\"urlTemplate\":\"https:\\\/\\\/www.organisator.ch\\\/?s={search_term_string}\"},\"query-input\":{\"@type\":\"PropertyValueSpecification\",\"valueRequired\":true,\"valueName\":\"search_term_string\"}}],\"inLanguage\":\"it-IT\"},{\"@type\":\"Organization\",\"@id\":\"https:\\\/\\\/www.organisator.ch\\\/#organization\",\"name\":\"Organisator\",\"url\":\"https:\\\/\\\/www.organisator.ch\\\/\",\"logo\":{\"@type\":\"ImageObject\",\"inLanguage\":\"it-IT\",\"@id\":\"https:\\\/\\\/www.organisator.ch\\\/#\\\/schema\\\/logo\\\/image\\\/\",\"url\":\"https:\\\/\\\/www.organisator.ch\\\/wp-content\\\/uploads\\\/2022\\\/01\\\/Logo_Organisator_Website.png\",\"contentUrl\":\"https:\\\/\\\/www.organisator.ch\\\/wp-content\\\/uploads\\\/2022\\\/01\\\/Logo_Organisator_Website.png\",\"width\":800,\"height\":77,\"caption\":\"Organisator\"},\"image\":{\"@id\":\"https:\\\/\\\/www.organisator.ch\\\/#\\\/schema\\\/logo\\\/image\\\/\"},\"sameAs\":[\"https:\\\/\\\/www.facebook.com\\\/OrganisatorFachmagazin\",\"https:\\\/\\\/www.linkedin.com\\\/showcase\\\/organisator-das-magazin-fr-kmu\",\"https:\\\/\\\/www.xing.com\\\/news\\\/pages\\\/organisator-ch-695\",\"https:\\\/\\\/www.youtube.com\\\/channel\\\/UCGP2Sq0iWaZwT3BdIAQFYpw\"]},{\"@type\":\"Person\",\"@id\":\"https:\\\/\\\/www.organisator.ch\\\/#\\\/schema\\\/person\\\/134708ca9321c57b0362cceb7948ffbd\",\"name\":\"michael.merz\",\"image\":{\"@type\":\"ImageObject\",\"inLanguage\":\"it-IT\",\"@id\":\"https:\\\/\\\/secure.gravatar.com\\\/avatar\\\/?s=96&d=mm&r=g\",\"url\":\"https:\\\/\\\/secure.gravatar.com\\\/avatar\\\/?s=96&d=mm&r=g\",\"contentUrl\":\"https:\\\/\\\/secure.gravatar.com\\\/avatar\\\/?s=96&d=mm&r=g\",\"caption\":\"michael.merz\"},\"url\":\"https:\\\/\\\/www.organisator.ch\\\/it\\\/author\\\/michael-merz\\\/\"}]}<\/script>\n<!-- \/ Yoast SEO plugin. -->","yoast_head_json":{"title":"Le donne diventano pi\u00f9 sicure di s\u00e9 sul lavoro - Organizzatore","description":"Le donne sono sempre pi\u00f9 sicure di s\u00e9. Secondo l'Universum Talent Research, chiedono ai datori di lavoro pi\u00f9 \"fattori concreti\", come un reddito pi\u00f9 alto.","robots":{"index":"index","follow":"follow","max-snippet":"max-snippet:-1","max-image-preview":"max-image-preview:large","max-video-preview":"max-video-preview:-1"},"canonical":"https:\/\/www.organisator.ch\/it\/generale\/2017-05-08\/1895-2\/","og_locale":"it_IT","og_type":"article","og_title":"Frauen werden selbstsicherer im Job - Organisator","og_description":"Frauen werden selbstsicherer. Sie fordern mehr \u201eharte Faktoren\u201c wie h\u00f6hrere Einkommen vom Arbeitgeber, heisst es im \"Universum Talent Research\".","og_url":"https:\/\/www.organisator.ch\/it\/generale\/2017-05-08\/1895-2\/","og_site_name":"Organisator","article_publisher":"https:\/\/www.facebook.com\/OrganisatorFachmagazin","article_published_time":"2017-05-08T10:08:30+00:00","og_image":[{"width":640,"height":440,"url":"https:\/\/www.organisator.ch\/wp-content\/uploads\/2017\/05\/Frauen-werden-selbstsicherer-im-Job-org-organisator.jpg","type":"image\/jpeg"}],"author":"michael.merz","twitter_card":"summary_large_image","schema":{"@context":"https:\/\/schema.org","@graph":[{"@type":"Article","@id":"https:\/\/www.organisator.ch\/allgemein\/2017-05-08\/1895-2\/#article","isPartOf":{"@id":"https:\/\/www.organisator.ch\/allgemein\/2017-05-08\/1895-2\/"},"author":{"name":"michael.merz","@id":"https:\/\/www.organisator.ch\/#\/schema\/person\/134708ca9321c57b0362cceb7948ffbd"},"headline":"Frauen werden selbstsicherer im Job","datePublished":"2017-05-08T10:08:30+00:00","mainEntityOfPage":{"@id":"https:\/\/www.organisator.ch\/allgemein\/2017-05-08\/1895-2\/"},"wordCount":634,"commentCount":0,"publisher":{"@id":"https:\/\/www.organisator.ch\/#organization"},"image":{"@id":"https:\/\/www.organisator.ch\/allgemein\/2017-05-08\/1895-2\/#primaryimage"},"thumbnailUrl":"https:\/\/www.organisator.ch\/wp-content\/uploads\/2017\/05\/Frauen-werden-selbstsicherer-im-Job-org-organisator.jpg","keywords":["Einkommen","Frauen","Hardfactors","Research","Softfactors"],"articleSection":["Allgemein","HRM"],"inLanguage":"it-IT"},{"@type":"WebPage","@id":"https:\/\/www.organisator.ch\/allgemein\/2017-05-08\/1895-2\/","url":"https:\/\/www.organisator.ch\/allgemein\/2017-05-08\/1895-2\/","name":"Le donne diventano pi\u00f9 sicure di s\u00e9 sul lavoro - Organizzatore","isPartOf":{"@id":"https:\/\/www.organisator.ch\/#website"},"primaryImageOfPage":{"@id":"https:\/\/www.organisator.ch\/allgemein\/2017-05-08\/1895-2\/#primaryimage"},"image":{"@id":"https:\/\/www.organisator.ch\/allgemein\/2017-05-08\/1895-2\/#primaryimage"},"thumbnailUrl":"https:\/\/www.organisator.ch\/wp-content\/uploads\/2017\/05\/Frauen-werden-selbstsicherer-im-Job-org-organisator.jpg","datePublished":"2017-05-08T10:08:30+00:00","description":"Le donne sono sempre pi\u00f9 sicure di s\u00e9. Secondo l'Universum Talent Research, chiedono ai datori di lavoro pi\u00f9 \"fattori concreti\", come un reddito pi\u00f9 alto.","breadcrumb":{"@id":"https:\/\/www.organisator.ch\/allgemein\/2017-05-08\/1895-2\/#breadcrumb"},"inLanguage":"it-IT","potentialAction":[{"@type":"ReadAction","target":["https:\/\/www.organisator.ch\/allgemein\/2017-05-08\/1895-2\/"]}]},{"@type":"ImageObject","inLanguage":"it-IT","@id":"https:\/\/www.organisator.ch\/allgemein\/2017-05-08\/1895-2\/#primaryimage","url":"https:\/\/www.organisator.ch\/wp-content\/uploads\/2017\/05\/Frauen-werden-selbstsicherer-im-Job-org-organisator.jpg","contentUrl":"https:\/\/www.organisator.ch\/wp-content\/uploads\/2017\/05\/Frauen-werden-selbstsicherer-im-Job-org-organisator.jpg","width":640,"height":440,"caption":"Auch bei den Frauen werden Faktoren in den Bereichen \"Karriere in M\u00e4nnerberufen\" und \u201eAufstiegsm\u00f6glichkeiten und Gehalt \u201c zunehmend wichtiger. (Bild Depositphotos)."},{"@type":"BreadcrumbList","@id":"https:\/\/www.organisator.ch\/allgemein\/2017-05-08\/1895-2\/#breadcrumb","itemListElement":[{"@type":"ListItem","position":1,"name":"Home","item":"https:\/\/www.organisator.ch\/"},{"@type":"ListItem","position":2,"name":"Frauen werden selbstsicherer im Job"}]},{"@type":"WebSite","@id":"https:\/\/www.organisator.ch\/#website","url":"https:\/\/www.organisator.ch\/","name":"Organizzatore","description":"Competente. Pratico. In 10 numeri all'anno, ORGANISATOR presenta i temi essenziali per i manager delle PMI.","publisher":{"@id":"https:\/\/www.organisator.ch\/#organization"},"potentialAction":[{"@type":"SearchAction","target":{"@type":"EntryPoint","urlTemplate":"https:\/\/www.organisator.ch\/?s={search_term_string}"},"query-input":{"@type":"PropertyValueSpecification","valueRequired":true,"valueName":"search_term_string"}}],"inLanguage":"it-IT"},{"@type":"Organization","@id":"https:\/\/www.organisator.ch\/#organization","name":"Organizzatore","url":"https:\/\/www.organisator.ch\/","logo":{"@type":"ImageObject","inLanguage":"it-IT","@id":"https:\/\/www.organisator.ch\/#\/schema\/logo\/image\/","url":"https:\/\/www.organisator.ch\/wp-content\/uploads\/2022\/01\/Logo_Organisator_Website.png","contentUrl":"https:\/\/www.organisator.ch\/wp-content\/uploads\/2022\/01\/Logo_Organisator_Website.png","width":800,"height":77,"caption":"Organisator"},"image":{"@id":"https:\/\/www.organisator.ch\/#\/schema\/logo\/image\/"},"sameAs":["https:\/\/www.facebook.com\/OrganisatorFachmagazin","https:\/\/www.linkedin.com\/showcase\/organisator-das-magazin-fr-kmu","https:\/\/www.xing.com\/news\/pages\/organisator-ch-695","https:\/\/www.youtube.com\/channel\/UCGP2Sq0iWaZwT3BdIAQFYpw"]},{"@type":"Person","@id":"https:\/\/www.organisator.ch\/#\/schema\/person\/134708ca9321c57b0362cceb7948ffbd","name":"michael.merz","image":{"@type":"ImageObject","inLanguage":"it-IT","@id":"https:\/\/secure.gravatar.com\/avatar\/?s=96&d=mm&r=g","url":"https:\/\/secure.gravatar.com\/avatar\/?s=96&d=mm&r=g","contentUrl":"https:\/\/secure.gravatar.com\/avatar\/?s=96&d=mm&r=g","caption":"michael.merz"},"url":"https:\/\/www.organisator.ch\/it\/author\/michael-merz\/"}]}},"_links":{"self":[{"href":"https:\/\/www.organisator.ch\/it\/wp-json\/wp\/v2\/posts\/1895","targetHints":{"allow":["GET"]}}],"collection":[{"href":"https:\/\/www.organisator.ch\/it\/wp-json\/wp\/v2\/posts"}],"about":[{"href":"https:\/\/www.organisator.ch\/it\/wp-json\/wp\/v2\/types\/post"}],"author":[{"embeddable":true,"href":"https:\/\/www.organisator.ch\/it\/wp-json\/wp\/v2\/users\/5"}],"replies":[{"embeddable":true,"href":"https:\/\/www.organisator.ch\/it\/wp-json\/wp\/v2\/comments?post=1895"}],"version-history":[{"count":0,"href":"https:\/\/www.organisator.ch\/it\/wp-json\/wp\/v2\/posts\/1895\/revisions"}],"wp:featuredmedia":[{"embeddable":true,"href":"https:\/\/www.organisator.ch\/it\/wp-json\/wp\/v2\/media\/1896"}],"wp:attachment":[{"href":"https:\/\/www.organisator.ch\/it\/wp-json\/wp\/v2\/media?parent=1895"}],"wp:term":[{"taxonomy":"category","embeddable":true,"href":"https:\/\/www.organisator.ch\/it\/wp-json\/wp\/v2\/categories?post=1895"},{"taxonomy":"post_tag","embeddable":true,"href":"https:\/\/www.organisator.ch\/it\/wp-json\/wp\/v2\/tags?post=1895"}],"curies":[{"name":"wp","href":"https:\/\/api.w.org\/{rel}","templated":true}]}}