{"id":18958,"date":"2023-02-28T05:36:46","date_gmt":"2023-02-28T04:36:46","guid":{"rendered":"https:\/\/www.organisator.ch\/?p=18958"},"modified":"2023-02-24T15:41:04","modified_gmt":"2023-02-24T14:41:04","slug":"licht-fuer-mehr-leistung-am-arbeitsplatz","status":"publish","type":"post","link":"https:\/\/www.organisator.ch\/it\/human-resources\/2023-02-28\/licht-fuer-mehr-leistung-am-arbeitsplatz\/","title":{"rendered":"Luce per maggiori prestazioni sul posto di lavoro"},"content":{"rendered":"<section class=\"focus\">\n<figure id=\"attachment_18959\" aria-describedby=\"caption-attachment-18959\" style=\"width: 950px\" class=\"wp-caption alignnone\"><img loading=\"lazy\" decoding=\"async\" class=\"size-full wp-image-18959\" src=\"https:\/\/www.organisator.ch\/wp-content\/uploads\/2023\/02\/Licht-fuer-mehr-Leistung-am-Arbeitsplatz.jpg\" alt=\"\" width=\"950\" height=\"600\" srcset=\"https:\/\/www.organisator.ch\/wp-content\/uploads\/2023\/02\/Licht-fuer-mehr-Leistung-am-Arbeitsplatz.jpg 950w, https:\/\/www.organisator.ch\/wp-content\/uploads\/2023\/02\/Licht-fuer-mehr-Leistung-am-Arbeitsplatz-680x429.jpg 680w, https:\/\/www.organisator.ch\/wp-content\/uploads\/2023\/02\/Licht-fuer-mehr-Leistung-am-Arbeitsplatz-768x485.jpg 768w, https:\/\/www.organisator.ch\/wp-content\/uploads\/2023\/02\/Licht-fuer-mehr-Leistung-am-Arbeitsplatz-18x12.jpg 18w, https:\/\/www.organisator.ch\/wp-content\/uploads\/2023\/02\/Licht-fuer-mehr-Leistung-am-Arbeitsplatz-375x237.jpg 375w, https:\/\/www.organisator.ch\/wp-content\/uploads\/2023\/02\/Licht-fuer-mehr-Leistung-am-Arbeitsplatz-554x350.jpg 554w\" sizes=\"auto, (max-width: 950px) 100vw, 950px\" \/><figcaption id=\"caption-attachment-18959\" class=\"wp-caption-text\">Buone condizioni di illuminazione nei luoghi di lavoro possono non solo migliorare il benessere, ma anche avere un effetto positivo sulla produttivit\u00e0 dei dipendenti e ridurre la predisposizione agli errori.<br \/>Immagine: Kaiser+Kraft<\/figcaption><\/figure>\n<p>Il numero di lavoratori anziani \u00e8 triplicato. Oggi una persona su due ha pi\u00f9 di 45 anni e una su cinque ha pi\u00f9 di 66 anni. Nonostante i progressi della medicina, le prestazioni diminuiscono con l'et\u00e0. \"Chi vede meglio e senza sforzo non solo aumenta la sicurezza sul lavoro, ma contribuisce anche a migliorare i risultati\", afferma Duliano Puhalj, Category Manager di B2B business outfitter. <a href=\"https:\/\/www.kaiserkraft.ch\/\">Imperatore+potere<\/a>. Il posto di lavoro del futuro deve adattarsi costantemente ai cambiamenti demografici.<\/p>\n<h3>Luce ottimale in ufficio<\/h3>\n<p>In ufficio, le persone assorbono l'80% delle informazioni attraverso gli occhi. Una buona illuminazione \u00e8 quindi importante. Mantiene la salute e protegge dagli incidenti sul lavoro. Gli esperti di illuminazione raccomandano un illuminamento di 500-750 lux per le classiche postazioni di lavoro con videoterminali. Per i dipendenti che soffrono di disturbi visivi dovuti all'et\u00e0, anche 750-1500 lux. Una postazione di lavoro contemporanea e moderna \u00e8 molto diversa da quella tradizionale di 20 anni fa. Oggi gli ambienti di lavoro hanno almeno il 2% di luce diurna e una linea di vista verso l'esterno, ad esempio attraverso le finestre, oltre a una percentuale del 10% di superfici traslucide, come richiesto dalla legge sulla salute e la sicurezza sul lavoro.<\/p>\n<p>Waldmann, lo specialista in soluzioni illuminotecniche innovative, raccomanda apparecchi da tavolo regolabili individualmente con aste flessibili per il posto di lavoro. La dimmerabilit\u00e0 per livelli di illuminamento pi\u00f9 elevati e il buon controllo dell'abbagliamento migliorano notevolmente le condizioni visive.<\/p>\n<h3>Elevate esigenze di visione nella produzione industriale<\/h3>\n<p>I lavori impegnativi e delicati che richiedono una buona visione sono spesso pi\u00f9 difficili negli ambienti di lavoro industriali che negli uffici. \"Pi\u00f9 piccoli sono i dettagli visibili, pi\u00f9 alto deve essere l'illuminamento. Una luce migliore aumenta la produttivit\u00e0 di oltre il 50%\", afferma Puhalj, spiegando l'effetto di una maggiore luminosit\u00e0 sul lavoratore. Secondo l'associazione dei datori di lavoro per l'assicurazione della responsabilit\u00e0 civile, due terzi di tutti gli incidenti sul lavoro si verificano con un illuminamento inferiore a 500 lux.<\/p>\n<p>I posti di lavoro nei settori della produzione, dell'assemblaggio, del controllo qualit\u00e0, della medicina, della lavorazione dei metalli e dell'orologeria richiedono un'elevata capacit\u00e0 visiva. Waldmann consiglia apparecchi tubolari speciali con la pi\u00f9 recente tecnologia LED per i luoghi di lavoro in cui sono richiesti lavori precisi e delicati. Questi apparecchi forniscono un'illuminazione di grande superficie, luminosa e, soprattutto, regolabile individualmente, sia in termini di posizionamento che di colore e illuminamento della luce. Per un'ispezione ottica perfetta dei pezzi nella ricerca, nello sviluppo e nella produzione, sono particolarmente adatti gli apparecchi per l'ingrandimento senza distorsioni.<\/p>\n<h3>Sicurezza e protezione come sfida nella produzione<\/h3>\n<p>I siti produttivi e le officine in cui si lavora con sostanze altamente infiammabili o con il rischio di esplosione pongono sfide particolari. Gli apparecchi di illuminazione con una classe di protezione speciale garantiscono la sicurezza in questi luoghi, comprese le lampade con autoriscaldamento limitato o gli apparecchi antideflagranti. La progettazione illuminotecnica svolge un ruolo particolare anche nelle macchine in cui le condizioni visive non sono ottimali. Gli apparecchi speciali per macchine che forniscono le migliori condizioni di illuminazione senza effetti stroboscopici sono indispensabili per la sicurezza nella produzione.<\/p>\n<h3>I moderni sistemi di illuminazione consentono di risparmiare energia e costi<\/h3>\n<p>Da qualche anno l'efficienza energetica \u00e8 un fattore importante nel settore dell'illuminazione. Molte aziende stanno ancora passando dalle soluzioni di illuminazione convenzionali alle lampade LED a risparmio energetico. \"Il passaggio tecnologico \u00e8 attualmente di nuovo in pieno svolgimento\", afferma Heinz Weber, Key Account Manager Industry di Waldmann Lichttechnik GmbH (Svizzera). \"Sosteniamo la conversione ai LED con la nostra consulenza e con apparecchi orientati all'applicazione ed efficienti dal punto di vista energetico\". La legislazione vieta le cosiddette lampade fluorescenti compatte T-5 e T-8 in tutta l'UE a partire dal 25 agosto. Solo i pezzi di ricambio ancora disponibili in magazzino potranno essere resi disponibili.<\/p>\n<p>I requisiti per l'illuminazione dei capannoni sono elevati, come ben sa l'azienda di vendita per corrispondenza online Kaiser+Kraft, che produce i propri prodotti per le attrezzature aziendali su un'area di 12.000 metri quadrati nella sede di Haan, in Germania. Per garantire che una luminosit\u00e0 sufficiente raggiunga il livello di lavoro, si sono cercate soluzioni che fossero al tempo stesso luminose ed economiche. L'illuminazione di grandi capannoni comporta un elevato consumo di energia e quindi costi energetici elevati. L'azienda ha gradualmente implementato un concetto di illuminazione innovativo con lampade a LED e controllo intelligente, vincendo cos\u00ec l'EnnergieInnovationsPreis.NRW 2020.<\/p>\n<p>L'azienda B2B che offre nel suo web shop diverse soluzioni illuminotecniche, tra cui gli apparecchi Waldmann, ha notato da tempo un aumento della domanda di apparecchi per uffici e luoghi di lavoro. \"In futuro le aziende dovranno concentrarsi ancora di pi\u00f9 sull'offerta ai propri dipendenti di postazioni di lavoro ergonomiche, sicure e che promuovano in ogni caso la salute. Anche in termini di luce\", riassume Puhalj.<\/p>\n<\/section>\n<section>\n<blockquote>\n<h2>Ulteriori informazioni<\/h2>\n<p>Kaiser+Kraft \u00e8 un rivenditore omnichannel di attrezzature per il commercio, il magazzino e l'ufficio nel settore B2B. Con una holding centrale di servizi e tre marchi di vendita con oltre 1.000 dipendenti, l'azienda \u00e8 rappresentata in 18 Paesi europei. Con sede a Stoccarda, il portafoglio dell'azienda comprende oltre 100.000 prodotti per l'attrezzatura aziendale completa.<br \/>\n&gt;<a href=\"https:\/\/www.kaiserkraft.de\/\">www.kaiserkraft.de<\/a><\/p><\/blockquote>\n<\/section>","protected":false},"excerpt":{"rendered":"<p>Die Zahl der \u00e4lteren Arbeitneh\u00admer\/innen hat sich verdreifacht. Jede\/r zweite ist heute \u00e4lter als 45 und jede\/r f\u00fcnfte \u00e4lter als 66 Jahre. Trotz medizinischen Fortschritts nimmt im Alter die Leistungsf\u00e4higkeit ab. \u00abWer besser und m\u00fchelos sieht, steigert nicht nur die \u00adSicherheit am Arbeitsplatz, sondern tr\u00e4gt auch zu besseren Arbeitsergebnissen bei\u00bb, sagt Duliano Puhalj, Category Manager [&hellip;]<\/p>\n","protected":false},"author":1,"featured_media":18959,"comment_status":"closed","ping_status":"closed","sticky":false,"template":"","format":"standard","meta":{"_acf_changed":false,"_yoast_wpseo_focuskw":"Licht","_yoast_wpseo_metadesc":"Richtiges Licht\u00ad am Arbeitsplatz kann das Engagement, die Motivation und das Wohlbefinden der Mitarbeitenden positiv beeinflussen.","articlekey":"","footnotes":""},"categories":[579],"tags":[51,3629,797,393],"class_list":["post-18958","post","type-post","status-publish","format-standard","has-post-thumbnail","hentry","category-human-resources","tag-arbeitsplatzgestaltung","tag-ausgabe-1-2-2023","tag-beleuchtung","tag-produkte"],"acf":[],"yoast_head":"<!-- This site is optimized with the Yoast SEO plugin v27.5 - https:\/\/yoast.com\/product\/yoast-seo-wordpress\/ -->\n<title>Licht f\u00fcr mehr Leistung am Arbeitsplatz - Organisator<\/title>\n<meta name=\"description\" content=\"Richtiges Licht\u00ad am Arbeitsplatz kann das Engagement, die Motivation und das Wohlbefinden der Mitarbeitenden positiv beeinflussen.\" \/>\n<meta name=\"robots\" content=\"index, follow, max-snippet:-1, max-image-preview:large, max-video-preview:-1\" \/>\n<link rel=\"canonical\" href=\"https:\/\/www.organisator.ch\/it\/risorse-umane\/2023-02-28\/licht-fuer-mehr-leistung-am-arbeitsplatz\/\" \/>\n<meta property=\"og:locale\" content=\"it_IT\" \/>\n<meta property=\"og:type\" content=\"article\" \/>\n<meta property=\"og:title\" content=\"Licht f\u00fcr mehr Leistung am Arbeitsplatz - Organisator\" \/>\n<meta property=\"og:description\" content=\"Richtiges Licht\u00ad am Arbeitsplatz kann das Engagement, die Motivation und das Wohlbefinden der Mitarbeitenden positiv beeinflussen.\" \/>\n<meta property=\"og:url\" content=\"https:\/\/www.organisator.ch\/it\/risorse-umane\/2023-02-28\/licht-fuer-mehr-leistung-am-arbeitsplatz\/\" \/>\n<meta property=\"og:site_name\" content=\"Organisator\" \/>\n<meta property=\"article:publisher\" content=\"https:\/\/www.facebook.com\/OrganisatorFachmagazin\" \/>\n<meta property=\"article:published_time\" content=\"2023-02-28T04:36:46+00:00\" \/>\n<meta property=\"og:image\" content=\"https:\/\/www.organisator.ch\/wp-content\/uploads\/2023\/02\/Licht-fuer-mehr-Leistung-am-Arbeitsplatz.jpg\" \/>\n\t<meta property=\"og:image:width\" content=\"768\" \/>\n\t<meta property=\"og:image:height\" content=\"485\" \/>\n\t<meta property=\"og:image:type\" content=\"image\/jpeg\" \/>\n<meta name=\"author\" content=\"admin\" \/>\n<meta name=\"twitter:card\" content=\"summary_large_image\" \/>\n<script type=\"application\/ld+json\" class=\"yoast-schema-graph\">{\"@context\":\"https:\\\/\\\/schema.org\",\"@graph\":[{\"@type\":\"Article\",\"@id\":\"https:\\\/\\\/www.organisator.ch\\\/human-resources\\\/2023-02-28\\\/licht-fuer-mehr-leistung-am-arbeitsplatz\\\/#article\",\"isPartOf\":{\"@id\":\"https:\\\/\\\/www.organisator.ch\\\/human-resources\\\/2023-02-28\\\/licht-fuer-mehr-leistung-am-arbeitsplatz\\\/\"},\"author\":{\"name\":\"admin\",\"@id\":\"https:\\\/\\\/www.organisator.ch\\\/#\\\/schema\\\/person\\\/aa2bace6c5c5aad60102004a50c4eb1c\"},\"headline\":\"Licht f\u00fcr mehr Leistung am Arbeitsplatz\",\"datePublished\":\"2023-02-28T04:36:46+00:00\",\"mainEntityOfPage\":{\"@id\":\"https:\\\/\\\/www.organisator.ch\\\/human-resources\\\/2023-02-28\\\/licht-fuer-mehr-leistung-am-arbeitsplatz\\\/\"},\"wordCount\":838,\"publisher\":{\"@id\":\"https:\\\/\\\/www.organisator.ch\\\/#organization\"},\"image\":{\"@id\":\"https:\\\/\\\/www.organisator.ch\\\/human-resources\\\/2023-02-28\\\/licht-fuer-mehr-leistung-am-arbeitsplatz\\\/#primaryimage\"},\"thumbnailUrl\":\"https:\\\/\\\/www.organisator.ch\\\/wp-content\\\/uploads\\\/2023\\\/02\\\/Licht-fuer-mehr-Leistung-am-Arbeitsplatz.jpg\",\"keywords\":[\"Arbeitsplatzgestaltung\",\"Ausgabe 1-2\\\/2023\",\"Beleuchtung\",\"Produkte\"],\"articleSection\":[\"HUMAN RESOURCES\"],\"inLanguage\":\"it-IT\"},{\"@type\":\"WebPage\",\"@id\":\"https:\\\/\\\/www.organisator.ch\\\/human-resources\\\/2023-02-28\\\/licht-fuer-mehr-leistung-am-arbeitsplatz\\\/\",\"url\":\"https:\\\/\\\/www.organisator.ch\\\/human-resources\\\/2023-02-28\\\/licht-fuer-mehr-leistung-am-arbeitsplatz\\\/\",\"name\":\"Licht f\u00fcr mehr Leistung am Arbeitsplatz - Organisator\",\"isPartOf\":{\"@id\":\"https:\\\/\\\/www.organisator.ch\\\/#website\"},\"primaryImageOfPage\":{\"@id\":\"https:\\\/\\\/www.organisator.ch\\\/human-resources\\\/2023-02-28\\\/licht-fuer-mehr-leistung-am-arbeitsplatz\\\/#primaryimage\"},\"image\":{\"@id\":\"https:\\\/\\\/www.organisator.ch\\\/human-resources\\\/2023-02-28\\\/licht-fuer-mehr-leistung-am-arbeitsplatz\\\/#primaryimage\"},\"thumbnailUrl\":\"https:\\\/\\\/www.organisator.ch\\\/wp-content\\\/uploads\\\/2023\\\/02\\\/Licht-fuer-mehr-Leistung-am-Arbeitsplatz.jpg\",\"datePublished\":\"2023-02-28T04:36:46+00:00\",\"description\":\"Richtiges Licht\u00ad am Arbeitsplatz kann das Engagement, die Motivation und das Wohlbefinden der Mitarbeitenden positiv beeinflussen.\",\"breadcrumb\":{\"@id\":\"https:\\\/\\\/www.organisator.ch\\\/human-resources\\\/2023-02-28\\\/licht-fuer-mehr-leistung-am-arbeitsplatz\\\/#breadcrumb\"},\"inLanguage\":\"it-IT\",\"potentialAction\":[{\"@type\":\"ReadAction\",\"target\":[\"https:\\\/\\\/www.organisator.ch\\\/human-resources\\\/2023-02-28\\\/licht-fuer-mehr-leistung-am-arbeitsplatz\\\/\"]}]},{\"@type\":\"ImageObject\",\"inLanguage\":\"it-IT\",\"@id\":\"https:\\\/\\\/www.organisator.ch\\\/human-resources\\\/2023-02-28\\\/licht-fuer-mehr-leistung-am-arbeitsplatz\\\/#primaryimage\",\"url\":\"https:\\\/\\\/www.organisator.ch\\\/wp-content\\\/uploads\\\/2023\\\/02\\\/Licht-fuer-mehr-Leistung-am-Arbeitsplatz.jpg\",\"contentUrl\":\"https:\\\/\\\/www.organisator.ch\\\/wp-content\\\/uploads\\\/2023\\\/02\\\/Licht-fuer-mehr-Leistung-am-Arbeitsplatz.jpg\",\"width\":950,\"height\":600,\"caption\":\"Gute Licht\u00adbedingungen an B\u00fcroarbeitspl\u00e4tzen k\u00f6nnen nicht nur das Wohlbefinden verbessern, sondern wirken sich auch positiv auf die Produktivit\u00e4t der Mitarbeitenden aus und reduzieren die Fehler\u00adanf\u00e4lligkeit. Bild: Kaiser+Kraft\"},{\"@type\":\"BreadcrumbList\",\"@id\":\"https:\\\/\\\/www.organisator.ch\\\/human-resources\\\/2023-02-28\\\/licht-fuer-mehr-leistung-am-arbeitsplatz\\\/#breadcrumb\",\"itemListElement\":[{\"@type\":\"ListItem\",\"position\":1,\"name\":\"Home\",\"item\":\"https:\\\/\\\/www.organisator.ch\\\/\"},{\"@type\":\"ListItem\",\"position\":2,\"name\":\"Licht f\u00fcr mehr Leistung am Arbeitsplatz\"}]},{\"@type\":\"WebSite\",\"@id\":\"https:\\\/\\\/www.organisator.ch\\\/#website\",\"url\":\"https:\\\/\\\/www.organisator.ch\\\/\",\"name\":\"Organisator\",\"description\":\"Kompetent. Praxisnah. Der ORGANISATOR bereitet in 10 Ausgaben pro Jahr die wesentlichen Themen f\u00fcr F\u00fchrungskr\u00e4fte von KMU auf.\",\"publisher\":{\"@id\":\"https:\\\/\\\/www.organisator.ch\\\/#organization\"},\"potentialAction\":[{\"@type\":\"SearchAction\",\"target\":{\"@type\":\"EntryPoint\",\"urlTemplate\":\"https:\\\/\\\/www.organisator.ch\\\/?s={search_term_string}\"},\"query-input\":{\"@type\":\"PropertyValueSpecification\",\"valueRequired\":true,\"valueName\":\"search_term_string\"}}],\"inLanguage\":\"it-IT\"},{\"@type\":\"Organization\",\"@id\":\"https:\\\/\\\/www.organisator.ch\\\/#organization\",\"name\":\"Organisator\",\"url\":\"https:\\\/\\\/www.organisator.ch\\\/\",\"logo\":{\"@type\":\"ImageObject\",\"inLanguage\":\"it-IT\",\"@id\":\"https:\\\/\\\/www.organisator.ch\\\/#\\\/schema\\\/logo\\\/image\\\/\",\"url\":\"https:\\\/\\\/www.organisator.ch\\\/wp-content\\\/uploads\\\/2022\\\/01\\\/Logo_Organisator_Website.png\",\"contentUrl\":\"https:\\\/\\\/www.organisator.ch\\\/wp-content\\\/uploads\\\/2022\\\/01\\\/Logo_Organisator_Website.png\",\"width\":800,\"height\":77,\"caption\":\"Organisator\"},\"image\":{\"@id\":\"https:\\\/\\\/www.organisator.ch\\\/#\\\/schema\\\/logo\\\/image\\\/\"},\"sameAs\":[\"https:\\\/\\\/www.facebook.com\\\/OrganisatorFachmagazin\",\"https:\\\/\\\/www.linkedin.com\\\/showcase\\\/organisator-das-magazin-fr-kmu\",\"https:\\\/\\\/www.xing.com\\\/news\\\/pages\\\/organisator-ch-695\",\"https:\\\/\\\/www.youtube.com\\\/channel\\\/UCGP2Sq0iWaZwT3BdIAQFYpw\"]},{\"@type\":\"Person\",\"@id\":\"https:\\\/\\\/www.organisator.ch\\\/#\\\/schema\\\/person\\\/aa2bace6c5c5aad60102004a50c4eb1c\",\"name\":\"admin\",\"image\":{\"@type\":\"ImageObject\",\"inLanguage\":\"it-IT\",\"@id\":\"https:\\\/\\\/secure.gravatar.com\\\/avatar\\\/ae2f4d718e6c49043e314ce431e7e645d646302a24a5ef5a8bc8e3f5a032e319?s=96&d=mm&r=g\",\"url\":\"https:\\\/\\\/secure.gravatar.com\\\/avatar\\\/ae2f4d718e6c49043e314ce431e7e645d646302a24a5ef5a8bc8e3f5a032e319?s=96&d=mm&r=g\",\"contentUrl\":\"https:\\\/\\\/secure.gravatar.com\\\/avatar\\\/ae2f4d718e6c49043e314ce431e7e645d646302a24a5ef5a8bc8e3f5a032e319?s=96&d=mm&r=g\",\"caption\":\"admin\"},\"sameAs\":[\"https:\\\/\\\/www.organisator.ch\"],\"url\":\"https:\\\/\\\/www.organisator.ch\\\/it\\\/author\\\/admin\\\/\"}]}<\/script>\n<!-- \/ Yoast SEO plugin. -->","yoast_head_json":{"title":"Luce per maggiori prestazioni sul posto di lavoro - Organizzatore","description":"Un'illuminazione adeguata sul posto di lavoro pu\u00f2 influenzare positivamente l'impegno, la motivazione e il benessere dei dipendenti.","robots":{"index":"index","follow":"follow","max-snippet":"max-snippet:-1","max-image-preview":"max-image-preview:large","max-video-preview":"max-video-preview:-1"},"canonical":"https:\/\/www.organisator.ch\/it\/risorse-umane\/2023-02-28\/licht-fuer-mehr-leistung-am-arbeitsplatz\/","og_locale":"it_IT","og_type":"article","og_title":"Licht f\u00fcr mehr Leistung am Arbeitsplatz - Organisator","og_description":"Richtiges Licht\u00ad am Arbeitsplatz kann das Engagement, die Motivation und das Wohlbefinden der Mitarbeitenden positiv beeinflussen.","og_url":"https:\/\/www.organisator.ch\/it\/risorse-umane\/2023-02-28\/licht-fuer-mehr-leistung-am-arbeitsplatz\/","og_site_name":"Organisator","article_publisher":"https:\/\/www.facebook.com\/OrganisatorFachmagazin","article_published_time":"2023-02-28T04:36:46+00:00","og_image":[{"url":"https:\/\/www.organisator.ch\/wp-content\/uploads\/2023\/02\/Licht-fuer-mehr-Leistung-am-Arbeitsplatz.jpg","width":768,"height":485,"type":"image\/jpeg"}],"author":"admin","twitter_card":"summary_large_image","schema":{"@context":"https:\/\/schema.org","@graph":[{"@type":"Article","@id":"https:\/\/www.organisator.ch\/human-resources\/2023-02-28\/licht-fuer-mehr-leistung-am-arbeitsplatz\/#article","isPartOf":{"@id":"https:\/\/www.organisator.ch\/human-resources\/2023-02-28\/licht-fuer-mehr-leistung-am-arbeitsplatz\/"},"author":{"name":"admin","@id":"https:\/\/www.organisator.ch\/#\/schema\/person\/aa2bace6c5c5aad60102004a50c4eb1c"},"headline":"Licht f\u00fcr mehr Leistung am Arbeitsplatz","datePublished":"2023-02-28T04:36:46+00:00","mainEntityOfPage":{"@id":"https:\/\/www.organisator.ch\/human-resources\/2023-02-28\/licht-fuer-mehr-leistung-am-arbeitsplatz\/"},"wordCount":838,"publisher":{"@id":"https:\/\/www.organisator.ch\/#organization"},"image":{"@id":"https:\/\/www.organisator.ch\/human-resources\/2023-02-28\/licht-fuer-mehr-leistung-am-arbeitsplatz\/#primaryimage"},"thumbnailUrl":"https:\/\/www.organisator.ch\/wp-content\/uploads\/2023\/02\/Licht-fuer-mehr-Leistung-am-Arbeitsplatz.jpg","keywords":["Arbeitsplatzgestaltung","Ausgabe 1-2\/2023","Beleuchtung","Produkte"],"articleSection":["HUMAN RESOURCES"],"inLanguage":"it-IT"},{"@type":"WebPage","@id":"https:\/\/www.organisator.ch\/human-resources\/2023-02-28\/licht-fuer-mehr-leistung-am-arbeitsplatz\/","url":"https:\/\/www.organisator.ch\/human-resources\/2023-02-28\/licht-fuer-mehr-leistung-am-arbeitsplatz\/","name":"Luce per maggiori prestazioni sul posto di lavoro - Organizzatore","isPartOf":{"@id":"https:\/\/www.organisator.ch\/#website"},"primaryImageOfPage":{"@id":"https:\/\/www.organisator.ch\/human-resources\/2023-02-28\/licht-fuer-mehr-leistung-am-arbeitsplatz\/#primaryimage"},"image":{"@id":"https:\/\/www.organisator.ch\/human-resources\/2023-02-28\/licht-fuer-mehr-leistung-am-arbeitsplatz\/#primaryimage"},"thumbnailUrl":"https:\/\/www.organisator.ch\/wp-content\/uploads\/2023\/02\/Licht-fuer-mehr-Leistung-am-Arbeitsplatz.jpg","datePublished":"2023-02-28T04:36:46+00:00","description":"Un'illuminazione adeguata sul posto di lavoro pu\u00f2 influenzare positivamente l'impegno, la motivazione e il benessere dei dipendenti.","breadcrumb":{"@id":"https:\/\/www.organisator.ch\/human-resources\/2023-02-28\/licht-fuer-mehr-leistung-am-arbeitsplatz\/#breadcrumb"},"inLanguage":"it-IT","potentialAction":[{"@type":"ReadAction","target":["https:\/\/www.organisator.ch\/human-resources\/2023-02-28\/licht-fuer-mehr-leistung-am-arbeitsplatz\/"]}]},{"@type":"ImageObject","inLanguage":"it-IT","@id":"https:\/\/www.organisator.ch\/human-resources\/2023-02-28\/licht-fuer-mehr-leistung-am-arbeitsplatz\/#primaryimage","url":"https:\/\/www.organisator.ch\/wp-content\/uploads\/2023\/02\/Licht-fuer-mehr-Leistung-am-Arbeitsplatz.jpg","contentUrl":"https:\/\/www.organisator.ch\/wp-content\/uploads\/2023\/02\/Licht-fuer-mehr-Leistung-am-Arbeitsplatz.jpg","width":950,"height":600,"caption":"Gute Licht\u00adbedingungen an B\u00fcroarbeitspl\u00e4tzen k\u00f6nnen nicht nur das Wohlbefinden verbessern, sondern wirken sich auch positiv auf die Produktivit\u00e4t der Mitarbeitenden aus und reduzieren die Fehler\u00adanf\u00e4lligkeit. Bild: Kaiser+Kraft"},{"@type":"BreadcrumbList","@id":"https:\/\/www.organisator.ch\/human-resources\/2023-02-28\/licht-fuer-mehr-leistung-am-arbeitsplatz\/#breadcrumb","itemListElement":[{"@type":"ListItem","position":1,"name":"Home","item":"https:\/\/www.organisator.ch\/"},{"@type":"ListItem","position":2,"name":"Licht f\u00fcr mehr Leistung am Arbeitsplatz"}]},{"@type":"WebSite","@id":"https:\/\/www.organisator.ch\/#website","url":"https:\/\/www.organisator.ch\/","name":"Organizzatore","description":"Competente. Pratico. In 10 numeri all'anno, ORGANISATOR presenta i temi essenziali per i manager delle PMI.","publisher":{"@id":"https:\/\/www.organisator.ch\/#organization"},"potentialAction":[{"@type":"SearchAction","target":{"@type":"EntryPoint","urlTemplate":"https:\/\/www.organisator.ch\/?s={search_term_string}"},"query-input":{"@type":"PropertyValueSpecification","valueRequired":true,"valueName":"search_term_string"}}],"inLanguage":"it-IT"},{"@type":"Organization","@id":"https:\/\/www.organisator.ch\/#organization","name":"Organizzatore","url":"https:\/\/www.organisator.ch\/","logo":{"@type":"ImageObject","inLanguage":"it-IT","@id":"https:\/\/www.organisator.ch\/#\/schema\/logo\/image\/","url":"https:\/\/www.organisator.ch\/wp-content\/uploads\/2022\/01\/Logo_Organisator_Website.png","contentUrl":"https:\/\/www.organisator.ch\/wp-content\/uploads\/2022\/01\/Logo_Organisator_Website.png","width":800,"height":77,"caption":"Organisator"},"image":{"@id":"https:\/\/www.organisator.ch\/#\/schema\/logo\/image\/"},"sameAs":["https:\/\/www.facebook.com\/OrganisatorFachmagazin","https:\/\/www.linkedin.com\/showcase\/organisator-das-magazin-fr-kmu","https:\/\/www.xing.com\/news\/pages\/organisator-ch-695","https:\/\/www.youtube.com\/channel\/UCGP2Sq0iWaZwT3BdIAQFYpw"]},{"@type":"Person","@id":"https:\/\/www.organisator.ch\/#\/schema\/person\/aa2bace6c5c5aad60102004a50c4eb1c","name":"amministratore","image":{"@type":"ImageObject","inLanguage":"it-IT","@id":"https:\/\/secure.gravatar.com\/avatar\/ae2f4d718e6c49043e314ce431e7e645d646302a24a5ef5a8bc8e3f5a032e319?s=96&d=mm&r=g","url":"https:\/\/secure.gravatar.com\/avatar\/ae2f4d718e6c49043e314ce431e7e645d646302a24a5ef5a8bc8e3f5a032e319?s=96&d=mm&r=g","contentUrl":"https:\/\/secure.gravatar.com\/avatar\/ae2f4d718e6c49043e314ce431e7e645d646302a24a5ef5a8bc8e3f5a032e319?s=96&d=mm&r=g","caption":"admin"},"sameAs":["https:\/\/www.organisator.ch"],"url":"https:\/\/www.organisator.ch\/it\/author\/admin\/"}]}},"_links":{"self":[{"href":"https:\/\/www.organisator.ch\/it\/wp-json\/wp\/v2\/posts\/18958","targetHints":{"allow":["GET"]}}],"collection":[{"href":"https:\/\/www.organisator.ch\/it\/wp-json\/wp\/v2\/posts"}],"about":[{"href":"https:\/\/www.organisator.ch\/it\/wp-json\/wp\/v2\/types\/post"}],"author":[{"embeddable":true,"href":"https:\/\/www.organisator.ch\/it\/wp-json\/wp\/v2\/users\/1"}],"replies":[{"embeddable":true,"href":"https:\/\/www.organisator.ch\/it\/wp-json\/wp\/v2\/comments?post=18958"}],"version-history":[{"count":3,"href":"https:\/\/www.organisator.ch\/it\/wp-json\/wp\/v2\/posts\/18958\/revisions"}],"predecessor-version":[{"id":19084,"href":"https:\/\/www.organisator.ch\/it\/wp-json\/wp\/v2\/posts\/18958\/revisions\/19084"}],"wp:featuredmedia":[{"embeddable":true,"href":"https:\/\/www.organisator.ch\/it\/wp-json\/wp\/v2\/media\/18959"}],"wp:attachment":[{"href":"https:\/\/www.organisator.ch\/it\/wp-json\/wp\/v2\/media?parent=18958"}],"wp:term":[{"taxonomy":"category","embeddable":true,"href":"https:\/\/www.organisator.ch\/it\/wp-json\/wp\/v2\/categories?post=18958"},{"taxonomy":"post_tag","embeddable":true,"href":"https:\/\/www.organisator.ch\/it\/wp-json\/wp\/v2\/tags?post=18958"}],"curies":[{"name":"wp","href":"https:\/\/api.w.org\/{rel}","templated":true}]}}