{"id":190,"date":"2016-03-14T08:44:12","date_gmt":"2016-03-14T07:44:12","guid":{"rendered":"http:\/\/dev.organisator.ch\/?p=190"},"modified":"2016-03-14T08:44:12","modified_gmt":"2016-03-14T07:44:12","slug":"sesselwechsel-am-zbw","status":"publish","type":"post","link":"https:\/\/www.organisator.ch\/it\/allgemein\/2016-03-14\/sesselwechsel-am-zbw\/","title":{"rendered":"Cambiamento di presidente alla ZbW"},"content":{"rendered":"<figure id=\"attachment_191\" aria-describedby=\"caption-attachment-191\" style=\"width: 280px\" class=\"wp-caption alignnone\"><img loading=\"lazy\" decoding=\"async\" class=\"size-full wp-image-191\" src=\"https:\/\/www.organisator.ch\/wp-content\/uploads\/2016\/12\/Sesselwechsel-am-ZbW_a_schubiger-organisator.jpg\" alt=\"\" width=\"280\" height=\"311\" srcset=\"https:\/\/www.organisator.ch\/wp-content\/uploads\/2016\/12\/Sesselwechsel-am-ZbW_a_schubiger-organisator.jpg 280w, https:\/\/www.organisator.ch\/wp-content\/uploads\/2016\/12\/Sesselwechsel-am-ZbW_a_schubiger-organisator-11x12.jpg 11w, https:\/\/www.organisator.ch\/wp-content\/uploads\/2016\/12\/Sesselwechsel-am-ZbW_a_schubiger-organisator-158x175.jpg 158w\" sizes=\"auto, (max-width: 280px) 100vw, 280px\" \/><figcaption id=\"caption-attachment-191\" class=\"wp-caption-text\">Andreas Schubiger<\/figcaption><\/figure>\n<p>Il consiglio dello ZbW ha eletto Andreas Schubiger, attuale vice direttore, come nuovo direttore dello ZbW. Andreas Schubiger assumer\u00e0 la responsabilit\u00e0 generale a partire dal 1\u00b0 gennaio 2017.<\/p>\n<p>La SVEB si congratula calorosamente con Andreas Schubiger per la sua nuova sfida. Come esperto di (ulteriore) formazione, Andreas Schubiger accompagna da vicino l'area della formazione dei formatori allo SVEB. Da un lato, \u00e8 presidente della Commissione per la garanzia della qualit\u00e0 dal 2009 ed \u00e8 quindi responsabile di tutti e tre i livelli del sistema modulare AdA. D'altra parte, \u00e8 membro della Commissione svizzera per la formazione dei formatori.<br \/>\n<a href=\"http:\/\/www.alice.ch\" target=\"_blank\" data-cke-saved-href=\"http:\/\/www.alice.ch\" rel=\"noopener\">http:\/\/www.alice.ch<\/a><\/p>","protected":false},"excerpt":{"rendered":"<p>Der ZbW-Vorstand hat Andreas Schubiger, jetziger stv. Direktor, zum neuen Direktor des ZbW gew\u00e4hlt. Andreas Schubiger wird die Gesamtverantwortung per 1. Januar 2017 \u00fcbernehmen. Der SVEB gratuliert Andreas Schubiger ganz herzlich zu seiner neuen Herausforderung. Als ausgewiesener (Weiter)Bildungsexperte begleitet Andreas Schubiger den Bereich Ausbildung der Ausbildenden beim SVEB eng. Zum einen ist er seit 2009 [&hellip;]<\/p>\n","protected":false},"author":1,"featured_media":191,"comment_status":"open","ping_status":"open","sticky":false,"template":"","format":"standard","meta":{"_acf_changed":false,"_yoast_wpseo_focuskw":"ZbW","_yoast_wpseo_metadesc":"Der ZbW-Vorstand hat Andreas Schubiger, zum neuen Direktor des ZbW gew\u00e4hlt. Andreas Schubiger wird die Gesamtverantwortung per 1. Januar 2017 \u00fcbernehmen.","articlekey":"","footnotes":""},"categories":[1],"tags":[382],"class_list":["post-190","post","type-post","status-publish","format-standard","has-post-thumbnail","hentry","category-allgemein","tag-personalien"],"acf":[],"yoast_head":"<!-- This site is optimized with the Yoast SEO plugin v27.4 - https:\/\/yoast.com\/product\/yoast-seo-wordpress\/ -->\n<title>Sesselwechsel am ZbW - Organisator<\/title>\n<meta name=\"description\" content=\"Der ZbW-Vorstand hat Andreas Schubiger, zum neuen Direktor des ZbW gew\u00e4hlt. Andreas Schubiger wird die Gesamtverantwortung per 1. Januar 2017 \u00fcbernehmen.\" \/>\n<meta name=\"robots\" content=\"index, follow, max-snippet:-1, max-image-preview:large, max-video-preview:-1\" \/>\n<link rel=\"canonical\" href=\"https:\/\/www.organisator.ch\/it\/generale\/2016-03-14\/sesselwechsel-am-zbw\/\" \/>\n<meta property=\"og:locale\" content=\"it_IT\" \/>\n<meta property=\"og:type\" content=\"article\" \/>\n<meta property=\"og:title\" content=\"Sesselwechsel am ZbW\" \/>\n<meta property=\"og:description\" content=\"Andreas Schubiger wird neuer Direktor des Zentrums f\u00fcr berufliche Weiterbildung (ZbW).\" \/>\n<meta property=\"og:url\" content=\"https:\/\/www.organisator.ch\/it\/generale\/2016-03-14\/sesselwechsel-am-zbw\/\" \/>\n<meta property=\"og:site_name\" content=\"Organisator\" \/>\n<meta property=\"article:publisher\" content=\"https:\/\/www.facebook.com\/OrganisatorFachmagazin\" \/>\n<meta property=\"article:published_time\" content=\"2016-03-14T07:44:12+00:00\" \/>\n<meta name=\"author\" content=\"admin\" \/>\n<meta name=\"twitter:card\" content=\"summary_large_image\" \/>\n<meta name=\"twitter:image\" content=\"https:\/\/www.organisator.ch\/wp-content\/uploads\/2016\/12\/Sesselwechsel-am-ZbW_a_schubiger-organisator.jpg\" \/>\n<script type=\"application\/ld+json\" class=\"yoast-schema-graph\">{\"@context\":\"https:\\\/\\\/schema.org\",\"@graph\":[{\"@type\":\"Article\",\"@id\":\"https:\\\/\\\/www.organisator.ch\\\/it\\\/generale\\\/2016-03-14\\\/sesselwechsel-am-zbw\\\/#article\",\"isPartOf\":{\"@id\":\"https:\\\/\\\/www.organisator.ch\\\/it\\\/generale\\\/2016-03-14\\\/sesselwechsel-am-zbw\\\/\"},\"author\":{\"name\":\"admin\",\"@id\":\"https:\\\/\\\/www.organisator.ch\\\/#\\\/schema\\\/person\\\/aa2bace6c5c5aad60102004a50c4eb1c\"},\"headline\":\"Sesselwechsel am ZbW\",\"datePublished\":\"2016-03-14T07:44:12+00:00\",\"mainEntityOfPage\":{\"@id\":\"https:\\\/\\\/www.organisator.ch\\\/it\\\/generale\\\/2016-03-14\\\/sesselwechsel-am-zbw\\\/\"},\"wordCount\":102,\"commentCount\":0,\"publisher\":{\"@id\":\"https:\\\/\\\/www.organisator.ch\\\/#organization\"},\"image\":{\"@id\":\"https:\\\/\\\/www.organisator.ch\\\/it\\\/generale\\\/2016-03-14\\\/sesselwechsel-am-zbw\\\/#primaryimage\"},\"thumbnailUrl\":\"https:\\\/\\\/www.organisator.ch\\\/wp-content\\\/uploads\\\/2016\\\/12\\\/Sesselwechsel-am-ZbW_a_schubiger-organisator.jpg\",\"keywords\":[\"Personalien\"],\"articleSection\":[\"Allgemein\"],\"inLanguage\":\"it-IT\"},{\"@type\":\"WebPage\",\"@id\":\"https:\\\/\\\/www.organisator.ch\\\/it\\\/generale\\\/2016-03-14\\\/sesselwechsel-am-zbw\\\/\",\"url\":\"https:\\\/\\\/www.organisator.ch\\\/it\\\/generale\\\/2016-03-14\\\/sesselwechsel-am-zbw\\\/\",\"name\":\"Sesselwechsel am ZbW - Organisator\",\"isPartOf\":{\"@id\":\"https:\\\/\\\/www.organisator.ch\\\/#website\"},\"primaryImageOfPage\":{\"@id\":\"https:\\\/\\\/www.organisator.ch\\\/it\\\/generale\\\/2016-03-14\\\/sesselwechsel-am-zbw\\\/#primaryimage\"},\"image\":{\"@id\":\"https:\\\/\\\/www.organisator.ch\\\/it\\\/generale\\\/2016-03-14\\\/sesselwechsel-am-zbw\\\/#primaryimage\"},\"thumbnailUrl\":\"https:\\\/\\\/www.organisator.ch\\\/wp-content\\\/uploads\\\/2016\\\/12\\\/Sesselwechsel-am-ZbW_a_schubiger-organisator.jpg\",\"datePublished\":\"2016-03-14T07:44:12+00:00\",\"description\":\"Der ZbW-Vorstand hat Andreas Schubiger, zum neuen Direktor des ZbW gew\u00e4hlt. Andreas Schubiger wird die Gesamtverantwortung per 1. Januar 2017 \u00fcbernehmen.\",\"breadcrumb\":{\"@id\":\"https:\\\/\\\/www.organisator.ch\\\/it\\\/generale\\\/2016-03-14\\\/sesselwechsel-am-zbw\\\/#breadcrumb\"},\"inLanguage\":\"it-IT\",\"potentialAction\":[{\"@type\":\"ReadAction\",\"target\":[\"https:\\\/\\\/www.organisator.ch\\\/it\\\/generale\\\/2016-03-14\\\/sesselwechsel-am-zbw\\\/\"]}]},{\"@type\":\"ImageObject\",\"inLanguage\":\"it-IT\",\"@id\":\"https:\\\/\\\/www.organisator.ch\\\/it\\\/generale\\\/2016-03-14\\\/sesselwechsel-am-zbw\\\/#primaryimage\",\"url\":\"https:\\\/\\\/www.organisator.ch\\\/wp-content\\\/uploads\\\/2016\\\/12\\\/Sesselwechsel-am-ZbW_a_schubiger-organisator.jpg\",\"contentUrl\":\"https:\\\/\\\/www.organisator.ch\\\/wp-content\\\/uploads\\\/2016\\\/12\\\/Sesselwechsel-am-ZbW_a_schubiger-organisator.jpg\",\"width\":280,\"height\":311,\"caption\":\"Andreas Schubiger\"},{\"@type\":\"BreadcrumbList\",\"@id\":\"https:\\\/\\\/www.organisator.ch\\\/it\\\/generale\\\/2016-03-14\\\/sesselwechsel-am-zbw\\\/#breadcrumb\",\"itemListElement\":[{\"@type\":\"ListItem\",\"position\":1,\"name\":\"Home\",\"item\":\"https:\\\/\\\/www.organisator.ch\\\/\"},{\"@type\":\"ListItem\",\"position\":2,\"name\":\"Sesselwechsel am ZbW\"}]},{\"@type\":\"WebSite\",\"@id\":\"https:\\\/\\\/www.organisator.ch\\\/#website\",\"url\":\"https:\\\/\\\/www.organisator.ch\\\/\",\"name\":\"Organisator\",\"description\":\"Kompetent. Praxisnah. Der ORGANISATOR bereitet in 10 Ausgaben pro Jahr die wesentlichen Themen f\u00fcr F\u00fchrungskr\u00e4fte von KMU auf.\",\"publisher\":{\"@id\":\"https:\\\/\\\/www.organisator.ch\\\/#organization\"},\"potentialAction\":[{\"@type\":\"SearchAction\",\"target\":{\"@type\":\"EntryPoint\",\"urlTemplate\":\"https:\\\/\\\/www.organisator.ch\\\/?s={search_term_string}\"},\"query-input\":{\"@type\":\"PropertyValueSpecification\",\"valueRequired\":true,\"valueName\":\"search_term_string\"}}],\"inLanguage\":\"it-IT\"},{\"@type\":\"Organization\",\"@id\":\"https:\\\/\\\/www.organisator.ch\\\/#organization\",\"name\":\"Organisator\",\"url\":\"https:\\\/\\\/www.organisator.ch\\\/\",\"logo\":{\"@type\":\"ImageObject\",\"inLanguage\":\"it-IT\",\"@id\":\"https:\\\/\\\/www.organisator.ch\\\/#\\\/schema\\\/logo\\\/image\\\/\",\"url\":\"https:\\\/\\\/www.organisator.ch\\\/wp-content\\\/uploads\\\/2022\\\/01\\\/Logo_Organisator_Website.png\",\"contentUrl\":\"https:\\\/\\\/www.organisator.ch\\\/wp-content\\\/uploads\\\/2022\\\/01\\\/Logo_Organisator_Website.png\",\"width\":800,\"height\":77,\"caption\":\"Organisator\"},\"image\":{\"@id\":\"https:\\\/\\\/www.organisator.ch\\\/#\\\/schema\\\/logo\\\/image\\\/\"},\"sameAs\":[\"https:\\\/\\\/www.facebook.com\\\/OrganisatorFachmagazin\",\"https:\\\/\\\/www.linkedin.com\\\/showcase\\\/organisator-das-magazin-fr-kmu\",\"https:\\\/\\\/www.xing.com\\\/news\\\/pages\\\/organisator-ch-695\",\"https:\\\/\\\/www.youtube.com\\\/channel\\\/UCGP2Sq0iWaZwT3BdIAQFYpw\"]},{\"@type\":\"Person\",\"@id\":\"https:\\\/\\\/www.organisator.ch\\\/#\\\/schema\\\/person\\\/aa2bace6c5c5aad60102004a50c4eb1c\",\"name\":\"admin\",\"image\":{\"@type\":\"ImageObject\",\"inLanguage\":\"it-IT\",\"@id\":\"https:\\\/\\\/secure.gravatar.com\\\/avatar\\\/ae2f4d718e6c49043e314ce431e7e645d646302a24a5ef5a8bc8e3f5a032e319?s=96&d=mm&r=g\",\"url\":\"https:\\\/\\\/secure.gravatar.com\\\/avatar\\\/ae2f4d718e6c49043e314ce431e7e645d646302a24a5ef5a8bc8e3f5a032e319?s=96&d=mm&r=g\",\"contentUrl\":\"https:\\\/\\\/secure.gravatar.com\\\/avatar\\\/ae2f4d718e6c49043e314ce431e7e645d646302a24a5ef5a8bc8e3f5a032e319?s=96&d=mm&r=g\",\"caption\":\"admin\"},\"sameAs\":[\"https:\\\/\\\/www.organisator.ch\"],\"url\":\"https:\\\/\\\/www.organisator.ch\\\/it\\\/author\\\/admin\\\/\"}]}<\/script>\n<!-- \/ Yoast SEO plugin. -->","yoast_head_json":{"title":"Cambio di presidenza alla ZbW - Organizzatore","description":"Il Consiglio della ZbW ha eletto Andreas Schubiger nuovo direttore della ZbW. Andreas Schubiger assumer\u00e0 la responsabilit\u00e0 generale a partire dal 1\u00b0 gennaio 2017.","robots":{"index":"index","follow":"follow","max-snippet":"max-snippet:-1","max-image-preview":"max-image-preview:large","max-video-preview":"max-video-preview:-1"},"canonical":"https:\/\/www.organisator.ch\/it\/generale\/2016-03-14\/sesselwechsel-am-zbw\/","og_locale":"it_IT","og_type":"article","og_title":"Sesselwechsel am ZbW","og_description":"Andreas Schubiger wird neuer Direktor des Zentrums f\u00fcr berufliche Weiterbildung (ZbW).","og_url":"https:\/\/www.organisator.ch\/it\/generale\/2016-03-14\/sesselwechsel-am-zbw\/","og_site_name":"Organisator","article_publisher":"https:\/\/www.facebook.com\/OrganisatorFachmagazin","article_published_time":"2016-03-14T07:44:12+00:00","author":"admin","twitter_card":"summary_large_image","twitter_image":"https:\/\/www.organisator.ch\/wp-content\/uploads\/2016\/12\/Sesselwechsel-am-ZbW_a_schubiger-organisator.jpg","schema":{"@context":"https:\/\/schema.org","@graph":[{"@type":"Article","@id":"https:\/\/www.organisator.ch\/it\/generale\/2016-03-14\/sesselwechsel-am-zbw\/#article","isPartOf":{"@id":"https:\/\/www.organisator.ch\/it\/generale\/2016-03-14\/sesselwechsel-am-zbw\/"},"author":{"name":"admin","@id":"https:\/\/www.organisator.ch\/#\/schema\/person\/aa2bace6c5c5aad60102004a50c4eb1c"},"headline":"Sesselwechsel am ZbW","datePublished":"2016-03-14T07:44:12+00:00","mainEntityOfPage":{"@id":"https:\/\/www.organisator.ch\/it\/generale\/2016-03-14\/sesselwechsel-am-zbw\/"},"wordCount":102,"commentCount":0,"publisher":{"@id":"https:\/\/www.organisator.ch\/#organization"},"image":{"@id":"https:\/\/www.organisator.ch\/it\/generale\/2016-03-14\/sesselwechsel-am-zbw\/#primaryimage"},"thumbnailUrl":"https:\/\/www.organisator.ch\/wp-content\/uploads\/2016\/12\/Sesselwechsel-am-ZbW_a_schubiger-organisator.jpg","keywords":["Personalien"],"articleSection":["Allgemein"],"inLanguage":"it-IT"},{"@type":"WebPage","@id":"https:\/\/www.organisator.ch\/it\/generale\/2016-03-14\/sesselwechsel-am-zbw\/","url":"https:\/\/www.organisator.ch\/it\/generale\/2016-03-14\/sesselwechsel-am-zbw\/","name":"Cambio di presidenza alla ZbW - Organizzatore","isPartOf":{"@id":"https:\/\/www.organisator.ch\/#website"},"primaryImageOfPage":{"@id":"https:\/\/www.organisator.ch\/it\/generale\/2016-03-14\/sesselwechsel-am-zbw\/#primaryimage"},"image":{"@id":"https:\/\/www.organisator.ch\/it\/generale\/2016-03-14\/sesselwechsel-am-zbw\/#primaryimage"},"thumbnailUrl":"https:\/\/www.organisator.ch\/wp-content\/uploads\/2016\/12\/Sesselwechsel-am-ZbW_a_schubiger-organisator.jpg","datePublished":"2016-03-14T07:44:12+00:00","description":"Il Consiglio della ZbW ha eletto Andreas Schubiger nuovo direttore della ZbW. Andreas Schubiger assumer\u00e0 la responsabilit\u00e0 generale a partire dal 1\u00b0 gennaio 2017.","breadcrumb":{"@id":"https:\/\/www.organisator.ch\/it\/generale\/2016-03-14\/sesselwechsel-am-zbw\/#breadcrumb"},"inLanguage":"it-IT","potentialAction":[{"@type":"ReadAction","target":["https:\/\/www.organisator.ch\/it\/generale\/2016-03-14\/sesselwechsel-am-zbw\/"]}]},{"@type":"ImageObject","inLanguage":"it-IT","@id":"https:\/\/www.organisator.ch\/it\/generale\/2016-03-14\/sesselwechsel-am-zbw\/#primaryimage","url":"https:\/\/www.organisator.ch\/wp-content\/uploads\/2016\/12\/Sesselwechsel-am-ZbW_a_schubiger-organisator.jpg","contentUrl":"https:\/\/www.organisator.ch\/wp-content\/uploads\/2016\/12\/Sesselwechsel-am-ZbW_a_schubiger-organisator.jpg","width":280,"height":311,"caption":"Andreas Schubiger"},{"@type":"BreadcrumbList","@id":"https:\/\/www.organisator.ch\/it\/generale\/2016-03-14\/sesselwechsel-am-zbw\/#breadcrumb","itemListElement":[{"@type":"ListItem","position":1,"name":"Home","item":"https:\/\/www.organisator.ch\/"},{"@type":"ListItem","position":2,"name":"Sesselwechsel am ZbW"}]},{"@type":"WebSite","@id":"https:\/\/www.organisator.ch\/#website","url":"https:\/\/www.organisator.ch\/","name":"Organizzatore","description":"Competente. Pratico. In 10 numeri all'anno, ORGANISATOR presenta i temi essenziali per i manager delle PMI.","publisher":{"@id":"https:\/\/www.organisator.ch\/#organization"},"potentialAction":[{"@type":"SearchAction","target":{"@type":"EntryPoint","urlTemplate":"https:\/\/www.organisator.ch\/?s={search_term_string}"},"query-input":{"@type":"PropertyValueSpecification","valueRequired":true,"valueName":"search_term_string"}}],"inLanguage":"it-IT"},{"@type":"Organization","@id":"https:\/\/www.organisator.ch\/#organization","name":"Organizzatore","url":"https:\/\/www.organisator.ch\/","logo":{"@type":"ImageObject","inLanguage":"it-IT","@id":"https:\/\/www.organisator.ch\/#\/schema\/logo\/image\/","url":"https:\/\/www.organisator.ch\/wp-content\/uploads\/2022\/01\/Logo_Organisator_Website.png","contentUrl":"https:\/\/www.organisator.ch\/wp-content\/uploads\/2022\/01\/Logo_Organisator_Website.png","width":800,"height":77,"caption":"Organisator"},"image":{"@id":"https:\/\/www.organisator.ch\/#\/schema\/logo\/image\/"},"sameAs":["https:\/\/www.facebook.com\/OrganisatorFachmagazin","https:\/\/www.linkedin.com\/showcase\/organisator-das-magazin-fr-kmu","https:\/\/www.xing.com\/news\/pages\/organisator-ch-695","https:\/\/www.youtube.com\/channel\/UCGP2Sq0iWaZwT3BdIAQFYpw"]},{"@type":"Person","@id":"https:\/\/www.organisator.ch\/#\/schema\/person\/aa2bace6c5c5aad60102004a50c4eb1c","name":"amministratore","image":{"@type":"ImageObject","inLanguage":"it-IT","@id":"https:\/\/secure.gravatar.com\/avatar\/ae2f4d718e6c49043e314ce431e7e645d646302a24a5ef5a8bc8e3f5a032e319?s=96&d=mm&r=g","url":"https:\/\/secure.gravatar.com\/avatar\/ae2f4d718e6c49043e314ce431e7e645d646302a24a5ef5a8bc8e3f5a032e319?s=96&d=mm&r=g","contentUrl":"https:\/\/secure.gravatar.com\/avatar\/ae2f4d718e6c49043e314ce431e7e645d646302a24a5ef5a8bc8e3f5a032e319?s=96&d=mm&r=g","caption":"admin"},"sameAs":["https:\/\/www.organisator.ch"],"url":"https:\/\/www.organisator.ch\/it\/author\/admin\/"}]}},"_links":{"self":[{"href":"https:\/\/www.organisator.ch\/it\/wp-json\/wp\/v2\/posts\/190","targetHints":{"allow":["GET"]}}],"collection":[{"href":"https:\/\/www.organisator.ch\/it\/wp-json\/wp\/v2\/posts"}],"about":[{"href":"https:\/\/www.organisator.ch\/it\/wp-json\/wp\/v2\/types\/post"}],"author":[{"embeddable":true,"href":"https:\/\/www.organisator.ch\/it\/wp-json\/wp\/v2\/users\/1"}],"replies":[{"embeddable":true,"href":"https:\/\/www.organisator.ch\/it\/wp-json\/wp\/v2\/comments?post=190"}],"version-history":[{"count":0,"href":"https:\/\/www.organisator.ch\/it\/wp-json\/wp\/v2\/posts\/190\/revisions"}],"wp:featuredmedia":[{"embeddable":true,"href":"https:\/\/www.organisator.ch\/it\/wp-json\/wp\/v2\/media\/191"}],"wp:attachment":[{"href":"https:\/\/www.organisator.ch\/it\/wp-json\/wp\/v2\/media?parent=190"}],"wp:term":[{"taxonomy":"category","embeddable":true,"href":"https:\/\/www.organisator.ch\/it\/wp-json\/wp\/v2\/categories?post=190"},{"taxonomy":"post_tag","embeddable":true,"href":"https:\/\/www.organisator.ch\/it\/wp-json\/wp\/v2\/tags?post=190"}],"curies":[{"name":"wp","href":"https:\/\/api.w.org\/{rel}","templated":true}]}}