{"id":19002,"date":"2023-02-24T09:00:19","date_gmt":"2023-02-24T08:00:19","guid":{"rendered":"https:\/\/www.organisator.ch\/?p=19002"},"modified":"2023-02-24T08:52:25","modified_gmt":"2023-02-24T07:52:25","slug":"gut-essen-ohne-eigenes-mitarbeiterrestaurant-geht-mit-gustav","status":"publish","type":"post","link":"https:\/\/www.organisator.ch\/it\/allgemein\/2023-02-24\/gut-essen-ohne-eigenes-mitarbeiterrestaurant-geht-mit-gustav\/","title":{"rendered":"Mangiare bene senza un ristorante personale? \u00c8 possibile - con Gustav."},"content":{"rendered":"<figure id=\"attachment_19003\" aria-describedby=\"caption-attachment-19003\" style=\"width: 680px\" class=\"wp-caption alignnone\"><img loading=\"lazy\" decoding=\"async\" class=\"size-full wp-image-19003\" src=\"https:\/\/www.organisator.ch\/wp-content\/uploads\/2023\/02\/Gut-essen-ohne-eigenes-Mitarbeiterrestaurant-Geht-\u2013-mit-gustav-1_Organisator.jpg\" alt=\"\" width=\"680\" height=\"453\" srcset=\"https:\/\/www.organisator.ch\/wp-content\/uploads\/2023\/02\/Gut-essen-ohne-eigenes-Mitarbeiterrestaurant-Geht-\u2013-mit-gustav-1_Organisator.jpg 680w, https:\/\/www.organisator.ch\/wp-content\/uploads\/2023\/02\/Gut-essen-ohne-eigenes-Mitarbeiterrestaurant-Geht-\u2013-mit-gustav-1_Organisator-18x12.jpg 18w, https:\/\/www.organisator.ch\/wp-content\/uploads\/2023\/02\/Gut-essen-ohne-eigenes-Mitarbeiterrestaurant-Geht-\u2013-mit-gustav-1_Organisator-375x250.jpg 375w, https:\/\/www.organisator.ch\/wp-content\/uploads\/2023\/02\/Gut-essen-ohne-eigenes-Mitarbeiterrestaurant-Geht-\u2013-mit-gustav-1_Organisator-525x350.jpg 525w\" sizes=\"auto, (max-width: 680px) 100vw, 680px\" \/><figcaption id=\"caption-attachment-19003\" class=\"wp-caption-text\">Lo Smartfridge gustav offre una ristorazione sana sul posto di lavoro. (Immagine: Gruppo SV)<\/figcaption><\/figure>\n<p>\"Lo spreco alimentare \u00e8 sulla bocca di tutti. Non letteralmente, ovviamente. Ma il tema dello spreco alimentare \u00e8 sulla bocca di tutti in Svizzera, almeno da quando i lettori reporter hanno lanciato l'allarme a \"20 Minuten\" nel settembre 2022: le terribili immagini di contenitori di rifiuti pieni di prodotti da forno e di centinaia di menu rovinati e ancora confezionati in un sito di smaltimento hanno causato una mancanza di comprensione.<\/p>\n<p>La preoccupazione \u00e8 fondata: 91,8 chili di cibo buttati via pro capite ogni anno non sono una cosa da ridere. Circa 750.000 tonnellate di rifiuti alimentari all'anno, che perdono valore alimentare, climatico e monetario, sono un chiaro invito a una maggiore sostenibilit\u00e0 nella gestione degli alimenti.<\/p>\n<p>I privati rispondono alla necessit\u00e0 di agire con acquisti mirati e persino con corsi di cucina per evitare gli sprechi alimentari, come quelli offerti dal comune argoviese di Kirchdorf. Ma anche la ristorazione collettiva \u00e8 responsabile.<\/p>\n<p>Il modo in cui percepirli \u00e8 mostrato dalla <a href=\"https:\/\/www.sv-group.ch\/de\/\">Gruppo SV<\/a> con il loro frigorifero intelligente gustav. Il frigorifero intelligente non \u00e8 solo la pi\u00f9 semplice stazione alimentare autonoma, dove i dipendenti possono scegliere e consumare fino a 300 snack deliziosi e salutari, menu SV stagionali, nutrienti o internazionali e bevande 24 ore su 24, 7 giorni su 7, utilizzando \"Tap, Grab &amp; Go\" (mentre la fatturazione e il pagamento avvengono automaticamente sull'app). Un vantaggio fondamentale di gustav \u00e8 anche la riduzione degli sprechi alimentari.<\/p>\n<figure id=\"attachment_19004\" aria-describedby=\"caption-attachment-19004\" style=\"width: 667px\" class=\"wp-caption alignnone\"><img loading=\"lazy\" decoding=\"async\" class=\"size-medium wp-image-19004\" src=\"https:\/\/www.organisator.ch\/wp-content\/uploads\/2023\/02\/Gut-essen-ohne-eigenes-Mitarbeiterrestaurant-Geht-\u2013-mit-gustav-2_Organisator-667x1000.jpg\" alt=\"\" width=\"667\" height=\"1000\" srcset=\"https:\/\/www.organisator.ch\/wp-content\/uploads\/2023\/02\/Gut-essen-ohne-eigenes-Mitarbeiterrestaurant-Geht-\u2013-mit-gustav-2_Organisator-667x1000.jpg 667w, https:\/\/www.organisator.ch\/wp-content\/uploads\/2023\/02\/Gut-essen-ohne-eigenes-Mitarbeiterrestaurant-Geht-\u2013-mit-gustav-2_Organisator-8x12.jpg 8w, https:\/\/www.organisator.ch\/wp-content\/uploads\/2023\/02\/Gut-essen-ohne-eigenes-Mitarbeiterrestaurant-Geht-\u2013-mit-gustav-2_Organisator-200x300.jpg 200w, https:\/\/www.organisator.ch\/wp-content\/uploads\/2023\/02\/Gut-essen-ohne-eigenes-Mitarbeiterrestaurant-Geht-\u2013-mit-gustav-2_Organisator-233x350.jpg 233w, https:\/\/www.organisator.ch\/wp-content\/uploads\/2023\/02\/Gut-essen-ohne-eigenes-Mitarbeiterrestaurant-Geht-\u2013-mit-gustav-2_Organisator-533x800.jpg 533w, https:\/\/www.organisator.ch\/wp-content\/uploads\/2023\/02\/Gut-essen-ohne-eigenes-Mitarbeiterrestaurant-Geht-\u2013-mit-gustav-2_Organisator.jpg 680w\" sizes=\"auto, (max-width: 667px) 100vw, 667px\" \/><figcaption id=\"caption-attachment-19004\" class=\"wp-caption-text\">(Immagine: Gruppo SV)<\/figcaption><\/figure>\n<p>\u279c Lo Smartfridge intelligente analizza e conosce le preferenze culinarie degli ospiti. Ci\u00f2 consente a SV di pianificare con precisione il riempimento e la consegna dei menu pi\u00f9 richiesti, in base alla domanda e individualmente. In questo modo si riducono gli sprechi di cibo, perch\u00e9 a Gustav si mette in tavola ci\u00f2 che piace alle persone.<\/p>\n<p>\u279c I prodotti freschi di alta qualit\u00e0 di SV-Manufaktur sono protetti in modo ideale dalla contaminazione e dalla ricontaminazione durante la produzione nella camera bianca pressurizzata e quindi hanno una durata di conservazione pi\u00f9 lunga. Ci\u00f2 riduce ulteriormente la probabilit\u00e0 di scarto.<\/p>\n<p>\u279c Gli articoli con data di scadenza vengono offerti a met\u00e0 prezzo 10 ore prima della scadenza, cio\u00e8 dalle 14.00; i clienti ricevono messaggi push sullo sconto anti-spreco alimentare tramite app.<\/p>\n<p>Gli alimenti invenduti vengono raccolti nella Svizzera tedesca prima di mezzanotte e messi sulla piattaforma alimentare toogoodtogo.com a un prezzo ulteriormente ridotto.<\/p>\n<p>\u279c L'ultimo avanzo di cibo viene riciclato per la produzione di biogas, in conformit\u00e0 con l'ordinanza svizzera sugli alimenti, il che significa che anche gli avanzi non pi\u00f9 commestibili possono essere trasformati in qualcosa di buono.<\/p>\n<p>gustav e la SV hanno un bilancio complessivo di sostenibilit\u00e0 impressionante.<\/p>\n<ul>\n<li>l'ultima versione di gustav raffredda con il propano. Il propano ha un valore di potenziale di riscaldamento globale pari a 3, mentre i refrigeranti convenzionali nei frigoriferi della concorrenza ne hanno uno pari a 1036.<\/li>\n<li>Nella sua consociata, Office Delivery gustav, SV si affida completamente a stoviglie riutilizzabili. I mezzi di trasporto del servizio di consegna operano in modo certificato a impatto climatico zero.<\/li>\n<li>Inoltre, l'uso di imballaggi in cartone riciclato e ulteriormente riciclabile \u00e8 un punto di forza unico di SV. A differenza dei concorrenti, la plastica \u00e8 ridotta al minimo, a tutto vantaggio dell'ambiente.<\/li>\n<li>Infine, SV misura e riduce sistematicamente gli sprechi di cibo in tutti i suoi ristoranti; in occasione di eventi SV, gli ospiti sono gentilmente invitati a portare a casa i pezzetti avanzati.<\/li>\n<li>La Fondazione SV, senza scopo di lucro e azionista di maggioranza di SV, sostiene progetti e organizzazioni che lavorano per promuovere un'alimentazione sana e ridurre gli sprechi alimentari (ad esempio Foodsave Bankette, Schweizer Tafel, Madame Frigo, Partage Foundation e Tischlein deck dich).<\/li>\n<\/ul>\n<p>gustav Smartfridge nutre bene e in modo sostenibile i lavoratori e rivitalizza molte PMI nel deserto alimentare con una tecnologia intelligente, intuitiva e semplice. Inoltre, la sostenibilit\u00e0 \u00e8 parte integrante della strategia di SV da molti anni.<\/p>\n<figure id=\"attachment_19005\" aria-describedby=\"caption-attachment-19005\" style=\"width: 680px\" class=\"wp-caption alignnone\"><img loading=\"lazy\" decoding=\"async\" class=\"size-full wp-image-19005\" src=\"https:\/\/www.organisator.ch\/wp-content\/uploads\/2023\/02\/Gut-essen-ohne-eigenes-Mitarbeiterrestaurant-Geht-\u2013-mit-gustav-3_Organisator.jpg\" alt=\"\" width=\"680\" height=\"454\" srcset=\"https:\/\/www.organisator.ch\/wp-content\/uploads\/2023\/02\/Gut-essen-ohne-eigenes-Mitarbeiterrestaurant-Geht-\u2013-mit-gustav-3_Organisator.jpg 680w, https:\/\/www.organisator.ch\/wp-content\/uploads\/2023\/02\/Gut-essen-ohne-eigenes-Mitarbeiterrestaurant-Geht-\u2013-mit-gustav-3_Organisator-18x12.jpg 18w, https:\/\/www.organisator.ch\/wp-content\/uploads\/2023\/02\/Gut-essen-ohne-eigenes-Mitarbeiterrestaurant-Geht-\u2013-mit-gustav-3_Organisator-375x250.jpg 375w, https:\/\/www.organisator.ch\/wp-content\/uploads\/2023\/02\/Gut-essen-ohne-eigenes-Mitarbeiterrestaurant-Geht-\u2013-mit-gustav-3_Organisator-524x350.jpg 524w\" sizes=\"auto, (max-width: 680px) 100vw, 680px\" \/><figcaption id=\"caption-attachment-19005\" class=\"wp-caption-text\">(Immagine: Gruppo SV)<\/figcaption><\/figure>\n<blockquote>\n<h3>Prova ora!<\/h3>\n<p><a href=\"http:\/\/www.gustavmarket.ch\"><img loading=\"lazy\" decoding=\"async\" class=\"alignnone wp-image-19006 size-full\" src=\"https:\/\/www.organisator.ch\/wp-content\/uploads\/2023\/02\/Gut-essen-ohne-eigenes-Mitarbeiterrestaurant-Geht-\u2013-mit-gustav-4_Organisator.jpg\" alt=\"\" width=\"340\" height=\"340\" srcset=\"https:\/\/www.organisator.ch\/wp-content\/uploads\/2023\/02\/Gut-essen-ohne-eigenes-Mitarbeiterrestaurant-Geht-\u2013-mit-gustav-4_Organisator.jpg 340w, https:\/\/www.organisator.ch\/wp-content\/uploads\/2023\/02\/Gut-essen-ohne-eigenes-Mitarbeiterrestaurant-Geht-\u2013-mit-gustav-4_Organisator-150x150.jpg 150w, https:\/\/www.organisator.ch\/wp-content\/uploads\/2023\/02\/Gut-essen-ohne-eigenes-Mitarbeiterrestaurant-Geht-\u2013-mit-gustav-4_Organisator-12x12.jpg 12w, https:\/\/www.organisator.ch\/wp-content\/uploads\/2023\/02\/Gut-essen-ohne-eigenes-Mitarbeiterrestaurant-Geht-\u2013-mit-gustav-4_Organisator-300x300.jpg 300w, https:\/\/www.organisator.ch\/wp-content\/uploads\/2023\/02\/Gut-essen-ohne-eigenes-Mitarbeiterrestaurant-Geht-\u2013-mit-gustav-4_Organisator-250x250.jpg 250w\" sizes=\"auto, (max-width: 340px) 100vw, 340px\" \/><\/a><\/p>\n<p>gustav<br \/>\nWallisellenstrasse 57<br \/>\n8600 D\u00fcbendorf<br \/>\nSiamo lieti di consigliarvi<br \/>\nT +41 79 518 84 54<br \/>\n<a href=\"mailto:info@gustavmarket.ch\">info@gustavmarket.ch<\/a><br \/>\n<a href=\"http:\/\/www.gustavmarket.ch\">www.gustavmarket.ch<\/a><\/p><\/blockquote>","protected":false},"excerpt":{"rendered":"<p>\u00abFood Waste\u00bb ist in aller Munde. Nat\u00fcrlich nicht wortw\u00f6rtlich. Aber das Thema Lebensmittelverschwendung bewegt die Schweiz \u2013 sp\u00e4testens, seit Leserreporter\u00adInnen im September 2022 bei \u00ab20 Minuten\u00bb Alarm schlugen: Schlimme Bilder von mit Backwaren randvollen Abfallcontainern und Hunderte verdorbener, noch verpackter Men\u00fcs auf einer Entsorgungsstelle sorgten f\u00fcr Verst\u00e4ndnislosigkeit. Die Besorgnis ist begr\u00fcndet: J\u00e4hrlich 91,8 Kilo weggeworfene [&hellip;]<\/p>\n","protected":false},"author":4,"featured_media":19004,"comment_status":"closed","ping_status":"closed","sticky":false,"template":"","format":"standard","meta":{"_acf_changed":false,"_yoast_wpseo_focuskw":"gustav","_yoast_wpseo_metadesc":"Der Smartfridge gustav ist eine intelligente Verpflegungs\u00adl\u00f6sung f\u00fcr Firmen, denen Mitarbeitende und die Nachhaltigkeit am Herzen liegen.","articlekey":"","footnotes":""},"categories":[1],"tags":[],"class_list":["post-19002","post","type-post","status-publish","format-standard","has-post-thumbnail","hentry","category-allgemein"],"acf":[],"yoast_head":"<!-- This site is optimized with the Yoast SEO plugin v27.5 - https:\/\/yoast.com\/product\/yoast-seo-wordpress\/ -->\n<title>Gut essen ohne eigenes Mitarbeiterrestaurant? Geht \u2013 mit gustav. - Organisator<\/title>\n<meta name=\"description\" content=\"Der Smartfridge gustav ist eine intelligente Verpflegungs\u00adl\u00f6sung f\u00fcr Firmen, denen Mitarbeitende und die Nachhaltigkeit am Herzen liegen.\" \/>\n<meta name=\"robots\" content=\"index, follow, max-snippet:-1, max-image-preview:large, max-video-preview:-1\" \/>\n<link rel=\"canonical\" href=\"https:\/\/www.organisator.ch\/it\/generale\/2023-02-24\/gut-essen-ohne-eigenes-mitarbeiterrestaurant-geht-mit-gustav\/\" \/>\n<meta property=\"og:locale\" content=\"it_IT\" \/>\n<meta property=\"og:type\" content=\"article\" \/>\n<meta property=\"og:title\" content=\"Gut essen ohne eigenes Mitarbeiterrestaurant? Geht \u2013 mit gustav. - Organisator\" \/>\n<meta property=\"og:description\" content=\"Der Smartfridge gustav ist eine intelligente Verpflegungs\u00adl\u00f6sung f\u00fcr Firmen, denen Mitarbeitende und die Nachhaltigkeit am Herzen liegen.\" \/>\n<meta property=\"og:url\" content=\"https:\/\/www.organisator.ch\/it\/generale\/2023-02-24\/gut-essen-ohne-eigenes-mitarbeiterrestaurant-geht-mit-gustav\/\" \/>\n<meta property=\"og:site_name\" content=\"Organisator\" \/>\n<meta property=\"article:publisher\" content=\"https:\/\/www.facebook.com\/OrganisatorFachmagazin\" \/>\n<meta property=\"article:published_time\" content=\"2023-02-24T08:00:19+00:00\" \/>\n<meta property=\"og:image\" content=\"https:\/\/www.organisator.ch\/wp-content\/uploads\/2023\/02\/Gut-essen-ohne-eigenes-Mitarbeiterrestaurant-Geht-\u2013-mit-gustav-2_Organisator.jpg\" \/>\n\t<meta property=\"og:image:width\" content=\"680\" \/>\n\t<meta property=\"og:image:height\" content=\"1020\" \/>\n\t<meta property=\"og:image:type\" content=\"image\/jpeg\" \/>\n<meta name=\"author\" content=\"thomas.berner\" \/>\n<meta name=\"twitter:card\" content=\"summary_large_image\" \/>\n<script type=\"application\/ld+json\" class=\"yoast-schema-graph\">{\"@context\":\"https:\\\/\\\/schema.org\",\"@graph\":[{\"@type\":\"Article\",\"@id\":\"https:\\\/\\\/www.organisator.ch\\\/allgemein\\\/2023-02-24\\\/gut-essen-ohne-eigenes-mitarbeiterrestaurant-geht-mit-gustav\\\/#article\",\"isPartOf\":{\"@id\":\"https:\\\/\\\/www.organisator.ch\\\/allgemein\\\/2023-02-24\\\/gut-essen-ohne-eigenes-mitarbeiterrestaurant-geht-mit-gustav\\\/\"},\"author\":{\"name\":\"thomas.berner\",\"@id\":\"https:\\\/\\\/www.organisator.ch\\\/#\\\/schema\\\/person\\\/6f650f90b2842cd4c0cc334b4e36f67e\"},\"headline\":\"Gut essen ohne eigenes Mitarbeiterrestaurant? Geht \u2013 mit gustav.\",\"datePublished\":\"2023-02-24T08:00:19+00:00\",\"mainEntityOfPage\":{\"@id\":\"https:\\\/\\\/www.organisator.ch\\\/allgemein\\\/2023-02-24\\\/gut-essen-ohne-eigenes-mitarbeiterrestaurant-geht-mit-gustav\\\/\"},\"wordCount\":587,\"publisher\":{\"@id\":\"https:\\\/\\\/www.organisator.ch\\\/#organization\"},\"image\":{\"@id\":\"https:\\\/\\\/www.organisator.ch\\\/allgemein\\\/2023-02-24\\\/gut-essen-ohne-eigenes-mitarbeiterrestaurant-geht-mit-gustav\\\/#primaryimage\"},\"thumbnailUrl\":\"https:\\\/\\\/www.organisator.ch\\\/wp-content\\\/uploads\\\/2023\\\/02\\\/Gut-essen-ohne-eigenes-Mitarbeiterrestaurant-Geht-\u2013-mit-gustav-2_Organisator.jpg\",\"articleSection\":[\"Allgemein\"],\"inLanguage\":\"it-IT\"},{\"@type\":\"WebPage\",\"@id\":\"https:\\\/\\\/www.organisator.ch\\\/allgemein\\\/2023-02-24\\\/gut-essen-ohne-eigenes-mitarbeiterrestaurant-geht-mit-gustav\\\/\",\"url\":\"https:\\\/\\\/www.organisator.ch\\\/allgemein\\\/2023-02-24\\\/gut-essen-ohne-eigenes-mitarbeiterrestaurant-geht-mit-gustav\\\/\",\"name\":\"Gut essen ohne eigenes Mitarbeiterrestaurant? Geht \u2013 mit gustav. - Organisator\",\"isPartOf\":{\"@id\":\"https:\\\/\\\/www.organisator.ch\\\/#website\"},\"primaryImageOfPage\":{\"@id\":\"https:\\\/\\\/www.organisator.ch\\\/allgemein\\\/2023-02-24\\\/gut-essen-ohne-eigenes-mitarbeiterrestaurant-geht-mit-gustav\\\/#primaryimage\"},\"image\":{\"@id\":\"https:\\\/\\\/www.organisator.ch\\\/allgemein\\\/2023-02-24\\\/gut-essen-ohne-eigenes-mitarbeiterrestaurant-geht-mit-gustav\\\/#primaryimage\"},\"thumbnailUrl\":\"https:\\\/\\\/www.organisator.ch\\\/wp-content\\\/uploads\\\/2023\\\/02\\\/Gut-essen-ohne-eigenes-Mitarbeiterrestaurant-Geht-\u2013-mit-gustav-2_Organisator.jpg\",\"datePublished\":\"2023-02-24T08:00:19+00:00\",\"description\":\"Der Smartfridge gustav ist eine intelligente Verpflegungs\u00adl\u00f6sung f\u00fcr Firmen, denen Mitarbeitende und die Nachhaltigkeit am Herzen liegen.\",\"breadcrumb\":{\"@id\":\"https:\\\/\\\/www.organisator.ch\\\/allgemein\\\/2023-02-24\\\/gut-essen-ohne-eigenes-mitarbeiterrestaurant-geht-mit-gustav\\\/#breadcrumb\"},\"inLanguage\":\"it-IT\",\"potentialAction\":[{\"@type\":\"ReadAction\",\"target\":[\"https:\\\/\\\/www.organisator.ch\\\/allgemein\\\/2023-02-24\\\/gut-essen-ohne-eigenes-mitarbeiterrestaurant-geht-mit-gustav\\\/\"]}]},{\"@type\":\"ImageObject\",\"inLanguage\":\"it-IT\",\"@id\":\"https:\\\/\\\/www.organisator.ch\\\/allgemein\\\/2023-02-24\\\/gut-essen-ohne-eigenes-mitarbeiterrestaurant-geht-mit-gustav\\\/#primaryimage\",\"url\":\"https:\\\/\\\/www.organisator.ch\\\/wp-content\\\/uploads\\\/2023\\\/02\\\/Gut-essen-ohne-eigenes-Mitarbeiterrestaurant-Geht-\u2013-mit-gustav-2_Organisator.jpg\",\"contentUrl\":\"https:\\\/\\\/www.organisator.ch\\\/wp-content\\\/uploads\\\/2023\\\/02\\\/Gut-essen-ohne-eigenes-Mitarbeiterrestaurant-Geht-\u2013-mit-gustav-2_Organisator.jpg\",\"width\":680,\"height\":1020,\"caption\":\"(Bild: SV Group)\"},{\"@type\":\"BreadcrumbList\",\"@id\":\"https:\\\/\\\/www.organisator.ch\\\/allgemein\\\/2023-02-24\\\/gut-essen-ohne-eigenes-mitarbeiterrestaurant-geht-mit-gustav\\\/#breadcrumb\",\"itemListElement\":[{\"@type\":\"ListItem\",\"position\":1,\"name\":\"Home\",\"item\":\"https:\\\/\\\/www.organisator.ch\\\/\"},{\"@type\":\"ListItem\",\"position\":2,\"name\":\"Gut essen ohne eigenes Mitarbeiterrestaurant? Geht \u2013 mit gustav.\"}]},{\"@type\":\"WebSite\",\"@id\":\"https:\\\/\\\/www.organisator.ch\\\/#website\",\"url\":\"https:\\\/\\\/www.organisator.ch\\\/\",\"name\":\"Organisator\",\"description\":\"Kompetent. Praxisnah. Der ORGANISATOR bereitet in 10 Ausgaben pro Jahr die wesentlichen Themen f\u00fcr F\u00fchrungskr\u00e4fte von KMU auf.\",\"publisher\":{\"@id\":\"https:\\\/\\\/www.organisator.ch\\\/#organization\"},\"potentialAction\":[{\"@type\":\"SearchAction\",\"target\":{\"@type\":\"EntryPoint\",\"urlTemplate\":\"https:\\\/\\\/www.organisator.ch\\\/?s={search_term_string}\"},\"query-input\":{\"@type\":\"PropertyValueSpecification\",\"valueRequired\":true,\"valueName\":\"search_term_string\"}}],\"inLanguage\":\"it-IT\"},{\"@type\":\"Organization\",\"@id\":\"https:\\\/\\\/www.organisator.ch\\\/#organization\",\"name\":\"Organisator\",\"url\":\"https:\\\/\\\/www.organisator.ch\\\/\",\"logo\":{\"@type\":\"ImageObject\",\"inLanguage\":\"it-IT\",\"@id\":\"https:\\\/\\\/www.organisator.ch\\\/#\\\/schema\\\/logo\\\/image\\\/\",\"url\":\"https:\\\/\\\/www.organisator.ch\\\/wp-content\\\/uploads\\\/2022\\\/01\\\/Logo_Organisator_Website.png\",\"contentUrl\":\"https:\\\/\\\/www.organisator.ch\\\/wp-content\\\/uploads\\\/2022\\\/01\\\/Logo_Organisator_Website.png\",\"width\":800,\"height\":77,\"caption\":\"Organisator\"},\"image\":{\"@id\":\"https:\\\/\\\/www.organisator.ch\\\/#\\\/schema\\\/logo\\\/image\\\/\"},\"sameAs\":[\"https:\\\/\\\/www.facebook.com\\\/OrganisatorFachmagazin\",\"https:\\\/\\\/www.linkedin.com\\\/showcase\\\/organisator-das-magazin-fr-kmu\",\"https:\\\/\\\/www.xing.com\\\/news\\\/pages\\\/organisator-ch-695\",\"https:\\\/\\\/www.youtube.com\\\/channel\\\/UCGP2Sq0iWaZwT3BdIAQFYpw\"]},{\"@type\":\"Person\",\"@id\":\"https:\\\/\\\/www.organisator.ch\\\/#\\\/schema\\\/person\\\/6f650f90b2842cd4c0cc334b4e36f67e\",\"name\":\"thomas.berner\",\"image\":{\"@type\":\"ImageObject\",\"inLanguage\":\"it-IT\",\"@id\":\"https:\\\/\\\/secure.gravatar.com\\\/avatar\\\/ac5001d2a36cb6c6cd3e50789007ffca834b477b74a2144564522e944eabff61?s=96&d=mm&r=g\",\"url\":\"https:\\\/\\\/secure.gravatar.com\\\/avatar\\\/ac5001d2a36cb6c6cd3e50789007ffca834b477b74a2144564522e944eabff61?s=96&d=mm&r=g\",\"contentUrl\":\"https:\\\/\\\/secure.gravatar.com\\\/avatar\\\/ac5001d2a36cb6c6cd3e50789007ffca834b477b74a2144564522e944eabff61?s=96&d=mm&r=g\",\"caption\":\"thomas.berner\"},\"url\":\"https:\\\/\\\/www.organisator.ch\\\/it\\\/author\\\/thomas-berner\\\/\"}]}<\/script>\n<!-- \/ Yoast SEO plugin. -->","yoast_head_json":{"title":"Mangiare bene senza un ristorante personale? \u00c8 possibile - con Gustav. - Organizzatore","description":"Lo Smartfridge gustav \u00e8 una soluzione di ristorazione intelligente per le aziende che hanno a cuore i dipendenti e la sostenibilit\u00e0.","robots":{"index":"index","follow":"follow","max-snippet":"max-snippet:-1","max-image-preview":"max-image-preview:large","max-video-preview":"max-video-preview:-1"},"canonical":"https:\/\/www.organisator.ch\/it\/generale\/2023-02-24\/gut-essen-ohne-eigenes-mitarbeiterrestaurant-geht-mit-gustav\/","og_locale":"it_IT","og_type":"article","og_title":"Gut essen ohne eigenes Mitarbeiterrestaurant? Geht \u2013 mit gustav. - Organisator","og_description":"Der Smartfridge gustav ist eine intelligente Verpflegungs\u00adl\u00f6sung f\u00fcr Firmen, denen Mitarbeitende und die Nachhaltigkeit am Herzen liegen.","og_url":"https:\/\/www.organisator.ch\/it\/generale\/2023-02-24\/gut-essen-ohne-eigenes-mitarbeiterrestaurant-geht-mit-gustav\/","og_site_name":"Organisator","article_publisher":"https:\/\/www.facebook.com\/OrganisatorFachmagazin","article_published_time":"2023-02-24T08:00:19+00:00","og_image":[{"width":680,"height":1020,"url":"https:\/\/www.organisator.ch\/wp-content\/uploads\/2023\/02\/Gut-essen-ohne-eigenes-Mitarbeiterrestaurant-Geht-\u2013-mit-gustav-2_Organisator.jpg","type":"image\/jpeg"}],"author":"thomas.berner","twitter_card":"summary_large_image","schema":{"@context":"https:\/\/schema.org","@graph":[{"@type":"Article","@id":"https:\/\/www.organisator.ch\/allgemein\/2023-02-24\/gut-essen-ohne-eigenes-mitarbeiterrestaurant-geht-mit-gustav\/#article","isPartOf":{"@id":"https:\/\/www.organisator.ch\/allgemein\/2023-02-24\/gut-essen-ohne-eigenes-mitarbeiterrestaurant-geht-mit-gustav\/"},"author":{"name":"thomas.berner","@id":"https:\/\/www.organisator.ch\/#\/schema\/person\/6f650f90b2842cd4c0cc334b4e36f67e"},"headline":"Gut essen ohne eigenes Mitarbeiterrestaurant? Geht \u2013 mit gustav.","datePublished":"2023-02-24T08:00:19+00:00","mainEntityOfPage":{"@id":"https:\/\/www.organisator.ch\/allgemein\/2023-02-24\/gut-essen-ohne-eigenes-mitarbeiterrestaurant-geht-mit-gustav\/"},"wordCount":587,"publisher":{"@id":"https:\/\/www.organisator.ch\/#organization"},"image":{"@id":"https:\/\/www.organisator.ch\/allgemein\/2023-02-24\/gut-essen-ohne-eigenes-mitarbeiterrestaurant-geht-mit-gustav\/#primaryimage"},"thumbnailUrl":"https:\/\/www.organisator.ch\/wp-content\/uploads\/2023\/02\/Gut-essen-ohne-eigenes-Mitarbeiterrestaurant-Geht-\u2013-mit-gustav-2_Organisator.jpg","articleSection":["Allgemein"],"inLanguage":"it-IT"},{"@type":"WebPage","@id":"https:\/\/www.organisator.ch\/allgemein\/2023-02-24\/gut-essen-ohne-eigenes-mitarbeiterrestaurant-geht-mit-gustav\/","url":"https:\/\/www.organisator.ch\/allgemein\/2023-02-24\/gut-essen-ohne-eigenes-mitarbeiterrestaurant-geht-mit-gustav\/","name":"Mangiare bene senza un ristorante personale? \u00c8 possibile - con Gustav. - Organizzatore","isPartOf":{"@id":"https:\/\/www.organisator.ch\/#website"},"primaryImageOfPage":{"@id":"https:\/\/www.organisator.ch\/allgemein\/2023-02-24\/gut-essen-ohne-eigenes-mitarbeiterrestaurant-geht-mit-gustav\/#primaryimage"},"image":{"@id":"https:\/\/www.organisator.ch\/allgemein\/2023-02-24\/gut-essen-ohne-eigenes-mitarbeiterrestaurant-geht-mit-gustav\/#primaryimage"},"thumbnailUrl":"https:\/\/www.organisator.ch\/wp-content\/uploads\/2023\/02\/Gut-essen-ohne-eigenes-Mitarbeiterrestaurant-Geht-\u2013-mit-gustav-2_Organisator.jpg","datePublished":"2023-02-24T08:00:19+00:00","description":"Lo Smartfridge gustav \u00e8 una soluzione di ristorazione intelligente per le aziende che hanno a cuore i dipendenti e la sostenibilit\u00e0.","breadcrumb":{"@id":"https:\/\/www.organisator.ch\/allgemein\/2023-02-24\/gut-essen-ohne-eigenes-mitarbeiterrestaurant-geht-mit-gustav\/#breadcrumb"},"inLanguage":"it-IT","potentialAction":[{"@type":"ReadAction","target":["https:\/\/www.organisator.ch\/allgemein\/2023-02-24\/gut-essen-ohne-eigenes-mitarbeiterrestaurant-geht-mit-gustav\/"]}]},{"@type":"ImageObject","inLanguage":"it-IT","@id":"https:\/\/www.organisator.ch\/allgemein\/2023-02-24\/gut-essen-ohne-eigenes-mitarbeiterrestaurant-geht-mit-gustav\/#primaryimage","url":"https:\/\/www.organisator.ch\/wp-content\/uploads\/2023\/02\/Gut-essen-ohne-eigenes-Mitarbeiterrestaurant-Geht-\u2013-mit-gustav-2_Organisator.jpg","contentUrl":"https:\/\/www.organisator.ch\/wp-content\/uploads\/2023\/02\/Gut-essen-ohne-eigenes-Mitarbeiterrestaurant-Geht-\u2013-mit-gustav-2_Organisator.jpg","width":680,"height":1020,"caption":"(Bild: SV Group)"},{"@type":"BreadcrumbList","@id":"https:\/\/www.organisator.ch\/allgemein\/2023-02-24\/gut-essen-ohne-eigenes-mitarbeiterrestaurant-geht-mit-gustav\/#breadcrumb","itemListElement":[{"@type":"ListItem","position":1,"name":"Home","item":"https:\/\/www.organisator.ch\/"},{"@type":"ListItem","position":2,"name":"Gut essen ohne eigenes Mitarbeiterrestaurant? Geht \u2013 mit gustav."}]},{"@type":"WebSite","@id":"https:\/\/www.organisator.ch\/#website","url":"https:\/\/www.organisator.ch\/","name":"Organizzatore","description":"Competente. Pratico. In 10 numeri all'anno, ORGANISATOR presenta i temi essenziali per i manager delle PMI.","publisher":{"@id":"https:\/\/www.organisator.ch\/#organization"},"potentialAction":[{"@type":"SearchAction","target":{"@type":"EntryPoint","urlTemplate":"https:\/\/www.organisator.ch\/?s={search_term_string}"},"query-input":{"@type":"PropertyValueSpecification","valueRequired":true,"valueName":"search_term_string"}}],"inLanguage":"it-IT"},{"@type":"Organization","@id":"https:\/\/www.organisator.ch\/#organization","name":"Organizzatore","url":"https:\/\/www.organisator.ch\/","logo":{"@type":"ImageObject","inLanguage":"it-IT","@id":"https:\/\/www.organisator.ch\/#\/schema\/logo\/image\/","url":"https:\/\/www.organisator.ch\/wp-content\/uploads\/2022\/01\/Logo_Organisator_Website.png","contentUrl":"https:\/\/www.organisator.ch\/wp-content\/uploads\/2022\/01\/Logo_Organisator_Website.png","width":800,"height":77,"caption":"Organisator"},"image":{"@id":"https:\/\/www.organisator.ch\/#\/schema\/logo\/image\/"},"sameAs":["https:\/\/www.facebook.com\/OrganisatorFachmagazin","https:\/\/www.linkedin.com\/showcase\/organisator-das-magazin-fr-kmu","https:\/\/www.xing.com\/news\/pages\/organisator-ch-695","https:\/\/www.youtube.com\/channel\/UCGP2Sq0iWaZwT3BdIAQFYpw"]},{"@type":"Person","@id":"https:\/\/www.organisator.ch\/#\/schema\/person\/6f650f90b2842cd4c0cc334b4e36f67e","name":"Tommaso.berner","image":{"@type":"ImageObject","inLanguage":"it-IT","@id":"https:\/\/secure.gravatar.com\/avatar\/ac5001d2a36cb6c6cd3e50789007ffca834b477b74a2144564522e944eabff61?s=96&d=mm&r=g","url":"https:\/\/secure.gravatar.com\/avatar\/ac5001d2a36cb6c6cd3e50789007ffca834b477b74a2144564522e944eabff61?s=96&d=mm&r=g","contentUrl":"https:\/\/secure.gravatar.com\/avatar\/ac5001d2a36cb6c6cd3e50789007ffca834b477b74a2144564522e944eabff61?s=96&d=mm&r=g","caption":"thomas.berner"},"url":"https:\/\/www.organisator.ch\/it\/author\/thomas-berner\/"}]}},"_links":{"self":[{"href":"https:\/\/www.organisator.ch\/it\/wp-json\/wp\/v2\/posts\/19002","targetHints":{"allow":["GET"]}}],"collection":[{"href":"https:\/\/www.organisator.ch\/it\/wp-json\/wp\/v2\/posts"}],"about":[{"href":"https:\/\/www.organisator.ch\/it\/wp-json\/wp\/v2\/types\/post"}],"author":[{"embeddable":true,"href":"https:\/\/www.organisator.ch\/it\/wp-json\/wp\/v2\/users\/4"}],"replies":[{"embeddable":true,"href":"https:\/\/www.organisator.ch\/it\/wp-json\/wp\/v2\/comments?post=19002"}],"version-history":[{"count":3,"href":"https:\/\/www.organisator.ch\/it\/wp-json\/wp\/v2\/posts\/19002\/revisions"}],"predecessor-version":[{"id":19009,"href":"https:\/\/www.organisator.ch\/it\/wp-json\/wp\/v2\/posts\/19002\/revisions\/19009"}],"wp:featuredmedia":[{"embeddable":true,"href":"https:\/\/www.organisator.ch\/it\/wp-json\/wp\/v2\/media\/19004"}],"wp:attachment":[{"href":"https:\/\/www.organisator.ch\/it\/wp-json\/wp\/v2\/media?parent=19002"}],"wp:term":[{"taxonomy":"category","embeddable":true,"href":"https:\/\/www.organisator.ch\/it\/wp-json\/wp\/v2\/categories?post=19002"},{"taxonomy":"post_tag","embeddable":true,"href":"https:\/\/www.organisator.ch\/it\/wp-json\/wp\/v2\/tags?post=19002"}],"curies":[{"name":"wp","href":"https:\/\/api.w.org\/{rel}","templated":true}]}}