{"id":19017,"date":"2023-02-28T00:54:08","date_gmt":"2023-02-27T23:54:08","guid":{"rendered":"https:\/\/www.organisator.ch\/?p=19017"},"modified":"2023-02-23T09:54:29","modified_gmt":"2023-02-23T08:54:29","slug":"stark-am-markt-mit-bgm","status":"publish","type":"post","link":"https:\/\/www.organisator.ch\/it\/human-resources\/2023-02-28\/stark-am-markt-mit-bgm\/","title":{"rendered":"Forte sul mercato con BGM"},"content":{"rendered":"<figure id=\"attachment_19018\" aria-describedby=\"caption-attachment-19018\" style=\"width: 680px\" class=\"wp-caption alignnone\"><img loading=\"lazy\" decoding=\"async\" class=\"size-full wp-image-19018\" src=\"https:\/\/www.organisator.ch\/wp-content\/uploads\/2023\/02\/Stark-am-Markt-mit-BGM_Organisator.jpg\" alt=\"\" width=\"680\" height=\"445\" srcset=\"https:\/\/www.organisator.ch\/wp-content\/uploads\/2023\/02\/Stark-am-Markt-mit-BGM_Organisator.jpg 680w, https:\/\/www.organisator.ch\/wp-content\/uploads\/2023\/02\/Stark-am-Markt-mit-BGM_Organisator-18x12.jpg 18w, https:\/\/www.organisator.ch\/wp-content\/uploads\/2023\/02\/Stark-am-Markt-mit-BGM_Organisator-375x245.jpg 375w, https:\/\/www.organisator.ch\/wp-content\/uploads\/2023\/02\/Stark-am-Markt-mit-BGM_Organisator-535x350.jpg 535w\" sizes=\"auto, (max-width: 680px) 100vw, 680px\" \/><figcaption id=\"caption-attachment-19018\" class=\"wp-caption-text\">Achermann ICT-Services attribuisce grande importanza alla promozione del networking e dello scambio tra i dipendenti. I pranzi nell'ambito dell'offerta BGM rappresentano un'occasione perfetta per farlo. (Immagine: \u00a9 Achermann ICT-Services)<\/figcaption><\/figure>\n<p>L'impegno mirato per la salute dei dipendenti sta diventando sempre pi\u00f9 importante, soprattutto per i dipendenti delle generazioni pi\u00f9 giovani. Di conseguenza, l'BGM ha un impatto positivo sull'employer branding. Allo stesso tempo, vengono promosse la motivazione, la produttivit\u00e0 e la salute fisica e mentale dei dipendenti esistenti.<\/p>\n<h3>Compito della leadership la salute dei dipendenti<\/h3>\n<p>Un'azienda che ha riconosciuto questo valore aggiunto \u00e8 Achermann ICT-Services AG. La gestione sistematica della salute sul lavoro \u00e8 integrata in una cultura aziendale che si concentra sul benessere dei dipendenti. Gregor R. Naef, proprietario e CEO del fornitore di servizi IT con sede a Kriens, spiega: \"I nostri dipendenti svolgono generalmente un ruolo fondamentale per me. Possiamo raggiungere i nostri obiettivi solo insieme e, idealmente, in buona salute. Per raggiungere questo obiettivo, io e il mio team di gestione siamo disposti a fare il possibile. In questo contesto, nel 2016 abbiamo appreso il potenziale della gestione sistematica della salute sul lavoro e abbiamo deciso di implementarla.\"<\/p>\n<p>Lo sviluppo dell'RGB si \u00e8 basato sui criteri di \"Friendly Work Space\", l'RGB di Promozione Salute Svizzera. Nel 2017, Achermann ICT-Services ha ottenuto per la prima volta il marchio di qualit\u00e0 \"Friendly Work Space\" e ha completato con successo la nuova valutazione nel 2021.<\/p>\n<h3>BGM: un vantaggio per tutti<\/h3>\n<p>Gli 85 dipendenti beneficiano di un ampio programma annuale di salute sul lavoro. Il programma spazia da una serie di attivit\u00e0 sportive a un pranzo congiunto bimestrale. Quest'ultimo \u00e8 un'apprezzata occasione di scambio professionale e privato e un bacino per nuove idee. Un membro del team \"Feelgood Management\", creato appositamente per l'BGM, fornisce un pranzo salutare per questi eventi. Si tratta di un team interdisciplinare di cinque persone, responsabile della pianificazione e dell'attuazione dell'BGM in coordinamento con la direzione. Le idee provengono dai dipendenti, che sono anche felici di dare una mano nell'organizzazione.<\/p>\n<p>I membri della direzione della PMI sono fondamentali per il successo complessivo del sistema di gestione della salute. Sono impegnati in una leadership di promozione della salute basata sulla fiducia e sono formati in tal senso grazie a regolari corsi di aggiornamento.<\/p>\n<h3>Sensibilizzazione fin dall'inizio della carriera<\/h3>\n<p>Questo atteggiamento va a vantaggio anche degli otto apprendisti. Dal momento in cui iniziano a lavorare, vengono sensibilizzati e addestrati a mantenere la loro salute e il loro ruolo in essa. \"L'attenzione si concentra sulla promozione di competenze importanti per una vita lavorativa sana, come la resilienza personale. Allo stesso tempo, imparano a gestire la responsabilit\u00e0 e la trasparenza in una fase precoce, come membri di un team saldamente integrati\", afferma Simon Peter, responsabile della gestione dei servizi ICT di Achermann ICT-Services, illustrando il suo compito di responsabile della formazione professionale.<\/p>\n<p>Sono graditi suggerimenti esterni per la promozione mirata della salute mentale degli studenti. L'offerta \"Apprendista\" di Promozione Salute Svizzera prevede una serie di casi di studio e informazioni di base. Altri contenuti includono incontri regolari dell'ERFA per lo scambio intersettoriale di educatori professionali, nonch\u00e9 formazione specifica e consulenza individuale.<\/p>\n<p>Ulteriori informazioni: <a href=\"http:\/\/www.gesundheitsfoerderung.ch\">www.gesundheitsfoerderung.ch<\/a>, <a href=\"http:\/\/www.fws-apprentice.ch\">www.fws-apprentice.ch<\/a><\/p>","protected":false},"excerpt":{"rendered":"<p>Das gezielte Engagement f\u00fcr die Mitarbeitenden-Gesundheit gewinnt vor allem bei Arbeitnehmenden der j\u00fcngeren Generationen stark an Bedeutung. Dementsprechend zahlt BGM positiv auf das Employer Branding ein. Gleichzeitig werden Motivation, Produktivit\u00e4t sowie die physische und psychische Gesundheit der bestehenden Mitarbeitenden gef\u00f6rdert. F\u00fchrungsaufgabe Mitarbeitenden\u00adgesundheit Ein Unternehmen, das diesen Mehrwert erkannt hat, ist die Achermann ICT-Services AG. Das [&hellip;]<\/p>\n","protected":false},"author":4,"featured_media":0,"comment_status":"closed","ping_status":"closed","sticky":false,"template":"","format":"standard","meta":{"_acf_changed":false,"_yoast_wpseo_focuskw":"BGM","_yoast_wpseo_metadesc":"Firmen mit einem systematischen Betrieblichen Gesundheitsmanagement (BGM) sind im Vorteil im Kampf gegen hohe Fluktuation.","articlekey":"","footnotes":""},"categories":[579],"tags":[77,3630,363,2696],"class_list":["post-19017","post","type-post","status-publish","format-standard","hentry","category-human-resources","tag-betriebliches-gesundheitsmanagement","tag-friendly-work-space","tag-new-work","tag-publireportage"],"acf":[],"yoast_head":"<!-- This site is optimized with the Yoast SEO plugin v27.5 - https:\/\/yoast.com\/product\/yoast-seo-wordpress\/ -->\n<title>Stark am Markt mit BGM - Organisator<\/title>\n<meta name=\"description\" content=\"Firmen mit einem systematischen Betrieblichen Gesundheitsmanagement (BGM) sind im Vorteil im Kampf gegen hohe Fluktuation.\" \/>\n<meta name=\"robots\" content=\"index, follow, max-snippet:-1, max-image-preview:large, max-video-preview:-1\" \/>\n<link rel=\"canonical\" href=\"https:\/\/www.organisator.ch\/it\/risorse-umane\/2023-02-28\/stark-am-markt-mit-bgm\/\" \/>\n<meta property=\"og:locale\" content=\"it_IT\" \/>\n<meta property=\"og:type\" content=\"article\" \/>\n<meta property=\"og:title\" content=\"Stark am Markt mit BGM\" \/>\n<meta property=\"og:description\" content=\"Firmen mit einem systematischen Betrieblichen Gesundheitsmanagement (BGM) sind im Vorteil im Kampf gegen hohe Fluktuation.\" \/>\n<meta property=\"og:url\" content=\"https:\/\/www.organisator.ch\/it\/risorse-umane\/2023-02-28\/stark-am-markt-mit-bgm\/\" \/>\n<meta property=\"og:site_name\" content=\"Organisator\" \/>\n<meta property=\"article:publisher\" content=\"https:\/\/www.facebook.com\/OrganisatorFachmagazin\" \/>\n<meta property=\"article:published_time\" content=\"2023-02-27T23:54:08+00:00\" \/>\n<meta property=\"og:image\" content=\"https:\/\/www.organisator.ch\/wp-content\/uploads\/2023\/02\/Stark-am-Markt-mit-BGM_Organisator.jpg\" \/>\n\t<meta property=\"og:image:width\" content=\"680\" \/>\n\t<meta property=\"og:image:height\" content=\"445\" \/>\n\t<meta property=\"og:image:type\" content=\"image\/jpeg\" \/>\n<meta name=\"author\" content=\"thomas.berner\" \/>\n<meta name=\"twitter:card\" content=\"summary_large_image\" \/>\n<meta name=\"twitter:title\" content=\"Stark am Markt mit #BGM\" \/>\n<meta name=\"twitter:description\" content=\"Firmen mit einem systematischen Betrieblichen Gesundheitsmanagement (#BGM) sind im Vorteil im Kampf gegen hohe #Fluktuation.\" \/>\n<meta name=\"twitter:image\" content=\"https:\/\/www.organisator.ch\/wp-content\/uploads\/2023\/02\/Stark-am-Markt-mit-BGM_Organisator.jpg\" \/>\n<script type=\"application\/ld+json\" class=\"yoast-schema-graph\">{\"@context\":\"https:\\\/\\\/schema.org\",\"@graph\":[{\"@type\":\"Article\",\"@id\":\"https:\\\/\\\/www.organisator.ch\\\/human-resources\\\/2023-02-28\\\/stark-am-markt-mit-bgm\\\/#article\",\"isPartOf\":{\"@id\":\"https:\\\/\\\/www.organisator.ch\\\/human-resources\\\/2023-02-28\\\/stark-am-markt-mit-bgm\\\/\"},\"author\":{\"name\":\"thomas.berner\",\"@id\":\"https:\\\/\\\/www.organisator.ch\\\/#\\\/schema\\\/person\\\/6f650f90b2842cd4c0cc334b4e36f67e\"},\"headline\":\"Stark am Markt mit BGM\",\"datePublished\":\"2023-02-27T23:54:08+00:00\",\"mainEntityOfPage\":{\"@id\":\"https:\\\/\\\/www.organisator.ch\\\/human-resources\\\/2023-02-28\\\/stark-am-markt-mit-bgm\\\/\"},\"wordCount\":506,\"publisher\":{\"@id\":\"https:\\\/\\\/www.organisator.ch\\\/#organization\"},\"image\":{\"@id\":\"https:\\\/\\\/www.organisator.ch\\\/human-resources\\\/2023-02-28\\\/stark-am-markt-mit-bgm\\\/#primaryimage\"},\"thumbnailUrl\":\"https:\\\/\\\/www.organisator.ch\\\/wp-content\\\/uploads\\\/2023\\\/02\\\/Stark-am-Markt-mit-BGM_Organisator.jpg\",\"keywords\":[\"Betriebliches Gesundheitsmanagement\",\"Friendly Work Space\",\"New Work\",\"Publireportage\"],\"articleSection\":[\"HUMAN RESOURCES\"],\"inLanguage\":\"it-IT\"},{\"@type\":\"WebPage\",\"@id\":\"https:\\\/\\\/www.organisator.ch\\\/human-resources\\\/2023-02-28\\\/stark-am-markt-mit-bgm\\\/\",\"url\":\"https:\\\/\\\/www.organisator.ch\\\/human-resources\\\/2023-02-28\\\/stark-am-markt-mit-bgm\\\/\",\"name\":\"Stark am Markt mit BGM - Organisator\",\"isPartOf\":{\"@id\":\"https:\\\/\\\/www.organisator.ch\\\/#website\"},\"primaryImageOfPage\":{\"@id\":\"https:\\\/\\\/www.organisator.ch\\\/human-resources\\\/2023-02-28\\\/stark-am-markt-mit-bgm\\\/#primaryimage\"},\"image\":{\"@id\":\"https:\\\/\\\/www.organisator.ch\\\/human-resources\\\/2023-02-28\\\/stark-am-markt-mit-bgm\\\/#primaryimage\"},\"thumbnailUrl\":\"https:\\\/\\\/www.organisator.ch\\\/wp-content\\\/uploads\\\/2023\\\/02\\\/Stark-am-Markt-mit-BGM_Organisator.jpg\",\"datePublished\":\"2023-02-27T23:54:08+00:00\",\"description\":\"Firmen mit einem systematischen Betrieblichen Gesundheitsmanagement (BGM) sind im Vorteil im Kampf gegen hohe Fluktuation.\",\"breadcrumb\":{\"@id\":\"https:\\\/\\\/www.organisator.ch\\\/human-resources\\\/2023-02-28\\\/stark-am-markt-mit-bgm\\\/#breadcrumb\"},\"inLanguage\":\"it-IT\",\"potentialAction\":[{\"@type\":\"ReadAction\",\"target\":[\"https:\\\/\\\/www.organisator.ch\\\/human-resources\\\/2023-02-28\\\/stark-am-markt-mit-bgm\\\/\"]}]},{\"@type\":\"ImageObject\",\"inLanguage\":\"it-IT\",\"@id\":\"https:\\\/\\\/www.organisator.ch\\\/human-resources\\\/2023-02-28\\\/stark-am-markt-mit-bgm\\\/#primaryimage\",\"url\":\"https:\\\/\\\/www.organisator.ch\\\/wp-content\\\/uploads\\\/2023\\\/02\\\/Stark-am-Markt-mit-BGM_Organisator.jpg\",\"contentUrl\":\"https:\\\/\\\/www.organisator.ch\\\/wp-content\\\/uploads\\\/2023\\\/02\\\/Stark-am-Markt-mit-BGM_Organisator.jpg\"},{\"@type\":\"BreadcrumbList\",\"@id\":\"https:\\\/\\\/www.organisator.ch\\\/human-resources\\\/2023-02-28\\\/stark-am-markt-mit-bgm\\\/#breadcrumb\",\"itemListElement\":[{\"@type\":\"ListItem\",\"position\":1,\"name\":\"Home\",\"item\":\"https:\\\/\\\/www.organisator.ch\\\/\"},{\"@type\":\"ListItem\",\"position\":2,\"name\":\"Stark am Markt mit BGM\"}]},{\"@type\":\"WebSite\",\"@id\":\"https:\\\/\\\/www.organisator.ch\\\/#website\",\"url\":\"https:\\\/\\\/www.organisator.ch\\\/\",\"name\":\"Organisator\",\"description\":\"Kompetent. Praxisnah. Der ORGANISATOR bereitet in 10 Ausgaben pro Jahr die wesentlichen Themen f\u00fcr F\u00fchrungskr\u00e4fte von KMU auf.\",\"publisher\":{\"@id\":\"https:\\\/\\\/www.organisator.ch\\\/#organization\"},\"potentialAction\":[{\"@type\":\"SearchAction\",\"target\":{\"@type\":\"EntryPoint\",\"urlTemplate\":\"https:\\\/\\\/www.organisator.ch\\\/?s={search_term_string}\"},\"query-input\":{\"@type\":\"PropertyValueSpecification\",\"valueRequired\":true,\"valueName\":\"search_term_string\"}}],\"inLanguage\":\"it-IT\"},{\"@type\":\"Organization\",\"@id\":\"https:\\\/\\\/www.organisator.ch\\\/#organization\",\"name\":\"Organisator\",\"url\":\"https:\\\/\\\/www.organisator.ch\\\/\",\"logo\":{\"@type\":\"ImageObject\",\"inLanguage\":\"it-IT\",\"@id\":\"https:\\\/\\\/www.organisator.ch\\\/#\\\/schema\\\/logo\\\/image\\\/\",\"url\":\"https:\\\/\\\/www.organisator.ch\\\/wp-content\\\/uploads\\\/2022\\\/01\\\/Logo_Organisator_Website.png\",\"contentUrl\":\"https:\\\/\\\/www.organisator.ch\\\/wp-content\\\/uploads\\\/2022\\\/01\\\/Logo_Organisator_Website.png\",\"width\":800,\"height\":77,\"caption\":\"Organisator\"},\"image\":{\"@id\":\"https:\\\/\\\/www.organisator.ch\\\/#\\\/schema\\\/logo\\\/image\\\/\"},\"sameAs\":[\"https:\\\/\\\/www.facebook.com\\\/OrganisatorFachmagazin\",\"https:\\\/\\\/www.linkedin.com\\\/showcase\\\/organisator-das-magazin-fr-kmu\",\"https:\\\/\\\/www.xing.com\\\/news\\\/pages\\\/organisator-ch-695\",\"https:\\\/\\\/www.youtube.com\\\/channel\\\/UCGP2Sq0iWaZwT3BdIAQFYpw\"]},{\"@type\":\"Person\",\"@id\":\"https:\\\/\\\/www.organisator.ch\\\/#\\\/schema\\\/person\\\/6f650f90b2842cd4c0cc334b4e36f67e\",\"name\":\"thomas.berner\",\"image\":{\"@type\":\"ImageObject\",\"inLanguage\":\"it-IT\",\"@id\":\"https:\\\/\\\/secure.gravatar.com\\\/avatar\\\/ac5001d2a36cb6c6cd3e50789007ffca834b477b74a2144564522e944eabff61?s=96&d=mm&r=g\",\"url\":\"https:\\\/\\\/secure.gravatar.com\\\/avatar\\\/ac5001d2a36cb6c6cd3e50789007ffca834b477b74a2144564522e944eabff61?s=96&d=mm&r=g\",\"contentUrl\":\"https:\\\/\\\/secure.gravatar.com\\\/avatar\\\/ac5001d2a36cb6c6cd3e50789007ffca834b477b74a2144564522e944eabff61?s=96&d=mm&r=g\",\"caption\":\"thomas.berner\"},\"url\":\"https:\\\/\\\/www.organisator.ch\\\/it\\\/author\\\/thomas-berner\\\/\"}]}<\/script>\n<!-- \/ Yoast SEO plugin. -->","yoast_head_json":{"title":"Forte sul mercato con BGM - Organizzatore","description":"Le aziende con una gestione sistematica della salute sul lavoro (OHM) sono avvantaggiate nella lotta contro l'elevato turnover.","robots":{"index":"index","follow":"follow","max-snippet":"max-snippet:-1","max-image-preview":"max-image-preview:large","max-video-preview":"max-video-preview:-1"},"canonical":"https:\/\/www.organisator.ch\/it\/risorse-umane\/2023-02-28\/stark-am-markt-mit-bgm\/","og_locale":"it_IT","og_type":"article","og_title":"Stark am Markt mit BGM","og_description":"Firmen mit einem systematischen Betrieblichen Gesundheitsmanagement (BGM) sind im Vorteil im Kampf gegen hohe Fluktuation.","og_url":"https:\/\/www.organisator.ch\/it\/risorse-umane\/2023-02-28\/stark-am-markt-mit-bgm\/","og_site_name":"Organisator","article_publisher":"https:\/\/www.facebook.com\/OrganisatorFachmagazin","article_published_time":"2023-02-27T23:54:08+00:00","og_image":[{"width":680,"height":445,"url":"https:\/\/www.organisator.ch\/wp-content\/uploads\/2023\/02\/Stark-am-Markt-mit-BGM_Organisator.jpg","type":"image\/jpeg"}],"author":"thomas.berner","twitter_card":"summary_large_image","twitter_title":"Stark am Markt mit #BGM","twitter_description":"Firmen mit einem systematischen Betrieblichen Gesundheitsmanagement (#BGM) sind im Vorteil im Kampf gegen hohe #Fluktuation.","twitter_image":"https:\/\/www.organisator.ch\/wp-content\/uploads\/2023\/02\/Stark-am-Markt-mit-BGM_Organisator.jpg","schema":{"@context":"https:\/\/schema.org","@graph":[{"@type":"Article","@id":"https:\/\/www.organisator.ch\/human-resources\/2023-02-28\/stark-am-markt-mit-bgm\/#article","isPartOf":{"@id":"https:\/\/www.organisator.ch\/human-resources\/2023-02-28\/stark-am-markt-mit-bgm\/"},"author":{"name":"thomas.berner","@id":"https:\/\/www.organisator.ch\/#\/schema\/person\/6f650f90b2842cd4c0cc334b4e36f67e"},"headline":"Stark am Markt mit BGM","datePublished":"2023-02-27T23:54:08+00:00","mainEntityOfPage":{"@id":"https:\/\/www.organisator.ch\/human-resources\/2023-02-28\/stark-am-markt-mit-bgm\/"},"wordCount":506,"publisher":{"@id":"https:\/\/www.organisator.ch\/#organization"},"image":{"@id":"https:\/\/www.organisator.ch\/human-resources\/2023-02-28\/stark-am-markt-mit-bgm\/#primaryimage"},"thumbnailUrl":"https:\/\/www.organisator.ch\/wp-content\/uploads\/2023\/02\/Stark-am-Markt-mit-BGM_Organisator.jpg","keywords":["Betriebliches Gesundheitsmanagement","Friendly Work Space","New Work","Publireportage"],"articleSection":["HUMAN RESOURCES"],"inLanguage":"it-IT"},{"@type":"WebPage","@id":"https:\/\/www.organisator.ch\/human-resources\/2023-02-28\/stark-am-markt-mit-bgm\/","url":"https:\/\/www.organisator.ch\/human-resources\/2023-02-28\/stark-am-markt-mit-bgm\/","name":"Forte sul mercato con BGM - Organizzatore","isPartOf":{"@id":"https:\/\/www.organisator.ch\/#website"},"primaryImageOfPage":{"@id":"https:\/\/www.organisator.ch\/human-resources\/2023-02-28\/stark-am-markt-mit-bgm\/#primaryimage"},"image":{"@id":"https:\/\/www.organisator.ch\/human-resources\/2023-02-28\/stark-am-markt-mit-bgm\/#primaryimage"},"thumbnailUrl":"https:\/\/www.organisator.ch\/wp-content\/uploads\/2023\/02\/Stark-am-Markt-mit-BGM_Organisator.jpg","datePublished":"2023-02-27T23:54:08+00:00","description":"Le aziende con una gestione sistematica della salute sul lavoro (OHM) sono avvantaggiate nella lotta contro l'elevato turnover.","breadcrumb":{"@id":"https:\/\/www.organisator.ch\/human-resources\/2023-02-28\/stark-am-markt-mit-bgm\/#breadcrumb"},"inLanguage":"it-IT","potentialAction":[{"@type":"ReadAction","target":["https:\/\/www.organisator.ch\/human-resources\/2023-02-28\/stark-am-markt-mit-bgm\/"]}]},{"@type":"ImageObject","inLanguage":"it-IT","@id":"https:\/\/www.organisator.ch\/human-resources\/2023-02-28\/stark-am-markt-mit-bgm\/#primaryimage","url":"https:\/\/www.organisator.ch\/wp-content\/uploads\/2023\/02\/Stark-am-Markt-mit-BGM_Organisator.jpg","contentUrl":"https:\/\/www.organisator.ch\/wp-content\/uploads\/2023\/02\/Stark-am-Markt-mit-BGM_Organisator.jpg"},{"@type":"BreadcrumbList","@id":"https:\/\/www.organisator.ch\/human-resources\/2023-02-28\/stark-am-markt-mit-bgm\/#breadcrumb","itemListElement":[{"@type":"ListItem","position":1,"name":"Home","item":"https:\/\/www.organisator.ch\/"},{"@type":"ListItem","position":2,"name":"Stark am Markt mit BGM"}]},{"@type":"WebSite","@id":"https:\/\/www.organisator.ch\/#website","url":"https:\/\/www.organisator.ch\/","name":"Organizzatore","description":"Competente. Pratico. In 10 numeri all'anno, ORGANISATOR presenta i temi essenziali per i manager delle PMI.","publisher":{"@id":"https:\/\/www.organisator.ch\/#organization"},"potentialAction":[{"@type":"SearchAction","target":{"@type":"EntryPoint","urlTemplate":"https:\/\/www.organisator.ch\/?s={search_term_string}"},"query-input":{"@type":"PropertyValueSpecification","valueRequired":true,"valueName":"search_term_string"}}],"inLanguage":"it-IT"},{"@type":"Organization","@id":"https:\/\/www.organisator.ch\/#organization","name":"Organizzatore","url":"https:\/\/www.organisator.ch\/","logo":{"@type":"ImageObject","inLanguage":"it-IT","@id":"https:\/\/www.organisator.ch\/#\/schema\/logo\/image\/","url":"https:\/\/www.organisator.ch\/wp-content\/uploads\/2022\/01\/Logo_Organisator_Website.png","contentUrl":"https:\/\/www.organisator.ch\/wp-content\/uploads\/2022\/01\/Logo_Organisator_Website.png","width":800,"height":77,"caption":"Organisator"},"image":{"@id":"https:\/\/www.organisator.ch\/#\/schema\/logo\/image\/"},"sameAs":["https:\/\/www.facebook.com\/OrganisatorFachmagazin","https:\/\/www.linkedin.com\/showcase\/organisator-das-magazin-fr-kmu","https:\/\/www.xing.com\/news\/pages\/organisator-ch-695","https:\/\/www.youtube.com\/channel\/UCGP2Sq0iWaZwT3BdIAQFYpw"]},{"@type":"Person","@id":"https:\/\/www.organisator.ch\/#\/schema\/person\/6f650f90b2842cd4c0cc334b4e36f67e","name":"Tommaso.berner","image":{"@type":"ImageObject","inLanguage":"it-IT","@id":"https:\/\/secure.gravatar.com\/avatar\/ac5001d2a36cb6c6cd3e50789007ffca834b477b74a2144564522e944eabff61?s=96&d=mm&r=g","url":"https:\/\/secure.gravatar.com\/avatar\/ac5001d2a36cb6c6cd3e50789007ffca834b477b74a2144564522e944eabff61?s=96&d=mm&r=g","contentUrl":"https:\/\/secure.gravatar.com\/avatar\/ac5001d2a36cb6c6cd3e50789007ffca834b477b74a2144564522e944eabff61?s=96&d=mm&r=g","caption":"thomas.berner"},"url":"https:\/\/www.organisator.ch\/it\/author\/thomas-berner\/"}]}},"_links":{"self":[{"href":"https:\/\/www.organisator.ch\/it\/wp-json\/wp\/v2\/posts\/19017","targetHints":{"allow":["GET"]}}],"collection":[{"href":"https:\/\/www.organisator.ch\/it\/wp-json\/wp\/v2\/posts"}],"about":[{"href":"https:\/\/www.organisator.ch\/it\/wp-json\/wp\/v2\/types\/post"}],"author":[{"embeddable":true,"href":"https:\/\/www.organisator.ch\/it\/wp-json\/wp\/v2\/users\/4"}],"replies":[{"embeddable":true,"href":"https:\/\/www.organisator.ch\/it\/wp-json\/wp\/v2\/comments?post=19017"}],"version-history":[{"count":3,"href":"https:\/\/www.organisator.ch\/it\/wp-json\/wp\/v2\/posts\/19017\/revisions"}],"predecessor-version":[{"id":19021,"href":"https:\/\/www.organisator.ch\/it\/wp-json\/wp\/v2\/posts\/19017\/revisions\/19021"}],"wp:attachment":[{"href":"https:\/\/www.organisator.ch\/it\/wp-json\/wp\/v2\/media?parent=19017"}],"wp:term":[{"taxonomy":"category","embeddable":true,"href":"https:\/\/www.organisator.ch\/it\/wp-json\/wp\/v2\/categories?post=19017"},{"taxonomy":"post_tag","embeddable":true,"href":"https:\/\/www.organisator.ch\/it\/wp-json\/wp\/v2\/tags?post=19017"}],"curies":[{"name":"wp","href":"https:\/\/api.w.org\/{rel}","templated":true}]}}