{"id":19022,"date":"2023-02-23T11:06:56","date_gmt":"2023-02-23T10:06:56","guid":{"rendered":"https:\/\/www.organisator.ch\/?p=19022"},"modified":"2023-02-23T11:06:56","modified_gmt":"2023-02-23T10:06:56","slug":"smarte-events-live-aber-digital-begleitet","status":"publish","type":"post","link":"https:\/\/www.organisator.ch\/it\/marketing\/2023-02-23\/smarte-events-live-aber-digital-begleitet\/","title":{"rendered":"\"Eventi smart: vivi, ma accompagnati digitalmente!\"."},"content":{"rendered":"<figure id=\"attachment_19026\" aria-describedby=\"caption-attachment-19026\" style=\"width: 680px\" class=\"wp-caption alignnone\"><img loading=\"lazy\" decoding=\"async\" class=\"size-full wp-image-19026\" src=\"https:\/\/www.organisator.ch\/wp-content\/uploads\/2023\/02\/Smarte-Events-Live-aber-digital-begleitet_Organisator.jpg\" alt=\"\" width=\"680\" height=\"452\" srcset=\"https:\/\/www.organisator.ch\/wp-content\/uploads\/2023\/02\/Smarte-Events-Live-aber-digital-begleitet_Organisator.jpg 680w, https:\/\/www.organisator.ch\/wp-content\/uploads\/2023\/02\/Smarte-Events-Live-aber-digital-begleitet_Organisator-18x12.jpg 18w, https:\/\/www.organisator.ch\/wp-content\/uploads\/2023\/02\/Smarte-Events-Live-aber-digital-begleitet_Organisator-375x249.jpg 375w, https:\/\/www.organisator.ch\/wp-content\/uploads\/2023\/02\/Smarte-Events-Live-aber-digital-begleitet_Organisator-527x350.jpg 527w\" sizes=\"auto, (max-width: 680px) 100vw, 680px\" \/><figcaption id=\"caption-attachment-19026\" class=\"wp-caption-text\">Roland Brand di Easyfairs sul tema \"Smart Events\": \"Le tecnologie digitali aiutano soprattutto gli espositori ad aumentare la loro portata e a ottimizzare la gestione dei lead\". (Immagine: Easyfairs)<\/figcaption><\/figure>\n<p>All'inizio di marzo, le fiere Easyfairs dedicate all'automazione, presso il centro fieristico di Friedrichshafen, e KPA, presso il centro fieristico di Ulm, proseguiranno con un doppio pacchetto fieristico a ingresso gratuito per i visitatori. Si tratta di appuntamenti per i quali vale la pena di viaggiare dalla Svizzera o dall'Austria e Liechtenstein alla vicina Germania. Roland Brand, amministratore delegato di Easyfairs per i Paesi D,A,CH, parla del futuro della fiera nell'intervista che segue.<\/p>\n<p><em>Roland Brand, siamo alla vigilia della fiera dell'automazione e della fiera della tecnologia delle materie plastiche. <a href=\"https:\/\/register.visitcloud.com\/survey\/1id2vcdj3jzkz?actioncode=1910\">Notizie sui prodotti in plastica KPA<\/a>. Che cosa la tiene pi\u00f9 impegnata al momento e la tiene sveglia?<br \/>\n<\/em>In prossimit\u00e0 della fiera, si dorme sempre un po' pi\u00f9 a fatica. Vogliamo offrire ai nostri espositori e partner un'esperienza assolutamente positiva e fornire loro il miglior supporto possibile durante il percorso verso la fiera. Non bisogna dimenticare nulla e bisogna prestare attenzione a ogni dettaglio. Le aziende espositrici sono le nostre star e vogliamo presentarle nella migliore luce possibile sia prima della fiera che in fiera. A Friedrichshafen, pi\u00f9 di 300 espositori saranno al via per la prima volta, e tutte le nostre fiere precedenti nel 2023 sono a pi\u00f9 cifre. Alla <a href=\"http:\/\/www.kuteno.de\/\">Kuteno da maggio 2023<\/a> a Rheda-Wiedenbr\u00fcck, i padiglioni espositivi sono praticamente al completo, anche con 300 espositori. Questi sono voti inequivocabili degli espositori per la fiera come mezzo di comunicazione. Vogliono fare tutto il possibile affinch\u00e9 tutti i partecipanti possano godere appieno dei due giorni di affari, know-how e networking e raggiungere i loro obiettivi fieristici.<\/p>\n<p><em>I temi dominanti nell'industria manifatturiera e robotica sono l'aumento dei costi, le difficolt\u00e0 di consegna, la carenza di materiali e la richiesta di una futura neutralit\u00e0 climatica nella produzione: Cosa si pu\u00f2 vedere di tutto ci\u00f2 nelle prossime fiere?<br \/>\n<\/em>C'\u00e8 molto da vedere. Da un lato, i nostri espositori mostrano gli approcci e le soluzioni innovative che utilizzano per affrontare queste sfide. Dall'altro, questi temi occupano un posto centrale nel programma di supporto.<\/p>\n<p><em>Un altro grande problema dell'economia \u00e8 la mancanza di lavoratori qualificati. Dove sono andati a finire durante la Covid? Come fa un'azienda svizzera a trovare i lavoratori qualificati che sono cos\u00ec importanti? All'estero?<br \/>\n<\/em>Neanche io ho la risposta definitiva a questa domanda. Ma sono felice di dire che le fiere giocano un ruolo importante nel risolvere questa sfida dell'economia. I panel di esperti diventano un argomento di tutte le fiere Easyfairs. Perch\u00e9 tra i visitatori di una fiera, ovviamente, ci sono sempre candidati interessanti e interessati alle posizioni aperte.<\/p>\n<p><em>Bj\u00f6rn Kempe, esperto professionista del settore fieristico, afferma: \"Per me l'online non ha chiaramente funzionato nel settore fieristico e anche l'ibrido ha funzionato solo in misura limitata. Vedo pi\u00f9 una tendenza a tornare alle basi del marketing, ai media, ai social network e al marketing tematico\". D'altra parte, la pandemia ha portato anche a trasformazioni in corso nel settore fieristico. Quali?<br \/>\n<\/em>Anche noi di Easyfairs abbiamo organizzato decine di eventi online e ibridi in varie forme durante e dopo la pandemia. Ma la nostra esperienza, basata sul feedback dei partecipanti, ha dimostrato chiaramente che il formato dal vivo, la \"vera\" fiera, \u00e8 di gran lunga il mezzo preferito dalle aziende. Non crediamo nemmeno negli eventi ibridi, in cui una versione online viene trasmessa parallelamente alla fiera dal vivo. Ma crediamo chiaramente nell'ibrido, nel senso di un servizio digitale per tutto l'anno per le comunit\u00e0 di espositori e visitatori, con informazioni sul tema della fiera corrispondente. Questa trasformazione da organizzatore di fiere a gestore di una piattaforma comunitaria \u00e8 una delle pi\u00f9 evidenti che si possano osservare. Il parametro di riferimento per valutare il successo della fiera dopo l'euforia post-Covida, perch\u00e9 gli eventi dal vivo erano di nuovo possibili, \u00e8, tra le altre cose, il numero di visitatori. Ad oggi, i dati mostrano un aumento degli ospiti e dei numeri assoluti a livelli record in tutte le fiere Easyfairs nel 2023!<\/p>\n<p><em>Nell'era della trasformazione digitale, l'economia ha ancora bisogno delle fiere? Di quali fiere ha davvero bisogno l'economia?<br \/>\n<\/em>Certo che c'\u00e8 bisogno di fiere! Soprattutto ora, dopo la pandemia, siamo molto contenti dei numerosi feedback delle aziende espositrici e dei visitatori, che sono felici che finalmente sia di nuovo possibile incontrarsi dal vivo e di persona, trovare e provare le novit\u00e0, riempire di nuovo le schede dei potenziali clienti, ecc. Tra l'altro, durante le visite aziendali nella Silicon Valley, le aziende high-tech mi hanno confermato che anche loro credono nel formato della fiera dal vivo e lo considerano necessario. Di quali fiere ha bisogno l'economia? In realt\u00e0, di tutte le fiere che apportano qualcosa al rispettivo settore. In altre parole, quelle fiere che attirano l'attenzione, presentano contenuti e innovazioni interessanti e offrono l'atmosfera giusta e l'opportunit\u00e0 di stabilire nuovi contatti. In altre parole, le fiere che garantiscono agli espositori un buon ROI (Return On Investment) e ai visitatori un elevato ROT (Return On Time Invested).<\/p>\n<p><em>A proposito di automazione a Friedrichshafen e Kunststoff Produkte Aktuell KPA a Ulm, entrambe il 7 e 8 marzo 2023, e Kunststofftechnik Nord, Kuteno dal 9 all'11 maggio a Rheda-Wiedenbr\u00fcck: qual \u00e8 lo stato delle iscrizioni? E soprattutto: cosa hanno da dire gli espositori sulle prossime fiere?<br \/>\n<\/em>I livelli di registrazione sono davvero molto gratificanti. All'all about automation di Friedrichshafen si raggiunger\u00e0 un nuovo record con circa 300 aziende partecipanti, il Kuteno \u00e8 gi\u00e0 praticamente esaurito e il KPA sar\u00e0 pi\u00f9 forte dell'ultimo evento di 4 anni fa con ben oltre 100 espositori al nuovo inizio sotto la nostra guida. Penso che questi fatti e cifre riflettano da soli il tenore della comunit\u00e0 imprenditoriale: le fiere sono necessarie!<\/p>\n<p><em>Cosa ci si pu\u00f2 aspettare in termini di affiancamento digitale delle fiere Easyfairs nel 2023? Come continuer\u00e0 l'attenzione alle comunit\u00e0?<br \/>\n<\/em>L'affiancamento digitale delle nostre fiere, gi\u00e0 esistente e completo, prosegue a ritmo serrato. Da un lato, le offerte esistenti devono essere migliorate, dall'altro, ampliate con nuove funzionalit\u00e0. Soprattutto, vogliamo espanderci ulteriormente nella direzione del matchmaking comunitario.<\/p>\n<p><em>Quando le viene chiesto che cosa costituisce la mentalit\u00e0 di Easyfairs, che cosa risponde?<br \/>\n<\/em>Il nostro modo di pensare mira principalmente ad aiutare le comunit\u00e0 ad ampliare la propria rete di clienti e relazioni. A tal fine, creiamo i formati pi\u00f9 significativi e non i pi\u00f9 grandi possibili in ogni caso e li organizziamo dove \u00e8 pi\u00f9 promettente per i settori interessati, piuttosto che dove si trovano le nostre infrastrutture. Insieme alle offerte di stand all-in, meno costose e finanziariamente gestibili, cerchiamo sempre di garantire agli espositori e ai visitatori il massimo ROI o RED possibile nel pacchetto complessivo, aiutando cos\u00ec loro e i loro settori nel miglior modo possibile.<\/p>\n<p><em>L'intervista \u00e8 stata condotta da Urs Seiler dell'associazione <a href=\"http:\/\/www.smartville.digital\">Agenzia Smartville AG<\/a>.<\/em><\/p>\n<blockquote>\n<h3>Le prossime fiere di Easyfairs:<\/h3>\n<ul>\n<li>8 - 9.3.2023: tutto sull'automazione, D - Fiera di Friedrichshafen<\/li>\n<li>8. - 9.3.2023: KPA Kunststoff Aktuell, D - Fiera di Ulm<\/li>\n<li>9. - 11.5.2023: <a href=\"https:\/\/www.kuteno.de\/\">D-Kuteno Plastics Technology North, Rheda Wiedenbr\u00fcck<\/a><\/li>\n<li>25. - 26.10.2023: <a href=\"https:\/\/www.maintenance-schweiz.ch\/de\/\">Manutenzione, Centro espositivo di Zurigo<\/a><\/li>\n<li>25. - 26.10.2023: <a href=\"https:\/\/www.aqua-suisse-zuerich.ch\/de\/\">Aqua Suisse\/Flow, Centro esposizioni di Zurigo<\/a><\/li>\n<li>25. - 26.10.2023: <a href=\"https:\/\/www.pumps-valves.ch\/de\/\">Pompe + Valvole, Salone di Zurigo<\/a><\/li>\n<\/ul>\n<\/blockquote>","protected":false},"excerpt":{"rendered":"<p>Anfang M\u00e4rz geht\u2019s weiter mit einem Messe-Doppelpack der Easyfairs-Messen all about automation in der Messe Friedrichshafen und der KPA in der Ulm-Messe mit einem freien Eintritt f\u00fcr BesucherInnen. Das sind Termine, f\u00fcr die sich die Fahrt aus der Schweiz respektive \u00d6sterreich und Liechtenstein ins nahe Deutschland lohnt. Roland Brand, Easyfairs CEO f\u00fcr die D,A,CH-L\u00e4nder spricht [&hellip;]<\/p>\n","protected":false},"author":4,"featured_media":19026,"comment_status":"closed","ping_status":"closed","sticky":false,"template":"","format":"standard","meta":{"_acf_changed":false,"_yoast_wpseo_focuskw":"Smarte Events","_yoast_wpseo_metadesc":"Beim Thema \"Smarte Events\" denkt Easyfairs-CEO Roland Brand nicht an hybride Veranstaltungen mit paralleler Online-Version.","articlekey":"","footnotes":""},"categories":[29],"tags":[1149,339],"class_list":["post-19022","post","type-post","status-publish","format-standard","has-post-thumbnail","hentry","category-marketing","tag-fachmesse","tag-marketing"],"acf":[],"yoast_head":"<!-- This site is optimized with the Yoast SEO plugin v27.5 - https:\/\/yoast.com\/product\/yoast-seo-wordpress\/ -->\n<title>\u00abSmarte Events: Live, aber digital begleitet!\u00bb - Organisator<\/title>\n<meta name=\"description\" content=\"Beim Thema &quot;Smarte Events&quot; denkt Easyfairs-CEO Roland Brand nicht an hybride Veranstaltungen mit paralleler Online-Version.\" \/>\n<meta name=\"robots\" content=\"index, follow, max-snippet:-1, max-image-preview:large, max-video-preview:-1\" \/>\n<link rel=\"canonical\" href=\"https:\/\/www.organisator.ch\/it\/marketing\/2023-02-23\/smarte-events-live-aber-digital-begleitet\/\" \/>\n<meta property=\"og:locale\" content=\"it_IT\" \/>\n<meta property=\"og:type\" content=\"article\" \/>\n<meta property=\"og:title\" content=\"\u00abSmarte Events: Live, aber digital begleitet!\u00bb\" \/>\n<meta property=\"og:description\" content=\"Beim Thema &quot;Smarte Events&quot; denkt Easyfairs-CEO Roland Brand nicht an hybride Veranstaltungen mit paralleler Online-Version.\" \/>\n<meta property=\"og:url\" content=\"https:\/\/www.organisator.ch\/it\/marketing\/2023-02-23\/smarte-events-live-aber-digital-begleitet\/\" \/>\n<meta property=\"og:site_name\" content=\"Organisator\" \/>\n<meta property=\"article:publisher\" content=\"https:\/\/www.facebook.com\/OrganisatorFachmagazin\" \/>\n<meta property=\"article:published_time\" content=\"2023-02-23T10:06:56+00:00\" \/>\n<meta property=\"og:image\" content=\"https:\/\/www.organisator.ch\/wp-content\/uploads\/2023\/02\/Smarte-Events-Live-aber-digital-begleitet_Organisator.jpg\" \/>\n\t<meta property=\"og:image:width\" content=\"680\" \/>\n\t<meta property=\"og:image:height\" content=\"452\" \/>\n\t<meta property=\"og:image:type\" content=\"image\/jpeg\" \/>\n<meta name=\"author\" content=\"thomas.berner\" \/>\n<meta name=\"twitter:card\" content=\"summary_large_image\" \/>\n<meta name=\"twitter:title\" content=\"\u00abSmarte #Events: Live, aber digital begleitet!\u00bb\" \/>\n<meta name=\"twitter:description\" content=\"Beim Thema &quot;Smarte Events&quot; denkt #Easyfairs-CEO Roland #Brand nicht an hybride Veranstaltungen mit paralleler #Online-Version.\" \/>\n<meta name=\"twitter:image\" content=\"https:\/\/www.organisator.ch\/wp-content\/uploads\/2023\/02\/Smarte-Events-Live-aber-digital-begleitet_Organisator.jpg\" \/>\n<script type=\"application\/ld+json\" class=\"yoast-schema-graph\">{\"@context\":\"https:\\\/\\\/schema.org\",\"@graph\":[{\"@type\":\"Article\",\"@id\":\"https:\\\/\\\/www.organisator.ch\\\/marketing\\\/2023-02-23\\\/smarte-events-live-aber-digital-begleitet\\\/#article\",\"isPartOf\":{\"@id\":\"https:\\\/\\\/www.organisator.ch\\\/marketing\\\/2023-02-23\\\/smarte-events-live-aber-digital-begleitet\\\/\"},\"author\":{\"name\":\"thomas.berner\",\"@id\":\"https:\\\/\\\/www.organisator.ch\\\/#\\\/schema\\\/person\\\/6f650f90b2842cd4c0cc334b4e36f67e\"},\"headline\":\"\u00abSmarte Events: Live, aber digital begleitet!\u00bb\",\"datePublished\":\"2023-02-23T10:06:56+00:00\",\"mainEntityOfPage\":{\"@id\":\"https:\\\/\\\/www.organisator.ch\\\/marketing\\\/2023-02-23\\\/smarte-events-live-aber-digital-begleitet\\\/\"},\"wordCount\":1150,\"publisher\":{\"@id\":\"https:\\\/\\\/www.organisator.ch\\\/#organization\"},\"image\":{\"@id\":\"https:\\\/\\\/www.organisator.ch\\\/marketing\\\/2023-02-23\\\/smarte-events-live-aber-digital-begleitet\\\/#primaryimage\"},\"thumbnailUrl\":\"https:\\\/\\\/www.organisator.ch\\\/wp-content\\\/uploads\\\/2023\\\/02\\\/Smarte-Events-Live-aber-digital-begleitet_Organisator.jpg\",\"keywords\":[\"Fachmesse\",\"Marketing\"],\"articleSection\":[\"MARKETING\"],\"inLanguage\":\"it-IT\"},{\"@type\":\"WebPage\",\"@id\":\"https:\\\/\\\/www.organisator.ch\\\/marketing\\\/2023-02-23\\\/smarte-events-live-aber-digital-begleitet\\\/\",\"url\":\"https:\\\/\\\/www.organisator.ch\\\/marketing\\\/2023-02-23\\\/smarte-events-live-aber-digital-begleitet\\\/\",\"name\":\"\u00abSmarte Events: Live, aber digital begleitet!\u00bb - Organisator\",\"isPartOf\":{\"@id\":\"https:\\\/\\\/www.organisator.ch\\\/#website\"},\"primaryImageOfPage\":{\"@id\":\"https:\\\/\\\/www.organisator.ch\\\/marketing\\\/2023-02-23\\\/smarte-events-live-aber-digital-begleitet\\\/#primaryimage\"},\"image\":{\"@id\":\"https:\\\/\\\/www.organisator.ch\\\/marketing\\\/2023-02-23\\\/smarte-events-live-aber-digital-begleitet\\\/#primaryimage\"},\"thumbnailUrl\":\"https:\\\/\\\/www.organisator.ch\\\/wp-content\\\/uploads\\\/2023\\\/02\\\/Smarte-Events-Live-aber-digital-begleitet_Organisator.jpg\",\"datePublished\":\"2023-02-23T10:06:56+00:00\",\"description\":\"Beim Thema \\\"Smarte Events\\\" denkt Easyfairs-CEO Roland Brand nicht an hybride Veranstaltungen mit paralleler Online-Version.\",\"breadcrumb\":{\"@id\":\"https:\\\/\\\/www.organisator.ch\\\/marketing\\\/2023-02-23\\\/smarte-events-live-aber-digital-begleitet\\\/#breadcrumb\"},\"inLanguage\":\"it-IT\",\"potentialAction\":[{\"@type\":\"ReadAction\",\"target\":[\"https:\\\/\\\/www.organisator.ch\\\/marketing\\\/2023-02-23\\\/smarte-events-live-aber-digital-begleitet\\\/\"]}]},{\"@type\":\"ImageObject\",\"inLanguage\":\"it-IT\",\"@id\":\"https:\\\/\\\/www.organisator.ch\\\/marketing\\\/2023-02-23\\\/smarte-events-live-aber-digital-begleitet\\\/#primaryimage\",\"url\":\"https:\\\/\\\/www.organisator.ch\\\/wp-content\\\/uploads\\\/2023\\\/02\\\/Smarte-Events-Live-aber-digital-begleitet_Organisator.jpg\",\"contentUrl\":\"https:\\\/\\\/www.organisator.ch\\\/wp-content\\\/uploads\\\/2023\\\/02\\\/Smarte-Events-Live-aber-digital-begleitet_Organisator.jpg\",\"width\":680,\"height\":452,\"caption\":\"Roland Brand von Easyfairs zum Thema \\\"Smarte Events\\\": \\\"Wir glauben nicht an hybride Veranstaltungen, bei denen parallel zur Live-Messe eine Online-Version \u00fcbertragen wird.\\\" (Bild: Easyfairs)\"},{\"@type\":\"BreadcrumbList\",\"@id\":\"https:\\\/\\\/www.organisator.ch\\\/marketing\\\/2023-02-23\\\/smarte-events-live-aber-digital-begleitet\\\/#breadcrumb\",\"itemListElement\":[{\"@type\":\"ListItem\",\"position\":1,\"name\":\"Home\",\"item\":\"https:\\\/\\\/www.organisator.ch\\\/\"},{\"@type\":\"ListItem\",\"position\":2,\"name\":\"\u00abSmarte Events: Live, aber digital begleitet!\u00bb\"}]},{\"@type\":\"WebSite\",\"@id\":\"https:\\\/\\\/www.organisator.ch\\\/#website\",\"url\":\"https:\\\/\\\/www.organisator.ch\\\/\",\"name\":\"Organisator\",\"description\":\"Kompetent. Praxisnah. Der ORGANISATOR bereitet in 10 Ausgaben pro Jahr die wesentlichen Themen f\u00fcr F\u00fchrungskr\u00e4fte von KMU auf.\",\"publisher\":{\"@id\":\"https:\\\/\\\/www.organisator.ch\\\/#organization\"},\"potentialAction\":[{\"@type\":\"SearchAction\",\"target\":{\"@type\":\"EntryPoint\",\"urlTemplate\":\"https:\\\/\\\/www.organisator.ch\\\/?s={search_term_string}\"},\"query-input\":{\"@type\":\"PropertyValueSpecification\",\"valueRequired\":true,\"valueName\":\"search_term_string\"}}],\"inLanguage\":\"it-IT\"},{\"@type\":\"Organization\",\"@id\":\"https:\\\/\\\/www.organisator.ch\\\/#organization\",\"name\":\"Organisator\",\"url\":\"https:\\\/\\\/www.organisator.ch\\\/\",\"logo\":{\"@type\":\"ImageObject\",\"inLanguage\":\"it-IT\",\"@id\":\"https:\\\/\\\/www.organisator.ch\\\/#\\\/schema\\\/logo\\\/image\\\/\",\"url\":\"https:\\\/\\\/www.organisator.ch\\\/wp-content\\\/uploads\\\/2022\\\/01\\\/Logo_Organisator_Website.png\",\"contentUrl\":\"https:\\\/\\\/www.organisator.ch\\\/wp-content\\\/uploads\\\/2022\\\/01\\\/Logo_Organisator_Website.png\",\"width\":800,\"height\":77,\"caption\":\"Organisator\"},\"image\":{\"@id\":\"https:\\\/\\\/www.organisator.ch\\\/#\\\/schema\\\/logo\\\/image\\\/\"},\"sameAs\":[\"https:\\\/\\\/www.facebook.com\\\/OrganisatorFachmagazin\",\"https:\\\/\\\/www.linkedin.com\\\/showcase\\\/organisator-das-magazin-fr-kmu\",\"https:\\\/\\\/www.xing.com\\\/news\\\/pages\\\/organisator-ch-695\",\"https:\\\/\\\/www.youtube.com\\\/channel\\\/UCGP2Sq0iWaZwT3BdIAQFYpw\"]},{\"@type\":\"Person\",\"@id\":\"https:\\\/\\\/www.organisator.ch\\\/#\\\/schema\\\/person\\\/6f650f90b2842cd4c0cc334b4e36f67e\",\"name\":\"thomas.berner\",\"image\":{\"@type\":\"ImageObject\",\"inLanguage\":\"it-IT\",\"@id\":\"https:\\\/\\\/secure.gravatar.com\\\/avatar\\\/ac5001d2a36cb6c6cd3e50789007ffca834b477b74a2144564522e944eabff61?s=96&d=mm&r=g\",\"url\":\"https:\\\/\\\/secure.gravatar.com\\\/avatar\\\/ac5001d2a36cb6c6cd3e50789007ffca834b477b74a2144564522e944eabff61?s=96&d=mm&r=g\",\"contentUrl\":\"https:\\\/\\\/secure.gravatar.com\\\/avatar\\\/ac5001d2a36cb6c6cd3e50789007ffca834b477b74a2144564522e944eabff61?s=96&d=mm&r=g\",\"caption\":\"thomas.berner\"},\"url\":\"https:\\\/\\\/www.organisator.ch\\\/it\\\/author\\\/thomas-berner\\\/\"}]}<\/script>\n<!-- \/ Yoast SEO plugin. -->","yoast_head_json":{"title":"\"Eventi smart: vivi, ma accompagnati digitalmente!\". - Organizzatore","description":"Quando si parla di \"eventi intelligenti\", il CEO di Easyfairs Roland Brand non pensa a eventi ibridi con una versione parallela online.","robots":{"index":"index","follow":"follow","max-snippet":"max-snippet:-1","max-image-preview":"max-image-preview:large","max-video-preview":"max-video-preview:-1"},"canonical":"https:\/\/www.organisator.ch\/it\/marketing\/2023-02-23\/smarte-events-live-aber-digital-begleitet\/","og_locale":"it_IT","og_type":"article","og_title":"\u00abSmarte Events: Live, aber digital begleitet!\u00bb","og_description":"Beim Thema \"Smarte Events\" denkt Easyfairs-CEO Roland Brand nicht an hybride Veranstaltungen mit paralleler Online-Version.","og_url":"https:\/\/www.organisator.ch\/it\/marketing\/2023-02-23\/smarte-events-live-aber-digital-begleitet\/","og_site_name":"Organisator","article_publisher":"https:\/\/www.facebook.com\/OrganisatorFachmagazin","article_published_time":"2023-02-23T10:06:56+00:00","og_image":[{"width":680,"height":452,"url":"https:\/\/www.organisator.ch\/wp-content\/uploads\/2023\/02\/Smarte-Events-Live-aber-digital-begleitet_Organisator.jpg","type":"image\/jpeg"}],"author":"thomas.berner","twitter_card":"summary_large_image","twitter_title":"\u00abSmarte #Events: Live, aber digital begleitet!\u00bb","twitter_description":"Beim Thema \"Smarte Events\" denkt #Easyfairs-CEO Roland #Brand nicht an hybride Veranstaltungen mit paralleler #Online-Version.","twitter_image":"https:\/\/www.organisator.ch\/wp-content\/uploads\/2023\/02\/Smarte-Events-Live-aber-digital-begleitet_Organisator.jpg","schema":{"@context":"https:\/\/schema.org","@graph":[{"@type":"Article","@id":"https:\/\/www.organisator.ch\/marketing\/2023-02-23\/smarte-events-live-aber-digital-begleitet\/#article","isPartOf":{"@id":"https:\/\/www.organisator.ch\/marketing\/2023-02-23\/smarte-events-live-aber-digital-begleitet\/"},"author":{"name":"thomas.berner","@id":"https:\/\/www.organisator.ch\/#\/schema\/person\/6f650f90b2842cd4c0cc334b4e36f67e"},"headline":"\u00abSmarte Events: Live, aber digital begleitet!\u00bb","datePublished":"2023-02-23T10:06:56+00:00","mainEntityOfPage":{"@id":"https:\/\/www.organisator.ch\/marketing\/2023-02-23\/smarte-events-live-aber-digital-begleitet\/"},"wordCount":1150,"publisher":{"@id":"https:\/\/www.organisator.ch\/#organization"},"image":{"@id":"https:\/\/www.organisator.ch\/marketing\/2023-02-23\/smarte-events-live-aber-digital-begleitet\/#primaryimage"},"thumbnailUrl":"https:\/\/www.organisator.ch\/wp-content\/uploads\/2023\/02\/Smarte-Events-Live-aber-digital-begleitet_Organisator.jpg","keywords":["Fachmesse","Marketing"],"articleSection":["MARKETING"],"inLanguage":"it-IT"},{"@type":"WebPage","@id":"https:\/\/www.organisator.ch\/marketing\/2023-02-23\/smarte-events-live-aber-digital-begleitet\/","url":"https:\/\/www.organisator.ch\/marketing\/2023-02-23\/smarte-events-live-aber-digital-begleitet\/","name":"\"Eventi smart: vivi, ma accompagnati digitalmente!\". - Organizzatore","isPartOf":{"@id":"https:\/\/www.organisator.ch\/#website"},"primaryImageOfPage":{"@id":"https:\/\/www.organisator.ch\/marketing\/2023-02-23\/smarte-events-live-aber-digital-begleitet\/#primaryimage"},"image":{"@id":"https:\/\/www.organisator.ch\/marketing\/2023-02-23\/smarte-events-live-aber-digital-begleitet\/#primaryimage"},"thumbnailUrl":"https:\/\/www.organisator.ch\/wp-content\/uploads\/2023\/02\/Smarte-Events-Live-aber-digital-begleitet_Organisator.jpg","datePublished":"2023-02-23T10:06:56+00:00","description":"Quando si parla di \"eventi intelligenti\", il CEO di Easyfairs Roland Brand non pensa a eventi ibridi con una versione parallela online.","breadcrumb":{"@id":"https:\/\/www.organisator.ch\/marketing\/2023-02-23\/smarte-events-live-aber-digital-begleitet\/#breadcrumb"},"inLanguage":"it-IT","potentialAction":[{"@type":"ReadAction","target":["https:\/\/www.organisator.ch\/marketing\/2023-02-23\/smarte-events-live-aber-digital-begleitet\/"]}]},{"@type":"ImageObject","inLanguage":"it-IT","@id":"https:\/\/www.organisator.ch\/marketing\/2023-02-23\/smarte-events-live-aber-digital-begleitet\/#primaryimage","url":"https:\/\/www.organisator.ch\/wp-content\/uploads\/2023\/02\/Smarte-Events-Live-aber-digital-begleitet_Organisator.jpg","contentUrl":"https:\/\/www.organisator.ch\/wp-content\/uploads\/2023\/02\/Smarte-Events-Live-aber-digital-begleitet_Organisator.jpg","width":680,"height":452,"caption":"Roland Brand von Easyfairs zum Thema \"Smarte Events\": \"Wir glauben nicht an hybride Veranstaltungen, bei denen parallel zur Live-Messe eine Online-Version \u00fcbertragen wird.\" (Bild: Easyfairs)"},{"@type":"BreadcrumbList","@id":"https:\/\/www.organisator.ch\/marketing\/2023-02-23\/smarte-events-live-aber-digital-begleitet\/#breadcrumb","itemListElement":[{"@type":"ListItem","position":1,"name":"Home","item":"https:\/\/www.organisator.ch\/"},{"@type":"ListItem","position":2,"name":"\u00abSmarte Events: Live, aber digital begleitet!\u00bb"}]},{"@type":"WebSite","@id":"https:\/\/www.organisator.ch\/#website","url":"https:\/\/www.organisator.ch\/","name":"Organizzatore","description":"Competente. Pratico. In 10 numeri all'anno, ORGANISATOR presenta i temi essenziali per i manager delle PMI.","publisher":{"@id":"https:\/\/www.organisator.ch\/#organization"},"potentialAction":[{"@type":"SearchAction","target":{"@type":"EntryPoint","urlTemplate":"https:\/\/www.organisator.ch\/?s={search_term_string}"},"query-input":{"@type":"PropertyValueSpecification","valueRequired":true,"valueName":"search_term_string"}}],"inLanguage":"it-IT"},{"@type":"Organization","@id":"https:\/\/www.organisator.ch\/#organization","name":"Organizzatore","url":"https:\/\/www.organisator.ch\/","logo":{"@type":"ImageObject","inLanguage":"it-IT","@id":"https:\/\/www.organisator.ch\/#\/schema\/logo\/image\/","url":"https:\/\/www.organisator.ch\/wp-content\/uploads\/2022\/01\/Logo_Organisator_Website.png","contentUrl":"https:\/\/www.organisator.ch\/wp-content\/uploads\/2022\/01\/Logo_Organisator_Website.png","width":800,"height":77,"caption":"Organisator"},"image":{"@id":"https:\/\/www.organisator.ch\/#\/schema\/logo\/image\/"},"sameAs":["https:\/\/www.facebook.com\/OrganisatorFachmagazin","https:\/\/www.linkedin.com\/showcase\/organisator-das-magazin-fr-kmu","https:\/\/www.xing.com\/news\/pages\/organisator-ch-695","https:\/\/www.youtube.com\/channel\/UCGP2Sq0iWaZwT3BdIAQFYpw"]},{"@type":"Person","@id":"https:\/\/www.organisator.ch\/#\/schema\/person\/6f650f90b2842cd4c0cc334b4e36f67e","name":"Tommaso.berner","image":{"@type":"ImageObject","inLanguage":"it-IT","@id":"https:\/\/secure.gravatar.com\/avatar\/ac5001d2a36cb6c6cd3e50789007ffca834b477b74a2144564522e944eabff61?s=96&d=mm&r=g","url":"https:\/\/secure.gravatar.com\/avatar\/ac5001d2a36cb6c6cd3e50789007ffca834b477b74a2144564522e944eabff61?s=96&d=mm&r=g","contentUrl":"https:\/\/secure.gravatar.com\/avatar\/ac5001d2a36cb6c6cd3e50789007ffca834b477b74a2144564522e944eabff61?s=96&d=mm&r=g","caption":"thomas.berner"},"url":"https:\/\/www.organisator.ch\/it\/author\/thomas-berner\/"}]}},"_links":{"self":[{"href":"https:\/\/www.organisator.ch\/it\/wp-json\/wp\/v2\/posts\/19022","targetHints":{"allow":["GET"]}}],"collection":[{"href":"https:\/\/www.organisator.ch\/it\/wp-json\/wp\/v2\/posts"}],"about":[{"href":"https:\/\/www.organisator.ch\/it\/wp-json\/wp\/v2\/types\/post"}],"author":[{"embeddable":true,"href":"https:\/\/www.organisator.ch\/it\/wp-json\/wp\/v2\/users\/4"}],"replies":[{"embeddable":true,"href":"https:\/\/www.organisator.ch\/it\/wp-json\/wp\/v2\/comments?post=19022"}],"version-history":[{"count":4,"href":"https:\/\/www.organisator.ch\/it\/wp-json\/wp\/v2\/posts\/19022\/revisions"}],"predecessor-version":[{"id":19030,"href":"https:\/\/www.organisator.ch\/it\/wp-json\/wp\/v2\/posts\/19022\/revisions\/19030"}],"wp:featuredmedia":[{"embeddable":true,"href":"https:\/\/www.organisator.ch\/it\/wp-json\/wp\/v2\/media\/19026"}],"wp:attachment":[{"href":"https:\/\/www.organisator.ch\/it\/wp-json\/wp\/v2\/media?parent=19022"}],"wp:term":[{"taxonomy":"category","embeddable":true,"href":"https:\/\/www.organisator.ch\/it\/wp-json\/wp\/v2\/categories?post=19022"},{"taxonomy":"post_tag","embeddable":true,"href":"https:\/\/www.organisator.ch\/it\/wp-json\/wp\/v2\/tags?post=19022"}],"curies":[{"name":"wp","href":"https:\/\/api.w.org\/{rel}","templated":true}]}}