{"id":19097,"date":"2023-02-27T09:41:08","date_gmt":"2023-02-27T08:41:08","guid":{"rendered":"https:\/\/www.organisator.ch\/?p=19097"},"modified":"2023-02-27T09:41:08","modified_gmt":"2023-02-27T08:41:08","slug":"kmu-im-nahen-osten-impressionen-aus-ras-al-khaimah","status":"publish","type":"post","link":"https:\/\/www.organisator.ch\/it\/management\/2023-02-27\/kmu-im-nahen-osten-impressionen-aus-ras-al-khaimah\/","title":{"rendered":"Le PMI in Medio Oriente: impressioni da Ras Al Khaimah"},"content":{"rendered":"<figure id=\"attachment_19098\" aria-describedby=\"caption-attachment-19098\" style=\"width: 680px\" class=\"wp-caption alignnone\"><img loading=\"lazy\" decoding=\"async\" class=\"size-full wp-image-19098\" src=\"https:\/\/www.organisator.ch\/wp-content\/uploads\/2023\/02\/KMU-im-Nahen-Osten-Impressionen-aus-Ras-Al-Khaimah_Organisator.jpg\" alt=\"\" width=\"680\" height=\"453\" srcset=\"https:\/\/www.organisator.ch\/wp-content\/uploads\/2023\/02\/KMU-im-Nahen-Osten-Impressionen-aus-Ras-Al-Khaimah_Organisator.jpg 680w, https:\/\/www.organisator.ch\/wp-content\/uploads\/2023\/02\/KMU-im-Nahen-Osten-Impressionen-aus-Ras-Al-Khaimah_Organisator-18x12.jpg 18w, https:\/\/www.organisator.ch\/wp-content\/uploads\/2023\/02\/KMU-im-Nahen-Osten-Impressionen-aus-Ras-Al-Khaimah_Organisator-375x250.jpg 375w, https:\/\/www.organisator.ch\/wp-content\/uploads\/2023\/02\/KMU-im-Nahen-Osten-Impressionen-aus-Ras-Al-Khaimah_Organisator-525x350.jpg 525w\" sizes=\"auto, (max-width: 680px) 100vw, 680px\" \/><figcaption id=\"caption-attachment-19098\" class=\"wp-caption-text\">A Ras Al Khaimah (Emirati Arabi Uniti), gli imprenditori delle PMI condividono regolarmente le loro esperienze. (Immagine: RAKEZ)<\/figcaption><\/figure>\n<p>Negli ultimi mesi, centinaia di imprenditori degli Emirati Arabi Uniti (EAU) si sono riuniti al Compass Coworking Centre di Ras Al Khaimah per condividere le loro intuizioni, storie di successo e opportunit\u00e0 di business. Lanciata nel 2022 e ospitata dalla Ras Al Khaimah Economic Zone (RAKEZ), la serie di incontri mensili B2B continua ad accogliere i membri della comunit\u00e0 delle PMI per condividere le loro esperienze, le loro preoccupazioni e i loro successi nel loro viaggio verso la vetta e imparare gli uni dagli altri in un ambiente favorevole.<\/p>\n<h3>Diversificare l'economia: Lontano dal petrolio<\/h3>\n<p>Gli eventi B2B affrontano vari argomenti come il miglioramento dell'esperienza del cliente, gli alti e bassi del percorso imprenditoriale, l'ottimizzazione dell'esperienza dell'utente e delle presenze sul web, la costruzione di una cultura dell'innovazione sul posto di lavoro e l'impatto dell'imposta sulle societ\u00e0 negli EAU. Il Compass Coworking Centre offre anche sessioni di networking informale con caff\u00e8 e colazione ogni venerd\u00ec, aperte a freelance, imprenditori, nomadi digitali e altri membri della comunit\u00e0 imprenditoriale. Recentemente sono stati organizzati anche seminari informativi sul diritto del lavoro e sulla tassazione negli Emirati Arabi Uniti. Inoltre, alcuni eventi riuniscono stakeholder di diversi settori, come quello automobilistico, edile, F&amp;B, chimico e manifatturiero, per sviluppare nuovi metodi di collaborazione.<\/p>\n<p>Ramy Jallad, CEO del Gruppo RAKEZ, ha dichiarato: \"Il percorso imprenditoriale non \u00e8 facile ed \u00e8 qui che entriamo in gioco noi. In quanto hub per migliaia di PMI, forniamo loro una piattaforma per incontrarsi e collaborare\", ha aggiunto. \"I nostri eventi B2B sono progettati per aiutare i nuovi imprenditori ad acquisire conoscenze e ad espandere le loro reti, il che faciliter\u00e0 la loro crescita e, nel lungo periodo, contribuir\u00e0 a diversificare l'economia degli Emirati Arabi Uniti allontanandola dal petrolio, un aspetto essenziale per la nostra crescita e il nostro sviluppo futuri\".<\/p>\n<h3>Mix internazionale di imprenditori e clienti<\/h3>\n<p>Nell'era del networking virtuale, molti incontri di lavoro si svolgono online. Tuttavia, come tutti sappiamo, \u00e8 un grande vantaggio potersi incontrare di persona. Per questo, dopo la pandemia, molti fondatori, imprenditori e studenti hanno colto l'occasione per stringere nuovamente la mano e scambiare idee in uno spazio fisico vivace e accogliente: il Compass Coworking Centre. \"Gli incontri faccia a faccia sono un'esperienza che arricchisce rispetto ai contatti tramite i social media o i media digitali, perch\u00e9 non si conoscono veramente le persone dietro gli schermi\", afferma Ernesta Puodzuilaityte, responsabile vendite di F&amp;S Real Estate Building. La societ\u00e0 lituana si occupa di intermediazione di appartamenti esclusivi nella zona economica emergente. \"Stabilire relazioni \u00e8 un modo per acquisire clienti a lungo termine\", afferma.<\/p>\n<p>I partecipanti agli eventi della comunit\u00e0 RAKEZ, come il droghiere Eun-Jin Shin di Ras Al Khaimah, hanno apprezzato molto l'opportunit\u00e0 di fare rete e di imparare: \"Le start-up hanno bisogno di una comunit\u00e0 di coworking dove poter accedere a eventi B2B. Molti potrebbero non sapere come fare tutto correttamente, ed \u00e8 qui che essere in una comunit\u00e0 aiuta\". Naina Kaur di Jersey Real Estate Brokers concorda: \"La cosa pi\u00f9 importante che ci portiamo via dagli eventi di networking per le startup \u00e8 condividere le storie dei nostri viaggi e imparare dagli errori degli altri\". Rakhi di Desert Art Collective fa eco a questo sentimento: \"A volte ci si sente molto soli quando si cerca di far decollare la propria attivit\u00e0, ma quando ci si incontra e si condivide con gli altri, ci si rende conto che anche loro affrontano ostacoli simili. Gli eventi della comunit\u00e0 RAKEZ hanno cambiato la mia vita perch\u00e9 qui sono entrata in contatto con molti imprenditori di diversi settori\".<\/p>\n<h3>Ras Al Khaimah: attrarre nuove imprese<\/h3>\n<p>Con un fitto programma di eventi sociali e professionali, il centro \u00e8 stato una piattaforma per gli esperti del settore immobiliare, della trasformazione digitale e della finanza per ispirare coloro che stanno pianificando o hanno appena iniziato le loro iniziative sin dalla sua nascita nel 2021. Allo stesso tempo, i membri del Compass Coworking Centre beneficiano della condivisione dello spazio con una comunit\u00e0 di persone che la pensano allo stesso modo e che si sostengono a vicenda. Un ecosistema cos\u00ec consolidato aiuta i nuovi imprenditori a trovare il giusto supporto che altrimenti non avrebbero trovato in un mercato enorme, competitivo e in rapida evoluzione.<\/p>\n<p>Tim Wicker di The Compliance Connection \u00e8 uno dei visitatori abituali del centro. \"Compass \u00e8 un luogo fantastico\", afferma. \"Come proprietario di una piccola impresa, si \u00e8 molto soli. Quindi, quando si lavora in uno spazio aperto, \u00e8 facile entrare in contatto con altri imprenditori, condividere le proprie esperienze davanti a un caff\u00e8 e costruire non solo amicizie ma anche partnership strategiche. Attendo con ansia altri eventi in cui si possano evidenziare argomenti speciali, come la compliance, le cose da sapere dal punto di vista contabile o normativo, per aiutare le piccole imprese.<\/p>\n<p><em>Fonte e ulteriori informazioni: <a href=\"https:\/\/rakez.com\/en\/\">RAKEZ<\/a><\/em><\/p>\n<blockquote>\n<h3>RAKEZ<\/h3>\n<p>La Ras Al Khaimah Economic Zone (RAKEZ) \u00e8 una zona economica speciale degli Emirati Arabi Uniti. \u00c8 stata istituita nel 2017 dal governo di Ras Al Khaimah ed \u00e8 una delle 37 zone franche degli Emirati Arabi Uniti. Attualmente ospita pi\u00f9 di 16.500 aziende provenienti da oltre 100 Paesi che operano in pi\u00f9 di 50 settori - e il numero \u00e8 in crescita. Si parla di una crescita prevista del 20%. Durante la pandemia COVID 19, RAKEZ si \u00e8 anche fortemente orientata verso la digitalizzazione. RAKEZ offre a imprenditori, start-up, PMI e aziende manifatturiere un'ampia gamma di soluzioni, tra cui licenze per zone libere e non, strutture personalizzabili e vari altri servizi one-stop. Inoltre, RAKEZ dispone di zone specializzate, studiate su misura per le esigenze specifiche degli investitori: Al Nakheel e Al Hamra Business Zones per le societ\u00e0 commerciali e di servizi; Al Ghail, Al Hamra e Al Hulaila Industrial Zones per i produttori e gli industriali; e una Academic Zone per i fornitori di istruzione.<\/p><\/blockquote>","protected":false},"excerpt":{"rendered":"<p>In den vergangenen Monaten haben sich Hunderte von Unternehmern in den Vereinigten Arabischen Emirate (VAE) im Compass Coworking Centre in Ras Al Khaimah getroffen, um ihre Erkenntnisse, Erfolgsgeschichten und Gesch\u00e4ftsm\u00f6glichkeiten auszutauschen. Die im Jahr 2022 ins Leben gerufene monatliche B2B-Networking-Reihe, die von der Ras Al Khaimah Economic Zone (RAKEZ) ausgerichtet wird, heisst weiterhin Mitglieder der [&hellip;]<\/p>\n","protected":false},"author":4,"featured_media":19098,"comment_status":"closed","ping_status":"closed","sticky":false,"template":"","format":"standard","meta":{"_acf_changed":false,"_yoast_wpseo_focuskw":"Ras Al Khaimah","_yoast_wpseo_metadesc":"Die Sonderwirtschaftszone von Ras Al Khaimah in den Vereinigten Arabische Emiraten zieht KMU aus dem Ausland an.","articlekey":"","footnotes":""},"categories":[28],"tags":[280,451,3643],"class_list":["post-19097","post","type-post","status-publish","format-standard","has-post-thumbnail","hentry","category-management","tag-internationalisierung","tag-startups","tag-vereinigte-arabische-emirate"],"acf":[],"yoast_head":"<!-- This site is optimized with the Yoast SEO plugin v27.5 - https:\/\/yoast.com\/product\/yoast-seo-wordpress\/ -->\n<title>KMU im Nahen Osten - Impressionen aus Ras Al Khaimah - Organisator<\/title>\n<meta name=\"description\" content=\"Die Sonderwirtschaftszone von Ras Al Khaimah in den Vereinigten Arabische Emiraten zieht KMU aus dem Ausland an.\" \/>\n<meta name=\"robots\" content=\"index, follow, max-snippet:-1, max-image-preview:large, max-video-preview:-1\" \/>\n<link rel=\"canonical\" href=\"https:\/\/www.organisator.ch\/it\/gestione-2\/2023-02-27\/kmu-im-nahen-osten-impressionen-aus-ras-al-khaimah\/\" \/>\n<meta property=\"og:locale\" content=\"it_IT\" \/>\n<meta property=\"og:type\" content=\"article\" \/>\n<meta property=\"og:title\" content=\"KMU im Nahen Osten - Impressionen aus Ras Al Khaimah\" \/>\n<meta property=\"og:description\" content=\"Die Sonderwirtschaftszone von Ras Al Khaimah in den Vereinigten Arabische Emiraten zieht KMU aus dem Ausland an.\" \/>\n<meta property=\"og:url\" content=\"https:\/\/www.organisator.ch\/it\/gestione-2\/2023-02-27\/kmu-im-nahen-osten-impressionen-aus-ras-al-khaimah\/\" \/>\n<meta property=\"og:site_name\" content=\"Organisator\" \/>\n<meta property=\"article:publisher\" content=\"https:\/\/www.facebook.com\/OrganisatorFachmagazin\" \/>\n<meta property=\"article:published_time\" content=\"2023-02-27T08:41:08+00:00\" \/>\n<meta property=\"og:image\" content=\"https:\/\/www.organisator.ch\/wp-content\/uploads\/2023\/02\/KMU-im-Nahen-Osten-Impressionen-aus-Ras-Al-Khaimah_Organisator.jpg\" \/>\n\t<meta property=\"og:image:width\" content=\"680\" \/>\n\t<meta property=\"og:image:height\" content=\"453\" \/>\n\t<meta property=\"og:image:type\" content=\"image\/jpeg\" \/>\n<meta name=\"author\" content=\"thomas.berner\" \/>\n<meta name=\"twitter:card\" content=\"summary_large_image\" \/>\n<meta name=\"twitter:title\" content=\"#KMU im Nahen Osten - Impressionen aus Ras Al Khaimah\" \/>\n<meta name=\"twitter:description\" content=\"Die Sonderwirtschaftszone von Ras Al Khaimah #RAKEZ in den Vereinigten Arabische Emiraten zieht KMU aus dem Ausland an.\" \/>\n<meta name=\"twitter:image\" content=\"https:\/\/www.organisator.ch\/wp-content\/uploads\/2023\/02\/KMU-im-Nahen-Osten-Impressionen-aus-Ras-Al-Khaimah_Organisator.jpg\" \/>\n<script type=\"application\/ld+json\" class=\"yoast-schema-graph\">{\"@context\":\"https:\\\/\\\/schema.org\",\"@graph\":[{\"@type\":\"Article\",\"@id\":\"https:\\\/\\\/www.organisator.ch\\\/management\\\/2023-02-27\\\/kmu-im-nahen-osten-impressionen-aus-ras-al-khaimah\\\/#article\",\"isPartOf\":{\"@id\":\"https:\\\/\\\/www.organisator.ch\\\/management\\\/2023-02-27\\\/kmu-im-nahen-osten-impressionen-aus-ras-al-khaimah\\\/\"},\"author\":{\"name\":\"thomas.berner\",\"@id\":\"https:\\\/\\\/www.organisator.ch\\\/#\\\/schema\\\/person\\\/6f650f90b2842cd4c0cc334b4e36f67e\"},\"headline\":\"KMU im Nahen Osten &#8211; Impressionen aus Ras Al Khaimah\",\"datePublished\":\"2023-02-27T08:41:08+00:00\",\"mainEntityOfPage\":{\"@id\":\"https:\\\/\\\/www.organisator.ch\\\/management\\\/2023-02-27\\\/kmu-im-nahen-osten-impressionen-aus-ras-al-khaimah\\\/\"},\"wordCount\":996,\"publisher\":{\"@id\":\"https:\\\/\\\/www.organisator.ch\\\/#organization\"},\"image\":{\"@id\":\"https:\\\/\\\/www.organisator.ch\\\/management\\\/2023-02-27\\\/kmu-im-nahen-osten-impressionen-aus-ras-al-khaimah\\\/#primaryimage\"},\"thumbnailUrl\":\"https:\\\/\\\/www.organisator.ch\\\/wp-content\\\/uploads\\\/2023\\\/02\\\/KMU-im-Nahen-Osten-Impressionen-aus-Ras-Al-Khaimah_Organisator.jpg\",\"keywords\":[\"Internationalisierung\",\"Startups\",\"Vereinigte Arabische Emirate\"],\"articleSection\":[\"MANAGEMENT\"],\"inLanguage\":\"it-IT\"},{\"@type\":\"WebPage\",\"@id\":\"https:\\\/\\\/www.organisator.ch\\\/management\\\/2023-02-27\\\/kmu-im-nahen-osten-impressionen-aus-ras-al-khaimah\\\/\",\"url\":\"https:\\\/\\\/www.organisator.ch\\\/management\\\/2023-02-27\\\/kmu-im-nahen-osten-impressionen-aus-ras-al-khaimah\\\/\",\"name\":\"KMU im Nahen Osten - Impressionen aus Ras Al Khaimah - Organisator\",\"isPartOf\":{\"@id\":\"https:\\\/\\\/www.organisator.ch\\\/#website\"},\"primaryImageOfPage\":{\"@id\":\"https:\\\/\\\/www.organisator.ch\\\/management\\\/2023-02-27\\\/kmu-im-nahen-osten-impressionen-aus-ras-al-khaimah\\\/#primaryimage\"},\"image\":{\"@id\":\"https:\\\/\\\/www.organisator.ch\\\/management\\\/2023-02-27\\\/kmu-im-nahen-osten-impressionen-aus-ras-al-khaimah\\\/#primaryimage\"},\"thumbnailUrl\":\"https:\\\/\\\/www.organisator.ch\\\/wp-content\\\/uploads\\\/2023\\\/02\\\/KMU-im-Nahen-Osten-Impressionen-aus-Ras-Al-Khaimah_Organisator.jpg\",\"datePublished\":\"2023-02-27T08:41:08+00:00\",\"description\":\"Die Sonderwirtschaftszone von Ras Al Khaimah in den Vereinigten Arabische Emiraten zieht KMU aus dem Ausland an.\",\"breadcrumb\":{\"@id\":\"https:\\\/\\\/www.organisator.ch\\\/management\\\/2023-02-27\\\/kmu-im-nahen-osten-impressionen-aus-ras-al-khaimah\\\/#breadcrumb\"},\"inLanguage\":\"it-IT\",\"potentialAction\":[{\"@type\":\"ReadAction\",\"target\":[\"https:\\\/\\\/www.organisator.ch\\\/management\\\/2023-02-27\\\/kmu-im-nahen-osten-impressionen-aus-ras-al-khaimah\\\/\"]}]},{\"@type\":\"ImageObject\",\"inLanguage\":\"it-IT\",\"@id\":\"https:\\\/\\\/www.organisator.ch\\\/management\\\/2023-02-27\\\/kmu-im-nahen-osten-impressionen-aus-ras-al-khaimah\\\/#primaryimage\",\"url\":\"https:\\\/\\\/www.organisator.ch\\\/wp-content\\\/uploads\\\/2023\\\/02\\\/KMU-im-Nahen-Osten-Impressionen-aus-Ras-Al-Khaimah_Organisator.jpg\",\"contentUrl\":\"https:\\\/\\\/www.organisator.ch\\\/wp-content\\\/uploads\\\/2023\\\/02\\\/KMU-im-Nahen-Osten-Impressionen-aus-Ras-Al-Khaimah_Organisator.jpg\",\"width\":680,\"height\":453,\"caption\":\"In Ras Al Khaimah (Vereinigte Arabische Emirate) tauschen sich KMU-Entrepreneure regelm\u00e4ssig \u00fcber ihre Erfahrungen aus. (Bild: RAKEZ)\"},{\"@type\":\"BreadcrumbList\",\"@id\":\"https:\\\/\\\/www.organisator.ch\\\/management\\\/2023-02-27\\\/kmu-im-nahen-osten-impressionen-aus-ras-al-khaimah\\\/#breadcrumb\",\"itemListElement\":[{\"@type\":\"ListItem\",\"position\":1,\"name\":\"Home\",\"item\":\"https:\\\/\\\/www.organisator.ch\\\/\"},{\"@type\":\"ListItem\",\"position\":2,\"name\":\"KMU im Nahen Osten &#8211; Impressionen aus Ras Al Khaimah\"}]},{\"@type\":\"WebSite\",\"@id\":\"https:\\\/\\\/www.organisator.ch\\\/#website\",\"url\":\"https:\\\/\\\/www.organisator.ch\\\/\",\"name\":\"Organisator\",\"description\":\"Kompetent. Praxisnah. Der ORGANISATOR bereitet in 10 Ausgaben pro Jahr die wesentlichen Themen f\u00fcr F\u00fchrungskr\u00e4fte von KMU auf.\",\"publisher\":{\"@id\":\"https:\\\/\\\/www.organisator.ch\\\/#organization\"},\"potentialAction\":[{\"@type\":\"SearchAction\",\"target\":{\"@type\":\"EntryPoint\",\"urlTemplate\":\"https:\\\/\\\/www.organisator.ch\\\/?s={search_term_string}\"},\"query-input\":{\"@type\":\"PropertyValueSpecification\",\"valueRequired\":true,\"valueName\":\"search_term_string\"}}],\"inLanguage\":\"it-IT\"},{\"@type\":\"Organization\",\"@id\":\"https:\\\/\\\/www.organisator.ch\\\/#organization\",\"name\":\"Organisator\",\"url\":\"https:\\\/\\\/www.organisator.ch\\\/\",\"logo\":{\"@type\":\"ImageObject\",\"inLanguage\":\"it-IT\",\"@id\":\"https:\\\/\\\/www.organisator.ch\\\/#\\\/schema\\\/logo\\\/image\\\/\",\"url\":\"https:\\\/\\\/www.organisator.ch\\\/wp-content\\\/uploads\\\/2022\\\/01\\\/Logo_Organisator_Website.png\",\"contentUrl\":\"https:\\\/\\\/www.organisator.ch\\\/wp-content\\\/uploads\\\/2022\\\/01\\\/Logo_Organisator_Website.png\",\"width\":800,\"height\":77,\"caption\":\"Organisator\"},\"image\":{\"@id\":\"https:\\\/\\\/www.organisator.ch\\\/#\\\/schema\\\/logo\\\/image\\\/\"},\"sameAs\":[\"https:\\\/\\\/www.facebook.com\\\/OrganisatorFachmagazin\",\"https:\\\/\\\/www.linkedin.com\\\/showcase\\\/organisator-das-magazin-fr-kmu\",\"https:\\\/\\\/www.xing.com\\\/news\\\/pages\\\/organisator-ch-695\",\"https:\\\/\\\/www.youtube.com\\\/channel\\\/UCGP2Sq0iWaZwT3BdIAQFYpw\"]},{\"@type\":\"Person\",\"@id\":\"https:\\\/\\\/www.organisator.ch\\\/#\\\/schema\\\/person\\\/6f650f90b2842cd4c0cc334b4e36f67e\",\"name\":\"thomas.berner\",\"image\":{\"@type\":\"ImageObject\",\"inLanguage\":\"it-IT\",\"@id\":\"https:\\\/\\\/secure.gravatar.com\\\/avatar\\\/ac5001d2a36cb6c6cd3e50789007ffca834b477b74a2144564522e944eabff61?s=96&d=mm&r=g\",\"url\":\"https:\\\/\\\/secure.gravatar.com\\\/avatar\\\/ac5001d2a36cb6c6cd3e50789007ffca834b477b74a2144564522e944eabff61?s=96&d=mm&r=g\",\"contentUrl\":\"https:\\\/\\\/secure.gravatar.com\\\/avatar\\\/ac5001d2a36cb6c6cd3e50789007ffca834b477b74a2144564522e944eabff61?s=96&d=mm&r=g\",\"caption\":\"thomas.berner\"},\"url\":\"https:\\\/\\\/www.organisator.ch\\\/it\\\/author\\\/thomas-berner\\\/\"}]}<\/script>\n<!-- \/ Yoast SEO plugin. -->","yoast_head_json":{"title":"PMI in Medio Oriente - Impressioni da Ras Al Khaimah - Organizzatore","description":"La Zona Economica Speciale di Ras Al Khaimah, negli Emirati Arabi Uniti, attrae PMI dall'estero.","robots":{"index":"index","follow":"follow","max-snippet":"max-snippet:-1","max-image-preview":"max-image-preview:large","max-video-preview":"max-video-preview:-1"},"canonical":"https:\/\/www.organisator.ch\/it\/gestione-2\/2023-02-27\/kmu-im-nahen-osten-impressionen-aus-ras-al-khaimah\/","og_locale":"it_IT","og_type":"article","og_title":"KMU im Nahen Osten - Impressionen aus Ras Al Khaimah","og_description":"Die Sonderwirtschaftszone von Ras Al Khaimah in den Vereinigten Arabische Emiraten zieht KMU aus dem Ausland an.","og_url":"https:\/\/www.organisator.ch\/it\/gestione-2\/2023-02-27\/kmu-im-nahen-osten-impressionen-aus-ras-al-khaimah\/","og_site_name":"Organisator","article_publisher":"https:\/\/www.facebook.com\/OrganisatorFachmagazin","article_published_time":"2023-02-27T08:41:08+00:00","og_image":[{"width":680,"height":453,"url":"https:\/\/www.organisator.ch\/wp-content\/uploads\/2023\/02\/KMU-im-Nahen-Osten-Impressionen-aus-Ras-Al-Khaimah_Organisator.jpg","type":"image\/jpeg"}],"author":"thomas.berner","twitter_card":"summary_large_image","twitter_title":"#KMU im Nahen Osten - Impressionen aus Ras Al Khaimah","twitter_description":"Die Sonderwirtschaftszone von Ras Al Khaimah #RAKEZ in den Vereinigten Arabische Emiraten zieht KMU aus dem Ausland an.","twitter_image":"https:\/\/www.organisator.ch\/wp-content\/uploads\/2023\/02\/KMU-im-Nahen-Osten-Impressionen-aus-Ras-Al-Khaimah_Organisator.jpg","schema":{"@context":"https:\/\/schema.org","@graph":[{"@type":"Article","@id":"https:\/\/www.organisator.ch\/management\/2023-02-27\/kmu-im-nahen-osten-impressionen-aus-ras-al-khaimah\/#article","isPartOf":{"@id":"https:\/\/www.organisator.ch\/management\/2023-02-27\/kmu-im-nahen-osten-impressionen-aus-ras-al-khaimah\/"},"author":{"name":"thomas.berner","@id":"https:\/\/www.organisator.ch\/#\/schema\/person\/6f650f90b2842cd4c0cc334b4e36f67e"},"headline":"KMU im Nahen Osten &#8211; Impressionen aus Ras Al Khaimah","datePublished":"2023-02-27T08:41:08+00:00","mainEntityOfPage":{"@id":"https:\/\/www.organisator.ch\/management\/2023-02-27\/kmu-im-nahen-osten-impressionen-aus-ras-al-khaimah\/"},"wordCount":996,"publisher":{"@id":"https:\/\/www.organisator.ch\/#organization"},"image":{"@id":"https:\/\/www.organisator.ch\/management\/2023-02-27\/kmu-im-nahen-osten-impressionen-aus-ras-al-khaimah\/#primaryimage"},"thumbnailUrl":"https:\/\/www.organisator.ch\/wp-content\/uploads\/2023\/02\/KMU-im-Nahen-Osten-Impressionen-aus-Ras-Al-Khaimah_Organisator.jpg","keywords":["Internationalisierung","Startups","Vereinigte Arabische Emirate"],"articleSection":["MANAGEMENT"],"inLanguage":"it-IT"},{"@type":"WebPage","@id":"https:\/\/www.organisator.ch\/management\/2023-02-27\/kmu-im-nahen-osten-impressionen-aus-ras-al-khaimah\/","url":"https:\/\/www.organisator.ch\/management\/2023-02-27\/kmu-im-nahen-osten-impressionen-aus-ras-al-khaimah\/","name":"PMI in Medio Oriente - Impressioni da Ras Al Khaimah - Organizzatore","isPartOf":{"@id":"https:\/\/www.organisator.ch\/#website"},"primaryImageOfPage":{"@id":"https:\/\/www.organisator.ch\/management\/2023-02-27\/kmu-im-nahen-osten-impressionen-aus-ras-al-khaimah\/#primaryimage"},"image":{"@id":"https:\/\/www.organisator.ch\/management\/2023-02-27\/kmu-im-nahen-osten-impressionen-aus-ras-al-khaimah\/#primaryimage"},"thumbnailUrl":"https:\/\/www.organisator.ch\/wp-content\/uploads\/2023\/02\/KMU-im-Nahen-Osten-Impressionen-aus-Ras-Al-Khaimah_Organisator.jpg","datePublished":"2023-02-27T08:41:08+00:00","description":"La Zona Economica Speciale di Ras Al Khaimah, negli Emirati Arabi Uniti, attrae PMI dall'estero.","breadcrumb":{"@id":"https:\/\/www.organisator.ch\/management\/2023-02-27\/kmu-im-nahen-osten-impressionen-aus-ras-al-khaimah\/#breadcrumb"},"inLanguage":"it-IT","potentialAction":[{"@type":"ReadAction","target":["https:\/\/www.organisator.ch\/management\/2023-02-27\/kmu-im-nahen-osten-impressionen-aus-ras-al-khaimah\/"]}]},{"@type":"ImageObject","inLanguage":"it-IT","@id":"https:\/\/www.organisator.ch\/management\/2023-02-27\/kmu-im-nahen-osten-impressionen-aus-ras-al-khaimah\/#primaryimage","url":"https:\/\/www.organisator.ch\/wp-content\/uploads\/2023\/02\/KMU-im-Nahen-Osten-Impressionen-aus-Ras-Al-Khaimah_Organisator.jpg","contentUrl":"https:\/\/www.organisator.ch\/wp-content\/uploads\/2023\/02\/KMU-im-Nahen-Osten-Impressionen-aus-Ras-Al-Khaimah_Organisator.jpg","width":680,"height":453,"caption":"In Ras Al Khaimah (Vereinigte Arabische Emirate) tauschen sich KMU-Entrepreneure regelm\u00e4ssig \u00fcber ihre Erfahrungen aus. (Bild: RAKEZ)"},{"@type":"BreadcrumbList","@id":"https:\/\/www.organisator.ch\/management\/2023-02-27\/kmu-im-nahen-osten-impressionen-aus-ras-al-khaimah\/#breadcrumb","itemListElement":[{"@type":"ListItem","position":1,"name":"Home","item":"https:\/\/www.organisator.ch\/"},{"@type":"ListItem","position":2,"name":"KMU im Nahen Osten &#8211; Impressionen aus Ras Al Khaimah"}]},{"@type":"WebSite","@id":"https:\/\/www.organisator.ch\/#website","url":"https:\/\/www.organisator.ch\/","name":"Organizzatore","description":"Competente. Pratico. In 10 numeri all'anno, ORGANISATOR presenta i temi essenziali per i manager delle PMI.","publisher":{"@id":"https:\/\/www.organisator.ch\/#organization"},"potentialAction":[{"@type":"SearchAction","target":{"@type":"EntryPoint","urlTemplate":"https:\/\/www.organisator.ch\/?s={search_term_string}"},"query-input":{"@type":"PropertyValueSpecification","valueRequired":true,"valueName":"search_term_string"}}],"inLanguage":"it-IT"},{"@type":"Organization","@id":"https:\/\/www.organisator.ch\/#organization","name":"Organizzatore","url":"https:\/\/www.organisator.ch\/","logo":{"@type":"ImageObject","inLanguage":"it-IT","@id":"https:\/\/www.organisator.ch\/#\/schema\/logo\/image\/","url":"https:\/\/www.organisator.ch\/wp-content\/uploads\/2022\/01\/Logo_Organisator_Website.png","contentUrl":"https:\/\/www.organisator.ch\/wp-content\/uploads\/2022\/01\/Logo_Organisator_Website.png","width":800,"height":77,"caption":"Organisator"},"image":{"@id":"https:\/\/www.organisator.ch\/#\/schema\/logo\/image\/"},"sameAs":["https:\/\/www.facebook.com\/OrganisatorFachmagazin","https:\/\/www.linkedin.com\/showcase\/organisator-das-magazin-fr-kmu","https:\/\/www.xing.com\/news\/pages\/organisator-ch-695","https:\/\/www.youtube.com\/channel\/UCGP2Sq0iWaZwT3BdIAQFYpw"]},{"@type":"Person","@id":"https:\/\/www.organisator.ch\/#\/schema\/person\/6f650f90b2842cd4c0cc334b4e36f67e","name":"Tommaso.berner","image":{"@type":"ImageObject","inLanguage":"it-IT","@id":"https:\/\/secure.gravatar.com\/avatar\/ac5001d2a36cb6c6cd3e50789007ffca834b477b74a2144564522e944eabff61?s=96&d=mm&r=g","url":"https:\/\/secure.gravatar.com\/avatar\/ac5001d2a36cb6c6cd3e50789007ffca834b477b74a2144564522e944eabff61?s=96&d=mm&r=g","contentUrl":"https:\/\/secure.gravatar.com\/avatar\/ac5001d2a36cb6c6cd3e50789007ffca834b477b74a2144564522e944eabff61?s=96&d=mm&r=g","caption":"thomas.berner"},"url":"https:\/\/www.organisator.ch\/it\/author\/thomas-berner\/"}]}},"_links":{"self":[{"href":"https:\/\/www.organisator.ch\/it\/wp-json\/wp\/v2\/posts\/19097","targetHints":{"allow":["GET"]}}],"collection":[{"href":"https:\/\/www.organisator.ch\/it\/wp-json\/wp\/v2\/posts"}],"about":[{"href":"https:\/\/www.organisator.ch\/it\/wp-json\/wp\/v2\/types\/post"}],"author":[{"embeddable":true,"href":"https:\/\/www.organisator.ch\/it\/wp-json\/wp\/v2\/users\/4"}],"replies":[{"embeddable":true,"href":"https:\/\/www.organisator.ch\/it\/wp-json\/wp\/v2\/comments?post=19097"}],"version-history":[{"count":1,"href":"https:\/\/www.organisator.ch\/it\/wp-json\/wp\/v2\/posts\/19097\/revisions"}],"predecessor-version":[{"id":19099,"href":"https:\/\/www.organisator.ch\/it\/wp-json\/wp\/v2\/posts\/19097\/revisions\/19099"}],"wp:featuredmedia":[{"embeddable":true,"href":"https:\/\/www.organisator.ch\/it\/wp-json\/wp\/v2\/media\/19098"}],"wp:attachment":[{"href":"https:\/\/www.organisator.ch\/it\/wp-json\/wp\/v2\/media?parent=19097"}],"wp:term":[{"taxonomy":"category","embeddable":true,"href":"https:\/\/www.organisator.ch\/it\/wp-json\/wp\/v2\/categories?post=19097"},{"taxonomy":"post_tag","embeddable":true,"href":"https:\/\/www.organisator.ch\/it\/wp-json\/wp\/v2\/tags?post=19097"}],"curies":[{"name":"wp","href":"https:\/\/api.w.org\/{rel}","templated":true}]}}