{"id":19131,"date":"2023-03-01T10:46:23","date_gmt":"2023-03-01T09:46:23","guid":{"rendered":"https:\/\/www.organisator.ch\/?p=19131"},"modified":"2023-03-01T10:46:23","modified_gmt":"2023-03-01T09:46:23","slug":"schweizer-tech-industrie-schaut-auf-positives-jahr-2022-zurueck","status":"publish","type":"post","link":"https:\/\/www.organisator.ch\/it\/allgemein\/2023-03-01\/schweizer-tech-industrie-schaut-auf-positives-jahr-2022-zurueck\/","title":{"rendered":"L'industria tecnologica svizzera guarda a un 2022 positivo"},"content":{"rendered":"<figure id=\"attachment_19132\" aria-describedby=\"caption-attachment-19132\" style=\"width: 680px\" class=\"wp-caption alignnone\"><img loading=\"lazy\" decoding=\"async\" class=\"size-full wp-image-19132\" src=\"https:\/\/www.organisator.ch\/wp-content\/uploads\/2023\/03\/Schweizer-Tech-Industrie-schaut-auf-positives-Jahr-2022-zurueck_Organisator.jpg\" alt=\"\" width=\"680\" height=\"475\" srcset=\"https:\/\/www.organisator.ch\/wp-content\/uploads\/2023\/03\/Schweizer-Tech-Industrie-schaut-auf-positives-Jahr-2022-zurueck_Organisator.jpg 680w, https:\/\/www.organisator.ch\/wp-content\/uploads\/2023\/03\/Schweizer-Tech-Industrie-schaut-auf-positives-Jahr-2022-zurueck_Organisator-18x12.jpg 18w, https:\/\/www.organisator.ch\/wp-content\/uploads\/2023\/03\/Schweizer-Tech-Industrie-schaut-auf-positives-Jahr-2022-zurueck_Organisator-375x262.jpg 375w, https:\/\/www.organisator.ch\/wp-content\/uploads\/2023\/03\/Schweizer-Tech-Industrie-schaut-auf-positives-Jahr-2022-zurueck_Organisator-501x350.jpg 501w\" sizes=\"auto, (max-width: 680px) 100vw, 680px\" \/><figcaption id=\"caption-attachment-19132\" class=\"wp-caption-text\">Nel 2022, l'industria tecnologica svizzera ha proseguito il suo trend di crescita. Le sfide per il settore risiedono principalmente nella carenza di lavoratori qualificati e nell'accesso ai mercati globali. (Immagine: Pixabay.com)<\/figcaption><\/figure>\n<p>Nel 2022 le vendite dell'industria tecnologica svizzera sono aumentate del 9,4% rispetto all'anno precedente. Lo ha reso noto l'associazione di settore Swissmem. Nel quarto trimestre del 2022, l'aumento rispetto allo stesso trimestre dell'anno precedente \u00e8 stato del +8,8%. Si tratta del settimo trimestre consecutivo di aumento del fatturato del settore. Sia le PMI che le grandi aziende hanno beneficiato di questa ripresa, ha aggiunto Swissmem. Anche gli ordini in entrata sono aumentati del +2,4% rispetto al 2021. Nel quarto trimestre del 2022 sono aumentati del +2,4% rispetto allo stesso periodo dell'anno precedente. Questo dato \u00e8 molto incoraggiante, perch\u00e9 nel terzo trimestre del 2022 i nuovi ordini dall'estero erano crollati di oltre il 20% rispetto al trimestre precedente. Insieme ai timori di recessione globale, Swissmem temeva anche una forte contrazione dell'industria. Ci\u00f2 non si \u00e8 verificato n\u00e9 per le PMI n\u00e9 per le grandi aziende. Al contrario, l'utilizzo della capacit\u00e0 produttiva nel quarto trimestre ha raggiunto l'89,6%, ben al di sopra della media a lungo termine dell'86,2%. Questo dato trova riscontro nel fatto che il numero di dipendenti dell'industria tecnologica ha continuato a crescere. Nel quarto trimestre del 2022 \u00e8 salito a 326.500 unit\u00e0, con un aumento del +2,7% rispetto allo stesso periodo dell'anno precedente.<\/p>\n<p>Ma Swissmem lo mette in prospettiva: Questi dati positivi non devono oscurare il fatto che tutte le aziende stanno soffrendo per l'aumento dei costi dell'energia, delle materie prime e della manodopera. In particolare, le aziende ad alta intensit\u00e0 energetica sono fortemente svantaggiate sul mercato a causa delle misure di politica industriale degli Stati dell'UE. Le loro sedi aziendali in Svizzera sono a rischio.<\/p>\n<h3><strong>Aumento delle esportazioni per tutti i gruppi di prodotti di base<\/strong><\/h3>\n<p>Nel 2022 le esportazioni di beni dell'industria tecnologica sono aumentate del +5,6% rispetto all'anno precedente e hanno raggiunto un valore di 72,3 miliardi di franchi svizzeri. Tutti i mercati pi\u00f9 importanti hanno avuto un andamento positivo. Le esportazioni verso l'Asia sono aumentate del +11,7%, verso gli Stati Uniti del 7,9% e verso l'UE del +4,3%. Sono aumentate le esportazioni di tutti i principali gruppi di prodotti. Rispetto al 2021, le esportazioni sono aumentate del +8,5% nei metalli, del +7,4% nell'ingegneria elettrica\/elettronica, del +5,4% nell'ingegneria meccanica e del +4,2% negli strumenti di precisione.\u00a0\u00a0<strong>\u00a0<\/strong><\/p>\n<h3><strong>Rischi e incertezze significativi\u00a0<\/strong><\/h3>\n<p>Commentando i dati relativi al 2022, il direttore di Swissmem Stefan Brupbacher afferma: \"Nel complesso, la situazione dell'industria tecnologica svizzera \u00e8 migliore di quanto si temesse. Dopo il terzo trimestre del 2022 ci aspettavamo una flessione. Questo non \u00e8 ancora avvenuto\". Brupbacher attribuisce i buoni dati di vendita anche al fatto che le aziende sono riuscite a smaltire e consegnare l'elevato portafoglio ordini. Questo \u00e8 stato possibile perch\u00e9, ad eccezione di singoli componenti chiave ed elettronici, i problemi della catena di approvvigionamento si sono notevolmente attenuati. \"Sono cautamente ottimista per l'esercizio in corso\", aggiunge Brupbacher. Questo coincide con il <a href=\"https:\/\/www.organisator.ch\/de\/management\/2023-02-28\/kmu-der-mem-branche-sind-vorsichtig-optimistisch\/\">Valutazioni degli imprenditori e delle aziende<\/a> da parte dei soci di Swissmem. Secondo l'ultimo sondaggio, un terzo prevede un aumento degli ordini dall'estero nei prossimi dodici mesi. Gli impulsi di crescita sono attesi soprattutto dagli Stati Uniti e dai mercati extraeuropei. Il 39% degli intervistati prevede che gli ordini rimarranno invariati. Il 28% prevede un calo degli ordini. Tuttavia, permangono notevoli rischi e incertezze. \"Al fine di ridurre ulteriormente l'inflazione, \u00e8 probabile che le banche nazionali adottino ulteriori misure sui tassi di interesse. Questo raffredder\u00e0 l'economia e quindi la domanda dei nostri prodotti. Inoltre, c'\u00e8 ancora il rischio di una carenza di energia il prossimo inverno\", spiega Stefan Brupbacher. I rischi maggiori per l'economia globale, tuttavia, risiedono in un'ulteriore escalation della guerra in Ucraina e in un'intensificazione delle tensioni tra Cina e Stati Uniti.<\/p>\n<h3><strong>Sfide legate alla carenza di competenze e all'accesso al mercato globale\u00a0<\/strong><\/h3>\n<p>A livello nazionale, la carenza di lavoratori qualificati \u00e8 il rischio maggiore per l'industria tecnologica. Un gran numero di aziende associate a Swissmem lamenta difficolt\u00e0 nel trovare specialisti adeguati. Per contrastare questo fenomeno, Swissmem sta investendo ingenti risorse nella riforma delle professioni industriali, nel marketing occupazionale e nella promozione delle STEM. Tuttavia, Swissmem ritiene che anche il settore pubblico abbia un dovere. Negli ultimi anni il settore pubblico ha creato un numero enorme di nuovi posti di lavoro. L'amministrazione non deve essere ulteriormente gonfiata, perch\u00e9 sono le aziende a sostenere lo Stato e non il contrario.<\/p>\n<p>L'industria tecnologica svizzera esporta quasi l'80% dei suoi prodotti. Tuttavia, l'accesso senza barriere ai mercati di vendita globali sta diventando sempre pi\u00f9 una sfida. Nel contesto internazionale, il protezionismo e le offensive di sovvenzione che distorcono la concorrenza sono in aumento. Ne sono un esempio l'Inflation Reduction Act negli Stati Uniti, il Green Deal nell'UE e la strategia di doppia circolazione della Cina. Martin Hirzel, presidente di Swissmem, \u00e8 preoccupato: \"Questo nuovo protezionismo rappresenta una seria minaccia per l'industria tecnologica. Le nostre aziende si trovano in una situazione di notevole svantaggio competitivo rispetto ai concorrenti stranieri, che godono di sovvenzioni e protezioni tariffarie\". Per contrastare questa situazione, la Svizzera deve facilitare l'accesso al mercato per le aziende di tutto il mondo. Ad esempio, l'accordo di libero scambio con il Mercosur deve essere finalmente finalizzato e ratificato e i negoziati con l'India devono essere portati a termine. Esiste gi\u00e0 un accordo di libero scambio con la Cina. Tuttavia, la maggior parte dei macchinari ad alta tecnologia \u00e8 esente da dazi doganali. \u00c8 necessario avviare i colloqui per l'estensione dell'accordo. \"Ma il compito pi\u00f9 urgente \u00e8 quello di dare una nuova base alle relazioni bilaterali con l'UE, il partner commerciale di gran lunga pi\u00f9 importante. In un mondo sempre pi\u00f9 tripolare, questo \u00e8 un imperativo di buon senso\", sottolinea Hirzel. In questo modo, la Svizzera pu\u00f2 assicurarsi l'accesso al mercato unico europeo, creare le condizioni per una piena partecipazione alla cooperazione europea in materia di ricerca e, attraverso un accordo sull'elettricit\u00e0, ridurre il rischio crescente di una strozzatura nell'approvvigionamento elettrico a partire dal 2025. Inoltre, si garantirebbe alle aziende la possibilit\u00e0 di assumere i lavoratori qualificati mancanti nell'UE senza grandi sforzi burocratici. \"\u00c8 giunto il momento di andare avanti nel dossier europeo. L'obiettivo deve essere quello di concludere i negoziati entro la primavera del 2024\", sottolinea Hirzel.<\/p>\n<p><em>Fonte: <a href=\"http:\/\/www.swissmem.ch\">Swissmem<\/a><\/em><\/p>","protected":false},"excerpt":{"rendered":"<p>Die Ums\u00e4tze in der Schweizer Tech-Industrie stiegen 2022 im Vergleich zum Vorjahr um +9,4 Prozent. Dies teilt der Branchenverband Swissmem mit. Im vierten Quartal 2022 betrug demnach der Zuwachs gegen\u00fcber Vorjahresquartal +8,8 Prozent. Die Branche verzeichnete damit das siebte aufeinanderfolgende Quartal mit jeweils h\u00f6heren Ums\u00e4tzen. Sowohl KMU und Grossbetriebe h\u00e4tten von diesem Aufschwung profitiert, so [&hellip;]<\/p>\n","protected":false},"author":4,"featured_media":19132,"comment_status":"closed","ping_status":"closed","sticky":false,"template":"","format":"standard","meta":{"_acf_changed":false,"_yoast_wpseo_focuskw":"Tech-Industrie","_yoast_wpseo_metadesc":"Der Gesch\u00e4ftsgang in der Schweizer Tech-Industrie hat sich gem\u00e4ss den Zahlen von Swissmem im Jahr 2022 positiv entwickelt.","articlekey":"","footnotes":""},"categories":[1],"tags":[310,2712,2269,503],"class_list":["post-19131","post","type-post","status-publish","format-standard","has-post-thumbnail","hentry","category-allgemein","tag-konjunktur","tag-mem-branche","tag-swissmem","tag-verbaende"],"acf":[],"yoast_head":"<!-- This site is optimized with the Yoast SEO plugin v27.4 - https:\/\/yoast.com\/product\/yoast-seo-wordpress\/ -->\n<title>Schweizer Tech-Industrie schaut auf positives Jahr 2022 zur\u00fcck - Organisator<\/title>\n<meta name=\"description\" content=\"Der Gesch\u00e4ftsgang in der Schweizer Tech-Industrie hat sich gem\u00e4ss den Zahlen von Swissmem im Jahr 2022 positiv entwickelt.\" \/>\n<meta name=\"robots\" content=\"index, follow, max-snippet:-1, max-image-preview:large, max-video-preview:-1\" \/>\n<link rel=\"canonical\" href=\"https:\/\/www.organisator.ch\/it\/generale\/2023-03-01\/schweizer-tech-industrie-schaut-auf-positives-jahr-2022-zurueck\/\" \/>\n<meta property=\"og:locale\" content=\"it_IT\" \/>\n<meta property=\"og:type\" content=\"article\" \/>\n<meta property=\"og:title\" content=\"Schweizer Tech-Industrie schaut auf positives Jahr 2022 zur\u00fcck\" \/>\n<meta property=\"og:description\" content=\"Der Gesch\u00e4ftsgang in der Schweizer Tech-Industrie hat sich gem\u00e4ss den Zahlen von Swissmem im Jahr 2022 positiv entwickelt.\" \/>\n<meta property=\"og:url\" content=\"https:\/\/www.organisator.ch\/it\/generale\/2023-03-01\/schweizer-tech-industrie-schaut-auf-positives-jahr-2022-zurueck\/\" \/>\n<meta property=\"og:site_name\" content=\"Organisator\" \/>\n<meta property=\"article:publisher\" content=\"https:\/\/www.facebook.com\/OrganisatorFachmagazin\" \/>\n<meta property=\"article:published_time\" content=\"2023-03-01T09:46:23+00:00\" \/>\n<meta property=\"og:image\" content=\"https:\/\/www.organisator.ch\/wp-content\/uploads\/2023\/03\/Schweizer-Tech-Industrie-schaut-auf-positives-Jahr-2022-zurueck_Organisator.jpg\" \/>\n\t<meta property=\"og:image:width\" content=\"680\" \/>\n\t<meta property=\"og:image:height\" content=\"475\" \/>\n\t<meta property=\"og:image:type\" content=\"image\/jpeg\" \/>\n<meta name=\"author\" content=\"thomas.berner\" \/>\n<meta name=\"twitter:card\" content=\"summary_large_image\" \/>\n<meta name=\"twitter:title\" content=\"Schweizer #Tech-Industrie schaut auf positives Jahr 2022 zur\u00fcck\" \/>\n<meta name=\"twitter:description\" content=\"Der #Gesch\u00e4ftsgang in der Schweizer #Tech-Industrie hat sich gem\u00e4ss den Zahlen von #Swissmem im Jahr 2022 positiv entwickelt.\" \/>\n<meta name=\"twitter:image\" content=\"https:\/\/www.organisator.ch\/wp-content\/uploads\/2023\/03\/Schweizer-Tech-Industrie-schaut-auf-positives-Jahr-2022-zurueck_Organisator.jpg\" \/>\n<script type=\"application\/ld+json\" class=\"yoast-schema-graph\">{\"@context\":\"https:\\\/\\\/schema.org\",\"@graph\":[{\"@type\":\"Article\",\"@id\":\"https:\\\/\\\/www.organisator.ch\\\/allgemein\\\/2023-03-01\\\/schweizer-tech-industrie-schaut-auf-positives-jahr-2022-zurueck\\\/#article\",\"isPartOf\":{\"@id\":\"https:\\\/\\\/www.organisator.ch\\\/allgemein\\\/2023-03-01\\\/schweizer-tech-industrie-schaut-auf-positives-jahr-2022-zurueck\\\/\"},\"author\":{\"name\":\"thomas.berner\",\"@id\":\"https:\\\/\\\/www.organisator.ch\\\/#\\\/schema\\\/person\\\/6f650f90b2842cd4c0cc334b4e36f67e\"},\"headline\":\"Schweizer Tech-Industrie schaut auf positives Jahr 2022 zur\u00fcck\",\"datePublished\":\"2023-03-01T09:46:23+00:00\",\"mainEntityOfPage\":{\"@id\":\"https:\\\/\\\/www.organisator.ch\\\/allgemein\\\/2023-03-01\\\/schweizer-tech-industrie-schaut-auf-positives-jahr-2022-zurueck\\\/\"},\"wordCount\":983,\"publisher\":{\"@id\":\"https:\\\/\\\/www.organisator.ch\\\/#organization\"},\"image\":{\"@id\":\"https:\\\/\\\/www.organisator.ch\\\/allgemein\\\/2023-03-01\\\/schweizer-tech-industrie-schaut-auf-positives-jahr-2022-zurueck\\\/#primaryimage\"},\"thumbnailUrl\":\"https:\\\/\\\/www.organisator.ch\\\/wp-content\\\/uploads\\\/2023\\\/03\\\/Schweizer-Tech-Industrie-schaut-auf-positives-Jahr-2022-zurueck_Organisator.jpg\",\"keywords\":[\"Konjunktur\",\"MEM-Branche\",\"Swissmem\",\"Verb\u00e4nde\"],\"articleSection\":[\"Allgemein\"],\"inLanguage\":\"it-IT\"},{\"@type\":\"WebPage\",\"@id\":\"https:\\\/\\\/www.organisator.ch\\\/allgemein\\\/2023-03-01\\\/schweizer-tech-industrie-schaut-auf-positives-jahr-2022-zurueck\\\/\",\"url\":\"https:\\\/\\\/www.organisator.ch\\\/allgemein\\\/2023-03-01\\\/schweizer-tech-industrie-schaut-auf-positives-jahr-2022-zurueck\\\/\",\"name\":\"Schweizer Tech-Industrie schaut auf positives Jahr 2022 zur\u00fcck - Organisator\",\"isPartOf\":{\"@id\":\"https:\\\/\\\/www.organisator.ch\\\/#website\"},\"primaryImageOfPage\":{\"@id\":\"https:\\\/\\\/www.organisator.ch\\\/allgemein\\\/2023-03-01\\\/schweizer-tech-industrie-schaut-auf-positives-jahr-2022-zurueck\\\/#primaryimage\"},\"image\":{\"@id\":\"https:\\\/\\\/www.organisator.ch\\\/allgemein\\\/2023-03-01\\\/schweizer-tech-industrie-schaut-auf-positives-jahr-2022-zurueck\\\/#primaryimage\"},\"thumbnailUrl\":\"https:\\\/\\\/www.organisator.ch\\\/wp-content\\\/uploads\\\/2023\\\/03\\\/Schweizer-Tech-Industrie-schaut-auf-positives-Jahr-2022-zurueck_Organisator.jpg\",\"datePublished\":\"2023-03-01T09:46:23+00:00\",\"description\":\"Der Gesch\u00e4ftsgang in der Schweizer Tech-Industrie hat sich gem\u00e4ss den Zahlen von Swissmem im Jahr 2022 positiv entwickelt.\",\"breadcrumb\":{\"@id\":\"https:\\\/\\\/www.organisator.ch\\\/allgemein\\\/2023-03-01\\\/schweizer-tech-industrie-schaut-auf-positives-jahr-2022-zurueck\\\/#breadcrumb\"},\"inLanguage\":\"it-IT\",\"potentialAction\":[{\"@type\":\"ReadAction\",\"target\":[\"https:\\\/\\\/www.organisator.ch\\\/allgemein\\\/2023-03-01\\\/schweizer-tech-industrie-schaut-auf-positives-jahr-2022-zurueck\\\/\"]}]},{\"@type\":\"ImageObject\",\"inLanguage\":\"it-IT\",\"@id\":\"https:\\\/\\\/www.organisator.ch\\\/allgemein\\\/2023-03-01\\\/schweizer-tech-industrie-schaut-auf-positives-jahr-2022-zurueck\\\/#primaryimage\",\"url\":\"https:\\\/\\\/www.organisator.ch\\\/wp-content\\\/uploads\\\/2023\\\/03\\\/Schweizer-Tech-Industrie-schaut-auf-positives-Jahr-2022-zurueck_Organisator.jpg\",\"contentUrl\":\"https:\\\/\\\/www.organisator.ch\\\/wp-content\\\/uploads\\\/2023\\\/03\\\/Schweizer-Tech-Industrie-schaut-auf-positives-Jahr-2022-zurueck_Organisator.jpg\",\"width\":680,\"height\":475,\"caption\":\"Im Jahr 2022 ging es mit der Schweizer Tech-Industrie weiter aufw\u00e4rts. Die Herausforderungen f\u00fcr die Industrie liegen vor allem im Fachkr\u00e4ftemangel und beim Zugang zu den Weltm\u00e4rkten. (Bild: Pixabay.com)\"},{\"@type\":\"BreadcrumbList\",\"@id\":\"https:\\\/\\\/www.organisator.ch\\\/allgemein\\\/2023-03-01\\\/schweizer-tech-industrie-schaut-auf-positives-jahr-2022-zurueck\\\/#breadcrumb\",\"itemListElement\":[{\"@type\":\"ListItem\",\"position\":1,\"name\":\"Home\",\"item\":\"https:\\\/\\\/www.organisator.ch\\\/\"},{\"@type\":\"ListItem\",\"position\":2,\"name\":\"Schweizer Tech-Industrie schaut auf positives Jahr 2022 zur\u00fcck\"}]},{\"@type\":\"WebSite\",\"@id\":\"https:\\\/\\\/www.organisator.ch\\\/#website\",\"url\":\"https:\\\/\\\/www.organisator.ch\\\/\",\"name\":\"Organisator\",\"description\":\"Kompetent. Praxisnah. Der ORGANISATOR bereitet in 10 Ausgaben pro Jahr die wesentlichen Themen f\u00fcr F\u00fchrungskr\u00e4fte von KMU auf.\",\"publisher\":{\"@id\":\"https:\\\/\\\/www.organisator.ch\\\/#organization\"},\"potentialAction\":[{\"@type\":\"SearchAction\",\"target\":{\"@type\":\"EntryPoint\",\"urlTemplate\":\"https:\\\/\\\/www.organisator.ch\\\/?s={search_term_string}\"},\"query-input\":{\"@type\":\"PropertyValueSpecification\",\"valueRequired\":true,\"valueName\":\"search_term_string\"}}],\"inLanguage\":\"it-IT\"},{\"@type\":\"Organization\",\"@id\":\"https:\\\/\\\/www.organisator.ch\\\/#organization\",\"name\":\"Organisator\",\"url\":\"https:\\\/\\\/www.organisator.ch\\\/\",\"logo\":{\"@type\":\"ImageObject\",\"inLanguage\":\"it-IT\",\"@id\":\"https:\\\/\\\/www.organisator.ch\\\/#\\\/schema\\\/logo\\\/image\\\/\",\"url\":\"https:\\\/\\\/www.organisator.ch\\\/wp-content\\\/uploads\\\/2022\\\/01\\\/Logo_Organisator_Website.png\",\"contentUrl\":\"https:\\\/\\\/www.organisator.ch\\\/wp-content\\\/uploads\\\/2022\\\/01\\\/Logo_Organisator_Website.png\",\"width\":800,\"height\":77,\"caption\":\"Organisator\"},\"image\":{\"@id\":\"https:\\\/\\\/www.organisator.ch\\\/#\\\/schema\\\/logo\\\/image\\\/\"},\"sameAs\":[\"https:\\\/\\\/www.facebook.com\\\/OrganisatorFachmagazin\",\"https:\\\/\\\/www.linkedin.com\\\/showcase\\\/organisator-das-magazin-fr-kmu\",\"https:\\\/\\\/www.xing.com\\\/news\\\/pages\\\/organisator-ch-695\",\"https:\\\/\\\/www.youtube.com\\\/channel\\\/UCGP2Sq0iWaZwT3BdIAQFYpw\"]},{\"@type\":\"Person\",\"@id\":\"https:\\\/\\\/www.organisator.ch\\\/#\\\/schema\\\/person\\\/6f650f90b2842cd4c0cc334b4e36f67e\",\"name\":\"thomas.berner\",\"image\":{\"@type\":\"ImageObject\",\"inLanguage\":\"it-IT\",\"@id\":\"https:\\\/\\\/secure.gravatar.com\\\/avatar\\\/ac5001d2a36cb6c6cd3e50789007ffca834b477b74a2144564522e944eabff61?s=96&d=mm&r=g\",\"url\":\"https:\\\/\\\/secure.gravatar.com\\\/avatar\\\/ac5001d2a36cb6c6cd3e50789007ffca834b477b74a2144564522e944eabff61?s=96&d=mm&r=g\",\"contentUrl\":\"https:\\\/\\\/secure.gravatar.com\\\/avatar\\\/ac5001d2a36cb6c6cd3e50789007ffca834b477b74a2144564522e944eabff61?s=96&d=mm&r=g\",\"caption\":\"thomas.berner\"},\"url\":\"https:\\\/\\\/www.organisator.ch\\\/it\\\/author\\\/thomas-berner\\\/\"}]}<\/script>\n<!-- \/ Yoast SEO plugin. -->","yoast_head_json":{"title":"L'industria tecnologica svizzera guarda a un 2022 positivo - Organizzatore","description":"Secondo i dati di Swissmem, nel 2022 gli affari dell'industria tecnologica svizzera hanno avuto un andamento positivo.","robots":{"index":"index","follow":"follow","max-snippet":"max-snippet:-1","max-image-preview":"max-image-preview:large","max-video-preview":"max-video-preview:-1"},"canonical":"https:\/\/www.organisator.ch\/it\/generale\/2023-03-01\/schweizer-tech-industrie-schaut-auf-positives-jahr-2022-zurueck\/","og_locale":"it_IT","og_type":"article","og_title":"Schweizer Tech-Industrie schaut auf positives Jahr 2022 zur\u00fcck","og_description":"Der Gesch\u00e4ftsgang in der Schweizer Tech-Industrie hat sich gem\u00e4ss den Zahlen von Swissmem im Jahr 2022 positiv entwickelt.","og_url":"https:\/\/www.organisator.ch\/it\/generale\/2023-03-01\/schweizer-tech-industrie-schaut-auf-positives-jahr-2022-zurueck\/","og_site_name":"Organisator","article_publisher":"https:\/\/www.facebook.com\/OrganisatorFachmagazin","article_published_time":"2023-03-01T09:46:23+00:00","og_image":[{"width":680,"height":475,"url":"https:\/\/www.organisator.ch\/wp-content\/uploads\/2023\/03\/Schweizer-Tech-Industrie-schaut-auf-positives-Jahr-2022-zurueck_Organisator.jpg","type":"image\/jpeg"}],"author":"thomas.berner","twitter_card":"summary_large_image","twitter_title":"Schweizer #Tech-Industrie schaut auf positives Jahr 2022 zur\u00fcck","twitter_description":"Der #Gesch\u00e4ftsgang in der Schweizer #Tech-Industrie hat sich gem\u00e4ss den Zahlen von #Swissmem im Jahr 2022 positiv entwickelt.","twitter_image":"https:\/\/www.organisator.ch\/wp-content\/uploads\/2023\/03\/Schweizer-Tech-Industrie-schaut-auf-positives-Jahr-2022-zurueck_Organisator.jpg","schema":{"@context":"https:\/\/schema.org","@graph":[{"@type":"Article","@id":"https:\/\/www.organisator.ch\/allgemein\/2023-03-01\/schweizer-tech-industrie-schaut-auf-positives-jahr-2022-zurueck\/#article","isPartOf":{"@id":"https:\/\/www.organisator.ch\/allgemein\/2023-03-01\/schweizer-tech-industrie-schaut-auf-positives-jahr-2022-zurueck\/"},"author":{"name":"thomas.berner","@id":"https:\/\/www.organisator.ch\/#\/schema\/person\/6f650f90b2842cd4c0cc334b4e36f67e"},"headline":"Schweizer Tech-Industrie schaut auf positives Jahr 2022 zur\u00fcck","datePublished":"2023-03-01T09:46:23+00:00","mainEntityOfPage":{"@id":"https:\/\/www.organisator.ch\/allgemein\/2023-03-01\/schweizer-tech-industrie-schaut-auf-positives-jahr-2022-zurueck\/"},"wordCount":983,"publisher":{"@id":"https:\/\/www.organisator.ch\/#organization"},"image":{"@id":"https:\/\/www.organisator.ch\/allgemein\/2023-03-01\/schweizer-tech-industrie-schaut-auf-positives-jahr-2022-zurueck\/#primaryimage"},"thumbnailUrl":"https:\/\/www.organisator.ch\/wp-content\/uploads\/2023\/03\/Schweizer-Tech-Industrie-schaut-auf-positives-Jahr-2022-zurueck_Organisator.jpg","keywords":["Konjunktur","MEM-Branche","Swissmem","Verb\u00e4nde"],"articleSection":["Allgemein"],"inLanguage":"it-IT"},{"@type":"WebPage","@id":"https:\/\/www.organisator.ch\/allgemein\/2023-03-01\/schweizer-tech-industrie-schaut-auf-positives-jahr-2022-zurueck\/","url":"https:\/\/www.organisator.ch\/allgemein\/2023-03-01\/schweizer-tech-industrie-schaut-auf-positives-jahr-2022-zurueck\/","name":"L'industria tecnologica svizzera guarda a un 2022 positivo - Organizzatore","isPartOf":{"@id":"https:\/\/www.organisator.ch\/#website"},"primaryImageOfPage":{"@id":"https:\/\/www.organisator.ch\/allgemein\/2023-03-01\/schweizer-tech-industrie-schaut-auf-positives-jahr-2022-zurueck\/#primaryimage"},"image":{"@id":"https:\/\/www.organisator.ch\/allgemein\/2023-03-01\/schweizer-tech-industrie-schaut-auf-positives-jahr-2022-zurueck\/#primaryimage"},"thumbnailUrl":"https:\/\/www.organisator.ch\/wp-content\/uploads\/2023\/03\/Schweizer-Tech-Industrie-schaut-auf-positives-Jahr-2022-zurueck_Organisator.jpg","datePublished":"2023-03-01T09:46:23+00:00","description":"Secondo i dati di Swissmem, nel 2022 gli affari dell'industria tecnologica svizzera hanno avuto un andamento positivo.","breadcrumb":{"@id":"https:\/\/www.organisator.ch\/allgemein\/2023-03-01\/schweizer-tech-industrie-schaut-auf-positives-jahr-2022-zurueck\/#breadcrumb"},"inLanguage":"it-IT","potentialAction":[{"@type":"ReadAction","target":["https:\/\/www.organisator.ch\/allgemein\/2023-03-01\/schweizer-tech-industrie-schaut-auf-positives-jahr-2022-zurueck\/"]}]},{"@type":"ImageObject","inLanguage":"it-IT","@id":"https:\/\/www.organisator.ch\/allgemein\/2023-03-01\/schweizer-tech-industrie-schaut-auf-positives-jahr-2022-zurueck\/#primaryimage","url":"https:\/\/www.organisator.ch\/wp-content\/uploads\/2023\/03\/Schweizer-Tech-Industrie-schaut-auf-positives-Jahr-2022-zurueck_Organisator.jpg","contentUrl":"https:\/\/www.organisator.ch\/wp-content\/uploads\/2023\/03\/Schweizer-Tech-Industrie-schaut-auf-positives-Jahr-2022-zurueck_Organisator.jpg","width":680,"height":475,"caption":"Im Jahr 2022 ging es mit der Schweizer Tech-Industrie weiter aufw\u00e4rts. Die Herausforderungen f\u00fcr die Industrie liegen vor allem im Fachkr\u00e4ftemangel und beim Zugang zu den Weltm\u00e4rkten. (Bild: Pixabay.com)"},{"@type":"BreadcrumbList","@id":"https:\/\/www.organisator.ch\/allgemein\/2023-03-01\/schweizer-tech-industrie-schaut-auf-positives-jahr-2022-zurueck\/#breadcrumb","itemListElement":[{"@type":"ListItem","position":1,"name":"Home","item":"https:\/\/www.organisator.ch\/"},{"@type":"ListItem","position":2,"name":"Schweizer Tech-Industrie schaut auf positives Jahr 2022 zur\u00fcck"}]},{"@type":"WebSite","@id":"https:\/\/www.organisator.ch\/#website","url":"https:\/\/www.organisator.ch\/","name":"Organizzatore","description":"Competente. Pratico. In 10 numeri all'anno, ORGANISATOR presenta i temi essenziali per i manager delle PMI.","publisher":{"@id":"https:\/\/www.organisator.ch\/#organization"},"potentialAction":[{"@type":"SearchAction","target":{"@type":"EntryPoint","urlTemplate":"https:\/\/www.organisator.ch\/?s={search_term_string}"},"query-input":{"@type":"PropertyValueSpecification","valueRequired":true,"valueName":"search_term_string"}}],"inLanguage":"it-IT"},{"@type":"Organization","@id":"https:\/\/www.organisator.ch\/#organization","name":"Organizzatore","url":"https:\/\/www.organisator.ch\/","logo":{"@type":"ImageObject","inLanguage":"it-IT","@id":"https:\/\/www.organisator.ch\/#\/schema\/logo\/image\/","url":"https:\/\/www.organisator.ch\/wp-content\/uploads\/2022\/01\/Logo_Organisator_Website.png","contentUrl":"https:\/\/www.organisator.ch\/wp-content\/uploads\/2022\/01\/Logo_Organisator_Website.png","width":800,"height":77,"caption":"Organisator"},"image":{"@id":"https:\/\/www.organisator.ch\/#\/schema\/logo\/image\/"},"sameAs":["https:\/\/www.facebook.com\/OrganisatorFachmagazin","https:\/\/www.linkedin.com\/showcase\/organisator-das-magazin-fr-kmu","https:\/\/www.xing.com\/news\/pages\/organisator-ch-695","https:\/\/www.youtube.com\/channel\/UCGP2Sq0iWaZwT3BdIAQFYpw"]},{"@type":"Person","@id":"https:\/\/www.organisator.ch\/#\/schema\/person\/6f650f90b2842cd4c0cc334b4e36f67e","name":"Tommaso.berner","image":{"@type":"ImageObject","inLanguage":"it-IT","@id":"https:\/\/secure.gravatar.com\/avatar\/ac5001d2a36cb6c6cd3e50789007ffca834b477b74a2144564522e944eabff61?s=96&d=mm&r=g","url":"https:\/\/secure.gravatar.com\/avatar\/ac5001d2a36cb6c6cd3e50789007ffca834b477b74a2144564522e944eabff61?s=96&d=mm&r=g","contentUrl":"https:\/\/secure.gravatar.com\/avatar\/ac5001d2a36cb6c6cd3e50789007ffca834b477b74a2144564522e944eabff61?s=96&d=mm&r=g","caption":"thomas.berner"},"url":"https:\/\/www.organisator.ch\/it\/author\/thomas-berner\/"}]}},"_links":{"self":[{"href":"https:\/\/www.organisator.ch\/it\/wp-json\/wp\/v2\/posts\/19131","targetHints":{"allow":["GET"]}}],"collection":[{"href":"https:\/\/www.organisator.ch\/it\/wp-json\/wp\/v2\/posts"}],"about":[{"href":"https:\/\/www.organisator.ch\/it\/wp-json\/wp\/v2\/types\/post"}],"author":[{"embeddable":true,"href":"https:\/\/www.organisator.ch\/it\/wp-json\/wp\/v2\/users\/4"}],"replies":[{"embeddable":true,"href":"https:\/\/www.organisator.ch\/it\/wp-json\/wp\/v2\/comments?post=19131"}],"version-history":[{"count":1,"href":"https:\/\/www.organisator.ch\/it\/wp-json\/wp\/v2\/posts\/19131\/revisions"}],"predecessor-version":[{"id":19133,"href":"https:\/\/www.organisator.ch\/it\/wp-json\/wp\/v2\/posts\/19131\/revisions\/19133"}],"wp:featuredmedia":[{"embeddable":true,"href":"https:\/\/www.organisator.ch\/it\/wp-json\/wp\/v2\/media\/19132"}],"wp:attachment":[{"href":"https:\/\/www.organisator.ch\/it\/wp-json\/wp\/v2\/media?parent=19131"}],"wp:term":[{"taxonomy":"category","embeddable":true,"href":"https:\/\/www.organisator.ch\/it\/wp-json\/wp\/v2\/categories?post=19131"},{"taxonomy":"post_tag","embeddable":true,"href":"https:\/\/www.organisator.ch\/it\/wp-json\/wp\/v2\/tags?post=19131"}],"curies":[{"name":"wp","href":"https:\/\/api.w.org\/{rel}","templated":true}]}}