{"id":19134,"date":"2023-03-01T09:40:44","date_gmt":"2023-03-01T08:40:44","guid":{"rendered":"https:\/\/www.m-q.ch\/?p=17618"},"modified":"2024-11-18T11:16:05","modified_gmt":"2024-11-18T10:16:05","slug":"connected-work-etabliert-sich-auf-dem-shopfloor","status":"publish","type":"post","link":"https:\/\/www.organisator.ch\/it\/operational-excellence\/2023-03-01\/connected-work-etabliert-sich-auf-dem-shopfloor\/","title":{"rendered":"Il Connected Work si afferma in officina"},"content":{"rendered":"<figure id=\"attachment_17622\" class=\"wp-caption alignnone\" style=\"width: 680px\" aria-describedby=\"caption-attachment-17622\"><img class=\"alignnone wp-image-17622 size-full\" src=\"https:\/\/www.m-q.ch\/wp-content\/uploads\/2023\/03\/Connected-Work-etabliert-sich-auf-dem-Shopfloor_MQ-1.jpg\" alt=\"Lavoro connesso\" width=\"680\" height=\"455\" \/>\r\n<figcaption id=\"caption-attachment-17622\" class=\"wp-caption-text\">Processi produttivi senza carta: Non \u00e8 ancora uno standard ovunque, ma il lavoro connesso si sta affermando in officina. (Immagine: www.operations1.com)<\/figcaption>\r\n<\/figure>\r\n<p>L'industria manifatturiera \u00e8 in piena evoluzione, poich\u00e9 la digitalizzazione sta raggiungendo sempre pi\u00f9 i dipendenti delle aziende manifatturiere. Con la parola d'ordine \"lavoro connesso\", anche loro dovrebbero beneficiare di una rete completamente digitale con il loro ambiente di lavoro. Tuttavia, in molte aziende gli strumenti digitali sono ancora in competizione con montagne di carta: le interruzioni inefficienti e costose dei mezzi di comunicazione sono all'ordine del giorno.\u00a0<\/p>\r\n<p>Con il Connected Work Study 2023, la societ\u00e0 di software Operations1 ha voluto fare maggiore chiarezza sul tema del \"lavoro connesso in produzione\". A tal fine, l'azienda ha intervistato un totale di 175 specialisti dell'ambiente di produzione sullo status quo, sul futuro del lavoro connesso e sulle misure di implementazione necessarie. Ne sono scaturiti risultati significativi e sorprendenti, presentati al pubblico alla fine di febbraio 2023.\u00a0<\/p>\r\n<h3><strong>Finora solo il 3 % delle aziende intervistate lavora senza carta<\/strong><\/h3>\r\n<p><strong>\u00a0<\/strong>La carta ha svolto un ruolo centrale nell'ambiente di produzione fin dall'inizio dell'industrializzazione: dalla fornitura di documenti d'ordine e la salvaguardia delle conoscenze di processo alla documentazione dei risultati della qualit\u00e0, i fogli etichettati o stampati svolgono un ruolo fondamentale.  E anche a pi\u00f9 di 10 anni dalla definizione del termine \"Industria 4.0\", esso \u00e8 ancora in uso ovunque. Anche se dietro al concetto di lavoro connesso c'\u00e8 molto di pi\u00f9 della semplice digitalizzazione dei documenti cartacei, le risposte degli intervistati mostrano che il lavoro connesso sta diventando sempre pi\u00f9 importante, ma \u00e8 lontano dall'essere diventato un fenomeno di massa: Solo 3 % delle aziende intervistate hanno dichiarato di aver lavorato finora completamente senza carta, mentre 18 % lavorano esclusivamente con processi cartacei. 17 % si descrivono come ampiamente prive di carta e ben 62 % lo sono parzialmente.<\/p>\r\n<p>Sebbene la maggior parte degli intervistati lavori ancora in modalit\u00e0 cartacea, \u00e8 opinione comune che la carta non sia pi\u00f9 una reliquia attuale nell'era della digitalizzazione. I partecipanti allo studio associano una serie di sfide operative ai metodi di lavoro basati sulla carta: I tre problemi principali sono la creazione e l'aggiornamento di documenti che richiedono molto tempo (44 %), il reperimento, l'interpretazione e l'archiviazione dei dati (34 %) e le attivit\u00e0 non a valore aggiunto come il trasferimento manuale dei dati (29 %).<\/p>\r\n<p>In ogni caso, l'intera catena di produzione \u00e8 interessata da processi basati sulla carta: Dalla fornitura e formazione delle conoscenze, all'esecuzione delle attivit\u00e0, alla documentazione e alla valutazione delle informazioni. Un motivo decisivo per dire addio alla carta il prima possibile \u00e8 il potenziale di risparmio associato: i costi dell'economia della carta sono a cinque cifre per 25 % degli intervistati, per 5 % addirittura pi\u00f9 di 200.000 \u20ac all'anno. \"Le aziende inizialmente considerano lo sforzo di creazione e i costi della carta come le ragioni principali per muoversi nella direzione del lavoro connesso. Ma le conversazioni pi\u00f9 approfondite identificano rapidamente le opportunit\u00e0 di risparmio potenziale a sei o sette cifre grazie all'introduzione di processi intuitivi e senza interruzioni in officina\", spiega Benjamin Brockmann, CEO e co-fondatore di Operations1.\u00a0\u00a0<\/p>\r\n<h3><strong>Il futuro \u00e8 \"connesso\u00a0<\/strong><\/h3>\r\n<p>La maggior parte degli intervistati ha riconosciuto il potenziale per rendere i processi pi\u00f9 efficaci e ridurre drasticamente i costi con il Connected Work. 69 % vedono il lavoro connesso come il futuro. Per 59 % dei partecipanti, le iniziative corrispondenti sono gi\u00e0 in corso in azienda. 21 % degli intervistati ha persino dichiarato di avere un responsabile del lavoro connesso che si dedica specificamente a questo tema. Tuttavia, il quadro delle opinioni non \u00e8 uniforme, poich\u00e9 26 % non vedono ancora alcuna iniziativa nell'area del lavoro connesso nella loro azienda.<\/p>\r\n<p>I risultati dello studio sottolineano che, sebbene il lavoro connesso non sia ancora un fenomeno di massa, si sta affermando sempre di pi\u00f9 in officina. Si tratta di uno sviluppo nuovo, poich\u00e9 i dipendenti operativi della produzione, della logistica e di altri processi di supporto alla produzione sono stati a lungo trascurati nel processo di digitalizzazione. Negli ultimi anni si \u00e8 registrata una tendenza crescente a dotare anche i dipendenti \"senza scrivania\" di tecnologie digitali e a collegarli meglio all'organizzazione. Questo collegamento in rete cambier\u00e0 in modo significativo l'industria manifatturiera nei prossimi anni. \"Affinch\u00e9 il percorso verso il lavoro connesso abbia successo a lungo termine, \u00e8 importante essere costantemente aperti e curiosi dei cambiamenti che il lavoro connesso porta con s\u00e9. Solo cos\u00ec potremo trarre il massimo beneficio dalle numerose possibilit\u00e0 e opportunit\u00e0 che si presentano all'industria manifatturiera\", afferma Brockmann.\u00a0<\/p>\r\n<blockquote>\r\n<h3>Risultati dello studio brevemente riassunti<\/h3>\r\n<ul>\r\n\t<li>Mentre 18 % lavorano esclusivamente su carta, 3 % degli intervistati hanno dichiarato di essere gi\u00e0 completamente privi di carta. 17 % si descrivono come ampiamente privi di carta e 62 % sono gi\u00e0 parzialmente privi di carta.<\/li>\r\n\t<li>Il lavoro connesso non \u00e8 ancora un fenomeno di massa consolidato, ma circa 70% dei partecipanti lo considerano un settore futuro e 21% hanno gi\u00e0 creato un ruolo specializzato nella loro azienda.<\/li>\r\n\t<li>Il campo di attivit\u00e0 del personale operativo cambier\u00e0 in modo significativo nei prossimi 20 anni: Dalle attivit\u00e0 standard a quelle non standard. Allo stesso tempo, ci\u00f2 comporter\u00e0 un ripensamento del modo in cui i dipendenti potranno essere supportati digitalmente nel miglior modo possibile in futuro.<\/li>\r\n\t<li>Nel quadro di riferimento, i partecipanti allo studio vedono le app mobili come tecnologie di punta per l'empowerment dei dipendenti. Secondo gli intervistati, il maggior potenziale del Connected Work risiede nell'aumento della produttivit\u00e0, nella semplificazione della creazione e dell'aggiornamento dei documenti, nella garanzia della conoscenza dei processi e nella riduzione dei tempi di risposta per la risoluzione dei problemi.<\/li>\r\n\t<li>Nell'implementazione del Connected Work, \u00e8 essenziale un approccio sistematico che coinvolga il personale operativo in modo lungimirante. Il fattore chiave di successo \u00e8 una buona comunicazione.<\/li>\r\n<\/ul>\r\n<\/blockquote>\r\n<p><em>Fonte: <a href=\"http:\/\/www.operations1.com\/\">www.operations1.com<\/a><\/em><\/p>\n<p class=\"syndicated-attribution\">Questo articolo \u00e8 apparso originariamente su m-q.ch - <a href=\"https:\/\/www.m-q.ch\/de\/connected-work-etabliert-sich-auf-dem-shopfloor\/\" target=\"_blank\">https:\/\/www.m-q.ch\/de\/connected-work-etabliert-sich-auf-dem-shopfloor\/<\/a><\/p>","protected":false},"excerpt":{"rendered":"<p>Die Fertigungsindustrie befindet sich im Wandel, denn die Digitalisierung erreicht zunehmend auch die Frontline-Mitarbeiter in produzierenden Unternehmen. Unter dem Schlagwort \u201eConnected Work\u201d sollen auch sie von einer vollumf\u00e4nglichen digitalen Vernetzung mit ihrem Arbeitsumfeld profitieren. Doch noch immer konkurrieren in vielen Unternehmen digitale Tools mit Papierbergen \u2013 ineffiziente, kostspielige Medienbr\u00fcche sind an der Tagesordnung.\u00a0 Mit der [\u2026]<\/p>\n","protected":false},"author":8,"featured_media":0,"comment_status":"closed","ping_status":"closed","sticky":false,"template":"","format":"standard","meta":{"_acf_changed":false,"_yoast_wpseo_focuskw":"Connected Work","_yoast_wpseo_metadesc":"Connected Work Studie 2023: Digitalisierung und vernetztes Arbeiten in der Fertigungsindustrie. Papierloser Shopfloor.","articlekey":"","footnotes":""},"categories":[582],"tags":[3646,3647],"class_list":["post-19134","post","type-post","status-publish","format-standard","hentry","category-operational-excellence","tag-connected-work","tag-shopfloor"],"acf":[],"yoast_head":"<!-- This site is optimized with the Yoast SEO plugin v27.5 - https:\/\/yoast.com\/product\/yoast-seo-wordpress\/ -->\n<title>Connected Work etabliert sich auf dem Shopfloor - Organisator<\/title>\n<meta name=\"description\" content=\"Connected Work Studie 2023: Digitalisierung und vernetztes Arbeiten in der Fertigungsindustrie. Papierloser Shopfloor.\" \/>\n<meta name=\"robots\" content=\"index, follow, max-snippet:-1, max-image-preview:large, max-video-preview:-1\" \/>\n<link rel=\"canonical\" href=\"https:\/\/www.organisator.ch\/it\/eccellenza-operativa\/2023-03-01\/connected-work-etabliert-sich-auf-dem-shopfloor\/\" \/>\n<meta property=\"og:locale\" content=\"it_IT\" \/>\n<meta property=\"og:type\" content=\"article\" \/>\n<meta property=\"og:title\" content=\"Connected Work etabliert sich auf dem Shopfloor - Organisator\" \/>\n<meta property=\"og:description\" content=\"Connected Work Studie 2023: Digitalisierung und vernetztes Arbeiten in der Fertigungsindustrie. Papierloser Shopfloor.\" \/>\n<meta property=\"og:url\" content=\"https:\/\/www.organisator.ch\/it\/eccellenza-operativa\/2023-03-01\/connected-work-etabliert-sich-auf-dem-shopfloor\/\" \/>\n<meta property=\"og:site_name\" content=\"Organisator\" \/>\n<meta property=\"article:publisher\" content=\"https:\/\/www.facebook.com\/OrganisatorFachmagazin\" \/>\n<meta property=\"article:published_time\" content=\"2023-03-01T08:40:44+00:00\" \/>\n<meta property=\"article:modified_time\" content=\"2024-11-18T10:16:05+00:00\" \/>\n<meta name=\"author\" content=\"galledia\" \/>\n<meta name=\"twitter:card\" content=\"summary_large_image\" \/>\n<meta name=\"twitter:creator\" content=\"@admin\" \/>\n<script type=\"application\/ld+json\" class=\"yoast-schema-graph\">{\"@context\":\"https:\\\/\\\/schema.org\",\"@graph\":[{\"@type\":\"Article\",\"@id\":\"https:\\\/\\\/www.organisator.ch\\\/operational-excellence\\\/2023-03-01\\\/connected-work-etabliert-sich-auf-dem-shopfloor\\\/#article\",\"isPartOf\":{\"@id\":\"https:\\\/\\\/www.organisator.ch\\\/operational-excellence\\\/2023-03-01\\\/connected-work-etabliert-sich-auf-dem-shopfloor\\\/\"},\"author\":{\"name\":\"galledia\",\"@id\":\"https:\\\/\\\/www.organisator.ch\\\/#\\\/schema\\\/person\\\/4e51799071cd2dd1232ac003643ef5f0\"},\"headline\":\"Connected Work etabliert sich auf dem Shopfloor\",\"datePublished\":\"2023-03-01T08:40:44+00:00\",\"dateModified\":\"2024-11-18T10:16:05+00:00\",\"mainEntityOfPage\":{\"@id\":\"https:\\\/\\\/www.organisator.ch\\\/operational-excellence\\\/2023-03-01\\\/connected-work-etabliert-sich-auf-dem-shopfloor\\\/\"},\"wordCount\":833,\"publisher\":{\"@id\":\"https:\\\/\\\/www.organisator.ch\\\/#organization\"},\"image\":{\"@id\":\"https:\\\/\\\/www.organisator.ch\\\/operational-excellence\\\/2023-03-01\\\/connected-work-etabliert-sich-auf-dem-shopfloor\\\/#primaryimage\"},\"thumbnailUrl\":\"https:\\\/\\\/www.m-q.ch\\\/wp-content\\\/uploads\\\/2023\\\/03\\\/Connected-Work-etabliert-sich-auf-dem-Shopfloor_MQ-1.jpg\",\"keywords\":[\"Connected Work\",\"Shopfloor\"],\"articleSection\":[\"OPERATIONAL EXCELLENCE\"],\"inLanguage\":\"it-IT\"},{\"@type\":\"WebPage\",\"@id\":\"https:\\\/\\\/www.organisator.ch\\\/operational-excellence\\\/2023-03-01\\\/connected-work-etabliert-sich-auf-dem-shopfloor\\\/\",\"url\":\"https:\\\/\\\/www.organisator.ch\\\/operational-excellence\\\/2023-03-01\\\/connected-work-etabliert-sich-auf-dem-shopfloor\\\/\",\"name\":\"Connected Work etabliert sich auf dem Shopfloor - Organisator\",\"isPartOf\":{\"@id\":\"https:\\\/\\\/www.organisator.ch\\\/#website\"},\"primaryImageOfPage\":{\"@id\":\"https:\\\/\\\/www.organisator.ch\\\/operational-excellence\\\/2023-03-01\\\/connected-work-etabliert-sich-auf-dem-shopfloor\\\/#primaryimage\"},\"image\":{\"@id\":\"https:\\\/\\\/www.organisator.ch\\\/operational-excellence\\\/2023-03-01\\\/connected-work-etabliert-sich-auf-dem-shopfloor\\\/#primaryimage\"},\"thumbnailUrl\":\"https:\\\/\\\/www.m-q.ch\\\/wp-content\\\/uploads\\\/2023\\\/03\\\/Connected-Work-etabliert-sich-auf-dem-Shopfloor_MQ-1.jpg\",\"datePublished\":\"2023-03-01T08:40:44+00:00\",\"dateModified\":\"2024-11-18T10:16:05+00:00\",\"description\":\"Connected Work Studie 2023: Digitalisierung und vernetztes Arbeiten in der Fertigungsindustrie. Papierloser Shopfloor.\",\"breadcrumb\":{\"@id\":\"https:\\\/\\\/www.organisator.ch\\\/operational-excellence\\\/2023-03-01\\\/connected-work-etabliert-sich-auf-dem-shopfloor\\\/#breadcrumb\"},\"inLanguage\":\"it-IT\",\"potentialAction\":[{\"@type\":\"ReadAction\",\"target\":[\"https:\\\/\\\/www.organisator.ch\\\/operational-excellence\\\/2023-03-01\\\/connected-work-etabliert-sich-auf-dem-shopfloor\\\/\"]}]},{\"@type\":\"ImageObject\",\"inLanguage\":\"it-IT\",\"@id\":\"https:\\\/\\\/www.organisator.ch\\\/operational-excellence\\\/2023-03-01\\\/connected-work-etabliert-sich-auf-dem-shopfloor\\\/#primaryimage\",\"url\":\"https:\\\/\\\/www.m-q.ch\\\/wp-content\\\/uploads\\\/2023\\\/03\\\/Connected-Work-etabliert-sich-auf-dem-Shopfloor_MQ-1.jpg\",\"contentUrl\":\"https:\\\/\\\/www.m-q.ch\\\/wp-content\\\/uploads\\\/2023\\\/03\\\/Connected-Work-etabliert-sich-auf-dem-Shopfloor_MQ-1.jpg\"},{\"@type\":\"BreadcrumbList\",\"@id\":\"https:\\\/\\\/www.organisator.ch\\\/operational-excellence\\\/2023-03-01\\\/connected-work-etabliert-sich-auf-dem-shopfloor\\\/#breadcrumb\",\"itemListElement\":[{\"@type\":\"ListItem\",\"position\":1,\"name\":\"Home\",\"item\":\"https:\\\/\\\/www.organisator.ch\\\/\"},{\"@type\":\"ListItem\",\"position\":2,\"name\":\"Connected Work etabliert sich auf dem Shopfloor\"}]},{\"@type\":\"WebSite\",\"@id\":\"https:\\\/\\\/www.organisator.ch\\\/#website\",\"url\":\"https:\\\/\\\/www.organisator.ch\\\/\",\"name\":\"Organisator\",\"description\":\"Kompetent. Praxisnah. Der ORGANISATOR bereitet in 10 Ausgaben pro Jahr die wesentlichen Themen f\u00fcr F\u00fchrungskr\u00e4fte von KMU auf.\",\"publisher\":{\"@id\":\"https:\\\/\\\/www.organisator.ch\\\/#organization\"},\"potentialAction\":[{\"@type\":\"SearchAction\",\"target\":{\"@type\":\"EntryPoint\",\"urlTemplate\":\"https:\\\/\\\/www.organisator.ch\\\/?s={search_term_string}\"},\"query-input\":{\"@type\":\"PropertyValueSpecification\",\"valueRequired\":true,\"valueName\":\"search_term_string\"}}],\"inLanguage\":\"it-IT\"},{\"@type\":\"Organization\",\"@id\":\"https:\\\/\\\/www.organisator.ch\\\/#organization\",\"name\":\"Organisator\",\"url\":\"https:\\\/\\\/www.organisator.ch\\\/\",\"logo\":{\"@type\":\"ImageObject\",\"inLanguage\":\"it-IT\",\"@id\":\"https:\\\/\\\/www.organisator.ch\\\/#\\\/schema\\\/logo\\\/image\\\/\",\"url\":\"https:\\\/\\\/www.organisator.ch\\\/wp-content\\\/uploads\\\/2022\\\/01\\\/Logo_Organisator_Website.png\",\"contentUrl\":\"https:\\\/\\\/www.organisator.ch\\\/wp-content\\\/uploads\\\/2022\\\/01\\\/Logo_Organisator_Website.png\",\"width\":800,\"height\":77,\"caption\":\"Organisator\"},\"image\":{\"@id\":\"https:\\\/\\\/www.organisator.ch\\\/#\\\/schema\\\/logo\\\/image\\\/\"},\"sameAs\":[\"https:\\\/\\\/www.facebook.com\\\/OrganisatorFachmagazin\",\"https:\\\/\\\/www.linkedin.com\\\/showcase\\\/organisator-das-magazin-fr-kmu\",\"https:\\\/\\\/www.xing.com\\\/news\\\/pages\\\/organisator-ch-695\",\"https:\\\/\\\/www.youtube.com\\\/channel\\\/UCGP2Sq0iWaZwT3BdIAQFYpw\"]},{\"@type\":\"Person\",\"@id\":\"https:\\\/\\\/www.organisator.ch\\\/#\\\/schema\\\/person\\\/4e51799071cd2dd1232ac003643ef5f0\",\"name\":\"galledia\",\"image\":{\"@type\":\"ImageObject\",\"inLanguage\":\"it-IT\",\"@id\":\"https:\\\/\\\/secure.gravatar.com\\\/avatar\\\/78a7f90c01fc2bfc875782a0d4922b37cde2cf184ce347b91316d23cd7f69a36?s=96&d=mm&r=g\",\"url\":\"https:\\\/\\\/secure.gravatar.com\\\/avatar\\\/78a7f90c01fc2bfc875782a0d4922b37cde2cf184ce347b91316d23cd7f69a36?s=96&d=mm&r=g\",\"contentUrl\":\"https:\\\/\\\/secure.gravatar.com\\\/avatar\\\/78a7f90c01fc2bfc875782a0d4922b37cde2cf184ce347b91316d23cd7f69a36?s=96&d=mm&r=g\",\"caption\":\"galledia\"},\"sameAs\":[\"https:\\\/\\\/x.com\\\/admin\"],\"url\":\"https:\\\/\\\/www.organisator.ch\\\/it\\\/author\\\/galledia\\\/\"}]}<\/script>\n<!-- \/ Yoast SEO plugin. -->","yoast_head_json":{"title":"Il lavoro connesso si afferma in azienda - Organizzatore","description":"Studio sul lavoro connesso 2023: Digitalizzazione e lavoro connesso nell'industria manifatturiera. Officina senza carta.","robots":{"index":"index","follow":"follow","max-snippet":"max-snippet:-1","max-image-preview":"max-image-preview:large","max-video-preview":"max-video-preview:-1"},"canonical":"https:\/\/www.organisator.ch\/it\/eccellenza-operativa\/2023-03-01\/connected-work-etabliert-sich-auf-dem-shopfloor\/","og_locale":"it_IT","og_type":"article","og_title":"Connected Work etabliert sich auf dem Shopfloor - Organisator","og_description":"Connected Work Studie 2023: Digitalisierung und vernetztes Arbeiten in der Fertigungsindustrie. Papierloser Shopfloor.","og_url":"https:\/\/www.organisator.ch\/it\/eccellenza-operativa\/2023-03-01\/connected-work-etabliert-sich-auf-dem-shopfloor\/","og_site_name":"Organisator","article_publisher":"https:\/\/www.facebook.com\/OrganisatorFachmagazin","article_published_time":"2023-03-01T08:40:44+00:00","article_modified_time":"2024-11-18T10:16:05+00:00","author":"galledia","twitter_card":"summary_large_image","twitter_creator":"@admin","schema":{"@context":"https:\/\/schema.org","@graph":[{"@type":"Article","@id":"https:\/\/www.organisator.ch\/operational-excellence\/2023-03-01\/connected-work-etabliert-sich-auf-dem-shopfloor\/#article","isPartOf":{"@id":"https:\/\/www.organisator.ch\/operational-excellence\/2023-03-01\/connected-work-etabliert-sich-auf-dem-shopfloor\/"},"author":{"name":"galledia","@id":"https:\/\/www.organisator.ch\/#\/schema\/person\/4e51799071cd2dd1232ac003643ef5f0"},"headline":"Connected Work etabliert sich auf dem Shopfloor","datePublished":"2023-03-01T08:40:44+00:00","dateModified":"2024-11-18T10:16:05+00:00","mainEntityOfPage":{"@id":"https:\/\/www.organisator.ch\/operational-excellence\/2023-03-01\/connected-work-etabliert-sich-auf-dem-shopfloor\/"},"wordCount":833,"publisher":{"@id":"https:\/\/www.organisator.ch\/#organization"},"image":{"@id":"https:\/\/www.organisator.ch\/operational-excellence\/2023-03-01\/connected-work-etabliert-sich-auf-dem-shopfloor\/#primaryimage"},"thumbnailUrl":"https:\/\/www.m-q.ch\/wp-content\/uploads\/2023\/03\/Connected-Work-etabliert-sich-auf-dem-Shopfloor_MQ-1.jpg","keywords":["Connected Work","Shopfloor"],"articleSection":["OPERATIONAL EXCELLENCE"],"inLanguage":"it-IT"},{"@type":"WebPage","@id":"https:\/\/www.organisator.ch\/operational-excellence\/2023-03-01\/connected-work-etabliert-sich-auf-dem-shopfloor\/","url":"https:\/\/www.organisator.ch\/operational-excellence\/2023-03-01\/connected-work-etabliert-sich-auf-dem-shopfloor\/","name":"Il lavoro connesso si afferma in azienda - Organizzatore","isPartOf":{"@id":"https:\/\/www.organisator.ch\/#website"},"primaryImageOfPage":{"@id":"https:\/\/www.organisator.ch\/operational-excellence\/2023-03-01\/connected-work-etabliert-sich-auf-dem-shopfloor\/#primaryimage"},"image":{"@id":"https:\/\/www.organisator.ch\/operational-excellence\/2023-03-01\/connected-work-etabliert-sich-auf-dem-shopfloor\/#primaryimage"},"thumbnailUrl":"https:\/\/www.m-q.ch\/wp-content\/uploads\/2023\/03\/Connected-Work-etabliert-sich-auf-dem-Shopfloor_MQ-1.jpg","datePublished":"2023-03-01T08:40:44+00:00","dateModified":"2024-11-18T10:16:05+00:00","description":"Studio sul lavoro connesso 2023: Digitalizzazione e lavoro connesso nell'industria manifatturiera. Officina senza carta.","breadcrumb":{"@id":"https:\/\/www.organisator.ch\/operational-excellence\/2023-03-01\/connected-work-etabliert-sich-auf-dem-shopfloor\/#breadcrumb"},"inLanguage":"it-IT","potentialAction":[{"@type":"ReadAction","target":["https:\/\/www.organisator.ch\/operational-excellence\/2023-03-01\/connected-work-etabliert-sich-auf-dem-shopfloor\/"]}]},{"@type":"ImageObject","inLanguage":"it-IT","@id":"https:\/\/www.organisator.ch\/operational-excellence\/2023-03-01\/connected-work-etabliert-sich-auf-dem-shopfloor\/#primaryimage","url":"https:\/\/www.m-q.ch\/wp-content\/uploads\/2023\/03\/Connected-Work-etabliert-sich-auf-dem-Shopfloor_MQ-1.jpg","contentUrl":"https:\/\/www.m-q.ch\/wp-content\/uploads\/2023\/03\/Connected-Work-etabliert-sich-auf-dem-Shopfloor_MQ-1.jpg"},{"@type":"BreadcrumbList","@id":"https:\/\/www.organisator.ch\/operational-excellence\/2023-03-01\/connected-work-etabliert-sich-auf-dem-shopfloor\/#breadcrumb","itemListElement":[{"@type":"ListItem","position":1,"name":"Home","item":"https:\/\/www.organisator.ch\/"},{"@type":"ListItem","position":2,"name":"Connected Work etabliert sich auf dem Shopfloor"}]},{"@type":"WebSite","@id":"https:\/\/www.organisator.ch\/#website","url":"https:\/\/www.organisator.ch\/","name":"Organizzatore","description":"Competente. Pratico. In 10 numeri all'anno, ORGANISATOR presenta i temi essenziali per i manager delle PMI.","publisher":{"@id":"https:\/\/www.organisator.ch\/#organization"},"potentialAction":[{"@type":"SearchAction","target":{"@type":"EntryPoint","urlTemplate":"https:\/\/www.organisator.ch\/?s={search_term_string}"},"query-input":{"@type":"PropertyValueSpecification","valueRequired":true,"valueName":"search_term_string"}}],"inLanguage":"it-IT"},{"@type":"Organization","@id":"https:\/\/www.organisator.ch\/#organization","name":"Organizzatore","url":"https:\/\/www.organisator.ch\/","logo":{"@type":"ImageObject","inLanguage":"it-IT","@id":"https:\/\/www.organisator.ch\/#\/schema\/logo\/image\/","url":"https:\/\/www.organisator.ch\/wp-content\/uploads\/2022\/01\/Logo_Organisator_Website.png","contentUrl":"https:\/\/www.organisator.ch\/wp-content\/uploads\/2022\/01\/Logo_Organisator_Website.png","width":800,"height":77,"caption":"Organisator"},"image":{"@id":"https:\/\/www.organisator.ch\/#\/schema\/logo\/image\/"},"sameAs":["https:\/\/www.facebook.com\/OrganisatorFachmagazin","https:\/\/www.linkedin.com\/showcase\/organisator-das-magazin-fr-kmu","https:\/\/www.xing.com\/news\/pages\/organisator-ch-695","https:\/\/www.youtube.com\/channel\/UCGP2Sq0iWaZwT3BdIAQFYpw"]},{"@type":"Person","@id":"https:\/\/www.organisator.ch\/#\/schema\/person\/4e51799071cd2dd1232ac003643ef5f0","name":"galledia","image":{"@type":"ImageObject","inLanguage":"it-IT","@id":"https:\/\/secure.gravatar.com\/avatar\/78a7f90c01fc2bfc875782a0d4922b37cde2cf184ce347b91316d23cd7f69a36?s=96&d=mm&r=g","url":"https:\/\/secure.gravatar.com\/avatar\/78a7f90c01fc2bfc875782a0d4922b37cde2cf184ce347b91316d23cd7f69a36?s=96&d=mm&r=g","contentUrl":"https:\/\/secure.gravatar.com\/avatar\/78a7f90c01fc2bfc875782a0d4922b37cde2cf184ce347b91316d23cd7f69a36?s=96&d=mm&r=g","caption":"galledia"},"sameAs":["https:\/\/x.com\/admin"],"url":"https:\/\/www.organisator.ch\/it\/author\/galledia\/"}]}},"_links":{"self":[{"href":"https:\/\/www.organisator.ch\/it\/wp-json\/wp\/v2\/posts\/19134","targetHints":{"allow":["GET"]}}],"collection":[{"href":"https:\/\/www.organisator.ch\/it\/wp-json\/wp\/v2\/posts"}],"about":[{"href":"https:\/\/www.organisator.ch\/it\/wp-json\/wp\/v2\/types\/post"}],"author":[{"embeddable":true,"href":"https:\/\/www.organisator.ch\/it\/wp-json\/wp\/v2\/users\/8"}],"replies":[{"embeddable":true,"href":"https:\/\/www.organisator.ch\/it\/wp-json\/wp\/v2\/comments?post=19134"}],"version-history":[{"count":3,"href":"https:\/\/www.organisator.ch\/it\/wp-json\/wp\/v2\/posts\/19134\/revisions"}],"predecessor-version":[{"id":33358,"href":"https:\/\/www.organisator.ch\/it\/wp-json\/wp\/v2\/posts\/19134\/revisions\/33358"}],"wp:attachment":[{"href":"https:\/\/www.organisator.ch\/it\/wp-json\/wp\/v2\/media?parent=19134"}],"wp:term":[{"taxonomy":"category","embeddable":true,"href":"https:\/\/www.organisator.ch\/it\/wp-json\/wp\/v2\/categories?post=19134"},{"taxonomy":"post_tag","embeddable":true,"href":"https:\/\/www.organisator.ch\/it\/wp-json\/wp\/v2\/tags?post=19134"}],"curies":[{"name":"wp","href":"https:\/\/api.w.org\/{rel}","templated":true}]}}