{"id":19245,"date":"2023-03-10T07:43:25","date_gmt":"2023-03-10T06:43:25","guid":{"rendered":"https:\/\/www.organisator.ch\/?p=19245"},"modified":"2023-03-10T07:46:08","modified_gmt":"2023-03-10T06:46:08","slug":"mobiliar-lanciert-unternehmens-gruendungsplattform","status":"publish","type":"post","link":"https:\/\/www.organisator.ch\/it\/management\/2023-03-10\/mobiliar-lanciert-unternehmens-gruendungsplattform\/","title":{"rendered":"La Mobiliare lancia una piattaforma per la creazione di imprese"},"content":{"rendered":"<figure id=\"attachment_19246\" aria-describedby=\"caption-attachment-19246\" style=\"width: 680px\" class=\"wp-caption alignnone\"><img loading=\"lazy\" decoding=\"async\" class=\"size-full wp-image-19246\" src=\"https:\/\/www.organisator.ch\/wp-content\/uploads\/2023\/03\/Mobiliar-lanciert-Unternehmens-Gruendungsplattform_Organisator.jpg\" alt=\"\" width=\"680\" height=\"453\" srcset=\"https:\/\/www.organisator.ch\/wp-content\/uploads\/2023\/03\/Mobiliar-lanciert-Unternehmens-Gruendungsplattform_Organisator.jpg 680w, https:\/\/www.organisator.ch\/wp-content\/uploads\/2023\/03\/Mobiliar-lanciert-Unternehmens-Gruendungsplattform_Organisator-18x12.jpg 18w, https:\/\/www.organisator.ch\/wp-content\/uploads\/2023\/03\/Mobiliar-lanciert-Unternehmens-Gruendungsplattform_Organisator-375x250.jpg 375w, https:\/\/www.organisator.ch\/wp-content\/uploads\/2023\/03\/Mobiliar-lanciert-Unternehmens-Gruendungsplattform_Organisator-525x350.jpg 525w\" sizes=\"auto, (max-width: 680px) 100vw, 680px\" \/><figcaption id=\"caption-attachment-19246\" class=\"wp-caption-text\">Dario Morf, amministratore delegato della neonata piattaforma di start-up d'impresa Foundera. (Immagine: Mobiliar)<\/figcaption><\/figure>\n<p>Il percorso verso il lavoro autonomo pu\u00f2 essere associato a molte incertezze: forma giuridica? Documenti di fondazione? Analisi di mercato? Marketing? Finanziamenti? Assicurazioni? e, e, e. Gran parte di tutto questo pu\u00f2 essere fatto oggi online. Oltre alle numerose offerte gi\u00e0 esistenti, sono ora disponibili\u00a0<a href=\"https:\/\/www.foundera.ch\/de\/\">Foundera<\/a>una piattaforma digitale per la creazione di imprese del Gruppo assicurativo Mobiliare. Accompagna i fondatori dal momento della prima idea imprenditoriale e li sostiene in tutti i passi necessari per la fondazione. Ma non \u00e8 tutto: anche dopo la fondazione, le aziende possono trovare su Foundera offerte, consigli e trucchi che semplificano il loro lavoro quotidiano, ad esempio con la contabilit\u00e0 di <a href=\"https:\/\/www.bexio.com\/de-CH\/\">Bexio<\/a> o la relativa assicurazione. Gli interessati possono semplicemente selezionare un pacchetto iniziale sulla piattaforma che fa al caso loro e saranno guidati attraverso le singole fasi di avvio.<\/p>\n<p>Foundera AG \u00e8 una filiale operativamente indipendente della Mobiliare. Dario Renato Morf (foto) \u00e8 responsabile del suo ulteriore sviluppo in qualit\u00e0 di amministratore delegato. Vive a Zurigo e negli ultimi tre anni ha creato e gestito una propria azienda nel settore dello sviluppo dei dipendenti delle PMI. Prima di avviare la propria attivit\u00e0, ha lavorato per otto anni in vari ruoli presso Zurich Insurance. \"Foundera svolge un ruolo fondamentale nella nostra offerta per le PMI\", sottolinea Andrea Kleiner, responsabile Business Development della Mobiliare. \"Sosteniamo le PMI svizzere durante il loro intero ciclo di vita: dalla fondazione e gestione dell'azienda fino all'ulteriore sviluppo, ad esempio nel campo dell'innovazione. In modo che le aziende possano concentrarsi sul loro core business\".<\/p>\n<p><em>Fonte: <a href=\"http:\/\/www.mobiliar.ch\">Mobili<\/a><\/em><\/p>","protected":false},"excerpt":{"rendered":"<p>Der Weg in die Selbstst\u00e4ndigkeit kann mit vielen Unsicherheiten verbunden sein: Rechtsform? Gr\u00fcndungsdokumente? Marktanalysen? Marketing? Finanzierung? Versicherungen? und, und, und. Vieles davon l\u00e4sst sich heute online erledigen. Zu den vielen bereits existierenden Angeboten hinzu kommt nun\u00a0Foundera, eine digitale Unternehmens-Gr\u00fcndungsplattform der Versicherungsgruppe Mobiliar. Sie begleitet Gr\u00fcnderinnen und Gr\u00fcnder ab dem Moment der ersten Gesch\u00e4ftsidee und unterst\u00fctzt [&hellip;]<\/p>\n","protected":false},"author":4,"featured_media":19246,"comment_status":"closed","ping_status":"closed","sticky":false,"template":"","format":"standard","meta":{"_acf_changed":false,"_yoast_wpseo_focuskw":"Unternehmens-Gr\u00fcndungsplattform","_yoast_wpseo_metadesc":"Die Versicherungsgruppe Mobiliar hat mit Foundera eine eigene Unternehmens-Gr\u00fcndungsplattform ins Leben gerufen.","articlekey":"","footnotes":""},"categories":[28],"tags":[205,335,393],"class_list":["post-19245","post","type-post","status-publish","format-standard","has-post-thumbnail","hentry","category-management","tag-firmengruendungen","tag-management-und-unternehmensfuehrung","tag-produkte"],"acf":[],"yoast_head":"<!-- This site is optimized with the Yoast SEO plugin v27.5 - https:\/\/yoast.com\/product\/yoast-seo-wordpress\/ -->\n<title>Mobiliar lanciert Unternehmens-Gr\u00fcndungsplattform - Organisator<\/title>\n<meta name=\"description\" content=\"Die Versicherungsgruppe Mobiliar hat mit Foundera eine eigene Unternehmens-Gr\u00fcndungsplattform ins Leben gerufen.\" \/>\n<meta name=\"robots\" content=\"index, follow, max-snippet:-1, max-image-preview:large, max-video-preview:-1\" \/>\n<link rel=\"canonical\" href=\"https:\/\/www.organisator.ch\/it\/gestione-2\/2023-03-10\/mobiliar-lanciert-unternehmens-gruendungsplattform\/\" \/>\n<meta property=\"og:locale\" content=\"it_IT\" \/>\n<meta property=\"og:type\" content=\"article\" \/>\n<meta property=\"og:title\" content=\"Mobiliar lanciert Unternehmens-Gr\u00fcndungsplattform\" \/>\n<meta property=\"og:description\" content=\"Die Versicherungsgruppe Mobiliar hat mit Foundera eine eigene Unternehmens-Gr\u00fcndungsplattform ins Leben gerufen.\" \/>\n<meta property=\"og:url\" content=\"https:\/\/www.organisator.ch\/it\/gestione-2\/2023-03-10\/mobiliar-lanciert-unternehmens-gruendungsplattform\/\" \/>\n<meta property=\"og:site_name\" content=\"Organisator\" \/>\n<meta property=\"article:publisher\" content=\"https:\/\/www.facebook.com\/OrganisatorFachmagazin\" \/>\n<meta property=\"article:published_time\" content=\"2023-03-10T06:43:25+00:00\" \/>\n<meta property=\"article:modified_time\" content=\"2023-03-10T06:46:08+00:00\" \/>\n<meta property=\"og:image\" content=\"https:\/\/www.organisator.ch\/wp-content\/uploads\/2023\/03\/Mobiliar-lanciert-Unternehmens-Gruendungsplattform_Organisator.jpg\" \/>\n\t<meta property=\"og:image:width\" content=\"680\" \/>\n\t<meta property=\"og:image:height\" content=\"453\" \/>\n\t<meta property=\"og:image:type\" content=\"image\/jpeg\" \/>\n<meta name=\"author\" content=\"thomas.berner\" \/>\n<meta name=\"twitter:card\" content=\"summary_large_image\" \/>\n<meta name=\"twitter:title\" content=\"#Mobiliar lanciert #Unternehmens-Gr\u00fcndungsplattform\" \/>\n<meta name=\"twitter:description\" content=\"Die #Versicherungsgruppe #Mobiliar hat mit #Foundera eine eigene #Unternehmens-Gr\u00fcndungsplattform ins Leben gerufen.\" \/>\n<meta name=\"twitter:image\" content=\"https:\/\/www.organisator.ch\/wp-content\/uploads\/2023\/03\/Mobiliar-lanciert-Unternehmens-Gruendungsplattform_Organisator.jpg\" \/>\n<script type=\"application\/ld+json\" class=\"yoast-schema-graph\">{\"@context\":\"https:\\\/\\\/schema.org\",\"@graph\":[{\"@type\":\"Article\",\"@id\":\"https:\\\/\\\/www.organisator.ch\\\/management\\\/2023-03-10\\\/mobiliar-lanciert-unternehmens-gruendungsplattform\\\/#article\",\"isPartOf\":{\"@id\":\"https:\\\/\\\/www.organisator.ch\\\/management\\\/2023-03-10\\\/mobiliar-lanciert-unternehmens-gruendungsplattform\\\/\"},\"author\":{\"name\":\"thomas.berner\",\"@id\":\"https:\\\/\\\/www.organisator.ch\\\/#\\\/schema\\\/person\\\/6f650f90b2842cd4c0cc334b4e36f67e\"},\"headline\":\"Mobiliar lanciert Unternehmens-Gr\u00fcndungsplattform\",\"datePublished\":\"2023-03-10T06:43:25+00:00\",\"dateModified\":\"2023-03-10T06:46:08+00:00\",\"mainEntityOfPage\":{\"@id\":\"https:\\\/\\\/www.organisator.ch\\\/management\\\/2023-03-10\\\/mobiliar-lanciert-unternehmens-gruendungsplattform\\\/\"},\"wordCount\":280,\"publisher\":{\"@id\":\"https:\\\/\\\/www.organisator.ch\\\/#organization\"},\"image\":{\"@id\":\"https:\\\/\\\/www.organisator.ch\\\/management\\\/2023-03-10\\\/mobiliar-lanciert-unternehmens-gruendungsplattform\\\/#primaryimage\"},\"thumbnailUrl\":\"https:\\\/\\\/www.organisator.ch\\\/wp-content\\\/uploads\\\/2023\\\/03\\\/Mobiliar-lanciert-Unternehmens-Gruendungsplattform_Organisator.jpg\",\"keywords\":[\"Firmengr\u00fcndungen\",\"Management und Unternehmensf\u00fchrung\",\"Produkte\"],\"articleSection\":[\"MANAGEMENT\"],\"inLanguage\":\"it-IT\"},{\"@type\":\"WebPage\",\"@id\":\"https:\\\/\\\/www.organisator.ch\\\/management\\\/2023-03-10\\\/mobiliar-lanciert-unternehmens-gruendungsplattform\\\/\",\"url\":\"https:\\\/\\\/www.organisator.ch\\\/management\\\/2023-03-10\\\/mobiliar-lanciert-unternehmens-gruendungsplattform\\\/\",\"name\":\"Mobiliar lanciert Unternehmens-Gr\u00fcndungsplattform - Organisator\",\"isPartOf\":{\"@id\":\"https:\\\/\\\/www.organisator.ch\\\/#website\"},\"primaryImageOfPage\":{\"@id\":\"https:\\\/\\\/www.organisator.ch\\\/management\\\/2023-03-10\\\/mobiliar-lanciert-unternehmens-gruendungsplattform\\\/#primaryimage\"},\"image\":{\"@id\":\"https:\\\/\\\/www.organisator.ch\\\/management\\\/2023-03-10\\\/mobiliar-lanciert-unternehmens-gruendungsplattform\\\/#primaryimage\"},\"thumbnailUrl\":\"https:\\\/\\\/www.organisator.ch\\\/wp-content\\\/uploads\\\/2023\\\/03\\\/Mobiliar-lanciert-Unternehmens-Gruendungsplattform_Organisator.jpg\",\"datePublished\":\"2023-03-10T06:43:25+00:00\",\"dateModified\":\"2023-03-10T06:46:08+00:00\",\"description\":\"Die Versicherungsgruppe Mobiliar hat mit Foundera eine eigene Unternehmens-Gr\u00fcndungsplattform ins Leben gerufen.\",\"breadcrumb\":{\"@id\":\"https:\\\/\\\/www.organisator.ch\\\/management\\\/2023-03-10\\\/mobiliar-lanciert-unternehmens-gruendungsplattform\\\/#breadcrumb\"},\"inLanguage\":\"it-IT\",\"potentialAction\":[{\"@type\":\"ReadAction\",\"target\":[\"https:\\\/\\\/www.organisator.ch\\\/management\\\/2023-03-10\\\/mobiliar-lanciert-unternehmens-gruendungsplattform\\\/\"]}]},{\"@type\":\"ImageObject\",\"inLanguage\":\"it-IT\",\"@id\":\"https:\\\/\\\/www.organisator.ch\\\/management\\\/2023-03-10\\\/mobiliar-lanciert-unternehmens-gruendungsplattform\\\/#primaryimage\",\"url\":\"https:\\\/\\\/www.organisator.ch\\\/wp-content\\\/uploads\\\/2023\\\/03\\\/Mobiliar-lanciert-Unternehmens-Gruendungsplattform_Organisator.jpg\",\"contentUrl\":\"https:\\\/\\\/www.organisator.ch\\\/wp-content\\\/uploads\\\/2023\\\/03\\\/Mobiliar-lanciert-Unternehmens-Gruendungsplattform_Organisator.jpg\",\"width\":680,\"height\":453,\"caption\":\"Dario Morf, Managing Director der neu gegr\u00fcndeten Unternehmens-Gr\u00fcndungsplattform Foundera. (Bild: Mobiliar)\"},{\"@type\":\"BreadcrumbList\",\"@id\":\"https:\\\/\\\/www.organisator.ch\\\/management\\\/2023-03-10\\\/mobiliar-lanciert-unternehmens-gruendungsplattform\\\/#breadcrumb\",\"itemListElement\":[{\"@type\":\"ListItem\",\"position\":1,\"name\":\"Home\",\"item\":\"https:\\\/\\\/www.organisator.ch\\\/\"},{\"@type\":\"ListItem\",\"position\":2,\"name\":\"Mobiliar lanciert Unternehmens-Gr\u00fcndungsplattform\"}]},{\"@type\":\"WebSite\",\"@id\":\"https:\\\/\\\/www.organisator.ch\\\/#website\",\"url\":\"https:\\\/\\\/www.organisator.ch\\\/\",\"name\":\"Organisator\",\"description\":\"Kompetent. Praxisnah. Der ORGANISATOR bereitet in 10 Ausgaben pro Jahr die wesentlichen Themen f\u00fcr F\u00fchrungskr\u00e4fte von KMU auf.\",\"publisher\":{\"@id\":\"https:\\\/\\\/www.organisator.ch\\\/#organization\"},\"potentialAction\":[{\"@type\":\"SearchAction\",\"target\":{\"@type\":\"EntryPoint\",\"urlTemplate\":\"https:\\\/\\\/www.organisator.ch\\\/?s={search_term_string}\"},\"query-input\":{\"@type\":\"PropertyValueSpecification\",\"valueRequired\":true,\"valueName\":\"search_term_string\"}}],\"inLanguage\":\"it-IT\"},{\"@type\":\"Organization\",\"@id\":\"https:\\\/\\\/www.organisator.ch\\\/#organization\",\"name\":\"Organisator\",\"url\":\"https:\\\/\\\/www.organisator.ch\\\/\",\"logo\":{\"@type\":\"ImageObject\",\"inLanguage\":\"it-IT\",\"@id\":\"https:\\\/\\\/www.organisator.ch\\\/#\\\/schema\\\/logo\\\/image\\\/\",\"url\":\"https:\\\/\\\/www.organisator.ch\\\/wp-content\\\/uploads\\\/2022\\\/01\\\/Logo_Organisator_Website.png\",\"contentUrl\":\"https:\\\/\\\/www.organisator.ch\\\/wp-content\\\/uploads\\\/2022\\\/01\\\/Logo_Organisator_Website.png\",\"width\":800,\"height\":77,\"caption\":\"Organisator\"},\"image\":{\"@id\":\"https:\\\/\\\/www.organisator.ch\\\/#\\\/schema\\\/logo\\\/image\\\/\"},\"sameAs\":[\"https:\\\/\\\/www.facebook.com\\\/OrganisatorFachmagazin\",\"https:\\\/\\\/www.linkedin.com\\\/showcase\\\/organisator-das-magazin-fr-kmu\",\"https:\\\/\\\/www.xing.com\\\/news\\\/pages\\\/organisator-ch-695\",\"https:\\\/\\\/www.youtube.com\\\/channel\\\/UCGP2Sq0iWaZwT3BdIAQFYpw\"]},{\"@type\":\"Person\",\"@id\":\"https:\\\/\\\/www.organisator.ch\\\/#\\\/schema\\\/person\\\/6f650f90b2842cd4c0cc334b4e36f67e\",\"name\":\"thomas.berner\",\"image\":{\"@type\":\"ImageObject\",\"inLanguage\":\"it-IT\",\"@id\":\"https:\\\/\\\/secure.gravatar.com\\\/avatar\\\/ac5001d2a36cb6c6cd3e50789007ffca834b477b74a2144564522e944eabff61?s=96&d=mm&r=g\",\"url\":\"https:\\\/\\\/secure.gravatar.com\\\/avatar\\\/ac5001d2a36cb6c6cd3e50789007ffca834b477b74a2144564522e944eabff61?s=96&d=mm&r=g\",\"contentUrl\":\"https:\\\/\\\/secure.gravatar.com\\\/avatar\\\/ac5001d2a36cb6c6cd3e50789007ffca834b477b74a2144564522e944eabff61?s=96&d=mm&r=g\",\"caption\":\"thomas.berner\"},\"url\":\"https:\\\/\\\/www.organisator.ch\\\/it\\\/author\\\/thomas-berner\\\/\"}]}<\/script>\n<!-- \/ Yoast SEO plugin. -->","yoast_head_json":{"title":"La Mobiliare lancia una piattaforma per l'avvio di imprese - Organizzatore","description":"Il gruppo assicurativo Mobiliare ha lanciato la propria piattaforma per la creazione di imprese, Foundera.","robots":{"index":"index","follow":"follow","max-snippet":"max-snippet:-1","max-image-preview":"max-image-preview:large","max-video-preview":"max-video-preview:-1"},"canonical":"https:\/\/www.organisator.ch\/it\/gestione-2\/2023-03-10\/mobiliar-lanciert-unternehmens-gruendungsplattform\/","og_locale":"it_IT","og_type":"article","og_title":"Mobiliar lanciert Unternehmens-Gr\u00fcndungsplattform","og_description":"Die Versicherungsgruppe Mobiliar hat mit Foundera eine eigene Unternehmens-Gr\u00fcndungsplattform ins Leben gerufen.","og_url":"https:\/\/www.organisator.ch\/it\/gestione-2\/2023-03-10\/mobiliar-lanciert-unternehmens-gruendungsplattform\/","og_site_name":"Organisator","article_publisher":"https:\/\/www.facebook.com\/OrganisatorFachmagazin","article_published_time":"2023-03-10T06:43:25+00:00","article_modified_time":"2023-03-10T06:46:08+00:00","og_image":[{"width":680,"height":453,"url":"https:\/\/www.organisator.ch\/wp-content\/uploads\/2023\/03\/Mobiliar-lanciert-Unternehmens-Gruendungsplattform_Organisator.jpg","type":"image\/jpeg"}],"author":"thomas.berner","twitter_card":"summary_large_image","twitter_title":"#Mobiliar lanciert #Unternehmens-Gr\u00fcndungsplattform","twitter_description":"Die #Versicherungsgruppe #Mobiliar hat mit #Foundera eine eigene #Unternehmens-Gr\u00fcndungsplattform ins Leben gerufen.","twitter_image":"https:\/\/www.organisator.ch\/wp-content\/uploads\/2023\/03\/Mobiliar-lanciert-Unternehmens-Gruendungsplattform_Organisator.jpg","schema":{"@context":"https:\/\/schema.org","@graph":[{"@type":"Article","@id":"https:\/\/www.organisator.ch\/management\/2023-03-10\/mobiliar-lanciert-unternehmens-gruendungsplattform\/#article","isPartOf":{"@id":"https:\/\/www.organisator.ch\/management\/2023-03-10\/mobiliar-lanciert-unternehmens-gruendungsplattform\/"},"author":{"name":"thomas.berner","@id":"https:\/\/www.organisator.ch\/#\/schema\/person\/6f650f90b2842cd4c0cc334b4e36f67e"},"headline":"Mobiliar lanciert Unternehmens-Gr\u00fcndungsplattform","datePublished":"2023-03-10T06:43:25+00:00","dateModified":"2023-03-10T06:46:08+00:00","mainEntityOfPage":{"@id":"https:\/\/www.organisator.ch\/management\/2023-03-10\/mobiliar-lanciert-unternehmens-gruendungsplattform\/"},"wordCount":280,"publisher":{"@id":"https:\/\/www.organisator.ch\/#organization"},"image":{"@id":"https:\/\/www.organisator.ch\/management\/2023-03-10\/mobiliar-lanciert-unternehmens-gruendungsplattform\/#primaryimage"},"thumbnailUrl":"https:\/\/www.organisator.ch\/wp-content\/uploads\/2023\/03\/Mobiliar-lanciert-Unternehmens-Gruendungsplattform_Organisator.jpg","keywords":["Firmengr\u00fcndungen","Management und Unternehmensf\u00fchrung","Produkte"],"articleSection":["MANAGEMENT"],"inLanguage":"it-IT"},{"@type":"WebPage","@id":"https:\/\/www.organisator.ch\/management\/2023-03-10\/mobiliar-lanciert-unternehmens-gruendungsplattform\/","url":"https:\/\/www.organisator.ch\/management\/2023-03-10\/mobiliar-lanciert-unternehmens-gruendungsplattform\/","name":"La Mobiliare lancia una piattaforma per l'avvio di imprese - Organizzatore","isPartOf":{"@id":"https:\/\/www.organisator.ch\/#website"},"primaryImageOfPage":{"@id":"https:\/\/www.organisator.ch\/management\/2023-03-10\/mobiliar-lanciert-unternehmens-gruendungsplattform\/#primaryimage"},"image":{"@id":"https:\/\/www.organisator.ch\/management\/2023-03-10\/mobiliar-lanciert-unternehmens-gruendungsplattform\/#primaryimage"},"thumbnailUrl":"https:\/\/www.organisator.ch\/wp-content\/uploads\/2023\/03\/Mobiliar-lanciert-Unternehmens-Gruendungsplattform_Organisator.jpg","datePublished":"2023-03-10T06:43:25+00:00","dateModified":"2023-03-10T06:46:08+00:00","description":"Il gruppo assicurativo Mobiliare ha lanciato la propria piattaforma per la creazione di imprese, Foundera.","breadcrumb":{"@id":"https:\/\/www.organisator.ch\/management\/2023-03-10\/mobiliar-lanciert-unternehmens-gruendungsplattform\/#breadcrumb"},"inLanguage":"it-IT","potentialAction":[{"@type":"ReadAction","target":["https:\/\/www.organisator.ch\/management\/2023-03-10\/mobiliar-lanciert-unternehmens-gruendungsplattform\/"]}]},{"@type":"ImageObject","inLanguage":"it-IT","@id":"https:\/\/www.organisator.ch\/management\/2023-03-10\/mobiliar-lanciert-unternehmens-gruendungsplattform\/#primaryimage","url":"https:\/\/www.organisator.ch\/wp-content\/uploads\/2023\/03\/Mobiliar-lanciert-Unternehmens-Gruendungsplattform_Organisator.jpg","contentUrl":"https:\/\/www.organisator.ch\/wp-content\/uploads\/2023\/03\/Mobiliar-lanciert-Unternehmens-Gruendungsplattform_Organisator.jpg","width":680,"height":453,"caption":"Dario Morf, Managing Director der neu gegr\u00fcndeten Unternehmens-Gr\u00fcndungsplattform Foundera. (Bild: Mobiliar)"},{"@type":"BreadcrumbList","@id":"https:\/\/www.organisator.ch\/management\/2023-03-10\/mobiliar-lanciert-unternehmens-gruendungsplattform\/#breadcrumb","itemListElement":[{"@type":"ListItem","position":1,"name":"Home","item":"https:\/\/www.organisator.ch\/"},{"@type":"ListItem","position":2,"name":"Mobiliar lanciert Unternehmens-Gr\u00fcndungsplattform"}]},{"@type":"WebSite","@id":"https:\/\/www.organisator.ch\/#website","url":"https:\/\/www.organisator.ch\/","name":"Organizzatore","description":"Competente. Pratico. In 10 numeri all'anno, ORGANISATOR presenta i temi essenziali per i manager delle PMI.","publisher":{"@id":"https:\/\/www.organisator.ch\/#organization"},"potentialAction":[{"@type":"SearchAction","target":{"@type":"EntryPoint","urlTemplate":"https:\/\/www.organisator.ch\/?s={search_term_string}"},"query-input":{"@type":"PropertyValueSpecification","valueRequired":true,"valueName":"search_term_string"}}],"inLanguage":"it-IT"},{"@type":"Organization","@id":"https:\/\/www.organisator.ch\/#organization","name":"Organizzatore","url":"https:\/\/www.organisator.ch\/","logo":{"@type":"ImageObject","inLanguage":"it-IT","@id":"https:\/\/www.organisator.ch\/#\/schema\/logo\/image\/","url":"https:\/\/www.organisator.ch\/wp-content\/uploads\/2022\/01\/Logo_Organisator_Website.png","contentUrl":"https:\/\/www.organisator.ch\/wp-content\/uploads\/2022\/01\/Logo_Organisator_Website.png","width":800,"height":77,"caption":"Organisator"},"image":{"@id":"https:\/\/www.organisator.ch\/#\/schema\/logo\/image\/"},"sameAs":["https:\/\/www.facebook.com\/OrganisatorFachmagazin","https:\/\/www.linkedin.com\/showcase\/organisator-das-magazin-fr-kmu","https:\/\/www.xing.com\/news\/pages\/organisator-ch-695","https:\/\/www.youtube.com\/channel\/UCGP2Sq0iWaZwT3BdIAQFYpw"]},{"@type":"Person","@id":"https:\/\/www.organisator.ch\/#\/schema\/person\/6f650f90b2842cd4c0cc334b4e36f67e","name":"Tommaso.berner","image":{"@type":"ImageObject","inLanguage":"it-IT","@id":"https:\/\/secure.gravatar.com\/avatar\/ac5001d2a36cb6c6cd3e50789007ffca834b477b74a2144564522e944eabff61?s=96&d=mm&r=g","url":"https:\/\/secure.gravatar.com\/avatar\/ac5001d2a36cb6c6cd3e50789007ffca834b477b74a2144564522e944eabff61?s=96&d=mm&r=g","contentUrl":"https:\/\/secure.gravatar.com\/avatar\/ac5001d2a36cb6c6cd3e50789007ffca834b477b74a2144564522e944eabff61?s=96&d=mm&r=g","caption":"thomas.berner"},"url":"https:\/\/www.organisator.ch\/it\/author\/thomas-berner\/"}]}},"_links":{"self":[{"href":"https:\/\/www.organisator.ch\/it\/wp-json\/wp\/v2\/posts\/19245","targetHints":{"allow":["GET"]}}],"collection":[{"href":"https:\/\/www.organisator.ch\/it\/wp-json\/wp\/v2\/posts"}],"about":[{"href":"https:\/\/www.organisator.ch\/it\/wp-json\/wp\/v2\/types\/post"}],"author":[{"embeddable":true,"href":"https:\/\/www.organisator.ch\/it\/wp-json\/wp\/v2\/users\/4"}],"replies":[{"embeddable":true,"href":"https:\/\/www.organisator.ch\/it\/wp-json\/wp\/v2\/comments?post=19245"}],"version-history":[{"count":2,"href":"https:\/\/www.organisator.ch\/it\/wp-json\/wp\/v2\/posts\/19245\/revisions"}],"predecessor-version":[{"id":19248,"href":"https:\/\/www.organisator.ch\/it\/wp-json\/wp\/v2\/posts\/19245\/revisions\/19248"}],"wp:featuredmedia":[{"embeddable":true,"href":"https:\/\/www.organisator.ch\/it\/wp-json\/wp\/v2\/media\/19246"}],"wp:attachment":[{"href":"https:\/\/www.organisator.ch\/it\/wp-json\/wp\/v2\/media?parent=19245"}],"wp:term":[{"taxonomy":"category","embeddable":true,"href":"https:\/\/www.organisator.ch\/it\/wp-json\/wp\/v2\/categories?post=19245"},{"taxonomy":"post_tag","embeddable":true,"href":"https:\/\/www.organisator.ch\/it\/wp-json\/wp\/v2\/tags?post=19245"}],"curies":[{"name":"wp","href":"https:\/\/api.w.org\/{rel}","templated":true}]}}