{"id":19250,"date":"2023-03-10T08:05:54","date_gmt":"2023-03-10T07:05:54","guid":{"rendered":"https:\/\/www.m-q.ch\/?p=17658"},"modified":"2024-11-18T09:35:32","modified_gmt":"2024-11-18T08:35:32","slug":"verband-krisenkommunikation-begruesst-drei-neue-vorstandsmitglieder","status":"publish","type":"post","link":"https:\/\/www.organisator.ch\/it\/operational-excellence\/2023-03-10\/verband-krisenkommunikation-begruesst-drei-neue-vorstandsmitglieder\/","title":{"rendered":"L'Associazione per la comunicazione di crisi accoglie tre nuovi membri del consiglio direttivo"},"content":{"rendered":"<figure id=\"attachment_17659\" class=\"wp-caption alignnone\" style=\"width: 680px\" aria-describedby=\"caption-attachment-17659\"><img class=\"alignnone wp-image-17659 size-full\" src=\"https:\/\/www.m-q.ch\/wp-content\/uploads\/2023\/03\/Verband-Krisenkommunikation-begruesst-drei-neue-Vorstandsmitglieder_MQ.jpg\" alt=\"Consiglio di amministrazione di VKK\" width=\"680\" height=\"407\" \/>\r\n<figcaption id=\"caption-attachment-17659\" class=\"wp-caption-text\">Nuovi membri del consiglio di amministrazione della VKK: Eckhard Baschek, Claudia Jenni e Roger Huber (da sinistra a destra). (Immagine: Associazione per la comunicazione di crisi)<\/figcaption>\r\n<\/figure>\r\n<p>L'Associazione per la comunicazione di crisi (VKK) promuove la comunicazione di crisi professionale e la gestione della reputazione in Svizzera. Sostiene lo scambio di esperienze tra gli operatori aziendali e il mondo accademico. L'associazione pu\u00f2 vantare un attivo 2022. Secondo l'associazione, la domanda di assistenza in situazioni di crisi e di formazione sulla prevenzione rimane elevata.\u00a0<\/p>\r\n<h3>Rinforzo per l'Associazione per la comunicazione di crisi<\/h3>\r\n<p>In occasione dell'Assemblea generale, sono stati eletti tre nuovi membri del Consiglio direttivo del VKK. \"Vorrei congratularmi con i nuovi membri del Consiglio direttivo per la loro elezione e ringraziarli per il loro impegno e la loro dedizione\", ha dichiarato Markus Baumgartner, Presidente dell'Associazione. Con Claudia Jenni, un'esperta di comunicazione rafforza il consiglio, con Eckhard Baschek un giornalista \u00e8 rappresentato per la prima volta e con Roger Huber, il presidente fondatore fa il suo ritorno. Per i prossimi mesi, il consiglio direttivo ha deciso di rafforzare lo scambio tra i membri e di discutere gli incidenti attuali, di aumentare l'impronta sui social media e di stringere ulteriori partnership, come quella con il Leadership Campus dell'Esercito svizzero dello scorso anno. Baumgartner: \"In qualit\u00e0 di centro di eccellenza per la comunicazione di crisi e la gestione della reputazione, promuoviamo lo scambio, il networking e la formazione continua. I nuovi membri del consiglio di amministrazione daranno un importante contributo in tal senso\".\u00a0<\/p>\r\n<h3>I tre nuovi membri del Consiglio di amministrazione<\/h3>\r\n<p><strong>Claudia Jenni<\/strong> dal 1994 al 2011 ha lavorato presso il Credit Suisse come responsabile delle pubbliche relazioni e dei media e come project manager nel settore delle sponsorizzazioni sportive, poi come responsabile delle pubbliche relazioni per lo sviluppo urbano della citt\u00e0 di Winterthur per circa quattro anni e come portavoce dei media per l'assicurazione sanitaria Sanitas per tre anni. Dal 2017, insieme alla sua partner Christina Lamprecht, gestisce Kommunikationsatelier GmbH a Zurigo, un'agenzia di comunicazione aziendale, consulenza organizzativa e lavoro con manager e team. La comunicazione di crisi \u00e8 una parte importante del suo lavoro strategico e operativo. Claudia Jenni ha conseguito un Master in Communication Management &amp; Leadership presso la ZHAW, \u00e8 Certified PR &amp; Communication Expert SAQ e membro certificato del consiglio di amministrazione.\u00a0<\/p>\r\n<p><strong>Eckhard Baschek<\/strong> ha iniziato la sua carriera nel 1984 nella sezione economica di \"Ostschweiz\". Dal 1986 al 1994 \u00e8 stato portavoce dei media della Croce Rossa Svizzera a San Gallo. Ha poi lavorato come giornalista freelance per Finanz und Wirtschaft, St. Galler Tagblatt e Weltwoche prima di diventare redattore per Schweizer Versicherung e Schweizer Bank. Dal 1994 al 2008 \u00e8 stato redattore presso la Handelszeitung, dove \u00e8 tornato nel 2016 come co-responsabile del reparto supplementi. Nel frattempo ha lavorato per CSC Svizzera, Infel, K-Money e Autentio. Eckhard Baschek ha studiato relazioni internazionali presso la HSG di San Gallo e ha completato la formazione professionale di giornalista presso la Scuola di giornalismo di San Gallo. \u00c8 stato membro fondatore della VKK nel 2009.\u00a0<\/p>\r\n<p><strong>Roger Huber<\/strong> Dopo aver completato la sua formazione commerciale, ha lavorato per il St. Galler Tagblatt e come redattore economico per il quotidiano \"Die Ostschweiz\". Ha poi lavorato per la prima televisione privata svizzera \"European Business Channel\" come produttore e dopo il suo fallimento \u00e8 passato a \"Finanz und Wirtschaft\". Dal 1992 al 1997 \u00e8 stato giornalista presso Cash\/ Cash-TV e responsabile dello sviluppo per Ringier nell'Europa orientale. In seguito ha fondato la \"Huber Media Consulting GmbH\". Ha ricoperto mandati presso UBS, Credit Suisse, Wincor Nixdorf, Bank B\u00e4r, Fujitsu Siemens o Ex Libris (fissazione del prezzo dei libri), tra gli altri. \u00c8 stato il presidente fondatore della VKK nel 2009. Nel 2021, insieme ad altre due persone, ha fondato la piattaforma giornalistica \"inside-justiz.ch\", di cui \u00e8 caporedattore.\u00a0<\/p>\r\n<p><a href=\"http:\/\/www.verband-krisenkommunikation.ch\/\"><em>Fonte e ulteriori informazioni<\/em><\/a><\/p>\n<p class=\"syndicated-attribution\">Questo articolo \u00e8 apparso originariamente su m-q.ch - <a href=\"https:\/\/www.m-q.ch\/de\/verband-krisenkommunikation-begruesst-drei-neue-vorstandsmitglieder\/\" target=\"_blank\">https:\/\/www.m-q.ch\/de\/verband-krisenkommunikation-begruesst-drei-neue-vorstandsmitglieder\/<\/a><\/p>","protected":false},"excerpt":{"rendered":"<p>Der Verband Krisenkommunikation (VKK) f\u00f6rdert die professionelle Krisenkommunikation und das Reputationsmanagement in der Schweiz. Er unterst\u00fctzt den Erfahrungsaustausch von Unternehmenspraktikern untereinander sowie mit der Wissenschaft. Der Verband darf auf ein aktives Jahr 2022 zur\u00fcckblicken. Die Nachfrage nach Unterst\u00fctzung in Krisensituationen und f\u00fcr Pr\u00e4ventionsschulungen sei ungebrochen hoch, wie es heisst.\u00a0 Verst\u00e4rkung f\u00fcr den Verband Krisenkommunikation An [\u2026]<\/p>\n","protected":false},"author":8,"featured_media":0,"comment_status":"closed","ping_status":"closed","sticky":false,"template":"","format":"standard","meta":{"_acf_changed":false,"_yoast_wpseo_focuskw":"VKK Vorstand","_yoast_wpseo_metadesc":"VKK: Eckhard Baschek, Claudia Jenni und Roger Huber im Vorstand. Verst\u00e4rkung und Ziele der Krisenkommunikation.","articlekey":"","footnotes":""},"categories":[582],"tags":[3667],"class_list":["post-19250","post","type-post","status-publish","format-standard","hentry","category-operational-excellence","tag-krisenkommunikation"],"acf":[],"yoast_head":"<!-- This site is optimized with the Yoast SEO plugin v27.5 - https:\/\/yoast.com\/product\/yoast-seo-wordpress\/ -->\n<title>Verband Krisenkommunikation begr\u00fcsst drei neue Vorstandsmitglieder - Organisator<\/title>\n<meta name=\"description\" content=\"VKK: Eckhard Baschek, Claudia Jenni und Roger Huber im Vorstand. Verst\u00e4rkung und Ziele der Krisenkommunikation.\" \/>\n<meta name=\"robots\" content=\"index, follow, max-snippet:-1, max-image-preview:large, max-video-preview:-1\" \/>\n<link rel=\"canonical\" href=\"https:\/\/www.organisator.ch\/it\/eccellenza-operativa\/2023-03-10\/verband-krisenkommunikation-begruesst-drei-neue-vorstandsmitglieder\/\" \/>\n<meta property=\"og:locale\" content=\"it_IT\" \/>\n<meta property=\"og:type\" content=\"article\" \/>\n<meta property=\"og:title\" content=\"Verband Krisenkommunikation begr\u00fcsst drei neue Vorstandsmitglieder - Organisator\" \/>\n<meta property=\"og:description\" content=\"VKK: Eckhard Baschek, Claudia Jenni und Roger Huber im Vorstand. Verst\u00e4rkung und Ziele der Krisenkommunikation.\" \/>\n<meta property=\"og:url\" content=\"https:\/\/www.organisator.ch\/it\/eccellenza-operativa\/2023-03-10\/verband-krisenkommunikation-begruesst-drei-neue-vorstandsmitglieder\/\" \/>\n<meta property=\"og:site_name\" content=\"Organisator\" \/>\n<meta property=\"article:publisher\" content=\"https:\/\/www.facebook.com\/OrganisatorFachmagazin\" \/>\n<meta property=\"article:published_time\" content=\"2023-03-10T07:05:54+00:00\" \/>\n<meta property=\"article:modified_time\" content=\"2024-11-18T08:35:32+00:00\" \/>\n<meta name=\"author\" content=\"galledia\" \/>\n<meta name=\"twitter:card\" content=\"summary_large_image\" \/>\n<meta name=\"twitter:creator\" content=\"@admin\" \/>\n<script type=\"application\/ld+json\" class=\"yoast-schema-graph\">{\"@context\":\"https:\\\/\\\/schema.org\",\"@graph\":[{\"@type\":\"Article\",\"@id\":\"https:\\\/\\\/www.organisator.ch\\\/operational-excellence\\\/2023-03-10\\\/verband-krisenkommunikation-begruesst-drei-neue-vorstandsmitglieder\\\/#article\",\"isPartOf\":{\"@id\":\"https:\\\/\\\/www.organisator.ch\\\/operational-excellence\\\/2023-03-10\\\/verband-krisenkommunikation-begruesst-drei-neue-vorstandsmitglieder\\\/\"},\"author\":{\"name\":\"galledia\",\"@id\":\"https:\\\/\\\/www.organisator.ch\\\/#\\\/schema\\\/person\\\/4e51799071cd2dd1232ac003643ef5f0\"},\"headline\":\"Verband Krisenkommunikation begr\u00fcsst drei neue Vorstandsmitglieder\",\"datePublished\":\"2023-03-10T07:05:54+00:00\",\"dateModified\":\"2024-11-18T08:35:32+00:00\",\"mainEntityOfPage\":{\"@id\":\"https:\\\/\\\/www.organisator.ch\\\/operational-excellence\\\/2023-03-10\\\/verband-krisenkommunikation-begruesst-drei-neue-vorstandsmitglieder\\\/\"},\"wordCount\":573,\"publisher\":{\"@id\":\"https:\\\/\\\/www.organisator.ch\\\/#organization\"},\"image\":{\"@id\":\"https:\\\/\\\/www.organisator.ch\\\/operational-excellence\\\/2023-03-10\\\/verband-krisenkommunikation-begruesst-drei-neue-vorstandsmitglieder\\\/#primaryimage\"},\"thumbnailUrl\":\"https:\\\/\\\/www.m-q.ch\\\/wp-content\\\/uploads\\\/2023\\\/03\\\/Verband-Krisenkommunikation-begruesst-drei-neue-Vorstandsmitglieder_MQ.jpg\",\"keywords\":[\"Krisenkommunikation\"],\"articleSection\":[\"OPERATIONAL EXCELLENCE\"],\"inLanguage\":\"it-IT\"},{\"@type\":\"WebPage\",\"@id\":\"https:\\\/\\\/www.organisator.ch\\\/operational-excellence\\\/2023-03-10\\\/verband-krisenkommunikation-begruesst-drei-neue-vorstandsmitglieder\\\/\",\"url\":\"https:\\\/\\\/www.organisator.ch\\\/operational-excellence\\\/2023-03-10\\\/verband-krisenkommunikation-begruesst-drei-neue-vorstandsmitglieder\\\/\",\"name\":\"Verband Krisenkommunikation begr\u00fcsst drei neue Vorstandsmitglieder - Organisator\",\"isPartOf\":{\"@id\":\"https:\\\/\\\/www.organisator.ch\\\/#website\"},\"primaryImageOfPage\":{\"@id\":\"https:\\\/\\\/www.organisator.ch\\\/operational-excellence\\\/2023-03-10\\\/verband-krisenkommunikation-begruesst-drei-neue-vorstandsmitglieder\\\/#primaryimage\"},\"image\":{\"@id\":\"https:\\\/\\\/www.organisator.ch\\\/operational-excellence\\\/2023-03-10\\\/verband-krisenkommunikation-begruesst-drei-neue-vorstandsmitglieder\\\/#primaryimage\"},\"thumbnailUrl\":\"https:\\\/\\\/www.m-q.ch\\\/wp-content\\\/uploads\\\/2023\\\/03\\\/Verband-Krisenkommunikation-begruesst-drei-neue-Vorstandsmitglieder_MQ.jpg\",\"datePublished\":\"2023-03-10T07:05:54+00:00\",\"dateModified\":\"2024-11-18T08:35:32+00:00\",\"description\":\"VKK: Eckhard Baschek, Claudia Jenni und Roger Huber im Vorstand. Verst\u00e4rkung und Ziele der Krisenkommunikation.\",\"breadcrumb\":{\"@id\":\"https:\\\/\\\/www.organisator.ch\\\/operational-excellence\\\/2023-03-10\\\/verband-krisenkommunikation-begruesst-drei-neue-vorstandsmitglieder\\\/#breadcrumb\"},\"inLanguage\":\"it-IT\",\"potentialAction\":[{\"@type\":\"ReadAction\",\"target\":[\"https:\\\/\\\/www.organisator.ch\\\/operational-excellence\\\/2023-03-10\\\/verband-krisenkommunikation-begruesst-drei-neue-vorstandsmitglieder\\\/\"]}]},{\"@type\":\"ImageObject\",\"inLanguage\":\"it-IT\",\"@id\":\"https:\\\/\\\/www.organisator.ch\\\/operational-excellence\\\/2023-03-10\\\/verband-krisenkommunikation-begruesst-drei-neue-vorstandsmitglieder\\\/#primaryimage\",\"url\":\"https:\\\/\\\/www.m-q.ch\\\/wp-content\\\/uploads\\\/2023\\\/03\\\/Verband-Krisenkommunikation-begruesst-drei-neue-Vorstandsmitglieder_MQ.jpg\",\"contentUrl\":\"https:\\\/\\\/www.m-q.ch\\\/wp-content\\\/uploads\\\/2023\\\/03\\\/Verband-Krisenkommunikation-begruesst-drei-neue-Vorstandsmitglieder_MQ.jpg\"},{\"@type\":\"BreadcrumbList\",\"@id\":\"https:\\\/\\\/www.organisator.ch\\\/operational-excellence\\\/2023-03-10\\\/verband-krisenkommunikation-begruesst-drei-neue-vorstandsmitglieder\\\/#breadcrumb\",\"itemListElement\":[{\"@type\":\"ListItem\",\"position\":1,\"name\":\"Home\",\"item\":\"https:\\\/\\\/www.organisator.ch\\\/\"},{\"@type\":\"ListItem\",\"position\":2,\"name\":\"Verband Krisenkommunikation begr\u00fcsst drei neue Vorstandsmitglieder\"}]},{\"@type\":\"WebSite\",\"@id\":\"https:\\\/\\\/www.organisator.ch\\\/#website\",\"url\":\"https:\\\/\\\/www.organisator.ch\\\/\",\"name\":\"Organisator\",\"description\":\"Kompetent. Praxisnah. Der ORGANISATOR bereitet in 10 Ausgaben pro Jahr die wesentlichen Themen f\u00fcr F\u00fchrungskr\u00e4fte von KMU auf.\",\"publisher\":{\"@id\":\"https:\\\/\\\/www.organisator.ch\\\/#organization\"},\"potentialAction\":[{\"@type\":\"SearchAction\",\"target\":{\"@type\":\"EntryPoint\",\"urlTemplate\":\"https:\\\/\\\/www.organisator.ch\\\/?s={search_term_string}\"},\"query-input\":{\"@type\":\"PropertyValueSpecification\",\"valueRequired\":true,\"valueName\":\"search_term_string\"}}],\"inLanguage\":\"it-IT\"},{\"@type\":\"Organization\",\"@id\":\"https:\\\/\\\/www.organisator.ch\\\/#organization\",\"name\":\"Organisator\",\"url\":\"https:\\\/\\\/www.organisator.ch\\\/\",\"logo\":{\"@type\":\"ImageObject\",\"inLanguage\":\"it-IT\",\"@id\":\"https:\\\/\\\/www.organisator.ch\\\/#\\\/schema\\\/logo\\\/image\\\/\",\"url\":\"https:\\\/\\\/www.organisator.ch\\\/wp-content\\\/uploads\\\/2022\\\/01\\\/Logo_Organisator_Website.png\",\"contentUrl\":\"https:\\\/\\\/www.organisator.ch\\\/wp-content\\\/uploads\\\/2022\\\/01\\\/Logo_Organisator_Website.png\",\"width\":800,\"height\":77,\"caption\":\"Organisator\"},\"image\":{\"@id\":\"https:\\\/\\\/www.organisator.ch\\\/#\\\/schema\\\/logo\\\/image\\\/\"},\"sameAs\":[\"https:\\\/\\\/www.facebook.com\\\/OrganisatorFachmagazin\",\"https:\\\/\\\/www.linkedin.com\\\/showcase\\\/organisator-das-magazin-fr-kmu\",\"https:\\\/\\\/www.xing.com\\\/news\\\/pages\\\/organisator-ch-695\",\"https:\\\/\\\/www.youtube.com\\\/channel\\\/UCGP2Sq0iWaZwT3BdIAQFYpw\"]},{\"@type\":\"Person\",\"@id\":\"https:\\\/\\\/www.organisator.ch\\\/#\\\/schema\\\/person\\\/4e51799071cd2dd1232ac003643ef5f0\",\"name\":\"galledia\",\"image\":{\"@type\":\"ImageObject\",\"inLanguage\":\"it-IT\",\"@id\":\"https:\\\/\\\/secure.gravatar.com\\\/avatar\\\/78a7f90c01fc2bfc875782a0d4922b37cde2cf184ce347b91316d23cd7f69a36?s=96&d=mm&r=g\",\"url\":\"https:\\\/\\\/secure.gravatar.com\\\/avatar\\\/78a7f90c01fc2bfc875782a0d4922b37cde2cf184ce347b91316d23cd7f69a36?s=96&d=mm&r=g\",\"contentUrl\":\"https:\\\/\\\/secure.gravatar.com\\\/avatar\\\/78a7f90c01fc2bfc875782a0d4922b37cde2cf184ce347b91316d23cd7f69a36?s=96&d=mm&r=g\",\"caption\":\"galledia\"},\"sameAs\":[\"https:\\\/\\\/x.com\\\/admin\"],\"url\":\"https:\\\/\\\/www.organisator.ch\\\/it\\\/author\\\/galledia\\\/\"}]}<\/script>\n<!-- \/ Yoast SEO plugin. -->","yoast_head_json":{"title":"L'Associazione per la comunicazione di crisi accoglie tre nuovi membri del consiglio direttivo - Organizzatore","description":"VKK: Eckhard Baschek, Claudia Jenni e Roger Huber nel Consiglio di amministrazione. Rafforzamento e obiettivi della comunicazione di crisi.","robots":{"index":"index","follow":"follow","max-snippet":"max-snippet:-1","max-image-preview":"max-image-preview:large","max-video-preview":"max-video-preview:-1"},"canonical":"https:\/\/www.organisator.ch\/it\/eccellenza-operativa\/2023-03-10\/verband-krisenkommunikation-begruesst-drei-neue-vorstandsmitglieder\/","og_locale":"it_IT","og_type":"article","og_title":"Verband Krisenkommunikation begr\u00fcsst drei neue Vorstandsmitglieder - Organisator","og_description":"VKK: Eckhard Baschek, Claudia Jenni und Roger Huber im Vorstand. Verst\u00e4rkung und Ziele der Krisenkommunikation.","og_url":"https:\/\/www.organisator.ch\/it\/eccellenza-operativa\/2023-03-10\/verband-krisenkommunikation-begruesst-drei-neue-vorstandsmitglieder\/","og_site_name":"Organisator","article_publisher":"https:\/\/www.facebook.com\/OrganisatorFachmagazin","article_published_time":"2023-03-10T07:05:54+00:00","article_modified_time":"2024-11-18T08:35:32+00:00","author":"galledia","twitter_card":"summary_large_image","twitter_creator":"@admin","schema":{"@context":"https:\/\/schema.org","@graph":[{"@type":"Article","@id":"https:\/\/www.organisator.ch\/operational-excellence\/2023-03-10\/verband-krisenkommunikation-begruesst-drei-neue-vorstandsmitglieder\/#article","isPartOf":{"@id":"https:\/\/www.organisator.ch\/operational-excellence\/2023-03-10\/verband-krisenkommunikation-begruesst-drei-neue-vorstandsmitglieder\/"},"author":{"name":"galledia","@id":"https:\/\/www.organisator.ch\/#\/schema\/person\/4e51799071cd2dd1232ac003643ef5f0"},"headline":"Verband Krisenkommunikation begr\u00fcsst drei neue Vorstandsmitglieder","datePublished":"2023-03-10T07:05:54+00:00","dateModified":"2024-11-18T08:35:32+00:00","mainEntityOfPage":{"@id":"https:\/\/www.organisator.ch\/operational-excellence\/2023-03-10\/verband-krisenkommunikation-begruesst-drei-neue-vorstandsmitglieder\/"},"wordCount":573,"publisher":{"@id":"https:\/\/www.organisator.ch\/#organization"},"image":{"@id":"https:\/\/www.organisator.ch\/operational-excellence\/2023-03-10\/verband-krisenkommunikation-begruesst-drei-neue-vorstandsmitglieder\/#primaryimage"},"thumbnailUrl":"https:\/\/www.m-q.ch\/wp-content\/uploads\/2023\/03\/Verband-Krisenkommunikation-begruesst-drei-neue-Vorstandsmitglieder_MQ.jpg","keywords":["Krisenkommunikation"],"articleSection":["OPERATIONAL EXCELLENCE"],"inLanguage":"it-IT"},{"@type":"WebPage","@id":"https:\/\/www.organisator.ch\/operational-excellence\/2023-03-10\/verband-krisenkommunikation-begruesst-drei-neue-vorstandsmitglieder\/","url":"https:\/\/www.organisator.ch\/operational-excellence\/2023-03-10\/verband-krisenkommunikation-begruesst-drei-neue-vorstandsmitglieder\/","name":"L'Associazione per la comunicazione di crisi accoglie tre nuovi membri del consiglio direttivo - Organizzatore","isPartOf":{"@id":"https:\/\/www.organisator.ch\/#website"},"primaryImageOfPage":{"@id":"https:\/\/www.organisator.ch\/operational-excellence\/2023-03-10\/verband-krisenkommunikation-begruesst-drei-neue-vorstandsmitglieder\/#primaryimage"},"image":{"@id":"https:\/\/www.organisator.ch\/operational-excellence\/2023-03-10\/verband-krisenkommunikation-begruesst-drei-neue-vorstandsmitglieder\/#primaryimage"},"thumbnailUrl":"https:\/\/www.m-q.ch\/wp-content\/uploads\/2023\/03\/Verband-Krisenkommunikation-begruesst-drei-neue-Vorstandsmitglieder_MQ.jpg","datePublished":"2023-03-10T07:05:54+00:00","dateModified":"2024-11-18T08:35:32+00:00","description":"VKK: Eckhard Baschek, Claudia Jenni e Roger Huber nel Consiglio di amministrazione. Rafforzamento e obiettivi della comunicazione di crisi.","breadcrumb":{"@id":"https:\/\/www.organisator.ch\/operational-excellence\/2023-03-10\/verband-krisenkommunikation-begruesst-drei-neue-vorstandsmitglieder\/#breadcrumb"},"inLanguage":"it-IT","potentialAction":[{"@type":"ReadAction","target":["https:\/\/www.organisator.ch\/operational-excellence\/2023-03-10\/verband-krisenkommunikation-begruesst-drei-neue-vorstandsmitglieder\/"]}]},{"@type":"ImageObject","inLanguage":"it-IT","@id":"https:\/\/www.organisator.ch\/operational-excellence\/2023-03-10\/verband-krisenkommunikation-begruesst-drei-neue-vorstandsmitglieder\/#primaryimage","url":"https:\/\/www.m-q.ch\/wp-content\/uploads\/2023\/03\/Verband-Krisenkommunikation-begruesst-drei-neue-Vorstandsmitglieder_MQ.jpg","contentUrl":"https:\/\/www.m-q.ch\/wp-content\/uploads\/2023\/03\/Verband-Krisenkommunikation-begruesst-drei-neue-Vorstandsmitglieder_MQ.jpg"},{"@type":"BreadcrumbList","@id":"https:\/\/www.organisator.ch\/operational-excellence\/2023-03-10\/verband-krisenkommunikation-begruesst-drei-neue-vorstandsmitglieder\/#breadcrumb","itemListElement":[{"@type":"ListItem","position":1,"name":"Home","item":"https:\/\/www.organisator.ch\/"},{"@type":"ListItem","position":2,"name":"Verband Krisenkommunikation begr\u00fcsst drei neue Vorstandsmitglieder"}]},{"@type":"WebSite","@id":"https:\/\/www.organisator.ch\/#website","url":"https:\/\/www.organisator.ch\/","name":"Organizzatore","description":"Competente. Pratico. In 10 numeri all'anno, ORGANISATOR presenta i temi essenziali per i manager delle PMI.","publisher":{"@id":"https:\/\/www.organisator.ch\/#organization"},"potentialAction":[{"@type":"SearchAction","target":{"@type":"EntryPoint","urlTemplate":"https:\/\/www.organisator.ch\/?s={search_term_string}"},"query-input":{"@type":"PropertyValueSpecification","valueRequired":true,"valueName":"search_term_string"}}],"inLanguage":"it-IT"},{"@type":"Organization","@id":"https:\/\/www.organisator.ch\/#organization","name":"Organizzatore","url":"https:\/\/www.organisator.ch\/","logo":{"@type":"ImageObject","inLanguage":"it-IT","@id":"https:\/\/www.organisator.ch\/#\/schema\/logo\/image\/","url":"https:\/\/www.organisator.ch\/wp-content\/uploads\/2022\/01\/Logo_Organisator_Website.png","contentUrl":"https:\/\/www.organisator.ch\/wp-content\/uploads\/2022\/01\/Logo_Organisator_Website.png","width":800,"height":77,"caption":"Organisator"},"image":{"@id":"https:\/\/www.organisator.ch\/#\/schema\/logo\/image\/"},"sameAs":["https:\/\/www.facebook.com\/OrganisatorFachmagazin","https:\/\/www.linkedin.com\/showcase\/organisator-das-magazin-fr-kmu","https:\/\/www.xing.com\/news\/pages\/organisator-ch-695","https:\/\/www.youtube.com\/channel\/UCGP2Sq0iWaZwT3BdIAQFYpw"]},{"@type":"Person","@id":"https:\/\/www.organisator.ch\/#\/schema\/person\/4e51799071cd2dd1232ac003643ef5f0","name":"galledia","image":{"@type":"ImageObject","inLanguage":"it-IT","@id":"https:\/\/secure.gravatar.com\/avatar\/78a7f90c01fc2bfc875782a0d4922b37cde2cf184ce347b91316d23cd7f69a36?s=96&d=mm&r=g","url":"https:\/\/secure.gravatar.com\/avatar\/78a7f90c01fc2bfc875782a0d4922b37cde2cf184ce347b91316d23cd7f69a36?s=96&d=mm&r=g","contentUrl":"https:\/\/secure.gravatar.com\/avatar\/78a7f90c01fc2bfc875782a0d4922b37cde2cf184ce347b91316d23cd7f69a36?s=96&d=mm&r=g","caption":"galledia"},"sameAs":["https:\/\/x.com\/admin"],"url":"https:\/\/www.organisator.ch\/it\/author\/galledia\/"}]}},"_links":{"self":[{"href":"https:\/\/www.organisator.ch\/it\/wp-json\/wp\/v2\/posts\/19250","targetHints":{"allow":["GET"]}}],"collection":[{"href":"https:\/\/www.organisator.ch\/it\/wp-json\/wp\/v2\/posts"}],"about":[{"href":"https:\/\/www.organisator.ch\/it\/wp-json\/wp\/v2\/types\/post"}],"author":[{"embeddable":true,"href":"https:\/\/www.organisator.ch\/it\/wp-json\/wp\/v2\/users\/8"}],"replies":[{"embeddable":true,"href":"https:\/\/www.organisator.ch\/it\/wp-json\/wp\/v2\/comments?post=19250"}],"version-history":[{"count":4,"href":"https:\/\/www.organisator.ch\/it\/wp-json\/wp\/v2\/posts\/19250\/revisions"}],"predecessor-version":[{"id":33329,"href":"https:\/\/www.organisator.ch\/it\/wp-json\/wp\/v2\/posts\/19250\/revisions\/33329"}],"wp:attachment":[{"href":"https:\/\/www.organisator.ch\/it\/wp-json\/wp\/v2\/media?parent=19250"}],"wp:term":[{"taxonomy":"category","embeddable":true,"href":"https:\/\/www.organisator.ch\/it\/wp-json\/wp\/v2\/categories?post=19250"},{"taxonomy":"post_tag","embeddable":true,"href":"https:\/\/www.organisator.ch\/it\/wp-json\/wp\/v2\/tags?post=19250"}],"curies":[{"name":"wp","href":"https:\/\/api.w.org\/{rel}","templated":true}]}}