{"id":19325,"date":"2023-03-20T15:03:55","date_gmt":"2023-03-20T14:03:55","guid":{"rendered":"https:\/\/www.organisator.ch\/?p=19325"},"modified":"2023-03-20T15:03:55","modified_gmt":"2023-03-20T14:03:55","slug":"bechtle-schweiz-ag-verstaerkt-management","status":"publish","type":"post","link":"https:\/\/www.organisator.ch\/it\/management\/2023-03-20\/bechtle-schweiz-ag-verstaerkt-management\/","title":{"rendered":"Bechtle Schweiz AG rafforza il management"},"content":{"rendered":"<figure id=\"attachment_19326\" aria-describedby=\"caption-attachment-19326\" style=\"width: 680px\" class=\"wp-caption alignnone\"><img loading=\"lazy\" decoding=\"async\" class=\"size-full wp-image-19326\" src=\"https:\/\/www.organisator.ch\/wp-content\/uploads\/2023\/03\/Bechtle-Schweiz-AG-verstaerkt-Management_Organisator.jpg\" alt=\"\" width=\"680\" height=\"458\" srcset=\"https:\/\/www.organisator.ch\/wp-content\/uploads\/2023\/03\/Bechtle-Schweiz-AG-verstaerkt-Management_Organisator.jpg 680w, https:\/\/www.organisator.ch\/wp-content\/uploads\/2023\/03\/Bechtle-Schweiz-AG-verstaerkt-Management_Organisator-18x12.jpg 18w, https:\/\/www.organisator.ch\/wp-content\/uploads\/2023\/03\/Bechtle-Schweiz-AG-verstaerkt-Management_Organisator-375x253.jpg 375w, https:\/\/www.organisator.ch\/wp-content\/uploads\/2023\/03\/Bechtle-Schweiz-AG-verstaerkt-Management_Organisator-520x350.jpg 520w\" sizes=\"auto, (max-width: 680px) 100vw, 680px\" \/><figcaption id=\"caption-attachment-19326\" class=\"wp-caption-text\">Il team di gestione allargato di Bechtle Svizzera (da sinistra a destra): Patrick Fischbacher, Kerstin Friedlich, Christian Speck, Christoph Kleinsorg. (Immagine: zVg \/ Bechtle)<\/figcaption><\/figure>\n<p>Nell'anno record 2022, l'azienda IT Bechtle Schweiz AG ha registrato un'impressionante crescita organica di oltre 17 %. Per garantire questo successo negli anni a venire, l'amministratore delegato Christian Speck delega diversi compiti a un team di gestione composto da Patrick Fischbacher, responsabile delle vendite, Kerstin Friedlin, responsabile delle finanze e dell'amministrazione, e Christoph Kleinsorg, responsabile dei servizi e dei servizi IT.<\/p>\n<h3>Supporto pi\u00f9 ampio per la gestione<\/h3>\n<p>Patrick Fischbacher \u00e8 gi\u00e0 responsabile delle vendite in tutte le regioni della Svizzera tedesca dal maggio 2022. L'inclusione nel nuovo Consiglio di Amministrazione significa che le diverse esigenze dei clienti di Bechtle Schweiz AG sono rappresentate in modo ottimale e saranno quindi ancora pi\u00f9 strettamente coinvolte in tutte le decisioni, secondo la dichiarazione.<\/p>\n<p>Kerstin Friedlin \u00e8 entrata in azienda il 1\u00b0 novembre 2022 ed \u00e8 responsabile delle finanze e dell'amministrazione. \"Kerstin Friedlin ha un'ottima conoscenza del settore e del mercato, nonch\u00e9 delle diverse aree di attivit\u00e0 della nostra azienda. Sono quindi molto lieto di poter occupare questa nuova e importante posizione con una collega cos\u00ec esperta e competente\", spiega Christian Speck, amministratore delegato di Bechtle Schweiz AG.<\/p>\n<p>Infine, Christoph Kleinsorg ha iniziato a ricoprire il ruolo di responsabile dei servizi e dei servizi IT il 1\u00b0 febbraio 2023. Secondo Bechtle Svizzera, la sua presenza nel Consiglio di amministrazione riflette l'importanza centrale della qualit\u00e0 delle soluzioni e dei servizi per i clienti Bechtle. Christian Speck afferma: \"Questo dimostra il nostro impegno ad allineare sempre meglio la nostra offerta alle esigenze dei nostri clienti. Sono convinto che Christoph Kleinsorg svolger\u00e0 questi compiti in modo eccellente con il suo know-how e la sua personalit\u00e0\".<\/p>\n<h3><strong>Tempo per altri compiti importanti<\/strong><\/h3>\n<p>Grazie al rafforzamento del team di gestione, Christian Speck \u00e8 in grado di dedicarsi in via prioritaria all'orientamento strategico dell'azienda e allo sviluppo di innovazioni. A tal fine, sono fondamentali dipendenti impegnati e ben formati che lavorano alle soluzioni insieme ai clienti. \"In futuro mi concentrer\u00f2 ancora di pi\u00f9 sulla formazione della nostra cultura aziendale, che mi sta molto a cuore\", spiega Christian Speck. \"I nostri dipendenti sono il nostro bene pi\u00f9 prezioso e solo insieme a loro potremo raggiungere i nostri ambiziosi obiettivi\".<\/p>\n<p><a href=\"http:\/\/www.bechtle.ch\"><em>Fonte e ulteriori informazioni<\/em><\/a><\/p>","protected":false},"excerpt":{"rendered":"<p>Im Rekordjahr 2022 verzeichnete das IT-Unternehmen Bechtle Schweiz AG ein beeindruckendes organisches Wachstum von \u00fcber 17 %. Um diesen Erfolg auch in den n\u00e4chsten Jahren sicherzustellen, delegiert Gesch\u00e4ftsf\u00fchrer Christian Speck diverse Aufgaben an ein Management-Team bestehend aus Patrick Fischbacher, Leiter Verkauf, Kerstin Friedlin, Leiterin Finanzen &amp; Administration, sowie Christoph Kleinsorg, Leiter Dienstleistungen &amp; IT-Services. Management [&hellip;]<\/p>\n","protected":false},"author":4,"featured_media":19326,"comment_status":"closed","ping_status":"closed","sticky":false,"template":"","format":"standard","meta":{"_acf_changed":false,"_yoast_wpseo_focuskw":"Bechtle Schweiz","_yoast_wpseo_metadesc":"Christian Speck, Gesch\u00e4ftsf\u00fchrer der Bechtle Schweiz AG, \u00fcbergibt verschiedene Aufgaben an ein neu aufgestelltes Management-Board.","articlekey":"","footnotes":""},"categories":[28],"tags":[286,335,381,492],"class_list":["post-19325","post","type-post","status-publish","format-standard","has-post-thumbnail","hentry","category-management","tag-it","tag-management-und-unternehmensfuehrung","tag-personalia","tag-unternehmen"],"acf":[],"yoast_head":"<!-- This site is optimized with the Yoast SEO plugin v27.5 - https:\/\/yoast.com\/product\/yoast-seo-wordpress\/ -->\n<title>Bechtle Schweiz AG verst\u00e4rkt Management - Organisator<\/title>\n<meta name=\"description\" content=\"Christian Speck, Gesch\u00e4ftsf\u00fchrer der Bechtle Schweiz AG, \u00fcbergibt verschiedene Aufgaben an ein neu aufgestelltes Management-Board.\" \/>\n<meta name=\"robots\" content=\"index, follow, max-snippet:-1, max-image-preview:large, max-video-preview:-1\" \/>\n<link rel=\"canonical\" href=\"https:\/\/www.organisator.ch\/it\/gestione-2\/2023-03-20\/bechtle-schweiz-ag-verstaerkt-management\/\" \/>\n<meta property=\"og:locale\" content=\"it_IT\" \/>\n<meta property=\"og:type\" content=\"article\" \/>\n<meta property=\"og:title\" content=\"Bechtle Schweiz AG verst\u00e4rkt Management\" \/>\n<meta property=\"og:description\" content=\"Christian Speck, Gesch\u00e4ftsf\u00fchrer der Bechtle Schweiz AG, \u00fcbergibt verschiedene Aufgaben an ein neu aufgestelltes Management-Board.\" \/>\n<meta property=\"og:url\" content=\"https:\/\/www.organisator.ch\/it\/gestione-2\/2023-03-20\/bechtle-schweiz-ag-verstaerkt-management\/\" \/>\n<meta property=\"og:site_name\" content=\"Organisator\" \/>\n<meta property=\"article:publisher\" content=\"https:\/\/www.facebook.com\/OrganisatorFachmagazin\" \/>\n<meta property=\"article:published_time\" content=\"2023-03-20T14:03:55+00:00\" \/>\n<meta property=\"og:image\" content=\"https:\/\/www.organisator.ch\/wp-content\/uploads\/2023\/03\/Bechtle-Schweiz-AG-verstaerkt-Management_Organisator.jpg\" \/>\n\t<meta property=\"og:image:width\" content=\"680\" \/>\n\t<meta property=\"og:image:height\" content=\"458\" \/>\n\t<meta property=\"og:image:type\" content=\"image\/jpeg\" \/>\n<meta name=\"author\" content=\"thomas.berner\" \/>\n<meta name=\"twitter:card\" content=\"summary_large_image\" \/>\n<meta name=\"twitter:title\" content=\"#Bechtle Schweiz AG verst\u00e4rkt Management\" \/>\n<meta name=\"twitter:description\" content=\"Christian Speck, Gesch\u00e4ftsf\u00fchrer der #Bechtle Schweiz AG, \u00fcbergibt verschiedene Aufgaben an ein neu aufgestelltes Management-Board.\" \/>\n<meta name=\"twitter:image\" content=\"https:\/\/www.organisator.ch\/wp-content\/uploads\/2023\/03\/Bechtle-Schweiz-AG-verstaerkt-Management_Organisator.jpg\" \/>\n<script type=\"application\/ld+json\" class=\"yoast-schema-graph\">{\"@context\":\"https:\\\/\\\/schema.org\",\"@graph\":[{\"@type\":\"Article\",\"@id\":\"https:\\\/\\\/www.organisator.ch\\\/management\\\/2023-03-20\\\/bechtle-schweiz-ag-verstaerkt-management\\\/#article\",\"isPartOf\":{\"@id\":\"https:\\\/\\\/www.organisator.ch\\\/management\\\/2023-03-20\\\/bechtle-schweiz-ag-verstaerkt-management\\\/\"},\"author\":{\"name\":\"thomas.berner\",\"@id\":\"https:\\\/\\\/www.organisator.ch\\\/#\\\/schema\\\/person\\\/6f650f90b2842cd4c0cc334b4e36f67e\"},\"headline\":\"Bechtle Schweiz AG verst\u00e4rkt Management\",\"datePublished\":\"2023-03-20T14:03:55+00:00\",\"mainEntityOfPage\":{\"@id\":\"https:\\\/\\\/www.organisator.ch\\\/management\\\/2023-03-20\\\/bechtle-schweiz-ag-verstaerkt-management\\\/\"},\"wordCount\":383,\"publisher\":{\"@id\":\"https:\\\/\\\/www.organisator.ch\\\/#organization\"},\"image\":{\"@id\":\"https:\\\/\\\/www.organisator.ch\\\/management\\\/2023-03-20\\\/bechtle-schweiz-ag-verstaerkt-management\\\/#primaryimage\"},\"thumbnailUrl\":\"https:\\\/\\\/www.organisator.ch\\\/wp-content\\\/uploads\\\/2023\\\/03\\\/Bechtle-Schweiz-AG-verstaerkt-Management_Organisator.jpg\",\"keywords\":[\"IT\",\"Management und Unternehmensf\u00fchrung\",\"Personalia\",\"Unternehmen\"],\"articleSection\":[\"MANAGEMENT\"],\"inLanguage\":\"it-IT\"},{\"@type\":\"WebPage\",\"@id\":\"https:\\\/\\\/www.organisator.ch\\\/management\\\/2023-03-20\\\/bechtle-schweiz-ag-verstaerkt-management\\\/\",\"url\":\"https:\\\/\\\/www.organisator.ch\\\/management\\\/2023-03-20\\\/bechtle-schweiz-ag-verstaerkt-management\\\/\",\"name\":\"Bechtle Schweiz AG verst\u00e4rkt Management - Organisator\",\"isPartOf\":{\"@id\":\"https:\\\/\\\/www.organisator.ch\\\/#website\"},\"primaryImageOfPage\":{\"@id\":\"https:\\\/\\\/www.organisator.ch\\\/management\\\/2023-03-20\\\/bechtle-schweiz-ag-verstaerkt-management\\\/#primaryimage\"},\"image\":{\"@id\":\"https:\\\/\\\/www.organisator.ch\\\/management\\\/2023-03-20\\\/bechtle-schweiz-ag-verstaerkt-management\\\/#primaryimage\"},\"thumbnailUrl\":\"https:\\\/\\\/www.organisator.ch\\\/wp-content\\\/uploads\\\/2023\\\/03\\\/Bechtle-Schweiz-AG-verstaerkt-Management_Organisator.jpg\",\"datePublished\":\"2023-03-20T14:03:55+00:00\",\"description\":\"Christian Speck, Gesch\u00e4ftsf\u00fchrer der Bechtle Schweiz AG, \u00fcbergibt verschiedene Aufgaben an ein neu aufgestelltes Management-Board.\",\"breadcrumb\":{\"@id\":\"https:\\\/\\\/www.organisator.ch\\\/management\\\/2023-03-20\\\/bechtle-schweiz-ag-verstaerkt-management\\\/#breadcrumb\"},\"inLanguage\":\"it-IT\",\"potentialAction\":[{\"@type\":\"ReadAction\",\"target\":[\"https:\\\/\\\/www.organisator.ch\\\/management\\\/2023-03-20\\\/bechtle-schweiz-ag-verstaerkt-management\\\/\"]}]},{\"@type\":\"ImageObject\",\"inLanguage\":\"it-IT\",\"@id\":\"https:\\\/\\\/www.organisator.ch\\\/management\\\/2023-03-20\\\/bechtle-schweiz-ag-verstaerkt-management\\\/#primaryimage\",\"url\":\"https:\\\/\\\/www.organisator.ch\\\/wp-content\\\/uploads\\\/2023\\\/03\\\/Bechtle-Schweiz-AG-verstaerkt-Management_Organisator.jpg\",\"contentUrl\":\"https:\\\/\\\/www.organisator.ch\\\/wp-content\\\/uploads\\\/2023\\\/03\\\/Bechtle-Schweiz-AG-verstaerkt-Management_Organisator.jpg\",\"width\":680,\"height\":458,\"caption\":\"Das erweiterte Management-Team von Bechtle Schweiz (v.l.n.r.): Patrick Fischbacher, Kerstin Friedlich, Christian Speck, Christoph Kleinsorg. (Bild: zVg \\\/ Bechtle)\"},{\"@type\":\"BreadcrumbList\",\"@id\":\"https:\\\/\\\/www.organisator.ch\\\/management\\\/2023-03-20\\\/bechtle-schweiz-ag-verstaerkt-management\\\/#breadcrumb\",\"itemListElement\":[{\"@type\":\"ListItem\",\"position\":1,\"name\":\"Home\",\"item\":\"https:\\\/\\\/www.organisator.ch\\\/\"},{\"@type\":\"ListItem\",\"position\":2,\"name\":\"Bechtle Schweiz AG verst\u00e4rkt Management\"}]},{\"@type\":\"WebSite\",\"@id\":\"https:\\\/\\\/www.organisator.ch\\\/#website\",\"url\":\"https:\\\/\\\/www.organisator.ch\\\/\",\"name\":\"Organisator\",\"description\":\"Kompetent. Praxisnah. Der ORGANISATOR bereitet in 10 Ausgaben pro Jahr die wesentlichen Themen f\u00fcr F\u00fchrungskr\u00e4fte von KMU auf.\",\"publisher\":{\"@id\":\"https:\\\/\\\/www.organisator.ch\\\/#organization\"},\"potentialAction\":[{\"@type\":\"SearchAction\",\"target\":{\"@type\":\"EntryPoint\",\"urlTemplate\":\"https:\\\/\\\/www.organisator.ch\\\/?s={search_term_string}\"},\"query-input\":{\"@type\":\"PropertyValueSpecification\",\"valueRequired\":true,\"valueName\":\"search_term_string\"}}],\"inLanguage\":\"it-IT\"},{\"@type\":\"Organization\",\"@id\":\"https:\\\/\\\/www.organisator.ch\\\/#organization\",\"name\":\"Organisator\",\"url\":\"https:\\\/\\\/www.organisator.ch\\\/\",\"logo\":{\"@type\":\"ImageObject\",\"inLanguage\":\"it-IT\",\"@id\":\"https:\\\/\\\/www.organisator.ch\\\/#\\\/schema\\\/logo\\\/image\\\/\",\"url\":\"https:\\\/\\\/www.organisator.ch\\\/wp-content\\\/uploads\\\/2022\\\/01\\\/Logo_Organisator_Website.png\",\"contentUrl\":\"https:\\\/\\\/www.organisator.ch\\\/wp-content\\\/uploads\\\/2022\\\/01\\\/Logo_Organisator_Website.png\",\"width\":800,\"height\":77,\"caption\":\"Organisator\"},\"image\":{\"@id\":\"https:\\\/\\\/www.organisator.ch\\\/#\\\/schema\\\/logo\\\/image\\\/\"},\"sameAs\":[\"https:\\\/\\\/www.facebook.com\\\/OrganisatorFachmagazin\",\"https:\\\/\\\/www.linkedin.com\\\/showcase\\\/organisator-das-magazin-fr-kmu\",\"https:\\\/\\\/www.xing.com\\\/news\\\/pages\\\/organisator-ch-695\",\"https:\\\/\\\/www.youtube.com\\\/channel\\\/UCGP2Sq0iWaZwT3BdIAQFYpw\"]},{\"@type\":\"Person\",\"@id\":\"https:\\\/\\\/www.organisator.ch\\\/#\\\/schema\\\/person\\\/6f650f90b2842cd4c0cc334b4e36f67e\",\"name\":\"thomas.berner\",\"image\":{\"@type\":\"ImageObject\",\"inLanguage\":\"it-IT\",\"@id\":\"https:\\\/\\\/secure.gravatar.com\\\/avatar\\\/ac5001d2a36cb6c6cd3e50789007ffca834b477b74a2144564522e944eabff61?s=96&d=mm&r=g\",\"url\":\"https:\\\/\\\/secure.gravatar.com\\\/avatar\\\/ac5001d2a36cb6c6cd3e50789007ffca834b477b74a2144564522e944eabff61?s=96&d=mm&r=g\",\"contentUrl\":\"https:\\\/\\\/secure.gravatar.com\\\/avatar\\\/ac5001d2a36cb6c6cd3e50789007ffca834b477b74a2144564522e944eabff61?s=96&d=mm&r=g\",\"caption\":\"thomas.berner\"},\"url\":\"https:\\\/\\\/www.organisator.ch\\\/it\\\/author\\\/thomas-berner\\\/\"}]}<\/script>\n<!-- \/ Yoast SEO plugin. -->","yoast_head_json":{"title":"Bechtle Schweiz AG rafforza la direzione - Organizzatore","description":"Christian Speck, amministratore delegato di Bechtle Schweiz AG, affida vari compiti al nuovo consiglio di amministrazione.","robots":{"index":"index","follow":"follow","max-snippet":"max-snippet:-1","max-image-preview":"max-image-preview:large","max-video-preview":"max-video-preview:-1"},"canonical":"https:\/\/www.organisator.ch\/it\/gestione-2\/2023-03-20\/bechtle-schweiz-ag-verstaerkt-management\/","og_locale":"it_IT","og_type":"article","og_title":"Bechtle Schweiz AG verst\u00e4rkt Management","og_description":"Christian Speck, Gesch\u00e4ftsf\u00fchrer der Bechtle Schweiz AG, \u00fcbergibt verschiedene Aufgaben an ein neu aufgestelltes Management-Board.","og_url":"https:\/\/www.organisator.ch\/it\/gestione-2\/2023-03-20\/bechtle-schweiz-ag-verstaerkt-management\/","og_site_name":"Organisator","article_publisher":"https:\/\/www.facebook.com\/OrganisatorFachmagazin","article_published_time":"2023-03-20T14:03:55+00:00","og_image":[{"width":680,"height":458,"url":"https:\/\/www.organisator.ch\/wp-content\/uploads\/2023\/03\/Bechtle-Schweiz-AG-verstaerkt-Management_Organisator.jpg","type":"image\/jpeg"}],"author":"thomas.berner","twitter_card":"summary_large_image","twitter_title":"#Bechtle Schweiz AG verst\u00e4rkt Management","twitter_description":"Christian Speck, Gesch\u00e4ftsf\u00fchrer der #Bechtle Schweiz AG, \u00fcbergibt verschiedene Aufgaben an ein neu aufgestelltes Management-Board.","twitter_image":"https:\/\/www.organisator.ch\/wp-content\/uploads\/2023\/03\/Bechtle-Schweiz-AG-verstaerkt-Management_Organisator.jpg","schema":{"@context":"https:\/\/schema.org","@graph":[{"@type":"Article","@id":"https:\/\/www.organisator.ch\/management\/2023-03-20\/bechtle-schweiz-ag-verstaerkt-management\/#article","isPartOf":{"@id":"https:\/\/www.organisator.ch\/management\/2023-03-20\/bechtle-schweiz-ag-verstaerkt-management\/"},"author":{"name":"thomas.berner","@id":"https:\/\/www.organisator.ch\/#\/schema\/person\/6f650f90b2842cd4c0cc334b4e36f67e"},"headline":"Bechtle Schweiz AG verst\u00e4rkt Management","datePublished":"2023-03-20T14:03:55+00:00","mainEntityOfPage":{"@id":"https:\/\/www.organisator.ch\/management\/2023-03-20\/bechtle-schweiz-ag-verstaerkt-management\/"},"wordCount":383,"publisher":{"@id":"https:\/\/www.organisator.ch\/#organization"},"image":{"@id":"https:\/\/www.organisator.ch\/management\/2023-03-20\/bechtle-schweiz-ag-verstaerkt-management\/#primaryimage"},"thumbnailUrl":"https:\/\/www.organisator.ch\/wp-content\/uploads\/2023\/03\/Bechtle-Schweiz-AG-verstaerkt-Management_Organisator.jpg","keywords":["IT","Management und Unternehmensf\u00fchrung","Personalia","Unternehmen"],"articleSection":["MANAGEMENT"],"inLanguage":"it-IT"},{"@type":"WebPage","@id":"https:\/\/www.organisator.ch\/management\/2023-03-20\/bechtle-schweiz-ag-verstaerkt-management\/","url":"https:\/\/www.organisator.ch\/management\/2023-03-20\/bechtle-schweiz-ag-verstaerkt-management\/","name":"Bechtle Schweiz AG rafforza la direzione - Organizzatore","isPartOf":{"@id":"https:\/\/www.organisator.ch\/#website"},"primaryImageOfPage":{"@id":"https:\/\/www.organisator.ch\/management\/2023-03-20\/bechtle-schweiz-ag-verstaerkt-management\/#primaryimage"},"image":{"@id":"https:\/\/www.organisator.ch\/management\/2023-03-20\/bechtle-schweiz-ag-verstaerkt-management\/#primaryimage"},"thumbnailUrl":"https:\/\/www.organisator.ch\/wp-content\/uploads\/2023\/03\/Bechtle-Schweiz-AG-verstaerkt-Management_Organisator.jpg","datePublished":"2023-03-20T14:03:55+00:00","description":"Christian Speck, amministratore delegato di Bechtle Schweiz AG, affida vari compiti al nuovo consiglio di amministrazione.","breadcrumb":{"@id":"https:\/\/www.organisator.ch\/management\/2023-03-20\/bechtle-schweiz-ag-verstaerkt-management\/#breadcrumb"},"inLanguage":"it-IT","potentialAction":[{"@type":"ReadAction","target":["https:\/\/www.organisator.ch\/management\/2023-03-20\/bechtle-schweiz-ag-verstaerkt-management\/"]}]},{"@type":"ImageObject","inLanguage":"it-IT","@id":"https:\/\/www.organisator.ch\/management\/2023-03-20\/bechtle-schweiz-ag-verstaerkt-management\/#primaryimage","url":"https:\/\/www.organisator.ch\/wp-content\/uploads\/2023\/03\/Bechtle-Schweiz-AG-verstaerkt-Management_Organisator.jpg","contentUrl":"https:\/\/www.organisator.ch\/wp-content\/uploads\/2023\/03\/Bechtle-Schweiz-AG-verstaerkt-Management_Organisator.jpg","width":680,"height":458,"caption":"Das erweiterte Management-Team von Bechtle Schweiz (v.l.n.r.): Patrick Fischbacher, Kerstin Friedlich, Christian Speck, Christoph Kleinsorg. (Bild: zVg \/ Bechtle)"},{"@type":"BreadcrumbList","@id":"https:\/\/www.organisator.ch\/management\/2023-03-20\/bechtle-schweiz-ag-verstaerkt-management\/#breadcrumb","itemListElement":[{"@type":"ListItem","position":1,"name":"Home","item":"https:\/\/www.organisator.ch\/"},{"@type":"ListItem","position":2,"name":"Bechtle Schweiz AG verst\u00e4rkt Management"}]},{"@type":"WebSite","@id":"https:\/\/www.organisator.ch\/#website","url":"https:\/\/www.organisator.ch\/","name":"Organizzatore","description":"Competente. Pratico. In 10 numeri all'anno, ORGANISATOR presenta i temi essenziali per i manager delle PMI.","publisher":{"@id":"https:\/\/www.organisator.ch\/#organization"},"potentialAction":[{"@type":"SearchAction","target":{"@type":"EntryPoint","urlTemplate":"https:\/\/www.organisator.ch\/?s={search_term_string}"},"query-input":{"@type":"PropertyValueSpecification","valueRequired":true,"valueName":"search_term_string"}}],"inLanguage":"it-IT"},{"@type":"Organization","@id":"https:\/\/www.organisator.ch\/#organization","name":"Organizzatore","url":"https:\/\/www.organisator.ch\/","logo":{"@type":"ImageObject","inLanguage":"it-IT","@id":"https:\/\/www.organisator.ch\/#\/schema\/logo\/image\/","url":"https:\/\/www.organisator.ch\/wp-content\/uploads\/2022\/01\/Logo_Organisator_Website.png","contentUrl":"https:\/\/www.organisator.ch\/wp-content\/uploads\/2022\/01\/Logo_Organisator_Website.png","width":800,"height":77,"caption":"Organisator"},"image":{"@id":"https:\/\/www.organisator.ch\/#\/schema\/logo\/image\/"},"sameAs":["https:\/\/www.facebook.com\/OrganisatorFachmagazin","https:\/\/www.linkedin.com\/showcase\/organisator-das-magazin-fr-kmu","https:\/\/www.xing.com\/news\/pages\/organisator-ch-695","https:\/\/www.youtube.com\/channel\/UCGP2Sq0iWaZwT3BdIAQFYpw"]},{"@type":"Person","@id":"https:\/\/www.organisator.ch\/#\/schema\/person\/6f650f90b2842cd4c0cc334b4e36f67e","name":"Tommaso.berner","image":{"@type":"ImageObject","inLanguage":"it-IT","@id":"https:\/\/secure.gravatar.com\/avatar\/ac5001d2a36cb6c6cd3e50789007ffca834b477b74a2144564522e944eabff61?s=96&d=mm&r=g","url":"https:\/\/secure.gravatar.com\/avatar\/ac5001d2a36cb6c6cd3e50789007ffca834b477b74a2144564522e944eabff61?s=96&d=mm&r=g","contentUrl":"https:\/\/secure.gravatar.com\/avatar\/ac5001d2a36cb6c6cd3e50789007ffca834b477b74a2144564522e944eabff61?s=96&d=mm&r=g","caption":"thomas.berner"},"url":"https:\/\/www.organisator.ch\/it\/author\/thomas-berner\/"}]}},"_links":{"self":[{"href":"https:\/\/www.organisator.ch\/it\/wp-json\/wp\/v2\/posts\/19325","targetHints":{"allow":["GET"]}}],"collection":[{"href":"https:\/\/www.organisator.ch\/it\/wp-json\/wp\/v2\/posts"}],"about":[{"href":"https:\/\/www.organisator.ch\/it\/wp-json\/wp\/v2\/types\/post"}],"author":[{"embeddable":true,"href":"https:\/\/www.organisator.ch\/it\/wp-json\/wp\/v2\/users\/4"}],"replies":[{"embeddable":true,"href":"https:\/\/www.organisator.ch\/it\/wp-json\/wp\/v2\/comments?post=19325"}],"version-history":[{"count":1,"href":"https:\/\/www.organisator.ch\/it\/wp-json\/wp\/v2\/posts\/19325\/revisions"}],"predecessor-version":[{"id":19327,"href":"https:\/\/www.organisator.ch\/it\/wp-json\/wp\/v2\/posts\/19325\/revisions\/19327"}],"wp:featuredmedia":[{"embeddable":true,"href":"https:\/\/www.organisator.ch\/it\/wp-json\/wp\/v2\/media\/19326"}],"wp:attachment":[{"href":"https:\/\/www.organisator.ch\/it\/wp-json\/wp\/v2\/media?parent=19325"}],"wp:term":[{"taxonomy":"category","embeddable":true,"href":"https:\/\/www.organisator.ch\/it\/wp-json\/wp\/v2\/categories?post=19325"},{"taxonomy":"post_tag","embeddable":true,"href":"https:\/\/www.organisator.ch\/it\/wp-json\/wp\/v2\/tags?post=19325"}],"curies":[{"name":"wp","href":"https:\/\/api.w.org\/{rel}","templated":true}]}}