{"id":19330,"date":"2023-03-20T15:33:01","date_gmt":"2023-03-20T14:33:01","guid":{"rendered":"https:\/\/www.organisator.ch\/?p=19330"},"modified":"2023-03-20T15:33:01","modified_gmt":"2023-03-20T14:33:01","slug":"bankenkrise-schlaegt-nun-die-stunde-der-kryptowaehrungen","status":"publish","type":"post","link":"https:\/\/www.organisator.ch\/it\/management\/finanzen_recht\/2023-03-20\/bankenkrise-schlaegt-nun-die-stunde-der-kryptowaehrungen\/","title":{"rendered":"Crisi bancaria: \u00e8 l'ora delle criptovalute?"},"content":{"rendered":"<figure id=\"attachment_19331\" aria-describedby=\"caption-attachment-19331\" style=\"width: 680px\" class=\"wp-caption alignnone\"><img loading=\"lazy\" decoding=\"async\" class=\"size-full wp-image-19331\" src=\"https:\/\/www.organisator.ch\/wp-content\/uploads\/2023\/03\/Bankenkrise-Schlaegt-nun-die-Stunde-der-Kryptowaehrungen_Organisator.jpg\" alt=\"\" width=\"680\" height=\"442\" srcset=\"https:\/\/www.organisator.ch\/wp-content\/uploads\/2023\/03\/Bankenkrise-Schlaegt-nun-die-Stunde-der-Kryptowaehrungen_Organisator.jpg 680w, https:\/\/www.organisator.ch\/wp-content\/uploads\/2023\/03\/Bankenkrise-Schlaegt-nun-die-Stunde-der-Kryptowaehrungen_Organisator-18x12.jpg 18w, https:\/\/www.organisator.ch\/wp-content\/uploads\/2023\/03\/Bankenkrise-Schlaegt-nun-die-Stunde-der-Kryptowaehrungen_Organisator-375x244.jpg 375w, https:\/\/www.organisator.ch\/wp-content\/uploads\/2023\/03\/Bankenkrise-Schlaegt-nun-die-Stunde-der-Kryptowaehrungen_Organisator-538x350.jpg 538w\" sizes=\"auto, (max-width: 680px) 100vw, 680px\" \/><figcaption id=\"caption-attachment-19331\" class=\"wp-caption-text\">Secondo l'esperto di Bitcoin Pascal H\u00fcgli, la crisi bancaria potrebbe accelerare la fuga verso i criptovalori. (Immagine: zVg \/ HWZ)<\/figcaption><\/figure>\n<p>In Svizzera, il Credit Suisse ha dovuto essere fuso forzatamente con UBS, il tutto con il sostegno attivo della Banca Nazionale Svizzera. Entrambe le banche hanno accesso illimitato alle strutture della Banca Nazionale Svizzera. Per Pascal H\u00fcgli, esperto di bitcoin e docente di blockchain e criptoasset presso la HWZ, \u00e8 chiaro: \"La situazione attuale porta alla nostra attenzione: Sempre pi\u00f9 persone si stanno rendendo conto che un deposito bancario \u00e8 un prestito non garantito legato a una controparte. Da un giorno all'altro, la ricerca di alternative \u00e8 di nuovo in corso, come all'inizio della crisi finanziaria del 2008\".<\/p>\n<h3>Fuga verso il Bitcoin a causa della crisi bancaria?<\/h3>\n<p>Pascal H\u00fcgli, che oltre alla sua attivit\u00e0 di insegnante \u00e8 ora anche proprietario di <a href=\"https:\/\/www.insightdefi.com\/\" target=\"_blank\" rel=\"noopener\">Approfondimento DeFi<\/a> \u00e8 un'agenzia di contenuti e consulenza con un focus sui criptoasset, osserva inoltre che all'epoca, tuttavia, le criptovalute come il Bitcoin non esistevano. Questo non ha un rischio di controparte e pu\u00f2 essere detenuto in modo indipendente. Tuttavia, la criptovaluta digitale \u00e8 stata creata come possibile risposta solo in seguito all'ultima crisi finanziaria. Secondo l'esperto di Bitcoin, come hanno dimostrato gli ultimi giorni, la narrativa del Bitcoin come alternativa sembra stia prendendo piede.<\/p>\n<p>Ad esempio, dalle prime turbolenze che hanno coinvolto la Silicon Valley Bank poco pi\u00f9 di una settimana fa, il criptoasset \u00e8 aumentato di valore di oltre 30% rispetto al dollaro USA (al momento della pubblicazione di questo articolo, si trovava a oltre 25900 franchi, anche se con una tendenza al ribasso, ndr). L'oro si \u00e8 apprezzato di circa 6% nello stesso arco di tempo, mentre il franco svizzero si \u00e8 indebolito rispetto al dollaro USA. Quindi il Bitcoin come valuta di fuga?<\/p>\n<h3>Gli investitori vogliono alternative<\/h3>\n<p>Per H\u00fcgli, il motivo della reazione dei prezzi \u00e8 il seguente: \"Il forte aumento del Bitcoin in questo breve periodo \u00e8 probabilmente dovuto principalmente al fatto che gli investitori di Bitcoin stanno anticipando la fine del ciclo di rialzo dei tassi di interesse a causa delle circostanze\". Tuttavia, egli ritiene che gli eventi attuali legittimeranno sempre pi\u00f9 l'investimento in bitcoin nel medio-lungo termine. La gente vorr\u00e0 delle alternative e in un mondo digitale non si potr\u00e0 fare a meno del Bitcoin. H\u00fcgli percepisce questa tendenza gi\u00e0 dalle prime richieste di family office e asset manager che lo stanno contattando in questi giorni.<\/p>","protected":false},"excerpt":{"rendered":"<p>In der Schweiz musste die Credit Suisse mit der UBS zwangsfusioniert werden \u2013 alles mit der tatkr\u00e4ftigen Unterst\u00fctzung durch die Schweizerische Nationalbank. Beiden Banken wird uneingeschr\u00e4nkter Zugang zu den Einrichtungen der Schweizer Nationalbank erm\u00f6glicht. F\u00fcr Pascal H\u00fcgli, Bitcoin-Experte und Dozent \u00fcber Blockchain und Kryptoassets an der HWZ, ist klar: &#8222;Was uns die gegenw\u00e4rtige Situation vor [&hellip;]<\/p>\n","protected":false},"author":4,"featured_media":19331,"comment_status":"closed","ping_status":"closed","sticky":false,"template":"","format":"standard","meta":{"_acf_changed":false,"_yoast_wpseo_focuskw":"Bankenkrise","_yoast_wpseo_metadesc":"Auch nach der \u00dcbernahme der CS durch die UBS h\u00e4lt Bankenkrise die Welt auf Trab. Folgt nun eine Flucht in Kryptow\u00e4hrungen?","articlekey":"","footnotes":""},"categories":[24],"tags":[3682,84,201,316],"class_list":["post-19330","post","type-post","status-publish","format-standard","has-post-thumbnail","hentry","category-finanzen_recht","tag-bankenkrise","tag-bitcoins","tag-finanzen","tag-kryptowaehrung"],"acf":[],"yoast_head":"<!-- This site is optimized with the Yoast SEO plugin v27.5 - https:\/\/yoast.com\/product\/yoast-seo-wordpress\/ -->\n<title>Bankenkrise: Schl\u00e4gt nun die Stunde der Kryptow\u00e4hrungen? - Organisator<\/title>\n<meta name=\"description\" content=\"Auch nach der \u00dcbernahme der CS durch die UBS h\u00e4lt Bankenkrise die Welt auf Trab. Folgt nun eine Flucht in Kryptow\u00e4hrungen?\" \/>\n<meta name=\"robots\" content=\"index, follow, max-snippet:-1, max-image-preview:large, max-video-preview:-1\" \/>\n<link rel=\"canonical\" href=\"https:\/\/www.organisator.ch\/it\/gestione-2\/finanzen_recht\/2023-03-20\/bankenkrise-schlaegt-nun-die-stunde-der-kryptowaehrungen\/\" \/>\n<meta property=\"og:locale\" content=\"it_IT\" \/>\n<meta property=\"og:type\" content=\"article\" \/>\n<meta property=\"og:title\" content=\"Bankenkrise: Schl\u00e4gt nun die Stunde der Kryptow\u00e4hrungen?\" \/>\n<meta property=\"og:description\" content=\"Auch nach der \u00dcbernahme der CS durch die UBS h\u00e4lt Bankenkrise die Welt auf Trab. Folgt nun eine Flucht in Kryptow\u00e4hrungen?\" \/>\n<meta property=\"og:url\" content=\"https:\/\/www.organisator.ch\/it\/gestione-2\/finanzen_recht\/2023-03-20\/bankenkrise-schlaegt-nun-die-stunde-der-kryptowaehrungen\/\" \/>\n<meta property=\"og:site_name\" content=\"Organisator\" \/>\n<meta property=\"article:publisher\" content=\"https:\/\/www.facebook.com\/OrganisatorFachmagazin\" \/>\n<meta property=\"article:published_time\" content=\"2023-03-20T14:33:01+00:00\" \/>\n<meta property=\"og:image\" content=\"https:\/\/www.organisator.ch\/wp-content\/uploads\/2023\/03\/Bankenkrise-Schlaegt-nun-die-Stunde-der-Kryptowaehrungen_Organisator.jpg\" \/>\n\t<meta property=\"og:image:width\" content=\"680\" \/>\n\t<meta property=\"og:image:height\" content=\"442\" \/>\n\t<meta property=\"og:image:type\" content=\"image\/jpeg\" \/>\n<meta name=\"author\" content=\"thomas.berner\" \/>\n<meta name=\"twitter:card\" content=\"summary_large_image\" \/>\n<meta name=\"twitter:title\" content=\"#Bankenkrise: Schl\u00e4gt nun die Stunde der #Kryptow\u00e4hrungen?\" \/>\n<meta name=\"twitter:description\" content=\"Auch nach der \u00dcbernahme der #CS durch die #UBS h\u00e4lt #Bankenkrise die Welt auf Trab. Folgt nun eine Flucht in #Kryptow\u00e4hrungen?\" \/>\n<meta name=\"twitter:image\" content=\"https:\/\/www.organisator.ch\/wp-content\/uploads\/2023\/03\/Bankenkrise-Schlaegt-nun-die-Stunde-der-Kryptowaehrungen_Organisator.jpg\" \/>\n<script type=\"application\/ld+json\" class=\"yoast-schema-graph\">{\"@context\":\"https:\\\/\\\/schema.org\",\"@graph\":[{\"@type\":\"Article\",\"@id\":\"https:\\\/\\\/www.organisator.ch\\\/management\\\/finanzen_recht\\\/2023-03-20\\\/bankenkrise-schlaegt-nun-die-stunde-der-kryptowaehrungen\\\/#article\",\"isPartOf\":{\"@id\":\"https:\\\/\\\/www.organisator.ch\\\/management\\\/finanzen_recht\\\/2023-03-20\\\/bankenkrise-schlaegt-nun-die-stunde-der-kryptowaehrungen\\\/\"},\"author\":{\"name\":\"thomas.berner\",\"@id\":\"https:\\\/\\\/www.organisator.ch\\\/#\\\/schema\\\/person\\\/6f650f90b2842cd4c0cc334b4e36f67e\"},\"headline\":\"Bankenkrise: Schl\u00e4gt nun die Stunde der Kryptow\u00e4hrungen?\",\"datePublished\":\"2023-03-20T14:33:01+00:00\",\"mainEntityOfPage\":{\"@id\":\"https:\\\/\\\/www.organisator.ch\\\/management\\\/finanzen_recht\\\/2023-03-20\\\/bankenkrise-schlaegt-nun-die-stunde-der-kryptowaehrungen\\\/\"},\"wordCount\":398,\"publisher\":{\"@id\":\"https:\\\/\\\/www.organisator.ch\\\/#organization\"},\"image\":{\"@id\":\"https:\\\/\\\/www.organisator.ch\\\/management\\\/finanzen_recht\\\/2023-03-20\\\/bankenkrise-schlaegt-nun-die-stunde-der-kryptowaehrungen\\\/#primaryimage\"},\"thumbnailUrl\":\"https:\\\/\\\/www.organisator.ch\\\/wp-content\\\/uploads\\\/2023\\\/03\\\/Bankenkrise-Schlaegt-nun-die-Stunde-der-Kryptowaehrungen_Organisator.jpg\",\"keywords\":[\"Bankenkrise\",\"Bitcoins\",\"Finanzen\",\"Kryptow\u00e4hrung\"],\"articleSection\":[\"FINANZEN\\\/RECHT\"],\"inLanguage\":\"it-IT\"},{\"@type\":\"WebPage\",\"@id\":\"https:\\\/\\\/www.organisator.ch\\\/management\\\/finanzen_recht\\\/2023-03-20\\\/bankenkrise-schlaegt-nun-die-stunde-der-kryptowaehrungen\\\/\",\"url\":\"https:\\\/\\\/www.organisator.ch\\\/management\\\/finanzen_recht\\\/2023-03-20\\\/bankenkrise-schlaegt-nun-die-stunde-der-kryptowaehrungen\\\/\",\"name\":\"Bankenkrise: Schl\u00e4gt nun die Stunde der Kryptow\u00e4hrungen? - Organisator\",\"isPartOf\":{\"@id\":\"https:\\\/\\\/www.organisator.ch\\\/#website\"},\"primaryImageOfPage\":{\"@id\":\"https:\\\/\\\/www.organisator.ch\\\/management\\\/finanzen_recht\\\/2023-03-20\\\/bankenkrise-schlaegt-nun-die-stunde-der-kryptowaehrungen\\\/#primaryimage\"},\"image\":{\"@id\":\"https:\\\/\\\/www.organisator.ch\\\/management\\\/finanzen_recht\\\/2023-03-20\\\/bankenkrise-schlaegt-nun-die-stunde-der-kryptowaehrungen\\\/#primaryimage\"},\"thumbnailUrl\":\"https:\\\/\\\/www.organisator.ch\\\/wp-content\\\/uploads\\\/2023\\\/03\\\/Bankenkrise-Schlaegt-nun-die-Stunde-der-Kryptowaehrungen_Organisator.jpg\",\"datePublished\":\"2023-03-20T14:33:01+00:00\",\"description\":\"Auch nach der \u00dcbernahme der CS durch die UBS h\u00e4lt Bankenkrise die Welt auf Trab. Folgt nun eine Flucht in Kryptow\u00e4hrungen?\",\"breadcrumb\":{\"@id\":\"https:\\\/\\\/www.organisator.ch\\\/management\\\/finanzen_recht\\\/2023-03-20\\\/bankenkrise-schlaegt-nun-die-stunde-der-kryptowaehrungen\\\/#breadcrumb\"},\"inLanguage\":\"it-IT\",\"potentialAction\":[{\"@type\":\"ReadAction\",\"target\":[\"https:\\\/\\\/www.organisator.ch\\\/management\\\/finanzen_recht\\\/2023-03-20\\\/bankenkrise-schlaegt-nun-die-stunde-der-kryptowaehrungen\\\/\"]}]},{\"@type\":\"ImageObject\",\"inLanguage\":\"it-IT\",\"@id\":\"https:\\\/\\\/www.organisator.ch\\\/management\\\/finanzen_recht\\\/2023-03-20\\\/bankenkrise-schlaegt-nun-die-stunde-der-kryptowaehrungen\\\/#primaryimage\",\"url\":\"https:\\\/\\\/www.organisator.ch\\\/wp-content\\\/uploads\\\/2023\\\/03\\\/Bankenkrise-Schlaegt-nun-die-Stunde-der-Kryptowaehrungen_Organisator.jpg\",\"contentUrl\":\"https:\\\/\\\/www.organisator.ch\\\/wp-content\\\/uploads\\\/2023\\\/03\\\/Bankenkrise-Schlaegt-nun-die-Stunde-der-Kryptowaehrungen_Organisator.jpg\",\"width\":680,\"height\":442,\"caption\":\"Laut Bitcoin-Experte Pascal H\u00fcgli k\u00f6nnte die Bankenkrise eine Flucht in Krypoassets beschleunigen. (Bild: zVg \\\/ HWZ)\"},{\"@type\":\"BreadcrumbList\",\"@id\":\"https:\\\/\\\/www.organisator.ch\\\/management\\\/finanzen_recht\\\/2023-03-20\\\/bankenkrise-schlaegt-nun-die-stunde-der-kryptowaehrungen\\\/#breadcrumb\",\"itemListElement\":[{\"@type\":\"ListItem\",\"position\":1,\"name\":\"Home\",\"item\":\"https:\\\/\\\/www.organisator.ch\\\/\"},{\"@type\":\"ListItem\",\"position\":2,\"name\":\"Bankenkrise: Schl\u00e4gt nun die Stunde der Kryptow\u00e4hrungen?\"}]},{\"@type\":\"WebSite\",\"@id\":\"https:\\\/\\\/www.organisator.ch\\\/#website\",\"url\":\"https:\\\/\\\/www.organisator.ch\\\/\",\"name\":\"Organisator\",\"description\":\"Kompetent. Praxisnah. Der ORGANISATOR bereitet in 10 Ausgaben pro Jahr die wesentlichen Themen f\u00fcr F\u00fchrungskr\u00e4fte von KMU auf.\",\"publisher\":{\"@id\":\"https:\\\/\\\/www.organisator.ch\\\/#organization\"},\"potentialAction\":[{\"@type\":\"SearchAction\",\"target\":{\"@type\":\"EntryPoint\",\"urlTemplate\":\"https:\\\/\\\/www.organisator.ch\\\/?s={search_term_string}\"},\"query-input\":{\"@type\":\"PropertyValueSpecification\",\"valueRequired\":true,\"valueName\":\"search_term_string\"}}],\"inLanguage\":\"it-IT\"},{\"@type\":\"Organization\",\"@id\":\"https:\\\/\\\/www.organisator.ch\\\/#organization\",\"name\":\"Organisator\",\"url\":\"https:\\\/\\\/www.organisator.ch\\\/\",\"logo\":{\"@type\":\"ImageObject\",\"inLanguage\":\"it-IT\",\"@id\":\"https:\\\/\\\/www.organisator.ch\\\/#\\\/schema\\\/logo\\\/image\\\/\",\"url\":\"https:\\\/\\\/www.organisator.ch\\\/wp-content\\\/uploads\\\/2022\\\/01\\\/Logo_Organisator_Website.png\",\"contentUrl\":\"https:\\\/\\\/www.organisator.ch\\\/wp-content\\\/uploads\\\/2022\\\/01\\\/Logo_Organisator_Website.png\",\"width\":800,\"height\":77,\"caption\":\"Organisator\"},\"image\":{\"@id\":\"https:\\\/\\\/www.organisator.ch\\\/#\\\/schema\\\/logo\\\/image\\\/\"},\"sameAs\":[\"https:\\\/\\\/www.facebook.com\\\/OrganisatorFachmagazin\",\"https:\\\/\\\/www.linkedin.com\\\/showcase\\\/organisator-das-magazin-fr-kmu\",\"https:\\\/\\\/www.xing.com\\\/news\\\/pages\\\/organisator-ch-695\",\"https:\\\/\\\/www.youtube.com\\\/channel\\\/UCGP2Sq0iWaZwT3BdIAQFYpw\"]},{\"@type\":\"Person\",\"@id\":\"https:\\\/\\\/www.organisator.ch\\\/#\\\/schema\\\/person\\\/6f650f90b2842cd4c0cc334b4e36f67e\",\"name\":\"thomas.berner\",\"image\":{\"@type\":\"ImageObject\",\"inLanguage\":\"it-IT\",\"@id\":\"https:\\\/\\\/secure.gravatar.com\\\/avatar\\\/ac5001d2a36cb6c6cd3e50789007ffca834b477b74a2144564522e944eabff61?s=96&d=mm&r=g\",\"url\":\"https:\\\/\\\/secure.gravatar.com\\\/avatar\\\/ac5001d2a36cb6c6cd3e50789007ffca834b477b74a2144564522e944eabff61?s=96&d=mm&r=g\",\"contentUrl\":\"https:\\\/\\\/secure.gravatar.com\\\/avatar\\\/ac5001d2a36cb6c6cd3e50789007ffca834b477b74a2144564522e944eabff61?s=96&d=mm&r=g\",\"caption\":\"thomas.berner\"},\"url\":\"https:\\\/\\\/www.organisator.ch\\\/it\\\/author\\\/thomas-berner\\\/\"}]}<\/script>\n<!-- \/ Yoast SEO plugin. -->","yoast_head_json":{"title":"Crisi bancaria: \u00e8 l'ora delle criptovalute? - Organizzatore","description":"Anche dopo l'acquisizione di CS da parte di UBS, la crisi bancaria tiene il mondo con il fiato sospeso. Seguir\u00e0 ora una fuga verso le criptovalute?","robots":{"index":"index","follow":"follow","max-snippet":"max-snippet:-1","max-image-preview":"max-image-preview:large","max-video-preview":"max-video-preview:-1"},"canonical":"https:\/\/www.organisator.ch\/it\/gestione-2\/finanzen_recht\/2023-03-20\/bankenkrise-schlaegt-nun-die-stunde-der-kryptowaehrungen\/","og_locale":"it_IT","og_type":"article","og_title":"Bankenkrise: Schl\u00e4gt nun die Stunde der Kryptow\u00e4hrungen?","og_description":"Auch nach der \u00dcbernahme der CS durch die UBS h\u00e4lt Bankenkrise die Welt auf Trab. Folgt nun eine Flucht in Kryptow\u00e4hrungen?","og_url":"https:\/\/www.organisator.ch\/it\/gestione-2\/finanzen_recht\/2023-03-20\/bankenkrise-schlaegt-nun-die-stunde-der-kryptowaehrungen\/","og_site_name":"Organisator","article_publisher":"https:\/\/www.facebook.com\/OrganisatorFachmagazin","article_published_time":"2023-03-20T14:33:01+00:00","og_image":[{"width":680,"height":442,"url":"https:\/\/www.organisator.ch\/wp-content\/uploads\/2023\/03\/Bankenkrise-Schlaegt-nun-die-Stunde-der-Kryptowaehrungen_Organisator.jpg","type":"image\/jpeg"}],"author":"thomas.berner","twitter_card":"summary_large_image","twitter_title":"#Bankenkrise: Schl\u00e4gt nun die Stunde der #Kryptow\u00e4hrungen?","twitter_description":"Auch nach der \u00dcbernahme der #CS durch die #UBS h\u00e4lt #Bankenkrise die Welt auf Trab. Folgt nun eine Flucht in #Kryptow\u00e4hrungen?","twitter_image":"https:\/\/www.organisator.ch\/wp-content\/uploads\/2023\/03\/Bankenkrise-Schlaegt-nun-die-Stunde-der-Kryptowaehrungen_Organisator.jpg","schema":{"@context":"https:\/\/schema.org","@graph":[{"@type":"Article","@id":"https:\/\/www.organisator.ch\/management\/finanzen_recht\/2023-03-20\/bankenkrise-schlaegt-nun-die-stunde-der-kryptowaehrungen\/#article","isPartOf":{"@id":"https:\/\/www.organisator.ch\/management\/finanzen_recht\/2023-03-20\/bankenkrise-schlaegt-nun-die-stunde-der-kryptowaehrungen\/"},"author":{"name":"thomas.berner","@id":"https:\/\/www.organisator.ch\/#\/schema\/person\/6f650f90b2842cd4c0cc334b4e36f67e"},"headline":"Bankenkrise: Schl\u00e4gt nun die Stunde der Kryptow\u00e4hrungen?","datePublished":"2023-03-20T14:33:01+00:00","mainEntityOfPage":{"@id":"https:\/\/www.organisator.ch\/management\/finanzen_recht\/2023-03-20\/bankenkrise-schlaegt-nun-die-stunde-der-kryptowaehrungen\/"},"wordCount":398,"publisher":{"@id":"https:\/\/www.organisator.ch\/#organization"},"image":{"@id":"https:\/\/www.organisator.ch\/management\/finanzen_recht\/2023-03-20\/bankenkrise-schlaegt-nun-die-stunde-der-kryptowaehrungen\/#primaryimage"},"thumbnailUrl":"https:\/\/www.organisator.ch\/wp-content\/uploads\/2023\/03\/Bankenkrise-Schlaegt-nun-die-Stunde-der-Kryptowaehrungen_Organisator.jpg","keywords":["Bankenkrise","Bitcoins","Finanzen","Kryptow\u00e4hrung"],"articleSection":["FINANZEN\/RECHT"],"inLanguage":"it-IT"},{"@type":"WebPage","@id":"https:\/\/www.organisator.ch\/management\/finanzen_recht\/2023-03-20\/bankenkrise-schlaegt-nun-die-stunde-der-kryptowaehrungen\/","url":"https:\/\/www.organisator.ch\/management\/finanzen_recht\/2023-03-20\/bankenkrise-schlaegt-nun-die-stunde-der-kryptowaehrungen\/","name":"Crisi bancaria: \u00e8 l'ora delle criptovalute? - Organizzatore","isPartOf":{"@id":"https:\/\/www.organisator.ch\/#website"},"primaryImageOfPage":{"@id":"https:\/\/www.organisator.ch\/management\/finanzen_recht\/2023-03-20\/bankenkrise-schlaegt-nun-die-stunde-der-kryptowaehrungen\/#primaryimage"},"image":{"@id":"https:\/\/www.organisator.ch\/management\/finanzen_recht\/2023-03-20\/bankenkrise-schlaegt-nun-die-stunde-der-kryptowaehrungen\/#primaryimage"},"thumbnailUrl":"https:\/\/www.organisator.ch\/wp-content\/uploads\/2023\/03\/Bankenkrise-Schlaegt-nun-die-Stunde-der-Kryptowaehrungen_Organisator.jpg","datePublished":"2023-03-20T14:33:01+00:00","description":"Anche dopo l'acquisizione di CS da parte di UBS, la crisi bancaria tiene il mondo con il fiato sospeso. Seguir\u00e0 ora una fuga verso le criptovalute?","breadcrumb":{"@id":"https:\/\/www.organisator.ch\/management\/finanzen_recht\/2023-03-20\/bankenkrise-schlaegt-nun-die-stunde-der-kryptowaehrungen\/#breadcrumb"},"inLanguage":"it-IT","potentialAction":[{"@type":"ReadAction","target":["https:\/\/www.organisator.ch\/management\/finanzen_recht\/2023-03-20\/bankenkrise-schlaegt-nun-die-stunde-der-kryptowaehrungen\/"]}]},{"@type":"ImageObject","inLanguage":"it-IT","@id":"https:\/\/www.organisator.ch\/management\/finanzen_recht\/2023-03-20\/bankenkrise-schlaegt-nun-die-stunde-der-kryptowaehrungen\/#primaryimage","url":"https:\/\/www.organisator.ch\/wp-content\/uploads\/2023\/03\/Bankenkrise-Schlaegt-nun-die-Stunde-der-Kryptowaehrungen_Organisator.jpg","contentUrl":"https:\/\/www.organisator.ch\/wp-content\/uploads\/2023\/03\/Bankenkrise-Schlaegt-nun-die-Stunde-der-Kryptowaehrungen_Organisator.jpg","width":680,"height":442,"caption":"Laut Bitcoin-Experte Pascal H\u00fcgli k\u00f6nnte die Bankenkrise eine Flucht in Krypoassets beschleunigen. (Bild: zVg \/ HWZ)"},{"@type":"BreadcrumbList","@id":"https:\/\/www.organisator.ch\/management\/finanzen_recht\/2023-03-20\/bankenkrise-schlaegt-nun-die-stunde-der-kryptowaehrungen\/#breadcrumb","itemListElement":[{"@type":"ListItem","position":1,"name":"Home","item":"https:\/\/www.organisator.ch\/"},{"@type":"ListItem","position":2,"name":"Bankenkrise: Schl\u00e4gt nun die Stunde der Kryptow\u00e4hrungen?"}]},{"@type":"WebSite","@id":"https:\/\/www.organisator.ch\/#website","url":"https:\/\/www.organisator.ch\/","name":"Organizzatore","description":"Competente. Pratico. In 10 numeri all'anno, ORGANISATOR presenta i temi essenziali per i manager delle PMI.","publisher":{"@id":"https:\/\/www.organisator.ch\/#organization"},"potentialAction":[{"@type":"SearchAction","target":{"@type":"EntryPoint","urlTemplate":"https:\/\/www.organisator.ch\/?s={search_term_string}"},"query-input":{"@type":"PropertyValueSpecification","valueRequired":true,"valueName":"search_term_string"}}],"inLanguage":"it-IT"},{"@type":"Organization","@id":"https:\/\/www.organisator.ch\/#organization","name":"Organizzatore","url":"https:\/\/www.organisator.ch\/","logo":{"@type":"ImageObject","inLanguage":"it-IT","@id":"https:\/\/www.organisator.ch\/#\/schema\/logo\/image\/","url":"https:\/\/www.organisator.ch\/wp-content\/uploads\/2022\/01\/Logo_Organisator_Website.png","contentUrl":"https:\/\/www.organisator.ch\/wp-content\/uploads\/2022\/01\/Logo_Organisator_Website.png","width":800,"height":77,"caption":"Organisator"},"image":{"@id":"https:\/\/www.organisator.ch\/#\/schema\/logo\/image\/"},"sameAs":["https:\/\/www.facebook.com\/OrganisatorFachmagazin","https:\/\/www.linkedin.com\/showcase\/organisator-das-magazin-fr-kmu","https:\/\/www.xing.com\/news\/pages\/organisator-ch-695","https:\/\/www.youtube.com\/channel\/UCGP2Sq0iWaZwT3BdIAQFYpw"]},{"@type":"Person","@id":"https:\/\/www.organisator.ch\/#\/schema\/person\/6f650f90b2842cd4c0cc334b4e36f67e","name":"Tommaso.berner","image":{"@type":"ImageObject","inLanguage":"it-IT","@id":"https:\/\/secure.gravatar.com\/avatar\/ac5001d2a36cb6c6cd3e50789007ffca834b477b74a2144564522e944eabff61?s=96&d=mm&r=g","url":"https:\/\/secure.gravatar.com\/avatar\/ac5001d2a36cb6c6cd3e50789007ffca834b477b74a2144564522e944eabff61?s=96&d=mm&r=g","contentUrl":"https:\/\/secure.gravatar.com\/avatar\/ac5001d2a36cb6c6cd3e50789007ffca834b477b74a2144564522e944eabff61?s=96&d=mm&r=g","caption":"thomas.berner"},"url":"https:\/\/www.organisator.ch\/it\/author\/thomas-berner\/"}]}},"_links":{"self":[{"href":"https:\/\/www.organisator.ch\/it\/wp-json\/wp\/v2\/posts\/19330","targetHints":{"allow":["GET"]}}],"collection":[{"href":"https:\/\/www.organisator.ch\/it\/wp-json\/wp\/v2\/posts"}],"about":[{"href":"https:\/\/www.organisator.ch\/it\/wp-json\/wp\/v2\/types\/post"}],"author":[{"embeddable":true,"href":"https:\/\/www.organisator.ch\/it\/wp-json\/wp\/v2\/users\/4"}],"replies":[{"embeddable":true,"href":"https:\/\/www.organisator.ch\/it\/wp-json\/wp\/v2\/comments?post=19330"}],"version-history":[{"count":1,"href":"https:\/\/www.organisator.ch\/it\/wp-json\/wp\/v2\/posts\/19330\/revisions"}],"predecessor-version":[{"id":19332,"href":"https:\/\/www.organisator.ch\/it\/wp-json\/wp\/v2\/posts\/19330\/revisions\/19332"}],"wp:featuredmedia":[{"embeddable":true,"href":"https:\/\/www.organisator.ch\/it\/wp-json\/wp\/v2\/media\/19331"}],"wp:attachment":[{"href":"https:\/\/www.organisator.ch\/it\/wp-json\/wp\/v2\/media?parent=19330"}],"wp:term":[{"taxonomy":"category","embeddable":true,"href":"https:\/\/www.organisator.ch\/it\/wp-json\/wp\/v2\/categories?post=19330"},{"taxonomy":"post_tag","embeddable":true,"href":"https:\/\/www.organisator.ch\/it\/wp-json\/wp\/v2\/tags?post=19330"}],"curies":[{"name":"wp","href":"https:\/\/api.w.org\/{rel}","templated":true}]}}