{"id":19333,"date":"2023-03-21T05:36:19","date_gmt":"2023-03-21T04:36:19","guid":{"rendered":"https:\/\/www.organisator.ch\/?p=19333"},"modified":"2023-03-20T15:48:08","modified_gmt":"2023-03-20T14:48:08","slug":"stefanie-specker-wird-ceo-der-expertsuisse-ag","status":"publish","type":"post","link":"https:\/\/www.organisator.ch\/it\/management\/2023-03-21\/stefanie-specker-wird-ceo-der-expertsuisse-ag\/","title":{"rendered":"Stefanie Specker diventa CEO di EXPERTsuisse AG"},"content":{"rendered":"<figure id=\"attachment_19334\" aria-describedby=\"caption-attachment-19334\" style=\"width: 680px\" class=\"wp-caption alignnone\"><img loading=\"lazy\" decoding=\"async\" class=\"size-full wp-image-19334\" src=\"https:\/\/www.organisator.ch\/wp-content\/uploads\/2023\/03\/Stefanie-Specker-wird-CEO-der-EXPERTsuisse-AG_Organisator.jpg\" alt=\"\" width=\"680\" height=\"523\" srcset=\"https:\/\/www.organisator.ch\/wp-content\/uploads\/2023\/03\/Stefanie-Specker-wird-CEO-der-EXPERTsuisse-AG_Organisator.jpg 680w, https:\/\/www.organisator.ch\/wp-content\/uploads\/2023\/03\/Stefanie-Specker-wird-CEO-der-EXPERTsuisse-AG_Organisator-16x12.jpg 16w, https:\/\/www.organisator.ch\/wp-content\/uploads\/2023\/03\/Stefanie-Specker-wird-CEO-der-EXPERTsuisse-AG_Organisator-375x288.jpg 375w, https:\/\/www.organisator.ch\/wp-content\/uploads\/2023\/03\/Stefanie-Specker-wird-CEO-der-EXPERTsuisse-AG_Organisator-455x350.jpg 455w\" sizes=\"auto, (max-width: 680px) 100vw, 680px\" \/><figcaption id=\"caption-attachment-19334\" class=\"wp-caption-text\">Amministratore delegato designato di EXPERTsuisse AG: Stefanie Specker. (Immagine: EXPERTsuisse)<\/figcaption><\/figure>\n<p>L'associazione EXPERTsuisse si considera uno sviluppatore di competenze e un certificatore per i suoi membri. Ci\u00f2 si riflette gi\u00e0 nell'ultimo programma di formazione della filiale EXPERTsuisse AG. Per continuare a dare forma con successo a questo sviluppo con i suoi membri fino all'anno 2025 e oltre, il team di gestione e il suo comitato esecutivo sono stati costantemente rafforzati. In questo contesto, il ruolo di CEO di EXPERTsuisse AG sar\u00e0 trasferito da Marius Klauser a Stefanie Specker a partire dal 1\u00b0 aprile 2023. \"Per noi \u00e8 importante poter sostenere il modello di business di EXPERTsuisse AG e dell'associazione, che negli ultimi anni \u00e8 stato professionalizzato e ulteriormente sviluppato, in modo ancora pi\u00f9 solido in termini di organizzazione e personale. Stefanie Specker lavora per noi da oltre due anni, ricoprendo tra l'altro i ruoli di CFO e CHRO, ed \u00e8 quindi predestinata ad assumere il ruolo di CEO\", spiega Peter Ritter, Presidente di EXPERTsuisse.<\/p>\n<p>\"Non vedo l'ora di assumere l'ulteriore ruolo di CEO di EXPERTsuisse AG. Il nostro team \u00e8 fortemente motivato a portare al successo i progetti in corso, ad esempio nei settori dell'istruzione e dell'informatica, e a proseguire la nostra storia di successo insieme ai nostri partner di dialogo esterni\", afferma Stefanie Specker, CEO designato di EXPERTsuisse AG. \"\u00c8 un piacere affidare questo ruolo di responsabilit\u00e0 a Stefanie Specker. Non stiamo sviluppando seguaci, ma leader. Ci\u00f2 consente di pianificare la successione interna e di concentrarmi maggiormente sui dossier politici e sui progetti strategici\", afferma Marius Klauser, Direttore e Delegato del Consiglio di Amministrazione di EXPERTsuisse.<\/p>\n<p>Nel frattempo, Luzia Hafen subentrer\u00e0 a Marius Klauser nel ruolo di Specialist Director Consulting &amp; Business Service a partire dal 1\u00b0 aprile 2023. Durante il periodo sabbatico di Marius Klauser (agosto 2023 - gennaio 2024), Sergio Ceresola assumer\u00e0 ad interim il ruolo di Direttore e Direzione di \"allianz denkplatz schweiz\", mentre Joachim Beil assumer\u00e0 ad interim il ruolo di Responsabile Sostenibilit\u00e0\/Governance\/Leadership. Michael Vonlanthen continuer\u00e0 a dirigere l'attivit\u00e0 di formazione con gli importanti progetti relativi ai nuovi corsi per esperti per commercialisti e fiscalisti. Marius Klauser assumer\u00e0 la carica di Delegato del Consiglio di Amministrazione e Direttore di EXPERTsuisse, di Responsabile della Sostenibilit\u00e0\/Governance\/Leadership e di Amministratore Delegato della \"<a href=\"http:\/\/www.allianz-denkplatz-schweiz.ch\">alliance think tank svizzera<\/a>\" ritorno.<\/p>\n<p><em>Fonte e ulteriori informazioni: <a href=\"http:\/\/www.expertsuisse.ch\">ESPERTO<\/a><\/em><\/p>","protected":false},"excerpt":{"rendered":"<p>Der Verband EXPERTsuisse versteht sich als Kompetenzentwickler und -zertifizierer f\u00fcr seine Mitglieder. Dies zeigt sich auch bereits im neusten Bildungsprogramm der Tochtergesellschaft EXPERTsuisse AG. Um diese Entwicklung bis und \u00fcber das Jahr 2025 hinaus mit den Mitgliedern weiterhin erfolgreich gestalten zu k\u00f6nnen, wurde das F\u00fchrungsteam und seine Gesch\u00e4ftsleitung kontinuierlich gest\u00e4rkt. In diesem Zusammenhang wird nun [&hellip;]<\/p>\n","protected":false},"author":4,"featured_media":19334,"comment_status":"closed","ping_status":"closed","sticky":false,"template":"","format":"standard","meta":{"_acf_changed":false,"_yoast_wpseo_focuskw":"Stefanie Specker","_yoast_wpseo_metadesc":"EXPERTsuisse und seine Tochtergesellschaft (EXPERTsuisse AG) werden stetig weiterentwickelt. Stefanie Specker wird ab 1. April 2023 neue CEO.","articlekey":"","footnotes":""},"categories":[28],"tags":[381,503,532],"class_list":["post-19333","post","type-post","status-publish","format-standard","has-post-thumbnail","hentry","category-management","tag-personalia","tag-verbaende","tag-wirtschaftspruefung"],"acf":[],"yoast_head":"<!-- This site is optimized with the Yoast SEO plugin v27.4 - https:\/\/yoast.com\/product\/yoast-seo-wordpress\/ -->\n<title>Stefanie Specker wird CEO der EXPERTsuisse AG - Organisator<\/title>\n<meta name=\"description\" content=\"EXPERTsuisse und seine Tochtergesellschaft (EXPERTsuisse AG) werden stetig weiterentwickelt. Stefanie Specker wird ab 1. April 2023 neue CEO.\" \/>\n<meta name=\"robots\" content=\"index, follow, max-snippet:-1, max-image-preview:large, max-video-preview:-1\" \/>\n<link rel=\"canonical\" href=\"https:\/\/www.organisator.ch\/it\/gestione-2\/2023-03-21\/stefanie-specker-wird-ceo-der-expertsuisse-ag\/\" \/>\n<meta property=\"og:locale\" content=\"it_IT\" \/>\n<meta property=\"og:type\" content=\"article\" \/>\n<meta property=\"og:title\" content=\"Stefanie Specker wird CEO der EXPERTsuisse AG\" \/>\n<meta property=\"og:description\" content=\"EXPERTsuisse und seine Tochtergesellschaft (EXPERTsuisse AG) werden stetig weiterentwickelt. Stefanie Specker wird ab 1. April 2023 neue CEO.\" \/>\n<meta property=\"og:url\" content=\"https:\/\/www.organisator.ch\/it\/gestione-2\/2023-03-21\/stefanie-specker-wird-ceo-der-expertsuisse-ag\/\" \/>\n<meta property=\"og:site_name\" content=\"Organisator\" \/>\n<meta property=\"article:publisher\" content=\"https:\/\/www.facebook.com\/OrganisatorFachmagazin\" \/>\n<meta property=\"article:published_time\" content=\"2023-03-21T04:36:19+00:00\" \/>\n<meta property=\"og:image\" content=\"https:\/\/www.organisator.ch\/wp-content\/uploads\/2023\/03\/Stefanie-Specker-wird-CEO-der-EXPERTsuisse-AG_Organisator.jpg\" \/>\n\t<meta property=\"og:image:width\" content=\"680\" \/>\n\t<meta property=\"og:image:height\" content=\"523\" \/>\n\t<meta property=\"og:image:type\" content=\"image\/jpeg\" \/>\n<meta name=\"author\" content=\"thomas.berner\" \/>\n<meta name=\"twitter:card\" content=\"summary_large_image\" \/>\n<meta name=\"twitter:title\" content=\"Stefanie #Specker wird CEO der #EXPERTsuisse AG\" \/>\n<meta name=\"twitter:description\" content=\"#EXPERTsuisse und seine #Tochtergesellschaft (EXPERTsuisse AG) werden stetig weiterentwickelt. Stefanie #Specker wird ab 1. April 2023 neue CEO.\" \/>\n<meta name=\"twitter:image\" content=\"https:\/\/www.organisator.ch\/wp-content\/uploads\/2023\/03\/Stefanie-Specker-wird-CEO-der-EXPERTsuisse-AG_Organisator.jpg\" \/>\n<script type=\"application\/ld+json\" class=\"yoast-schema-graph\">{\"@context\":\"https:\\\/\\\/schema.org\",\"@graph\":[{\"@type\":\"Article\",\"@id\":\"https:\\\/\\\/www.organisator.ch\\\/management\\\/2023-03-21\\\/stefanie-specker-wird-ceo-der-expertsuisse-ag\\\/#article\",\"isPartOf\":{\"@id\":\"https:\\\/\\\/www.organisator.ch\\\/management\\\/2023-03-21\\\/stefanie-specker-wird-ceo-der-expertsuisse-ag\\\/\"},\"author\":{\"name\":\"thomas.berner\",\"@id\":\"https:\\\/\\\/www.organisator.ch\\\/#\\\/schema\\\/person\\\/6f650f90b2842cd4c0cc334b4e36f67e\"},\"headline\":\"Stefanie Specker wird CEO der EXPERTsuisse AG\",\"datePublished\":\"2023-03-21T04:36:19+00:00\",\"mainEntityOfPage\":{\"@id\":\"https:\\\/\\\/www.organisator.ch\\\/management\\\/2023-03-21\\\/stefanie-specker-wird-ceo-der-expertsuisse-ag\\\/\"},\"wordCount\":377,\"publisher\":{\"@id\":\"https:\\\/\\\/www.organisator.ch\\\/#organization\"},\"image\":{\"@id\":\"https:\\\/\\\/www.organisator.ch\\\/management\\\/2023-03-21\\\/stefanie-specker-wird-ceo-der-expertsuisse-ag\\\/#primaryimage\"},\"thumbnailUrl\":\"https:\\\/\\\/www.organisator.ch\\\/wp-content\\\/uploads\\\/2023\\\/03\\\/Stefanie-Specker-wird-CEO-der-EXPERTsuisse-AG_Organisator.jpg\",\"keywords\":[\"Personalia\",\"Verb\u00e4nde\",\"Wirtschaftspr\u00fcfung\"],\"articleSection\":[\"MANAGEMENT\"],\"inLanguage\":\"it-IT\"},{\"@type\":\"WebPage\",\"@id\":\"https:\\\/\\\/www.organisator.ch\\\/management\\\/2023-03-21\\\/stefanie-specker-wird-ceo-der-expertsuisse-ag\\\/\",\"url\":\"https:\\\/\\\/www.organisator.ch\\\/management\\\/2023-03-21\\\/stefanie-specker-wird-ceo-der-expertsuisse-ag\\\/\",\"name\":\"Stefanie Specker wird CEO der EXPERTsuisse AG - Organisator\",\"isPartOf\":{\"@id\":\"https:\\\/\\\/www.organisator.ch\\\/#website\"},\"primaryImageOfPage\":{\"@id\":\"https:\\\/\\\/www.organisator.ch\\\/management\\\/2023-03-21\\\/stefanie-specker-wird-ceo-der-expertsuisse-ag\\\/#primaryimage\"},\"image\":{\"@id\":\"https:\\\/\\\/www.organisator.ch\\\/management\\\/2023-03-21\\\/stefanie-specker-wird-ceo-der-expertsuisse-ag\\\/#primaryimage\"},\"thumbnailUrl\":\"https:\\\/\\\/www.organisator.ch\\\/wp-content\\\/uploads\\\/2023\\\/03\\\/Stefanie-Specker-wird-CEO-der-EXPERTsuisse-AG_Organisator.jpg\",\"datePublished\":\"2023-03-21T04:36:19+00:00\",\"description\":\"EXPERTsuisse und seine Tochtergesellschaft (EXPERTsuisse AG) werden stetig weiterentwickelt. Stefanie Specker wird ab 1. April 2023 neue CEO.\",\"breadcrumb\":{\"@id\":\"https:\\\/\\\/www.organisator.ch\\\/management\\\/2023-03-21\\\/stefanie-specker-wird-ceo-der-expertsuisse-ag\\\/#breadcrumb\"},\"inLanguage\":\"it-IT\",\"potentialAction\":[{\"@type\":\"ReadAction\",\"target\":[\"https:\\\/\\\/www.organisator.ch\\\/management\\\/2023-03-21\\\/stefanie-specker-wird-ceo-der-expertsuisse-ag\\\/\"]}]},{\"@type\":\"ImageObject\",\"inLanguage\":\"it-IT\",\"@id\":\"https:\\\/\\\/www.organisator.ch\\\/management\\\/2023-03-21\\\/stefanie-specker-wird-ceo-der-expertsuisse-ag\\\/#primaryimage\",\"url\":\"https:\\\/\\\/www.organisator.ch\\\/wp-content\\\/uploads\\\/2023\\\/03\\\/Stefanie-Specker-wird-CEO-der-EXPERTsuisse-AG_Organisator.jpg\",\"contentUrl\":\"https:\\\/\\\/www.organisator.ch\\\/wp-content\\\/uploads\\\/2023\\\/03\\\/Stefanie-Specker-wird-CEO-der-EXPERTsuisse-AG_Organisator.jpg\",\"width\":680,\"height\":523,\"caption\":\"Designierte CEO von EXPERTsuisse AG: Stefanie Specker. (Bild: EXPERTsuisse)\"},{\"@type\":\"BreadcrumbList\",\"@id\":\"https:\\\/\\\/www.organisator.ch\\\/management\\\/2023-03-21\\\/stefanie-specker-wird-ceo-der-expertsuisse-ag\\\/#breadcrumb\",\"itemListElement\":[{\"@type\":\"ListItem\",\"position\":1,\"name\":\"Home\",\"item\":\"https:\\\/\\\/www.organisator.ch\\\/\"},{\"@type\":\"ListItem\",\"position\":2,\"name\":\"Stefanie Specker wird CEO der EXPERTsuisse AG\"}]},{\"@type\":\"WebSite\",\"@id\":\"https:\\\/\\\/www.organisator.ch\\\/#website\",\"url\":\"https:\\\/\\\/www.organisator.ch\\\/\",\"name\":\"Organisator\",\"description\":\"Kompetent. Praxisnah. Der ORGANISATOR bereitet in 10 Ausgaben pro Jahr die wesentlichen Themen f\u00fcr F\u00fchrungskr\u00e4fte von KMU auf.\",\"publisher\":{\"@id\":\"https:\\\/\\\/www.organisator.ch\\\/#organization\"},\"potentialAction\":[{\"@type\":\"SearchAction\",\"target\":{\"@type\":\"EntryPoint\",\"urlTemplate\":\"https:\\\/\\\/www.organisator.ch\\\/?s={search_term_string}\"},\"query-input\":{\"@type\":\"PropertyValueSpecification\",\"valueRequired\":true,\"valueName\":\"search_term_string\"}}],\"inLanguage\":\"it-IT\"},{\"@type\":\"Organization\",\"@id\":\"https:\\\/\\\/www.organisator.ch\\\/#organization\",\"name\":\"Organisator\",\"url\":\"https:\\\/\\\/www.organisator.ch\\\/\",\"logo\":{\"@type\":\"ImageObject\",\"inLanguage\":\"it-IT\",\"@id\":\"https:\\\/\\\/www.organisator.ch\\\/#\\\/schema\\\/logo\\\/image\\\/\",\"url\":\"https:\\\/\\\/www.organisator.ch\\\/wp-content\\\/uploads\\\/2022\\\/01\\\/Logo_Organisator_Website.png\",\"contentUrl\":\"https:\\\/\\\/www.organisator.ch\\\/wp-content\\\/uploads\\\/2022\\\/01\\\/Logo_Organisator_Website.png\",\"width\":800,\"height\":77,\"caption\":\"Organisator\"},\"image\":{\"@id\":\"https:\\\/\\\/www.organisator.ch\\\/#\\\/schema\\\/logo\\\/image\\\/\"},\"sameAs\":[\"https:\\\/\\\/www.facebook.com\\\/OrganisatorFachmagazin\",\"https:\\\/\\\/www.linkedin.com\\\/showcase\\\/organisator-das-magazin-fr-kmu\",\"https:\\\/\\\/www.xing.com\\\/news\\\/pages\\\/organisator-ch-695\",\"https:\\\/\\\/www.youtube.com\\\/channel\\\/UCGP2Sq0iWaZwT3BdIAQFYpw\"]},{\"@type\":\"Person\",\"@id\":\"https:\\\/\\\/www.organisator.ch\\\/#\\\/schema\\\/person\\\/6f650f90b2842cd4c0cc334b4e36f67e\",\"name\":\"thomas.berner\",\"image\":{\"@type\":\"ImageObject\",\"inLanguage\":\"it-IT\",\"@id\":\"https:\\\/\\\/secure.gravatar.com\\\/avatar\\\/ac5001d2a36cb6c6cd3e50789007ffca834b477b74a2144564522e944eabff61?s=96&d=mm&r=g\",\"url\":\"https:\\\/\\\/secure.gravatar.com\\\/avatar\\\/ac5001d2a36cb6c6cd3e50789007ffca834b477b74a2144564522e944eabff61?s=96&d=mm&r=g\",\"contentUrl\":\"https:\\\/\\\/secure.gravatar.com\\\/avatar\\\/ac5001d2a36cb6c6cd3e50789007ffca834b477b74a2144564522e944eabff61?s=96&d=mm&r=g\",\"caption\":\"thomas.berner\"},\"url\":\"https:\\\/\\\/www.organisator.ch\\\/it\\\/author\\\/thomas-berner\\\/\"}]}<\/script>\n<!-- \/ Yoast SEO plugin. -->","yoast_head_json":{"title":"Stefanie Specker diventa CEO di EXPERTsuisse AG - Organizzatore","description":"EXPERTsuisse e la sua filiale (EXPERTsuisse AG) sono in costante sviluppo. Stefanie Specker diventer\u00e0 il nuovo CEO a partire dal 1\u00b0 aprile 2023.","robots":{"index":"index","follow":"follow","max-snippet":"max-snippet:-1","max-image-preview":"max-image-preview:large","max-video-preview":"max-video-preview:-1"},"canonical":"https:\/\/www.organisator.ch\/it\/gestione-2\/2023-03-21\/stefanie-specker-wird-ceo-der-expertsuisse-ag\/","og_locale":"it_IT","og_type":"article","og_title":"Stefanie Specker wird CEO der EXPERTsuisse AG","og_description":"EXPERTsuisse und seine Tochtergesellschaft (EXPERTsuisse AG) werden stetig weiterentwickelt. Stefanie Specker wird ab 1. April 2023 neue CEO.","og_url":"https:\/\/www.organisator.ch\/it\/gestione-2\/2023-03-21\/stefanie-specker-wird-ceo-der-expertsuisse-ag\/","og_site_name":"Organisator","article_publisher":"https:\/\/www.facebook.com\/OrganisatorFachmagazin","article_published_time":"2023-03-21T04:36:19+00:00","og_image":[{"width":680,"height":523,"url":"https:\/\/www.organisator.ch\/wp-content\/uploads\/2023\/03\/Stefanie-Specker-wird-CEO-der-EXPERTsuisse-AG_Organisator.jpg","type":"image\/jpeg"}],"author":"thomas.berner","twitter_card":"summary_large_image","twitter_title":"Stefanie #Specker wird CEO der #EXPERTsuisse AG","twitter_description":"#EXPERTsuisse und seine #Tochtergesellschaft (EXPERTsuisse AG) werden stetig weiterentwickelt. Stefanie #Specker wird ab 1. April 2023 neue CEO.","twitter_image":"https:\/\/www.organisator.ch\/wp-content\/uploads\/2023\/03\/Stefanie-Specker-wird-CEO-der-EXPERTsuisse-AG_Organisator.jpg","schema":{"@context":"https:\/\/schema.org","@graph":[{"@type":"Article","@id":"https:\/\/www.organisator.ch\/management\/2023-03-21\/stefanie-specker-wird-ceo-der-expertsuisse-ag\/#article","isPartOf":{"@id":"https:\/\/www.organisator.ch\/management\/2023-03-21\/stefanie-specker-wird-ceo-der-expertsuisse-ag\/"},"author":{"name":"thomas.berner","@id":"https:\/\/www.organisator.ch\/#\/schema\/person\/6f650f90b2842cd4c0cc334b4e36f67e"},"headline":"Stefanie Specker wird CEO der EXPERTsuisse AG","datePublished":"2023-03-21T04:36:19+00:00","mainEntityOfPage":{"@id":"https:\/\/www.organisator.ch\/management\/2023-03-21\/stefanie-specker-wird-ceo-der-expertsuisse-ag\/"},"wordCount":377,"publisher":{"@id":"https:\/\/www.organisator.ch\/#organization"},"image":{"@id":"https:\/\/www.organisator.ch\/management\/2023-03-21\/stefanie-specker-wird-ceo-der-expertsuisse-ag\/#primaryimage"},"thumbnailUrl":"https:\/\/www.organisator.ch\/wp-content\/uploads\/2023\/03\/Stefanie-Specker-wird-CEO-der-EXPERTsuisse-AG_Organisator.jpg","keywords":["Personalia","Verb\u00e4nde","Wirtschaftspr\u00fcfung"],"articleSection":["MANAGEMENT"],"inLanguage":"it-IT"},{"@type":"WebPage","@id":"https:\/\/www.organisator.ch\/management\/2023-03-21\/stefanie-specker-wird-ceo-der-expertsuisse-ag\/","url":"https:\/\/www.organisator.ch\/management\/2023-03-21\/stefanie-specker-wird-ceo-der-expertsuisse-ag\/","name":"Stefanie Specker diventa CEO di EXPERTsuisse AG - Organizzatore","isPartOf":{"@id":"https:\/\/www.organisator.ch\/#website"},"primaryImageOfPage":{"@id":"https:\/\/www.organisator.ch\/management\/2023-03-21\/stefanie-specker-wird-ceo-der-expertsuisse-ag\/#primaryimage"},"image":{"@id":"https:\/\/www.organisator.ch\/management\/2023-03-21\/stefanie-specker-wird-ceo-der-expertsuisse-ag\/#primaryimage"},"thumbnailUrl":"https:\/\/www.organisator.ch\/wp-content\/uploads\/2023\/03\/Stefanie-Specker-wird-CEO-der-EXPERTsuisse-AG_Organisator.jpg","datePublished":"2023-03-21T04:36:19+00:00","description":"EXPERTsuisse e la sua filiale (EXPERTsuisse AG) sono in costante sviluppo. Stefanie Specker diventer\u00e0 il nuovo CEO a partire dal 1\u00b0 aprile 2023.","breadcrumb":{"@id":"https:\/\/www.organisator.ch\/management\/2023-03-21\/stefanie-specker-wird-ceo-der-expertsuisse-ag\/#breadcrumb"},"inLanguage":"it-IT","potentialAction":[{"@type":"ReadAction","target":["https:\/\/www.organisator.ch\/management\/2023-03-21\/stefanie-specker-wird-ceo-der-expertsuisse-ag\/"]}]},{"@type":"ImageObject","inLanguage":"it-IT","@id":"https:\/\/www.organisator.ch\/management\/2023-03-21\/stefanie-specker-wird-ceo-der-expertsuisse-ag\/#primaryimage","url":"https:\/\/www.organisator.ch\/wp-content\/uploads\/2023\/03\/Stefanie-Specker-wird-CEO-der-EXPERTsuisse-AG_Organisator.jpg","contentUrl":"https:\/\/www.organisator.ch\/wp-content\/uploads\/2023\/03\/Stefanie-Specker-wird-CEO-der-EXPERTsuisse-AG_Organisator.jpg","width":680,"height":523,"caption":"Designierte CEO von EXPERTsuisse AG: Stefanie Specker. (Bild: EXPERTsuisse)"},{"@type":"BreadcrumbList","@id":"https:\/\/www.organisator.ch\/management\/2023-03-21\/stefanie-specker-wird-ceo-der-expertsuisse-ag\/#breadcrumb","itemListElement":[{"@type":"ListItem","position":1,"name":"Home","item":"https:\/\/www.organisator.ch\/"},{"@type":"ListItem","position":2,"name":"Stefanie Specker wird CEO der EXPERTsuisse AG"}]},{"@type":"WebSite","@id":"https:\/\/www.organisator.ch\/#website","url":"https:\/\/www.organisator.ch\/","name":"Organizzatore","description":"Competente. Pratico. In 10 numeri all'anno, ORGANISATOR presenta i temi essenziali per i manager delle PMI.","publisher":{"@id":"https:\/\/www.organisator.ch\/#organization"},"potentialAction":[{"@type":"SearchAction","target":{"@type":"EntryPoint","urlTemplate":"https:\/\/www.organisator.ch\/?s={search_term_string}"},"query-input":{"@type":"PropertyValueSpecification","valueRequired":true,"valueName":"search_term_string"}}],"inLanguage":"it-IT"},{"@type":"Organization","@id":"https:\/\/www.organisator.ch\/#organization","name":"Organizzatore","url":"https:\/\/www.organisator.ch\/","logo":{"@type":"ImageObject","inLanguage":"it-IT","@id":"https:\/\/www.organisator.ch\/#\/schema\/logo\/image\/","url":"https:\/\/www.organisator.ch\/wp-content\/uploads\/2022\/01\/Logo_Organisator_Website.png","contentUrl":"https:\/\/www.organisator.ch\/wp-content\/uploads\/2022\/01\/Logo_Organisator_Website.png","width":800,"height":77,"caption":"Organisator"},"image":{"@id":"https:\/\/www.organisator.ch\/#\/schema\/logo\/image\/"},"sameAs":["https:\/\/www.facebook.com\/OrganisatorFachmagazin","https:\/\/www.linkedin.com\/showcase\/organisator-das-magazin-fr-kmu","https:\/\/www.xing.com\/news\/pages\/organisator-ch-695","https:\/\/www.youtube.com\/channel\/UCGP2Sq0iWaZwT3BdIAQFYpw"]},{"@type":"Person","@id":"https:\/\/www.organisator.ch\/#\/schema\/person\/6f650f90b2842cd4c0cc334b4e36f67e","name":"Tommaso.berner","image":{"@type":"ImageObject","inLanguage":"it-IT","@id":"https:\/\/secure.gravatar.com\/avatar\/ac5001d2a36cb6c6cd3e50789007ffca834b477b74a2144564522e944eabff61?s=96&d=mm&r=g","url":"https:\/\/secure.gravatar.com\/avatar\/ac5001d2a36cb6c6cd3e50789007ffca834b477b74a2144564522e944eabff61?s=96&d=mm&r=g","contentUrl":"https:\/\/secure.gravatar.com\/avatar\/ac5001d2a36cb6c6cd3e50789007ffca834b477b74a2144564522e944eabff61?s=96&d=mm&r=g","caption":"thomas.berner"},"url":"https:\/\/www.organisator.ch\/it\/author\/thomas-berner\/"}]}},"_links":{"self":[{"href":"https:\/\/www.organisator.ch\/it\/wp-json\/wp\/v2\/posts\/19333","targetHints":{"allow":["GET"]}}],"collection":[{"href":"https:\/\/www.organisator.ch\/it\/wp-json\/wp\/v2\/posts"}],"about":[{"href":"https:\/\/www.organisator.ch\/it\/wp-json\/wp\/v2\/types\/post"}],"author":[{"embeddable":true,"href":"https:\/\/www.organisator.ch\/it\/wp-json\/wp\/v2\/users\/4"}],"replies":[{"embeddable":true,"href":"https:\/\/www.organisator.ch\/it\/wp-json\/wp\/v2\/comments?post=19333"}],"version-history":[{"count":1,"href":"https:\/\/www.organisator.ch\/it\/wp-json\/wp\/v2\/posts\/19333\/revisions"}],"predecessor-version":[{"id":19335,"href":"https:\/\/www.organisator.ch\/it\/wp-json\/wp\/v2\/posts\/19333\/revisions\/19335"}],"wp:featuredmedia":[{"embeddable":true,"href":"https:\/\/www.organisator.ch\/it\/wp-json\/wp\/v2\/media\/19334"}],"wp:attachment":[{"href":"https:\/\/www.organisator.ch\/it\/wp-json\/wp\/v2\/media?parent=19333"}],"wp:term":[{"taxonomy":"category","embeddable":true,"href":"https:\/\/www.organisator.ch\/it\/wp-json\/wp\/v2\/categories?post=19333"},{"taxonomy":"post_tag","embeddable":true,"href":"https:\/\/www.organisator.ch\/it\/wp-json\/wp\/v2\/tags?post=19333"}],"curies":[{"name":"wp","href":"https:\/\/api.w.org\/{rel}","templated":true}]}}