{"id":19371,"date":"2023-03-22T14:49:36","date_gmt":"2023-03-22T13:49:36","guid":{"rendered":"https:\/\/www.organisator.ch\/?p=19371"},"modified":"2023-03-22T14:49:36","modified_gmt":"2023-03-22T13:49:36","slug":"energieverbrauch-die-sommerzeit-hat-durchaus-vorteile","status":"publish","type":"post","link":"https:\/\/www.organisator.ch\/it\/sustainability\/2023-03-22\/energieverbrauch-die-sommerzeit-hat-durchaus-vorteile\/","title":{"rendered":"Consumo energetico: l'ora legale ha dei vantaggi"},"content":{"rendered":"<div class=\"std-paragraph-block\">\n<div class=\"std-art-paragraph\">\n<figure id=\"attachment_19372\" aria-describedby=\"caption-attachment-19372\" style=\"width: 680px\" class=\"wp-caption alignnone\"><img loading=\"lazy\" decoding=\"async\" class=\"size-full wp-image-19372\" src=\"https:\/\/www.organisator.ch\/wp-content\/uploads\/2023\/03\/Energieverbrauch-Die-Sommerzeit-hat-durchaus-Vorteile_Organisator.jpg\" alt=\"\" width=\"680\" height=\"466\" srcset=\"https:\/\/www.organisator.ch\/wp-content\/uploads\/2023\/03\/Energieverbrauch-Die-Sommerzeit-hat-durchaus-Vorteile_Organisator.jpg 680w, https:\/\/www.organisator.ch\/wp-content\/uploads\/2023\/03\/Energieverbrauch-Die-Sommerzeit-hat-durchaus-Vorteile_Organisator-18x12.jpg 18w, https:\/\/www.organisator.ch\/wp-content\/uploads\/2023\/03\/Energieverbrauch-Die-Sommerzeit-hat-durchaus-Vorteile_Organisator-375x257.jpg 375w, https:\/\/www.organisator.ch\/wp-content\/uploads\/2023\/03\/Energieverbrauch-Die-Sommerzeit-hat-durchaus-Vorteile_Organisator-511x350.jpg 511w\" sizes=\"auto, (max-width: 680px) 100vw, 680px\" \/><figcaption id=\"caption-attachment-19372\" class=\"wp-caption-text\">I cambiamenti climatici comportano una maggiore richiesta di energia di raffreddamento. Se durante l'estate il lavoro viene svolto in orari diversi rispetto all'inverno, \u00e8 possibile risparmiare energia con un controllo intelligente del raffreddamento. Il passaggio all'ora legale pu\u00f2 quindi rivelarsi un vantaggio, come hanno scoperto i ricercatori dell'Empa. (Immagine: Pixabay.com)<\/figcaption><\/figure>\n<\/div>\n<div><\/div>\n<div class=\"std-art-paragraph\">Il fine settimana del 25-26 marzo 2023, gli orologi saranno nuovamente spostati avanti di un'ora. Con il cambio dell'ora annuale si discute anche sull'opportunit\u00e0 di abolirlo o meno. Gli oppositori sostengono che il cambio dell'ora comporta effetti negativi sulla salute, come i disturbi del sonno. I sostenitori dell'ora legale, invece, spesso adducono l'argomento del risparmio di energia elettrica. Dopo tutto, se la sera c'\u00e8 luce per un'ora in pi\u00f9, \u00e8 necessaria meno luce artificiale. \"Questa era l'intenzione originaria dietro l'introduzione del cambio dell'ora. Dal nostro punto di vista, tuttavia, ha senso considerare non solo l'impatto sul risparmio di elettricit\u00e0 nell'illuminazione, ma sull'intero consumo energetico di un edificio\", spiega Sven Eggimann. Insieme al collega Massimo Fiorentini e ad altri ricercatori dell'Urban Energy Systems Lab dell'Empa, ha quindi determinato se e come il cambio dell'ora influisce sul consumo energetico per il riscaldamento e il raffreddamento.<\/div>\n<\/div>\n<div class=\"std-paragraph-block\">\n<h3>La casa prima risparmia energia<\/h3>\n<div class=\"std-art-paragraph\">\n<p>L'ipotesi di base del team di ricerca era che gli impiegati entrano in ufficio un'ora prima in estate a causa del cambio dell'ora e quindi escono anche prima nel pomeriggio. Poich\u00e9 la maggior parte della potenza di raffreddamento \u00e8 richiesta nel tardo pomeriggio, ci\u00f2 consente di risparmiare energia. Il prerequisito, tuttavia, \u00e8 che il raffreddamento possa essere spento o disattivato quando l'ufficio \u00e8 vuoto. Questo sarebbe facile da realizzare nei cosiddetti \"edifici intelligenti\". In molti luoghi, tuttavia, questo \u00e8 ancora lontano.<\/p>\n<p>Per verificare questa ipotesi, i ricercatori hanno simulato l'energia di riscaldamento e raffreddamento utilizzata con e senza l'ora legale per diverse regioni climatiche, basandosi sui dati di vari edifici adibiti a uffici in 15 citt\u00e0 statunitensi. Sono stati presi in considerazione non solo il clima attuale, ma anche gli scenari climatici futuri fino al 2050, per includere l'influenza del cambiamento climatico. Questo aspetto \u00e8 fondamentale, perch\u00e9 i cambiamenti climatici hanno un'enorme influenza sul consumo energetico di un edificio. Ad esempio, in un altro studio i ricercatori dell'Empa hanno rilevato che in futuro la Svizzera potrebbe avere la stessa domanda di energia per il raffreddamento e per il riscaldamento a causa dei cambiamenti climatici.<\/p>\n<p>I risultati dello studio sono il pane quotidiano dei sostenitori dell'ora legale. \"Il passaggio all'ora legale pu\u00f2 ridurre l'energia di raffreddamento di un edificio per uffici fino a quasi il 6%. Allo stesso tempo, la domanda di riscaldamento pu\u00f2 aumentare fino al 4,4% a causa dell'inizio anticipato del lavoro al mattino. Tuttavia, poich\u00e9 in estate si consuma molta pi\u00f9 energia per il raffreddamento che per il riscaldamento, il cambio di orario ha un effetto complessivamente positivo sul bilancio energetico di un edificio\", riassume Massimo Fiorentini. Il risparmio energetico varia a seconda dei diversi scenari climatici e delle zone climatiche - il risparmio energetico totale massimo \u00e8 stato del 3% - ma \u00e8 stato efficace ovunque. Sebbene questo risultato si riferisca solo agli edifici adibiti a uffici negli Stati Uniti, fornisce indicazioni preziose anche per la Svizzera, poich\u00e9 le condizioni climatiche sono comparabili per diverse zone climatiche simulate.<\/p>\n<\/div>\n<\/div>\n<div class=\"std-paragraph-block\">\n<h3>Contributo alla protezione del clima<\/h3>\n<div class=\"std-art-paragraph\">\n<p>\"Il nostro studio dimostra che il cambio dell'ora pu\u00f2 contribuire alla protezione del clima. Nel dibattito sull'abolizione dell'ora legale, i responsabili politici non dovrebbero quindi considerare solo il risparmio di elettricit\u00e0 nell'illuminazione artificiale, ma anche l'influenza sul bilancio energetico degli edifici per uffici nel loro complesso\", afferma Eggimann. Allo stesso tempo, i ricercatori sottolineano che il cambio dell'ora \u00e8 solo uno dei tanti modi per influenzare il consumo energetico di un edificio per uffici. Anche il miglioramento del patrimonio edilizio, i cambiamenti comportamentali o un generale adeguamento degli orari di lavoro possono contribuire al risparmio energetico e quindi alle emissioni di CO<sub>2<\/sub>-Riduzione - indipendentemente dal fatto che gli orologi debbano essere cambiati o meno.<\/p>\n<p><em>Fonte: <a href=\"https:\/\/www.empa.ch\/\">Empa<\/a><\/em><\/p>\n<\/div>\n<\/div>","protected":false},"excerpt":{"rendered":"<p>Am Wochenende vom 25. auf den 26. M\u00e4rz 2023 werden die Uhren wieder um eine Stunde vorgestellt. Mit der allj\u00e4hrlichen Zeitumstellung kommen auch wieder die Diskussionen dar\u00fcber, ob sie abgeschafft werden soll oder nicht. Gegner argumentieren, dass die Zeitumstellung negative gesundheitliche Effekte wie Schlafst\u00f6rungen mit sich bringt. Bef\u00fcrworter der Sommerzeit hingegen f\u00fchren oft das Argument [&hellip;]<\/p>\n","protected":false},"author":4,"featured_media":19372,"comment_status":"closed","ping_status":"closed","sticky":false,"template":"","format":"standard","meta":{"_acf_changed":false,"_yoast_wpseo_focuskw":"Sommerzeit","_yoast_wpseo_metadesc":"Eine neue Empa-Studie st\u00fctzt die Argumente der Bef\u00fcrworter der Sommerzeit: Dank der Zeitumstellung l\u00e4sst sich Energie sparen.","articlekey":"","footnotes":""},"categories":[580],"tags":[1052,584,3694,459,533],"class_list":["post-19371","post","type-post","status-publish","format-standard","has-post-thumbnail","hentry","category-sustainability","tag-empa","tag-energie","tag-sommerzeit","tag-studie","tag-wissenschaft"],"acf":[],"yoast_head":"<!-- This site is optimized with the Yoast SEO plugin v27.4 - https:\/\/yoast.com\/product\/yoast-seo-wordpress\/ -->\n<title>Energieverbrauch: Die Sommerzeit hat durchaus Vorteile - Organisator<\/title>\n<meta name=\"description\" content=\"Eine neue Empa-Studie st\u00fctzt die Argumente der Bef\u00fcrworter der Sommerzeit: Dank der Zeitumstellung l\u00e4sst sich Energie sparen.\" \/>\n<meta name=\"robots\" content=\"index, follow, max-snippet:-1, max-image-preview:large, max-video-preview:-1\" \/>\n<link rel=\"canonical\" href=\"https:\/\/www.organisator.ch\/it\/sostenibilita\/2023-03-22\/energieverbrauch-die-sommerzeit-hat-durchaus-vorteile\/\" \/>\n<meta property=\"og:locale\" content=\"it_IT\" \/>\n<meta property=\"og:type\" content=\"article\" \/>\n<meta property=\"og:title\" content=\"Energieverbrauch: Die Sommerzeit hat durchaus Vorteile\" \/>\n<meta property=\"og:description\" content=\"Eine neue Empa-Studie st\u00fctzt die Argumente der Bef\u00fcrworter der Sommerzeit: Dank der Zeitumstellung l\u00e4sst sich Energie sparen.\" \/>\n<meta property=\"og:url\" content=\"https:\/\/www.organisator.ch\/it\/sostenibilita\/2023-03-22\/energieverbrauch-die-sommerzeit-hat-durchaus-vorteile\/\" \/>\n<meta property=\"og:site_name\" content=\"Organisator\" \/>\n<meta property=\"article:publisher\" content=\"https:\/\/www.facebook.com\/OrganisatorFachmagazin\" \/>\n<meta property=\"article:published_time\" content=\"2023-03-22T13:49:36+00:00\" \/>\n<meta property=\"og:image\" content=\"https:\/\/www.organisator.ch\/wp-content\/uploads\/2023\/03\/Energieverbrauch-Die-Sommerzeit-hat-durchaus-Vorteile_Organisator.jpg\" \/>\n\t<meta property=\"og:image:width\" content=\"680\" \/>\n\t<meta property=\"og:image:height\" content=\"466\" \/>\n\t<meta property=\"og:image:type\" content=\"image\/jpeg\" \/>\n<meta name=\"author\" content=\"thomas.berner\" \/>\n<meta name=\"twitter:card\" content=\"summary_large_image\" \/>\n<meta name=\"twitter:title\" content=\"#Energieverbrauch: Die #Sommerzeit hat durchaus Vorteile\" \/>\n<meta name=\"twitter:description\" content=\"Eine neue #Empa-Studie st\u00fctzt die Argumente der Bef\u00fcrworter der #Sommerzeit: Dank der #Zeitumstellung l\u00e4sst sich Energie sparen.\" \/>\n<meta name=\"twitter:image\" content=\"https:\/\/www.organisator.ch\/wp-content\/uploads\/2023\/03\/Energieverbrauch-Die-Sommerzeit-hat-durchaus-Vorteile_Organisator.jpg\" \/>\n<script type=\"application\/ld+json\" class=\"yoast-schema-graph\">{\"@context\":\"https:\\\/\\\/schema.org\",\"@graph\":[{\"@type\":\"Article\",\"@id\":\"https:\\\/\\\/www.organisator.ch\\\/sustainability\\\/2023-03-22\\\/energieverbrauch-die-sommerzeit-hat-durchaus-vorteile\\\/#article\",\"isPartOf\":{\"@id\":\"https:\\\/\\\/www.organisator.ch\\\/sustainability\\\/2023-03-22\\\/energieverbrauch-die-sommerzeit-hat-durchaus-vorteile\\\/\"},\"author\":{\"name\":\"thomas.berner\",\"@id\":\"https:\\\/\\\/www.organisator.ch\\\/#\\\/schema\\\/person\\\/6f650f90b2842cd4c0cc334b4e36f67e\"},\"headline\":\"Energieverbrauch: Die Sommerzeit hat durchaus Vorteile\",\"datePublished\":\"2023-03-22T13:49:36+00:00\",\"mainEntityOfPage\":{\"@id\":\"https:\\\/\\\/www.organisator.ch\\\/sustainability\\\/2023-03-22\\\/energieverbrauch-die-sommerzeit-hat-durchaus-vorteile\\\/\"},\"wordCount\":667,\"publisher\":{\"@id\":\"https:\\\/\\\/www.organisator.ch\\\/#organization\"},\"image\":{\"@id\":\"https:\\\/\\\/www.organisator.ch\\\/sustainability\\\/2023-03-22\\\/energieverbrauch-die-sommerzeit-hat-durchaus-vorteile\\\/#primaryimage\"},\"thumbnailUrl\":\"https:\\\/\\\/www.organisator.ch\\\/wp-content\\\/uploads\\\/2023\\\/03\\\/Energieverbrauch-Die-Sommerzeit-hat-durchaus-Vorteile_Organisator.jpg\",\"keywords\":[\"Empa\",\"ENERGIE\",\"Sommerzeit\",\"Studie\",\"Wissenschaft\"],\"articleSection\":[\"SUSTAINABILITY\"],\"inLanguage\":\"it-IT\"},{\"@type\":\"WebPage\",\"@id\":\"https:\\\/\\\/www.organisator.ch\\\/sustainability\\\/2023-03-22\\\/energieverbrauch-die-sommerzeit-hat-durchaus-vorteile\\\/\",\"url\":\"https:\\\/\\\/www.organisator.ch\\\/sustainability\\\/2023-03-22\\\/energieverbrauch-die-sommerzeit-hat-durchaus-vorteile\\\/\",\"name\":\"Energieverbrauch: Die Sommerzeit hat durchaus Vorteile - Organisator\",\"isPartOf\":{\"@id\":\"https:\\\/\\\/www.organisator.ch\\\/#website\"},\"primaryImageOfPage\":{\"@id\":\"https:\\\/\\\/www.organisator.ch\\\/sustainability\\\/2023-03-22\\\/energieverbrauch-die-sommerzeit-hat-durchaus-vorteile\\\/#primaryimage\"},\"image\":{\"@id\":\"https:\\\/\\\/www.organisator.ch\\\/sustainability\\\/2023-03-22\\\/energieverbrauch-die-sommerzeit-hat-durchaus-vorteile\\\/#primaryimage\"},\"thumbnailUrl\":\"https:\\\/\\\/www.organisator.ch\\\/wp-content\\\/uploads\\\/2023\\\/03\\\/Energieverbrauch-Die-Sommerzeit-hat-durchaus-Vorteile_Organisator.jpg\",\"datePublished\":\"2023-03-22T13:49:36+00:00\",\"description\":\"Eine neue Empa-Studie st\u00fctzt die Argumente der Bef\u00fcrworter der Sommerzeit: Dank der Zeitumstellung l\u00e4sst sich Energie sparen.\",\"breadcrumb\":{\"@id\":\"https:\\\/\\\/www.organisator.ch\\\/sustainability\\\/2023-03-22\\\/energieverbrauch-die-sommerzeit-hat-durchaus-vorteile\\\/#breadcrumb\"},\"inLanguage\":\"it-IT\",\"potentialAction\":[{\"@type\":\"ReadAction\",\"target\":[\"https:\\\/\\\/www.organisator.ch\\\/sustainability\\\/2023-03-22\\\/energieverbrauch-die-sommerzeit-hat-durchaus-vorteile\\\/\"]}]},{\"@type\":\"ImageObject\",\"inLanguage\":\"it-IT\",\"@id\":\"https:\\\/\\\/www.organisator.ch\\\/sustainability\\\/2023-03-22\\\/energieverbrauch-die-sommerzeit-hat-durchaus-vorteile\\\/#primaryimage\",\"url\":\"https:\\\/\\\/www.organisator.ch\\\/wp-content\\\/uploads\\\/2023\\\/03\\\/Energieverbrauch-Die-Sommerzeit-hat-durchaus-Vorteile_Organisator.jpg\",\"contentUrl\":\"https:\\\/\\\/www.organisator.ch\\\/wp-content\\\/uploads\\\/2023\\\/03\\\/Energieverbrauch-Die-Sommerzeit-hat-durchaus-Vorteile_Organisator.jpg\",\"width\":680,\"height\":466,\"caption\":\"Der Klimawandel f\u00fchrt zu h\u00f6herem Bedarf an K\u00fchlenergie. Wenn w\u00e4hrend der Sommerzeit zu anderen Tageszeiten gearbeitet wird als im Winter, kann mit intelligenter K\u00fchl-Steuerung durchaus Energie eingespart werden. Die Umstellung auf Sommerzeit kann sich also als Vorteil erweisen, wie Empa-Forscher feststellten. (Bild: Pixabay.com)\"},{\"@type\":\"BreadcrumbList\",\"@id\":\"https:\\\/\\\/www.organisator.ch\\\/sustainability\\\/2023-03-22\\\/energieverbrauch-die-sommerzeit-hat-durchaus-vorteile\\\/#breadcrumb\",\"itemListElement\":[{\"@type\":\"ListItem\",\"position\":1,\"name\":\"Home\",\"item\":\"https:\\\/\\\/www.organisator.ch\\\/\"},{\"@type\":\"ListItem\",\"position\":2,\"name\":\"Energieverbrauch: Die Sommerzeit hat durchaus Vorteile\"}]},{\"@type\":\"WebSite\",\"@id\":\"https:\\\/\\\/www.organisator.ch\\\/#website\",\"url\":\"https:\\\/\\\/www.organisator.ch\\\/\",\"name\":\"Organisator\",\"description\":\"Kompetent. Praxisnah. Der ORGANISATOR bereitet in 10 Ausgaben pro Jahr die wesentlichen Themen f\u00fcr F\u00fchrungskr\u00e4fte von KMU auf.\",\"publisher\":{\"@id\":\"https:\\\/\\\/www.organisator.ch\\\/#organization\"},\"potentialAction\":[{\"@type\":\"SearchAction\",\"target\":{\"@type\":\"EntryPoint\",\"urlTemplate\":\"https:\\\/\\\/www.organisator.ch\\\/?s={search_term_string}\"},\"query-input\":{\"@type\":\"PropertyValueSpecification\",\"valueRequired\":true,\"valueName\":\"search_term_string\"}}],\"inLanguage\":\"it-IT\"},{\"@type\":\"Organization\",\"@id\":\"https:\\\/\\\/www.organisator.ch\\\/#organization\",\"name\":\"Organisator\",\"url\":\"https:\\\/\\\/www.organisator.ch\\\/\",\"logo\":{\"@type\":\"ImageObject\",\"inLanguage\":\"it-IT\",\"@id\":\"https:\\\/\\\/www.organisator.ch\\\/#\\\/schema\\\/logo\\\/image\\\/\",\"url\":\"https:\\\/\\\/www.organisator.ch\\\/wp-content\\\/uploads\\\/2022\\\/01\\\/Logo_Organisator_Website.png\",\"contentUrl\":\"https:\\\/\\\/www.organisator.ch\\\/wp-content\\\/uploads\\\/2022\\\/01\\\/Logo_Organisator_Website.png\",\"width\":800,\"height\":77,\"caption\":\"Organisator\"},\"image\":{\"@id\":\"https:\\\/\\\/www.organisator.ch\\\/#\\\/schema\\\/logo\\\/image\\\/\"},\"sameAs\":[\"https:\\\/\\\/www.facebook.com\\\/OrganisatorFachmagazin\",\"https:\\\/\\\/www.linkedin.com\\\/showcase\\\/organisator-das-magazin-fr-kmu\",\"https:\\\/\\\/www.xing.com\\\/news\\\/pages\\\/organisator-ch-695\",\"https:\\\/\\\/www.youtube.com\\\/channel\\\/UCGP2Sq0iWaZwT3BdIAQFYpw\"]},{\"@type\":\"Person\",\"@id\":\"https:\\\/\\\/www.organisator.ch\\\/#\\\/schema\\\/person\\\/6f650f90b2842cd4c0cc334b4e36f67e\",\"name\":\"thomas.berner\",\"image\":{\"@type\":\"ImageObject\",\"inLanguage\":\"it-IT\",\"@id\":\"https:\\\/\\\/secure.gravatar.com\\\/avatar\\\/ac5001d2a36cb6c6cd3e50789007ffca834b477b74a2144564522e944eabff61?s=96&d=mm&r=g\",\"url\":\"https:\\\/\\\/secure.gravatar.com\\\/avatar\\\/ac5001d2a36cb6c6cd3e50789007ffca834b477b74a2144564522e944eabff61?s=96&d=mm&r=g\",\"contentUrl\":\"https:\\\/\\\/secure.gravatar.com\\\/avatar\\\/ac5001d2a36cb6c6cd3e50789007ffca834b477b74a2144564522e944eabff61?s=96&d=mm&r=g\",\"caption\":\"thomas.berner\"},\"url\":\"https:\\\/\\\/www.organisator.ch\\\/it\\\/author\\\/thomas-berner\\\/\"}]}<\/script>\n<!-- \/ Yoast SEO plugin. -->","yoast_head_json":{"title":"Consumo energetico: l'ora legale ha dei vantaggi - Organizzatore","description":"Un nuovo studio dell'Empa sostiene le argomentazioni dei sostenitori dell'ora legale: grazie al cambio dell'ora si pu\u00f2 risparmiare energia.","robots":{"index":"index","follow":"follow","max-snippet":"max-snippet:-1","max-image-preview":"max-image-preview:large","max-video-preview":"max-video-preview:-1"},"canonical":"https:\/\/www.organisator.ch\/it\/sostenibilita\/2023-03-22\/energieverbrauch-die-sommerzeit-hat-durchaus-vorteile\/","og_locale":"it_IT","og_type":"article","og_title":"Energieverbrauch: Die Sommerzeit hat durchaus Vorteile","og_description":"Eine neue Empa-Studie st\u00fctzt die Argumente der Bef\u00fcrworter der Sommerzeit: Dank der Zeitumstellung l\u00e4sst sich Energie sparen.","og_url":"https:\/\/www.organisator.ch\/it\/sostenibilita\/2023-03-22\/energieverbrauch-die-sommerzeit-hat-durchaus-vorteile\/","og_site_name":"Organisator","article_publisher":"https:\/\/www.facebook.com\/OrganisatorFachmagazin","article_published_time":"2023-03-22T13:49:36+00:00","og_image":[{"width":680,"height":466,"url":"https:\/\/www.organisator.ch\/wp-content\/uploads\/2023\/03\/Energieverbrauch-Die-Sommerzeit-hat-durchaus-Vorteile_Organisator.jpg","type":"image\/jpeg"}],"author":"thomas.berner","twitter_card":"summary_large_image","twitter_title":"#Energieverbrauch: Die #Sommerzeit hat durchaus Vorteile","twitter_description":"Eine neue #Empa-Studie st\u00fctzt die Argumente der Bef\u00fcrworter der #Sommerzeit: Dank der #Zeitumstellung l\u00e4sst sich Energie sparen.","twitter_image":"https:\/\/www.organisator.ch\/wp-content\/uploads\/2023\/03\/Energieverbrauch-Die-Sommerzeit-hat-durchaus-Vorteile_Organisator.jpg","schema":{"@context":"https:\/\/schema.org","@graph":[{"@type":"Article","@id":"https:\/\/www.organisator.ch\/sustainability\/2023-03-22\/energieverbrauch-die-sommerzeit-hat-durchaus-vorteile\/#article","isPartOf":{"@id":"https:\/\/www.organisator.ch\/sustainability\/2023-03-22\/energieverbrauch-die-sommerzeit-hat-durchaus-vorteile\/"},"author":{"name":"thomas.berner","@id":"https:\/\/www.organisator.ch\/#\/schema\/person\/6f650f90b2842cd4c0cc334b4e36f67e"},"headline":"Energieverbrauch: Die Sommerzeit hat durchaus Vorteile","datePublished":"2023-03-22T13:49:36+00:00","mainEntityOfPage":{"@id":"https:\/\/www.organisator.ch\/sustainability\/2023-03-22\/energieverbrauch-die-sommerzeit-hat-durchaus-vorteile\/"},"wordCount":667,"publisher":{"@id":"https:\/\/www.organisator.ch\/#organization"},"image":{"@id":"https:\/\/www.organisator.ch\/sustainability\/2023-03-22\/energieverbrauch-die-sommerzeit-hat-durchaus-vorteile\/#primaryimage"},"thumbnailUrl":"https:\/\/www.organisator.ch\/wp-content\/uploads\/2023\/03\/Energieverbrauch-Die-Sommerzeit-hat-durchaus-Vorteile_Organisator.jpg","keywords":["Empa","ENERGIE","Sommerzeit","Studie","Wissenschaft"],"articleSection":["SUSTAINABILITY"],"inLanguage":"it-IT"},{"@type":"WebPage","@id":"https:\/\/www.organisator.ch\/sustainability\/2023-03-22\/energieverbrauch-die-sommerzeit-hat-durchaus-vorteile\/","url":"https:\/\/www.organisator.ch\/sustainability\/2023-03-22\/energieverbrauch-die-sommerzeit-hat-durchaus-vorteile\/","name":"Consumo energetico: l'ora legale ha dei vantaggi - Organizzatore","isPartOf":{"@id":"https:\/\/www.organisator.ch\/#website"},"primaryImageOfPage":{"@id":"https:\/\/www.organisator.ch\/sustainability\/2023-03-22\/energieverbrauch-die-sommerzeit-hat-durchaus-vorteile\/#primaryimage"},"image":{"@id":"https:\/\/www.organisator.ch\/sustainability\/2023-03-22\/energieverbrauch-die-sommerzeit-hat-durchaus-vorteile\/#primaryimage"},"thumbnailUrl":"https:\/\/www.organisator.ch\/wp-content\/uploads\/2023\/03\/Energieverbrauch-Die-Sommerzeit-hat-durchaus-Vorteile_Organisator.jpg","datePublished":"2023-03-22T13:49:36+00:00","description":"Un nuovo studio dell'Empa sostiene le argomentazioni dei sostenitori dell'ora legale: grazie al cambio dell'ora si pu\u00f2 risparmiare energia.","breadcrumb":{"@id":"https:\/\/www.organisator.ch\/sustainability\/2023-03-22\/energieverbrauch-die-sommerzeit-hat-durchaus-vorteile\/#breadcrumb"},"inLanguage":"it-IT","potentialAction":[{"@type":"ReadAction","target":["https:\/\/www.organisator.ch\/sustainability\/2023-03-22\/energieverbrauch-die-sommerzeit-hat-durchaus-vorteile\/"]}]},{"@type":"ImageObject","inLanguage":"it-IT","@id":"https:\/\/www.organisator.ch\/sustainability\/2023-03-22\/energieverbrauch-die-sommerzeit-hat-durchaus-vorteile\/#primaryimage","url":"https:\/\/www.organisator.ch\/wp-content\/uploads\/2023\/03\/Energieverbrauch-Die-Sommerzeit-hat-durchaus-Vorteile_Organisator.jpg","contentUrl":"https:\/\/www.organisator.ch\/wp-content\/uploads\/2023\/03\/Energieverbrauch-Die-Sommerzeit-hat-durchaus-Vorteile_Organisator.jpg","width":680,"height":466,"caption":"Der Klimawandel f\u00fchrt zu h\u00f6herem Bedarf an K\u00fchlenergie. Wenn w\u00e4hrend der Sommerzeit zu anderen Tageszeiten gearbeitet wird als im Winter, kann mit intelligenter K\u00fchl-Steuerung durchaus Energie eingespart werden. Die Umstellung auf Sommerzeit kann sich also als Vorteil erweisen, wie Empa-Forscher feststellten. (Bild: Pixabay.com)"},{"@type":"BreadcrumbList","@id":"https:\/\/www.organisator.ch\/sustainability\/2023-03-22\/energieverbrauch-die-sommerzeit-hat-durchaus-vorteile\/#breadcrumb","itemListElement":[{"@type":"ListItem","position":1,"name":"Home","item":"https:\/\/www.organisator.ch\/"},{"@type":"ListItem","position":2,"name":"Energieverbrauch: Die Sommerzeit hat durchaus Vorteile"}]},{"@type":"WebSite","@id":"https:\/\/www.organisator.ch\/#website","url":"https:\/\/www.organisator.ch\/","name":"Organizzatore","description":"Competente. Pratico. In 10 numeri all'anno, ORGANISATOR presenta i temi essenziali per i manager delle PMI.","publisher":{"@id":"https:\/\/www.organisator.ch\/#organization"},"potentialAction":[{"@type":"SearchAction","target":{"@type":"EntryPoint","urlTemplate":"https:\/\/www.organisator.ch\/?s={search_term_string}"},"query-input":{"@type":"PropertyValueSpecification","valueRequired":true,"valueName":"search_term_string"}}],"inLanguage":"it-IT"},{"@type":"Organization","@id":"https:\/\/www.organisator.ch\/#organization","name":"Organizzatore","url":"https:\/\/www.organisator.ch\/","logo":{"@type":"ImageObject","inLanguage":"it-IT","@id":"https:\/\/www.organisator.ch\/#\/schema\/logo\/image\/","url":"https:\/\/www.organisator.ch\/wp-content\/uploads\/2022\/01\/Logo_Organisator_Website.png","contentUrl":"https:\/\/www.organisator.ch\/wp-content\/uploads\/2022\/01\/Logo_Organisator_Website.png","width":800,"height":77,"caption":"Organisator"},"image":{"@id":"https:\/\/www.organisator.ch\/#\/schema\/logo\/image\/"},"sameAs":["https:\/\/www.facebook.com\/OrganisatorFachmagazin","https:\/\/www.linkedin.com\/showcase\/organisator-das-magazin-fr-kmu","https:\/\/www.xing.com\/news\/pages\/organisator-ch-695","https:\/\/www.youtube.com\/channel\/UCGP2Sq0iWaZwT3BdIAQFYpw"]},{"@type":"Person","@id":"https:\/\/www.organisator.ch\/#\/schema\/person\/6f650f90b2842cd4c0cc334b4e36f67e","name":"Tommaso.berner","image":{"@type":"ImageObject","inLanguage":"it-IT","@id":"https:\/\/secure.gravatar.com\/avatar\/ac5001d2a36cb6c6cd3e50789007ffca834b477b74a2144564522e944eabff61?s=96&d=mm&r=g","url":"https:\/\/secure.gravatar.com\/avatar\/ac5001d2a36cb6c6cd3e50789007ffca834b477b74a2144564522e944eabff61?s=96&d=mm&r=g","contentUrl":"https:\/\/secure.gravatar.com\/avatar\/ac5001d2a36cb6c6cd3e50789007ffca834b477b74a2144564522e944eabff61?s=96&d=mm&r=g","caption":"thomas.berner"},"url":"https:\/\/www.organisator.ch\/it\/author\/thomas-berner\/"}]}},"_links":{"self":[{"href":"https:\/\/www.organisator.ch\/it\/wp-json\/wp\/v2\/posts\/19371","targetHints":{"allow":["GET"]}}],"collection":[{"href":"https:\/\/www.organisator.ch\/it\/wp-json\/wp\/v2\/posts"}],"about":[{"href":"https:\/\/www.organisator.ch\/it\/wp-json\/wp\/v2\/types\/post"}],"author":[{"embeddable":true,"href":"https:\/\/www.organisator.ch\/it\/wp-json\/wp\/v2\/users\/4"}],"replies":[{"embeddable":true,"href":"https:\/\/www.organisator.ch\/it\/wp-json\/wp\/v2\/comments?post=19371"}],"version-history":[{"count":3,"href":"https:\/\/www.organisator.ch\/it\/wp-json\/wp\/v2\/posts\/19371\/revisions"}],"predecessor-version":[{"id":19432,"href":"https:\/\/www.organisator.ch\/it\/wp-json\/wp\/v2\/posts\/19371\/revisions\/19432"}],"wp:featuredmedia":[{"embeddable":true,"href":"https:\/\/www.organisator.ch\/it\/wp-json\/wp\/v2\/media\/19372"}],"wp:attachment":[{"href":"https:\/\/www.organisator.ch\/it\/wp-json\/wp\/v2\/media?parent=19371"}],"wp:term":[{"taxonomy":"category","embeddable":true,"href":"https:\/\/www.organisator.ch\/it\/wp-json\/wp\/v2\/categories?post=19371"},{"taxonomy":"post_tag","embeddable":true,"href":"https:\/\/www.organisator.ch\/it\/wp-json\/wp\/v2\/tags?post=19371"}],"curies":[{"name":"wp","href":"https:\/\/api.w.org\/{rel}","templated":true}]}}