{"id":1943,"date":"2019-01-15T16:58:00","date_gmt":"2019-01-15T15:58:00","guid":{"rendered":"https:\/\/www.umweltperspektiven.ch\/?p=1943"},"modified":"2022-02-09T11:06:18","modified_gmt":"2022-02-09T10:06:18","slug":"watt-dor-zum-zwoelften-mal-wurde-der-schweizer-energiepreis-verliehen","status":"publish","type":"post","link":"https:\/\/www.organisator.ch\/it\/sustainability\/2019-01-15\/watt-dor-zum-zwoelften-mal-wurde-der-schweizer-energiepreis-verliehen\/","title":{"rendered":"Watt d'Or: il premio svizzero per l'energia \u00e8 stato assegnato per la dodicesima volta"},"content":{"rendered":"<figure id=\"attachment_1944\" aria-describedby=\"caption-attachment-1944\" style=\"width: 680px\" class=\"wp-caption alignnone\"><img loading=\"lazy\" decoding=\"async\" class=\"wp-image-1944 size-medium\" src=\"\/\/www.umweltperspektiven.ch\/wp-content\/uploads\/2019\/01\/Prix_Watt_Dor_2019_UP_Umweltperspektiven.jpg\" alt=\"\" width=\"680\" height=\"486\" \/><figcaption id=\"caption-attachment-1944\" class=\"wp-caption-text\">Al Watt d'Or di quest'anno, l'Empa \u00e8 stata premiata, tra l'altro, per le unit\u00e0 costruttive in cui sono state inserite aree modulari nel rinomato edificio di ricerca NEST. Questi potrebbero presto trovare spazio nella pratica. (Immagine: Ufficio federale dell'energia)<\/figcaption><\/figure>\n<p>Il Watt d'Or \u00e8 stato assegnato per la prima volta nel 2007. Il suo obiettivo \u00e8 quello di pubblicizzare i risultati eccezionali nel settore dell'energia. Dovrebbero motivare le imprese, la politica e il pubblico in generale a scoprire da soli i vantaggi delle tecnologie energetiche innovative. Il Watt d'Or non \u00e8 finanziato, quindi non viene distribuito alcun premio in denaro.<\/p>\n<p>Entro la fine di luglio 2018 sono state presentate 44 candidature per il Watt d'Or 2019, valutate da un team di esperti. Infine, 20 proposte sono state nominate per la fase finale. Tra questi, la giuria, presieduta dal presidente della giuria Pascale Bruderer, ha selezionato i progetti vincitori nelle quattro categorie del Watt d'Or. Inoltre, la giuria ha assegnato il premio speciale Watt d'Or \"Transizione\".<\/p>\n<p>CATEGORIA TECNOLOGIE ENERGETICHE<\/p>\n<p><strong>DEPsys SA e IBB Energie AG<br \/>\nGridEye: il pilota automatico nelle reti intelligenti<br \/>\n<\/strong>DEPsys SA di Puidoux, nel Cantone di Vaud, ha sviluppato la piattaforma di smart grid GridEye fino a raggiungere la maturit\u00e0 di mercato. Supporta gli operatori di rete nel loro compito di integrare nella rete elettrica quantit\u00e0 sempre maggiori di energia decentralizzata e fluttuante. GridEye pu\u00f2 essere facilmente integrato nell'infrastruttura esistente. Attraverso le misurazioni, il software intelligente apprende il comportamento della rete. Da ci\u00f2 ricava informazioni sullo stato attuale della rete e pu\u00f2 quindi controllare i flussi di energia in modo ottimale, sicuro ed efficiente. GridEye \u00e8 stato installato sull'aeroporto di Birrfeld per conto di IBB Energie AG. Da allora, l'impianto fotovoltaico da 200 kW sull'hangar dell'Aero Club di Argovia \u00e8 in grado di immettere la sua massima potenza senza mettere a rischio la stabilit\u00e0 della rete.<\/p>\n<p>CATEGORIA ENERGIE RINNOVABILI<\/p>\n<p><strong>dhp technology AG e IBC Energie Wasser Chur<br \/>\nImpianti solari galleggianti: la tecnologia delle funivie consente un duplice utilizzo dello spazio infrastrutturale<br \/>\n<\/strong>Per sfruttare in modo multifunzionale le superfici di infrastrutture come parcheggi o impianti di depurazione, dhp technology AG di Zizers, nel Cantone dei Grigioni, ha sviluppato il sistema solare leggero e mobile \"HORIZON\" fino a raggiungere la maturit\u00e0 di mercato. Grazie alla tecnologia delle funivie, HORIZON galleggia a cinque metri dalla superficie dell'infrastruttura e pu\u00f2 essere ripiegato come un organo. Un algoritmo meteo estende automaticamente il sistema quando c'\u00e8 il sole e lo ritrae quando c'\u00e8 un forte vento o una nevicata. Il primo impianto HORIZON di grandi dimensioni \u00e8 stato realizzato per conto di IBC Energie Wasser Chur presso ARA Chur e messo in funzione nel 2018. Produce circa 540.000 kilowattora di elettricit\u00e0 all'anno, che coprono circa 20% della domanda totale di elettricit\u00e0 dell'impianto di trattamento delle acque reflue.<\/p>\n<p>CATEGORIA MOBILIT\u00c0 EFFICIENTE DAL PUNTO DI VISTA ENERGETICO<\/p>\n<p><strong>BLS AG e Universit\u00e0 di Basilea<br \/>\nPasso dopo passo verso una maggiore efficienza energetica<br \/>\n<\/strong>Se si vuole risparmiare energia, bisogna innanzitutto misurare i consumi nel dettaglio. Con l'idea di realizzare una campagna di misurazione di questo tipo sui veicoli ferroviari, l'emerito fisico Prof. Dr. Peter Oelhafen ha trovato un orecchio aperto presso la BLS AG. I risultati impressionanti delle misurazioni hanno portato a un programma di ammodernamento completo dei 36 treni NINA S-Bahn, che sar\u00e0 completato nel 2019. Con questa e altre misure di efficienza sulle restanti flotte di veicoli ferroviari, la BLS risparmia circa 13 milioni di chilowattora di elettricit\u00e0 all'anno, il consumo annuale di oltre 3.000 famiglie. Altre aziende di trasporto e molti partner della ricerca e dell'industria sono coinvolti in sottoprogetti del programma di risparmio energetico avviato da Peter Oelhafen.<\/p>\n<p>CATEGORIA EDIFICI E SPAZIO<\/p>\n<p><strong>Fondazione Habitat e Cooperativa energetica ADEV<br \/>\nErlenmatt Ost: un'area sostenibile e colorata con produzione e fornitura di energia locale<br \/>\n<\/strong>Sul sito dell'ex stazione merci della Deutsche Bahn a Basilea, la Fondazione Habitat sta sviluppando il nuovo quartiere urbano Erlenmatt Ost. Il primo edificio \u00e8 stato occupato nel 2017 ed entro la fine del 2019 vi abiteranno circa 500 persone in oltre 200 appartamenti. Gi\u00e0 oggi \u00e8 evidente che il quartiere \u00e8 vivace, colorato e sostenibile: in linea con la societ\u00e0 a 2000 watt. I requisiti per la sostenibilit\u00e0 del quartiere sono misurabili e formano un quadro logico che viene compreso e vissuto dai residenti. A questo contribuisce anche la cooperativa energetica ADEV, che ha creato una delle pi\u00f9 grandi comunit\u00e0 di autoconsumo di energia solare in Svizzera. Una volta completato, Erlenmatt Ost sar\u00e0 alimentato con oltre 70% di elettricit\u00e0 e calore prodotti direttamente in loco.<\/p>\n<p>WATT D'OR 2019 - PREZZO SPECIALE DI TRANSIZIONE<\/p>\n<p><strong>Empa, Eawag e dransfeldarchitekten ag<br \/>\nNEST - Una casa Lego come acceleratore di innovazione<br \/>\n<\/strong>Le innovazioni in materia di risparmio energetico e di risorse stanno facendo progressi solo lentamente nel settore dell'edilizia. La disponibilit\u00e0 degli investitori e dei proprietari di edifici a innovare e a rischiare \u00e8 bassa e spesso si preferiscono le soluzioni esistenti. Il \"living lab\" NEST, avviato dall'Empa e dall'Eawag nel 2016, mira ad accelerare i processi di innovazione nel settore edilizio in collaborazione con circa 140 partner provenienti dalla ricerca, dall'industria e dal settore pubblico. Le \"unit\u00e0\" tematiche, che possono essere costruite in NEST come i mattoncini Lego, lo rendono possibile. Un'unit\u00e0 particolarmente interessante \u00e8 la struttura per il fitness e il benessere completamente alimentata a energia solare, che consuma sei volte meno energia rispetto alle strutture convenzionali. \u00c8 stato progettato da dransfeldarchitekten ag di Ermatingen.<\/p>\n<p><a href=\"\/\/www.bfe.admin.ch\">www.bfe.admin.ch<\/a><\/p>","protected":false},"excerpt":{"rendered":"<p>2007 wurde der Watt d&#8217;Or zum ersten Mal verliehen. Sein Ziel ist es, aussergew\u00f6hnliche Leistungen im Energiebereich bekannt zu machen. Sie sollen Wirtschaft, Politik und die breite \u00d6ffentlichkeit motivieren, die Vorteile innovativer Energietechnologien f\u00fcr sich zu entdecken. Der Watt d&#8217;Or ist nicht dotiert, es werden also keine Preisgelder ausgesch\u00fcttet. 44 Bewerbungen wurden bis Ende Juli [&hellip;]<\/p>\n","protected":false},"author":5,"featured_media":9578,"comment_status":"open","ping_status":"open","sticky":false,"template":"","format":"standard","meta":{"_acf_changed":false,"_yoast_wpseo_focuskw":"Watt d'Or","_yoast_wpseo_metadesc":"Am 10. Januar hat das Bundesamt f\u00fcr Energie den renommierten Schweizer Energiepreis Watt d'Or verliehen, darunter wurde auch ein Spezialpreis vergeben.","articlekey":"","footnotes":""},"categories":[580],"tags":[65,1247,1325,354,1943,424,2319],"class_list":["post-1943","post","type-post","status-publish","format-standard","has-post-thumbnail","hentry","category-sustainability","tag-award","tag-gebaeude","tag-grits","tag-mobilitaet","tag-preis","tag-schweiz","tag-transition"],"acf":[],"yoast_head":"<!-- This site is optimized with the Yoast SEO plugin v27.4 - https:\/\/yoast.com\/product\/yoast-seo-wordpress\/ -->\n<title>Watt d&#039;Or: Zum zw\u00f6lften Mal wurde der Schweizer Energiepreis verliehen - Organisator<\/title>\n<meta name=\"description\" content=\"Am 10. Januar hat das Bundesamt f\u00fcr Energie den renommierten Schweizer Energiepreis Watt d&#039;Or verliehen, darunter wurde auch ein Spezialpreis vergeben.\" \/>\n<meta name=\"robots\" content=\"index, follow, max-snippet:-1, max-image-preview:large, max-video-preview:-1\" \/>\n<link rel=\"canonical\" href=\"https:\/\/www.organisator.ch\/it\/sostenibilita\/2019-01-15\/watt-dor-zum-zwoelften-mal-wurde-der-schweizer-energiepreis-verliehen\/\" \/>\n<meta property=\"og:locale\" content=\"it_IT\" \/>\n<meta property=\"og:type\" content=\"article\" \/>\n<meta property=\"og:title\" content=\"Watt d&#039;Or: Zum zw\u00f6lften Mal wurde der Schweizer Energiepreis verliehen - Organisator\" \/>\n<meta property=\"og:description\" content=\"Am 10. Januar hat das Bundesamt f\u00fcr Energie den renommierten Schweizer Energiepreis Watt d&#039;Or verliehen, darunter wurde auch ein Spezialpreis vergeben.\" \/>\n<meta property=\"og:url\" content=\"https:\/\/www.organisator.ch\/it\/sostenibilita\/2019-01-15\/watt-dor-zum-zwoelften-mal-wurde-der-schweizer-energiepreis-verliehen\/\" \/>\n<meta property=\"og:site_name\" content=\"Organisator\" \/>\n<meta property=\"article:publisher\" content=\"https:\/\/www.facebook.com\/OrganisatorFachmagazin\" \/>\n<meta property=\"article:published_time\" content=\"2019-01-15T15:58:00+00:00\" \/>\n<meta property=\"article:modified_time\" content=\"2022-02-09T10:06:18+00:00\" \/>\n<meta property=\"og:image\" content=\"https:\/\/www.organisator.ch\/wp-content\/uploads\/2019\/01\/Prix_Watt_Dor_2019_UP_Umweltperspektiven.jpg\" \/>\n\t<meta property=\"og:image:width\" content=\"2048\" \/>\n\t<meta property=\"og:image:height\" content=\"1465\" \/>\n\t<meta property=\"og:image:type\" content=\"image\/jpeg\" \/>\n<meta name=\"author\" content=\"michael.merz\" \/>\n<meta name=\"twitter:card\" content=\"summary_large_image\" \/>\n<script type=\"application\/ld+json\" class=\"yoast-schema-graph\">{\"@context\":\"https:\\\/\\\/schema.org\",\"@graph\":[{\"@type\":\"Article\",\"@id\":\"https:\\\/\\\/www.organisator.ch\\\/sustainability\\\/2019-01-15\\\/watt-dor-zum-zwoelften-mal-wurde-der-schweizer-energiepreis-verliehen\\\/#article\",\"isPartOf\":{\"@id\":\"https:\\\/\\\/www.organisator.ch\\\/sustainability\\\/2019-01-15\\\/watt-dor-zum-zwoelften-mal-wurde-der-schweizer-energiepreis-verliehen\\\/\"},\"author\":{\"name\":\"michael.merz\",\"@id\":\"https:\\\/\\\/www.organisator.ch\\\/#\\\/schema\\\/person\\\/134708ca9321c57b0362cceb7948ffbd\"},\"headline\":\"Watt d&#8217;Or: Zum zw\u00f6lften Mal wurde der Schweizer Energiepreis verliehen\",\"datePublished\":\"2019-01-15T15:58:00+00:00\",\"dateModified\":\"2022-02-09T10:06:18+00:00\",\"mainEntityOfPage\":{\"@id\":\"https:\\\/\\\/www.organisator.ch\\\/sustainability\\\/2019-01-15\\\/watt-dor-zum-zwoelften-mal-wurde-der-schweizer-energiepreis-verliehen\\\/\"},\"wordCount\":789,\"commentCount\":0,\"publisher\":{\"@id\":\"https:\\\/\\\/www.organisator.ch\\\/#organization\"},\"image\":{\"@id\":\"https:\\\/\\\/www.organisator.ch\\\/sustainability\\\/2019-01-15\\\/watt-dor-zum-zwoelften-mal-wurde-der-schweizer-energiepreis-verliehen\\\/#primaryimage\"},\"thumbnailUrl\":\"https:\\\/\\\/www.organisator.ch\\\/wp-content\\\/uploads\\\/2019\\\/01\\\/Prix_Watt_Dor_2019_UP_Umweltperspektiven.jpg\",\"keywords\":[\"Award\",\"Geb\u00e4ude\",\"Grits\",\"Mobilit\u00e4t\",\"Preis\",\"Schweiz\",\"Transition\"],\"articleSection\":[\"SUSTAINABILITY\"],\"inLanguage\":\"it-IT\"},{\"@type\":\"WebPage\",\"@id\":\"https:\\\/\\\/www.organisator.ch\\\/sustainability\\\/2019-01-15\\\/watt-dor-zum-zwoelften-mal-wurde-der-schweizer-energiepreis-verliehen\\\/\",\"url\":\"https:\\\/\\\/www.organisator.ch\\\/sustainability\\\/2019-01-15\\\/watt-dor-zum-zwoelften-mal-wurde-der-schweizer-energiepreis-verliehen\\\/\",\"name\":\"Watt d'Or: Zum zw\u00f6lften Mal wurde der Schweizer Energiepreis verliehen - Organisator\",\"isPartOf\":{\"@id\":\"https:\\\/\\\/www.organisator.ch\\\/#website\"},\"primaryImageOfPage\":{\"@id\":\"https:\\\/\\\/www.organisator.ch\\\/sustainability\\\/2019-01-15\\\/watt-dor-zum-zwoelften-mal-wurde-der-schweizer-energiepreis-verliehen\\\/#primaryimage\"},\"image\":{\"@id\":\"https:\\\/\\\/www.organisator.ch\\\/sustainability\\\/2019-01-15\\\/watt-dor-zum-zwoelften-mal-wurde-der-schweizer-energiepreis-verliehen\\\/#primaryimage\"},\"thumbnailUrl\":\"https:\\\/\\\/www.organisator.ch\\\/wp-content\\\/uploads\\\/2019\\\/01\\\/Prix_Watt_Dor_2019_UP_Umweltperspektiven.jpg\",\"datePublished\":\"2019-01-15T15:58:00+00:00\",\"dateModified\":\"2022-02-09T10:06:18+00:00\",\"description\":\"Am 10. Januar hat das Bundesamt f\u00fcr Energie den renommierten Schweizer Energiepreis Watt d'Or verliehen, darunter wurde auch ein Spezialpreis vergeben.\",\"breadcrumb\":{\"@id\":\"https:\\\/\\\/www.organisator.ch\\\/sustainability\\\/2019-01-15\\\/watt-dor-zum-zwoelften-mal-wurde-der-schweizer-energiepreis-verliehen\\\/#breadcrumb\"},\"inLanguage\":\"it-IT\",\"potentialAction\":[{\"@type\":\"ReadAction\",\"target\":[\"https:\\\/\\\/www.organisator.ch\\\/sustainability\\\/2019-01-15\\\/watt-dor-zum-zwoelften-mal-wurde-der-schweizer-energiepreis-verliehen\\\/\"]}]},{\"@type\":\"ImageObject\",\"inLanguage\":\"it-IT\",\"@id\":\"https:\\\/\\\/www.organisator.ch\\\/sustainability\\\/2019-01-15\\\/watt-dor-zum-zwoelften-mal-wurde-der-schweizer-energiepreis-verliehen\\\/#primaryimage\",\"url\":\"https:\\\/\\\/www.organisator.ch\\\/wp-content\\\/uploads\\\/2019\\\/01\\\/Prix_Watt_Dor_2019_UP_Umweltperspektiven.jpg\",\"contentUrl\":\"https:\\\/\\\/www.organisator.ch\\\/wp-content\\\/uploads\\\/2019\\\/01\\\/Prix_Watt_Dor_2019_UP_Umweltperspektiven.jpg\",\"width\":2048,\"height\":1465},{\"@type\":\"BreadcrumbList\",\"@id\":\"https:\\\/\\\/www.organisator.ch\\\/sustainability\\\/2019-01-15\\\/watt-dor-zum-zwoelften-mal-wurde-der-schweizer-energiepreis-verliehen\\\/#breadcrumb\",\"itemListElement\":[{\"@type\":\"ListItem\",\"position\":1,\"name\":\"Home\",\"item\":\"https:\\\/\\\/www.organisator.ch\\\/\"},{\"@type\":\"ListItem\",\"position\":2,\"name\":\"Watt d&#8217;Or: Zum zw\u00f6lften Mal wurde der Schweizer Energiepreis verliehen\"}]},{\"@type\":\"WebSite\",\"@id\":\"https:\\\/\\\/www.organisator.ch\\\/#website\",\"url\":\"https:\\\/\\\/www.organisator.ch\\\/\",\"name\":\"Organisator\",\"description\":\"Kompetent. Praxisnah. Der ORGANISATOR bereitet in 10 Ausgaben pro Jahr die wesentlichen Themen f\u00fcr F\u00fchrungskr\u00e4fte von KMU auf.\",\"publisher\":{\"@id\":\"https:\\\/\\\/www.organisator.ch\\\/#organization\"},\"potentialAction\":[{\"@type\":\"SearchAction\",\"target\":{\"@type\":\"EntryPoint\",\"urlTemplate\":\"https:\\\/\\\/www.organisator.ch\\\/?s={search_term_string}\"},\"query-input\":{\"@type\":\"PropertyValueSpecification\",\"valueRequired\":true,\"valueName\":\"search_term_string\"}}],\"inLanguage\":\"it-IT\"},{\"@type\":\"Organization\",\"@id\":\"https:\\\/\\\/www.organisator.ch\\\/#organization\",\"name\":\"Organisator\",\"url\":\"https:\\\/\\\/www.organisator.ch\\\/\",\"logo\":{\"@type\":\"ImageObject\",\"inLanguage\":\"it-IT\",\"@id\":\"https:\\\/\\\/www.organisator.ch\\\/#\\\/schema\\\/logo\\\/image\\\/\",\"url\":\"https:\\\/\\\/www.organisator.ch\\\/wp-content\\\/uploads\\\/2022\\\/01\\\/Logo_Organisator_Website.png\",\"contentUrl\":\"https:\\\/\\\/www.organisator.ch\\\/wp-content\\\/uploads\\\/2022\\\/01\\\/Logo_Organisator_Website.png\",\"width\":800,\"height\":77,\"caption\":\"Organisator\"},\"image\":{\"@id\":\"https:\\\/\\\/www.organisator.ch\\\/#\\\/schema\\\/logo\\\/image\\\/\"},\"sameAs\":[\"https:\\\/\\\/www.facebook.com\\\/OrganisatorFachmagazin\",\"https:\\\/\\\/www.linkedin.com\\\/showcase\\\/organisator-das-magazin-fr-kmu\",\"https:\\\/\\\/www.xing.com\\\/news\\\/pages\\\/organisator-ch-695\",\"https:\\\/\\\/www.youtube.com\\\/channel\\\/UCGP2Sq0iWaZwT3BdIAQFYpw\"]},{\"@type\":\"Person\",\"@id\":\"https:\\\/\\\/www.organisator.ch\\\/#\\\/schema\\\/person\\\/134708ca9321c57b0362cceb7948ffbd\",\"name\":\"michael.merz\",\"image\":{\"@type\":\"ImageObject\",\"inLanguage\":\"it-IT\",\"@id\":\"https:\\\/\\\/secure.gravatar.com\\\/avatar\\\/?s=96&d=mm&r=g\",\"url\":\"https:\\\/\\\/secure.gravatar.com\\\/avatar\\\/?s=96&d=mm&r=g\",\"contentUrl\":\"https:\\\/\\\/secure.gravatar.com\\\/avatar\\\/?s=96&d=mm&r=g\",\"caption\":\"michael.merz\"},\"url\":\"https:\\\/\\\/www.organisator.ch\\\/it\\\/author\\\/michael-merz\\\/\"}]}<\/script>\n<!-- \/ Yoast SEO plugin. -->","yoast_head_json":{"title":"Watt d'Or: il Premio svizzero dell'energia \u00e8 stato assegnato per la dodicesima volta - organizzatore","description":"Il 10 gennaio l'Ufficio federale dell'energia ha assegnato il prestigioso Premio svizzero dell'energia Watt d'Or, che comprende anche un premio speciale.","robots":{"index":"index","follow":"follow","max-snippet":"max-snippet:-1","max-image-preview":"max-image-preview:large","max-video-preview":"max-video-preview:-1"},"canonical":"https:\/\/www.organisator.ch\/it\/sostenibilita\/2019-01-15\/watt-dor-zum-zwoelften-mal-wurde-der-schweizer-energiepreis-verliehen\/","og_locale":"it_IT","og_type":"article","og_title":"Watt d'Or: Zum zw\u00f6lften Mal wurde der Schweizer Energiepreis verliehen - Organisator","og_description":"Am 10. Januar hat das Bundesamt f\u00fcr Energie den renommierten Schweizer Energiepreis Watt d'Or verliehen, darunter wurde auch ein Spezialpreis vergeben.","og_url":"https:\/\/www.organisator.ch\/it\/sostenibilita\/2019-01-15\/watt-dor-zum-zwoelften-mal-wurde-der-schweizer-energiepreis-verliehen\/","og_site_name":"Organisator","article_publisher":"https:\/\/www.facebook.com\/OrganisatorFachmagazin","article_published_time":"2019-01-15T15:58:00+00:00","article_modified_time":"2022-02-09T10:06:18+00:00","og_image":[{"width":2048,"height":1465,"url":"https:\/\/www.organisator.ch\/wp-content\/uploads\/2019\/01\/Prix_Watt_Dor_2019_UP_Umweltperspektiven.jpg","type":"image\/jpeg"}],"author":"michael.merz","twitter_card":"summary_large_image","schema":{"@context":"https:\/\/schema.org","@graph":[{"@type":"Article","@id":"https:\/\/www.organisator.ch\/sustainability\/2019-01-15\/watt-dor-zum-zwoelften-mal-wurde-der-schweizer-energiepreis-verliehen\/#article","isPartOf":{"@id":"https:\/\/www.organisator.ch\/sustainability\/2019-01-15\/watt-dor-zum-zwoelften-mal-wurde-der-schweizer-energiepreis-verliehen\/"},"author":{"name":"michael.merz","@id":"https:\/\/www.organisator.ch\/#\/schema\/person\/134708ca9321c57b0362cceb7948ffbd"},"headline":"Watt d&#8217;Or: Zum zw\u00f6lften Mal wurde der Schweizer Energiepreis verliehen","datePublished":"2019-01-15T15:58:00+00:00","dateModified":"2022-02-09T10:06:18+00:00","mainEntityOfPage":{"@id":"https:\/\/www.organisator.ch\/sustainability\/2019-01-15\/watt-dor-zum-zwoelften-mal-wurde-der-schweizer-energiepreis-verliehen\/"},"wordCount":789,"commentCount":0,"publisher":{"@id":"https:\/\/www.organisator.ch\/#organization"},"image":{"@id":"https:\/\/www.organisator.ch\/sustainability\/2019-01-15\/watt-dor-zum-zwoelften-mal-wurde-der-schweizer-energiepreis-verliehen\/#primaryimage"},"thumbnailUrl":"https:\/\/www.organisator.ch\/wp-content\/uploads\/2019\/01\/Prix_Watt_Dor_2019_UP_Umweltperspektiven.jpg","keywords":["Award","Geb\u00e4ude","Grits","Mobilit\u00e4t","Preis","Schweiz","Transition"],"articleSection":["SUSTAINABILITY"],"inLanguage":"it-IT"},{"@type":"WebPage","@id":"https:\/\/www.organisator.ch\/sustainability\/2019-01-15\/watt-dor-zum-zwoelften-mal-wurde-der-schweizer-energiepreis-verliehen\/","url":"https:\/\/www.organisator.ch\/sustainability\/2019-01-15\/watt-dor-zum-zwoelften-mal-wurde-der-schweizer-energiepreis-verliehen\/","name":"Watt d'Or: il Premio svizzero dell'energia \u00e8 stato assegnato per la dodicesima volta - organizzatore","isPartOf":{"@id":"https:\/\/www.organisator.ch\/#website"},"primaryImageOfPage":{"@id":"https:\/\/www.organisator.ch\/sustainability\/2019-01-15\/watt-dor-zum-zwoelften-mal-wurde-der-schweizer-energiepreis-verliehen\/#primaryimage"},"image":{"@id":"https:\/\/www.organisator.ch\/sustainability\/2019-01-15\/watt-dor-zum-zwoelften-mal-wurde-der-schweizer-energiepreis-verliehen\/#primaryimage"},"thumbnailUrl":"https:\/\/www.organisator.ch\/wp-content\/uploads\/2019\/01\/Prix_Watt_Dor_2019_UP_Umweltperspektiven.jpg","datePublished":"2019-01-15T15:58:00+00:00","dateModified":"2022-02-09T10:06:18+00:00","description":"Il 10 gennaio l'Ufficio federale dell'energia ha assegnato il prestigioso Premio svizzero dell'energia Watt d'Or, che comprende anche un premio speciale.","breadcrumb":{"@id":"https:\/\/www.organisator.ch\/sustainability\/2019-01-15\/watt-dor-zum-zwoelften-mal-wurde-der-schweizer-energiepreis-verliehen\/#breadcrumb"},"inLanguage":"it-IT","potentialAction":[{"@type":"ReadAction","target":["https:\/\/www.organisator.ch\/sustainability\/2019-01-15\/watt-dor-zum-zwoelften-mal-wurde-der-schweizer-energiepreis-verliehen\/"]}]},{"@type":"ImageObject","inLanguage":"it-IT","@id":"https:\/\/www.organisator.ch\/sustainability\/2019-01-15\/watt-dor-zum-zwoelften-mal-wurde-der-schweizer-energiepreis-verliehen\/#primaryimage","url":"https:\/\/www.organisator.ch\/wp-content\/uploads\/2019\/01\/Prix_Watt_Dor_2019_UP_Umweltperspektiven.jpg","contentUrl":"https:\/\/www.organisator.ch\/wp-content\/uploads\/2019\/01\/Prix_Watt_Dor_2019_UP_Umweltperspektiven.jpg","width":2048,"height":1465},{"@type":"BreadcrumbList","@id":"https:\/\/www.organisator.ch\/sustainability\/2019-01-15\/watt-dor-zum-zwoelften-mal-wurde-der-schweizer-energiepreis-verliehen\/#breadcrumb","itemListElement":[{"@type":"ListItem","position":1,"name":"Home","item":"https:\/\/www.organisator.ch\/"},{"@type":"ListItem","position":2,"name":"Watt d&#8217;Or: Zum zw\u00f6lften Mal wurde der Schweizer Energiepreis verliehen"}]},{"@type":"WebSite","@id":"https:\/\/www.organisator.ch\/#website","url":"https:\/\/www.organisator.ch\/","name":"Organizzatore","description":"Competente. Pratico. In 10 numeri all'anno, ORGANISATOR presenta i temi essenziali per i manager delle PMI.","publisher":{"@id":"https:\/\/www.organisator.ch\/#organization"},"potentialAction":[{"@type":"SearchAction","target":{"@type":"EntryPoint","urlTemplate":"https:\/\/www.organisator.ch\/?s={search_term_string}"},"query-input":{"@type":"PropertyValueSpecification","valueRequired":true,"valueName":"search_term_string"}}],"inLanguage":"it-IT"},{"@type":"Organization","@id":"https:\/\/www.organisator.ch\/#organization","name":"Organizzatore","url":"https:\/\/www.organisator.ch\/","logo":{"@type":"ImageObject","inLanguage":"it-IT","@id":"https:\/\/www.organisator.ch\/#\/schema\/logo\/image\/","url":"https:\/\/www.organisator.ch\/wp-content\/uploads\/2022\/01\/Logo_Organisator_Website.png","contentUrl":"https:\/\/www.organisator.ch\/wp-content\/uploads\/2022\/01\/Logo_Organisator_Website.png","width":800,"height":77,"caption":"Organisator"},"image":{"@id":"https:\/\/www.organisator.ch\/#\/schema\/logo\/image\/"},"sameAs":["https:\/\/www.facebook.com\/OrganisatorFachmagazin","https:\/\/www.linkedin.com\/showcase\/organisator-das-magazin-fr-kmu","https:\/\/www.xing.com\/news\/pages\/organisator-ch-695","https:\/\/www.youtube.com\/channel\/UCGP2Sq0iWaZwT3BdIAQFYpw"]},{"@type":"Person","@id":"https:\/\/www.organisator.ch\/#\/schema\/person\/134708ca9321c57b0362cceb7948ffbd","name":"michael.merz","image":{"@type":"ImageObject","inLanguage":"it-IT","@id":"https:\/\/secure.gravatar.com\/avatar\/?s=96&d=mm&r=g","url":"https:\/\/secure.gravatar.com\/avatar\/?s=96&d=mm&r=g","contentUrl":"https:\/\/secure.gravatar.com\/avatar\/?s=96&d=mm&r=g","caption":"michael.merz"},"url":"https:\/\/www.organisator.ch\/it\/author\/michael-merz\/"}]}},"_links":{"self":[{"href":"https:\/\/www.organisator.ch\/it\/wp-json\/wp\/v2\/posts\/1943","targetHints":{"allow":["GET"]}}],"collection":[{"href":"https:\/\/www.organisator.ch\/it\/wp-json\/wp\/v2\/posts"}],"about":[{"href":"https:\/\/www.organisator.ch\/it\/wp-json\/wp\/v2\/types\/post"}],"author":[{"embeddable":true,"href":"https:\/\/www.organisator.ch\/it\/wp-json\/wp\/v2\/users\/5"}],"replies":[{"embeddable":true,"href":"https:\/\/www.organisator.ch\/it\/wp-json\/wp\/v2\/comments?post=1943"}],"version-history":[{"count":1,"href":"https:\/\/www.organisator.ch\/it\/wp-json\/wp\/v2\/posts\/1943\/revisions"}],"predecessor-version":[{"id":10562,"href":"https:\/\/www.organisator.ch\/it\/wp-json\/wp\/v2\/posts\/1943\/revisions\/10562"}],"wp:featuredmedia":[{"embeddable":true,"href":"https:\/\/www.organisator.ch\/it\/wp-json\/wp\/v2\/media\/9578"}],"wp:attachment":[{"href":"https:\/\/www.organisator.ch\/it\/wp-json\/wp\/v2\/media?parent=1943"}],"wp:term":[{"taxonomy":"category","embeddable":true,"href":"https:\/\/www.organisator.ch\/it\/wp-json\/wp\/v2\/categories?post=1943"},{"taxonomy":"post_tag","embeddable":true,"href":"https:\/\/www.organisator.ch\/it\/wp-json\/wp\/v2\/tags?post=1943"}],"curies":[{"name":"wp","href":"https:\/\/api.w.org\/{rel}","templated":true}]}}