{"id":19433,"date":"2023-03-27T13:57:28","date_gmt":"2023-03-27T11:57:28","guid":{"rendered":"https:\/\/www.werbewoche.ch\/?p=195191"},"modified":"2024-11-18T07:15:00","modified_gmt":"2024-11-18T06:15:00","slug":"blueheart-schafft-neues-erscheinungsbild-fuer-suter-inox","status":"publish","type":"post","link":"https:\/\/www.organisator.ch\/it\/marketing\/2023-03-27\/blueheart-schafft-neues-erscheinungsbild-fuer-suter-inox\/","title":{"rendered":"Blueheart crea una nuova immagine per Suter Inox"},"content":{"rendered":"<p><img class=\"aligncenter wp-image-195194 size-full\" src=\"https:\/\/www.werbewoche.ch\/wp-content\/uploads\/2023\/03\/suter-rebranding-beitragsbild.jpg\" alt=\"Suter\" width=\"1200\" height=\"799\" \/><\/p>\r\n<p>L'azienda familiare Suter vanta 75 anni di storia e negli ultimi anni si \u00e8 trasformata da specialista in lavelli e prodotti in acciaio inox su misura a fornitore di cucine complete con una gamma di prodotti completa.<\/p>\r\n<p>Per essere all'altezza del motto \"Pronti per il cambiamento - pronti per il futuro\", il Comitato esecutivo, insieme al Consiglio di amministrazione, ha deciso di affrontare un rebranding.<\/p>\r\n<p>Evoluzione anzich\u00e9 rivoluzione\" \u00e8 stato il motto del processo di rebranding. La nuova immagine fresca e il posizionamento \"Il plus per la cucina\" intendono sottolineare la pretesa di Suter di essere un'azienda familiare innovativa e al passo con i tempi, di offrire un reale valore aggiunto attraverso prodotti e servizi di alta qualit\u00e0 e di continuare a svilupparsi. Oltre al libro premio, Blueheart ha progettato anche diversi mezzi di comunicazione online e offline.<\/p>\r\n<p><img class=\"aligncenter size-full wp-image-195195\" src=\"https:\/\/www.werbewoche.ch\/wp-content\/uploads\/2023\/03\/suter-rebranding-projektbild-cover.jpg\" alt=\"\" width=\"1200\" height=\"800\" \/> <img class=\"aligncenter size-full wp-image-195193\" src=\"https:\/\/www.werbewoche.ch\/wp-content\/uploads\/2023\/03\/suter-rebranding-projektbild-magazin-2.jpg\" alt=\"\" width=\"1200\" height=\"800\" \/> <img class=\"aligncenter size-full wp-image-195192\" src=\"https:\/\/www.werbewoche.ch\/wp-content\/uploads\/2023\/03\/suter-rebranding-projektbild-magazin-1.jpg\" alt=\"\" width=\"1200\" height=\"800\" \/><\/p>\r\n<hr \/>\r\n<p><strong>Responsabile presso Suter:<\/strong> Marco Suter (CEO); Christine Roth (responsabile marketing); Damaris Wellmann (comunicazione). <strong>Responsabile di Blueheart:<\/strong> Gregor Meyer (CEO); Hanno Lietz (CD Text\/Concept); Olivier Kilchherr (CD Art); Fr\u00e9d\u00e9ric Renzen (Workshops \/ Strategy); Kristjana Lleshaj (Consulting).<\/p>","protected":false},"excerpt":{"rendered":"<p>Das Familienunternehmen Suter blickt auf eine 75-j\u00e4hrige Geschichte zur\u00fcck und hat sich in den letzten Jahren vom Spezialisten f\u00fcr Sp\u00fclen und Edelstahl-Massanfertigungen zum ganzheitlichen K\u00fcchenausstatter mit einem umfassenden Angebot weiterentwickelt. Um dem Motto \u00abBereit f\u00fcr Ver\u00e4nderungen \u2013 bereit f\u00fcr die Zukunft\u00bb gerecht zu werden, hat die Gesch\u00e4ftsleitung gemeinsam mit dem Verwaltungsrat beschlossen, ein Rebranding anzupacken. [\u2026]<\/p>\n","protected":false},"author":8,"featured_media":0,"comment_status":"closed","ping_status":"closed","sticky":false,"template":"","format":"standard","meta":{"_acf_changed":false,"_yoast_wpseo_focuskw":"Suter","_yoast_wpseo_metadesc":"Suter: 75 Jahre Innovation. Neues Erscheinungsbild und Positionierung als f\u00fchrender K\u00fcchenausstatter.","articlekey":"","footnotes":""},"categories":[29],"tags":[3697],"class_list":["post-19433","post","type-post","status-publish","format-standard","hentry","category-marketing","tag-blueheart"],"acf":[],"yoast_head":"<!-- This site is optimized with the Yoast SEO plugin v27.5 - https:\/\/yoast.com\/product\/yoast-seo-wordpress\/ -->\n<title>Blueheart schafft neues Erscheinungsbild f\u00fcr Suter Inox - Organisator<\/title>\n<meta name=\"description\" content=\"Suter: 75 Jahre Innovation. Neues Erscheinungsbild und Positionierung als f\u00fchrender K\u00fcchenausstatter.\" \/>\n<meta name=\"robots\" content=\"index, follow, max-snippet:-1, max-image-preview:large, max-video-preview:-1\" \/>\n<link rel=\"canonical\" href=\"https:\/\/www.organisator.ch\/it\/marketing\/2023-03-27\/blueheart-schafft-neues-erscheinungsbild-fuer-suter-inox\/\" \/>\n<meta property=\"og:locale\" content=\"it_IT\" \/>\n<meta property=\"og:type\" content=\"article\" \/>\n<meta property=\"og:title\" content=\"Blueheart schafft neues Erscheinungsbild f\u00fcr Suter Inox - Organisator\" \/>\n<meta property=\"og:description\" content=\"Suter: 75 Jahre Innovation. Neues Erscheinungsbild und Positionierung als f\u00fchrender K\u00fcchenausstatter.\" \/>\n<meta property=\"og:url\" content=\"https:\/\/www.organisator.ch\/it\/marketing\/2023-03-27\/blueheart-schafft-neues-erscheinungsbild-fuer-suter-inox\/\" \/>\n<meta property=\"og:site_name\" content=\"Organisator\" \/>\n<meta property=\"article:publisher\" content=\"https:\/\/www.facebook.com\/OrganisatorFachmagazin\" \/>\n<meta property=\"article:published_time\" content=\"2023-03-27T11:57:28+00:00\" \/>\n<meta property=\"article:modified_time\" content=\"2024-11-18T06:15:00+00:00\" \/>\n<meta name=\"author\" content=\"galledia\" \/>\n<meta name=\"twitter:card\" content=\"summary_large_image\" \/>\n<meta name=\"twitter:creator\" content=\"@admin\" \/>\n<script type=\"application\/ld+json\" class=\"yoast-schema-graph\">{\"@context\":\"https:\\\/\\\/schema.org\",\"@graph\":[{\"@type\":\"Article\",\"@id\":\"https:\\\/\\\/www.organisator.ch\\\/marketing\\\/2023-03-27\\\/blueheart-schafft-neues-erscheinungsbild-fuer-suter-inox\\\/#article\",\"isPartOf\":{\"@id\":\"https:\\\/\\\/www.organisator.ch\\\/marketing\\\/2023-03-27\\\/blueheart-schafft-neues-erscheinungsbild-fuer-suter-inox\\\/\"},\"author\":{\"name\":\"galledia\",\"@id\":\"https:\\\/\\\/www.organisator.ch\\\/#\\\/schema\\\/person\\\/4e51799071cd2dd1232ac003643ef5f0\"},\"headline\":\"Blueheart schafft neues Erscheinungsbild f\u00fcr Suter Inox\",\"datePublished\":\"2023-03-27T11:57:28+00:00\",\"dateModified\":\"2024-11-18T06:15:00+00:00\",\"mainEntityOfPage\":{\"@id\":\"https:\\\/\\\/www.organisator.ch\\\/marketing\\\/2023-03-27\\\/blueheart-schafft-neues-erscheinungsbild-fuer-suter-inox\\\/\"},\"wordCount\":171,\"publisher\":{\"@id\":\"https:\\\/\\\/www.organisator.ch\\\/#organization\"},\"image\":{\"@id\":\"https:\\\/\\\/www.organisator.ch\\\/marketing\\\/2023-03-27\\\/blueheart-schafft-neues-erscheinungsbild-fuer-suter-inox\\\/#primaryimage\"},\"thumbnailUrl\":\"https:\\\/\\\/www.werbewoche.ch\\\/wp-content\\\/uploads\\\/2023\\\/03\\\/suter-rebranding-beitragsbild.jpg\",\"keywords\":[\"Blueheart\"],\"articleSection\":[\"MARKETING\"],\"inLanguage\":\"it-IT\"},{\"@type\":\"WebPage\",\"@id\":\"https:\\\/\\\/www.organisator.ch\\\/marketing\\\/2023-03-27\\\/blueheart-schafft-neues-erscheinungsbild-fuer-suter-inox\\\/\",\"url\":\"https:\\\/\\\/www.organisator.ch\\\/marketing\\\/2023-03-27\\\/blueheart-schafft-neues-erscheinungsbild-fuer-suter-inox\\\/\",\"name\":\"Blueheart schafft neues Erscheinungsbild f\u00fcr Suter Inox - Organisator\",\"isPartOf\":{\"@id\":\"https:\\\/\\\/www.organisator.ch\\\/#website\"},\"primaryImageOfPage\":{\"@id\":\"https:\\\/\\\/www.organisator.ch\\\/marketing\\\/2023-03-27\\\/blueheart-schafft-neues-erscheinungsbild-fuer-suter-inox\\\/#primaryimage\"},\"image\":{\"@id\":\"https:\\\/\\\/www.organisator.ch\\\/marketing\\\/2023-03-27\\\/blueheart-schafft-neues-erscheinungsbild-fuer-suter-inox\\\/#primaryimage\"},\"thumbnailUrl\":\"https:\\\/\\\/www.werbewoche.ch\\\/wp-content\\\/uploads\\\/2023\\\/03\\\/suter-rebranding-beitragsbild.jpg\",\"datePublished\":\"2023-03-27T11:57:28+00:00\",\"dateModified\":\"2024-11-18T06:15:00+00:00\",\"description\":\"Suter: 75 Jahre Innovation. Neues Erscheinungsbild und Positionierung als f\u00fchrender K\u00fcchenausstatter.\",\"breadcrumb\":{\"@id\":\"https:\\\/\\\/www.organisator.ch\\\/marketing\\\/2023-03-27\\\/blueheart-schafft-neues-erscheinungsbild-fuer-suter-inox\\\/#breadcrumb\"},\"inLanguage\":\"it-IT\",\"potentialAction\":[{\"@type\":\"ReadAction\",\"target\":[\"https:\\\/\\\/www.organisator.ch\\\/marketing\\\/2023-03-27\\\/blueheart-schafft-neues-erscheinungsbild-fuer-suter-inox\\\/\"]}]},{\"@type\":\"ImageObject\",\"inLanguage\":\"it-IT\",\"@id\":\"https:\\\/\\\/www.organisator.ch\\\/marketing\\\/2023-03-27\\\/blueheart-schafft-neues-erscheinungsbild-fuer-suter-inox\\\/#primaryimage\",\"url\":\"https:\\\/\\\/www.werbewoche.ch\\\/wp-content\\\/uploads\\\/2023\\\/03\\\/suter-rebranding-beitragsbild.jpg\",\"contentUrl\":\"https:\\\/\\\/www.werbewoche.ch\\\/wp-content\\\/uploads\\\/2023\\\/03\\\/suter-rebranding-beitragsbild.jpg\"},{\"@type\":\"BreadcrumbList\",\"@id\":\"https:\\\/\\\/www.organisator.ch\\\/marketing\\\/2023-03-27\\\/blueheart-schafft-neues-erscheinungsbild-fuer-suter-inox\\\/#breadcrumb\",\"itemListElement\":[{\"@type\":\"ListItem\",\"position\":1,\"name\":\"Home\",\"item\":\"https:\\\/\\\/www.organisator.ch\\\/\"},{\"@type\":\"ListItem\",\"position\":2,\"name\":\"Blueheart schafft neues Erscheinungsbild f\u00fcr Suter Inox\"}]},{\"@type\":\"WebSite\",\"@id\":\"https:\\\/\\\/www.organisator.ch\\\/#website\",\"url\":\"https:\\\/\\\/www.organisator.ch\\\/\",\"name\":\"Organisator\",\"description\":\"Kompetent. Praxisnah. Der ORGANISATOR bereitet in 10 Ausgaben pro Jahr die wesentlichen Themen f\u00fcr F\u00fchrungskr\u00e4fte von KMU auf.\",\"publisher\":{\"@id\":\"https:\\\/\\\/www.organisator.ch\\\/#organization\"},\"potentialAction\":[{\"@type\":\"SearchAction\",\"target\":{\"@type\":\"EntryPoint\",\"urlTemplate\":\"https:\\\/\\\/www.organisator.ch\\\/?s={search_term_string}\"},\"query-input\":{\"@type\":\"PropertyValueSpecification\",\"valueRequired\":true,\"valueName\":\"search_term_string\"}}],\"inLanguage\":\"it-IT\"},{\"@type\":\"Organization\",\"@id\":\"https:\\\/\\\/www.organisator.ch\\\/#organization\",\"name\":\"Organisator\",\"url\":\"https:\\\/\\\/www.organisator.ch\\\/\",\"logo\":{\"@type\":\"ImageObject\",\"inLanguage\":\"it-IT\",\"@id\":\"https:\\\/\\\/www.organisator.ch\\\/#\\\/schema\\\/logo\\\/image\\\/\",\"url\":\"https:\\\/\\\/www.organisator.ch\\\/wp-content\\\/uploads\\\/2022\\\/01\\\/Logo_Organisator_Website.png\",\"contentUrl\":\"https:\\\/\\\/www.organisator.ch\\\/wp-content\\\/uploads\\\/2022\\\/01\\\/Logo_Organisator_Website.png\",\"width\":800,\"height\":77,\"caption\":\"Organisator\"},\"image\":{\"@id\":\"https:\\\/\\\/www.organisator.ch\\\/#\\\/schema\\\/logo\\\/image\\\/\"},\"sameAs\":[\"https:\\\/\\\/www.facebook.com\\\/OrganisatorFachmagazin\",\"https:\\\/\\\/www.linkedin.com\\\/showcase\\\/organisator-das-magazin-fr-kmu\",\"https:\\\/\\\/www.xing.com\\\/news\\\/pages\\\/organisator-ch-695\",\"https:\\\/\\\/www.youtube.com\\\/channel\\\/UCGP2Sq0iWaZwT3BdIAQFYpw\"]},{\"@type\":\"Person\",\"@id\":\"https:\\\/\\\/www.organisator.ch\\\/#\\\/schema\\\/person\\\/4e51799071cd2dd1232ac003643ef5f0\",\"name\":\"galledia\",\"image\":{\"@type\":\"ImageObject\",\"inLanguage\":\"it-IT\",\"@id\":\"https:\\\/\\\/secure.gravatar.com\\\/avatar\\\/78a7f90c01fc2bfc875782a0d4922b37cde2cf184ce347b91316d23cd7f69a36?s=96&d=mm&r=g\",\"url\":\"https:\\\/\\\/secure.gravatar.com\\\/avatar\\\/78a7f90c01fc2bfc875782a0d4922b37cde2cf184ce347b91316d23cd7f69a36?s=96&d=mm&r=g\",\"contentUrl\":\"https:\\\/\\\/secure.gravatar.com\\\/avatar\\\/78a7f90c01fc2bfc875782a0d4922b37cde2cf184ce347b91316d23cd7f69a36?s=96&d=mm&r=g\",\"caption\":\"galledia\"},\"sameAs\":[\"https:\\\/\\\/x.com\\\/admin\"],\"url\":\"https:\\\/\\\/www.organisator.ch\\\/it\\\/author\\\/galledia\\\/\"}]}<\/script>\n<!-- \/ Yoast SEO plugin. -->","yoast_head_json":{"title":"Blueheart crea una nuova immagine per Suter Inox - Organizzatore","description":"Suter: 75 anni di innovazione. Nuova immagine e posizionamento come leader nel settore delle cucine.","robots":{"index":"index","follow":"follow","max-snippet":"max-snippet:-1","max-image-preview":"max-image-preview:large","max-video-preview":"max-video-preview:-1"},"canonical":"https:\/\/www.organisator.ch\/it\/marketing\/2023-03-27\/blueheart-schafft-neues-erscheinungsbild-fuer-suter-inox\/","og_locale":"it_IT","og_type":"article","og_title":"Blueheart schafft neues Erscheinungsbild f\u00fcr Suter Inox - Organisator","og_description":"Suter: 75 Jahre Innovation. Neues Erscheinungsbild und Positionierung als f\u00fchrender K\u00fcchenausstatter.","og_url":"https:\/\/www.organisator.ch\/it\/marketing\/2023-03-27\/blueheart-schafft-neues-erscheinungsbild-fuer-suter-inox\/","og_site_name":"Organisator","article_publisher":"https:\/\/www.facebook.com\/OrganisatorFachmagazin","article_published_time":"2023-03-27T11:57:28+00:00","article_modified_time":"2024-11-18T06:15:00+00:00","author":"galledia","twitter_card":"summary_large_image","twitter_creator":"@admin","schema":{"@context":"https:\/\/schema.org","@graph":[{"@type":"Article","@id":"https:\/\/www.organisator.ch\/marketing\/2023-03-27\/blueheart-schafft-neues-erscheinungsbild-fuer-suter-inox\/#article","isPartOf":{"@id":"https:\/\/www.organisator.ch\/marketing\/2023-03-27\/blueheart-schafft-neues-erscheinungsbild-fuer-suter-inox\/"},"author":{"name":"galledia","@id":"https:\/\/www.organisator.ch\/#\/schema\/person\/4e51799071cd2dd1232ac003643ef5f0"},"headline":"Blueheart schafft neues Erscheinungsbild f\u00fcr Suter Inox","datePublished":"2023-03-27T11:57:28+00:00","dateModified":"2024-11-18T06:15:00+00:00","mainEntityOfPage":{"@id":"https:\/\/www.organisator.ch\/marketing\/2023-03-27\/blueheart-schafft-neues-erscheinungsbild-fuer-suter-inox\/"},"wordCount":171,"publisher":{"@id":"https:\/\/www.organisator.ch\/#organization"},"image":{"@id":"https:\/\/www.organisator.ch\/marketing\/2023-03-27\/blueheart-schafft-neues-erscheinungsbild-fuer-suter-inox\/#primaryimage"},"thumbnailUrl":"https:\/\/www.werbewoche.ch\/wp-content\/uploads\/2023\/03\/suter-rebranding-beitragsbild.jpg","keywords":["Blueheart"],"articleSection":["MARKETING"],"inLanguage":"it-IT"},{"@type":"WebPage","@id":"https:\/\/www.organisator.ch\/marketing\/2023-03-27\/blueheart-schafft-neues-erscheinungsbild-fuer-suter-inox\/","url":"https:\/\/www.organisator.ch\/marketing\/2023-03-27\/blueheart-schafft-neues-erscheinungsbild-fuer-suter-inox\/","name":"Blueheart crea una nuova immagine per Suter Inox - Organizzatore","isPartOf":{"@id":"https:\/\/www.organisator.ch\/#website"},"primaryImageOfPage":{"@id":"https:\/\/www.organisator.ch\/marketing\/2023-03-27\/blueheart-schafft-neues-erscheinungsbild-fuer-suter-inox\/#primaryimage"},"image":{"@id":"https:\/\/www.organisator.ch\/marketing\/2023-03-27\/blueheart-schafft-neues-erscheinungsbild-fuer-suter-inox\/#primaryimage"},"thumbnailUrl":"https:\/\/www.werbewoche.ch\/wp-content\/uploads\/2023\/03\/suter-rebranding-beitragsbild.jpg","datePublished":"2023-03-27T11:57:28+00:00","dateModified":"2024-11-18T06:15:00+00:00","description":"Suter: 75 anni di innovazione. Nuova immagine e posizionamento come leader nel settore delle cucine.","breadcrumb":{"@id":"https:\/\/www.organisator.ch\/marketing\/2023-03-27\/blueheart-schafft-neues-erscheinungsbild-fuer-suter-inox\/#breadcrumb"},"inLanguage":"it-IT","potentialAction":[{"@type":"ReadAction","target":["https:\/\/www.organisator.ch\/marketing\/2023-03-27\/blueheart-schafft-neues-erscheinungsbild-fuer-suter-inox\/"]}]},{"@type":"ImageObject","inLanguage":"it-IT","@id":"https:\/\/www.organisator.ch\/marketing\/2023-03-27\/blueheart-schafft-neues-erscheinungsbild-fuer-suter-inox\/#primaryimage","url":"https:\/\/www.werbewoche.ch\/wp-content\/uploads\/2023\/03\/suter-rebranding-beitragsbild.jpg","contentUrl":"https:\/\/www.werbewoche.ch\/wp-content\/uploads\/2023\/03\/suter-rebranding-beitragsbild.jpg"},{"@type":"BreadcrumbList","@id":"https:\/\/www.organisator.ch\/marketing\/2023-03-27\/blueheart-schafft-neues-erscheinungsbild-fuer-suter-inox\/#breadcrumb","itemListElement":[{"@type":"ListItem","position":1,"name":"Home","item":"https:\/\/www.organisator.ch\/"},{"@type":"ListItem","position":2,"name":"Blueheart schafft neues Erscheinungsbild f\u00fcr Suter Inox"}]},{"@type":"WebSite","@id":"https:\/\/www.organisator.ch\/#website","url":"https:\/\/www.organisator.ch\/","name":"Organizzatore","description":"Competente. Pratico. In 10 numeri all'anno, ORGANISATOR presenta i temi essenziali per i manager delle PMI.","publisher":{"@id":"https:\/\/www.organisator.ch\/#organization"},"potentialAction":[{"@type":"SearchAction","target":{"@type":"EntryPoint","urlTemplate":"https:\/\/www.organisator.ch\/?s={search_term_string}"},"query-input":{"@type":"PropertyValueSpecification","valueRequired":true,"valueName":"search_term_string"}}],"inLanguage":"it-IT"},{"@type":"Organization","@id":"https:\/\/www.organisator.ch\/#organization","name":"Organizzatore","url":"https:\/\/www.organisator.ch\/","logo":{"@type":"ImageObject","inLanguage":"it-IT","@id":"https:\/\/www.organisator.ch\/#\/schema\/logo\/image\/","url":"https:\/\/www.organisator.ch\/wp-content\/uploads\/2022\/01\/Logo_Organisator_Website.png","contentUrl":"https:\/\/www.organisator.ch\/wp-content\/uploads\/2022\/01\/Logo_Organisator_Website.png","width":800,"height":77,"caption":"Organisator"},"image":{"@id":"https:\/\/www.organisator.ch\/#\/schema\/logo\/image\/"},"sameAs":["https:\/\/www.facebook.com\/OrganisatorFachmagazin","https:\/\/www.linkedin.com\/showcase\/organisator-das-magazin-fr-kmu","https:\/\/www.xing.com\/news\/pages\/organisator-ch-695","https:\/\/www.youtube.com\/channel\/UCGP2Sq0iWaZwT3BdIAQFYpw"]},{"@type":"Person","@id":"https:\/\/www.organisator.ch\/#\/schema\/person\/4e51799071cd2dd1232ac003643ef5f0","name":"galledia","image":{"@type":"ImageObject","inLanguage":"it-IT","@id":"https:\/\/secure.gravatar.com\/avatar\/78a7f90c01fc2bfc875782a0d4922b37cde2cf184ce347b91316d23cd7f69a36?s=96&d=mm&r=g","url":"https:\/\/secure.gravatar.com\/avatar\/78a7f90c01fc2bfc875782a0d4922b37cde2cf184ce347b91316d23cd7f69a36?s=96&d=mm&r=g","contentUrl":"https:\/\/secure.gravatar.com\/avatar\/78a7f90c01fc2bfc875782a0d4922b37cde2cf184ce347b91316d23cd7f69a36?s=96&d=mm&r=g","caption":"galledia"},"sameAs":["https:\/\/x.com\/admin"],"url":"https:\/\/www.organisator.ch\/it\/author\/galledia\/"}]}},"_links":{"self":[{"href":"https:\/\/www.organisator.ch\/it\/wp-json\/wp\/v2\/posts\/19433","targetHints":{"allow":["GET"]}}],"collection":[{"href":"https:\/\/www.organisator.ch\/it\/wp-json\/wp\/v2\/posts"}],"about":[{"href":"https:\/\/www.organisator.ch\/it\/wp-json\/wp\/v2\/types\/post"}],"author":[{"embeddable":true,"href":"https:\/\/www.organisator.ch\/it\/wp-json\/wp\/v2\/users\/8"}],"replies":[{"embeddable":true,"href":"https:\/\/www.organisator.ch\/it\/wp-json\/wp\/v2\/comments?post=19433"}],"version-history":[{"count":2,"href":"https:\/\/www.organisator.ch\/it\/wp-json\/wp\/v2\/posts\/19433\/revisions"}],"predecessor-version":[{"id":33283,"href":"https:\/\/www.organisator.ch\/it\/wp-json\/wp\/v2\/posts\/19433\/revisions\/33283"}],"wp:attachment":[{"href":"https:\/\/www.organisator.ch\/it\/wp-json\/wp\/v2\/media?parent=19433"}],"wp:term":[{"taxonomy":"category","embeddable":true,"href":"https:\/\/www.organisator.ch\/it\/wp-json\/wp\/v2\/categories?post=19433"},{"taxonomy":"post_tag","embeddable":true,"href":"https:\/\/www.organisator.ch\/it\/wp-json\/wp\/v2\/tags?post=19433"}],"curies":[{"name":"wp","href":"https:\/\/api.w.org\/{rel}","templated":true}]}}