{"id":19467,"date":"2023-03-29T08:16:54","date_gmt":"2023-03-29T06:16:54","guid":{"rendered":"https:\/\/www.organisator.ch\/?p=19467"},"modified":"2023-04-25T13:41:45","modified_gmt":"2023-04-25T11:41:45","slug":"wie-sie-ihre-leute-garantiert-demotivieren","status":"publish","type":"post","link":"https:\/\/www.organisator.ch\/it\/management\/2023-03-29\/wie-sie-ihre-leute-garantiert-demotivieren\/","title":{"rendered":"Come demotivare il personale garantito"},"content":{"rendered":"<figure id=\"attachment_19468\" aria-describedby=\"caption-attachment-19468\" style=\"width: 680px\" class=\"wp-caption alignnone\"><img loading=\"lazy\" decoding=\"async\" class=\"size-full wp-image-19468\" src=\"https:\/\/www.organisator.ch\/wp-content\/uploads\/2023\/03\/Wie-Sie-Ihre-Leute-garantiert-demotivieren_Organisator.jpg\" alt=\"\" width=\"680\" height=\"453\" srcset=\"https:\/\/www.organisator.ch\/wp-content\/uploads\/2023\/03\/Wie-Sie-Ihre-Leute-garantiert-demotivieren_Organisator.jpg 680w, https:\/\/www.organisator.ch\/wp-content\/uploads\/2023\/03\/Wie-Sie-Ihre-Leute-garantiert-demotivieren_Organisator-18x12.jpg 18w, https:\/\/www.organisator.ch\/wp-content\/uploads\/2023\/03\/Wie-Sie-Ihre-Leute-garantiert-demotivieren_Organisator-375x250.jpg 375w, https:\/\/www.organisator.ch\/wp-content\/uploads\/2023\/03\/Wie-Sie-Ihre-Leute-garantiert-demotivieren_Organisator-525x350.jpg 525w\" sizes=\"auto, (max-width: 680px) 100vw, 680px\" \/><figcaption id=\"caption-attachment-19468\" class=\"wp-caption-text\">Annoiati e frustrati: Non sempre \u00e8 solo una questione di atteggiamento personale, anche la mancanza di leadership pu\u00f2 demotivare. (Immagine: Pixabay.com)<\/figcaption><\/figure>\n<p>Fondamentalmente, siamo tutti motivati. Ma siamo sempre demotivati da tutti i tipi di fattori (soprattutto dalla leadership). Pertanto, il vostro compito importante come leader \u00e8 quello di fermare la demotivazione, aumentando cos\u00ec indirettamente la motivazione dei vostri collaboratori. Ecco cinque cose che fanno demotivare i vostri collaboratori:<\/p>\n<h3><strong>1. trattate i vostri collaboratori come bambini<\/strong><\/h3>\n<p>So che sembra una provocazione, ma molti manager trattano i loro collaboratori come bambini. Questo si esprime nel linguaggio (\"Perch\u00e9 hai fatto cos\u00ec e non in un altro modo?\") e anche in molte norme, regolamenti e controlli ferrei. Se dichiarate che i vostri collaboratori sono immaturi, si comporteranno allo stesso modo. E solo perch\u00e9 ci sono stati uno o due casi in cui era necessario un maggiore controllo, non mettete tutti gli altri sotto processo imponendo ulteriori regole.<\/p>\n<h3><strong>2. dare sempre risposte immediate<\/strong><\/h3>\n<p>Pu\u00f2 sembrare strano, ma se date sempre risposte immediate a tutte le domande, demotivate gli altri. Questo perch\u00e9 si privano gli altri della possibilit\u00e0 di trovare da soli le risposte e le soluzioni. Se lo fate costantemente, i vostri collaboratori verranno da voi prima ancora di averci pensato. Questo \u00e8 tutt'altro che motivante e porta direttamente al servizio secondo le regole.<\/p>\n<h3><strong>3. rinviare le decisioni<\/strong><\/h3>\n<p>Lo vedo molto spesso, soprattutto nei team di leadership: le decisioni vengono ripetutamente rimandate o semplicemente perse. Oppure la decisione non viene comunicata. Le persone se ne accorgono: \"Tanto lass\u00f9 non decidono nulla!\". \u00c8 demotivante. Ogni leadership motivante \u00e8 un processo decisionale.<\/p>\n<h3><strong>4. avere paura di essere chiari<\/strong><\/h3>\n<p>\u00c8 incredibile, ma molti leader hanno paura di troppa chiarezza. Perch\u00e9 poi si \u00e8 costretti a sostenere le proprie affermazioni. La mancanza di chiarezza, invece, lascia aperte alcune opzioni. L'unica cosa \u00e8 che la mancanza di chiarezza crea incertezza e demotiva le persone. Dietro a questo c'\u00e8 spesso il bisogno di piacere molto. Ma questa non \u00e8 una buona leadership. A volte \u00e8 sufficiente \"mostrare un vantaggio\". Se lo si usa correttamente, ha un effetto motivante. L'ambiguit\u00e0 ha sempre l'effetto opposto.<\/p>\n<h3><strong>5. non affrontare le cose spiacevoli<\/strong><\/h3>\n<p>Se non si affrontano le cose spiacevoli, si demotivano le persone. Alla fine, questi sono i famosi \"scheletri nell'armadio\" che iniziano a puzzare. A proposito, un esempio comune \u00e8 rappresentato dalle decisioni sulle persone che non dovrebbero rimanere nel team a lungo termine.<\/p>\n<p><strong>Conclusione: <\/strong>Se smettete di fare queste cinque cose, la motivazione dei vostri collaboratori aumenter\u00e0. Provate.<\/p>\n<p><i><strong>All'autore:<\/strong><br \/>\n<\/i><em>Volkmar V\u00f6lzke \u00e8 un massimizzatore di successi. Autore del libro. Consulente. Allenatore. Altoparlante.\u00a0<a href=\"http:\/\/www.volkmarvoelzke.ch\/\">www.volkmarvoelzke.ch<\/a><\/em><\/p>","protected":false},"excerpt":{"rendered":"<p>Im Grunde sind wir alle motiviert. Doch wir alle werden durch alle m\u00f6glichen Faktoren (gerade durch das Leadership) immer wieder demotiviert. Deshalb ist es Ihre wichtige Aufgabe als Leader, immer wieder die Demotivation zu stoppen und dadurch indirekt die Motivation Ihrer Leute zu steigern. Hier sind f\u00fcnf Dinge, durch die Sie Ihre Leute demotivieren: 1. [&hellip;]<\/p>\n","protected":false},"author":4,"featured_media":19468,"comment_status":"closed","ping_status":"closed","sticky":false,"template":"","format":"standard","meta":{"_acf_changed":false,"_yoast_wpseo_focuskw":"demotivieren","_yoast_wpseo_metadesc":"Im Alltag finden sich immer wieder Faktoren, die uns demotivieren. Welche das sind, verr\u00e4t Volkmar V\u00f6lzke in seinem neuen Erfolgs-Impuls.","articlekey":"","footnotes":""},"categories":[28],"tags":[177,320,3607],"class_list":["post-19467","post","type-post","status-publish","format-standard","has-post-thumbnail","hentry","category-management","tag-erfolgs-impuls","tag-leadership","tag-motivation"],"acf":[],"yoast_head":"<!-- This site is optimized with the Yoast SEO plugin v27.5 - https:\/\/yoast.com\/product\/yoast-seo-wordpress\/ -->\n<title>Wie Sie Ihre Leute garantiert demotivieren - Organisator<\/title>\n<meta name=\"description\" content=\"Im Alltag finden sich immer wieder Faktoren, die uns demotivieren. Welche das sind, verr\u00e4t Volkmar V\u00f6lzke in seinem neuen Erfolgs-Impuls.\" \/>\n<meta name=\"robots\" content=\"index, follow, max-snippet:-1, max-image-preview:large, max-video-preview:-1\" \/>\n<link rel=\"canonical\" href=\"https:\/\/www.organisator.ch\/it\/gestione-2\/2023-03-29\/wie-sie-ihre-leute-garantiert-demotivieren\/\" \/>\n<meta property=\"og:locale\" content=\"it_IT\" \/>\n<meta property=\"og:type\" content=\"article\" \/>\n<meta property=\"og:title\" content=\"Wie Sie Ihre Leute garantiert demotivieren\" \/>\n<meta property=\"og:description\" content=\"Im Alltag finden sich immer wieder Faktoren, die uns demotivieren. Welche das sind, verr\u00e4t Volkmar V\u00f6lzke in seinem neuen Erfolgs-Impuls.\" \/>\n<meta property=\"og:url\" content=\"https:\/\/www.organisator.ch\/it\/gestione-2\/2023-03-29\/wie-sie-ihre-leute-garantiert-demotivieren\/\" \/>\n<meta property=\"og:site_name\" content=\"Organisator\" \/>\n<meta property=\"article:publisher\" content=\"https:\/\/www.facebook.com\/OrganisatorFachmagazin\" \/>\n<meta property=\"article:published_time\" content=\"2023-03-29T06:16:54+00:00\" \/>\n<meta property=\"article:modified_time\" content=\"2023-04-25T11:41:45+00:00\" \/>\n<meta property=\"og:image\" content=\"https:\/\/www.organisator.ch\/wp-content\/uploads\/2023\/03\/Wie-Sie-Ihre-Leute-garantiert-demotivieren_Organisator.jpg\" \/>\n\t<meta property=\"og:image:width\" content=\"680\" \/>\n\t<meta property=\"og:image:height\" content=\"453\" \/>\n\t<meta property=\"og:image:type\" content=\"image\/jpeg\" \/>\n<meta name=\"author\" content=\"thomas.berner\" \/>\n<meta name=\"twitter:card\" content=\"summary_large_image\" \/>\n<meta name=\"twitter:title\" content=\"Wie Sie Ihre Leute garantiert #demotivieren\" \/>\n<meta name=\"twitter:description\" content=\"Im #Alltag finden sich immer wieder #Faktoren, die uns #demotivieren. Welche das sind, verr\u00e4t Volkmar V\u00f6lzke in seinem neuen #Erfolgs-Impuls.\" \/>\n<meta name=\"twitter:image\" content=\"https:\/\/www.organisator.ch\/wp-content\/uploads\/2023\/03\/Wie-Sie-Ihre-Leute-garantiert-demotivieren_Organisator.jpg\" \/>\n<script type=\"application\/ld+json\" class=\"yoast-schema-graph\">{\"@context\":\"https:\\\/\\\/schema.org\",\"@graph\":[{\"@type\":\"Article\",\"@id\":\"https:\\\/\\\/www.organisator.ch\\\/management\\\/2023-03-29\\\/wie-sie-ihre-leute-garantiert-demotivieren\\\/#article\",\"isPartOf\":{\"@id\":\"https:\\\/\\\/www.organisator.ch\\\/management\\\/2023-03-29\\\/wie-sie-ihre-leute-garantiert-demotivieren\\\/\"},\"author\":{\"name\":\"thomas.berner\",\"@id\":\"https:\\\/\\\/www.organisator.ch\\\/#\\\/schema\\\/person\\\/6f650f90b2842cd4c0cc334b4e36f67e\"},\"headline\":\"Wie Sie Ihre Leute garantiert demotivieren\",\"datePublished\":\"2023-03-29T06:16:54+00:00\",\"dateModified\":\"2023-04-25T11:41:45+00:00\",\"mainEntityOfPage\":{\"@id\":\"https:\\\/\\\/www.organisator.ch\\\/management\\\/2023-03-29\\\/wie-sie-ihre-leute-garantiert-demotivieren\\\/\"},\"wordCount\":466,\"publisher\":{\"@id\":\"https:\\\/\\\/www.organisator.ch\\\/#organization\"},\"image\":{\"@id\":\"https:\\\/\\\/www.organisator.ch\\\/management\\\/2023-03-29\\\/wie-sie-ihre-leute-garantiert-demotivieren\\\/#primaryimage\"},\"thumbnailUrl\":\"https:\\\/\\\/www.organisator.ch\\\/wp-content\\\/uploads\\\/2023\\\/03\\\/Wie-Sie-Ihre-Leute-garantiert-demotivieren_Organisator.jpg\",\"keywords\":[\"Erfolgs-Impuls\",\"Leadership\",\"Motivation\"],\"articleSection\":[\"MANAGEMENT\"],\"inLanguage\":\"it-IT\"},{\"@type\":\"WebPage\",\"@id\":\"https:\\\/\\\/www.organisator.ch\\\/management\\\/2023-03-29\\\/wie-sie-ihre-leute-garantiert-demotivieren\\\/\",\"url\":\"https:\\\/\\\/www.organisator.ch\\\/management\\\/2023-03-29\\\/wie-sie-ihre-leute-garantiert-demotivieren\\\/\",\"name\":\"Wie Sie Ihre Leute garantiert demotivieren - Organisator\",\"isPartOf\":{\"@id\":\"https:\\\/\\\/www.organisator.ch\\\/#website\"},\"primaryImageOfPage\":{\"@id\":\"https:\\\/\\\/www.organisator.ch\\\/management\\\/2023-03-29\\\/wie-sie-ihre-leute-garantiert-demotivieren\\\/#primaryimage\"},\"image\":{\"@id\":\"https:\\\/\\\/www.organisator.ch\\\/management\\\/2023-03-29\\\/wie-sie-ihre-leute-garantiert-demotivieren\\\/#primaryimage\"},\"thumbnailUrl\":\"https:\\\/\\\/www.organisator.ch\\\/wp-content\\\/uploads\\\/2023\\\/03\\\/Wie-Sie-Ihre-Leute-garantiert-demotivieren_Organisator.jpg\",\"datePublished\":\"2023-03-29T06:16:54+00:00\",\"dateModified\":\"2023-04-25T11:41:45+00:00\",\"description\":\"Im Alltag finden sich immer wieder Faktoren, die uns demotivieren. Welche das sind, verr\u00e4t Volkmar V\u00f6lzke in seinem neuen Erfolgs-Impuls.\",\"breadcrumb\":{\"@id\":\"https:\\\/\\\/www.organisator.ch\\\/management\\\/2023-03-29\\\/wie-sie-ihre-leute-garantiert-demotivieren\\\/#breadcrumb\"},\"inLanguage\":\"it-IT\",\"potentialAction\":[{\"@type\":\"ReadAction\",\"target\":[\"https:\\\/\\\/www.organisator.ch\\\/management\\\/2023-03-29\\\/wie-sie-ihre-leute-garantiert-demotivieren\\\/\"]}]},{\"@type\":\"ImageObject\",\"inLanguage\":\"it-IT\",\"@id\":\"https:\\\/\\\/www.organisator.ch\\\/management\\\/2023-03-29\\\/wie-sie-ihre-leute-garantiert-demotivieren\\\/#primaryimage\",\"url\":\"https:\\\/\\\/www.organisator.ch\\\/wp-content\\\/uploads\\\/2023\\\/03\\\/Wie-Sie-Ihre-Leute-garantiert-demotivieren_Organisator.jpg\",\"contentUrl\":\"https:\\\/\\\/www.organisator.ch\\\/wp-content\\\/uploads\\\/2023\\\/03\\\/Wie-Sie-Ihre-Leute-garantiert-demotivieren_Organisator.jpg\",\"width\":680,\"height\":453,\"caption\":\"Gelangweilt und demotiviert: Nicht immer nur eine Frage der pers\u00f6nlichen Einstellung, sondern auch eine Frage der F\u00fchrung. (Bild: Pixabay.com)\"},{\"@type\":\"BreadcrumbList\",\"@id\":\"https:\\\/\\\/www.organisator.ch\\\/management\\\/2023-03-29\\\/wie-sie-ihre-leute-garantiert-demotivieren\\\/#breadcrumb\",\"itemListElement\":[{\"@type\":\"ListItem\",\"position\":1,\"name\":\"Home\",\"item\":\"https:\\\/\\\/www.organisator.ch\\\/\"},{\"@type\":\"ListItem\",\"position\":2,\"name\":\"Wie Sie Ihre Leute garantiert demotivieren\"}]},{\"@type\":\"WebSite\",\"@id\":\"https:\\\/\\\/www.organisator.ch\\\/#website\",\"url\":\"https:\\\/\\\/www.organisator.ch\\\/\",\"name\":\"Organisator\",\"description\":\"Kompetent. Praxisnah. Der ORGANISATOR bereitet in 10 Ausgaben pro Jahr die wesentlichen Themen f\u00fcr F\u00fchrungskr\u00e4fte von KMU auf.\",\"publisher\":{\"@id\":\"https:\\\/\\\/www.organisator.ch\\\/#organization\"},\"potentialAction\":[{\"@type\":\"SearchAction\",\"target\":{\"@type\":\"EntryPoint\",\"urlTemplate\":\"https:\\\/\\\/www.organisator.ch\\\/?s={search_term_string}\"},\"query-input\":{\"@type\":\"PropertyValueSpecification\",\"valueRequired\":true,\"valueName\":\"search_term_string\"}}],\"inLanguage\":\"it-IT\"},{\"@type\":\"Organization\",\"@id\":\"https:\\\/\\\/www.organisator.ch\\\/#organization\",\"name\":\"Organisator\",\"url\":\"https:\\\/\\\/www.organisator.ch\\\/\",\"logo\":{\"@type\":\"ImageObject\",\"inLanguage\":\"it-IT\",\"@id\":\"https:\\\/\\\/www.organisator.ch\\\/#\\\/schema\\\/logo\\\/image\\\/\",\"url\":\"https:\\\/\\\/www.organisator.ch\\\/wp-content\\\/uploads\\\/2022\\\/01\\\/Logo_Organisator_Website.png\",\"contentUrl\":\"https:\\\/\\\/www.organisator.ch\\\/wp-content\\\/uploads\\\/2022\\\/01\\\/Logo_Organisator_Website.png\",\"width\":800,\"height\":77,\"caption\":\"Organisator\"},\"image\":{\"@id\":\"https:\\\/\\\/www.organisator.ch\\\/#\\\/schema\\\/logo\\\/image\\\/\"},\"sameAs\":[\"https:\\\/\\\/www.facebook.com\\\/OrganisatorFachmagazin\",\"https:\\\/\\\/www.linkedin.com\\\/showcase\\\/organisator-das-magazin-fr-kmu\",\"https:\\\/\\\/www.xing.com\\\/news\\\/pages\\\/organisator-ch-695\",\"https:\\\/\\\/www.youtube.com\\\/channel\\\/UCGP2Sq0iWaZwT3BdIAQFYpw\"]},{\"@type\":\"Person\",\"@id\":\"https:\\\/\\\/www.organisator.ch\\\/#\\\/schema\\\/person\\\/6f650f90b2842cd4c0cc334b4e36f67e\",\"name\":\"thomas.berner\",\"image\":{\"@type\":\"ImageObject\",\"inLanguage\":\"it-IT\",\"@id\":\"https:\\\/\\\/secure.gravatar.com\\\/avatar\\\/ac5001d2a36cb6c6cd3e50789007ffca834b477b74a2144564522e944eabff61?s=96&d=mm&r=g\",\"url\":\"https:\\\/\\\/secure.gravatar.com\\\/avatar\\\/ac5001d2a36cb6c6cd3e50789007ffca834b477b74a2144564522e944eabff61?s=96&d=mm&r=g\",\"contentUrl\":\"https:\\\/\\\/secure.gravatar.com\\\/avatar\\\/ac5001d2a36cb6c6cd3e50789007ffca834b477b74a2144564522e944eabff61?s=96&d=mm&r=g\",\"caption\":\"thomas.berner\"},\"url\":\"https:\\\/\\\/www.organisator.ch\\\/it\\\/author\\\/thomas-berner\\\/\"}]}<\/script>\n<!-- \/ Yoast SEO plugin. -->","yoast_head_json":{"title":"Come demotivare il personale garantito - Organizzatore","description":"Nella vita di tutti i giorni, ci sono sempre fattori che ci demotivano. Volkmar V\u00f6lzke rivela quali sono questi fattori nel suo nuovo Success Impulse.","robots":{"index":"index","follow":"follow","max-snippet":"max-snippet:-1","max-image-preview":"max-image-preview:large","max-video-preview":"max-video-preview:-1"},"canonical":"https:\/\/www.organisator.ch\/it\/gestione-2\/2023-03-29\/wie-sie-ihre-leute-garantiert-demotivieren\/","og_locale":"it_IT","og_type":"article","og_title":"Wie Sie Ihre Leute garantiert demotivieren","og_description":"Im Alltag finden sich immer wieder Faktoren, die uns demotivieren. Welche das sind, verr\u00e4t Volkmar V\u00f6lzke in seinem neuen Erfolgs-Impuls.","og_url":"https:\/\/www.organisator.ch\/it\/gestione-2\/2023-03-29\/wie-sie-ihre-leute-garantiert-demotivieren\/","og_site_name":"Organisator","article_publisher":"https:\/\/www.facebook.com\/OrganisatorFachmagazin","article_published_time":"2023-03-29T06:16:54+00:00","article_modified_time":"2023-04-25T11:41:45+00:00","og_image":[{"width":680,"height":453,"url":"https:\/\/www.organisator.ch\/wp-content\/uploads\/2023\/03\/Wie-Sie-Ihre-Leute-garantiert-demotivieren_Organisator.jpg","type":"image\/jpeg"}],"author":"thomas.berner","twitter_card":"summary_large_image","twitter_title":"Wie Sie Ihre Leute garantiert #demotivieren","twitter_description":"Im #Alltag finden sich immer wieder #Faktoren, die uns #demotivieren. Welche das sind, verr\u00e4t Volkmar V\u00f6lzke in seinem neuen #Erfolgs-Impuls.","twitter_image":"https:\/\/www.organisator.ch\/wp-content\/uploads\/2023\/03\/Wie-Sie-Ihre-Leute-garantiert-demotivieren_Organisator.jpg","schema":{"@context":"https:\/\/schema.org","@graph":[{"@type":"Article","@id":"https:\/\/www.organisator.ch\/management\/2023-03-29\/wie-sie-ihre-leute-garantiert-demotivieren\/#article","isPartOf":{"@id":"https:\/\/www.organisator.ch\/management\/2023-03-29\/wie-sie-ihre-leute-garantiert-demotivieren\/"},"author":{"name":"thomas.berner","@id":"https:\/\/www.organisator.ch\/#\/schema\/person\/6f650f90b2842cd4c0cc334b4e36f67e"},"headline":"Wie Sie Ihre Leute garantiert demotivieren","datePublished":"2023-03-29T06:16:54+00:00","dateModified":"2023-04-25T11:41:45+00:00","mainEntityOfPage":{"@id":"https:\/\/www.organisator.ch\/management\/2023-03-29\/wie-sie-ihre-leute-garantiert-demotivieren\/"},"wordCount":466,"publisher":{"@id":"https:\/\/www.organisator.ch\/#organization"},"image":{"@id":"https:\/\/www.organisator.ch\/management\/2023-03-29\/wie-sie-ihre-leute-garantiert-demotivieren\/#primaryimage"},"thumbnailUrl":"https:\/\/www.organisator.ch\/wp-content\/uploads\/2023\/03\/Wie-Sie-Ihre-Leute-garantiert-demotivieren_Organisator.jpg","keywords":["Erfolgs-Impuls","Leadership","Motivation"],"articleSection":["MANAGEMENT"],"inLanguage":"it-IT"},{"@type":"WebPage","@id":"https:\/\/www.organisator.ch\/management\/2023-03-29\/wie-sie-ihre-leute-garantiert-demotivieren\/","url":"https:\/\/www.organisator.ch\/management\/2023-03-29\/wie-sie-ihre-leute-garantiert-demotivieren\/","name":"Come demotivare il personale garantito - Organizzatore","isPartOf":{"@id":"https:\/\/www.organisator.ch\/#website"},"primaryImageOfPage":{"@id":"https:\/\/www.organisator.ch\/management\/2023-03-29\/wie-sie-ihre-leute-garantiert-demotivieren\/#primaryimage"},"image":{"@id":"https:\/\/www.organisator.ch\/management\/2023-03-29\/wie-sie-ihre-leute-garantiert-demotivieren\/#primaryimage"},"thumbnailUrl":"https:\/\/www.organisator.ch\/wp-content\/uploads\/2023\/03\/Wie-Sie-Ihre-Leute-garantiert-demotivieren_Organisator.jpg","datePublished":"2023-03-29T06:16:54+00:00","dateModified":"2023-04-25T11:41:45+00:00","description":"Nella vita di tutti i giorni, ci sono sempre fattori che ci demotivano. Volkmar V\u00f6lzke rivela quali sono questi fattori nel suo nuovo Success Impulse.","breadcrumb":{"@id":"https:\/\/www.organisator.ch\/management\/2023-03-29\/wie-sie-ihre-leute-garantiert-demotivieren\/#breadcrumb"},"inLanguage":"it-IT","potentialAction":[{"@type":"ReadAction","target":["https:\/\/www.organisator.ch\/management\/2023-03-29\/wie-sie-ihre-leute-garantiert-demotivieren\/"]}]},{"@type":"ImageObject","inLanguage":"it-IT","@id":"https:\/\/www.organisator.ch\/management\/2023-03-29\/wie-sie-ihre-leute-garantiert-demotivieren\/#primaryimage","url":"https:\/\/www.organisator.ch\/wp-content\/uploads\/2023\/03\/Wie-Sie-Ihre-Leute-garantiert-demotivieren_Organisator.jpg","contentUrl":"https:\/\/www.organisator.ch\/wp-content\/uploads\/2023\/03\/Wie-Sie-Ihre-Leute-garantiert-demotivieren_Organisator.jpg","width":680,"height":453,"caption":"Gelangweilt und demotiviert: Nicht immer nur eine Frage der pers\u00f6nlichen Einstellung, sondern auch eine Frage der F\u00fchrung. (Bild: Pixabay.com)"},{"@type":"BreadcrumbList","@id":"https:\/\/www.organisator.ch\/management\/2023-03-29\/wie-sie-ihre-leute-garantiert-demotivieren\/#breadcrumb","itemListElement":[{"@type":"ListItem","position":1,"name":"Home","item":"https:\/\/www.organisator.ch\/"},{"@type":"ListItem","position":2,"name":"Wie Sie Ihre Leute garantiert demotivieren"}]},{"@type":"WebSite","@id":"https:\/\/www.organisator.ch\/#website","url":"https:\/\/www.organisator.ch\/","name":"Organizzatore","description":"Competente. Pratico. In 10 numeri all'anno, ORGANISATOR presenta i temi essenziali per i manager delle PMI.","publisher":{"@id":"https:\/\/www.organisator.ch\/#organization"},"potentialAction":[{"@type":"SearchAction","target":{"@type":"EntryPoint","urlTemplate":"https:\/\/www.organisator.ch\/?s={search_term_string}"},"query-input":{"@type":"PropertyValueSpecification","valueRequired":true,"valueName":"search_term_string"}}],"inLanguage":"it-IT"},{"@type":"Organization","@id":"https:\/\/www.organisator.ch\/#organization","name":"Organizzatore","url":"https:\/\/www.organisator.ch\/","logo":{"@type":"ImageObject","inLanguage":"it-IT","@id":"https:\/\/www.organisator.ch\/#\/schema\/logo\/image\/","url":"https:\/\/www.organisator.ch\/wp-content\/uploads\/2022\/01\/Logo_Organisator_Website.png","contentUrl":"https:\/\/www.organisator.ch\/wp-content\/uploads\/2022\/01\/Logo_Organisator_Website.png","width":800,"height":77,"caption":"Organisator"},"image":{"@id":"https:\/\/www.organisator.ch\/#\/schema\/logo\/image\/"},"sameAs":["https:\/\/www.facebook.com\/OrganisatorFachmagazin","https:\/\/www.linkedin.com\/showcase\/organisator-das-magazin-fr-kmu","https:\/\/www.xing.com\/news\/pages\/organisator-ch-695","https:\/\/www.youtube.com\/channel\/UCGP2Sq0iWaZwT3BdIAQFYpw"]},{"@type":"Person","@id":"https:\/\/www.organisator.ch\/#\/schema\/person\/6f650f90b2842cd4c0cc334b4e36f67e","name":"Tommaso.berner","image":{"@type":"ImageObject","inLanguage":"it-IT","@id":"https:\/\/secure.gravatar.com\/avatar\/ac5001d2a36cb6c6cd3e50789007ffca834b477b74a2144564522e944eabff61?s=96&d=mm&r=g","url":"https:\/\/secure.gravatar.com\/avatar\/ac5001d2a36cb6c6cd3e50789007ffca834b477b74a2144564522e944eabff61?s=96&d=mm&r=g","contentUrl":"https:\/\/secure.gravatar.com\/avatar\/ac5001d2a36cb6c6cd3e50789007ffca834b477b74a2144564522e944eabff61?s=96&d=mm&r=g","caption":"thomas.berner"},"url":"https:\/\/www.organisator.ch\/it\/author\/thomas-berner\/"}]}},"_links":{"self":[{"href":"https:\/\/www.organisator.ch\/it\/wp-json\/wp\/v2\/posts\/19467","targetHints":{"allow":["GET"]}}],"collection":[{"href":"https:\/\/www.organisator.ch\/it\/wp-json\/wp\/v2\/posts"}],"about":[{"href":"https:\/\/www.organisator.ch\/it\/wp-json\/wp\/v2\/types\/post"}],"author":[{"embeddable":true,"href":"https:\/\/www.organisator.ch\/it\/wp-json\/wp\/v2\/users\/4"}],"replies":[{"embeddable":true,"href":"https:\/\/www.organisator.ch\/it\/wp-json\/wp\/v2\/comments?post=19467"}],"version-history":[{"count":1,"href":"https:\/\/www.organisator.ch\/it\/wp-json\/wp\/v2\/posts\/19467\/revisions"}],"predecessor-version":[{"id":19469,"href":"https:\/\/www.organisator.ch\/it\/wp-json\/wp\/v2\/posts\/19467\/revisions\/19469"}],"wp:featuredmedia":[{"embeddable":true,"href":"https:\/\/www.organisator.ch\/it\/wp-json\/wp\/v2\/media\/19468"}],"wp:attachment":[{"href":"https:\/\/www.organisator.ch\/it\/wp-json\/wp\/v2\/media?parent=19467"}],"wp:term":[{"taxonomy":"category","embeddable":true,"href":"https:\/\/www.organisator.ch\/it\/wp-json\/wp\/v2\/categories?post=19467"},{"taxonomy":"post_tag","embeddable":true,"href":"https:\/\/www.organisator.ch\/it\/wp-json\/wp\/v2\/tags?post=19467"}],"curies":[{"name":"wp","href":"https:\/\/api.w.org\/{rel}","templated":true}]}}