{"id":19580,"date":"2023-04-06T16:28:06","date_gmt":"2023-04-06T14:28:06","guid":{"rendered":"https:\/\/www.organisator.ch\/?p=19580"},"modified":"2023-04-06T16:28:06","modified_gmt":"2023-04-06T14:28:06","slug":"finalistinnen-und-finalisten-des-swiss-economic-award-sind-bekannt","status":"publish","type":"post","link":"https:\/\/www.organisator.ch\/it\/management\/2023-04-06\/finalistinnen-und-finalisten-des-swiss-economic-award-sind-bekannt\/","title":{"rendered":"I finalisti del Premio svizzero dell'economia sono noti"},"content":{"rendered":"<figure id=\"attachment_19582\" aria-describedby=\"caption-attachment-19582\" style=\"width: 680px\" class=\"wp-caption alignnone\"><img loading=\"lazy\" decoding=\"async\" class=\"size-medium wp-image-19582\" src=\"https:\/\/www.organisator.ch\/wp-content\/uploads\/2023\/04\/Finalistinnen-und-Finalisten-des-Swiss-Economic-Award-sind-bekannt_Organisator-680x456.jpg\" alt=\"\" width=\"680\" height=\"456\" srcset=\"https:\/\/www.organisator.ch\/wp-content\/uploads\/2023\/04\/Finalistinnen-und-Finalisten-des-Swiss-Economic-Award-sind-bekannt_Organisator-680x456.jpg 680w, https:\/\/www.organisator.ch\/wp-content\/uploads\/2023\/04\/Finalistinnen-und-Finalisten-des-Swiss-Economic-Award-sind-bekannt_Organisator-768x515.jpg 768w, https:\/\/www.organisator.ch\/wp-content\/uploads\/2023\/04\/Finalistinnen-und-Finalisten-des-Swiss-Economic-Award-sind-bekannt_Organisator-18x12.jpg 18w, https:\/\/www.organisator.ch\/wp-content\/uploads\/2023\/04\/Finalistinnen-und-Finalisten-des-Swiss-Economic-Award-sind-bekannt_Organisator-375x252.jpg 375w, https:\/\/www.organisator.ch\/wp-content\/uploads\/2023\/04\/Finalistinnen-und-Finalisten-des-Swiss-Economic-Award-sind-bekannt_Organisator-522x350.jpg 522w, https:\/\/www.organisator.ch\/wp-content\/uploads\/2023\/04\/Finalistinnen-und-Finalisten-des-Swiss-Economic-Award-sind-bekannt_Organisator.jpg 945w\" sizes=\"auto, (max-width: 680px) 100vw, 680px\" \/><figcaption id=\"caption-attachment-19582\" class=\"wp-caption-text\">Impressioni dalla presentazione dello Swiss Economic Award 2022. (Immagine: NZZ Connect)<\/figcaption><\/figure>\n<p>Il Premio economico svizzero (SEF) \u00e8, per sua stessa ammissione, il pi\u00f9 importante premio per le giovani imprese in Svizzera e quest'anno celebra il suo 25\u00b0 anniversario. L'ambito riconoscimento premia gli eccellenti risultati imprenditoriali nelle categorie servizi, deep tech\/life science e produzione\/commercio. Un team di esperti ha nominato nove aziende per la finale tra oltre 120 candidature presentate.<\/p>\n<p>I finalisti presenteranno la loro idea imprenditoriale durante lo Swiss Economic Forum, l'8 e il 9 giugno 2023, di fronte a una giuria rinomata e ad influenti attori dell'economia svizzera. I finalisti dello Swiss Economic Award 2023 sono:<\/p>\n<ul>\n<li><strong>Categoria Servizio:<\/strong> <a href=\"https:\/\/maptiler.ch\/de\/\">MapTiler AG<\/a> (Piattaforma cartografica per la creazione di mappe zoomabili), <a href=\"https:\/\/neho.ch\/de\">Proptech Partners SA \/ Neho<\/a> (agenzia immobiliare senza commissioni), <a href=\"https:\/\/unit8.com\/\">Unit\u00e08 SA<\/a> (societ\u00e0 di servizi dati dedicata ad aiutare le aziende non digitali a trasformare i dati in valore con una miscela di scienza dei dati, analisi e intelligenza artificiale).<\/li>\n<li><strong>Categoria Deeptech\/Scienza della vita:<\/strong> <a href=\"https:\/\/daphnetechnology.com\/\">Daphne Technology SA<\/a> (tecnologia per la riduzione del gas serra metano), <a href=\"https:\/\/flybotix.com\/\">Flybotix SA<\/a> (sistema di ispezione indoor basato su droni), <a href=\"https:\/\/www.sevensense.ai\/\">Sevensense Robotics AG <\/a>(Sistemi per robot mobili autonomi)<\/li>\n<li><strong>Categoria Produzione\/Commerciale:<\/strong> <a href=\"https:\/\/boostbar.ch\/de\/\">Boostbar AG<\/a> (soluzione di ristorazione sostenibile con Smart Fridge), <a href=\"https:\/\/impactacoustic.com\/de\">Impact Acoustic AG<\/a> (Soluzioni per l'acustica ambientale realizzate con plastica riciclata da bottiglie di plastica), <a href=\"https:\/\/koa-impact.com\/?lang=de\">Koa Svizzera AG<\/a> (Frutti del cacao provenienti da una produzione sostenibile)<\/li>\n<\/ul>\n<p>I finalisti beneficiano di una conoscenza approfondita da parte di esperti, di un'enorme esposizione mediatica e dell'accesso alla rete di SEF.Founder. I vincitori ricevono un premio in denaro di 25.000 franchi svizzeri ciascuno.<\/p>\n<p><em>Fonte e ulteriori informazioni: Forum economico svizzero <a href=\"\/www.swisseconomic.ch\">SEF<\/a><\/em><\/p>","protected":false},"excerpt":{"rendered":"<p>Der Swiss Economic Award (SEF) ist der nach eigenen Angaben bedeutendste Preis f\u00fcr Jungunternehmen in der Schweiz und feiert dieses Jahr das 25-j\u00e4hrige Jubil\u00e4um. Die begehrte Auszeichnung pr\u00e4miert herausragende unternehmerische Leistungen in den Kategorien Dienstleistung, Deeptech\/Life Science und Produktion\/Gewerbe. Ein Team bestehend aus kenntnisreichen Experten hat aus \u00fcber 120 eingereichten Bewerbungen neun Unternehmen f\u00fcr das [&hellip;]<\/p>\n","protected":false},"author":4,"featured_media":19582,"comment_status":"closed","ping_status":"closed","sticky":false,"template":"","format":"standard","meta":{"_acf_changed":false,"_yoast_wpseo_focuskw":"Swiss Economic Award","_yoast_wpseo_metadesc":"Die Finalisten f\u00fcr den Swiss Economic Award 2023 stehen fest. Die Gewinner werden am 8.\/9. Juni 2023 am Swiss Economic Forum (SEF) pr\u00e4miert.","articlekey":"","footnotes":""},"categories":[28],"tags":[66,451,2255],"class_list":["post-19580","post","type-post","status-publish","format-standard","has-post-thumbnail","hentry","category-management","tag-awards","tag-startups","tag-swiss-economic-forum"],"acf":[],"yoast_head":"<!-- This site is optimized with the Yoast SEO plugin v27.5 - https:\/\/yoast.com\/product\/yoast-seo-wordpress\/ -->\n<title>Finalistinnen und Finalisten des Swiss Economic Award sind bekannt - Organisator<\/title>\n<meta name=\"description\" content=\"Die Finalisten f\u00fcr den Swiss Economic Award 2023 stehen fest. Die Gewinner werden am 8.\/9. Juni 2023 am Swiss Economic Forum (SEF) pr\u00e4miert.\" \/>\n<meta name=\"robots\" content=\"index, follow, max-snippet:-1, max-image-preview:large, max-video-preview:-1\" \/>\n<link rel=\"canonical\" href=\"https:\/\/www.organisator.ch\/it\/gestione-2\/2023-04-06\/finalistinnen-und-finalisten-des-swiss-economic-award-sind-bekannt\/\" \/>\n<meta property=\"og:locale\" content=\"it_IT\" \/>\n<meta property=\"og:type\" content=\"article\" \/>\n<meta property=\"og:title\" content=\"Finalistinnen und Finalisten des Swiss Economic Award sind bekannt\" \/>\n<meta property=\"og:description\" content=\"Die Finalisten f\u00fcr den Swiss Economic Award 2023 stehen fest. Die Gewinner werden am 8.\/9. Juni 2023 am Swiss Economic Forum (SEF) pr\u00e4miert.\" \/>\n<meta property=\"og:url\" content=\"https:\/\/www.organisator.ch\/it\/gestione-2\/2023-04-06\/finalistinnen-und-finalisten-des-swiss-economic-award-sind-bekannt\/\" \/>\n<meta property=\"og:site_name\" content=\"Organisator\" \/>\n<meta property=\"article:publisher\" content=\"https:\/\/www.facebook.com\/OrganisatorFachmagazin\" \/>\n<meta property=\"article:published_time\" content=\"2023-04-06T14:28:06+00:00\" \/>\n<meta property=\"og:image\" content=\"https:\/\/www.organisator.ch\/wp-content\/uploads\/2023\/04\/Finalistinnen-und-Finalisten-des-Swiss-Economic-Award-sind-bekannt_Organisator.jpg\" \/>\n\t<meta property=\"og:image:width\" content=\"945\" \/>\n\t<meta property=\"og:image:height\" content=\"634\" \/>\n\t<meta property=\"og:image:type\" content=\"image\/jpeg\" \/>\n<meta name=\"author\" content=\"thomas.berner\" \/>\n<meta name=\"twitter:card\" content=\"summary_large_image\" \/>\n<meta name=\"twitter:title\" content=\"#Finalistinnen und #Finalisten des Swiss Economic Award sind bekannt\" \/>\n<meta name=\"twitter:description\" content=\"Die #Finalisten f\u00fcr den Swiss Economic Award 2023 stehen fest. Die Gewinner werden am 8.\/9. Juni 2023 am Swiss Economic Forum (#SEF) pr\u00e4miert.\" \/>\n<meta name=\"twitter:image\" content=\"https:\/\/www.organisator.ch\/wp-content\/uploads\/2023\/04\/Finalistinnen-und-Finalisten-des-Swiss-Economic-Award-sind-bekannt_Organisator.jpg\" \/>\n<script type=\"application\/ld+json\" class=\"yoast-schema-graph\">{\"@context\":\"https:\\\/\\\/schema.org\",\"@graph\":[{\"@type\":\"Article\",\"@id\":\"https:\\\/\\\/www.organisator.ch\\\/management\\\/2023-04-06\\\/finalistinnen-und-finalisten-des-swiss-economic-award-sind-bekannt\\\/#article\",\"isPartOf\":{\"@id\":\"https:\\\/\\\/www.organisator.ch\\\/management\\\/2023-04-06\\\/finalistinnen-und-finalisten-des-swiss-economic-award-sind-bekannt\\\/\"},\"author\":{\"name\":\"thomas.berner\",\"@id\":\"https:\\\/\\\/www.organisator.ch\\\/#\\\/schema\\\/person\\\/6f650f90b2842cd4c0cc334b4e36f67e\"},\"headline\":\"Finalistinnen und Finalisten des Swiss Economic Award sind bekannt\",\"datePublished\":\"2023-04-06T14:28:06+00:00\",\"mainEntityOfPage\":{\"@id\":\"https:\\\/\\\/www.organisator.ch\\\/management\\\/2023-04-06\\\/finalistinnen-und-finalisten-des-swiss-economic-award-sind-bekannt\\\/\"},\"wordCount\":269,\"publisher\":{\"@id\":\"https:\\\/\\\/www.organisator.ch\\\/#organization\"},\"image\":{\"@id\":\"https:\\\/\\\/www.organisator.ch\\\/management\\\/2023-04-06\\\/finalistinnen-und-finalisten-des-swiss-economic-award-sind-bekannt\\\/#primaryimage\"},\"thumbnailUrl\":\"https:\\\/\\\/www.organisator.ch\\\/wp-content\\\/uploads\\\/2023\\\/04\\\/Finalistinnen-und-Finalisten-des-Swiss-Economic-Award-sind-bekannt_Organisator.jpg\",\"keywords\":[\"Awards\",\"Startups\",\"Swiss Economic Forum\"],\"articleSection\":[\"MANAGEMENT\"],\"inLanguage\":\"it-IT\"},{\"@type\":\"WebPage\",\"@id\":\"https:\\\/\\\/www.organisator.ch\\\/management\\\/2023-04-06\\\/finalistinnen-und-finalisten-des-swiss-economic-award-sind-bekannt\\\/\",\"url\":\"https:\\\/\\\/www.organisator.ch\\\/management\\\/2023-04-06\\\/finalistinnen-und-finalisten-des-swiss-economic-award-sind-bekannt\\\/\",\"name\":\"Finalistinnen und Finalisten des Swiss Economic Award sind bekannt - Organisator\",\"isPartOf\":{\"@id\":\"https:\\\/\\\/www.organisator.ch\\\/#website\"},\"primaryImageOfPage\":{\"@id\":\"https:\\\/\\\/www.organisator.ch\\\/management\\\/2023-04-06\\\/finalistinnen-und-finalisten-des-swiss-economic-award-sind-bekannt\\\/#primaryimage\"},\"image\":{\"@id\":\"https:\\\/\\\/www.organisator.ch\\\/management\\\/2023-04-06\\\/finalistinnen-und-finalisten-des-swiss-economic-award-sind-bekannt\\\/#primaryimage\"},\"thumbnailUrl\":\"https:\\\/\\\/www.organisator.ch\\\/wp-content\\\/uploads\\\/2023\\\/04\\\/Finalistinnen-und-Finalisten-des-Swiss-Economic-Award-sind-bekannt_Organisator.jpg\",\"datePublished\":\"2023-04-06T14:28:06+00:00\",\"description\":\"Die Finalisten f\u00fcr den Swiss Economic Award 2023 stehen fest. Die Gewinner werden am 8.\\\/9. Juni 2023 am Swiss Economic Forum (SEF) pr\u00e4miert.\",\"breadcrumb\":{\"@id\":\"https:\\\/\\\/www.organisator.ch\\\/management\\\/2023-04-06\\\/finalistinnen-und-finalisten-des-swiss-economic-award-sind-bekannt\\\/#breadcrumb\"},\"inLanguage\":\"it-IT\",\"potentialAction\":[{\"@type\":\"ReadAction\",\"target\":[\"https:\\\/\\\/www.organisator.ch\\\/management\\\/2023-04-06\\\/finalistinnen-und-finalisten-des-swiss-economic-award-sind-bekannt\\\/\"]}]},{\"@type\":\"ImageObject\",\"inLanguage\":\"it-IT\",\"@id\":\"https:\\\/\\\/www.organisator.ch\\\/management\\\/2023-04-06\\\/finalistinnen-und-finalisten-des-swiss-economic-award-sind-bekannt\\\/#primaryimage\",\"url\":\"https:\\\/\\\/www.organisator.ch\\\/wp-content\\\/uploads\\\/2023\\\/04\\\/Finalistinnen-und-Finalisten-des-Swiss-Economic-Award-sind-bekannt_Organisator.jpg\",\"contentUrl\":\"https:\\\/\\\/www.organisator.ch\\\/wp-content\\\/uploads\\\/2023\\\/04\\\/Finalistinnen-und-Finalisten-des-Swiss-Economic-Award-sind-bekannt_Organisator.jpg\",\"width\":945,\"height\":634,\"caption\":\"Impressionen von der Verleihung des Swiss Economic Award 2022. (Bild: NZZ Connect)\"},{\"@type\":\"BreadcrumbList\",\"@id\":\"https:\\\/\\\/www.organisator.ch\\\/management\\\/2023-04-06\\\/finalistinnen-und-finalisten-des-swiss-economic-award-sind-bekannt\\\/#breadcrumb\",\"itemListElement\":[{\"@type\":\"ListItem\",\"position\":1,\"name\":\"Home\",\"item\":\"https:\\\/\\\/www.organisator.ch\\\/\"},{\"@type\":\"ListItem\",\"position\":2,\"name\":\"Finalistinnen und Finalisten des Swiss Economic Award sind bekannt\"}]},{\"@type\":\"WebSite\",\"@id\":\"https:\\\/\\\/www.organisator.ch\\\/#website\",\"url\":\"https:\\\/\\\/www.organisator.ch\\\/\",\"name\":\"Organisator\",\"description\":\"Kompetent. Praxisnah. Der ORGANISATOR bereitet in 10 Ausgaben pro Jahr die wesentlichen Themen f\u00fcr F\u00fchrungskr\u00e4fte von KMU auf.\",\"publisher\":{\"@id\":\"https:\\\/\\\/www.organisator.ch\\\/#organization\"},\"potentialAction\":[{\"@type\":\"SearchAction\",\"target\":{\"@type\":\"EntryPoint\",\"urlTemplate\":\"https:\\\/\\\/www.organisator.ch\\\/?s={search_term_string}\"},\"query-input\":{\"@type\":\"PropertyValueSpecification\",\"valueRequired\":true,\"valueName\":\"search_term_string\"}}],\"inLanguage\":\"it-IT\"},{\"@type\":\"Organization\",\"@id\":\"https:\\\/\\\/www.organisator.ch\\\/#organization\",\"name\":\"Organisator\",\"url\":\"https:\\\/\\\/www.organisator.ch\\\/\",\"logo\":{\"@type\":\"ImageObject\",\"inLanguage\":\"it-IT\",\"@id\":\"https:\\\/\\\/www.organisator.ch\\\/#\\\/schema\\\/logo\\\/image\\\/\",\"url\":\"https:\\\/\\\/www.organisator.ch\\\/wp-content\\\/uploads\\\/2022\\\/01\\\/Logo_Organisator_Website.png\",\"contentUrl\":\"https:\\\/\\\/www.organisator.ch\\\/wp-content\\\/uploads\\\/2022\\\/01\\\/Logo_Organisator_Website.png\",\"width\":800,\"height\":77,\"caption\":\"Organisator\"},\"image\":{\"@id\":\"https:\\\/\\\/www.organisator.ch\\\/#\\\/schema\\\/logo\\\/image\\\/\"},\"sameAs\":[\"https:\\\/\\\/www.facebook.com\\\/OrganisatorFachmagazin\",\"https:\\\/\\\/www.linkedin.com\\\/showcase\\\/organisator-das-magazin-fr-kmu\",\"https:\\\/\\\/www.xing.com\\\/news\\\/pages\\\/organisator-ch-695\",\"https:\\\/\\\/www.youtube.com\\\/channel\\\/UCGP2Sq0iWaZwT3BdIAQFYpw\"]},{\"@type\":\"Person\",\"@id\":\"https:\\\/\\\/www.organisator.ch\\\/#\\\/schema\\\/person\\\/6f650f90b2842cd4c0cc334b4e36f67e\",\"name\":\"thomas.berner\",\"image\":{\"@type\":\"ImageObject\",\"inLanguage\":\"it-IT\",\"@id\":\"https:\\\/\\\/secure.gravatar.com\\\/avatar\\\/ac5001d2a36cb6c6cd3e50789007ffca834b477b74a2144564522e944eabff61?s=96&d=mm&r=g\",\"url\":\"https:\\\/\\\/secure.gravatar.com\\\/avatar\\\/ac5001d2a36cb6c6cd3e50789007ffca834b477b74a2144564522e944eabff61?s=96&d=mm&r=g\",\"contentUrl\":\"https:\\\/\\\/secure.gravatar.com\\\/avatar\\\/ac5001d2a36cb6c6cd3e50789007ffca834b477b74a2144564522e944eabff61?s=96&d=mm&r=g\",\"caption\":\"thomas.berner\"},\"url\":\"https:\\\/\\\/www.organisator.ch\\\/it\\\/author\\\/thomas-berner\\\/\"}]}<\/script>\n<!-- \/ Yoast SEO plugin. -->","yoast_head_json":{"title":"I finalisti del Premio svizzero dell'economia sono noti - Organizzatore","description":"Sono stati selezionati i finalisti del Premio economico svizzero 2023. I vincitori saranno premiati in occasione dello Swiss Economic Forum (SEF) l'8 e 9 giugno 2023.","robots":{"index":"index","follow":"follow","max-snippet":"max-snippet:-1","max-image-preview":"max-image-preview:large","max-video-preview":"max-video-preview:-1"},"canonical":"https:\/\/www.organisator.ch\/it\/gestione-2\/2023-04-06\/finalistinnen-und-finalisten-des-swiss-economic-award-sind-bekannt\/","og_locale":"it_IT","og_type":"article","og_title":"Finalistinnen und Finalisten des Swiss Economic Award sind bekannt","og_description":"Die Finalisten f\u00fcr den Swiss Economic Award 2023 stehen fest. Die Gewinner werden am 8.\/9. Juni 2023 am Swiss Economic Forum (SEF) pr\u00e4miert.","og_url":"https:\/\/www.organisator.ch\/it\/gestione-2\/2023-04-06\/finalistinnen-und-finalisten-des-swiss-economic-award-sind-bekannt\/","og_site_name":"Organisator","article_publisher":"https:\/\/www.facebook.com\/OrganisatorFachmagazin","article_published_time":"2023-04-06T14:28:06+00:00","og_image":[{"width":945,"height":634,"url":"https:\/\/www.organisator.ch\/wp-content\/uploads\/2023\/04\/Finalistinnen-und-Finalisten-des-Swiss-Economic-Award-sind-bekannt_Organisator.jpg","type":"image\/jpeg"}],"author":"thomas.berner","twitter_card":"summary_large_image","twitter_title":"#Finalistinnen und #Finalisten des Swiss Economic Award sind bekannt","twitter_description":"Die #Finalisten f\u00fcr den Swiss Economic Award 2023 stehen fest. Die Gewinner werden am 8.\/9. Juni 2023 am Swiss Economic Forum (#SEF) pr\u00e4miert.","twitter_image":"https:\/\/www.organisator.ch\/wp-content\/uploads\/2023\/04\/Finalistinnen-und-Finalisten-des-Swiss-Economic-Award-sind-bekannt_Organisator.jpg","schema":{"@context":"https:\/\/schema.org","@graph":[{"@type":"Article","@id":"https:\/\/www.organisator.ch\/management\/2023-04-06\/finalistinnen-und-finalisten-des-swiss-economic-award-sind-bekannt\/#article","isPartOf":{"@id":"https:\/\/www.organisator.ch\/management\/2023-04-06\/finalistinnen-und-finalisten-des-swiss-economic-award-sind-bekannt\/"},"author":{"name":"thomas.berner","@id":"https:\/\/www.organisator.ch\/#\/schema\/person\/6f650f90b2842cd4c0cc334b4e36f67e"},"headline":"Finalistinnen und Finalisten des Swiss Economic Award sind bekannt","datePublished":"2023-04-06T14:28:06+00:00","mainEntityOfPage":{"@id":"https:\/\/www.organisator.ch\/management\/2023-04-06\/finalistinnen-und-finalisten-des-swiss-economic-award-sind-bekannt\/"},"wordCount":269,"publisher":{"@id":"https:\/\/www.organisator.ch\/#organization"},"image":{"@id":"https:\/\/www.organisator.ch\/management\/2023-04-06\/finalistinnen-und-finalisten-des-swiss-economic-award-sind-bekannt\/#primaryimage"},"thumbnailUrl":"https:\/\/www.organisator.ch\/wp-content\/uploads\/2023\/04\/Finalistinnen-und-Finalisten-des-Swiss-Economic-Award-sind-bekannt_Organisator.jpg","keywords":["Awards","Startups","Swiss Economic Forum"],"articleSection":["MANAGEMENT"],"inLanguage":"it-IT"},{"@type":"WebPage","@id":"https:\/\/www.organisator.ch\/management\/2023-04-06\/finalistinnen-und-finalisten-des-swiss-economic-award-sind-bekannt\/","url":"https:\/\/www.organisator.ch\/management\/2023-04-06\/finalistinnen-und-finalisten-des-swiss-economic-award-sind-bekannt\/","name":"I finalisti del Premio svizzero dell'economia sono noti - Organizzatore","isPartOf":{"@id":"https:\/\/www.organisator.ch\/#website"},"primaryImageOfPage":{"@id":"https:\/\/www.organisator.ch\/management\/2023-04-06\/finalistinnen-und-finalisten-des-swiss-economic-award-sind-bekannt\/#primaryimage"},"image":{"@id":"https:\/\/www.organisator.ch\/management\/2023-04-06\/finalistinnen-und-finalisten-des-swiss-economic-award-sind-bekannt\/#primaryimage"},"thumbnailUrl":"https:\/\/www.organisator.ch\/wp-content\/uploads\/2023\/04\/Finalistinnen-und-Finalisten-des-Swiss-Economic-Award-sind-bekannt_Organisator.jpg","datePublished":"2023-04-06T14:28:06+00:00","description":"Sono stati selezionati i finalisti del Premio economico svizzero 2023. I vincitori saranno premiati in occasione dello Swiss Economic Forum (SEF) l'8 e 9 giugno 2023.","breadcrumb":{"@id":"https:\/\/www.organisator.ch\/management\/2023-04-06\/finalistinnen-und-finalisten-des-swiss-economic-award-sind-bekannt\/#breadcrumb"},"inLanguage":"it-IT","potentialAction":[{"@type":"ReadAction","target":["https:\/\/www.organisator.ch\/management\/2023-04-06\/finalistinnen-und-finalisten-des-swiss-economic-award-sind-bekannt\/"]}]},{"@type":"ImageObject","inLanguage":"it-IT","@id":"https:\/\/www.organisator.ch\/management\/2023-04-06\/finalistinnen-und-finalisten-des-swiss-economic-award-sind-bekannt\/#primaryimage","url":"https:\/\/www.organisator.ch\/wp-content\/uploads\/2023\/04\/Finalistinnen-und-Finalisten-des-Swiss-Economic-Award-sind-bekannt_Organisator.jpg","contentUrl":"https:\/\/www.organisator.ch\/wp-content\/uploads\/2023\/04\/Finalistinnen-und-Finalisten-des-Swiss-Economic-Award-sind-bekannt_Organisator.jpg","width":945,"height":634,"caption":"Impressionen von der Verleihung des Swiss Economic Award 2022. (Bild: NZZ Connect)"},{"@type":"BreadcrumbList","@id":"https:\/\/www.organisator.ch\/management\/2023-04-06\/finalistinnen-und-finalisten-des-swiss-economic-award-sind-bekannt\/#breadcrumb","itemListElement":[{"@type":"ListItem","position":1,"name":"Home","item":"https:\/\/www.organisator.ch\/"},{"@type":"ListItem","position":2,"name":"Finalistinnen und Finalisten des Swiss Economic Award sind bekannt"}]},{"@type":"WebSite","@id":"https:\/\/www.organisator.ch\/#website","url":"https:\/\/www.organisator.ch\/","name":"Organizzatore","description":"Competente. Pratico. In 10 numeri all'anno, ORGANISATOR presenta i temi essenziali per i manager delle PMI.","publisher":{"@id":"https:\/\/www.organisator.ch\/#organization"},"potentialAction":[{"@type":"SearchAction","target":{"@type":"EntryPoint","urlTemplate":"https:\/\/www.organisator.ch\/?s={search_term_string}"},"query-input":{"@type":"PropertyValueSpecification","valueRequired":true,"valueName":"search_term_string"}}],"inLanguage":"it-IT"},{"@type":"Organization","@id":"https:\/\/www.organisator.ch\/#organization","name":"Organizzatore","url":"https:\/\/www.organisator.ch\/","logo":{"@type":"ImageObject","inLanguage":"it-IT","@id":"https:\/\/www.organisator.ch\/#\/schema\/logo\/image\/","url":"https:\/\/www.organisator.ch\/wp-content\/uploads\/2022\/01\/Logo_Organisator_Website.png","contentUrl":"https:\/\/www.organisator.ch\/wp-content\/uploads\/2022\/01\/Logo_Organisator_Website.png","width":800,"height":77,"caption":"Organisator"},"image":{"@id":"https:\/\/www.organisator.ch\/#\/schema\/logo\/image\/"},"sameAs":["https:\/\/www.facebook.com\/OrganisatorFachmagazin","https:\/\/www.linkedin.com\/showcase\/organisator-das-magazin-fr-kmu","https:\/\/www.xing.com\/news\/pages\/organisator-ch-695","https:\/\/www.youtube.com\/channel\/UCGP2Sq0iWaZwT3BdIAQFYpw"]},{"@type":"Person","@id":"https:\/\/www.organisator.ch\/#\/schema\/person\/6f650f90b2842cd4c0cc334b4e36f67e","name":"Tommaso.berner","image":{"@type":"ImageObject","inLanguage":"it-IT","@id":"https:\/\/secure.gravatar.com\/avatar\/ac5001d2a36cb6c6cd3e50789007ffca834b477b74a2144564522e944eabff61?s=96&d=mm&r=g","url":"https:\/\/secure.gravatar.com\/avatar\/ac5001d2a36cb6c6cd3e50789007ffca834b477b74a2144564522e944eabff61?s=96&d=mm&r=g","contentUrl":"https:\/\/secure.gravatar.com\/avatar\/ac5001d2a36cb6c6cd3e50789007ffca834b477b74a2144564522e944eabff61?s=96&d=mm&r=g","caption":"thomas.berner"},"url":"https:\/\/www.organisator.ch\/it\/author\/thomas-berner\/"}]}},"_links":{"self":[{"href":"https:\/\/www.organisator.ch\/it\/wp-json\/wp\/v2\/posts\/19580","targetHints":{"allow":["GET"]}}],"collection":[{"href":"https:\/\/www.organisator.ch\/it\/wp-json\/wp\/v2\/posts"}],"about":[{"href":"https:\/\/www.organisator.ch\/it\/wp-json\/wp\/v2\/types\/post"}],"author":[{"embeddable":true,"href":"https:\/\/www.organisator.ch\/it\/wp-json\/wp\/v2\/users\/4"}],"replies":[{"embeddable":true,"href":"https:\/\/www.organisator.ch\/it\/wp-json\/wp\/v2\/comments?post=19580"}],"version-history":[{"count":1,"href":"https:\/\/www.organisator.ch\/it\/wp-json\/wp\/v2\/posts\/19580\/revisions"}],"predecessor-version":[{"id":19583,"href":"https:\/\/www.organisator.ch\/it\/wp-json\/wp\/v2\/posts\/19580\/revisions\/19583"}],"wp:featuredmedia":[{"embeddable":true,"href":"https:\/\/www.organisator.ch\/it\/wp-json\/wp\/v2\/media\/19582"}],"wp:attachment":[{"href":"https:\/\/www.organisator.ch\/it\/wp-json\/wp\/v2\/media?parent=19580"}],"wp:term":[{"taxonomy":"category","embeddable":true,"href":"https:\/\/www.organisator.ch\/it\/wp-json\/wp\/v2\/categories?post=19580"},{"taxonomy":"post_tag","embeddable":true,"href":"https:\/\/www.organisator.ch\/it\/wp-json\/wp\/v2\/tags?post=19580"}],"curies":[{"name":"wp","href":"https:\/\/api.w.org\/{rel}","templated":true}]}}