{"id":1977,"date":"2017-06-01T08:15:28","date_gmt":"2017-06-01T06:15:28","guid":{"rendered":"https:\/\/www.organisator.ch\/?p=1977"},"modified":"2017-06-01T08:15:28","modified_gmt":"2017-06-01T06:15:28","slug":"das-weltgeschehen-in-szenarien","status":"publish","type":"post","link":"https:\/\/www.organisator.ch\/it\/allgemein\/2017-06-01\/das-weltgeschehen-in-szenarien\/","title":{"rendered":"Eventi mondiali in scenari"},"content":{"rendered":"<figure id=\"attachment_1979\" aria-describedby=\"caption-attachment-1979\" style=\"width: 640px\" class=\"wp-caption alignnone\"><img loading=\"lazy\" decoding=\"async\" class=\"size-full wp-image-1979\" src=\"https:\/\/www.organisator.ch\/wp-content\/uploads\/2017\/06\/Das-Weltgeschehen-in-Szenarien_Organisator.jpg\" alt=\"\" width=\"640\" height=\"456\" srcset=\"https:\/\/www.organisator.ch\/wp-content\/uploads\/2017\/06\/Das-Weltgeschehen-in-Szenarien_Organisator.jpg 640w, https:\/\/www.organisator.ch\/wp-content\/uploads\/2017\/06\/Das-Weltgeschehen-in-Szenarien_Organisator-16x12.jpg 16w, https:\/\/www.organisator.ch\/wp-content\/uploads\/2017\/06\/Das-Weltgeschehen-in-Szenarien_Organisator-246x175.jpg 246w, https:\/\/www.organisator.ch\/wp-content\/uploads\/2017\/06\/Das-Weltgeschehen-in-Szenarien_Organisator-491x350.jpg 491w, https:\/\/www.organisator.ch\/wp-content\/uploads\/2017\/06\/Das-Weltgeschehen-in-Szenarien_Organisator-300x214.jpg 300w\" sizes=\"auto, (max-width: 640px) 100vw, 640px\" \/><figcaption id=\"caption-attachment-1979\" class=\"wp-caption-text\">Con la newsletter NZZ Global Risk, la NZZ offre le conoscenze per valutare meglio l'influenza degli sviluppi politici sulla propria azienda. (Immagine: NZZ)<\/figcaption><\/figure>\n<p>Una nuova newsletter premium intitolata NZZ Global Risk \u00e8 progettata per dare alle PMI un vantaggio di conoscenza in tempi politicamente turbolenti che pu\u00f2 essere cruciale per il successo. Questo perch\u00e9 la maggior parte delle PMI non ha le risorse per affrontare sistematicamente i rischi geopolitici e tenerne conto nelle loro decisioni. \u00c8 qui che entra in gioco NZZ Global Risk, come spiega il caporedattore di NZZ Eric Gujer nella seguente intervista:<\/p>\n<p><em>Il 1\u00b0 giugno verr\u00e0 pubblicata per la prima volta la newsletter premium \"NZZ Global Risk\". In cosa consiste questo nuovo prodotto?<\/em><\/p>\n<p><strong>Eric Gujer:<\/strong> La Brexit e l'elezione di Donald Trump hanno dimostrato quanto gli eventi politici influenzino direttamente l'economia e le imprese. Questo \u00e8 in aumento. Non c'\u00e8 quasi pi\u00f9 una PMI in Svizzera che non sia in qualche modo attiva a livello internazionale. Ma queste aziende non possono permettersi dipartimenti di ricerca come fanno le grandi societ\u00e0. Qui possiamo offrire qualcosa, perch\u00e9 la valutazione dei rischi politici e geopolitici \u00e8 la nostra specialit\u00e0. Una seconda forza \u00e8 la nostra indipendenza. E infine, siamo anche una PMI svizzera e abbiamo una prospettiva svizzera sul mondo.<\/p>\n<p><em>Chi sono i destinatari della tua newsletter? Chi vuoi raggiungere in particolare?<\/em><\/p>\n<p>NZZ Global Risk si rivolge agli imprenditori delle PMI e ai lettori interessati. Iniziamo come una newsletter premium inclusa nell'abbonamento NZZ. Ci sono molti imprenditori tra i lettori della NZZ. I non abbonati possono acquistare un abbonamento di prova digitale per 20 CHF e testare cos\u00ec NZZ Global Risk. In cambio con i nostri lettori, svilupperemo ulteriormente il prodotto dopo il lancio e offriremo NZZ Global Risk in una seconda fase come prodotto indipendente e a pagamento.<\/p>\n<figure id=\"attachment_1980\" aria-describedby=\"caption-attachment-1980\" style=\"width: 480px\" class=\"wp-caption alignnone\"><img loading=\"lazy\" decoding=\"async\" class=\"size-full wp-image-1980\" src=\"https:\/\/www.organisator.ch\/wp-content\/uploads\/2017\/06\/Das-Weltgeschehen-in-Szenarien-2_Organisator.jpg\" alt=\"\" width=\"480\" height=\"505\" srcset=\"https:\/\/www.organisator.ch\/wp-content\/uploads\/2017\/06\/Das-Weltgeschehen-in-Szenarien-2_Organisator.jpg 480w, https:\/\/www.organisator.ch\/wp-content\/uploads\/2017\/06\/Das-Weltgeschehen-in-Szenarien-2_Organisator-11x12.jpg 11w, https:\/\/www.organisator.ch\/wp-content\/uploads\/2017\/06\/Das-Weltgeschehen-in-Szenarien-2_Organisator-166x175.jpg 166w, https:\/\/www.organisator.ch\/wp-content\/uploads\/2017\/06\/Das-Weltgeschehen-in-Szenarien-2_Organisator-333x350.jpg 333w, https:\/\/www.organisator.ch\/wp-content\/uploads\/2017\/06\/Das-Weltgeschehen-in-Szenarien-2_Organisator-300x316.jpg 300w\" sizes=\"auto, (max-width: 480px) 100vw, 480px\" \/><figcaption id=\"caption-attachment-1980\" class=\"wp-caption-text\">Eric Gujer, caporedattore della NZZ: \"Il nostro prodotto \u00e8 indipendente e imparziale\". (Immagine: NZZ)<\/figcaption><\/figure>\n<p><em>NZZ Global Risk esiste solo come newsletter o anche in un'altra forma?<\/em><\/p>\n<p>Dopo la prima fase, espanderemo il prodotto in base al feedback e al comportamento dei nostri lettori. \u00c8 molto probabile che un giorno ci sar\u00e0 anche una versione stampata. Ci\u00f2 che \u00e8 gi\u00e0 chiaro \u00e8 che terremo una conferenza una volta all'anno sulle opportunit\u00e0 e i rischi di una specifica regione paese. Il primo avr\u00e0 luogo il 24 agosto a Zurigo sul tema della Cina. In questa conferenza, i nostri corrispondenti stranieri faranno luce sull'argomento dalla prospettiva della loro rispettiva posizione. In agosto, non solo il nostro corrispondente dalla Cina parler\u00e0, ma anche quello dagli Stati Uniti, che naturalmente ha una prospettiva molto interessante in questo contesto.<\/p>\n<p><em>Ci sono gi\u00e0 diversi servizi per le PMI attive a livello internazionale, per esempio da Switzerland Global Enterprise S-GE o dall'Associazione svizzera per l'esportazione. In che misura vi differenziate con la vostra offerta?<\/em><\/p>\n<p>Non promuoviamo le esportazioni e non siamo un'organizzazione statale che deve tenere conto della politica estera. Inoltre, non siamo un'azienda con prodotti e interessi propri in questi mercati. Il nostro prodotto \u00e8 indipendente e imparziale. Questi sono sempre stati i punti di forza della NZZ.<\/p>\n<p><em>Come si finanzia \"NZZ Global Risk\"?<\/em><\/p>\n<p>Nella prima fase, si tratta di un'offerta per i nostri abbonati, finanziata dalle entrate degli abbonamenti.<\/p>\n<p><em>Quindi nessun finanziamento attraverso la pubblicit\u00e0?<\/em><\/p>\n<p>No. Una partnership sarebbe concepibile.<\/p>\n<p><em>Su quali fonti si basa per i contenuti trasmessi? Si tratta di informazioni puramente giornalistiche o vi affidate anche a contributi di terzi? Se s\u00ec, su chi?<\/em><\/p>\n<p>La NZZ ha una rete di oltre 50 corrispondenti in tutto il mondo, unica in Europa. Si tratta di esperti che lavorano da anni nei rispettivi paesi e regioni. Da molto tempo le delegazioni d'affari all'estero si incontrano volentieri con i corrispondenti locali della NZZ, perch\u00e9 non solo sono molto ben informati e collegati, ma anche indipendenti. Per NZZ Global Risk lavoriamo solo con RepRisk. Sono specializzati nella valutazione e presentazione grafica dei rischi reputazionali globali.<\/p>\n<p><em>Come \u00e8 strutturata la newsletter?<\/em><\/p>\n<p>La newsletter Premium presenta prima una sintesi della gestione, poi approfondisce tre scenari plausibili, li confronta e valuta la loro probabilit\u00e0 di verificarsi. Alla fine, tracciamo una conclusione su misura per le esigenze degli imprenditori delle PMI e offriamo al lettore un ampio materiale statistico e grafico sull'argomento. La prima newsletter riguarda l'ascesa della Cina e la fine dell'ordine mondiale dominato dagli americani. I tre scenari che vediamo: 1) scontro e guerra commerciale, 2) alleanza armoniosa o 3) pragmatismo nonostante la diffidenza.<\/p>\n<p><em>Si tratta infatti di movimenti geopolitici che sono al massimo rilevanti a livello strategico. Non vi state allontanando troppo dal business quotidiano delle PMI?<\/em><\/p>\n<p>Le PMI conoscono meglio i loro affari quotidiani. Ma i cambiamenti geopolitici non sono affatto lontani dagli affari quotidiani. Sempre pi\u00f9 spesso, hanno un impatto molto diretto sulle imprese e gli imprenditori devono tenerne conto quando prendono decisioni. La svalutazione della sterlina inglese dopo il voto sulla Brexit, per esempio, ha avuto un impatto molto concreto sugli affari con l'Inghilterra.<\/p>\n<p><strong>Sempre di gioved\u00ec<\/strong><\/p>\n<p>NZZ Global Risk viene pubblicato ogni gioved\u00ec, per la prima volta il 1\u00b0 giugno alle 16:30. In una prima fase, la newsletter premium \u00e8 inclusa nell'abbonamento alla NZZ e pu\u00f2 essere ordinata su <a href=\"http:\/\/www.nzz.ch\/globalrisk\">www.nzz.ch\/globalrisk<\/a> essere sottoscritto. I contenuti di \"NZZ Global Risk\" sono esclusivi, cio\u00e8 non appaiono altrove. Oltre alla newsletter settimanale premium, una volta all'anno ci sar\u00e0 un evento sulle opportunit\u00e0 e i rischi di una specifica regione paese. La prima conferenza avr\u00e0 luogo il 24 agosto 2017 a Zurigo.<\/p>\n<p><a href=\"https:\/\/www.nzz.ch\/wirtschaft\/neue-zuercher-zeitung-lanciert-nzz-global-risk-starke-meinungen-fuer-unsichere-zeiten-ld.1298634\"><em>Ulteriori informazioni incl. video teaser<\/em><\/a><\/p>\n<p><span style=\"font-size: medium;\">\u00a0<\/span><\/p>","protected":false},"excerpt":{"rendered":"<p>Ein neuer Premium-Newsletter mit dem Titel NZZ Global Risk\u00a0soll KMU\u00a0in politisch turbulenten Zeiten einen Wissensvorsprung vermitteln, der erfolgsentscheidend sein kann. Denn die meisten KMU haben keine Ressourcen, um sich systematisch mit geopolitischen Risiken auseinanderzusetzen und sie bei ihren Entscheidungen zu ber\u00fccksichtigen. Hier\u00a0will NZZ Global Risk ansetzen, wie NZZ-Chefredaktor Eric Gujer im folgenden Interview erl\u00e4utert: Am [&hellip;]<\/p>\n","protected":false},"author":4,"featured_media":1979,"comment_status":"open","ping_status":"open","sticky":false,"template":"","format":"standard","meta":{"_acf_changed":false,"_yoast_wpseo_focuskw":"NZZ Global Risk","_yoast_wpseo_metadesc":"Ein neuer Premium-Newsletter mit dem Titel NZZ Global Risk soll KMU in politisch turbulenten Zeiten einen Wissensvorsprung vermitteln.","articlekey":"","footnotes":""},"categories":[1],"tags":[95,340,393,508,531],"class_list":["post-1977","post","type-post","status-publish","format-standard","has-post-thumbnail","hentry","category-allgemein","tag-buchtipps","tag-maerkte","tag-produkte","tag-vermischtes","tag-wirtschaftspolitik"],"acf":[],"yoast_head":"<!-- This site is optimized with the Yoast SEO plugin v27.4 - https:\/\/yoast.com\/product\/yoast-seo-wordpress\/ -->\n<title>Das Weltgeschehen in Szenarien - Organisator<\/title>\n<meta name=\"description\" content=\"Ein neuer Premium-Newsletter mit dem Titel NZZ Global Risk soll KMU in politisch turbulenten Zeiten einen Wissensvorsprung vermitteln.\" \/>\n<meta name=\"robots\" content=\"index, follow, max-snippet:-1, max-image-preview:large, max-video-preview:-1\" \/>\n<link rel=\"canonical\" href=\"https:\/\/www.organisator.ch\/it\/generale\/2017-06-01\/das-weltgeschehen-in-szenarien\/\" \/>\n<meta property=\"og:locale\" content=\"it_IT\" \/>\n<meta property=\"og:type\" content=\"article\" \/>\n<meta property=\"og:title\" content=\"Das Weltgeschehen in Szenarien\" \/>\n<meta property=\"og:description\" content=\"Die #NZZ lanciert am 1. Juni mit NZZ Global Risk ein Produkt f\u00fcr Schweizer KMU-Unternehmer. Ein #Premium-Newsletter soll ihnen helfen, den Einfluss politischer Entwicklungen auf ihr Unternehmen richtig einzusch\u00e4tzen.\" \/>\n<meta property=\"og:url\" content=\"https:\/\/www.organisator.ch\/it\/generale\/2017-06-01\/das-weltgeschehen-in-szenarien\/\" \/>\n<meta property=\"og:site_name\" content=\"Organisator\" \/>\n<meta property=\"article:publisher\" content=\"https:\/\/www.facebook.com\/OrganisatorFachmagazin\" \/>\n<meta property=\"article:published_time\" content=\"2017-06-01T06:15:28+00:00\" \/>\n<meta property=\"og:image\" content=\"https:\/\/www.organisator.ch\/wp-content\/uploads\/2017\/06\/Das-Weltgeschehen-in-Szenarien_Organisator.jpg\" \/>\n\t<meta property=\"og:image:width\" content=\"640\" \/>\n\t<meta property=\"og:image:height\" content=\"456\" \/>\n\t<meta property=\"og:image:type\" content=\"image\/jpeg\" \/>\n<meta name=\"author\" content=\"thomas.berner\" \/>\n<meta name=\"twitter:card\" content=\"summary_large_image\" \/>\n<meta name=\"twitter:title\" content=\"#NZZGlobalRisk: Das Weltgeschehen in #Szenarien\" \/>\n<meta name=\"twitter:description\" content=\"Die #NZZ lanciert am 1. Juni mit NZZ Global Risk ein Produkt f\u00fcr Schweizer KMU-Unternehmer. Ein #Premium-Newsletter soll ihnen helfen, den Einfluss politischer Entwicklungen auf ihr Unternehmen richtig einzusch\u00e4tzen.\" \/>\n<meta name=\"twitter:image\" content=\"https:\/\/www.organisator.ch\/wp-content\/uploads\/2017\/06\/Das-Weltgeschehen-in-Szenarien_Organisator.jpg\" \/>\n<script type=\"application\/ld+json\" class=\"yoast-schema-graph\">{\"@context\":\"https:\\\/\\\/schema.org\",\"@graph\":[{\"@type\":\"Article\",\"@id\":\"https:\\\/\\\/www.organisator.ch\\\/en\\\/general\\\/2017-06-01\\\/das-weltgeschehen-in-szenarien\\\/#article\",\"isPartOf\":{\"@id\":\"https:\\\/\\\/www.organisator.ch\\\/en\\\/general\\\/2017-06-01\\\/das-weltgeschehen-in-szenarien\\\/\"},\"author\":{\"name\":\"thomas.berner\",\"@id\":\"https:\\\/\\\/www.organisator.ch\\\/#\\\/schema\\\/person\\\/6f650f90b2842cd4c0cc334b4e36f67e\"},\"headline\":\"Das Weltgeschehen in Szenarien\",\"datePublished\":\"2017-06-01T06:15:28+00:00\",\"mainEntityOfPage\":{\"@id\":\"https:\\\/\\\/www.organisator.ch\\\/en\\\/general\\\/2017-06-01\\\/das-weltgeschehen-in-szenarien\\\/\"},\"wordCount\":897,\"commentCount\":0,\"publisher\":{\"@id\":\"https:\\\/\\\/www.organisator.ch\\\/#organization\"},\"image\":{\"@id\":\"https:\\\/\\\/www.organisator.ch\\\/en\\\/general\\\/2017-06-01\\\/das-weltgeschehen-in-szenarien\\\/#primaryimage\"},\"thumbnailUrl\":\"https:\\\/\\\/www.organisator.ch\\\/wp-content\\\/uploads\\\/2017\\\/06\\\/Das-Weltgeschehen-in-Szenarien_Organisator.jpg\",\"keywords\":[\"Buchtipps\",\"M\u00e4rkte\",\"Produkte\",\"Vermischtes\",\"Wirtschaftspolitik\"],\"articleSection\":[\"Allgemein\"],\"inLanguage\":\"it-IT\"},{\"@type\":\"WebPage\",\"@id\":\"https:\\\/\\\/www.organisator.ch\\\/en\\\/general\\\/2017-06-01\\\/das-weltgeschehen-in-szenarien\\\/\",\"url\":\"https:\\\/\\\/www.organisator.ch\\\/en\\\/general\\\/2017-06-01\\\/das-weltgeschehen-in-szenarien\\\/\",\"name\":\"Das Weltgeschehen in Szenarien - Organisator\",\"isPartOf\":{\"@id\":\"https:\\\/\\\/www.organisator.ch\\\/#website\"},\"primaryImageOfPage\":{\"@id\":\"https:\\\/\\\/www.organisator.ch\\\/en\\\/general\\\/2017-06-01\\\/das-weltgeschehen-in-szenarien\\\/#primaryimage\"},\"image\":{\"@id\":\"https:\\\/\\\/www.organisator.ch\\\/en\\\/general\\\/2017-06-01\\\/das-weltgeschehen-in-szenarien\\\/#primaryimage\"},\"thumbnailUrl\":\"https:\\\/\\\/www.organisator.ch\\\/wp-content\\\/uploads\\\/2017\\\/06\\\/Das-Weltgeschehen-in-Szenarien_Organisator.jpg\",\"datePublished\":\"2017-06-01T06:15:28+00:00\",\"description\":\"Ein neuer Premium-Newsletter mit dem Titel NZZ Global Risk soll KMU in politisch turbulenten Zeiten einen Wissensvorsprung vermitteln.\",\"breadcrumb\":{\"@id\":\"https:\\\/\\\/www.organisator.ch\\\/en\\\/general\\\/2017-06-01\\\/das-weltgeschehen-in-szenarien\\\/#breadcrumb\"},\"inLanguage\":\"it-IT\",\"potentialAction\":[{\"@type\":\"ReadAction\",\"target\":[\"https:\\\/\\\/www.organisator.ch\\\/en\\\/general\\\/2017-06-01\\\/das-weltgeschehen-in-szenarien\\\/\"]}]},{\"@type\":\"ImageObject\",\"inLanguage\":\"it-IT\",\"@id\":\"https:\\\/\\\/www.organisator.ch\\\/en\\\/general\\\/2017-06-01\\\/das-weltgeschehen-in-szenarien\\\/#primaryimage\",\"url\":\"https:\\\/\\\/www.organisator.ch\\\/wp-content\\\/uploads\\\/2017\\\/06\\\/Das-Weltgeschehen-in-Szenarien_Organisator.jpg\",\"contentUrl\":\"https:\\\/\\\/www.organisator.ch\\\/wp-content\\\/uploads\\\/2017\\\/06\\\/Das-Weltgeschehen-in-Szenarien_Organisator.jpg\",\"width\":640,\"height\":456,\"caption\":\"Die NZZ bietet mit dem Newsletter NZZ Global Risk Wissen, um den Einfluss politischer Entwicklungen auf ihr Unternehmen besser einzusch\u00e4tzen. (Bild: NZZ)\"},{\"@type\":\"BreadcrumbList\",\"@id\":\"https:\\\/\\\/www.organisator.ch\\\/en\\\/general\\\/2017-06-01\\\/das-weltgeschehen-in-szenarien\\\/#breadcrumb\",\"itemListElement\":[{\"@type\":\"ListItem\",\"position\":1,\"name\":\"Home\",\"item\":\"https:\\\/\\\/www.organisator.ch\\\/\"},{\"@type\":\"ListItem\",\"position\":2,\"name\":\"Das Weltgeschehen in Szenarien\"}]},{\"@type\":\"WebSite\",\"@id\":\"https:\\\/\\\/www.organisator.ch\\\/#website\",\"url\":\"https:\\\/\\\/www.organisator.ch\\\/\",\"name\":\"Organisator\",\"description\":\"Kompetent. Praxisnah. Der ORGANISATOR bereitet in 10 Ausgaben pro Jahr die wesentlichen Themen f\u00fcr F\u00fchrungskr\u00e4fte von KMU auf.\",\"publisher\":{\"@id\":\"https:\\\/\\\/www.organisator.ch\\\/#organization\"},\"potentialAction\":[{\"@type\":\"SearchAction\",\"target\":{\"@type\":\"EntryPoint\",\"urlTemplate\":\"https:\\\/\\\/www.organisator.ch\\\/?s={search_term_string}\"},\"query-input\":{\"@type\":\"PropertyValueSpecification\",\"valueRequired\":true,\"valueName\":\"search_term_string\"}}],\"inLanguage\":\"it-IT\"},{\"@type\":\"Organization\",\"@id\":\"https:\\\/\\\/www.organisator.ch\\\/#organization\",\"name\":\"Organisator\",\"url\":\"https:\\\/\\\/www.organisator.ch\\\/\",\"logo\":{\"@type\":\"ImageObject\",\"inLanguage\":\"it-IT\",\"@id\":\"https:\\\/\\\/www.organisator.ch\\\/#\\\/schema\\\/logo\\\/image\\\/\",\"url\":\"https:\\\/\\\/www.organisator.ch\\\/wp-content\\\/uploads\\\/2022\\\/01\\\/Logo_Organisator_Website.png\",\"contentUrl\":\"https:\\\/\\\/www.organisator.ch\\\/wp-content\\\/uploads\\\/2022\\\/01\\\/Logo_Organisator_Website.png\",\"width\":800,\"height\":77,\"caption\":\"Organisator\"},\"image\":{\"@id\":\"https:\\\/\\\/www.organisator.ch\\\/#\\\/schema\\\/logo\\\/image\\\/\"},\"sameAs\":[\"https:\\\/\\\/www.facebook.com\\\/OrganisatorFachmagazin\",\"https:\\\/\\\/www.linkedin.com\\\/showcase\\\/organisator-das-magazin-fr-kmu\",\"https:\\\/\\\/www.xing.com\\\/news\\\/pages\\\/organisator-ch-695\",\"https:\\\/\\\/www.youtube.com\\\/channel\\\/UCGP2Sq0iWaZwT3BdIAQFYpw\"]},{\"@type\":\"Person\",\"@id\":\"https:\\\/\\\/www.organisator.ch\\\/#\\\/schema\\\/person\\\/6f650f90b2842cd4c0cc334b4e36f67e\",\"name\":\"thomas.berner\",\"image\":{\"@type\":\"ImageObject\",\"inLanguage\":\"it-IT\",\"@id\":\"https:\\\/\\\/secure.gravatar.com\\\/avatar\\\/ac5001d2a36cb6c6cd3e50789007ffca834b477b74a2144564522e944eabff61?s=96&d=mm&r=g\",\"url\":\"https:\\\/\\\/secure.gravatar.com\\\/avatar\\\/ac5001d2a36cb6c6cd3e50789007ffca834b477b74a2144564522e944eabff61?s=96&d=mm&r=g\",\"contentUrl\":\"https:\\\/\\\/secure.gravatar.com\\\/avatar\\\/ac5001d2a36cb6c6cd3e50789007ffca834b477b74a2144564522e944eabff61?s=96&d=mm&r=g\",\"caption\":\"thomas.berner\"},\"url\":\"https:\\\/\\\/www.organisator.ch\\\/it\\\/author\\\/thomas-berner\\\/\"}]}<\/script>\n<!-- \/ Yoast SEO plugin. -->","yoast_head_json":{"title":"Eventi mondiali in scenari - Organizzatore","description":"Una nuova newsletter premium chiamata NZZ Global Risk \u00e8 stata concepita per dare alle PMI un vantaggio di conoscenza in tempi politicamente turbolenti.","robots":{"index":"index","follow":"follow","max-snippet":"max-snippet:-1","max-image-preview":"max-image-preview:large","max-video-preview":"max-video-preview:-1"},"canonical":"https:\/\/www.organisator.ch\/it\/generale\/2017-06-01\/das-weltgeschehen-in-szenarien\/","og_locale":"it_IT","og_type":"article","og_title":"Das Weltgeschehen in Szenarien","og_description":"Die #NZZ lanciert am 1. Juni mit NZZ Global Risk ein Produkt f\u00fcr Schweizer KMU-Unternehmer. Ein #Premium-Newsletter soll ihnen helfen, den Einfluss politischer Entwicklungen auf ihr Unternehmen richtig einzusch\u00e4tzen.","og_url":"https:\/\/www.organisator.ch\/it\/generale\/2017-06-01\/das-weltgeschehen-in-szenarien\/","og_site_name":"Organisator","article_publisher":"https:\/\/www.facebook.com\/OrganisatorFachmagazin","article_published_time":"2017-06-01T06:15:28+00:00","og_image":[{"width":640,"height":456,"url":"https:\/\/www.organisator.ch\/wp-content\/uploads\/2017\/06\/Das-Weltgeschehen-in-Szenarien_Organisator.jpg","type":"image\/jpeg"}],"author":"thomas.berner","twitter_card":"summary_large_image","twitter_title":"#NZZGlobalRisk: Das Weltgeschehen in #Szenarien","twitter_description":"Die #NZZ lanciert am 1. Juni mit NZZ Global Risk ein Produkt f\u00fcr Schweizer KMU-Unternehmer. Ein #Premium-Newsletter soll ihnen helfen, den Einfluss politischer Entwicklungen auf ihr Unternehmen richtig einzusch\u00e4tzen.","twitter_image":"https:\/\/www.organisator.ch\/wp-content\/uploads\/2017\/06\/Das-Weltgeschehen-in-Szenarien_Organisator.jpg","schema":{"@context":"https:\/\/schema.org","@graph":[{"@type":"Article","@id":"https:\/\/www.organisator.ch\/en\/general\/2017-06-01\/das-weltgeschehen-in-szenarien\/#article","isPartOf":{"@id":"https:\/\/www.organisator.ch\/en\/general\/2017-06-01\/das-weltgeschehen-in-szenarien\/"},"author":{"name":"thomas.berner","@id":"https:\/\/www.organisator.ch\/#\/schema\/person\/6f650f90b2842cd4c0cc334b4e36f67e"},"headline":"Das Weltgeschehen in Szenarien","datePublished":"2017-06-01T06:15:28+00:00","mainEntityOfPage":{"@id":"https:\/\/www.organisator.ch\/en\/general\/2017-06-01\/das-weltgeschehen-in-szenarien\/"},"wordCount":897,"commentCount":0,"publisher":{"@id":"https:\/\/www.organisator.ch\/#organization"},"image":{"@id":"https:\/\/www.organisator.ch\/en\/general\/2017-06-01\/das-weltgeschehen-in-szenarien\/#primaryimage"},"thumbnailUrl":"https:\/\/www.organisator.ch\/wp-content\/uploads\/2017\/06\/Das-Weltgeschehen-in-Szenarien_Organisator.jpg","keywords":["Buchtipps","M\u00e4rkte","Produkte","Vermischtes","Wirtschaftspolitik"],"articleSection":["Allgemein"],"inLanguage":"it-IT"},{"@type":"WebPage","@id":"https:\/\/www.organisator.ch\/en\/general\/2017-06-01\/das-weltgeschehen-in-szenarien\/","url":"https:\/\/www.organisator.ch\/en\/general\/2017-06-01\/das-weltgeschehen-in-szenarien\/","name":"Eventi mondiali in scenari - Organizzatore","isPartOf":{"@id":"https:\/\/www.organisator.ch\/#website"},"primaryImageOfPage":{"@id":"https:\/\/www.organisator.ch\/en\/general\/2017-06-01\/das-weltgeschehen-in-szenarien\/#primaryimage"},"image":{"@id":"https:\/\/www.organisator.ch\/en\/general\/2017-06-01\/das-weltgeschehen-in-szenarien\/#primaryimage"},"thumbnailUrl":"https:\/\/www.organisator.ch\/wp-content\/uploads\/2017\/06\/Das-Weltgeschehen-in-Szenarien_Organisator.jpg","datePublished":"2017-06-01T06:15:28+00:00","description":"Una nuova newsletter premium chiamata NZZ Global Risk \u00e8 stata concepita per dare alle PMI un vantaggio di conoscenza in tempi politicamente turbolenti.","breadcrumb":{"@id":"https:\/\/www.organisator.ch\/en\/general\/2017-06-01\/das-weltgeschehen-in-szenarien\/#breadcrumb"},"inLanguage":"it-IT","potentialAction":[{"@type":"ReadAction","target":["https:\/\/www.organisator.ch\/en\/general\/2017-06-01\/das-weltgeschehen-in-szenarien\/"]}]},{"@type":"ImageObject","inLanguage":"it-IT","@id":"https:\/\/www.organisator.ch\/en\/general\/2017-06-01\/das-weltgeschehen-in-szenarien\/#primaryimage","url":"https:\/\/www.organisator.ch\/wp-content\/uploads\/2017\/06\/Das-Weltgeschehen-in-Szenarien_Organisator.jpg","contentUrl":"https:\/\/www.organisator.ch\/wp-content\/uploads\/2017\/06\/Das-Weltgeschehen-in-Szenarien_Organisator.jpg","width":640,"height":456,"caption":"Die NZZ bietet mit dem Newsletter NZZ Global Risk Wissen, um den Einfluss politischer Entwicklungen auf ihr Unternehmen besser einzusch\u00e4tzen. (Bild: NZZ)"},{"@type":"BreadcrumbList","@id":"https:\/\/www.organisator.ch\/en\/general\/2017-06-01\/das-weltgeschehen-in-szenarien\/#breadcrumb","itemListElement":[{"@type":"ListItem","position":1,"name":"Home","item":"https:\/\/www.organisator.ch\/"},{"@type":"ListItem","position":2,"name":"Das Weltgeschehen in Szenarien"}]},{"@type":"WebSite","@id":"https:\/\/www.organisator.ch\/#website","url":"https:\/\/www.organisator.ch\/","name":"Organizzatore","description":"Competente. Pratico. In 10 numeri all'anno, ORGANISATOR presenta i temi essenziali per i manager delle PMI.","publisher":{"@id":"https:\/\/www.organisator.ch\/#organization"},"potentialAction":[{"@type":"SearchAction","target":{"@type":"EntryPoint","urlTemplate":"https:\/\/www.organisator.ch\/?s={search_term_string}"},"query-input":{"@type":"PropertyValueSpecification","valueRequired":true,"valueName":"search_term_string"}}],"inLanguage":"it-IT"},{"@type":"Organization","@id":"https:\/\/www.organisator.ch\/#organization","name":"Organizzatore","url":"https:\/\/www.organisator.ch\/","logo":{"@type":"ImageObject","inLanguage":"it-IT","@id":"https:\/\/www.organisator.ch\/#\/schema\/logo\/image\/","url":"https:\/\/www.organisator.ch\/wp-content\/uploads\/2022\/01\/Logo_Organisator_Website.png","contentUrl":"https:\/\/www.organisator.ch\/wp-content\/uploads\/2022\/01\/Logo_Organisator_Website.png","width":800,"height":77,"caption":"Organisator"},"image":{"@id":"https:\/\/www.organisator.ch\/#\/schema\/logo\/image\/"},"sameAs":["https:\/\/www.facebook.com\/OrganisatorFachmagazin","https:\/\/www.linkedin.com\/showcase\/organisator-das-magazin-fr-kmu","https:\/\/www.xing.com\/news\/pages\/organisator-ch-695","https:\/\/www.youtube.com\/channel\/UCGP2Sq0iWaZwT3BdIAQFYpw"]},{"@type":"Person","@id":"https:\/\/www.organisator.ch\/#\/schema\/person\/6f650f90b2842cd4c0cc334b4e36f67e","name":"Tommaso.berner","image":{"@type":"ImageObject","inLanguage":"it-IT","@id":"https:\/\/secure.gravatar.com\/avatar\/ac5001d2a36cb6c6cd3e50789007ffca834b477b74a2144564522e944eabff61?s=96&d=mm&r=g","url":"https:\/\/secure.gravatar.com\/avatar\/ac5001d2a36cb6c6cd3e50789007ffca834b477b74a2144564522e944eabff61?s=96&d=mm&r=g","contentUrl":"https:\/\/secure.gravatar.com\/avatar\/ac5001d2a36cb6c6cd3e50789007ffca834b477b74a2144564522e944eabff61?s=96&d=mm&r=g","caption":"thomas.berner"},"url":"https:\/\/www.organisator.ch\/it\/author\/thomas-berner\/"}]}},"_links":{"self":[{"href":"https:\/\/www.organisator.ch\/it\/wp-json\/wp\/v2\/posts\/1977","targetHints":{"allow":["GET"]}}],"collection":[{"href":"https:\/\/www.organisator.ch\/it\/wp-json\/wp\/v2\/posts"}],"about":[{"href":"https:\/\/www.organisator.ch\/it\/wp-json\/wp\/v2\/types\/post"}],"author":[{"embeddable":true,"href":"https:\/\/www.organisator.ch\/it\/wp-json\/wp\/v2\/users\/4"}],"replies":[{"embeddable":true,"href":"https:\/\/www.organisator.ch\/it\/wp-json\/wp\/v2\/comments?post=1977"}],"version-history":[{"count":0,"href":"https:\/\/www.organisator.ch\/it\/wp-json\/wp\/v2\/posts\/1977\/revisions"}],"wp:featuredmedia":[{"embeddable":true,"href":"https:\/\/www.organisator.ch\/it\/wp-json\/wp\/v2\/media\/1979"}],"wp:attachment":[{"href":"https:\/\/www.organisator.ch\/it\/wp-json\/wp\/v2\/media?parent=1977"}],"wp:term":[{"taxonomy":"category","embeddable":true,"href":"https:\/\/www.organisator.ch\/it\/wp-json\/wp\/v2\/categories?post=1977"},{"taxonomy":"post_tag","embeddable":true,"href":"https:\/\/www.organisator.ch\/it\/wp-json\/wp\/v2\/tags?post=1977"}],"curies":[{"name":"wp","href":"https:\/\/api.w.org\/{rel}","templated":true}]}}