{"id":19783,"date":"2023-04-20T05:07:01","date_gmt":"2023-04-20T03:07:01","guid":{"rendered":"https:\/\/www.organisator.ch\/?p=19783"},"modified":"2023-04-12T15:34:09","modified_gmt":"2023-04-12T13:34:09","slug":"vorschau-tag-der-schweizer-qualitaet-2023","status":"publish","type":"post","link":"https:\/\/www.organisator.ch\/it\/management\/2023-04-20\/vorschau-tag-der-schweizer-qualitaet-2023\/","title":{"rendered":"Anteprima della Giornata della qualit\u00e0 svizzera 2023"},"content":{"rendered":"<figure id=\"attachment_19787\" aria-describedby=\"caption-attachment-19787\" style=\"width: 680px\" class=\"wp-caption alignnone\"><img loading=\"lazy\" decoding=\"async\" class=\"size-full wp-image-19787\" src=\"https:\/\/www.organisator.ch\/wp-content\/uploads\/2023\/04\/Vorschau-Tag-der-Schweizer-Qualitaet-2023_Organisator.jpg\" alt=\"\" width=\"680\" height=\"351\" srcset=\"https:\/\/www.organisator.ch\/wp-content\/uploads\/2023\/04\/Vorschau-Tag-der-Schweizer-Qualitaet-2023_Organisator.jpg 680w, https:\/\/www.organisator.ch\/wp-content\/uploads\/2023\/04\/Vorschau-Tag-der-Schweizer-Qualitaet-2023_Organisator-18x9.jpg 18w, https:\/\/www.organisator.ch\/wp-content\/uploads\/2023\/04\/Vorschau-Tag-der-Schweizer-Qualitaet-2023_Organisator-375x194.jpg 375w, https:\/\/www.organisator.ch\/wp-content\/uploads\/2023\/04\/Vorschau-Tag-der-Schweizer-Qualitaet-2023_Organisator-678x350.jpg 678w\" sizes=\"auto, (max-width: 680px) 100vw, 680px\" \/><figcaption id=\"caption-attachment-19787\" class=\"wp-caption-text\">Concentrarsi sulle persone: \u00e8 questo il tema della Giornata svizzera della qualit\u00e0 2023 che si terr\u00e0 l'11 maggio a Berna. (Immagine: zVg \/ SAQ)<\/figcaption><\/figure>\n<p>\u00c8 risaputo: La trasformazione digitale ed ecologica e i cambiamenti demografici pongono le aziende di fronte a sfide importanti. Le organizzazioni devono adattarsi e sviluppare nuove strutture per rimanere competitive in questo ambiente in continua evoluzione. Per il settore della qualit\u00e0, ci\u00f2 significa che le aziende devono anche adattare i loro processi, prodotti e servizi ai nuovi requisiti. Ma come si pu\u00f2 fare? Quali forme organizzative, metodi e strategie aiutano? \u00c8 possibile mantenere l'attenzione sul capitale umano o ci si deve adattare a nuovi approcci di leadership e concetti di gestione? E come possono le aziende posizionarsi come attori responsabili per rimanere attraenti come datori di lavoro nel mercato competitivo dei lavoratori qualificati? Queste domande saranno affrontate da diversi relatori in occasione della Giornata svizzera della qualit\u00e0 2023. L'evento \u00e8 il principale appuntamento annuale dell'Associazione Svizzera per la Qualit\u00e0 SAQ.<\/p>\n<h3>La \"nuova leadership\": un punto di vista economico e sportivo<\/h3>\n<p>Il Prof. Dr. Lukas Scherer, professore di Organizzazione e Leadership presso l'Istituto di Organizzazione e Leadership (IOL) dell'Universit\u00e0 di Scienze Applicate della Svizzera Orientale, dar\u00e0 il via alla discussione. Si occupa di sviluppo strategico aziendale e organizzativo. La sua presentazione si concentrer\u00e0 sul cambiamento all'interno delle organizzazioni. Sono richiesti dipendenti agili e pensanti. Ma questo comporta anche una nuova aspettativa di leadership. \u00c8 richiesta una \"nuova leadership\", per la quale il relatore fornir\u00e0 diversi impulsi.<\/p>\n<p>La presentazione di Ana Campos, amministratore delegato della societ\u00e0 di consulenza Accenture, si intitola \"Il nuovo lavoro ha bisogno di nuovo apprendimento\". Affronter\u00e0 la questione delle competenze necessarie per le nuove forme di lavoro e di quanto le aziende siano pronte in questo senso.<\/p>\n<p>Kathrin Lehmann, esperta di calcio per SRF, riprende il proverbiale pallone dal lato sportivo: \"Resilienza nel business e nello sport, ovvero: la danza per la bandiera d'angolo\" \u00e8 il titolo della sua presentazione. Quali sono gli elementi che le imprese possono imparare dallo sport di alto livello? E dove entrambi i settori raggiungono i propri limiti? L'oratore metter\u00e0 gli affari e lo sport l'uno contro l'altro in un confronto giocoso.<\/p>\n<h3>Diversit\u00e0, cultura dell'errore e promozione della salute<\/h3>\n<p>La seconda parte della conferenza inizier\u00e0 con una tavola rotonda sul tema \"I migliori datori di lavoro della Svizzera: cosa fanno di diverso?\". Seguiranno tre workshop paralleli in sessioni aperte. In uno di questi workshop, il partner dell'evento Shift Switzerland presenter\u00e0 esempi dal mondo degli affari su come la diversit\u00e0 pu\u00f2 essere modellata in una cooperazione di progetto sostenibile. L'attenzione si concentrer\u00e0 sulle opportunit\u00e0 e sui rischi, nonch\u00e9 sulle qualit\u00e0 di leadership necessarie. Un secondo workshop - condotto da Size Consens AG - \u00e8 dedicato alla gestione degli errori e allo sviluppo di una cultura degli errori nelle aziende. Il terzo workshop parallelo, sotto l'egida di Promozione Salute Svizzera, tratter\u00e0 le opportunit\u00e0 e le sfide della gestione della salute sul posto di lavoro nel contesto del nuovo mondo del lavoro.<\/p>\n<p>La sessione conclusiva sar\u00e0 tenuta dagli autori Mikael Krogerus e Roman Tsch\u00e4ppeler, noti per i loro bestseller \"Piccoli libri per grandi domande\" e per le loro rubriche su \"Das Magazin\". Presenteranno con umorismo alcune figure di pensiero e modelli di azione intorno al tema delle \"Work Life Skills\".<\/p>\n<h3>La Giornata svizzera della qualit\u00e0 2023 si rinnova con il Premio Seghezzi<\/h3>\n<p>Un altro punto del programma dello Swiss Quality Day 2023 sar\u00e0 l'assegnazione del Premio Seghezzi. Anche in questo caso, il premio sar\u00e0 assegnato a una persona la cui tesi di laurea tratti in modo innovativo e rilevante per la pratica questioni e approcci che affrontano il tema \"Gestione integrata della qualit\u00e0 e sostenibilit\u00e0\" in modo specifico o interdisciplinare.<\/p>\n<p><a href=\"https:\/\/saq.ch\/de\/veranstaltungen\/tag_der_schweizer_qualitaet\/tsq-2023\/\"><em>Ulteriori informazioni e registrazione<\/em><\/a><\/p>","protected":false},"excerpt":{"rendered":"<p>Gioved\u00ec 11 maggio 2023, al Kursaal di Berna, si terr\u00e0 la prossima Giornata svizzera della qualit\u00e0. Per una volta, non si parler\u00e0 di argomenti \"tecnici\" legati alla qualit\u00e0, ai sistemi di gestione e ai processi di miglioramento continuo, ma di persone.<\/p>","protected":false},"author":4,"featured_media":19787,"comment_status":"closed","ping_status":"closed","sticky":false,"template":"","format":"standard","meta":{"_acf_changed":false,"_yoast_wpseo_focuskw":"Tag der Schweizer Qualit\u00e4t 2023","_yoast_wpseo_metadesc":"Am Donnerstag, 11. Mai, findet im Berner Kursaal der Tag der Schweizer Qualit\u00e4t 2023 statt. Das Thema: \"Der Mensch im Fokus\".","articlekey":"","footnotes":""},"categories":[28],"tags":[636,193,2486],"class_list":["post-19783","post","type-post","status-publish","format-standard","has-post-thumbnail","hentry","category-management","tag-tag-der-schweizer-qualitaet","tag-fachkongressfachmesse","tag-vorschau"],"acf":[],"yoast_head":"<!-- This site is optimized with the Yoast SEO plugin v27.5 - https:\/\/yoast.com\/product\/yoast-seo-wordpress\/ -->\n<title>Vorschau Tag der Schweizer Qualit\u00e4t 2023 - Organisator<\/title>\n<meta name=\"description\" content=\"Am Donnerstag, 11. Mai, findet im Berner Kursaal der Tag der Schweizer Qualit\u00e4t 2023 statt. Das Thema: &quot;Der Mensch im Fokus&quot;.\" \/>\n<meta name=\"robots\" content=\"index, follow, max-snippet:-1, max-image-preview:large, max-video-preview:-1\" \/>\n<link rel=\"canonical\" href=\"https:\/\/www.organisator.ch\/it\/gestione-2\/2023-04-20\/vorschau-tag-der-schweizer-qualitaet-2023\/\" \/>\n<meta property=\"og:locale\" content=\"it_IT\" \/>\n<meta property=\"og:type\" content=\"article\" \/>\n<meta property=\"og:title\" content=\"Vorschau Tag der Schweizer Qualit\u00e4t 2023\" \/>\n<meta property=\"og:description\" content=\"Am Donnerstag, 11. Mai, findet im Berner Kursaal der Tag der Schweizer Qualit\u00e4t 2023 statt. Das Thema: &quot;Der Mensch im Fokus&quot;.\" \/>\n<meta property=\"og:url\" content=\"https:\/\/www.organisator.ch\/it\/gestione-2\/2023-04-20\/vorschau-tag-der-schweizer-qualitaet-2023\/\" \/>\n<meta property=\"og:site_name\" content=\"Organisator\" \/>\n<meta property=\"article:publisher\" content=\"https:\/\/www.facebook.com\/OrganisatorFachmagazin\" \/>\n<meta property=\"article:published_time\" content=\"2023-04-20T03:07:01+00:00\" \/>\n<meta property=\"og:image\" content=\"https:\/\/www.organisator.ch\/wp-content\/uploads\/2023\/04\/Vorschau-Tag-der-Schweizer-Qualitaet-2023_Organisator.jpg\" \/>\n\t<meta property=\"og:image:width\" content=\"680\" \/>\n\t<meta property=\"og:image:height\" content=\"351\" \/>\n\t<meta property=\"og:image:type\" content=\"image\/jpeg\" \/>\n<meta name=\"author\" content=\"thomas.berner\" \/>\n<meta name=\"twitter:card\" content=\"summary_large_image\" \/>\n<meta name=\"twitter:title\" content=\"Vorschau Tag der Schweizer #Qualit\u00e4t 2023\" \/>\n<meta name=\"twitter:description\" content=\"Am Donnerstag, 11. Mai, findet im Berner #Kursaal der Tag der Schweizer #Qualit\u00e4t 2023 statt. Das Thema: &quot;Der Mensch im Fokus&quot;.\" \/>\n<meta name=\"twitter:image\" content=\"https:\/\/www.organisator.ch\/wp-content\/uploads\/2023\/04\/Vorschau-Tag-der-Schweizer-Qualitaet-2023_Organisator.jpg\" \/>\n<script type=\"application\/ld+json\" class=\"yoast-schema-graph\">{\"@context\":\"https:\\\/\\\/schema.org\",\"@graph\":[{\"@type\":\"Article\",\"@id\":\"https:\\\/\\\/www.organisator.ch\\\/management\\\/2023-04-20\\\/vorschau-tag-der-schweizer-qualitaet-2023\\\/#article\",\"isPartOf\":{\"@id\":\"https:\\\/\\\/www.organisator.ch\\\/management\\\/2023-04-20\\\/vorschau-tag-der-schweizer-qualitaet-2023\\\/\"},\"author\":{\"name\":\"thomas.berner\",\"@id\":\"https:\\\/\\\/www.organisator.ch\\\/#\\\/schema\\\/person\\\/6f650f90b2842cd4c0cc334b4e36f67e\"},\"headline\":\"Vorschau Tag der Schweizer Qualit\u00e4t 2023\",\"datePublished\":\"2023-04-20T03:07:01+00:00\",\"mainEntityOfPage\":{\"@id\":\"https:\\\/\\\/www.organisator.ch\\\/management\\\/2023-04-20\\\/vorschau-tag-der-schweizer-qualitaet-2023\\\/\"},\"wordCount\":621,\"publisher\":{\"@id\":\"https:\\\/\\\/www.organisator.ch\\\/#organization\"},\"image\":{\"@id\":\"https:\\\/\\\/www.organisator.ch\\\/management\\\/2023-04-20\\\/vorschau-tag-der-schweizer-qualitaet-2023\\\/#primaryimage\"},\"thumbnailUrl\":\"https:\\\/\\\/www.organisator.ch\\\/wp-content\\\/uploads\\\/2023\\\/04\\\/Vorschau-Tag-der-Schweizer-Qualitaet-2023_Organisator.jpg\",\"keywords\":[\"\u00abTag der Schweizer Qualit\u00e4t\u00bb\",\"Fachkongress\\\/Fachmesse\",\"Vorschau\"],\"articleSection\":[\"MANAGEMENT\"],\"inLanguage\":\"it-IT\"},{\"@type\":\"WebPage\",\"@id\":\"https:\\\/\\\/www.organisator.ch\\\/management\\\/2023-04-20\\\/vorschau-tag-der-schweizer-qualitaet-2023\\\/\",\"url\":\"https:\\\/\\\/www.organisator.ch\\\/management\\\/2023-04-20\\\/vorschau-tag-der-schweizer-qualitaet-2023\\\/\",\"name\":\"Vorschau Tag der Schweizer Qualit\u00e4t 2023 - Organisator\",\"isPartOf\":{\"@id\":\"https:\\\/\\\/www.organisator.ch\\\/#website\"},\"primaryImageOfPage\":{\"@id\":\"https:\\\/\\\/www.organisator.ch\\\/management\\\/2023-04-20\\\/vorschau-tag-der-schweizer-qualitaet-2023\\\/#primaryimage\"},\"image\":{\"@id\":\"https:\\\/\\\/www.organisator.ch\\\/management\\\/2023-04-20\\\/vorschau-tag-der-schweizer-qualitaet-2023\\\/#primaryimage\"},\"thumbnailUrl\":\"https:\\\/\\\/www.organisator.ch\\\/wp-content\\\/uploads\\\/2023\\\/04\\\/Vorschau-Tag-der-Schweizer-Qualitaet-2023_Organisator.jpg\",\"datePublished\":\"2023-04-20T03:07:01+00:00\",\"description\":\"Am Donnerstag, 11. Mai, findet im Berner Kursaal der Tag der Schweizer Qualit\u00e4t 2023 statt. Das Thema: \\\"Der Mensch im Fokus\\\".\",\"breadcrumb\":{\"@id\":\"https:\\\/\\\/www.organisator.ch\\\/management\\\/2023-04-20\\\/vorschau-tag-der-schweizer-qualitaet-2023\\\/#breadcrumb\"},\"inLanguage\":\"it-IT\",\"potentialAction\":[{\"@type\":\"ReadAction\",\"target\":[\"https:\\\/\\\/www.organisator.ch\\\/management\\\/2023-04-20\\\/vorschau-tag-der-schweizer-qualitaet-2023\\\/\"]}]},{\"@type\":\"ImageObject\",\"inLanguage\":\"it-IT\",\"@id\":\"https:\\\/\\\/www.organisator.ch\\\/management\\\/2023-04-20\\\/vorschau-tag-der-schweizer-qualitaet-2023\\\/#primaryimage\",\"url\":\"https:\\\/\\\/www.organisator.ch\\\/wp-content\\\/uploads\\\/2023\\\/04\\\/Vorschau-Tag-der-Schweizer-Qualitaet-2023_Organisator.jpg\",\"contentUrl\":\"https:\\\/\\\/www.organisator.ch\\\/wp-content\\\/uploads\\\/2023\\\/04\\\/Vorschau-Tag-der-Schweizer-Qualitaet-2023_Organisator.jpg\",\"width\":680,\"height\":351,\"caption\":\"Der Mensch im Fokus: So lautet das Thema am Tag der Schweizer Qualit\u00e4t 2023 vom 11. Mai in Bern. (Bild: zVg \\\/ SAQ)\"},{\"@type\":\"BreadcrumbList\",\"@id\":\"https:\\\/\\\/www.organisator.ch\\\/management\\\/2023-04-20\\\/vorschau-tag-der-schweizer-qualitaet-2023\\\/#breadcrumb\",\"itemListElement\":[{\"@type\":\"ListItem\",\"position\":1,\"name\":\"Home\",\"item\":\"https:\\\/\\\/www.organisator.ch\\\/\"},{\"@type\":\"ListItem\",\"position\":2,\"name\":\"Vorschau Tag der Schweizer Qualit\u00e4t 2023\"}]},{\"@type\":\"WebSite\",\"@id\":\"https:\\\/\\\/www.organisator.ch\\\/#website\",\"url\":\"https:\\\/\\\/www.organisator.ch\\\/\",\"name\":\"Organisator\",\"description\":\"Kompetent. Praxisnah. Der ORGANISATOR bereitet in 10 Ausgaben pro Jahr die wesentlichen Themen f\u00fcr F\u00fchrungskr\u00e4fte von KMU auf.\",\"publisher\":{\"@id\":\"https:\\\/\\\/www.organisator.ch\\\/#organization\"},\"potentialAction\":[{\"@type\":\"SearchAction\",\"target\":{\"@type\":\"EntryPoint\",\"urlTemplate\":\"https:\\\/\\\/www.organisator.ch\\\/?s={search_term_string}\"},\"query-input\":{\"@type\":\"PropertyValueSpecification\",\"valueRequired\":true,\"valueName\":\"search_term_string\"}}],\"inLanguage\":\"it-IT\"},{\"@type\":\"Organization\",\"@id\":\"https:\\\/\\\/www.organisator.ch\\\/#organization\",\"name\":\"Organisator\",\"url\":\"https:\\\/\\\/www.organisator.ch\\\/\",\"logo\":{\"@type\":\"ImageObject\",\"inLanguage\":\"it-IT\",\"@id\":\"https:\\\/\\\/www.organisator.ch\\\/#\\\/schema\\\/logo\\\/image\\\/\",\"url\":\"https:\\\/\\\/www.organisator.ch\\\/wp-content\\\/uploads\\\/2022\\\/01\\\/Logo_Organisator_Website.png\",\"contentUrl\":\"https:\\\/\\\/www.organisator.ch\\\/wp-content\\\/uploads\\\/2022\\\/01\\\/Logo_Organisator_Website.png\",\"width\":800,\"height\":77,\"caption\":\"Organisator\"},\"image\":{\"@id\":\"https:\\\/\\\/www.organisator.ch\\\/#\\\/schema\\\/logo\\\/image\\\/\"},\"sameAs\":[\"https:\\\/\\\/www.facebook.com\\\/OrganisatorFachmagazin\",\"https:\\\/\\\/www.linkedin.com\\\/showcase\\\/organisator-das-magazin-fr-kmu\",\"https:\\\/\\\/www.xing.com\\\/news\\\/pages\\\/organisator-ch-695\",\"https:\\\/\\\/www.youtube.com\\\/channel\\\/UCGP2Sq0iWaZwT3BdIAQFYpw\"]},{\"@type\":\"Person\",\"@id\":\"https:\\\/\\\/www.organisator.ch\\\/#\\\/schema\\\/person\\\/6f650f90b2842cd4c0cc334b4e36f67e\",\"name\":\"thomas.berner\",\"image\":{\"@type\":\"ImageObject\",\"inLanguage\":\"it-IT\",\"@id\":\"https:\\\/\\\/secure.gravatar.com\\\/avatar\\\/ac5001d2a36cb6c6cd3e50789007ffca834b477b74a2144564522e944eabff61?s=96&d=mm&r=g\",\"url\":\"https:\\\/\\\/secure.gravatar.com\\\/avatar\\\/ac5001d2a36cb6c6cd3e50789007ffca834b477b74a2144564522e944eabff61?s=96&d=mm&r=g\",\"contentUrl\":\"https:\\\/\\\/secure.gravatar.com\\\/avatar\\\/ac5001d2a36cb6c6cd3e50789007ffca834b477b74a2144564522e944eabff61?s=96&d=mm&r=g\",\"caption\":\"thomas.berner\"},\"url\":\"https:\\\/\\\/www.organisator.ch\\\/it\\\/author\\\/thomas-berner\\\/\"}]}<\/script>\n<!-- \/ Yoast SEO plugin. -->","yoast_head_json":{"title":"Anteprima della Giornata della qualit\u00e0 svizzera 2023 - Organizzatore","description":"Gioved\u00ec 11 maggio, al Kursaal di Berna, si terr\u00e0 la Giornata svizzera della qualit\u00e0 2023. Il tema: \"Focus sulle persone\".","robots":{"index":"index","follow":"follow","max-snippet":"max-snippet:-1","max-image-preview":"max-image-preview:large","max-video-preview":"max-video-preview:-1"},"canonical":"https:\/\/www.organisator.ch\/it\/gestione-2\/2023-04-20\/vorschau-tag-der-schweizer-qualitaet-2023\/","og_locale":"it_IT","og_type":"article","og_title":"Vorschau Tag der Schweizer Qualit\u00e4t 2023","og_description":"Am Donnerstag, 11. Mai, findet im Berner Kursaal der Tag der Schweizer Qualit\u00e4t 2023 statt. Das Thema: \"Der Mensch im Fokus\".","og_url":"https:\/\/www.organisator.ch\/it\/gestione-2\/2023-04-20\/vorschau-tag-der-schweizer-qualitaet-2023\/","og_site_name":"Organisator","article_publisher":"https:\/\/www.facebook.com\/OrganisatorFachmagazin","article_published_time":"2023-04-20T03:07:01+00:00","og_image":[{"width":680,"height":351,"url":"https:\/\/www.organisator.ch\/wp-content\/uploads\/2023\/04\/Vorschau-Tag-der-Schweizer-Qualitaet-2023_Organisator.jpg","type":"image\/jpeg"}],"author":"thomas.berner","twitter_card":"summary_large_image","twitter_title":"Vorschau Tag der Schweizer #Qualit\u00e4t 2023","twitter_description":"Am Donnerstag, 11. Mai, findet im Berner #Kursaal der Tag der Schweizer #Qualit\u00e4t 2023 statt. Das Thema: \"Der Mensch im Fokus\".","twitter_image":"https:\/\/www.organisator.ch\/wp-content\/uploads\/2023\/04\/Vorschau-Tag-der-Schweizer-Qualitaet-2023_Organisator.jpg","schema":{"@context":"https:\/\/schema.org","@graph":[{"@type":"Article","@id":"https:\/\/www.organisator.ch\/management\/2023-04-20\/vorschau-tag-der-schweizer-qualitaet-2023\/#article","isPartOf":{"@id":"https:\/\/www.organisator.ch\/management\/2023-04-20\/vorschau-tag-der-schweizer-qualitaet-2023\/"},"author":{"name":"thomas.berner","@id":"https:\/\/www.organisator.ch\/#\/schema\/person\/6f650f90b2842cd4c0cc334b4e36f67e"},"headline":"Vorschau Tag der Schweizer Qualit\u00e4t 2023","datePublished":"2023-04-20T03:07:01+00:00","mainEntityOfPage":{"@id":"https:\/\/www.organisator.ch\/management\/2023-04-20\/vorschau-tag-der-schweizer-qualitaet-2023\/"},"wordCount":621,"publisher":{"@id":"https:\/\/www.organisator.ch\/#organization"},"image":{"@id":"https:\/\/www.organisator.ch\/management\/2023-04-20\/vorschau-tag-der-schweizer-qualitaet-2023\/#primaryimage"},"thumbnailUrl":"https:\/\/www.organisator.ch\/wp-content\/uploads\/2023\/04\/Vorschau-Tag-der-Schweizer-Qualitaet-2023_Organisator.jpg","keywords":["\u00abTag der Schweizer Qualit\u00e4t\u00bb","Fachkongress\/Fachmesse","Vorschau"],"articleSection":["MANAGEMENT"],"inLanguage":"it-IT"},{"@type":"WebPage","@id":"https:\/\/www.organisator.ch\/management\/2023-04-20\/vorschau-tag-der-schweizer-qualitaet-2023\/","url":"https:\/\/www.organisator.ch\/management\/2023-04-20\/vorschau-tag-der-schweizer-qualitaet-2023\/","name":"Anteprima della Giornata della qualit\u00e0 svizzera 2023 - Organizzatore","isPartOf":{"@id":"https:\/\/www.organisator.ch\/#website"},"primaryImageOfPage":{"@id":"https:\/\/www.organisator.ch\/management\/2023-04-20\/vorschau-tag-der-schweizer-qualitaet-2023\/#primaryimage"},"image":{"@id":"https:\/\/www.organisator.ch\/management\/2023-04-20\/vorschau-tag-der-schweizer-qualitaet-2023\/#primaryimage"},"thumbnailUrl":"https:\/\/www.organisator.ch\/wp-content\/uploads\/2023\/04\/Vorschau-Tag-der-Schweizer-Qualitaet-2023_Organisator.jpg","datePublished":"2023-04-20T03:07:01+00:00","description":"Gioved\u00ec 11 maggio, al Kursaal di Berna, si terr\u00e0 la Giornata svizzera della qualit\u00e0 2023. Il tema: \"Focus sulle persone\".","breadcrumb":{"@id":"https:\/\/www.organisator.ch\/management\/2023-04-20\/vorschau-tag-der-schweizer-qualitaet-2023\/#breadcrumb"},"inLanguage":"it-IT","potentialAction":[{"@type":"ReadAction","target":["https:\/\/www.organisator.ch\/management\/2023-04-20\/vorschau-tag-der-schweizer-qualitaet-2023\/"]}]},{"@type":"ImageObject","inLanguage":"it-IT","@id":"https:\/\/www.organisator.ch\/management\/2023-04-20\/vorschau-tag-der-schweizer-qualitaet-2023\/#primaryimage","url":"https:\/\/www.organisator.ch\/wp-content\/uploads\/2023\/04\/Vorschau-Tag-der-Schweizer-Qualitaet-2023_Organisator.jpg","contentUrl":"https:\/\/www.organisator.ch\/wp-content\/uploads\/2023\/04\/Vorschau-Tag-der-Schweizer-Qualitaet-2023_Organisator.jpg","width":680,"height":351,"caption":"Der Mensch im Fokus: So lautet das Thema am Tag der Schweizer Qualit\u00e4t 2023 vom 11. Mai in Bern. (Bild: zVg \/ SAQ)"},{"@type":"BreadcrumbList","@id":"https:\/\/www.organisator.ch\/management\/2023-04-20\/vorschau-tag-der-schweizer-qualitaet-2023\/#breadcrumb","itemListElement":[{"@type":"ListItem","position":1,"name":"Home","item":"https:\/\/www.organisator.ch\/"},{"@type":"ListItem","position":2,"name":"Vorschau Tag der Schweizer Qualit\u00e4t 2023"}]},{"@type":"WebSite","@id":"https:\/\/www.organisator.ch\/#website","url":"https:\/\/www.organisator.ch\/","name":"Organizzatore","description":"Competente. Pratico. In 10 numeri all'anno, ORGANISATOR presenta i temi essenziali per i manager delle PMI.","publisher":{"@id":"https:\/\/www.organisator.ch\/#organization"},"potentialAction":[{"@type":"SearchAction","target":{"@type":"EntryPoint","urlTemplate":"https:\/\/www.organisator.ch\/?s={search_term_string}"},"query-input":{"@type":"PropertyValueSpecification","valueRequired":true,"valueName":"search_term_string"}}],"inLanguage":"it-IT"},{"@type":"Organization","@id":"https:\/\/www.organisator.ch\/#organization","name":"Organizzatore","url":"https:\/\/www.organisator.ch\/","logo":{"@type":"ImageObject","inLanguage":"it-IT","@id":"https:\/\/www.organisator.ch\/#\/schema\/logo\/image\/","url":"https:\/\/www.organisator.ch\/wp-content\/uploads\/2022\/01\/Logo_Organisator_Website.png","contentUrl":"https:\/\/www.organisator.ch\/wp-content\/uploads\/2022\/01\/Logo_Organisator_Website.png","width":800,"height":77,"caption":"Organisator"},"image":{"@id":"https:\/\/www.organisator.ch\/#\/schema\/logo\/image\/"},"sameAs":["https:\/\/www.facebook.com\/OrganisatorFachmagazin","https:\/\/www.linkedin.com\/showcase\/organisator-das-magazin-fr-kmu","https:\/\/www.xing.com\/news\/pages\/organisator-ch-695","https:\/\/www.youtube.com\/channel\/UCGP2Sq0iWaZwT3BdIAQFYpw"]},{"@type":"Person","@id":"https:\/\/www.organisator.ch\/#\/schema\/person\/6f650f90b2842cd4c0cc334b4e36f67e","name":"Tommaso.berner","image":{"@type":"ImageObject","inLanguage":"it-IT","@id":"https:\/\/secure.gravatar.com\/avatar\/ac5001d2a36cb6c6cd3e50789007ffca834b477b74a2144564522e944eabff61?s=96&d=mm&r=g","url":"https:\/\/secure.gravatar.com\/avatar\/ac5001d2a36cb6c6cd3e50789007ffca834b477b74a2144564522e944eabff61?s=96&d=mm&r=g","contentUrl":"https:\/\/secure.gravatar.com\/avatar\/ac5001d2a36cb6c6cd3e50789007ffca834b477b74a2144564522e944eabff61?s=96&d=mm&r=g","caption":"thomas.berner"},"url":"https:\/\/www.organisator.ch\/it\/author\/thomas-berner\/"}]}},"_links":{"self":[{"href":"https:\/\/www.organisator.ch\/it\/wp-json\/wp\/v2\/posts\/19783","targetHints":{"allow":["GET"]}}],"collection":[{"href":"https:\/\/www.organisator.ch\/it\/wp-json\/wp\/v2\/posts"}],"about":[{"href":"https:\/\/www.organisator.ch\/it\/wp-json\/wp\/v2\/types\/post"}],"author":[{"embeddable":true,"href":"https:\/\/www.organisator.ch\/it\/wp-json\/wp\/v2\/users\/4"}],"replies":[{"embeddable":true,"href":"https:\/\/www.organisator.ch\/it\/wp-json\/wp\/v2\/comments?post=19783"}],"version-history":[{"count":2,"href":"https:\/\/www.organisator.ch\/it\/wp-json\/wp\/v2\/posts\/19783\/revisions"}],"predecessor-version":[{"id":19825,"href":"https:\/\/www.organisator.ch\/it\/wp-json\/wp\/v2\/posts\/19783\/revisions\/19825"}],"wp:featuredmedia":[{"embeddable":true,"href":"https:\/\/www.organisator.ch\/it\/wp-json\/wp\/v2\/media\/19787"}],"wp:attachment":[{"href":"https:\/\/www.organisator.ch\/it\/wp-json\/wp\/v2\/media?parent=19783"}],"wp:term":[{"taxonomy":"category","embeddable":true,"href":"https:\/\/www.organisator.ch\/it\/wp-json\/wp\/v2\/categories?post=19783"},{"taxonomy":"post_tag","embeddable":true,"href":"https:\/\/www.organisator.ch\/it\/wp-json\/wp\/v2\/tags?post=19783"}],"curies":[{"name":"wp","href":"https:\/\/api.w.org\/{rel}","templated":true}]}}