{"id":1989,"date":"2017-06-01T17:01:43","date_gmt":"2017-06-01T15:01:43","guid":{"rendered":"https:\/\/www.organisator.ch\/?p=1989"},"modified":"2017-06-01T17:01:43","modified_gmt":"2017-06-01T15:01:43","slug":"wettbewerbsfaehigkeit-das-sind-die-spitzenreiter","status":"publish","type":"post","link":"https:\/\/www.organisator.ch\/it\/allgemein\/2017-06-01\/wettbewerbsfaehigkeit-das-sind-die-spitzenreiter\/","title":{"rendered":"Competitivit\u00e0: Questi sono i top performer"},"content":{"rendered":"<figure id=\"attachment_1991\" aria-describedby=\"caption-attachment-1991\" style=\"width: 640px\" class=\"wp-caption alignnone\"><img loading=\"lazy\" decoding=\"async\" class=\"size-full wp-image-1991\" src=\"https:\/\/www.organisator.ch\/wp-content\/uploads\/2017\/06\/Wettbewerbsfaehigkeit-Das-sind-die-Spitzenreiter-1_Organisator.jpg\" alt=\"\" width=\"640\" height=\"295\" srcset=\"https:\/\/www.organisator.ch\/wp-content\/uploads\/2017\/06\/Wettbewerbsfaehigkeit-Das-sind-die-Spitzenreiter-1_Organisator.jpg 640w, https:\/\/www.organisator.ch\/wp-content\/uploads\/2017\/06\/Wettbewerbsfaehigkeit-Das-sind-die-Spitzenreiter-1_Organisator-16x7.jpg 16w, https:\/\/www.organisator.ch\/wp-content\/uploads\/2017\/06\/Wettbewerbsfaehigkeit-Das-sind-die-Spitzenreiter-1_Organisator-375x173.jpg 375w, https:\/\/www.organisator.ch\/wp-content\/uploads\/2017\/06\/Wettbewerbsfaehigkeit-Das-sind-die-Spitzenreiter-1_Organisator-300x138.jpg 300w\" sizes=\"auto, (max-width: 640px) 100vw, 640px\" \/><figcaption id=\"caption-attachment-1991\" class=\"wp-caption-text\">Una nuova \u00e9lite sta emergendo nell'ultima classifica della competitivit\u00e0 globale. (Grafico: obs\/IMD International)<\/figcaption><\/figure>\n<p>L'IMD World Competitiveness Center, un centro di ricerca della IMD Business School in Svizzera, pubblica dal 1989 una classifica annuale dei paesi pi\u00f9 competitivi, basata su 260 indicatori. Quest'anno, 63 paesi sono stati elencati, tra cui Cipro e l'Arabia Saudita per la prima volta.<\/p>\n<p>Hong Kong ha consolidato la sua forte posizione in questa classifica di competitivit\u00e0, in cima alla lista per il secondo anno di fila. La Svizzera e Singapore sono arrivate rispettivamente al secondo e al terzo posto. Al contrario, gli Stati Uniti sono scivolati dal terzo posto l'anno scorso al quarto, la sua peggiore posizione negli ultimi cinque anni. I Paesi Bassi sono passati dall'ottavo al quinto posto rispetto all'anno precedente.<\/p>\n<p>Tra i paesi che sono migliorati di pi\u00f9, spiccano gli indicatori relativi all'efficienza e alla produttivit\u00e0 delle imprese e dei governi, secondo il professor Arturo Bris, direttore del World Competitiveness Center dell'IMD. \"Questi paesi hanno mantenuto un ambiente favorevole agli affari che incoraggia l'apertura e la produttivit\u00e0\", ha spiegato Bris. \"La Cina, per esempio, \u00e8 salita dal 18\u00b0 posto e ha guadagnato sette posti. Questo pu\u00f2 essere attribuito al suo impegno per il commercio internazionale, dando ulteriore impulso all'economia e migliorando l'efficienza delle imprese e del governo\". Nel frattempo, gli ultimi posti sono occupati da paesi segnati da sconvolgimenti politici ed economici.<\/p>\n<p><strong>E la competitivit\u00e0 digitale?<\/strong><\/p>\n<p>Per la prima volta, l'IMD World Competitiveness Center ha pubblicato un rapporto separato quest'anno, classificando i paesi in base alla loro competitivit\u00e0 digitale. Il Digital Competitiveness Ranking mira a valutare la capacit\u00e0 dei paesi di utilizzare ed esplorare le tecnologie digitali che portano cambiamenti nella governance, nei modelli di business e nella societ\u00e0 in generale.<\/p>\n<p>Qui, Singapore \u00e8 in testa, seguito da Svezia, USA, Finlandia e Danimarca. \"\u00c8 chiaro che un approccio solidale e inclusivo da parte delle agenzie governative guida l'innovazione tecnologica\", dice Bris. \"A Singapore e in Svezia \u00e8 stata sviluppata una regolamentazione che si concentra sulle competenze disponibili: per esempio, \u00e8 stata introdotta una regolamentazione grazie alla quale i lavoratori qualificati stranieri possono integrare il pool disponibile a livello nazionale. Gli Stati Uniti tendono a concentrarsi sul rafforzamento della ricerca e sulla generazione di nuove idee, ma storicamente il governo del paese ha sempre sostenuto l'innovazione tecnologica. Questo dimostra che nei paesi che sono competitivi nel digitale, il governo incoraggia l'adozione di nuove tecnologie\".<\/p>\n<p><strong>La classifica dettagliata:<\/strong><\/p>\n<figure id=\"attachment_1992\" aria-describedby=\"caption-attachment-1992\" style=\"width: 452px\" class=\"wp-caption alignnone\"><img loading=\"lazy\" decoding=\"async\" class=\"size-full wp-image-1992\" src=\"https:\/\/www.organisator.ch\/wp-content\/uploads\/2017\/06\/Wettbewerbsfaehigkeit-Das-sind-die-Spitzenreiter-2_Organisator.jpg\" alt=\"\" width=\"452\" height=\"640\" srcset=\"https:\/\/www.organisator.ch\/wp-content\/uploads\/2017\/06\/Wettbewerbsfaehigkeit-Das-sind-die-Spitzenreiter-2_Organisator.jpg 452w, https:\/\/www.organisator.ch\/wp-content\/uploads\/2017\/06\/Wettbewerbsfaehigkeit-Das-sind-die-Spitzenreiter-2_Organisator-8x12.jpg 8w, https:\/\/www.organisator.ch\/wp-content\/uploads\/2017\/06\/Wettbewerbsfaehigkeit-Das-sind-die-Spitzenreiter-2_Organisator-124x175.jpg 124w, https:\/\/www.organisator.ch\/wp-content\/uploads\/2017\/06\/Wettbewerbsfaehigkeit-Das-sind-die-Spitzenreiter-2_Organisator-247x350.jpg 247w, https:\/\/www.organisator.ch\/wp-content\/uploads\/2017\/06\/Wettbewerbsfaehigkeit-Das-sind-die-Spitzenreiter-2_Organisator-300x425.jpg 300w\" sizes=\"auto, (max-width: 452px) 100vw, 452px\" \/><figcaption id=\"caption-attachment-1992\" class=\"wp-caption-text\">Grafico: obs\/IMD International<\/figcaption><\/figure>\n<p><em>Fonte:\u00a0<a href=\"http:\/\/www.imd.org\/\">www.imd.org<\/a><\/em><\/p>\n<p>&nbsp;<\/p>","protected":false},"excerpt":{"rendered":"<p>Das IMD World Competitiveness Center, ein Forschungszentrum an der IMD Business School in der Schweiz, ver\u00f6ffentlicht seit 1989 im Jahresrhythmus eine Rangliste der wettbewerbsf\u00e4higsten L\u00e4nder\u00a0und nimmt die Aufstellung basierend auf 260 Indikatoren vor. Dieses Jahr wurden 63 L\u00e4nder gelistet, unter ihnen waren auch zum ersten Mal Zypern und Saudi-Arabien. Hongkong konnte seine starke Position\u00a0in diesem [&hellip;]<\/p>\n","protected":false},"author":4,"featured_media":1991,"comment_status":"open","ping_status":"open","sticky":false,"template":"","format":"standard","meta":{"_acf_changed":false,"_yoast_wpseo_focuskw":"Wettbewerbsf\u00e4higkeit","_yoast_wpseo_metadesc":"Die wettbewerbsf\u00e4higsten L\u00e4nder der Welt ringen weiter um die Spitzenpositionen im IMD World Competitiveness Yearbook. Die USA sind nicht mehr in den Top 3.","articlekey":"","footnotes":""},"categories":[1],"tags":[340,404,508,523,531],"class_list":["post-1989","post","type-post","status-publish","format-standard","has-post-thumbnail","hentry","category-allgemein","tag-maerkte","tag-ranking","tag-vermischtes","tag-wettbewerbsfaehigkeit","tag-wirtschaftspolitik"],"acf":[],"yoast_head":"<!-- This site is optimized with the Yoast SEO plugin v27.5 - https:\/\/yoast.com\/product\/yoast-seo-wordpress\/ -->\n<title>Wettbewerbsf\u00e4higkeit: Das sind die Spitzenreiter - Organisator<\/title>\n<meta name=\"description\" content=\"Die wettbewerbsf\u00e4higsten L\u00e4nder der Welt ringen weiter um die Spitzenpositionen im IMD World Competitiveness Yearbook. Die USA sind nicht mehr in den Top 3.\" \/>\n<meta name=\"robots\" content=\"index, follow, max-snippet:-1, max-image-preview:large, max-video-preview:-1\" \/>\n<link rel=\"canonical\" href=\"https:\/\/www.organisator.ch\/it\/generale\/2017-06-01\/wettbewerbsfaehigkeit-das-sind-die-spitzenreiter\/\" \/>\n<meta property=\"og:locale\" content=\"it_IT\" \/>\n<meta property=\"og:type\" content=\"article\" \/>\n<meta property=\"og:title\" content=\"Wettbewerbsf\u00e4higkeit: Das sind die Spitzenreiter\" \/>\n<meta property=\"og:description\" content=\"Die wettbewerbsf\u00e4higsten L\u00e4nder der Welt ringen weiter um die Spitzenpositionen im #IMD World #Competitiveness Yearbook und die USA werden aus den Top 3 verdr\u00e4ngt.\" \/>\n<meta property=\"og:url\" content=\"https:\/\/www.organisator.ch\/it\/generale\/2017-06-01\/wettbewerbsfaehigkeit-das-sind-die-spitzenreiter\/\" \/>\n<meta property=\"og:site_name\" content=\"Organisator\" \/>\n<meta property=\"article:publisher\" content=\"https:\/\/www.facebook.com\/OrganisatorFachmagazin\" \/>\n<meta property=\"article:published_time\" content=\"2017-06-01T15:01:43+00:00\" \/>\n<meta property=\"og:image\" content=\"https:\/\/www.organisator.ch\/wp-content\/uploads\/2017\/06\/Wettbewerbsfaehigkeit-Das-sind-die-Spitzenreiter-1_Organisator.jpg\" \/>\n\t<meta property=\"og:image:width\" content=\"640\" \/>\n\t<meta property=\"og:image:height\" content=\"295\" \/>\n\t<meta property=\"og:image:type\" content=\"image\/jpeg\" \/>\n<meta name=\"author\" content=\"thomas.berner\" \/>\n<meta name=\"twitter:card\" content=\"summary_large_image\" \/>\n<meta name=\"twitter:title\" content=\"#Wettbewerbsf\u00e4higkeit: Das sind die #Spitzenreiter\" \/>\n<meta name=\"twitter:description\" content=\"Die wettbewerbsf\u00e4higsten L\u00e4nder der Welt ringen weiter um die Spitzenpositionen im #IMD World #Competitiveness Yearbook und die USA werden aus den Top 3 verdr\u00e4ngt.\" \/>\n<meta name=\"twitter:image\" content=\"https:\/\/www.organisator.ch\/wp-content\/uploads\/2017\/06\/Wettbewerbsf\u00e4higkeit-Das-sind-die-Spitzenreiter-1_Organisator.jpg\" \/>\n<script type=\"application\/ld+json\" class=\"yoast-schema-graph\">{\"@context\":\"https:\\\/\\\/schema.org\",\"@graph\":[{\"@type\":\"Article\",\"@id\":\"https:\\\/\\\/www.organisator.ch\\\/de\\\/allgemein\\\/2017-06-01\\\/wettbewerbsfaehigkeit-das-sind-die-spitzenreiter\\\/#article\",\"isPartOf\":{\"@id\":\"https:\\\/\\\/www.organisator.ch\\\/de\\\/allgemein\\\/2017-06-01\\\/wettbewerbsfaehigkeit-das-sind-die-spitzenreiter\\\/\"},\"author\":{\"name\":\"thomas.berner\",\"@id\":\"https:\\\/\\\/www.organisator.ch\\\/#\\\/schema\\\/person\\\/6f650f90b2842cd4c0cc334b4e36f67e\"},\"headline\":\"Wettbewerbsf\u00e4higkeit: Das sind die Spitzenreiter\",\"datePublished\":\"2017-06-01T15:01:43+00:00\",\"mainEntityOfPage\":{\"@id\":\"https:\\\/\\\/www.organisator.ch\\\/de\\\/allgemein\\\/2017-06-01\\\/wettbewerbsfaehigkeit-das-sind-die-spitzenreiter\\\/\"},\"wordCount\":486,\"commentCount\":0,\"publisher\":{\"@id\":\"https:\\\/\\\/www.organisator.ch\\\/#organization\"},\"image\":{\"@id\":\"https:\\\/\\\/www.organisator.ch\\\/de\\\/allgemein\\\/2017-06-01\\\/wettbewerbsfaehigkeit-das-sind-die-spitzenreiter\\\/#primaryimage\"},\"thumbnailUrl\":\"https:\\\/\\\/www.organisator.ch\\\/wp-content\\\/uploads\\\/2017\\\/06\\\/Wettbewerbsfaehigkeit-Das-sind-die-Spitzenreiter-1_Organisator.jpg\",\"keywords\":[\"M\u00e4rkte\",\"Ranking\",\"Vermischtes\",\"Wettbewerbsf\u00e4higkeit\",\"Wirtschaftspolitik\"],\"articleSection\":[\"Allgemein\"],\"inLanguage\":\"it-IT\"},{\"@type\":\"WebPage\",\"@id\":\"https:\\\/\\\/www.organisator.ch\\\/de\\\/allgemein\\\/2017-06-01\\\/wettbewerbsfaehigkeit-das-sind-die-spitzenreiter\\\/\",\"url\":\"https:\\\/\\\/www.organisator.ch\\\/de\\\/allgemein\\\/2017-06-01\\\/wettbewerbsfaehigkeit-das-sind-die-spitzenreiter\\\/\",\"name\":\"Wettbewerbsf\u00e4higkeit: Das sind die Spitzenreiter - Organisator\",\"isPartOf\":{\"@id\":\"https:\\\/\\\/www.organisator.ch\\\/#website\"},\"primaryImageOfPage\":{\"@id\":\"https:\\\/\\\/www.organisator.ch\\\/de\\\/allgemein\\\/2017-06-01\\\/wettbewerbsfaehigkeit-das-sind-die-spitzenreiter\\\/#primaryimage\"},\"image\":{\"@id\":\"https:\\\/\\\/www.organisator.ch\\\/de\\\/allgemein\\\/2017-06-01\\\/wettbewerbsfaehigkeit-das-sind-die-spitzenreiter\\\/#primaryimage\"},\"thumbnailUrl\":\"https:\\\/\\\/www.organisator.ch\\\/wp-content\\\/uploads\\\/2017\\\/06\\\/Wettbewerbsfaehigkeit-Das-sind-die-Spitzenreiter-1_Organisator.jpg\",\"datePublished\":\"2017-06-01T15:01:43+00:00\",\"description\":\"Die wettbewerbsf\u00e4higsten L\u00e4nder der Welt ringen weiter um die Spitzenpositionen im IMD World Competitiveness Yearbook. Die USA sind nicht mehr in den Top 3.\",\"breadcrumb\":{\"@id\":\"https:\\\/\\\/www.organisator.ch\\\/de\\\/allgemein\\\/2017-06-01\\\/wettbewerbsfaehigkeit-das-sind-die-spitzenreiter\\\/#breadcrumb\"},\"inLanguage\":\"it-IT\",\"potentialAction\":[{\"@type\":\"ReadAction\",\"target\":[\"https:\\\/\\\/www.organisator.ch\\\/de\\\/allgemein\\\/2017-06-01\\\/wettbewerbsfaehigkeit-das-sind-die-spitzenreiter\\\/\"]}]},{\"@type\":\"ImageObject\",\"inLanguage\":\"it-IT\",\"@id\":\"https:\\\/\\\/www.organisator.ch\\\/de\\\/allgemein\\\/2017-06-01\\\/wettbewerbsfaehigkeit-das-sind-die-spitzenreiter\\\/#primaryimage\",\"url\":\"https:\\\/\\\/www.organisator.ch\\\/wp-content\\\/uploads\\\/2017\\\/06\\\/Wettbewerbsfaehigkeit-Das-sind-die-Spitzenreiter-1_Organisator.jpg\",\"contentUrl\":\"https:\\\/\\\/www.organisator.ch\\\/wp-content\\\/uploads\\\/2017\\\/06\\\/Wettbewerbsfaehigkeit-Das-sind-die-Spitzenreiter-1_Organisator.jpg\",\"width\":640,\"height\":295,\"caption\":\"Im neuesten Ranken der globalen Wettbewerbsf\u00e4higkeit zeichnet sich eine neue Elite ab. (Grafik: obs\\\/IMD International)\"},{\"@type\":\"BreadcrumbList\",\"@id\":\"https:\\\/\\\/www.organisator.ch\\\/de\\\/allgemein\\\/2017-06-01\\\/wettbewerbsfaehigkeit-das-sind-die-spitzenreiter\\\/#breadcrumb\",\"itemListElement\":[{\"@type\":\"ListItem\",\"position\":1,\"name\":\"Home\",\"item\":\"https:\\\/\\\/www.organisator.ch\\\/\"},{\"@type\":\"ListItem\",\"position\":2,\"name\":\"Wettbewerbsf\u00e4higkeit: Das sind die Spitzenreiter\"}]},{\"@type\":\"WebSite\",\"@id\":\"https:\\\/\\\/www.organisator.ch\\\/#website\",\"url\":\"https:\\\/\\\/www.organisator.ch\\\/\",\"name\":\"Organisator\",\"description\":\"Kompetent. Praxisnah. Der ORGANISATOR bereitet in 10 Ausgaben pro Jahr die wesentlichen Themen f\u00fcr F\u00fchrungskr\u00e4fte von KMU auf.\",\"publisher\":{\"@id\":\"https:\\\/\\\/www.organisator.ch\\\/#organization\"},\"potentialAction\":[{\"@type\":\"SearchAction\",\"target\":{\"@type\":\"EntryPoint\",\"urlTemplate\":\"https:\\\/\\\/www.organisator.ch\\\/?s={search_term_string}\"},\"query-input\":{\"@type\":\"PropertyValueSpecification\",\"valueRequired\":true,\"valueName\":\"search_term_string\"}}],\"inLanguage\":\"it-IT\"},{\"@type\":\"Organization\",\"@id\":\"https:\\\/\\\/www.organisator.ch\\\/#organization\",\"name\":\"Organisator\",\"url\":\"https:\\\/\\\/www.organisator.ch\\\/\",\"logo\":{\"@type\":\"ImageObject\",\"inLanguage\":\"it-IT\",\"@id\":\"https:\\\/\\\/www.organisator.ch\\\/#\\\/schema\\\/logo\\\/image\\\/\",\"url\":\"https:\\\/\\\/www.organisator.ch\\\/wp-content\\\/uploads\\\/2022\\\/01\\\/Logo_Organisator_Website.png\",\"contentUrl\":\"https:\\\/\\\/www.organisator.ch\\\/wp-content\\\/uploads\\\/2022\\\/01\\\/Logo_Organisator_Website.png\",\"width\":800,\"height\":77,\"caption\":\"Organisator\"},\"image\":{\"@id\":\"https:\\\/\\\/www.organisator.ch\\\/#\\\/schema\\\/logo\\\/image\\\/\"},\"sameAs\":[\"https:\\\/\\\/www.facebook.com\\\/OrganisatorFachmagazin\",\"https:\\\/\\\/www.linkedin.com\\\/showcase\\\/organisator-das-magazin-fr-kmu\",\"https:\\\/\\\/www.xing.com\\\/news\\\/pages\\\/organisator-ch-695\",\"https:\\\/\\\/www.youtube.com\\\/channel\\\/UCGP2Sq0iWaZwT3BdIAQFYpw\"]},{\"@type\":\"Person\",\"@id\":\"https:\\\/\\\/www.organisator.ch\\\/#\\\/schema\\\/person\\\/6f650f90b2842cd4c0cc334b4e36f67e\",\"name\":\"thomas.berner\",\"image\":{\"@type\":\"ImageObject\",\"inLanguage\":\"it-IT\",\"@id\":\"https:\\\/\\\/secure.gravatar.com\\\/avatar\\\/ac5001d2a36cb6c6cd3e50789007ffca834b477b74a2144564522e944eabff61?s=96&d=mm&r=g\",\"url\":\"https:\\\/\\\/secure.gravatar.com\\\/avatar\\\/ac5001d2a36cb6c6cd3e50789007ffca834b477b74a2144564522e944eabff61?s=96&d=mm&r=g\",\"contentUrl\":\"https:\\\/\\\/secure.gravatar.com\\\/avatar\\\/ac5001d2a36cb6c6cd3e50789007ffca834b477b74a2144564522e944eabff61?s=96&d=mm&r=g\",\"caption\":\"thomas.berner\"},\"url\":\"https:\\\/\\\/www.organisator.ch\\\/it\\\/author\\\/thomas-berner\\\/\"}]}<\/script>\n<!-- \/ Yoast SEO plugin. -->","yoast_head_json":{"title":"Competitivit\u00e0: ecco i primi classificati - Organizzatore","description":"I Paesi pi\u00f9 competitivi del mondo continuano a contendersi le prime posizioni dell'IMD World Competitiveness Yearbook. Gli Stati Uniti non sono pi\u00f9 nella top 3.","robots":{"index":"index","follow":"follow","max-snippet":"max-snippet:-1","max-image-preview":"max-image-preview:large","max-video-preview":"max-video-preview:-1"},"canonical":"https:\/\/www.organisator.ch\/it\/generale\/2017-06-01\/wettbewerbsfaehigkeit-das-sind-die-spitzenreiter\/","og_locale":"it_IT","og_type":"article","og_title":"Wettbewerbsf\u00e4higkeit: Das sind die Spitzenreiter","og_description":"Die wettbewerbsf\u00e4higsten L\u00e4nder der Welt ringen weiter um die Spitzenpositionen im #IMD World #Competitiveness Yearbook und die USA werden aus den Top 3 verdr\u00e4ngt.","og_url":"https:\/\/www.organisator.ch\/it\/generale\/2017-06-01\/wettbewerbsfaehigkeit-das-sind-die-spitzenreiter\/","og_site_name":"Organisator","article_publisher":"https:\/\/www.facebook.com\/OrganisatorFachmagazin","article_published_time":"2017-06-01T15:01:43+00:00","og_image":[{"width":640,"height":295,"url":"https:\/\/www.organisator.ch\/wp-content\/uploads\/2017\/06\/Wettbewerbsfaehigkeit-Das-sind-die-Spitzenreiter-1_Organisator.jpg","type":"image\/jpeg"}],"author":"thomas.berner","twitter_card":"summary_large_image","twitter_title":"#Wettbewerbsf\u00e4higkeit: Das sind die #Spitzenreiter","twitter_description":"Die wettbewerbsf\u00e4higsten L\u00e4nder der Welt ringen weiter um die Spitzenpositionen im #IMD World #Competitiveness Yearbook und die USA werden aus den Top 3 verdr\u00e4ngt.","twitter_image":"https:\/\/www.organisator.ch\/wp-content\/uploads\/2017\/06\/Wettbewerbsf\u00e4higkeit-Das-sind-die-Spitzenreiter-1_Organisator.jpg","schema":{"@context":"https:\/\/schema.org","@graph":[{"@type":"Article","@id":"https:\/\/www.organisator.ch\/de\/allgemein\/2017-06-01\/wettbewerbsfaehigkeit-das-sind-die-spitzenreiter\/#article","isPartOf":{"@id":"https:\/\/www.organisator.ch\/de\/allgemein\/2017-06-01\/wettbewerbsfaehigkeit-das-sind-die-spitzenreiter\/"},"author":{"name":"thomas.berner","@id":"https:\/\/www.organisator.ch\/#\/schema\/person\/6f650f90b2842cd4c0cc334b4e36f67e"},"headline":"Wettbewerbsf\u00e4higkeit: Das sind die Spitzenreiter","datePublished":"2017-06-01T15:01:43+00:00","mainEntityOfPage":{"@id":"https:\/\/www.organisator.ch\/de\/allgemein\/2017-06-01\/wettbewerbsfaehigkeit-das-sind-die-spitzenreiter\/"},"wordCount":486,"commentCount":0,"publisher":{"@id":"https:\/\/www.organisator.ch\/#organization"},"image":{"@id":"https:\/\/www.organisator.ch\/de\/allgemein\/2017-06-01\/wettbewerbsfaehigkeit-das-sind-die-spitzenreiter\/#primaryimage"},"thumbnailUrl":"https:\/\/www.organisator.ch\/wp-content\/uploads\/2017\/06\/Wettbewerbsfaehigkeit-Das-sind-die-Spitzenreiter-1_Organisator.jpg","keywords":["M\u00e4rkte","Ranking","Vermischtes","Wettbewerbsf\u00e4higkeit","Wirtschaftspolitik"],"articleSection":["Allgemein"],"inLanguage":"it-IT"},{"@type":"WebPage","@id":"https:\/\/www.organisator.ch\/de\/allgemein\/2017-06-01\/wettbewerbsfaehigkeit-das-sind-die-spitzenreiter\/","url":"https:\/\/www.organisator.ch\/de\/allgemein\/2017-06-01\/wettbewerbsfaehigkeit-das-sind-die-spitzenreiter\/","name":"Competitivit\u00e0: ecco i primi classificati - Organizzatore","isPartOf":{"@id":"https:\/\/www.organisator.ch\/#website"},"primaryImageOfPage":{"@id":"https:\/\/www.organisator.ch\/de\/allgemein\/2017-06-01\/wettbewerbsfaehigkeit-das-sind-die-spitzenreiter\/#primaryimage"},"image":{"@id":"https:\/\/www.organisator.ch\/de\/allgemein\/2017-06-01\/wettbewerbsfaehigkeit-das-sind-die-spitzenreiter\/#primaryimage"},"thumbnailUrl":"https:\/\/www.organisator.ch\/wp-content\/uploads\/2017\/06\/Wettbewerbsfaehigkeit-Das-sind-die-Spitzenreiter-1_Organisator.jpg","datePublished":"2017-06-01T15:01:43+00:00","description":"I Paesi pi\u00f9 competitivi del mondo continuano a contendersi le prime posizioni dell'IMD World Competitiveness Yearbook. Gli Stati Uniti non sono pi\u00f9 nella top 3.","breadcrumb":{"@id":"https:\/\/www.organisator.ch\/de\/allgemein\/2017-06-01\/wettbewerbsfaehigkeit-das-sind-die-spitzenreiter\/#breadcrumb"},"inLanguage":"it-IT","potentialAction":[{"@type":"ReadAction","target":["https:\/\/www.organisator.ch\/de\/allgemein\/2017-06-01\/wettbewerbsfaehigkeit-das-sind-die-spitzenreiter\/"]}]},{"@type":"ImageObject","inLanguage":"it-IT","@id":"https:\/\/www.organisator.ch\/de\/allgemein\/2017-06-01\/wettbewerbsfaehigkeit-das-sind-die-spitzenreiter\/#primaryimage","url":"https:\/\/www.organisator.ch\/wp-content\/uploads\/2017\/06\/Wettbewerbsfaehigkeit-Das-sind-die-Spitzenreiter-1_Organisator.jpg","contentUrl":"https:\/\/www.organisator.ch\/wp-content\/uploads\/2017\/06\/Wettbewerbsfaehigkeit-Das-sind-die-Spitzenreiter-1_Organisator.jpg","width":640,"height":295,"caption":"Im neuesten Ranken der globalen Wettbewerbsf\u00e4higkeit zeichnet sich eine neue Elite ab. (Grafik: obs\/IMD International)"},{"@type":"BreadcrumbList","@id":"https:\/\/www.organisator.ch\/de\/allgemein\/2017-06-01\/wettbewerbsfaehigkeit-das-sind-die-spitzenreiter\/#breadcrumb","itemListElement":[{"@type":"ListItem","position":1,"name":"Home","item":"https:\/\/www.organisator.ch\/"},{"@type":"ListItem","position":2,"name":"Wettbewerbsf\u00e4higkeit: Das sind die Spitzenreiter"}]},{"@type":"WebSite","@id":"https:\/\/www.organisator.ch\/#website","url":"https:\/\/www.organisator.ch\/","name":"Organizzatore","description":"Competente. Pratico. In 10 numeri all'anno, ORGANISATOR presenta i temi essenziali per i manager delle PMI.","publisher":{"@id":"https:\/\/www.organisator.ch\/#organization"},"potentialAction":[{"@type":"SearchAction","target":{"@type":"EntryPoint","urlTemplate":"https:\/\/www.organisator.ch\/?s={search_term_string}"},"query-input":{"@type":"PropertyValueSpecification","valueRequired":true,"valueName":"search_term_string"}}],"inLanguage":"it-IT"},{"@type":"Organization","@id":"https:\/\/www.organisator.ch\/#organization","name":"Organizzatore","url":"https:\/\/www.organisator.ch\/","logo":{"@type":"ImageObject","inLanguage":"it-IT","@id":"https:\/\/www.organisator.ch\/#\/schema\/logo\/image\/","url":"https:\/\/www.organisator.ch\/wp-content\/uploads\/2022\/01\/Logo_Organisator_Website.png","contentUrl":"https:\/\/www.organisator.ch\/wp-content\/uploads\/2022\/01\/Logo_Organisator_Website.png","width":800,"height":77,"caption":"Organisator"},"image":{"@id":"https:\/\/www.organisator.ch\/#\/schema\/logo\/image\/"},"sameAs":["https:\/\/www.facebook.com\/OrganisatorFachmagazin","https:\/\/www.linkedin.com\/showcase\/organisator-das-magazin-fr-kmu","https:\/\/www.xing.com\/news\/pages\/organisator-ch-695","https:\/\/www.youtube.com\/channel\/UCGP2Sq0iWaZwT3BdIAQFYpw"]},{"@type":"Person","@id":"https:\/\/www.organisator.ch\/#\/schema\/person\/6f650f90b2842cd4c0cc334b4e36f67e","name":"Tommaso.berner","image":{"@type":"ImageObject","inLanguage":"it-IT","@id":"https:\/\/secure.gravatar.com\/avatar\/ac5001d2a36cb6c6cd3e50789007ffca834b477b74a2144564522e944eabff61?s=96&d=mm&r=g","url":"https:\/\/secure.gravatar.com\/avatar\/ac5001d2a36cb6c6cd3e50789007ffca834b477b74a2144564522e944eabff61?s=96&d=mm&r=g","contentUrl":"https:\/\/secure.gravatar.com\/avatar\/ac5001d2a36cb6c6cd3e50789007ffca834b477b74a2144564522e944eabff61?s=96&d=mm&r=g","caption":"thomas.berner"},"url":"https:\/\/www.organisator.ch\/it\/author\/thomas-berner\/"}]}},"_links":{"self":[{"href":"https:\/\/www.organisator.ch\/it\/wp-json\/wp\/v2\/posts\/1989","targetHints":{"allow":["GET"]}}],"collection":[{"href":"https:\/\/www.organisator.ch\/it\/wp-json\/wp\/v2\/posts"}],"about":[{"href":"https:\/\/www.organisator.ch\/it\/wp-json\/wp\/v2\/types\/post"}],"author":[{"embeddable":true,"href":"https:\/\/www.organisator.ch\/it\/wp-json\/wp\/v2\/users\/4"}],"replies":[{"embeddable":true,"href":"https:\/\/www.organisator.ch\/it\/wp-json\/wp\/v2\/comments?post=1989"}],"version-history":[{"count":0,"href":"https:\/\/www.organisator.ch\/it\/wp-json\/wp\/v2\/posts\/1989\/revisions"}],"wp:featuredmedia":[{"embeddable":true,"href":"https:\/\/www.organisator.ch\/it\/wp-json\/wp\/v2\/media\/1991"}],"wp:attachment":[{"href":"https:\/\/www.organisator.ch\/it\/wp-json\/wp\/v2\/media?parent=1989"}],"wp:term":[{"taxonomy":"category","embeddable":true,"href":"https:\/\/www.organisator.ch\/it\/wp-json\/wp\/v2\/categories?post=1989"},{"taxonomy":"post_tag","embeddable":true,"href":"https:\/\/www.organisator.ch\/it\/wp-json\/wp\/v2\/tags?post=1989"}],"curies":[{"name":"wp","href":"https:\/\/api.w.org\/{rel}","templated":true}]}}