{"id":19924,"date":"2023-04-25T13:40:33","date_gmt":"2023-04-25T11:40:33","guid":{"rendered":"https:\/\/www.organisator.ch\/?p=19924"},"modified":"2023-05-08T08:04:45","modified_gmt":"2023-05-08T06:04:45","slug":"festival-fuer-arbeit-und-zukunft-nwx23-praesentiert-ein-vielfaeltiges-programm","status":"publish","type":"post","link":"https:\/\/www.organisator.ch\/it\/human-resources\/2023-04-25\/festival-fuer-arbeit-und-zukunft-nwx23-praesentiert-ein-vielfaeltiges-programm\/","title":{"rendered":"Il Festival per il Lavoro e il Futuro NWX23 presenta un programma diversificato"},"content":{"rendered":"<figure id=\"attachment_19925\" aria-describedby=\"caption-attachment-19925\" style=\"width: 680px\" class=\"wp-caption alignnone\"><img loading=\"lazy\" decoding=\"async\" class=\"size-full wp-image-19925\" src=\"https:\/\/www.organisator.ch\/wp-content\/uploads\/2023\/04\/Festival-fuer-Arbeit-und-Zukunft-NWX23-praesentiert-ein-vielfaeltiges-Programm_Organisator.jpg\" alt=\"\" width=\"680\" height=\"383\" srcset=\"https:\/\/www.organisator.ch\/wp-content\/uploads\/2023\/04\/Festival-fuer-Arbeit-und-Zukunft-NWX23-praesentiert-ein-vielfaeltiges-Programm_Organisator.jpg 680w, https:\/\/www.organisator.ch\/wp-content\/uploads\/2023\/04\/Festival-fuer-Arbeit-und-Zukunft-NWX23-praesentiert-ein-vielfaeltiges-Programm_Organisator-18x10.jpg 18w, https:\/\/www.organisator.ch\/wp-content\/uploads\/2023\/04\/Festival-fuer-Arbeit-und-Zukunft-NWX23-praesentiert-ein-vielfaeltiges-Programm_Organisator-375x211.jpg 375w, https:\/\/www.organisator.ch\/wp-content\/uploads\/2023\/04\/Festival-fuer-Arbeit-und-Zukunft-NWX23-praesentiert-ein-vielfaeltiges-Programm_Organisator-621x350.jpg 621w\" sizes=\"auto, (max-width: 680px) 100vw, 680px\" \/><figcaption id=\"caption-attachment-19925\" class=\"wp-caption-text\">Ecco la lista dei relatori della NWX23 che si terr\u00e0 ad Amburgo il 14 giugno 2023. (Immagine: New Work SE)<\/figcaption><\/figure>\n<p>Mancano poche settimane alla New Work Experience 2023, in breve NWX23. All'insegna del motto \"Work Forward\", il 14 giugno si terr\u00e0 ad Amburgo per la sesta volta il festival del lavoro e del futuro, che si afferma come il pi\u00f9 rinomato del mondo di lingua tedesca. <a href=\"https:\/\/www.organisator.ch\/de\/human-resources\/2022-11-21\/nwx23-festival-fuer-arbeit-und-zukunft\/\">L'evento ha adottato un nuovo concetto.<\/a> Quest'anno i visitatori potranno assistere a circa 9 ore di programma distribuite su 18 palchi e a pi\u00f9 di 100 rinomati relatori e artisti nazionali e internazionali. Tra questi, la dottoressa Eliza Filby, esperta di generazione, il pi\u00f9 giovane professore di filosofia della Germania, il dottor Markus Gabriel, lo storico presidente della Camera dei Comuni John Bercow, l'ex calciatrice professionista e allenatrice della DFB Steffi Jones, l'esperto di digitale e autore Sascha Lobo, il podcaster Matze Hielscher, l'esperto di AI Christian Piechnick e molti altri. Il festival sull'Elba \u00e8 completato da diversi spettacoli musicali, come il duo pop-rap norvegese Madcon.<\/p>\n<h3>NWX23 \u00e8 dedicata al cambiamento del mondo del lavoro<\/h3>\n<p>Con NWX23, New Work SE, insieme ai suoi marchi XING, onlyfy by XING e kununu, riunir\u00e0 ad Amburgo, nel giugno 2023, persone che hanno iniziato la loro carriera e dipendenti con esperienza, manager e leader di pensiero, strateghi ed esperti, provenienti dal mondo degli affari e della politica, delle risorse umane, del reclutamento e dell'innovazione, nonch\u00e9 della consulenza e della formazione di opinioni. I partecipanti possono aspettarsi un programma vario composto da discorsi chiave, dibattiti, workshop e masterclass. Verranno date risposte alle domande su cosa deve cambiare nell'individuo affinch\u00e9 si verifichi il cambiamento, su come la cooperazione possa avere successo tra generazioni diverse in tempi di sconvolgimenti o su come i datori di lavoro possano conquistare i lavoratori nonostante la carenza di manodopera qualificata e ispirarli a cambiare la loro azienda. Inoltre, ci saranno impulsi sulla moderna cultura della leadership e, con uno sguardo al futuro, sull'influenza di tecnologie come l'intelligenza artificiale su vari settori e gruppi occupazionali, nonch\u00e9 su quali nuovi tipi di competenze saranno necessari in futuro e quali sono diventati obsoleti.<\/p>\n<h3>Festival del lavoro per giovani talenti<\/h3>\n<p>Parallelamente alla conferenza nella Elbphilharmonie, la NWX23 sar\u00e0 ampliata per la prima volta con un festival del lavoro per studenti e laureati: lo XING Job World. Il 14 giugno, studenti, laureati, reclutatori e rappresentanti di aziende sperimenteranno un nuovo tipo di fiera del lavoro nel cosiddetto \"Nuovo porto del lavoro\", attualmente probabilmente l'edificio per uffici pi\u00f9 moderno della Germania. I datori di lavoro avranno l'opportunit\u00e0 di proporre le offerte di lavoro a studenti e laureati durante l'intera giornata di fiera presso i locali della New Work SE e di interessarli alla propria azienda direttamente sul posto. Allo XING Job World, l'attenzione \u00e8 rivolta all'inizio della vita professionale: la ricerca del lavoro giusto, il primo colloquio di lavoro e il colloquio di lavoro. Nel corso della giornata si terranno masterclass e workshop di alto livello con rinomati career e application coach come Bernd Slaghuis e Nane Nebel. Il programma sar\u00e0 completato da interessanti conferenze e tavole rotonde, ad esempio con i due ex calciatori professionisti Neven Subotic e Marcell Jansen o con l'esperta di GenZ Ronja Ebeling.  Nel formato \"Grill den Personalchef\", il responsabile SAP delle risorse umane Cawa Younosi risponder\u00e0 alle domande del pubblico. Le visite allo XING Job World sono gratuite per gli studenti iscritti.<\/p>\n<h3>NWX23 - specialmente per il reclutamento<\/h3>\n<p>Quest'anno, per la prima volta, la New Work Experience offrir\u00e0 anche un programma aggiuntivo appositamente studiato per le esigenze e gli argomenti chiave dei reclutatori e dei responsabili delle risorse umane, organizzato dal marchio di recruiting onlyfy by XING. Nel New Work Harbour e su altri palcoscenici della HafenCity di Amburgo, il 14 giugno si terranno diverse conferenze, masterclass, tavole rotonde e workshop dedicati alle risorse umane, tra cui quelli tenuti dal professor Alexander Spermann, dalla professoressa Heike Bruch o dal Recruiting, Diversity and Inclusion Partner di idealo Gazelle Vollhase. Si analizzeranno gli attuali sviluppi del mercato del lavoro, si promuover\u00e0 lo scambio di nuovi benefit come la settimana di 4 giorni, la workation o i modelli di lavoro ibridi, si discuteranno le nuove possibilit\u00e0 di reclutamento, ad esempio con l'aiuto dell'IA, e si presenteranno interessanti format sull'employer branding e sull'active sourcing.<\/p>\n<h3>Il Premio Nuova Opera 2023<\/h3>\n<p>Quest'anno, per la decima volta consecutiva, verr\u00e0 consegnato il New Work Award, il premio per il lavoro lungimirante nel mondo di lingua tedesca. Dal 2013 New Work SE premia con questo riconoscimento idee e progetti innovativi sul futuro del lavoro. La cerimonia di premiazione si svolger\u00e0 dopo il Festival del lavoro e del futuro, la sera del 14 giugno 2023 ad Amburgo. La votazione pubblica online inizier\u00e0 l'8 maggio. I concetti di Nuova Opera pi\u00f9 convincenti, selezionati dalla giuria di alto livello tra tutte le candidature presentate, saranno presentati online sotto forma di una shortlist sul sito <a href=\"https:\/\/nwx.new-work.se\/award\">Sito web del Premio per il Nuovo Lavoro<\/a> presentato. Gli interessati hanno la possibilit\u00e0 di esprimere un voto per categoria per il loro preferito.<\/p>\n<p><em>Ulteriori informazioni sulla NWX23 sono disponibili online all'indirizzo\u00a0<a href=\"https:\/\/nwx.new-work.se\/events\/nwx23\" target=\"_blank\" rel=\"noopener\">www.nwx.new-work.se\/events\/nwx23<\/a> disponibili sul sito web. Gli aggiornamenti sui relatori, gli artisti dal vivo e il programma dell'evento sono costantemente aggiornati sul sito. Le informazioni sulle diverse categorie di biglietti per NWX23 sono disponibili nel negozio di biglietti all'indirizzo\u00a0<a href=\"https:\/\/nwx.new-work.se\/events\/nwx23\/tickets\" target=\"_blank\" rel=\"noopener\">www.nwx.new-work.se\/events\/nwx23\/tickets<\/a> disponibile.<\/em><\/p>","protected":false},"excerpt":{"rendered":"<p>Oltre 100 relatori, 9 ore di programma e una fiera del lavoro per studenti e laureati: La New Work Experience 2023, probabilmente il pi\u00f9 grande festival del lavoro e del futuro nella regione DACH, presenter\u00e0 molti punti salienti il 14 giugno 2023 ad Amburgo.<\/p>","protected":false},"author":4,"featured_media":19925,"comment_status":"closed","ping_status":"closed","sticky":false,"template":"","format":"standard","meta":{"_acf_changed":false,"_yoast_wpseo_focuskw":"NWX23","_yoast_wpseo_metadesc":"Die NWX23, das wohl gr\u00f6sste Festival f\u00fcr Arbeit und Zukunft im DACH-Raum, wird am 14. Juni 2023 in Hamburg mit vielen H\u00f6hepunkten aufwarten.","articlekey":"","footnotes":""},"categories":[579],"tags":[193,254,335,363],"class_list":["post-19924","post","type-post","status-publish","format-standard","has-post-thumbnail","hentry","category-human-resources","tag-fachkongressfachmesse","tag-hrm","tag-management-und-unternehmensfuehrung","tag-new-work"],"acf":[],"yoast_head":"<!-- This site is optimized with the Yoast SEO plugin v27.4 - https:\/\/yoast.com\/product\/yoast-seo-wordpress\/ -->\n<title>Festival f\u00fcr Arbeit und Zukunft NWX23 pr\u00e4sentiert ein vielf\u00e4ltiges Programm - Organisator<\/title>\n<meta name=\"description\" content=\"Die NWX23, das wohl gr\u00f6sste Festival f\u00fcr Arbeit und Zukunft im DACH-Raum, wird am 14. Juni 2023 in Hamburg mit vielen H\u00f6hepunkten aufwarten.\" \/>\n<meta name=\"robots\" content=\"index, follow, max-snippet:-1, max-image-preview:large, max-video-preview:-1\" \/>\n<link rel=\"canonical\" href=\"https:\/\/www.organisator.ch\/it\/risorse-umane\/2023-04-25\/festival-fuer-arbeit-und-zukunft-nwx23-praesentiert-ein-vielfaeltiges-programm\/\" \/>\n<meta property=\"og:locale\" content=\"it_IT\" \/>\n<meta property=\"og:type\" content=\"article\" \/>\n<meta property=\"og:title\" content=\"Festival f\u00fcr Arbeit und Zukunft NWX23 pr\u00e4sentiert ein vielf\u00e4ltiges Programm\" \/>\n<meta property=\"og:description\" content=\"Die NWX23, das wohl gr\u00f6sste Festival f\u00fcr Arbeit und Zukunft im DACH-Raum, wird am 14. Juni 2023 in Hamburg mit vielen H\u00f6hepunkten aufwarten.\" \/>\n<meta property=\"og:url\" content=\"https:\/\/www.organisator.ch\/it\/risorse-umane\/2023-04-25\/festival-fuer-arbeit-und-zukunft-nwx23-praesentiert-ein-vielfaeltiges-programm\/\" \/>\n<meta property=\"og:site_name\" content=\"Organisator\" \/>\n<meta property=\"article:publisher\" content=\"https:\/\/www.facebook.com\/OrganisatorFachmagazin\" \/>\n<meta property=\"article:published_time\" content=\"2023-04-25T11:40:33+00:00\" \/>\n<meta property=\"article:modified_time\" content=\"2023-05-08T06:04:45+00:00\" \/>\n<meta property=\"og:image\" content=\"https:\/\/www.organisator.ch\/wp-content\/uploads\/2023\/04\/Festival-fuer-Arbeit-und-Zukunft-NWX23-praesentiert-ein-vielfaeltiges-Programm_Organisator.jpg\" \/>\n\t<meta property=\"og:image:width\" content=\"680\" \/>\n\t<meta property=\"og:image:height\" content=\"383\" \/>\n\t<meta property=\"og:image:type\" content=\"image\/jpeg\" \/>\n<meta name=\"author\" content=\"thomas.berner\" \/>\n<meta name=\"twitter:card\" content=\"summary_large_image\" \/>\n<meta name=\"twitter:title\" content=\"Festival f\u00fcr #Arbeit und Zukunft #NWX23 pr\u00e4sentiert ein vielf\u00e4ltiges Programm\" \/>\n<meta name=\"twitter:description\" content=\"Die #NWX23, das wohl gr\u00f6sste Festival f\u00fcr #Arbeit und Zukunft im #DACH-Raum, wird am 14. Juni 2023 in #Hamburg mit vielen H\u00f6hepunkten aufwarten.\" \/>\n<meta name=\"twitter:image\" content=\"https:\/\/www.organisator.ch\/wp-content\/uploads\/2023\/04\/Festival-fuer-Arbeit-und-Zukunft-NWX23-praesentiert-ein-vielfaeltiges-Programm_Organisator.jpg\" \/>\n<script type=\"application\/ld+json\" class=\"yoast-schema-graph\">{\"@context\":\"https:\\\/\\\/schema.org\",\"@graph\":[{\"@type\":\"Article\",\"@id\":\"https:\\\/\\\/www.organisator.ch\\\/human-resources\\\/2023-04-25\\\/festival-fuer-arbeit-und-zukunft-nwx23-praesentiert-ein-vielfaeltiges-programm\\\/#article\",\"isPartOf\":{\"@id\":\"https:\\\/\\\/www.organisator.ch\\\/human-resources\\\/2023-04-25\\\/festival-fuer-arbeit-und-zukunft-nwx23-praesentiert-ein-vielfaeltiges-programm\\\/\"},\"author\":{\"name\":\"thomas.berner\",\"@id\":\"https:\\\/\\\/www.organisator.ch\\\/#\\\/schema\\\/person\\\/6f650f90b2842cd4c0cc334b4e36f67e\"},\"headline\":\"Festival f\u00fcr Arbeit und Zukunft NWX23 pr\u00e4sentiert ein vielf\u00e4ltiges Programm\",\"datePublished\":\"2023-04-25T11:40:33+00:00\",\"dateModified\":\"2023-05-08T06:04:45+00:00\",\"mainEntityOfPage\":{\"@id\":\"https:\\\/\\\/www.organisator.ch\\\/human-resources\\\/2023-04-25\\\/festival-fuer-arbeit-und-zukunft-nwx23-praesentiert-ein-vielfaeltiges-programm\\\/\"},\"wordCount\":835,\"publisher\":{\"@id\":\"https:\\\/\\\/www.organisator.ch\\\/#organization\"},\"image\":{\"@id\":\"https:\\\/\\\/www.organisator.ch\\\/human-resources\\\/2023-04-25\\\/festival-fuer-arbeit-und-zukunft-nwx23-praesentiert-ein-vielfaeltiges-programm\\\/#primaryimage\"},\"thumbnailUrl\":\"https:\\\/\\\/www.organisator.ch\\\/wp-content\\\/uploads\\\/2023\\\/04\\\/Festival-fuer-Arbeit-und-Zukunft-NWX23-praesentiert-ein-vielfaeltiges-Programm_Organisator.jpg\",\"keywords\":[\"Fachkongress\\\/Fachmesse\",\"HRM\",\"Management und Unternehmensf\u00fchrung\",\"New Work\"],\"articleSection\":[\"HUMAN RESOURCES\"],\"inLanguage\":\"it-IT\"},{\"@type\":\"WebPage\",\"@id\":\"https:\\\/\\\/www.organisator.ch\\\/human-resources\\\/2023-04-25\\\/festival-fuer-arbeit-und-zukunft-nwx23-praesentiert-ein-vielfaeltiges-programm\\\/\",\"url\":\"https:\\\/\\\/www.organisator.ch\\\/human-resources\\\/2023-04-25\\\/festival-fuer-arbeit-und-zukunft-nwx23-praesentiert-ein-vielfaeltiges-programm\\\/\",\"name\":\"Festival f\u00fcr Arbeit und Zukunft NWX23 pr\u00e4sentiert ein vielf\u00e4ltiges Programm - Organisator\",\"isPartOf\":{\"@id\":\"https:\\\/\\\/www.organisator.ch\\\/#website\"},\"primaryImageOfPage\":{\"@id\":\"https:\\\/\\\/www.organisator.ch\\\/human-resources\\\/2023-04-25\\\/festival-fuer-arbeit-und-zukunft-nwx23-praesentiert-ein-vielfaeltiges-programm\\\/#primaryimage\"},\"image\":{\"@id\":\"https:\\\/\\\/www.organisator.ch\\\/human-resources\\\/2023-04-25\\\/festival-fuer-arbeit-und-zukunft-nwx23-praesentiert-ein-vielfaeltiges-programm\\\/#primaryimage\"},\"thumbnailUrl\":\"https:\\\/\\\/www.organisator.ch\\\/wp-content\\\/uploads\\\/2023\\\/04\\\/Festival-fuer-Arbeit-und-Zukunft-NWX23-praesentiert-ein-vielfaeltiges-Programm_Organisator.jpg\",\"datePublished\":\"2023-04-25T11:40:33+00:00\",\"dateModified\":\"2023-05-08T06:04:45+00:00\",\"description\":\"Die NWX23, das wohl gr\u00f6sste Festival f\u00fcr Arbeit und Zukunft im DACH-Raum, wird am 14. Juni 2023 in Hamburg mit vielen H\u00f6hepunkten aufwarten.\",\"breadcrumb\":{\"@id\":\"https:\\\/\\\/www.organisator.ch\\\/human-resources\\\/2023-04-25\\\/festival-fuer-arbeit-und-zukunft-nwx23-praesentiert-ein-vielfaeltiges-programm\\\/#breadcrumb\"},\"inLanguage\":\"it-IT\",\"potentialAction\":[{\"@type\":\"ReadAction\",\"target\":[\"https:\\\/\\\/www.organisator.ch\\\/human-resources\\\/2023-04-25\\\/festival-fuer-arbeit-und-zukunft-nwx23-praesentiert-ein-vielfaeltiges-programm\\\/\"]}]},{\"@type\":\"ImageObject\",\"inLanguage\":\"it-IT\",\"@id\":\"https:\\\/\\\/www.organisator.ch\\\/human-resources\\\/2023-04-25\\\/festival-fuer-arbeit-und-zukunft-nwx23-praesentiert-ein-vielfaeltiges-programm\\\/#primaryimage\",\"url\":\"https:\\\/\\\/www.organisator.ch\\\/wp-content\\\/uploads\\\/2023\\\/04\\\/Festival-fuer-Arbeit-und-Zukunft-NWX23-praesentiert-ein-vielfaeltiges-Programm_Organisator.jpg\",\"contentUrl\":\"https:\\\/\\\/www.organisator.ch\\\/wp-content\\\/uploads\\\/2023\\\/04\\\/Festival-fuer-Arbeit-und-Zukunft-NWX23-praesentiert-ein-vielfaeltiges-Programm_Organisator.jpg\",\"width\":680,\"height\":383,\"caption\":\"Mit diesem Referenten-Line-Up pr\u00e4sentiert sich die NWX23 am 14. Juni 2023 in Hamburg. (Bild: New Work SE)\"},{\"@type\":\"BreadcrumbList\",\"@id\":\"https:\\\/\\\/www.organisator.ch\\\/human-resources\\\/2023-04-25\\\/festival-fuer-arbeit-und-zukunft-nwx23-praesentiert-ein-vielfaeltiges-programm\\\/#breadcrumb\",\"itemListElement\":[{\"@type\":\"ListItem\",\"position\":1,\"name\":\"Home\",\"item\":\"https:\\\/\\\/www.organisator.ch\\\/\"},{\"@type\":\"ListItem\",\"position\":2,\"name\":\"Festival f\u00fcr Arbeit und Zukunft NWX23 pr\u00e4sentiert ein vielf\u00e4ltiges Programm\"}]},{\"@type\":\"WebSite\",\"@id\":\"https:\\\/\\\/www.organisator.ch\\\/#website\",\"url\":\"https:\\\/\\\/www.organisator.ch\\\/\",\"name\":\"Organisator\",\"description\":\"Kompetent. Praxisnah. Der ORGANISATOR bereitet in 10 Ausgaben pro Jahr die wesentlichen Themen f\u00fcr F\u00fchrungskr\u00e4fte von KMU auf.\",\"publisher\":{\"@id\":\"https:\\\/\\\/www.organisator.ch\\\/#organization\"},\"potentialAction\":[{\"@type\":\"SearchAction\",\"target\":{\"@type\":\"EntryPoint\",\"urlTemplate\":\"https:\\\/\\\/www.organisator.ch\\\/?s={search_term_string}\"},\"query-input\":{\"@type\":\"PropertyValueSpecification\",\"valueRequired\":true,\"valueName\":\"search_term_string\"}}],\"inLanguage\":\"it-IT\"},{\"@type\":\"Organization\",\"@id\":\"https:\\\/\\\/www.organisator.ch\\\/#organization\",\"name\":\"Organisator\",\"url\":\"https:\\\/\\\/www.organisator.ch\\\/\",\"logo\":{\"@type\":\"ImageObject\",\"inLanguage\":\"it-IT\",\"@id\":\"https:\\\/\\\/www.organisator.ch\\\/#\\\/schema\\\/logo\\\/image\\\/\",\"url\":\"https:\\\/\\\/www.organisator.ch\\\/wp-content\\\/uploads\\\/2022\\\/01\\\/Logo_Organisator_Website.png\",\"contentUrl\":\"https:\\\/\\\/www.organisator.ch\\\/wp-content\\\/uploads\\\/2022\\\/01\\\/Logo_Organisator_Website.png\",\"width\":800,\"height\":77,\"caption\":\"Organisator\"},\"image\":{\"@id\":\"https:\\\/\\\/www.organisator.ch\\\/#\\\/schema\\\/logo\\\/image\\\/\"},\"sameAs\":[\"https:\\\/\\\/www.facebook.com\\\/OrganisatorFachmagazin\",\"https:\\\/\\\/www.linkedin.com\\\/showcase\\\/organisator-das-magazin-fr-kmu\",\"https:\\\/\\\/www.xing.com\\\/news\\\/pages\\\/organisator-ch-695\",\"https:\\\/\\\/www.youtube.com\\\/channel\\\/UCGP2Sq0iWaZwT3BdIAQFYpw\"]},{\"@type\":\"Person\",\"@id\":\"https:\\\/\\\/www.organisator.ch\\\/#\\\/schema\\\/person\\\/6f650f90b2842cd4c0cc334b4e36f67e\",\"name\":\"thomas.berner\",\"image\":{\"@type\":\"ImageObject\",\"inLanguage\":\"it-IT\",\"@id\":\"https:\\\/\\\/secure.gravatar.com\\\/avatar\\\/ac5001d2a36cb6c6cd3e50789007ffca834b477b74a2144564522e944eabff61?s=96&d=mm&r=g\",\"url\":\"https:\\\/\\\/secure.gravatar.com\\\/avatar\\\/ac5001d2a36cb6c6cd3e50789007ffca834b477b74a2144564522e944eabff61?s=96&d=mm&r=g\",\"contentUrl\":\"https:\\\/\\\/secure.gravatar.com\\\/avatar\\\/ac5001d2a36cb6c6cd3e50789007ffca834b477b74a2144564522e944eabff61?s=96&d=mm&r=g\",\"caption\":\"thomas.berner\"},\"url\":\"https:\\\/\\\/www.organisator.ch\\\/it\\\/author\\\/thomas-berner\\\/\"}]}<\/script>\n<!-- \/ Yoast SEO plugin. -->","yoast_head_json":{"title":"Il Festival del Lavoro e del Futuro NWX23 presenta un programma diversificato - Organizzatore","description":"NWX23, probabilmente il pi\u00f9 grande festival per il lavoro e il futuro nella regione DACH, presenter\u00e0 molti punti salienti il 14 giugno 2023 ad Amburgo.","robots":{"index":"index","follow":"follow","max-snippet":"max-snippet:-1","max-image-preview":"max-image-preview:large","max-video-preview":"max-video-preview:-1"},"canonical":"https:\/\/www.organisator.ch\/it\/risorse-umane\/2023-04-25\/festival-fuer-arbeit-und-zukunft-nwx23-praesentiert-ein-vielfaeltiges-programm\/","og_locale":"it_IT","og_type":"article","og_title":"Festival f\u00fcr Arbeit und Zukunft NWX23 pr\u00e4sentiert ein vielf\u00e4ltiges Programm","og_description":"Die NWX23, das wohl gr\u00f6sste Festival f\u00fcr Arbeit und Zukunft im DACH-Raum, wird am 14. Juni 2023 in Hamburg mit vielen H\u00f6hepunkten aufwarten.","og_url":"https:\/\/www.organisator.ch\/it\/risorse-umane\/2023-04-25\/festival-fuer-arbeit-und-zukunft-nwx23-praesentiert-ein-vielfaeltiges-programm\/","og_site_name":"Organisator","article_publisher":"https:\/\/www.facebook.com\/OrganisatorFachmagazin","article_published_time":"2023-04-25T11:40:33+00:00","article_modified_time":"2023-05-08T06:04:45+00:00","og_image":[{"width":680,"height":383,"url":"https:\/\/www.organisator.ch\/wp-content\/uploads\/2023\/04\/Festival-fuer-Arbeit-und-Zukunft-NWX23-praesentiert-ein-vielfaeltiges-Programm_Organisator.jpg","type":"image\/jpeg"}],"author":"thomas.berner","twitter_card":"summary_large_image","twitter_title":"Festival f\u00fcr #Arbeit und Zukunft #NWX23 pr\u00e4sentiert ein vielf\u00e4ltiges Programm","twitter_description":"Die #NWX23, das wohl gr\u00f6sste Festival f\u00fcr #Arbeit und Zukunft im #DACH-Raum, wird am 14. Juni 2023 in #Hamburg mit vielen H\u00f6hepunkten aufwarten.","twitter_image":"https:\/\/www.organisator.ch\/wp-content\/uploads\/2023\/04\/Festival-fuer-Arbeit-und-Zukunft-NWX23-praesentiert-ein-vielfaeltiges-Programm_Organisator.jpg","schema":{"@context":"https:\/\/schema.org","@graph":[{"@type":"Article","@id":"https:\/\/www.organisator.ch\/human-resources\/2023-04-25\/festival-fuer-arbeit-und-zukunft-nwx23-praesentiert-ein-vielfaeltiges-programm\/#article","isPartOf":{"@id":"https:\/\/www.organisator.ch\/human-resources\/2023-04-25\/festival-fuer-arbeit-und-zukunft-nwx23-praesentiert-ein-vielfaeltiges-programm\/"},"author":{"name":"thomas.berner","@id":"https:\/\/www.organisator.ch\/#\/schema\/person\/6f650f90b2842cd4c0cc334b4e36f67e"},"headline":"Festival f\u00fcr Arbeit und Zukunft NWX23 pr\u00e4sentiert ein vielf\u00e4ltiges Programm","datePublished":"2023-04-25T11:40:33+00:00","dateModified":"2023-05-08T06:04:45+00:00","mainEntityOfPage":{"@id":"https:\/\/www.organisator.ch\/human-resources\/2023-04-25\/festival-fuer-arbeit-und-zukunft-nwx23-praesentiert-ein-vielfaeltiges-programm\/"},"wordCount":835,"publisher":{"@id":"https:\/\/www.organisator.ch\/#organization"},"image":{"@id":"https:\/\/www.organisator.ch\/human-resources\/2023-04-25\/festival-fuer-arbeit-und-zukunft-nwx23-praesentiert-ein-vielfaeltiges-programm\/#primaryimage"},"thumbnailUrl":"https:\/\/www.organisator.ch\/wp-content\/uploads\/2023\/04\/Festival-fuer-Arbeit-und-Zukunft-NWX23-praesentiert-ein-vielfaeltiges-Programm_Organisator.jpg","keywords":["Fachkongress\/Fachmesse","HRM","Management und Unternehmensf\u00fchrung","New Work"],"articleSection":["HUMAN RESOURCES"],"inLanguage":"it-IT"},{"@type":"WebPage","@id":"https:\/\/www.organisator.ch\/human-resources\/2023-04-25\/festival-fuer-arbeit-und-zukunft-nwx23-praesentiert-ein-vielfaeltiges-programm\/","url":"https:\/\/www.organisator.ch\/human-resources\/2023-04-25\/festival-fuer-arbeit-und-zukunft-nwx23-praesentiert-ein-vielfaeltiges-programm\/","name":"Il Festival del Lavoro e del Futuro NWX23 presenta un programma diversificato - Organizzatore","isPartOf":{"@id":"https:\/\/www.organisator.ch\/#website"},"primaryImageOfPage":{"@id":"https:\/\/www.organisator.ch\/human-resources\/2023-04-25\/festival-fuer-arbeit-und-zukunft-nwx23-praesentiert-ein-vielfaeltiges-programm\/#primaryimage"},"image":{"@id":"https:\/\/www.organisator.ch\/human-resources\/2023-04-25\/festival-fuer-arbeit-und-zukunft-nwx23-praesentiert-ein-vielfaeltiges-programm\/#primaryimage"},"thumbnailUrl":"https:\/\/www.organisator.ch\/wp-content\/uploads\/2023\/04\/Festival-fuer-Arbeit-und-Zukunft-NWX23-praesentiert-ein-vielfaeltiges-Programm_Organisator.jpg","datePublished":"2023-04-25T11:40:33+00:00","dateModified":"2023-05-08T06:04:45+00:00","description":"NWX23, probabilmente il pi\u00f9 grande festival per il lavoro e il futuro nella regione DACH, presenter\u00e0 molti punti salienti il 14 giugno 2023 ad Amburgo.","breadcrumb":{"@id":"https:\/\/www.organisator.ch\/human-resources\/2023-04-25\/festival-fuer-arbeit-und-zukunft-nwx23-praesentiert-ein-vielfaeltiges-programm\/#breadcrumb"},"inLanguage":"it-IT","potentialAction":[{"@type":"ReadAction","target":["https:\/\/www.organisator.ch\/human-resources\/2023-04-25\/festival-fuer-arbeit-und-zukunft-nwx23-praesentiert-ein-vielfaeltiges-programm\/"]}]},{"@type":"ImageObject","inLanguage":"it-IT","@id":"https:\/\/www.organisator.ch\/human-resources\/2023-04-25\/festival-fuer-arbeit-und-zukunft-nwx23-praesentiert-ein-vielfaeltiges-programm\/#primaryimage","url":"https:\/\/www.organisator.ch\/wp-content\/uploads\/2023\/04\/Festival-fuer-Arbeit-und-Zukunft-NWX23-praesentiert-ein-vielfaeltiges-Programm_Organisator.jpg","contentUrl":"https:\/\/www.organisator.ch\/wp-content\/uploads\/2023\/04\/Festival-fuer-Arbeit-und-Zukunft-NWX23-praesentiert-ein-vielfaeltiges-Programm_Organisator.jpg","width":680,"height":383,"caption":"Mit diesem Referenten-Line-Up pr\u00e4sentiert sich die NWX23 am 14. Juni 2023 in Hamburg. (Bild: New Work SE)"},{"@type":"BreadcrumbList","@id":"https:\/\/www.organisator.ch\/human-resources\/2023-04-25\/festival-fuer-arbeit-und-zukunft-nwx23-praesentiert-ein-vielfaeltiges-programm\/#breadcrumb","itemListElement":[{"@type":"ListItem","position":1,"name":"Home","item":"https:\/\/www.organisator.ch\/"},{"@type":"ListItem","position":2,"name":"Festival f\u00fcr Arbeit und Zukunft NWX23 pr\u00e4sentiert ein vielf\u00e4ltiges Programm"}]},{"@type":"WebSite","@id":"https:\/\/www.organisator.ch\/#website","url":"https:\/\/www.organisator.ch\/","name":"Organizzatore","description":"Competente. Pratico. In 10 numeri all'anno, ORGANISATOR presenta i temi essenziali per i manager delle PMI.","publisher":{"@id":"https:\/\/www.organisator.ch\/#organization"},"potentialAction":[{"@type":"SearchAction","target":{"@type":"EntryPoint","urlTemplate":"https:\/\/www.organisator.ch\/?s={search_term_string}"},"query-input":{"@type":"PropertyValueSpecification","valueRequired":true,"valueName":"search_term_string"}}],"inLanguage":"it-IT"},{"@type":"Organization","@id":"https:\/\/www.organisator.ch\/#organization","name":"Organizzatore","url":"https:\/\/www.organisator.ch\/","logo":{"@type":"ImageObject","inLanguage":"it-IT","@id":"https:\/\/www.organisator.ch\/#\/schema\/logo\/image\/","url":"https:\/\/www.organisator.ch\/wp-content\/uploads\/2022\/01\/Logo_Organisator_Website.png","contentUrl":"https:\/\/www.organisator.ch\/wp-content\/uploads\/2022\/01\/Logo_Organisator_Website.png","width":800,"height":77,"caption":"Organisator"},"image":{"@id":"https:\/\/www.organisator.ch\/#\/schema\/logo\/image\/"},"sameAs":["https:\/\/www.facebook.com\/OrganisatorFachmagazin","https:\/\/www.linkedin.com\/showcase\/organisator-das-magazin-fr-kmu","https:\/\/www.xing.com\/news\/pages\/organisator-ch-695","https:\/\/www.youtube.com\/channel\/UCGP2Sq0iWaZwT3BdIAQFYpw"]},{"@type":"Person","@id":"https:\/\/www.organisator.ch\/#\/schema\/person\/6f650f90b2842cd4c0cc334b4e36f67e","name":"Tommaso.berner","image":{"@type":"ImageObject","inLanguage":"it-IT","@id":"https:\/\/secure.gravatar.com\/avatar\/ac5001d2a36cb6c6cd3e50789007ffca834b477b74a2144564522e944eabff61?s=96&d=mm&r=g","url":"https:\/\/secure.gravatar.com\/avatar\/ac5001d2a36cb6c6cd3e50789007ffca834b477b74a2144564522e944eabff61?s=96&d=mm&r=g","contentUrl":"https:\/\/secure.gravatar.com\/avatar\/ac5001d2a36cb6c6cd3e50789007ffca834b477b74a2144564522e944eabff61?s=96&d=mm&r=g","caption":"thomas.berner"},"url":"https:\/\/www.organisator.ch\/it\/author\/thomas-berner\/"}]}},"_links":{"self":[{"href":"https:\/\/www.organisator.ch\/it\/wp-json\/wp\/v2\/posts\/19924","targetHints":{"allow":["GET"]}}],"collection":[{"href":"https:\/\/www.organisator.ch\/it\/wp-json\/wp\/v2\/posts"}],"about":[{"href":"https:\/\/www.organisator.ch\/it\/wp-json\/wp\/v2\/types\/post"}],"author":[{"embeddable":true,"href":"https:\/\/www.organisator.ch\/it\/wp-json\/wp\/v2\/users\/4"}],"replies":[{"embeddable":true,"href":"https:\/\/www.organisator.ch\/it\/wp-json\/wp\/v2\/comments?post=19924"}],"version-history":[{"count":1,"href":"https:\/\/www.organisator.ch\/it\/wp-json\/wp\/v2\/posts\/19924\/revisions"}],"predecessor-version":[{"id":19926,"href":"https:\/\/www.organisator.ch\/it\/wp-json\/wp\/v2\/posts\/19924\/revisions\/19926"}],"wp:featuredmedia":[{"embeddable":true,"href":"https:\/\/www.organisator.ch\/it\/wp-json\/wp\/v2\/media\/19925"}],"wp:attachment":[{"href":"https:\/\/www.organisator.ch\/it\/wp-json\/wp\/v2\/media?parent=19924"}],"wp:term":[{"taxonomy":"category","embeddable":true,"href":"https:\/\/www.organisator.ch\/it\/wp-json\/wp\/v2\/categories?post=19924"},{"taxonomy":"post_tag","embeddable":true,"href":"https:\/\/www.organisator.ch\/it\/wp-json\/wp\/v2\/tags?post=19924"}],"curies":[{"name":"wp","href":"https:\/\/api.w.org\/{rel}","templated":true}]}}