{"id":19991,"date":"2023-05-02T08:03:00","date_gmt":"2023-05-02T06:03:00","guid":{"rendered":"https:\/\/www.organisator.ch\/?p=19991"},"modified":"2023-05-01T08:39:58","modified_gmt":"2023-05-01T06:39:58","slug":"kmu-haben-weltweit-digitalen-nachholbedarf","status":"publish","type":"post","link":"https:\/\/www.organisator.ch\/it\/operational-excellence\/2023-05-02\/kmu-haben-weltweit-digitalen-nachholbedarf\/","title":{"rendered":"Le PMI hanno molto da recuperare in ambito digitale a livello mondiale"},"content":{"rendered":"<figure id=\"attachment_19992\" aria-describedby=\"caption-attachment-19992\" style=\"width: 680px\" class=\"wp-caption alignnone\"><img loading=\"lazy\" decoding=\"async\" class=\"size-full wp-image-19992\" src=\"https:\/\/www.organisator.ch\/wp-content\/uploads\/2023\/05\/KMU-haben-weltweit-digitalen-Nachholbedarf_Organisator.jpg\" alt=\"\" width=\"680\" height=\"340\" srcset=\"https:\/\/www.organisator.ch\/wp-content\/uploads\/2023\/05\/KMU-haben-weltweit-digitalen-Nachholbedarf_Organisator.jpg 680w, https:\/\/www.organisator.ch\/wp-content\/uploads\/2023\/05\/KMU-haben-weltweit-digitalen-Nachholbedarf_Organisator-18x9.jpg 18w, https:\/\/www.organisator.ch\/wp-content\/uploads\/2023\/05\/KMU-haben-weltweit-digitalen-Nachholbedarf_Organisator-375x188.jpg 375w\" sizes=\"auto, (max-width: 680px) 100vw, 680px\" \/><figcaption id=\"caption-attachment-19992\" class=\"wp-caption-text\">Secondo un nuovo studio, molte PMI di tutto il mondo devono ancora recuperare terreno in campo digitale. (Immagine: Pixabay.com)<\/figcaption><\/figure>\n<p>Qual \u00e8 il posizionamento digitale delle PMI di tutto il mondo? Uno studio di Adobe ha indagato su questa domanda. A questo scopo sono stati intervistati 1000 dipendenti negli Stati Uniti, in Gran Bretagna, Australia, India e Giappone. Sono stati presi in considerazione anche fattori socioeconomici onnipresenti come inflazione, recessione, licenziamenti e disordini globali.<\/p>\n<h3>La digitalizzazione ha un impatto positivo sul lavoro<\/h3>\n<p>I risultati mostrano che: Le piccole imprese di tutto il mondo hanno un ritardo digitale. Ad esempio, l'88% delle PMI afferma che una tecnologia insufficiente influirebbe sulla produttivit\u00e0 della propria azienda. Il 55% delle PMI intervistate afferma inoltre che almeno la met\u00e0 del lavoro della propria azienda \u00e8 ancora svolto su carta. La met\u00e0 delle PMI (58 %) perde da due a quattro ore di produttivit\u00e0 al giorno a causa di processi di lavoro obsoleti. Di conseguenza, un numero quasi unanime di PMI (85 %) ritiene che l'automazione aumenti la produttivit\u00e0 della propria azienda. Una percentuale ancora pi\u00f9 alta (92 %) di dipendenti di PMI esperte di AI afferma che la tecnologia guidata dall'AI ha un impatto positivo sui loro flussi di lavoro.<\/p>\n<h3>Una buona tecnologia aumenta l'attrattiva del posto di lavoro<\/h3>\n<p>L'\"idoneit\u00e0 digitale\" di una PMI \u00e8 un fattore decisivo anche per le assunzioni. Infatti, quasi tutti i dipendenti (92 %) delle PMI intervistate affermano che la tecnologia del lavoro \u00e8 un fattore determinante per l'accettazione di un posto di lavoro in una nuova azienda, con quasi un quarto dei dipendenti che hanno accettato di lavorare in una nuova azienda.<br \/>\n(24 %) affermano che \u00e8 \"assolutamente critico\" perch\u00e9 il loro successo dipende da una buona tecnologia. Gli intervistati affermano inoltre di attribuire grande valore alle tecnologie che promuovono la collaborazione nei team decentrati, tra cui gli strumenti di videoconferenza, ma anche la gestione dei documenti digitali: i PDF e le scansioni elettroniche sono al primo posto tra le tecnologie considerate indispensabili, mentre gli strumenti di collaborazione e le videoconferenze sono al secondo e al terzo posto.<\/p>\n<h3>Software contro la domanda digitale repressa<\/h3>\n<p>\"I documenti digitali sono una parte essenziale della nostra attivit\u00e0. Li usiamo per tutto, dalle fatture ai contratti ai cataloghi dei prodotti\", afferma Sofiya Deva, fondatrice di <em>L'editing della cartolina<\/em>. \"Troviamo, ad esempio, che con Acrobat sia facile e agevole elaborare, condividere e chiudere i contratti. Operiamo a livello globale e lavoriamo sia con grandi rivenditori che con giovani designer. I PDF ci aiutano a comunicare in modo professionale, agile e facile da usare\".<\/p>\n<p>Secondo lo studio, una buona tecnologia non solo aiuta le piccole imprese a essere pi\u00f9 produttive, ma anche ad attrarre dipendenti qualificati. L'automazione e l'intelligenza artificiale rimangono le parole d'ordine del momento quando si tratta di svolgere il lavoro in modo pi\u00f9 intelligente e veloce, conclude lo studio di Adobe.<\/p>\n<p><em>Fonte: <a href=\"http:\/\/www.adobe.de\">Adobe<\/a><\/em><\/p>","protected":false},"excerpt":{"rendered":"<p>Adobe ha recentemente commissionato lo studio The Future of Digital Work, che ha chiesto a pi\u00f9 di 1.000 dipendenti di PMI in tutto il mondo se la tecnologia aiuta o ostacola la produttivit\u00e0 delle piccole imprese. <\/p>","protected":false},"author":4,"featured_media":19992,"comment_status":"closed","ping_status":"closed","sticky":false,"template":"","format":"standard","meta":{"_acf_changed":false,"_yoast_wpseo_focuskw":"digitalen Nachholbedarf","_yoast_wpseo_metadesc":"Angestellte von KMU weltweit wurden befragt, wie es um die Technologie am Arbeitsplatz aussieht. Fazit: Viele haben digitalen Nachholbedarf.","articlekey":"","footnotes":""},"categories":[582],"tags":[51,156,459],"class_list":["post-19991","post","type-post","status-publish","format-standard","has-post-thumbnail","hentry","category-operational-excellence","tag-arbeitsplatzgestaltung","tag-digitalisierung","tag-studie"],"acf":[],"yoast_head":"<!-- This site is optimized with the Yoast SEO plugin v27.5 - https:\/\/yoast.com\/product\/yoast-seo-wordpress\/ -->\n<title>KMU haben weltweit digitalen Nachholbedarf - Organisator<\/title>\n<meta name=\"description\" content=\"Angestellte von KMU weltweit wurden befragt, wie es um die Technologie am Arbeitsplatz aussieht. Fazit: Viele haben digitalen Nachholbedarf.\" \/>\n<meta name=\"robots\" content=\"index, follow, max-snippet:-1, max-image-preview:large, max-video-preview:-1\" \/>\n<link rel=\"canonical\" href=\"https:\/\/www.organisator.ch\/it\/eccellenza-operativa\/2023-05-02\/kmu-haben-weltweit-digitalen-nachholbedarf\/\" \/>\n<meta property=\"og:locale\" content=\"it_IT\" \/>\n<meta property=\"og:type\" content=\"article\" \/>\n<meta property=\"og:title\" content=\"KMU haben weltweit digitalen Nachholbedarf\" \/>\n<meta property=\"og:description\" content=\"Angestellte von KMU weltweit wurden befragt, wie es um die Technologie am Arbeitsplatz aussieht. Fazit: Viele haben digitalen Nachholbedarf.\" \/>\n<meta property=\"og:url\" content=\"https:\/\/www.organisator.ch\/it\/eccellenza-operativa\/2023-05-02\/kmu-haben-weltweit-digitalen-nachholbedarf\/\" \/>\n<meta property=\"og:site_name\" content=\"Organisator\" \/>\n<meta property=\"article:publisher\" content=\"https:\/\/www.facebook.com\/OrganisatorFachmagazin\" \/>\n<meta property=\"article:published_time\" content=\"2023-05-02T06:03:00+00:00\" \/>\n<meta property=\"og:image\" content=\"https:\/\/www.organisator.ch\/wp-content\/uploads\/2023\/05\/KMU-haben-weltweit-digitalen-Nachholbedarf_Organisator.jpg\" \/>\n\t<meta property=\"og:image:width\" content=\"680\" \/>\n\t<meta property=\"og:image:height\" content=\"340\" \/>\n\t<meta property=\"og:image:type\" content=\"image\/jpeg\" \/>\n<meta name=\"author\" content=\"thomas.berner\" \/>\n<meta name=\"twitter:card\" content=\"summary_large_image\" \/>\n<meta name=\"twitter:title\" content=\"#KMU haben weltweit digitalen #Nachholbedarf\" \/>\n<meta name=\"twitter:description\" content=\"Angestellte von #KMU weltweit wurden befragt, wie es um die Technologie am Arbeitsplatz aussieht. Fazit: Viele haben digitalen #Nachholbedarf.\" \/>\n<meta name=\"twitter:image\" content=\"https:\/\/www.organisator.ch\/wp-content\/uploads\/2023\/05\/KMU-haben-weltweit-digitalen-Nachholbedarf_Organisator.jpg\" \/>\n<script type=\"application\/ld+json\" class=\"yoast-schema-graph\">{\"@context\":\"https:\\\/\\\/schema.org\",\"@graph\":[{\"@type\":\"Article\",\"@id\":\"https:\\\/\\\/www.organisator.ch\\\/operational-excellence\\\/2023-05-02\\\/kmu-haben-weltweit-digitalen-nachholbedarf\\\/#article\",\"isPartOf\":{\"@id\":\"https:\\\/\\\/www.organisator.ch\\\/operational-excellence\\\/2023-05-02\\\/kmu-haben-weltweit-digitalen-nachholbedarf\\\/\"},\"author\":{\"name\":\"thomas.berner\",\"@id\":\"https:\\\/\\\/www.organisator.ch\\\/#\\\/schema\\\/person\\\/6f650f90b2842cd4c0cc334b4e36f67e\"},\"headline\":\"KMU haben weltweit digitalen Nachholbedarf\",\"datePublished\":\"2023-05-02T06:03:00+00:00\",\"mainEntityOfPage\":{\"@id\":\"https:\\\/\\\/www.organisator.ch\\\/operational-excellence\\\/2023-05-02\\\/kmu-haben-weltweit-digitalen-nachholbedarf\\\/\"},\"wordCount\":447,\"publisher\":{\"@id\":\"https:\\\/\\\/www.organisator.ch\\\/#organization\"},\"image\":{\"@id\":\"https:\\\/\\\/www.organisator.ch\\\/operational-excellence\\\/2023-05-02\\\/kmu-haben-weltweit-digitalen-nachholbedarf\\\/#primaryimage\"},\"thumbnailUrl\":\"https:\\\/\\\/www.organisator.ch\\\/wp-content\\\/uploads\\\/2023\\\/05\\\/KMU-haben-weltweit-digitalen-Nachholbedarf_Organisator.jpg\",\"keywords\":[\"Arbeitsplatzgestaltung\",\"Digitalisierung\",\"Studie\"],\"articleSection\":[\"OPERATIONAL EXCELLENCE\"],\"inLanguage\":\"it-IT\"},{\"@type\":\"WebPage\",\"@id\":\"https:\\\/\\\/www.organisator.ch\\\/operational-excellence\\\/2023-05-02\\\/kmu-haben-weltweit-digitalen-nachholbedarf\\\/\",\"url\":\"https:\\\/\\\/www.organisator.ch\\\/operational-excellence\\\/2023-05-02\\\/kmu-haben-weltweit-digitalen-nachholbedarf\\\/\",\"name\":\"KMU haben weltweit digitalen Nachholbedarf - Organisator\",\"isPartOf\":{\"@id\":\"https:\\\/\\\/www.organisator.ch\\\/#website\"},\"primaryImageOfPage\":{\"@id\":\"https:\\\/\\\/www.organisator.ch\\\/operational-excellence\\\/2023-05-02\\\/kmu-haben-weltweit-digitalen-nachholbedarf\\\/#primaryimage\"},\"image\":{\"@id\":\"https:\\\/\\\/www.organisator.ch\\\/operational-excellence\\\/2023-05-02\\\/kmu-haben-weltweit-digitalen-nachholbedarf\\\/#primaryimage\"},\"thumbnailUrl\":\"https:\\\/\\\/www.organisator.ch\\\/wp-content\\\/uploads\\\/2023\\\/05\\\/KMU-haben-weltweit-digitalen-Nachholbedarf_Organisator.jpg\",\"datePublished\":\"2023-05-02T06:03:00+00:00\",\"description\":\"Angestellte von KMU weltweit wurden befragt, wie es um die Technologie am Arbeitsplatz aussieht. Fazit: Viele haben digitalen Nachholbedarf.\",\"breadcrumb\":{\"@id\":\"https:\\\/\\\/www.organisator.ch\\\/operational-excellence\\\/2023-05-02\\\/kmu-haben-weltweit-digitalen-nachholbedarf\\\/#breadcrumb\"},\"inLanguage\":\"it-IT\",\"potentialAction\":[{\"@type\":\"ReadAction\",\"target\":[\"https:\\\/\\\/www.organisator.ch\\\/operational-excellence\\\/2023-05-02\\\/kmu-haben-weltweit-digitalen-nachholbedarf\\\/\"]}]},{\"@type\":\"ImageObject\",\"inLanguage\":\"it-IT\",\"@id\":\"https:\\\/\\\/www.organisator.ch\\\/operational-excellence\\\/2023-05-02\\\/kmu-haben-weltweit-digitalen-nachholbedarf\\\/#primaryimage\",\"url\":\"https:\\\/\\\/www.organisator.ch\\\/wp-content\\\/uploads\\\/2023\\\/05\\\/KMU-haben-weltweit-digitalen-Nachholbedarf_Organisator.jpg\",\"contentUrl\":\"https:\\\/\\\/www.organisator.ch\\\/wp-content\\\/uploads\\\/2023\\\/05\\\/KMU-haben-weltweit-digitalen-Nachholbedarf_Organisator.jpg\",\"width\":680,\"height\":340,\"caption\":\"Viele KMU weltweit haben immer noch digitalen Nachholbedarf, wie eine neue Studie festgestellt hat. (Bild: Pixabay.com)\"},{\"@type\":\"BreadcrumbList\",\"@id\":\"https:\\\/\\\/www.organisator.ch\\\/operational-excellence\\\/2023-05-02\\\/kmu-haben-weltweit-digitalen-nachholbedarf\\\/#breadcrumb\",\"itemListElement\":[{\"@type\":\"ListItem\",\"position\":1,\"name\":\"Home\",\"item\":\"https:\\\/\\\/www.organisator.ch\\\/\"},{\"@type\":\"ListItem\",\"position\":2,\"name\":\"KMU haben weltweit digitalen Nachholbedarf\"}]},{\"@type\":\"WebSite\",\"@id\":\"https:\\\/\\\/www.organisator.ch\\\/#website\",\"url\":\"https:\\\/\\\/www.organisator.ch\\\/\",\"name\":\"Organisator\",\"description\":\"Kompetent. Praxisnah. Der ORGANISATOR bereitet in 10 Ausgaben pro Jahr die wesentlichen Themen f\u00fcr F\u00fchrungskr\u00e4fte von KMU auf.\",\"publisher\":{\"@id\":\"https:\\\/\\\/www.organisator.ch\\\/#organization\"},\"potentialAction\":[{\"@type\":\"SearchAction\",\"target\":{\"@type\":\"EntryPoint\",\"urlTemplate\":\"https:\\\/\\\/www.organisator.ch\\\/?s={search_term_string}\"},\"query-input\":{\"@type\":\"PropertyValueSpecification\",\"valueRequired\":true,\"valueName\":\"search_term_string\"}}],\"inLanguage\":\"it-IT\"},{\"@type\":\"Organization\",\"@id\":\"https:\\\/\\\/www.organisator.ch\\\/#organization\",\"name\":\"Organisator\",\"url\":\"https:\\\/\\\/www.organisator.ch\\\/\",\"logo\":{\"@type\":\"ImageObject\",\"inLanguage\":\"it-IT\",\"@id\":\"https:\\\/\\\/www.organisator.ch\\\/#\\\/schema\\\/logo\\\/image\\\/\",\"url\":\"https:\\\/\\\/www.organisator.ch\\\/wp-content\\\/uploads\\\/2022\\\/01\\\/Logo_Organisator_Website.png\",\"contentUrl\":\"https:\\\/\\\/www.organisator.ch\\\/wp-content\\\/uploads\\\/2022\\\/01\\\/Logo_Organisator_Website.png\",\"width\":800,\"height\":77,\"caption\":\"Organisator\"},\"image\":{\"@id\":\"https:\\\/\\\/www.organisator.ch\\\/#\\\/schema\\\/logo\\\/image\\\/\"},\"sameAs\":[\"https:\\\/\\\/www.facebook.com\\\/OrganisatorFachmagazin\",\"https:\\\/\\\/www.linkedin.com\\\/showcase\\\/organisator-das-magazin-fr-kmu\",\"https:\\\/\\\/www.xing.com\\\/news\\\/pages\\\/organisator-ch-695\",\"https:\\\/\\\/www.youtube.com\\\/channel\\\/UCGP2Sq0iWaZwT3BdIAQFYpw\"]},{\"@type\":\"Person\",\"@id\":\"https:\\\/\\\/www.organisator.ch\\\/#\\\/schema\\\/person\\\/6f650f90b2842cd4c0cc334b4e36f67e\",\"name\":\"thomas.berner\",\"image\":{\"@type\":\"ImageObject\",\"inLanguage\":\"it-IT\",\"@id\":\"https:\\\/\\\/secure.gravatar.com\\\/avatar\\\/ac5001d2a36cb6c6cd3e50789007ffca834b477b74a2144564522e944eabff61?s=96&d=mm&r=g\",\"url\":\"https:\\\/\\\/secure.gravatar.com\\\/avatar\\\/ac5001d2a36cb6c6cd3e50789007ffca834b477b74a2144564522e944eabff61?s=96&d=mm&r=g\",\"contentUrl\":\"https:\\\/\\\/secure.gravatar.com\\\/avatar\\\/ac5001d2a36cb6c6cd3e50789007ffca834b477b74a2144564522e944eabff61?s=96&d=mm&r=g\",\"caption\":\"thomas.berner\"},\"url\":\"https:\\\/\\\/www.organisator.ch\\\/it\\\/author\\\/thomas-berner\\\/\"}]}<\/script>\n<!-- \/ Yoast SEO plugin. -->","yoast_head_json":{"title":"Le PMI di tutto il mondo devono recuperare il ritardo digitale - Organizzatore","description":"Ai dipendenti delle PMI di tutto il mondo \u00e8 stato chiesto come si comporta la tecnologia sul posto di lavoro. Conclusione: molti devono recuperare il ritardo digitale.","robots":{"index":"index","follow":"follow","max-snippet":"max-snippet:-1","max-image-preview":"max-image-preview:large","max-video-preview":"max-video-preview:-1"},"canonical":"https:\/\/www.organisator.ch\/it\/eccellenza-operativa\/2023-05-02\/kmu-haben-weltweit-digitalen-nachholbedarf\/","og_locale":"it_IT","og_type":"article","og_title":"KMU haben weltweit digitalen Nachholbedarf","og_description":"Angestellte von KMU weltweit wurden befragt, wie es um die Technologie am Arbeitsplatz aussieht. Fazit: Viele haben digitalen Nachholbedarf.","og_url":"https:\/\/www.organisator.ch\/it\/eccellenza-operativa\/2023-05-02\/kmu-haben-weltweit-digitalen-nachholbedarf\/","og_site_name":"Organisator","article_publisher":"https:\/\/www.facebook.com\/OrganisatorFachmagazin","article_published_time":"2023-05-02T06:03:00+00:00","og_image":[{"width":680,"height":340,"url":"https:\/\/www.organisator.ch\/wp-content\/uploads\/2023\/05\/KMU-haben-weltweit-digitalen-Nachholbedarf_Organisator.jpg","type":"image\/jpeg"}],"author":"thomas.berner","twitter_card":"summary_large_image","twitter_title":"#KMU haben weltweit digitalen #Nachholbedarf","twitter_description":"Angestellte von #KMU weltweit wurden befragt, wie es um die Technologie am Arbeitsplatz aussieht. Fazit: Viele haben digitalen #Nachholbedarf.","twitter_image":"https:\/\/www.organisator.ch\/wp-content\/uploads\/2023\/05\/KMU-haben-weltweit-digitalen-Nachholbedarf_Organisator.jpg","schema":{"@context":"https:\/\/schema.org","@graph":[{"@type":"Article","@id":"https:\/\/www.organisator.ch\/operational-excellence\/2023-05-02\/kmu-haben-weltweit-digitalen-nachholbedarf\/#article","isPartOf":{"@id":"https:\/\/www.organisator.ch\/operational-excellence\/2023-05-02\/kmu-haben-weltweit-digitalen-nachholbedarf\/"},"author":{"name":"thomas.berner","@id":"https:\/\/www.organisator.ch\/#\/schema\/person\/6f650f90b2842cd4c0cc334b4e36f67e"},"headline":"KMU haben weltweit digitalen Nachholbedarf","datePublished":"2023-05-02T06:03:00+00:00","mainEntityOfPage":{"@id":"https:\/\/www.organisator.ch\/operational-excellence\/2023-05-02\/kmu-haben-weltweit-digitalen-nachholbedarf\/"},"wordCount":447,"publisher":{"@id":"https:\/\/www.organisator.ch\/#organization"},"image":{"@id":"https:\/\/www.organisator.ch\/operational-excellence\/2023-05-02\/kmu-haben-weltweit-digitalen-nachholbedarf\/#primaryimage"},"thumbnailUrl":"https:\/\/www.organisator.ch\/wp-content\/uploads\/2023\/05\/KMU-haben-weltweit-digitalen-Nachholbedarf_Organisator.jpg","keywords":["Arbeitsplatzgestaltung","Digitalisierung","Studie"],"articleSection":["OPERATIONAL EXCELLENCE"],"inLanguage":"it-IT"},{"@type":"WebPage","@id":"https:\/\/www.organisator.ch\/operational-excellence\/2023-05-02\/kmu-haben-weltweit-digitalen-nachholbedarf\/","url":"https:\/\/www.organisator.ch\/operational-excellence\/2023-05-02\/kmu-haben-weltweit-digitalen-nachholbedarf\/","name":"Le PMI di tutto il mondo devono recuperare il ritardo digitale - Organizzatore","isPartOf":{"@id":"https:\/\/www.organisator.ch\/#website"},"primaryImageOfPage":{"@id":"https:\/\/www.organisator.ch\/operational-excellence\/2023-05-02\/kmu-haben-weltweit-digitalen-nachholbedarf\/#primaryimage"},"image":{"@id":"https:\/\/www.organisator.ch\/operational-excellence\/2023-05-02\/kmu-haben-weltweit-digitalen-nachholbedarf\/#primaryimage"},"thumbnailUrl":"https:\/\/www.organisator.ch\/wp-content\/uploads\/2023\/05\/KMU-haben-weltweit-digitalen-Nachholbedarf_Organisator.jpg","datePublished":"2023-05-02T06:03:00+00:00","description":"Ai dipendenti delle PMI di tutto il mondo \u00e8 stato chiesto come si comporta la tecnologia sul posto di lavoro. Conclusione: molti devono recuperare il ritardo digitale.","breadcrumb":{"@id":"https:\/\/www.organisator.ch\/operational-excellence\/2023-05-02\/kmu-haben-weltweit-digitalen-nachholbedarf\/#breadcrumb"},"inLanguage":"it-IT","potentialAction":[{"@type":"ReadAction","target":["https:\/\/www.organisator.ch\/operational-excellence\/2023-05-02\/kmu-haben-weltweit-digitalen-nachholbedarf\/"]}]},{"@type":"ImageObject","inLanguage":"it-IT","@id":"https:\/\/www.organisator.ch\/operational-excellence\/2023-05-02\/kmu-haben-weltweit-digitalen-nachholbedarf\/#primaryimage","url":"https:\/\/www.organisator.ch\/wp-content\/uploads\/2023\/05\/KMU-haben-weltweit-digitalen-Nachholbedarf_Organisator.jpg","contentUrl":"https:\/\/www.organisator.ch\/wp-content\/uploads\/2023\/05\/KMU-haben-weltweit-digitalen-Nachholbedarf_Organisator.jpg","width":680,"height":340,"caption":"Viele KMU weltweit haben immer noch digitalen Nachholbedarf, wie eine neue Studie festgestellt hat. (Bild: Pixabay.com)"},{"@type":"BreadcrumbList","@id":"https:\/\/www.organisator.ch\/operational-excellence\/2023-05-02\/kmu-haben-weltweit-digitalen-nachholbedarf\/#breadcrumb","itemListElement":[{"@type":"ListItem","position":1,"name":"Home","item":"https:\/\/www.organisator.ch\/"},{"@type":"ListItem","position":2,"name":"KMU haben weltweit digitalen Nachholbedarf"}]},{"@type":"WebSite","@id":"https:\/\/www.organisator.ch\/#website","url":"https:\/\/www.organisator.ch\/","name":"Organizzatore","description":"Competente. Pratico. In 10 numeri all'anno, ORGANISATOR presenta i temi essenziali per i manager delle PMI.","publisher":{"@id":"https:\/\/www.organisator.ch\/#organization"},"potentialAction":[{"@type":"SearchAction","target":{"@type":"EntryPoint","urlTemplate":"https:\/\/www.organisator.ch\/?s={search_term_string}"},"query-input":{"@type":"PropertyValueSpecification","valueRequired":true,"valueName":"search_term_string"}}],"inLanguage":"it-IT"},{"@type":"Organization","@id":"https:\/\/www.organisator.ch\/#organization","name":"Organizzatore","url":"https:\/\/www.organisator.ch\/","logo":{"@type":"ImageObject","inLanguage":"it-IT","@id":"https:\/\/www.organisator.ch\/#\/schema\/logo\/image\/","url":"https:\/\/www.organisator.ch\/wp-content\/uploads\/2022\/01\/Logo_Organisator_Website.png","contentUrl":"https:\/\/www.organisator.ch\/wp-content\/uploads\/2022\/01\/Logo_Organisator_Website.png","width":800,"height":77,"caption":"Organisator"},"image":{"@id":"https:\/\/www.organisator.ch\/#\/schema\/logo\/image\/"},"sameAs":["https:\/\/www.facebook.com\/OrganisatorFachmagazin","https:\/\/www.linkedin.com\/showcase\/organisator-das-magazin-fr-kmu","https:\/\/www.xing.com\/news\/pages\/organisator-ch-695","https:\/\/www.youtube.com\/channel\/UCGP2Sq0iWaZwT3BdIAQFYpw"]},{"@type":"Person","@id":"https:\/\/www.organisator.ch\/#\/schema\/person\/6f650f90b2842cd4c0cc334b4e36f67e","name":"Tommaso.berner","image":{"@type":"ImageObject","inLanguage":"it-IT","@id":"https:\/\/secure.gravatar.com\/avatar\/ac5001d2a36cb6c6cd3e50789007ffca834b477b74a2144564522e944eabff61?s=96&d=mm&r=g","url":"https:\/\/secure.gravatar.com\/avatar\/ac5001d2a36cb6c6cd3e50789007ffca834b477b74a2144564522e944eabff61?s=96&d=mm&r=g","contentUrl":"https:\/\/secure.gravatar.com\/avatar\/ac5001d2a36cb6c6cd3e50789007ffca834b477b74a2144564522e944eabff61?s=96&d=mm&r=g","caption":"thomas.berner"},"url":"https:\/\/www.organisator.ch\/it\/author\/thomas-berner\/"}]}},"_links":{"self":[{"href":"https:\/\/www.organisator.ch\/it\/wp-json\/wp\/v2\/posts\/19991","targetHints":{"allow":["GET"]}}],"collection":[{"href":"https:\/\/www.organisator.ch\/it\/wp-json\/wp\/v2\/posts"}],"about":[{"href":"https:\/\/www.organisator.ch\/it\/wp-json\/wp\/v2\/types\/post"}],"author":[{"embeddable":true,"href":"https:\/\/www.organisator.ch\/it\/wp-json\/wp\/v2\/users\/4"}],"replies":[{"embeddable":true,"href":"https:\/\/www.organisator.ch\/it\/wp-json\/wp\/v2\/comments?post=19991"}],"version-history":[{"count":1,"href":"https:\/\/www.organisator.ch\/it\/wp-json\/wp\/v2\/posts\/19991\/revisions"}],"predecessor-version":[{"id":19993,"href":"https:\/\/www.organisator.ch\/it\/wp-json\/wp\/v2\/posts\/19991\/revisions\/19993"}],"wp:featuredmedia":[{"embeddable":true,"href":"https:\/\/www.organisator.ch\/it\/wp-json\/wp\/v2\/media\/19992"}],"wp:attachment":[{"href":"https:\/\/www.organisator.ch\/it\/wp-json\/wp\/v2\/media?parent=19991"}],"wp:term":[{"taxonomy":"category","embeddable":true,"href":"https:\/\/www.organisator.ch\/it\/wp-json\/wp\/v2\/categories?post=19991"},{"taxonomy":"post_tag","embeddable":true,"href":"https:\/\/www.organisator.ch\/it\/wp-json\/wp\/v2\/tags?post=19991"}],"curies":[{"name":"wp","href":"https:\/\/api.w.org\/{rel}","templated":true}]}}