{"id":19999,"date":"2023-05-01T16:50:14","date_gmt":"2023-05-01T14:50:14","guid":{"rendered":"https:\/\/www.m-q.ch\/?p=17930"},"modified":"2024-11-16T13:52:04","modified_gmt":"2024-11-16T12:52:04","slug":"nationale-sensibilisierungskampagne-zur-passwortsicherheit","status":"publish","type":"post","link":"https:\/\/www.organisator.ch\/it\/operational-excellence\/2023-05-01\/nationale-sensibilisierungskampagne-zur-passwortsicherheit\/","title":{"rendered":"Campagna nazionale di sensibilizzazione sulla sicurezza delle password"},"content":{"rendered":"<figure id=\"attachment_17931\" class=\"wp-caption alignnone\" style=\"width: 680px\" aria-describedby=\"caption-attachment-17931\"><img class=\"alignnone wp-image-17931 size-full\" src=\"https:\/\/www.m-q.ch\/wp-content\/uploads\/2023\/05\/Nationale-Sensibilisierungskampagne-zur-Passwortsicherheit-_MQ.jpg\" alt=\"Campagna di sensibilizzazione\" width=\"680\" height=\"579\" \/>\r\n<figcaption id=\"caption-attachment-17931\" class=\"wp-caption-text\">Le password sbagliate sono un invito per i criminali informatici. Per questo motivo le autorit\u00e0 di sicurezza svizzere hanno lanciato una campagna di sensibilizzazione. (Immagine: Prevenzione della criminalit\u00e0 svizzera)<\/figcaption>\r\n<\/figure>\r\n<p>Una password forte deve essere lunga almeno dodici caratteri e contenere lettere maiuscole e minuscole, caratteri speciali e numeri. Inoltre, la password non deve comparire in nessun dizionario. Tali password sono difficili da ricordare. Soprattutto se, come consigliato, si utilizza una password separata per ogni applicazione. Ecco perch\u00e9 password come \"hello\" o \"123456\" sono ancora tra le pi\u00f9 utilizzate in Svizzera. Password deboli come queste permettono ai criminali informatici di entrare facilmente nei dati degli utenti e di usarli per scopi illegali. Con l'attuale campagna, le autorit\u00e0 di sicurezza e le organizzazioni partner sottolineano i pericoli delle password deboli e mostrano come proteggere in modo ottimale il proprio accesso.<\/p>\r\n<h3>Mezzi tecnici di supporto alla sicurezza informatica<\/h3>\r\n<p>Per creare una password forte per ogni accesso e gestire le password in modo sicuro, i cosiddetti password manager sono un valido supporto. Gli utenti devono ricordare solo una password forte, quella del gestore di password. La sicurezza \u00e8 supportata dall'autenticazione a due o pi\u00f9 fattori. In questo caso, oltre alla password, il fattore di conoscenza, si aggiungono altri fattori come i dati biometrici, ad esempio le impronte digitali o Face ID.\u00a0<\/p>\r\n<h3>Campagna nazionale di sensibilizzazione sulla sicurezza delle password<\/h3>\r\n<p>Dal 1\u00b0 maggio, l'NCSC, l'SKP e i corpi di polizia cantonali e comunali, con il supporto di iBarry ed EBAS, stanno sensibilizzando la popolazione svizzera sull'importanza di password forti. Con una strizzatina d'occhio, viene chiarito che le password semplici, per di pi\u00f9 appuntate su post-it, sono molto allettanti per i criminali informatici. Sul sito web della campagna S-U-P-E-R.ch, video didattici forniscono ulteriori informazioni. Con le conoscenze acquisite e un po' di fortuna, non solo si vince una maggiore sicurezza informatica, ma anche un premio del concorso. La campagna durer\u00e0 fino al 31 maggio 2023.\u00a0<\/p>\r\n<p><em>Fonte: Prevenzione della criminalit\u00e0 in Svizzera<\/em> <em>(<a href=\"http:\/\/www.skppsc.ch\/\" rel=\"noopener\">www.skppsc.ch<\/a>)<\/em><\/p>\r\n<p><em><a href=\"https:\/\/www.s-u-p-e-r.ch\/de\/\">Ulteriori informazioni<\/a><\/em><\/p>\n<p class=\"syndicated-attribution\">Questo articolo \u00e8 apparso originariamente su m-q.ch - <a href=\"https:\/\/www.m-q.ch\/de\/nationale-sensibilisierungskampagne-zur-passwortsicherheit\/\" target=\"_blank\">https:\/\/www.m-q.ch\/de\/nationale-sensibilisierungskampagne-zur-passwortsicherheit\/<\/a><\/p>","protected":false},"excerpt":{"rendered":"<p>I dati degli utenti rubati sono spesso all'inizio di un attacco informatico. Molti danni possono essere evitati con password forti. Il Centro nazionale per la sicurezza informatica (NCSC), la Prevenzione svizzera della criminalit\u00e0 (PSC) e i corpi di polizia cantonali e comunali conducono una campagna di sensibilizzazione nazionale sulla sicurezza delle password nel mese di maggio con il supporto della piattaforma di sicurezza internet iBarry e di \"eBanking - ma sicuro!\". (EBAS) stanno conducendo una campagna di sensibilizzazione nazionale sulla sicurezza delle password.<\/p>","protected":false},"author":8,"featured_media":0,"comment_status":"closed","ping_status":"closed","sticky":false,"template":"","format":"standard","meta":{"_acf_changed":false,"_yoast_wpseo_focuskw":"Sensibilisierungskampagne","_yoast_wpseo_metadesc":"Starke Passw\u00f6rter: Schweizer Kampagne sensibilisiert f\u00fcr Cybersicherheit und sch\u00fctzt vor Hackerangriffen.","articlekey":"","footnotes":""},"categories":[582],"tags":[3746,3747],"class_list":["post-19999","post","type-post","status-publish","format-standard","hentry","category-operational-excellence","tag-passwortsicherheit","tag-sensibilisierungskampagne"],"acf":[],"yoast_head":"<!-- This site is optimized with the Yoast SEO plugin v27.5 - https:\/\/yoast.com\/product\/yoast-seo-wordpress\/ -->\n<title>Nationale Sensibilisierungskampagne zur Passwortsicherheit - Organisator<\/title>\n<meta name=\"description\" content=\"Starke Passw\u00f6rter: Schweizer Kampagne sensibilisiert f\u00fcr Cybersicherheit und sch\u00fctzt vor Hackerangriffen.\" \/>\n<meta name=\"robots\" content=\"index, follow, max-snippet:-1, max-image-preview:large, max-video-preview:-1\" \/>\n<link rel=\"canonical\" href=\"https:\/\/www.organisator.ch\/it\/eccellenza-operativa\/2023-05-01\/nationale-sensibilisierungskampagne-zur-passwortsicherheit\/\" \/>\n<meta property=\"og:locale\" content=\"it_IT\" \/>\n<meta property=\"og:type\" content=\"article\" \/>\n<meta property=\"og:title\" content=\"Nationale Sensibilisierungskampagne zur Passwortsicherheit - Organisator\" \/>\n<meta property=\"og:description\" content=\"Starke Passw\u00f6rter: Schweizer Kampagne sensibilisiert f\u00fcr Cybersicherheit und sch\u00fctzt vor Hackerangriffen.\" \/>\n<meta property=\"og:url\" content=\"https:\/\/www.organisator.ch\/it\/eccellenza-operativa\/2023-05-01\/nationale-sensibilisierungskampagne-zur-passwortsicherheit\/\" \/>\n<meta property=\"og:site_name\" content=\"Organisator\" \/>\n<meta property=\"article:publisher\" content=\"https:\/\/www.facebook.com\/OrganisatorFachmagazin\" \/>\n<meta property=\"article:published_time\" content=\"2023-05-01T14:50:14+00:00\" \/>\n<meta property=\"article:modified_time\" content=\"2024-11-16T12:52:04+00:00\" \/>\n<meta name=\"author\" content=\"galledia\" \/>\n<meta name=\"twitter:card\" content=\"summary_large_image\" \/>\n<meta name=\"twitter:creator\" content=\"@admin\" \/>\n<script type=\"application\/ld+json\" class=\"yoast-schema-graph\">{\"@context\":\"https:\\\/\\\/schema.org\",\"@graph\":[{\"@type\":\"Article\",\"@id\":\"https:\\\/\\\/www.organisator.ch\\\/operational-excellence\\\/2023-05-01\\\/nationale-sensibilisierungskampagne-zur-passwortsicherheit\\\/#article\",\"isPartOf\":{\"@id\":\"https:\\\/\\\/www.organisator.ch\\\/operational-excellence\\\/2023-05-01\\\/nationale-sensibilisierungskampagne-zur-passwortsicherheit\\\/\"},\"author\":{\"name\":\"galledia\",\"@id\":\"https:\\\/\\\/www.organisator.ch\\\/#\\\/schema\\\/person\\\/4e51799071cd2dd1232ac003643ef5f0\"},\"headline\":\"Nationale Sensibilisierungskampagne zur Passwortsicherheit\",\"datePublished\":\"2023-05-01T14:50:14+00:00\",\"dateModified\":\"2024-11-16T12:52:04+00:00\",\"mainEntityOfPage\":{\"@id\":\"https:\\\/\\\/www.organisator.ch\\\/operational-excellence\\\/2023-05-01\\\/nationale-sensibilisierungskampagne-zur-passwortsicherheit\\\/\"},\"wordCount\":320,\"publisher\":{\"@id\":\"https:\\\/\\\/www.organisator.ch\\\/#organization\"},\"image\":{\"@id\":\"https:\\\/\\\/www.organisator.ch\\\/operational-excellence\\\/2023-05-01\\\/nationale-sensibilisierungskampagne-zur-passwortsicherheit\\\/#primaryimage\"},\"thumbnailUrl\":\"https:\\\/\\\/www.m-q.ch\\\/wp-content\\\/uploads\\\/2023\\\/05\\\/Nationale-Sensibilisierungskampagne-zur-Passwortsicherheit-_MQ.jpg\",\"keywords\":[\"Passwortsicherheit\",\"Sensibilisierungskampagne\"],\"articleSection\":[\"OPERATIONAL EXCELLENCE\"],\"inLanguage\":\"it-IT\"},{\"@type\":\"WebPage\",\"@id\":\"https:\\\/\\\/www.organisator.ch\\\/operational-excellence\\\/2023-05-01\\\/nationale-sensibilisierungskampagne-zur-passwortsicherheit\\\/\",\"url\":\"https:\\\/\\\/www.organisator.ch\\\/operational-excellence\\\/2023-05-01\\\/nationale-sensibilisierungskampagne-zur-passwortsicherheit\\\/\",\"name\":\"Nationale Sensibilisierungskampagne zur Passwortsicherheit - Organisator\",\"isPartOf\":{\"@id\":\"https:\\\/\\\/www.organisator.ch\\\/#website\"},\"primaryImageOfPage\":{\"@id\":\"https:\\\/\\\/www.organisator.ch\\\/operational-excellence\\\/2023-05-01\\\/nationale-sensibilisierungskampagne-zur-passwortsicherheit\\\/#primaryimage\"},\"image\":{\"@id\":\"https:\\\/\\\/www.organisator.ch\\\/operational-excellence\\\/2023-05-01\\\/nationale-sensibilisierungskampagne-zur-passwortsicherheit\\\/#primaryimage\"},\"thumbnailUrl\":\"https:\\\/\\\/www.m-q.ch\\\/wp-content\\\/uploads\\\/2023\\\/05\\\/Nationale-Sensibilisierungskampagne-zur-Passwortsicherheit-_MQ.jpg\",\"datePublished\":\"2023-05-01T14:50:14+00:00\",\"dateModified\":\"2024-11-16T12:52:04+00:00\",\"description\":\"Starke Passw\u00f6rter: Schweizer Kampagne sensibilisiert f\u00fcr Cybersicherheit und sch\u00fctzt vor Hackerangriffen.\",\"breadcrumb\":{\"@id\":\"https:\\\/\\\/www.organisator.ch\\\/operational-excellence\\\/2023-05-01\\\/nationale-sensibilisierungskampagne-zur-passwortsicherheit\\\/#breadcrumb\"},\"inLanguage\":\"it-IT\",\"potentialAction\":[{\"@type\":\"ReadAction\",\"target\":[\"https:\\\/\\\/www.organisator.ch\\\/operational-excellence\\\/2023-05-01\\\/nationale-sensibilisierungskampagne-zur-passwortsicherheit\\\/\"]}]},{\"@type\":\"ImageObject\",\"inLanguage\":\"it-IT\",\"@id\":\"https:\\\/\\\/www.organisator.ch\\\/operational-excellence\\\/2023-05-01\\\/nationale-sensibilisierungskampagne-zur-passwortsicherheit\\\/#primaryimage\",\"url\":\"https:\\\/\\\/www.m-q.ch\\\/wp-content\\\/uploads\\\/2023\\\/05\\\/Nationale-Sensibilisierungskampagne-zur-Passwortsicherheit-_MQ.jpg\",\"contentUrl\":\"https:\\\/\\\/www.m-q.ch\\\/wp-content\\\/uploads\\\/2023\\\/05\\\/Nationale-Sensibilisierungskampagne-zur-Passwortsicherheit-_MQ.jpg\"},{\"@type\":\"BreadcrumbList\",\"@id\":\"https:\\\/\\\/www.organisator.ch\\\/operational-excellence\\\/2023-05-01\\\/nationale-sensibilisierungskampagne-zur-passwortsicherheit\\\/#breadcrumb\",\"itemListElement\":[{\"@type\":\"ListItem\",\"position\":1,\"name\":\"Home\",\"item\":\"https:\\\/\\\/www.organisator.ch\\\/\"},{\"@type\":\"ListItem\",\"position\":2,\"name\":\"Nationale Sensibilisierungskampagne zur Passwortsicherheit\"}]},{\"@type\":\"WebSite\",\"@id\":\"https:\\\/\\\/www.organisator.ch\\\/#website\",\"url\":\"https:\\\/\\\/www.organisator.ch\\\/\",\"name\":\"Organisator\",\"description\":\"Kompetent. Praxisnah. Der ORGANISATOR bereitet in 10 Ausgaben pro Jahr die wesentlichen Themen f\u00fcr F\u00fchrungskr\u00e4fte von KMU auf.\",\"publisher\":{\"@id\":\"https:\\\/\\\/www.organisator.ch\\\/#organization\"},\"potentialAction\":[{\"@type\":\"SearchAction\",\"target\":{\"@type\":\"EntryPoint\",\"urlTemplate\":\"https:\\\/\\\/www.organisator.ch\\\/?s={search_term_string}\"},\"query-input\":{\"@type\":\"PropertyValueSpecification\",\"valueRequired\":true,\"valueName\":\"search_term_string\"}}],\"inLanguage\":\"it-IT\"},{\"@type\":\"Organization\",\"@id\":\"https:\\\/\\\/www.organisator.ch\\\/#organization\",\"name\":\"Organisator\",\"url\":\"https:\\\/\\\/www.organisator.ch\\\/\",\"logo\":{\"@type\":\"ImageObject\",\"inLanguage\":\"it-IT\",\"@id\":\"https:\\\/\\\/www.organisator.ch\\\/#\\\/schema\\\/logo\\\/image\\\/\",\"url\":\"https:\\\/\\\/www.organisator.ch\\\/wp-content\\\/uploads\\\/2022\\\/01\\\/Logo_Organisator_Website.png\",\"contentUrl\":\"https:\\\/\\\/www.organisator.ch\\\/wp-content\\\/uploads\\\/2022\\\/01\\\/Logo_Organisator_Website.png\",\"width\":800,\"height\":77,\"caption\":\"Organisator\"},\"image\":{\"@id\":\"https:\\\/\\\/www.organisator.ch\\\/#\\\/schema\\\/logo\\\/image\\\/\"},\"sameAs\":[\"https:\\\/\\\/www.facebook.com\\\/OrganisatorFachmagazin\",\"https:\\\/\\\/www.linkedin.com\\\/showcase\\\/organisator-das-magazin-fr-kmu\",\"https:\\\/\\\/www.xing.com\\\/news\\\/pages\\\/organisator-ch-695\",\"https:\\\/\\\/www.youtube.com\\\/channel\\\/UCGP2Sq0iWaZwT3BdIAQFYpw\"]},{\"@type\":\"Person\",\"@id\":\"https:\\\/\\\/www.organisator.ch\\\/#\\\/schema\\\/person\\\/4e51799071cd2dd1232ac003643ef5f0\",\"name\":\"galledia\",\"image\":{\"@type\":\"ImageObject\",\"inLanguage\":\"it-IT\",\"@id\":\"https:\\\/\\\/secure.gravatar.com\\\/avatar\\\/78a7f90c01fc2bfc875782a0d4922b37cde2cf184ce347b91316d23cd7f69a36?s=96&d=mm&r=g\",\"url\":\"https:\\\/\\\/secure.gravatar.com\\\/avatar\\\/78a7f90c01fc2bfc875782a0d4922b37cde2cf184ce347b91316d23cd7f69a36?s=96&d=mm&r=g\",\"contentUrl\":\"https:\\\/\\\/secure.gravatar.com\\\/avatar\\\/78a7f90c01fc2bfc875782a0d4922b37cde2cf184ce347b91316d23cd7f69a36?s=96&d=mm&r=g\",\"caption\":\"galledia\"},\"sameAs\":[\"https:\\\/\\\/x.com\\\/admin\"],\"url\":\"https:\\\/\\\/www.organisator.ch\\\/it\\\/author\\\/galledia\\\/\"}]}<\/script>\n<!-- \/ Yoast SEO plugin. -->","yoast_head_json":{"title":"Campagna nazionale di sensibilizzazione sulla sicurezza delle password - Organizzatore","description":"Password forti: la campagna svizzera sensibilizza sulla sicurezza informatica e protegge dagli attacchi degli hacker.","robots":{"index":"index","follow":"follow","max-snippet":"max-snippet:-1","max-image-preview":"max-image-preview:large","max-video-preview":"max-video-preview:-1"},"canonical":"https:\/\/www.organisator.ch\/it\/eccellenza-operativa\/2023-05-01\/nationale-sensibilisierungskampagne-zur-passwortsicherheit\/","og_locale":"it_IT","og_type":"article","og_title":"Nationale Sensibilisierungskampagne zur Passwortsicherheit - Organisator","og_description":"Starke Passw\u00f6rter: Schweizer Kampagne sensibilisiert f\u00fcr Cybersicherheit und sch\u00fctzt vor Hackerangriffen.","og_url":"https:\/\/www.organisator.ch\/it\/eccellenza-operativa\/2023-05-01\/nationale-sensibilisierungskampagne-zur-passwortsicherheit\/","og_site_name":"Organisator","article_publisher":"https:\/\/www.facebook.com\/OrganisatorFachmagazin","article_published_time":"2023-05-01T14:50:14+00:00","article_modified_time":"2024-11-16T12:52:04+00:00","author":"galledia","twitter_card":"summary_large_image","twitter_creator":"@admin","schema":{"@context":"https:\/\/schema.org","@graph":[{"@type":"Article","@id":"https:\/\/www.organisator.ch\/operational-excellence\/2023-05-01\/nationale-sensibilisierungskampagne-zur-passwortsicherheit\/#article","isPartOf":{"@id":"https:\/\/www.organisator.ch\/operational-excellence\/2023-05-01\/nationale-sensibilisierungskampagne-zur-passwortsicherheit\/"},"author":{"name":"galledia","@id":"https:\/\/www.organisator.ch\/#\/schema\/person\/4e51799071cd2dd1232ac003643ef5f0"},"headline":"Nationale Sensibilisierungskampagne zur Passwortsicherheit","datePublished":"2023-05-01T14:50:14+00:00","dateModified":"2024-11-16T12:52:04+00:00","mainEntityOfPage":{"@id":"https:\/\/www.organisator.ch\/operational-excellence\/2023-05-01\/nationale-sensibilisierungskampagne-zur-passwortsicherheit\/"},"wordCount":320,"publisher":{"@id":"https:\/\/www.organisator.ch\/#organization"},"image":{"@id":"https:\/\/www.organisator.ch\/operational-excellence\/2023-05-01\/nationale-sensibilisierungskampagne-zur-passwortsicherheit\/#primaryimage"},"thumbnailUrl":"https:\/\/www.m-q.ch\/wp-content\/uploads\/2023\/05\/Nationale-Sensibilisierungskampagne-zur-Passwortsicherheit-_MQ.jpg","keywords":["Passwortsicherheit","Sensibilisierungskampagne"],"articleSection":["OPERATIONAL EXCELLENCE"],"inLanguage":"it-IT"},{"@type":"WebPage","@id":"https:\/\/www.organisator.ch\/operational-excellence\/2023-05-01\/nationale-sensibilisierungskampagne-zur-passwortsicherheit\/","url":"https:\/\/www.organisator.ch\/operational-excellence\/2023-05-01\/nationale-sensibilisierungskampagne-zur-passwortsicherheit\/","name":"Campagna nazionale di sensibilizzazione sulla sicurezza delle password - Organizzatore","isPartOf":{"@id":"https:\/\/www.organisator.ch\/#website"},"primaryImageOfPage":{"@id":"https:\/\/www.organisator.ch\/operational-excellence\/2023-05-01\/nationale-sensibilisierungskampagne-zur-passwortsicherheit\/#primaryimage"},"image":{"@id":"https:\/\/www.organisator.ch\/operational-excellence\/2023-05-01\/nationale-sensibilisierungskampagne-zur-passwortsicherheit\/#primaryimage"},"thumbnailUrl":"https:\/\/www.m-q.ch\/wp-content\/uploads\/2023\/05\/Nationale-Sensibilisierungskampagne-zur-Passwortsicherheit-_MQ.jpg","datePublished":"2023-05-01T14:50:14+00:00","dateModified":"2024-11-16T12:52:04+00:00","description":"Password forti: la campagna svizzera sensibilizza sulla sicurezza informatica e protegge dagli attacchi degli hacker.","breadcrumb":{"@id":"https:\/\/www.organisator.ch\/operational-excellence\/2023-05-01\/nationale-sensibilisierungskampagne-zur-passwortsicherheit\/#breadcrumb"},"inLanguage":"it-IT","potentialAction":[{"@type":"ReadAction","target":["https:\/\/www.organisator.ch\/operational-excellence\/2023-05-01\/nationale-sensibilisierungskampagne-zur-passwortsicherheit\/"]}]},{"@type":"ImageObject","inLanguage":"it-IT","@id":"https:\/\/www.organisator.ch\/operational-excellence\/2023-05-01\/nationale-sensibilisierungskampagne-zur-passwortsicherheit\/#primaryimage","url":"https:\/\/www.m-q.ch\/wp-content\/uploads\/2023\/05\/Nationale-Sensibilisierungskampagne-zur-Passwortsicherheit-_MQ.jpg","contentUrl":"https:\/\/www.m-q.ch\/wp-content\/uploads\/2023\/05\/Nationale-Sensibilisierungskampagne-zur-Passwortsicherheit-_MQ.jpg"},{"@type":"BreadcrumbList","@id":"https:\/\/www.organisator.ch\/operational-excellence\/2023-05-01\/nationale-sensibilisierungskampagne-zur-passwortsicherheit\/#breadcrumb","itemListElement":[{"@type":"ListItem","position":1,"name":"Home","item":"https:\/\/www.organisator.ch\/"},{"@type":"ListItem","position":2,"name":"Nationale Sensibilisierungskampagne zur Passwortsicherheit"}]},{"@type":"WebSite","@id":"https:\/\/www.organisator.ch\/#website","url":"https:\/\/www.organisator.ch\/","name":"Organizzatore","description":"Competente. Pratico. In 10 numeri all'anno, ORGANISATOR presenta i temi essenziali per i manager delle PMI.","publisher":{"@id":"https:\/\/www.organisator.ch\/#organization"},"potentialAction":[{"@type":"SearchAction","target":{"@type":"EntryPoint","urlTemplate":"https:\/\/www.organisator.ch\/?s={search_term_string}"},"query-input":{"@type":"PropertyValueSpecification","valueRequired":true,"valueName":"search_term_string"}}],"inLanguage":"it-IT"},{"@type":"Organization","@id":"https:\/\/www.organisator.ch\/#organization","name":"Organizzatore","url":"https:\/\/www.organisator.ch\/","logo":{"@type":"ImageObject","inLanguage":"it-IT","@id":"https:\/\/www.organisator.ch\/#\/schema\/logo\/image\/","url":"https:\/\/www.organisator.ch\/wp-content\/uploads\/2022\/01\/Logo_Organisator_Website.png","contentUrl":"https:\/\/www.organisator.ch\/wp-content\/uploads\/2022\/01\/Logo_Organisator_Website.png","width":800,"height":77,"caption":"Organisator"},"image":{"@id":"https:\/\/www.organisator.ch\/#\/schema\/logo\/image\/"},"sameAs":["https:\/\/www.facebook.com\/OrganisatorFachmagazin","https:\/\/www.linkedin.com\/showcase\/organisator-das-magazin-fr-kmu","https:\/\/www.xing.com\/news\/pages\/organisator-ch-695","https:\/\/www.youtube.com\/channel\/UCGP2Sq0iWaZwT3BdIAQFYpw"]},{"@type":"Person","@id":"https:\/\/www.organisator.ch\/#\/schema\/person\/4e51799071cd2dd1232ac003643ef5f0","name":"galledia","image":{"@type":"ImageObject","inLanguage":"it-IT","@id":"https:\/\/secure.gravatar.com\/avatar\/78a7f90c01fc2bfc875782a0d4922b37cde2cf184ce347b91316d23cd7f69a36?s=96&d=mm&r=g","url":"https:\/\/secure.gravatar.com\/avatar\/78a7f90c01fc2bfc875782a0d4922b37cde2cf184ce347b91316d23cd7f69a36?s=96&d=mm&r=g","contentUrl":"https:\/\/secure.gravatar.com\/avatar\/78a7f90c01fc2bfc875782a0d4922b37cde2cf184ce347b91316d23cd7f69a36?s=96&d=mm&r=g","caption":"galledia"},"sameAs":["https:\/\/x.com\/admin"],"url":"https:\/\/www.organisator.ch\/it\/author\/galledia\/"}]}},"_links":{"self":[{"href":"https:\/\/www.organisator.ch\/it\/wp-json\/wp\/v2\/posts\/19999","targetHints":{"allow":["GET"]}}],"collection":[{"href":"https:\/\/www.organisator.ch\/it\/wp-json\/wp\/v2\/posts"}],"about":[{"href":"https:\/\/www.organisator.ch\/it\/wp-json\/wp\/v2\/types\/post"}],"author":[{"embeddable":true,"href":"https:\/\/www.organisator.ch\/it\/wp-json\/wp\/v2\/users\/8"}],"replies":[{"embeddable":true,"href":"https:\/\/www.organisator.ch\/it\/wp-json\/wp\/v2\/comments?post=19999"}],"version-history":[{"count":4,"href":"https:\/\/www.organisator.ch\/it\/wp-json\/wp\/v2\/posts\/19999\/revisions"}],"predecessor-version":[{"id":33189,"href":"https:\/\/www.organisator.ch\/it\/wp-json\/wp\/v2\/posts\/19999\/revisions\/33189"}],"wp:attachment":[{"href":"https:\/\/www.organisator.ch\/it\/wp-json\/wp\/v2\/media?parent=19999"}],"wp:term":[{"taxonomy":"category","embeddable":true,"href":"https:\/\/www.organisator.ch\/it\/wp-json\/wp\/v2\/categories?post=19999"},{"taxonomy":"post_tag","embeddable":true,"href":"https:\/\/www.organisator.ch\/it\/wp-json\/wp\/v2\/tags?post=19999"}],"curies":[{"name":"wp","href":"https:\/\/api.w.org\/{rel}","templated":true}]}}