{"id":200,"date":"2016-01-28T14:28:33","date_gmt":"2016-01-28T13:28:33","guid":{"rendered":"https:\/\/dev.umweltperspektiven.ch\/?p=200"},"modified":"2022-02-09T11:10:15","modified_gmt":"2022-02-09T10:10:15","slug":"neue-strategie-nachhaltige-entwicklung-fuer-die-schweiz","status":"publish","type":"post","link":"https:\/\/www.organisator.ch\/it\/sustainability\/2016-01-28\/neue-strategie-nachhaltige-entwicklung-fuer-die-schweiz\/","title":{"rendered":"Nuova strategia di sviluppo sostenibile per la Svizzera"},"content":{"rendered":"<figure id=\"attachment_201\" aria-describedby=\"caption-attachment-201\" style=\"width: 680px\" class=\"wp-caption alignnone\"><a href=\"\/\/dev.umweltperspektiven.ch\/wp-content\/uploads\/2016\/12\/Neue-Strategie-Nachhaltige-Entwicklung-f\u00fcr-die-Schweiz-umweltperspektiven.jpg\"><img loading=\"lazy\" decoding=\"async\" class=\"size-medium wp-image-201\" src=\"\/\/dev.umweltperspektiven.ch\/wp-content\/uploads\/2016\/12\/Neue-Strategie-Nachhaltige-Entwicklung-f\u00fcr-die-Schweiz-umweltperspektiven.jpg\" alt=\"La nuova strategia di sviluppo sostenibile contiene per la prima volta una visione a lungo termine e obiettivi concreti per il 2030.\" width=\"680\" height=\"454\" \/><\/a><figcaption id=\"caption-attachment-201\" class=\"wp-caption-text\">La nuova strategia di sviluppo sostenibile contiene per la prima volta una visione a lungo termine e obiettivi concreti per il 2030.<\/figcaption><\/figure>\n<p>L'obiettivo della Strategia per lo sviluppo sostenibile (SDS) 2016-2019 \u00e8 quello di garantire una politica di sostenibilit\u00e0 coerente a livello federale. Oltre alle linee guida del Consiglio federale, la SSS contiene ora anche una visione a lungo termine e obiettivi concreti per il 2030. In questo modo, la SSS intende fornire ai responsabili politici di tutti e tre i livelli di governo, cos\u00ec come all'economia, alla societ\u00e0 civile e al mondo accademico, indicazioni sulla direzione in cui la Svizzera deve continuare a svilupparsi in settori importanti.<\/p>\n<p><strong>La Svizzera persegue i suoi obiettivi in una rete<\/strong><\/p>\n<p>Lo sviluppo sostenibile \u00e8 spesso un compito transfrontaliero che richiede un coordinamento tra gli stati. Questo vale, per esempio, per il riscaldamento globale o per gli effetti globali del nostro consumo. L'\"Agenda 2030 per lo sviluppo sostenibile\" globale e gli obiettivi di sviluppo sostenibile adottati dall'ONU hanno creato le condizioni necessarie per questo.<\/p>\n<p>L'\"Agenda 2030 per lo sviluppo sostenibile\" serve ad affrontare sfide come lo sradicamento della povert\u00e0 o la protezione dell'ambiente a livello globale. La strategia per lo sviluppo sostenibile li riprende, ponendo un nuovo accento sull'impegno internazionale della Svizzera e sul coordinamento tra la sua politica interna ed estera.<\/p>\n<p><strong>Un piano d'azione con un quadro di obiettivi a lungo termine<\/strong><\/p>\n<p>Il nucleo della SDS \u00e8 il piano d'azione. Questo \u00e8 diviso in nove campi d'azione tematici sulle aree politiche prioritarie dello sviluppo sostenibile. I campi d'azione comprendono, per esempio, la competitivit\u00e0 e la resilienza del sistema economico e finanziario svizzero, la conservazione delle risorse naturali, la sicurezza sociale, la coesione sociale e la parit\u00e0 di genere.<\/p>\n<p>I campi d'azione contengono ciascuno una visione a lungo termine, che si concretizza in obiettivi a medio termine. Gli obiettivi corrispondono alle priorit\u00e0 del Consiglio federale per lo sviluppo sostenibile della Svizzera fino al 2030 e il Consiglio federale ha gi\u00e0 preso in considerazione parti degli Obiettivi di sviluppo sostenibile. Le misure del piano d'azione descrivono le attivit\u00e0 di politica interna che il Consiglio federale intende attuare tra il 2016 e il 2019.<\/p>\n<p><strong>Stretta collaborazione durante l'implementazione<\/strong><\/p>\n<p>La politica di sviluppo sostenibile \u00e8 un processo a lungo termine che richiede la cooperazione tra tutti i livelli di governo e i partner dell'economia, della societ\u00e0 civile e della scienza. Per questo motivo, l'Ufficio federale dello sviluppo territoriale (ARE) ha coinvolto questi attori nel processo di rinnovamento della SDS nel quadro di un dialogo tra le parti interessate. I risultati di questo dialogo sono serviti come una delle basi della presente strategia. Anche la futura progettazione e l'attuazione dello sviluppo sostenibile saranno effettuate in stretta collaborazione con i cantoni, i comuni e gli altri attori. A questo scopo, per esempio, si cerca una maggiore cooperazione intercantonale nel campo della sostenibilit\u00e0.<\/p>\n<p>(ARE)<\/p>","protected":false},"excerpt":{"rendered":"<p>Ziel der Strategie Nachhaltige Entwicklung (SNE) 2016-2019 ist es, auf Bundesebene eine koh\u00e4rente Nachhaltigkeitspolitik sicherzustellen. Neben den Leitlinien des Bundesrats enth\u00e4lt sie neu auch eine langfristige Vision und konkrete Ziele f\u00fcr 2030. Damit soll die SNE f\u00fcr die Politik auf allen drei Staatsebenen, aber auch f\u00fcr die Wirtschaft, die Zivilgesellschaft und die Wissenschaft eine Orientierungshilfe [&hellip;]<\/p>\n","protected":false},"author":1,"featured_media":201,"comment_status":"open","ping_status":"open","sticky":false,"template":"","format":"standard","meta":{"_acf_changed":false,"_yoast_wpseo_focuskw":"Entwicklung","_yoast_wpseo_metadesc":"Der Bundesrat hat die \u00abStrategie Nachhaltige Entwicklung 2016-2019\u00bb verabschiedet. Die Strategie beinhaltet Visionen f\u00fcr eine nachhaltigere Schweiz.","articlekey":"","footnotes":""},"categories":[580],"tags":[644,100,1760,1787,458],"class_list":["post-200","post","type-post","status-publish","format-standard","has-post-thumbnail","hentry","category-sustainability","tag-644","tag-bundesrat","tag-nachhaltige-entwicklung","tag-nachhaltigkeit","tag-strategie"],"acf":[],"yoast_head":"<!-- This site is optimized with the Yoast SEO plugin v27.4 - https:\/\/yoast.com\/product\/yoast-seo-wordpress\/ -->\n<title>Neue Strategie Nachhaltige Entwicklung f\u00fcr die Schweiz - Organisator<\/title>\n<meta name=\"description\" content=\"Der Bundesrat hat die \u00abStrategie Nachhaltige Entwicklung 2016-2019\u00bb verabschiedet. Die Strategie beinhaltet Visionen f\u00fcr eine nachhaltigere Schweiz.\" \/>\n<meta name=\"robots\" content=\"index, follow, max-snippet:-1, max-image-preview:large, max-video-preview:-1\" \/>\n<link rel=\"canonical\" href=\"https:\/\/www.organisator.ch\/it\/sostenibilita\/2016-01-28\/neue-strategie-nachhaltige-entwicklung-fuer-die-schweiz\/\" \/>\n<meta property=\"og:locale\" content=\"it_IT\" \/>\n<meta property=\"og:type\" content=\"article\" \/>\n<meta property=\"og:title\" content=\"Neue Strategie Nachhaltige Entwicklung f\u00fcr die Schweiz - Organisator\" \/>\n<meta property=\"og:description\" content=\"Der Bundesrat hat die \u00abStrategie Nachhaltige Entwicklung 2016-2019\u00bb verabschiedet. Die Strategie beinhaltet Visionen f\u00fcr eine nachhaltigere Schweiz.\" \/>\n<meta property=\"og:url\" content=\"https:\/\/www.organisator.ch\/it\/sostenibilita\/2016-01-28\/neue-strategie-nachhaltige-entwicklung-fuer-die-schweiz\/\" \/>\n<meta property=\"og:site_name\" content=\"Organisator\" \/>\n<meta property=\"article:publisher\" content=\"https:\/\/www.facebook.com\/OrganisatorFachmagazin\" \/>\n<meta property=\"article:published_time\" content=\"2016-01-28T13:28:33+00:00\" \/>\n<meta property=\"article:modified_time\" content=\"2022-02-09T10:10:15+00:00\" \/>\n<meta property=\"og:image\" content=\"https:\/\/www.organisator.ch\/wp-content\/uploads\/2016\/12\/Neue-Strategie-Nachhaltige-Entwicklung-fuer-die-Schweiz-umweltperspektiven.jpg\" \/>\n\t<meta property=\"og:image:width\" content=\"1000\" \/>\n\t<meta property=\"og:image:height\" content=\"667\" \/>\n\t<meta property=\"og:image:type\" content=\"image\/jpeg\" \/>\n<meta name=\"author\" content=\"admin\" \/>\n<meta name=\"twitter:card\" content=\"summary_large_image\" \/>\n<script type=\"application\/ld+json\" class=\"yoast-schema-graph\">{\"@context\":\"https:\\\/\\\/schema.org\",\"@graph\":[{\"@type\":\"Article\",\"@id\":\"https:\\\/\\\/www.organisator.ch\\\/sustainability\\\/2016-01-28\\\/neue-strategie-nachhaltige-entwicklung-fuer-die-schweiz\\\/#article\",\"isPartOf\":{\"@id\":\"https:\\\/\\\/www.organisator.ch\\\/sustainability\\\/2016-01-28\\\/neue-strategie-nachhaltige-entwicklung-fuer-die-schweiz\\\/\"},\"author\":{\"name\":\"admin\",\"@id\":\"https:\\\/\\\/www.organisator.ch\\\/#\\\/schema\\\/person\\\/aa2bace6c5c5aad60102004a50c4eb1c\"},\"headline\":\"Neue Strategie Nachhaltige Entwicklung f\u00fcr die Schweiz\",\"datePublished\":\"2016-01-28T13:28:33+00:00\",\"dateModified\":\"2022-02-09T10:10:15+00:00\",\"mainEntityOfPage\":{\"@id\":\"https:\\\/\\\/www.organisator.ch\\\/sustainability\\\/2016-01-28\\\/neue-strategie-nachhaltige-entwicklung-fuer-die-schweiz\\\/\"},\"wordCount\":425,\"commentCount\":0,\"publisher\":{\"@id\":\"https:\\\/\\\/www.organisator.ch\\\/#organization\"},\"image\":{\"@id\":\"https:\\\/\\\/www.organisator.ch\\\/sustainability\\\/2016-01-28\\\/neue-strategie-nachhaltige-entwicklung-fuer-die-schweiz\\\/#primaryimage\"},\"thumbnailUrl\":\"https:\\\/\\\/www.organisator.ch\\\/wp-content\\\/uploads\\\/2016\\\/12\\\/Neue-Strategie-Nachhaltige-Entwicklung-fuer-die-Schweiz-umweltperspektiven.jpg\",\"keywords\":[\"2030\",\"Bundesrat\",\"nachhaltige Entwicklung\",\"Nachhaltigkeit\",\"Strategie\"],\"articleSection\":[\"SUSTAINABILITY\"],\"inLanguage\":\"it-IT\"},{\"@type\":\"WebPage\",\"@id\":\"https:\\\/\\\/www.organisator.ch\\\/sustainability\\\/2016-01-28\\\/neue-strategie-nachhaltige-entwicklung-fuer-die-schweiz\\\/\",\"url\":\"https:\\\/\\\/www.organisator.ch\\\/sustainability\\\/2016-01-28\\\/neue-strategie-nachhaltige-entwicklung-fuer-die-schweiz\\\/\",\"name\":\"Neue Strategie Nachhaltige Entwicklung f\u00fcr die Schweiz - Organisator\",\"isPartOf\":{\"@id\":\"https:\\\/\\\/www.organisator.ch\\\/#website\"},\"primaryImageOfPage\":{\"@id\":\"https:\\\/\\\/www.organisator.ch\\\/sustainability\\\/2016-01-28\\\/neue-strategie-nachhaltige-entwicklung-fuer-die-schweiz\\\/#primaryimage\"},\"image\":{\"@id\":\"https:\\\/\\\/www.organisator.ch\\\/sustainability\\\/2016-01-28\\\/neue-strategie-nachhaltige-entwicklung-fuer-die-schweiz\\\/#primaryimage\"},\"thumbnailUrl\":\"https:\\\/\\\/www.organisator.ch\\\/wp-content\\\/uploads\\\/2016\\\/12\\\/Neue-Strategie-Nachhaltige-Entwicklung-fuer-die-Schweiz-umweltperspektiven.jpg\",\"datePublished\":\"2016-01-28T13:28:33+00:00\",\"dateModified\":\"2022-02-09T10:10:15+00:00\",\"description\":\"Der Bundesrat hat die \u00abStrategie Nachhaltige Entwicklung 2016-2019\u00bb verabschiedet. Die Strategie beinhaltet Visionen f\u00fcr eine nachhaltigere Schweiz.\",\"breadcrumb\":{\"@id\":\"https:\\\/\\\/www.organisator.ch\\\/sustainability\\\/2016-01-28\\\/neue-strategie-nachhaltige-entwicklung-fuer-die-schweiz\\\/#breadcrumb\"},\"inLanguage\":\"it-IT\",\"potentialAction\":[{\"@type\":\"ReadAction\",\"target\":[\"https:\\\/\\\/www.organisator.ch\\\/sustainability\\\/2016-01-28\\\/neue-strategie-nachhaltige-entwicklung-fuer-die-schweiz\\\/\"]}]},{\"@type\":\"ImageObject\",\"inLanguage\":\"it-IT\",\"@id\":\"https:\\\/\\\/www.organisator.ch\\\/sustainability\\\/2016-01-28\\\/neue-strategie-nachhaltige-entwicklung-fuer-die-schweiz\\\/#primaryimage\",\"url\":\"https:\\\/\\\/www.organisator.ch\\\/wp-content\\\/uploads\\\/2016\\\/12\\\/Neue-Strategie-Nachhaltige-Entwicklung-fuer-die-Schweiz-umweltperspektiven.jpg\",\"contentUrl\":\"https:\\\/\\\/www.organisator.ch\\\/wp-content\\\/uploads\\\/2016\\\/12\\\/Neue-Strategie-Nachhaltige-Entwicklung-fuer-die-Schweiz-umweltperspektiven.jpg\",\"width\":1000,\"height\":667,\"caption\":\"Die neue Strategie Nachhaltige Entwicklung enth\u00e4lt erstmals eine langfristige Vision und konkrete Ziele f\u00fcr 2030.\"},{\"@type\":\"BreadcrumbList\",\"@id\":\"https:\\\/\\\/www.organisator.ch\\\/sustainability\\\/2016-01-28\\\/neue-strategie-nachhaltige-entwicklung-fuer-die-schweiz\\\/#breadcrumb\",\"itemListElement\":[{\"@type\":\"ListItem\",\"position\":1,\"name\":\"Home\",\"item\":\"https:\\\/\\\/www.organisator.ch\\\/\"},{\"@type\":\"ListItem\",\"position\":2,\"name\":\"Neue Strategie Nachhaltige Entwicklung f\u00fcr die Schweiz\"}]},{\"@type\":\"WebSite\",\"@id\":\"https:\\\/\\\/www.organisator.ch\\\/#website\",\"url\":\"https:\\\/\\\/www.organisator.ch\\\/\",\"name\":\"Organisator\",\"description\":\"Kompetent. Praxisnah. Der ORGANISATOR bereitet in 10 Ausgaben pro Jahr die wesentlichen Themen f\u00fcr F\u00fchrungskr\u00e4fte von KMU auf.\",\"publisher\":{\"@id\":\"https:\\\/\\\/www.organisator.ch\\\/#organization\"},\"potentialAction\":[{\"@type\":\"SearchAction\",\"target\":{\"@type\":\"EntryPoint\",\"urlTemplate\":\"https:\\\/\\\/www.organisator.ch\\\/?s={search_term_string}\"},\"query-input\":{\"@type\":\"PropertyValueSpecification\",\"valueRequired\":true,\"valueName\":\"search_term_string\"}}],\"inLanguage\":\"it-IT\"},{\"@type\":\"Organization\",\"@id\":\"https:\\\/\\\/www.organisator.ch\\\/#organization\",\"name\":\"Organisator\",\"url\":\"https:\\\/\\\/www.organisator.ch\\\/\",\"logo\":{\"@type\":\"ImageObject\",\"inLanguage\":\"it-IT\",\"@id\":\"https:\\\/\\\/www.organisator.ch\\\/#\\\/schema\\\/logo\\\/image\\\/\",\"url\":\"https:\\\/\\\/www.organisator.ch\\\/wp-content\\\/uploads\\\/2022\\\/01\\\/Logo_Organisator_Website.png\",\"contentUrl\":\"https:\\\/\\\/www.organisator.ch\\\/wp-content\\\/uploads\\\/2022\\\/01\\\/Logo_Organisator_Website.png\",\"width\":800,\"height\":77,\"caption\":\"Organisator\"},\"image\":{\"@id\":\"https:\\\/\\\/www.organisator.ch\\\/#\\\/schema\\\/logo\\\/image\\\/\"},\"sameAs\":[\"https:\\\/\\\/www.facebook.com\\\/OrganisatorFachmagazin\",\"https:\\\/\\\/www.linkedin.com\\\/showcase\\\/organisator-das-magazin-fr-kmu\",\"https:\\\/\\\/www.xing.com\\\/news\\\/pages\\\/organisator-ch-695\",\"https:\\\/\\\/www.youtube.com\\\/channel\\\/UCGP2Sq0iWaZwT3BdIAQFYpw\"]},{\"@type\":\"Person\",\"@id\":\"https:\\\/\\\/www.organisator.ch\\\/#\\\/schema\\\/person\\\/aa2bace6c5c5aad60102004a50c4eb1c\",\"name\":\"admin\",\"image\":{\"@type\":\"ImageObject\",\"inLanguage\":\"it-IT\",\"@id\":\"https:\\\/\\\/secure.gravatar.com\\\/avatar\\\/ae2f4d718e6c49043e314ce431e7e645d646302a24a5ef5a8bc8e3f5a032e319?s=96&d=mm&r=g\",\"url\":\"https:\\\/\\\/secure.gravatar.com\\\/avatar\\\/ae2f4d718e6c49043e314ce431e7e645d646302a24a5ef5a8bc8e3f5a032e319?s=96&d=mm&r=g\",\"contentUrl\":\"https:\\\/\\\/secure.gravatar.com\\\/avatar\\\/ae2f4d718e6c49043e314ce431e7e645d646302a24a5ef5a8bc8e3f5a032e319?s=96&d=mm&r=g\",\"caption\":\"admin\"},\"sameAs\":[\"https:\\\/\\\/www.organisator.ch\"],\"url\":\"https:\\\/\\\/www.organisator.ch\\\/it\\\/author\\\/admin\\\/\"}]}<\/script>\n<!-- \/ Yoast SEO plugin. -->","yoast_head_json":{"title":"Nuova strategia di sviluppo sostenibile per la Svizzera - Organizzatore","description":"Il Consiglio federale ha adottato la \"Strategia per lo sviluppo sostenibile 2016-2019\". La strategia contiene visioni per una Svizzera pi\u00f9 sostenibile.","robots":{"index":"index","follow":"follow","max-snippet":"max-snippet:-1","max-image-preview":"max-image-preview:large","max-video-preview":"max-video-preview:-1"},"canonical":"https:\/\/www.organisator.ch\/it\/sostenibilita\/2016-01-28\/neue-strategie-nachhaltige-entwicklung-fuer-die-schweiz\/","og_locale":"it_IT","og_type":"article","og_title":"Neue Strategie Nachhaltige Entwicklung f\u00fcr die Schweiz - Organisator","og_description":"Der Bundesrat hat die \u00abStrategie Nachhaltige Entwicklung 2016-2019\u00bb verabschiedet. Die Strategie beinhaltet Visionen f\u00fcr eine nachhaltigere Schweiz.","og_url":"https:\/\/www.organisator.ch\/it\/sostenibilita\/2016-01-28\/neue-strategie-nachhaltige-entwicklung-fuer-die-schweiz\/","og_site_name":"Organisator","article_publisher":"https:\/\/www.facebook.com\/OrganisatorFachmagazin","article_published_time":"2016-01-28T13:28:33+00:00","article_modified_time":"2022-02-09T10:10:15+00:00","og_image":[{"width":1000,"height":667,"url":"https:\/\/www.organisator.ch\/wp-content\/uploads\/2016\/12\/Neue-Strategie-Nachhaltige-Entwicklung-fuer-die-Schweiz-umweltperspektiven.jpg","type":"image\/jpeg"}],"author":"admin","twitter_card":"summary_large_image","schema":{"@context":"https:\/\/schema.org","@graph":[{"@type":"Article","@id":"https:\/\/www.organisator.ch\/sustainability\/2016-01-28\/neue-strategie-nachhaltige-entwicklung-fuer-die-schweiz\/#article","isPartOf":{"@id":"https:\/\/www.organisator.ch\/sustainability\/2016-01-28\/neue-strategie-nachhaltige-entwicklung-fuer-die-schweiz\/"},"author":{"name":"admin","@id":"https:\/\/www.organisator.ch\/#\/schema\/person\/aa2bace6c5c5aad60102004a50c4eb1c"},"headline":"Neue Strategie Nachhaltige Entwicklung f\u00fcr die Schweiz","datePublished":"2016-01-28T13:28:33+00:00","dateModified":"2022-02-09T10:10:15+00:00","mainEntityOfPage":{"@id":"https:\/\/www.organisator.ch\/sustainability\/2016-01-28\/neue-strategie-nachhaltige-entwicklung-fuer-die-schweiz\/"},"wordCount":425,"commentCount":0,"publisher":{"@id":"https:\/\/www.organisator.ch\/#organization"},"image":{"@id":"https:\/\/www.organisator.ch\/sustainability\/2016-01-28\/neue-strategie-nachhaltige-entwicklung-fuer-die-schweiz\/#primaryimage"},"thumbnailUrl":"https:\/\/www.organisator.ch\/wp-content\/uploads\/2016\/12\/Neue-Strategie-Nachhaltige-Entwicklung-fuer-die-Schweiz-umweltperspektiven.jpg","keywords":["2030","Bundesrat","nachhaltige Entwicklung","Nachhaltigkeit","Strategie"],"articleSection":["SUSTAINABILITY"],"inLanguage":"it-IT"},{"@type":"WebPage","@id":"https:\/\/www.organisator.ch\/sustainability\/2016-01-28\/neue-strategie-nachhaltige-entwicklung-fuer-die-schweiz\/","url":"https:\/\/www.organisator.ch\/sustainability\/2016-01-28\/neue-strategie-nachhaltige-entwicklung-fuer-die-schweiz\/","name":"Nuova strategia di sviluppo sostenibile per la Svizzera - Organizzatore","isPartOf":{"@id":"https:\/\/www.organisator.ch\/#website"},"primaryImageOfPage":{"@id":"https:\/\/www.organisator.ch\/sustainability\/2016-01-28\/neue-strategie-nachhaltige-entwicklung-fuer-die-schweiz\/#primaryimage"},"image":{"@id":"https:\/\/www.organisator.ch\/sustainability\/2016-01-28\/neue-strategie-nachhaltige-entwicklung-fuer-die-schweiz\/#primaryimage"},"thumbnailUrl":"https:\/\/www.organisator.ch\/wp-content\/uploads\/2016\/12\/Neue-Strategie-Nachhaltige-Entwicklung-fuer-die-Schweiz-umweltperspektiven.jpg","datePublished":"2016-01-28T13:28:33+00:00","dateModified":"2022-02-09T10:10:15+00:00","description":"Il Consiglio federale ha adottato la \"Strategia per lo sviluppo sostenibile 2016-2019\". La strategia contiene visioni per una Svizzera pi\u00f9 sostenibile.","breadcrumb":{"@id":"https:\/\/www.organisator.ch\/sustainability\/2016-01-28\/neue-strategie-nachhaltige-entwicklung-fuer-die-schweiz\/#breadcrumb"},"inLanguage":"it-IT","potentialAction":[{"@type":"ReadAction","target":["https:\/\/www.organisator.ch\/sustainability\/2016-01-28\/neue-strategie-nachhaltige-entwicklung-fuer-die-schweiz\/"]}]},{"@type":"ImageObject","inLanguage":"it-IT","@id":"https:\/\/www.organisator.ch\/sustainability\/2016-01-28\/neue-strategie-nachhaltige-entwicklung-fuer-die-schweiz\/#primaryimage","url":"https:\/\/www.organisator.ch\/wp-content\/uploads\/2016\/12\/Neue-Strategie-Nachhaltige-Entwicklung-fuer-die-Schweiz-umweltperspektiven.jpg","contentUrl":"https:\/\/www.organisator.ch\/wp-content\/uploads\/2016\/12\/Neue-Strategie-Nachhaltige-Entwicklung-fuer-die-Schweiz-umweltperspektiven.jpg","width":1000,"height":667,"caption":"Die neue Strategie Nachhaltige Entwicklung enth\u00e4lt erstmals eine langfristige Vision und konkrete Ziele f\u00fcr 2030."},{"@type":"BreadcrumbList","@id":"https:\/\/www.organisator.ch\/sustainability\/2016-01-28\/neue-strategie-nachhaltige-entwicklung-fuer-die-schweiz\/#breadcrumb","itemListElement":[{"@type":"ListItem","position":1,"name":"Home","item":"https:\/\/www.organisator.ch\/"},{"@type":"ListItem","position":2,"name":"Neue Strategie Nachhaltige Entwicklung f\u00fcr die Schweiz"}]},{"@type":"WebSite","@id":"https:\/\/www.organisator.ch\/#website","url":"https:\/\/www.organisator.ch\/","name":"Organizzatore","description":"Competente. Pratico. In 10 numeri all'anno, ORGANISATOR presenta i temi essenziali per i manager delle PMI.","publisher":{"@id":"https:\/\/www.organisator.ch\/#organization"},"potentialAction":[{"@type":"SearchAction","target":{"@type":"EntryPoint","urlTemplate":"https:\/\/www.organisator.ch\/?s={search_term_string}"},"query-input":{"@type":"PropertyValueSpecification","valueRequired":true,"valueName":"search_term_string"}}],"inLanguage":"it-IT"},{"@type":"Organization","@id":"https:\/\/www.organisator.ch\/#organization","name":"Organizzatore","url":"https:\/\/www.organisator.ch\/","logo":{"@type":"ImageObject","inLanguage":"it-IT","@id":"https:\/\/www.organisator.ch\/#\/schema\/logo\/image\/","url":"https:\/\/www.organisator.ch\/wp-content\/uploads\/2022\/01\/Logo_Organisator_Website.png","contentUrl":"https:\/\/www.organisator.ch\/wp-content\/uploads\/2022\/01\/Logo_Organisator_Website.png","width":800,"height":77,"caption":"Organisator"},"image":{"@id":"https:\/\/www.organisator.ch\/#\/schema\/logo\/image\/"},"sameAs":["https:\/\/www.facebook.com\/OrganisatorFachmagazin","https:\/\/www.linkedin.com\/showcase\/organisator-das-magazin-fr-kmu","https:\/\/www.xing.com\/news\/pages\/organisator-ch-695","https:\/\/www.youtube.com\/channel\/UCGP2Sq0iWaZwT3BdIAQFYpw"]},{"@type":"Person","@id":"https:\/\/www.organisator.ch\/#\/schema\/person\/aa2bace6c5c5aad60102004a50c4eb1c","name":"amministratore","image":{"@type":"ImageObject","inLanguage":"it-IT","@id":"https:\/\/secure.gravatar.com\/avatar\/ae2f4d718e6c49043e314ce431e7e645d646302a24a5ef5a8bc8e3f5a032e319?s=96&d=mm&r=g","url":"https:\/\/secure.gravatar.com\/avatar\/ae2f4d718e6c49043e314ce431e7e645d646302a24a5ef5a8bc8e3f5a032e319?s=96&d=mm&r=g","contentUrl":"https:\/\/secure.gravatar.com\/avatar\/ae2f4d718e6c49043e314ce431e7e645d646302a24a5ef5a8bc8e3f5a032e319?s=96&d=mm&r=g","caption":"admin"},"sameAs":["https:\/\/www.organisator.ch"],"url":"https:\/\/www.organisator.ch\/it\/author\/admin\/"}]}},"_links":{"self":[{"href":"https:\/\/www.organisator.ch\/it\/wp-json\/wp\/v2\/posts\/200","targetHints":{"allow":["GET"]}}],"collection":[{"href":"https:\/\/www.organisator.ch\/it\/wp-json\/wp\/v2\/posts"}],"about":[{"href":"https:\/\/www.organisator.ch\/it\/wp-json\/wp\/v2\/types\/post"}],"author":[{"embeddable":true,"href":"https:\/\/www.organisator.ch\/it\/wp-json\/wp\/v2\/users\/1"}],"replies":[{"embeddable":true,"href":"https:\/\/www.organisator.ch\/it\/wp-json\/wp\/v2\/comments?post=200"}],"version-history":[{"count":1,"href":"https:\/\/www.organisator.ch\/it\/wp-json\/wp\/v2\/posts\/200\/revisions"}],"predecessor-version":[{"id":10971,"href":"https:\/\/www.organisator.ch\/it\/wp-json\/wp\/v2\/posts\/200\/revisions\/10971"}],"wp:featuredmedia":[{"embeddable":true,"href":"https:\/\/www.organisator.ch\/it\/wp-json\/wp\/v2\/media\/201"}],"wp:attachment":[{"href":"https:\/\/www.organisator.ch\/it\/wp-json\/wp\/v2\/media?parent=200"}],"wp:term":[{"taxonomy":"category","embeddable":true,"href":"https:\/\/www.organisator.ch\/it\/wp-json\/wp\/v2\/categories?post=200"},{"taxonomy":"post_tag","embeddable":true,"href":"https:\/\/www.organisator.ch\/it\/wp-json\/wp\/v2\/tags?post=200"}],"curies":[{"name":"wp","href":"https:\/\/api.w.org\/{rel}","templated":true}]}}