{"id":20006,"date":"2023-05-02T07:33:02","date_gmt":"2023-05-02T05:33:02","guid":{"rendered":"https:\/\/www.organisator.ch\/?p=20006"},"modified":"2023-05-02T07:33:02","modified_gmt":"2023-05-02T05:33:02","slug":"daniel-schwander-verstaerkt-die-continuum-ag","status":"publish","type":"post","link":"https:\/\/www.organisator.ch\/it\/management\/2023-05-02\/daniel-schwander-verstaerkt-die-continuum-ag\/","title":{"rendered":"Daniel Schwander entra in Continuum AG"},"content":{"rendered":"<figure id=\"attachment_20007\" aria-describedby=\"caption-attachment-20007\" style=\"width: 680px\" class=\"wp-caption alignnone\"><img loading=\"lazy\" decoding=\"async\" class=\"size-full wp-image-20007\" src=\"https:\/\/www.organisator.ch\/wp-content\/uploads\/2023\/05\/Daniel-Schwander-verstaerkt-die-Continuum-AG_Organisator.jpg\" alt=\"\" width=\"680\" height=\"431\" srcset=\"https:\/\/www.organisator.ch\/wp-content\/uploads\/2023\/05\/Daniel-Schwander-verstaerkt-die-Continuum-AG_Organisator.jpg 680w, https:\/\/www.organisator.ch\/wp-content\/uploads\/2023\/05\/Daniel-Schwander-verstaerkt-die-Continuum-AG_Organisator-18x12.jpg 18w, https:\/\/www.organisator.ch\/wp-content\/uploads\/2023\/05\/Daniel-Schwander-verstaerkt-die-Continuum-AG_Organisator-375x238.jpg 375w, https:\/\/www.organisator.ch\/wp-content\/uploads\/2023\/05\/Daniel-Schwander-verstaerkt-die-Continuum-AG_Organisator-552x350.jpg 552w\" sizes=\"auto, (max-width: 680px) 100vw, 680px\" \/><figcaption id=\"caption-attachment-20007\" class=\"wp-caption-text\">Daniel Schwander: nel team di Continuum AG dal 1\u00b0 maggio 2023. (Immagine: PD)<\/figcaption><\/figure>\n<p>A partire da maggio 2023, Daniel Schwander entrer\u00e0 a far parte del team come partner e membro del Consiglio di amministrazione, fornendo i propri servizi a imprese familiari e famiglie imprenditoriali in tutta la Svizzera e nella Germania meridionale.<\/p>\n<h3>Incontrare le aziende all'altezza degli occhi<\/h3>\n<p>Daniel Schwander \u00e8 un economista aziendale che ha conseguito un Executive MBA e ha completato la formazione come Dipl. Controller FH. Ha pi\u00f9 di 30 anni di esperienza approfondita nel settore finanziario e privato. Grazie alla sua pluriennale esperienza manageriale, anche in unit\u00e0 organizzative di grandi dimensioni, incontrer\u00e0 gli imprenditori ad altezza d'uomo. Di recente \u00e8 stato per cinque anni a capo di BG OST-S\u00dcD, che ha svolto un ruolo di primo piano nel difficile periodo di COVID a favore del mondo delle PMI. \u00c8 in questo ruolo che Daniel Schwander ha stretto rapporti con imprenditori familiari e rappresentanti di famiglie imprenditoriali, sia a livello strategico che operativo.<\/p>\n<p>Essendo una personalit\u00e0 con una mentalit\u00e0 imprenditoriale, \u00e8 perfettamente in grado di affrontare situazioni e problematiche complesse legate al cambio generazionale, ma riconosce anche gli ostacoli emotivi e le dinamiche di un'azienda familiare. Grazie al suo lavoro di successo nelle banche, ha anche una conoscenza pratica dei processi di M&amp;A e delle strategie di vendita. Oltre allo sviluppo di strategie di successione, si concentra sulla risoluzione dei conflitti tra membri della famiglia e\/o partner commerciali e accompagna questi processi.<\/p>\n<h3>Anniversario dei 20 anni<\/h3>\n<p>Continuum AG offre consulenza e supporto alle piccole, medie e grandi imprese familiari nel loro sviluppo a lungo termine e aiuta le famiglie imprenditoriali a risolvere le numerose sfide del processo di successione. Quest'anno l'azienda festeggia il suo 20\u00b0 anniversario. Rolf Brunner, che in qualit\u00e0 di socio amministratore ha accompagnato per oltre vent'anni le aziende familiari e le famiglie imprenditoriali nei processi di sviluppo e di successione e vanta oltre 40 anni di esperienza nella gestione generazionale, \u00e8 soddisfatto insieme al suo team e all'intero consiglio di amministrazione, guidato da Hanspeter Th\u00fcr, del rafforzamento: \"Il campo di competenza di Continuum, gi\u00e0 ampio e anch'esso collaudato, sar\u00e0 ampliato in modo significativo e completato in modo ideale da Daniel.\"<\/p>\n<p><em>Fonte: <a href=\"http:\/\/www.continuum.ch\">Continuum AG<\/a><\/em><\/p>","protected":false},"excerpt":{"rendered":"<p>Daniel Schwander entra a far parte del team di Continuum a partire dal 1\u00b0 maggio 2023. L'azienda \u00e8 specializzata in processi di successione e nell'ulteriore sviluppo di aziende a conduzione familiare.<\/p>","protected":false},"author":4,"featured_media":20007,"comment_status":"closed","ping_status":"closed","sticky":false,"template":"","format":"standard","meta":{"_acf_changed":false,"_yoast_wpseo_focuskw":"Daniel Schwander","_yoast_wpseo_metadesc":"Daniel Schwander verst\u00e4rkt das Team der Continuum AG ab 1. Mai 2023. Das Unternehmen ist spezialisiert auf Nachfolgeprozesse.","articlekey":"","footnotes":""},"categories":[28],"tags":[335,3749,381],"class_list":["post-20006","post","type-post","status-publish","format-standard","has-post-thumbnail","hentry","category-management","tag-management-und-unternehmensfuehrung","tag-nachfolgeprozesse","tag-personalia"],"acf":[],"yoast_head":"<!-- This site is optimized with the Yoast SEO plugin v27.5 - https:\/\/yoast.com\/product\/yoast-seo-wordpress\/ -->\n<title>Daniel Schwander verst\u00e4rkt die Continuum AG - Organisator<\/title>\n<meta name=\"description\" content=\"Daniel Schwander verst\u00e4rkt das Team der Continuum AG ab 1. Mai 2023. Das Unternehmen ist spezialisiert auf Nachfolgeprozesse.\" \/>\n<meta name=\"robots\" content=\"index, follow, max-snippet:-1, max-image-preview:large, max-video-preview:-1\" \/>\n<link rel=\"canonical\" href=\"https:\/\/www.organisator.ch\/it\/gestione-2\/2023-05-02\/daniel-schwander-verstaerkt-die-continuum-ag\/\" \/>\n<meta property=\"og:locale\" content=\"it_IT\" \/>\n<meta property=\"og:type\" content=\"article\" \/>\n<meta property=\"og:title\" content=\"Daniel Schwander verst\u00e4rkt die Continuum AG\" \/>\n<meta property=\"og:description\" content=\"Daniel Schwander verst\u00e4rkt das Team der Continuum AG ab 1. Mai 2023. Das Unternehmen ist spezialisiert auf Nachfolgeprozesse.\" \/>\n<meta property=\"og:url\" content=\"https:\/\/www.organisator.ch\/it\/gestione-2\/2023-05-02\/daniel-schwander-verstaerkt-die-continuum-ag\/\" \/>\n<meta property=\"og:site_name\" content=\"Organisator\" \/>\n<meta property=\"article:publisher\" content=\"https:\/\/www.facebook.com\/OrganisatorFachmagazin\" \/>\n<meta property=\"article:published_time\" content=\"2023-05-02T05:33:02+00:00\" \/>\n<meta property=\"og:image\" content=\"https:\/\/www.organisator.ch\/wp-content\/uploads\/2023\/05\/Daniel-Schwander-verstaerkt-die-Continuum-AG_Organisator.jpg\" \/>\n\t<meta property=\"og:image:width\" content=\"680\" \/>\n\t<meta property=\"og:image:height\" content=\"431\" \/>\n\t<meta property=\"og:image:type\" content=\"image\/jpeg\" \/>\n<meta name=\"author\" content=\"thomas.berner\" \/>\n<meta name=\"twitter:card\" content=\"summary_large_image\" \/>\n<meta name=\"twitter:title\" content=\"Daniel #Schwander verst\u00e4rkt die #Continuum AG\" \/>\n<meta name=\"twitter:description\" content=\"Daniel #Schwander verst\u00e4rkt das Team der #Continuum AG ab 1. Mai 2023. Das Unternehmen ist spezialisiert auf #Nachfolgeprozesse.\" \/>\n<meta name=\"twitter:image\" content=\"https:\/\/www.organisator.ch\/wp-content\/uploads\/2023\/05\/Daniel-Schwander-verstaerkt-die-Continuum-AG_Organisator.jpg\" \/>\n<script type=\"application\/ld+json\" class=\"yoast-schema-graph\">{\"@context\":\"https:\\\/\\\/schema.org\",\"@graph\":[{\"@type\":\"Article\",\"@id\":\"https:\\\/\\\/www.organisator.ch\\\/management\\\/2023-05-02\\\/daniel-schwander-verstaerkt-die-continuum-ag\\\/#article\",\"isPartOf\":{\"@id\":\"https:\\\/\\\/www.organisator.ch\\\/management\\\/2023-05-02\\\/daniel-schwander-verstaerkt-die-continuum-ag\\\/\"},\"author\":{\"name\":\"thomas.berner\",\"@id\":\"https:\\\/\\\/www.organisator.ch\\\/#\\\/schema\\\/person\\\/6f650f90b2842cd4c0cc334b4e36f67e\"},\"headline\":\"Daniel Schwander verst\u00e4rkt die Continuum AG\",\"datePublished\":\"2023-05-02T05:33:02+00:00\",\"mainEntityOfPage\":{\"@id\":\"https:\\\/\\\/www.organisator.ch\\\/management\\\/2023-05-02\\\/daniel-schwander-verstaerkt-die-continuum-ag\\\/\"},\"wordCount\":361,\"publisher\":{\"@id\":\"https:\\\/\\\/www.organisator.ch\\\/#organization\"},\"image\":{\"@id\":\"https:\\\/\\\/www.organisator.ch\\\/management\\\/2023-05-02\\\/daniel-schwander-verstaerkt-die-continuum-ag\\\/#primaryimage\"},\"thumbnailUrl\":\"https:\\\/\\\/www.organisator.ch\\\/wp-content\\\/uploads\\\/2023\\\/05\\\/Daniel-Schwander-verstaerkt-die-Continuum-AG_Organisator.jpg\",\"keywords\":[\"Management und Unternehmensf\u00fchrung\",\"Nachfolgeprozesse\",\"Personalia\"],\"articleSection\":[\"MANAGEMENT\"],\"inLanguage\":\"it-IT\"},{\"@type\":\"WebPage\",\"@id\":\"https:\\\/\\\/www.organisator.ch\\\/management\\\/2023-05-02\\\/daniel-schwander-verstaerkt-die-continuum-ag\\\/\",\"url\":\"https:\\\/\\\/www.organisator.ch\\\/management\\\/2023-05-02\\\/daniel-schwander-verstaerkt-die-continuum-ag\\\/\",\"name\":\"Daniel Schwander verst\u00e4rkt die Continuum AG - Organisator\",\"isPartOf\":{\"@id\":\"https:\\\/\\\/www.organisator.ch\\\/#website\"},\"primaryImageOfPage\":{\"@id\":\"https:\\\/\\\/www.organisator.ch\\\/management\\\/2023-05-02\\\/daniel-schwander-verstaerkt-die-continuum-ag\\\/#primaryimage\"},\"image\":{\"@id\":\"https:\\\/\\\/www.organisator.ch\\\/management\\\/2023-05-02\\\/daniel-schwander-verstaerkt-die-continuum-ag\\\/#primaryimage\"},\"thumbnailUrl\":\"https:\\\/\\\/www.organisator.ch\\\/wp-content\\\/uploads\\\/2023\\\/05\\\/Daniel-Schwander-verstaerkt-die-Continuum-AG_Organisator.jpg\",\"datePublished\":\"2023-05-02T05:33:02+00:00\",\"description\":\"Daniel Schwander verst\u00e4rkt das Team der Continuum AG ab 1. Mai 2023. Das Unternehmen ist spezialisiert auf Nachfolgeprozesse.\",\"breadcrumb\":{\"@id\":\"https:\\\/\\\/www.organisator.ch\\\/management\\\/2023-05-02\\\/daniel-schwander-verstaerkt-die-continuum-ag\\\/#breadcrumb\"},\"inLanguage\":\"it-IT\",\"potentialAction\":[{\"@type\":\"ReadAction\",\"target\":[\"https:\\\/\\\/www.organisator.ch\\\/management\\\/2023-05-02\\\/daniel-schwander-verstaerkt-die-continuum-ag\\\/\"]}]},{\"@type\":\"ImageObject\",\"inLanguage\":\"it-IT\",\"@id\":\"https:\\\/\\\/www.organisator.ch\\\/management\\\/2023-05-02\\\/daniel-schwander-verstaerkt-die-continuum-ag\\\/#primaryimage\",\"url\":\"https:\\\/\\\/www.organisator.ch\\\/wp-content\\\/uploads\\\/2023\\\/05\\\/Daniel-Schwander-verstaerkt-die-Continuum-AG_Organisator.jpg\",\"contentUrl\":\"https:\\\/\\\/www.organisator.ch\\\/wp-content\\\/uploads\\\/2023\\\/05\\\/Daniel-Schwander-verstaerkt-die-Continuum-AG_Organisator.jpg\",\"width\":680,\"height\":431,\"caption\":\"Daniel Schwander: Seit 1. Mai 2023 im Team der Continuum AG. (Bild: PD)\"},{\"@type\":\"BreadcrumbList\",\"@id\":\"https:\\\/\\\/www.organisator.ch\\\/management\\\/2023-05-02\\\/daniel-schwander-verstaerkt-die-continuum-ag\\\/#breadcrumb\",\"itemListElement\":[{\"@type\":\"ListItem\",\"position\":1,\"name\":\"Home\",\"item\":\"https:\\\/\\\/www.organisator.ch\\\/\"},{\"@type\":\"ListItem\",\"position\":2,\"name\":\"Daniel Schwander verst\u00e4rkt die Continuum AG\"}]},{\"@type\":\"WebSite\",\"@id\":\"https:\\\/\\\/www.organisator.ch\\\/#website\",\"url\":\"https:\\\/\\\/www.organisator.ch\\\/\",\"name\":\"Organisator\",\"description\":\"Kompetent. Praxisnah. Der ORGANISATOR bereitet in 10 Ausgaben pro Jahr die wesentlichen Themen f\u00fcr F\u00fchrungskr\u00e4fte von KMU auf.\",\"publisher\":{\"@id\":\"https:\\\/\\\/www.organisator.ch\\\/#organization\"},\"potentialAction\":[{\"@type\":\"SearchAction\",\"target\":{\"@type\":\"EntryPoint\",\"urlTemplate\":\"https:\\\/\\\/www.organisator.ch\\\/?s={search_term_string}\"},\"query-input\":{\"@type\":\"PropertyValueSpecification\",\"valueRequired\":true,\"valueName\":\"search_term_string\"}}],\"inLanguage\":\"it-IT\"},{\"@type\":\"Organization\",\"@id\":\"https:\\\/\\\/www.organisator.ch\\\/#organization\",\"name\":\"Organisator\",\"url\":\"https:\\\/\\\/www.organisator.ch\\\/\",\"logo\":{\"@type\":\"ImageObject\",\"inLanguage\":\"it-IT\",\"@id\":\"https:\\\/\\\/www.organisator.ch\\\/#\\\/schema\\\/logo\\\/image\\\/\",\"url\":\"https:\\\/\\\/www.organisator.ch\\\/wp-content\\\/uploads\\\/2022\\\/01\\\/Logo_Organisator_Website.png\",\"contentUrl\":\"https:\\\/\\\/www.organisator.ch\\\/wp-content\\\/uploads\\\/2022\\\/01\\\/Logo_Organisator_Website.png\",\"width\":800,\"height\":77,\"caption\":\"Organisator\"},\"image\":{\"@id\":\"https:\\\/\\\/www.organisator.ch\\\/#\\\/schema\\\/logo\\\/image\\\/\"},\"sameAs\":[\"https:\\\/\\\/www.facebook.com\\\/OrganisatorFachmagazin\",\"https:\\\/\\\/www.linkedin.com\\\/showcase\\\/organisator-das-magazin-fr-kmu\",\"https:\\\/\\\/www.xing.com\\\/news\\\/pages\\\/organisator-ch-695\",\"https:\\\/\\\/www.youtube.com\\\/channel\\\/UCGP2Sq0iWaZwT3BdIAQFYpw\"]},{\"@type\":\"Person\",\"@id\":\"https:\\\/\\\/www.organisator.ch\\\/#\\\/schema\\\/person\\\/6f650f90b2842cd4c0cc334b4e36f67e\",\"name\":\"thomas.berner\",\"image\":{\"@type\":\"ImageObject\",\"inLanguage\":\"it-IT\",\"@id\":\"https:\\\/\\\/secure.gravatar.com\\\/avatar\\\/ac5001d2a36cb6c6cd3e50789007ffca834b477b74a2144564522e944eabff61?s=96&d=mm&r=g\",\"url\":\"https:\\\/\\\/secure.gravatar.com\\\/avatar\\\/ac5001d2a36cb6c6cd3e50789007ffca834b477b74a2144564522e944eabff61?s=96&d=mm&r=g\",\"contentUrl\":\"https:\\\/\\\/secure.gravatar.com\\\/avatar\\\/ac5001d2a36cb6c6cd3e50789007ffca834b477b74a2144564522e944eabff61?s=96&d=mm&r=g\",\"caption\":\"thomas.berner\"},\"url\":\"https:\\\/\\\/www.organisator.ch\\\/it\\\/author\\\/thomas-berner\\\/\"}]}<\/script>\n<!-- \/ Yoast SEO plugin. -->","yoast_head_json":{"title":"Daniel Schwander entra in Continuum AG - Organizzatore","description":"Daniel Schwander entra a far parte del team di Continuum AG a partire dal 1\u00b0 maggio 2023. L'azienda \u00e8 specializzata in processi di successione.","robots":{"index":"index","follow":"follow","max-snippet":"max-snippet:-1","max-image-preview":"max-image-preview:large","max-video-preview":"max-video-preview:-1"},"canonical":"https:\/\/www.organisator.ch\/it\/gestione-2\/2023-05-02\/daniel-schwander-verstaerkt-die-continuum-ag\/","og_locale":"it_IT","og_type":"article","og_title":"Daniel Schwander verst\u00e4rkt die Continuum AG","og_description":"Daniel Schwander verst\u00e4rkt das Team der Continuum AG ab 1. Mai 2023. Das Unternehmen ist spezialisiert auf Nachfolgeprozesse.","og_url":"https:\/\/www.organisator.ch\/it\/gestione-2\/2023-05-02\/daniel-schwander-verstaerkt-die-continuum-ag\/","og_site_name":"Organisator","article_publisher":"https:\/\/www.facebook.com\/OrganisatorFachmagazin","article_published_time":"2023-05-02T05:33:02+00:00","og_image":[{"width":680,"height":431,"url":"https:\/\/www.organisator.ch\/wp-content\/uploads\/2023\/05\/Daniel-Schwander-verstaerkt-die-Continuum-AG_Organisator.jpg","type":"image\/jpeg"}],"author":"thomas.berner","twitter_card":"summary_large_image","twitter_title":"Daniel #Schwander verst\u00e4rkt die #Continuum AG","twitter_description":"Daniel #Schwander verst\u00e4rkt das Team der #Continuum AG ab 1. Mai 2023. Das Unternehmen ist spezialisiert auf #Nachfolgeprozesse.","twitter_image":"https:\/\/www.organisator.ch\/wp-content\/uploads\/2023\/05\/Daniel-Schwander-verstaerkt-die-Continuum-AG_Organisator.jpg","schema":{"@context":"https:\/\/schema.org","@graph":[{"@type":"Article","@id":"https:\/\/www.organisator.ch\/management\/2023-05-02\/daniel-schwander-verstaerkt-die-continuum-ag\/#article","isPartOf":{"@id":"https:\/\/www.organisator.ch\/management\/2023-05-02\/daniel-schwander-verstaerkt-die-continuum-ag\/"},"author":{"name":"thomas.berner","@id":"https:\/\/www.organisator.ch\/#\/schema\/person\/6f650f90b2842cd4c0cc334b4e36f67e"},"headline":"Daniel Schwander verst\u00e4rkt die Continuum AG","datePublished":"2023-05-02T05:33:02+00:00","mainEntityOfPage":{"@id":"https:\/\/www.organisator.ch\/management\/2023-05-02\/daniel-schwander-verstaerkt-die-continuum-ag\/"},"wordCount":361,"publisher":{"@id":"https:\/\/www.organisator.ch\/#organization"},"image":{"@id":"https:\/\/www.organisator.ch\/management\/2023-05-02\/daniel-schwander-verstaerkt-die-continuum-ag\/#primaryimage"},"thumbnailUrl":"https:\/\/www.organisator.ch\/wp-content\/uploads\/2023\/05\/Daniel-Schwander-verstaerkt-die-Continuum-AG_Organisator.jpg","keywords":["Management und Unternehmensf\u00fchrung","Nachfolgeprozesse","Personalia"],"articleSection":["MANAGEMENT"],"inLanguage":"it-IT"},{"@type":"WebPage","@id":"https:\/\/www.organisator.ch\/management\/2023-05-02\/daniel-schwander-verstaerkt-die-continuum-ag\/","url":"https:\/\/www.organisator.ch\/management\/2023-05-02\/daniel-schwander-verstaerkt-die-continuum-ag\/","name":"Daniel Schwander entra in Continuum AG - Organizzatore","isPartOf":{"@id":"https:\/\/www.organisator.ch\/#website"},"primaryImageOfPage":{"@id":"https:\/\/www.organisator.ch\/management\/2023-05-02\/daniel-schwander-verstaerkt-die-continuum-ag\/#primaryimage"},"image":{"@id":"https:\/\/www.organisator.ch\/management\/2023-05-02\/daniel-schwander-verstaerkt-die-continuum-ag\/#primaryimage"},"thumbnailUrl":"https:\/\/www.organisator.ch\/wp-content\/uploads\/2023\/05\/Daniel-Schwander-verstaerkt-die-Continuum-AG_Organisator.jpg","datePublished":"2023-05-02T05:33:02+00:00","description":"Daniel Schwander entra a far parte del team di Continuum AG a partire dal 1\u00b0 maggio 2023. L'azienda \u00e8 specializzata in processi di successione.","breadcrumb":{"@id":"https:\/\/www.organisator.ch\/management\/2023-05-02\/daniel-schwander-verstaerkt-die-continuum-ag\/#breadcrumb"},"inLanguage":"it-IT","potentialAction":[{"@type":"ReadAction","target":["https:\/\/www.organisator.ch\/management\/2023-05-02\/daniel-schwander-verstaerkt-die-continuum-ag\/"]}]},{"@type":"ImageObject","inLanguage":"it-IT","@id":"https:\/\/www.organisator.ch\/management\/2023-05-02\/daniel-schwander-verstaerkt-die-continuum-ag\/#primaryimage","url":"https:\/\/www.organisator.ch\/wp-content\/uploads\/2023\/05\/Daniel-Schwander-verstaerkt-die-Continuum-AG_Organisator.jpg","contentUrl":"https:\/\/www.organisator.ch\/wp-content\/uploads\/2023\/05\/Daniel-Schwander-verstaerkt-die-Continuum-AG_Organisator.jpg","width":680,"height":431,"caption":"Daniel Schwander: Seit 1. Mai 2023 im Team der Continuum AG. (Bild: PD)"},{"@type":"BreadcrumbList","@id":"https:\/\/www.organisator.ch\/management\/2023-05-02\/daniel-schwander-verstaerkt-die-continuum-ag\/#breadcrumb","itemListElement":[{"@type":"ListItem","position":1,"name":"Home","item":"https:\/\/www.organisator.ch\/"},{"@type":"ListItem","position":2,"name":"Daniel Schwander verst\u00e4rkt die Continuum AG"}]},{"@type":"WebSite","@id":"https:\/\/www.organisator.ch\/#website","url":"https:\/\/www.organisator.ch\/","name":"Organizzatore","description":"Competente. Pratico. In 10 numeri all'anno, ORGANISATOR presenta i temi essenziali per i manager delle PMI.","publisher":{"@id":"https:\/\/www.organisator.ch\/#organization"},"potentialAction":[{"@type":"SearchAction","target":{"@type":"EntryPoint","urlTemplate":"https:\/\/www.organisator.ch\/?s={search_term_string}"},"query-input":{"@type":"PropertyValueSpecification","valueRequired":true,"valueName":"search_term_string"}}],"inLanguage":"it-IT"},{"@type":"Organization","@id":"https:\/\/www.organisator.ch\/#organization","name":"Organizzatore","url":"https:\/\/www.organisator.ch\/","logo":{"@type":"ImageObject","inLanguage":"it-IT","@id":"https:\/\/www.organisator.ch\/#\/schema\/logo\/image\/","url":"https:\/\/www.organisator.ch\/wp-content\/uploads\/2022\/01\/Logo_Organisator_Website.png","contentUrl":"https:\/\/www.organisator.ch\/wp-content\/uploads\/2022\/01\/Logo_Organisator_Website.png","width":800,"height":77,"caption":"Organisator"},"image":{"@id":"https:\/\/www.organisator.ch\/#\/schema\/logo\/image\/"},"sameAs":["https:\/\/www.facebook.com\/OrganisatorFachmagazin","https:\/\/www.linkedin.com\/showcase\/organisator-das-magazin-fr-kmu","https:\/\/www.xing.com\/news\/pages\/organisator-ch-695","https:\/\/www.youtube.com\/channel\/UCGP2Sq0iWaZwT3BdIAQFYpw"]},{"@type":"Person","@id":"https:\/\/www.organisator.ch\/#\/schema\/person\/6f650f90b2842cd4c0cc334b4e36f67e","name":"Tommaso.berner","image":{"@type":"ImageObject","inLanguage":"it-IT","@id":"https:\/\/secure.gravatar.com\/avatar\/ac5001d2a36cb6c6cd3e50789007ffca834b477b74a2144564522e944eabff61?s=96&d=mm&r=g","url":"https:\/\/secure.gravatar.com\/avatar\/ac5001d2a36cb6c6cd3e50789007ffca834b477b74a2144564522e944eabff61?s=96&d=mm&r=g","contentUrl":"https:\/\/secure.gravatar.com\/avatar\/ac5001d2a36cb6c6cd3e50789007ffca834b477b74a2144564522e944eabff61?s=96&d=mm&r=g","caption":"thomas.berner"},"url":"https:\/\/www.organisator.ch\/it\/author\/thomas-berner\/"}]}},"_links":{"self":[{"href":"https:\/\/www.organisator.ch\/it\/wp-json\/wp\/v2\/posts\/20006","targetHints":{"allow":["GET"]}}],"collection":[{"href":"https:\/\/www.organisator.ch\/it\/wp-json\/wp\/v2\/posts"}],"about":[{"href":"https:\/\/www.organisator.ch\/it\/wp-json\/wp\/v2\/types\/post"}],"author":[{"embeddable":true,"href":"https:\/\/www.organisator.ch\/it\/wp-json\/wp\/v2\/users\/4"}],"replies":[{"embeddable":true,"href":"https:\/\/www.organisator.ch\/it\/wp-json\/wp\/v2\/comments?post=20006"}],"version-history":[{"count":1,"href":"https:\/\/www.organisator.ch\/it\/wp-json\/wp\/v2\/posts\/20006\/revisions"}],"predecessor-version":[{"id":20008,"href":"https:\/\/www.organisator.ch\/it\/wp-json\/wp\/v2\/posts\/20006\/revisions\/20008"}],"wp:featuredmedia":[{"embeddable":true,"href":"https:\/\/www.organisator.ch\/it\/wp-json\/wp\/v2\/media\/20007"}],"wp:attachment":[{"href":"https:\/\/www.organisator.ch\/it\/wp-json\/wp\/v2\/media?parent=20006"}],"wp:term":[{"taxonomy":"category","embeddable":true,"href":"https:\/\/www.organisator.ch\/it\/wp-json\/wp\/v2\/categories?post=20006"},{"taxonomy":"post_tag","embeddable":true,"href":"https:\/\/www.organisator.ch\/it\/wp-json\/wp\/v2\/tags?post=20006"}],"curies":[{"name":"wp","href":"https:\/\/api.w.org\/{rel}","templated":true}]}}