{"id":20009,"date":"2023-05-02T07:48:31","date_gmt":"2023-05-02T05:48:31","guid":{"rendered":"https:\/\/www.organisator.ch\/?p=20009"},"modified":"2023-05-02T07:48:31","modified_gmt":"2023-05-02T05:48:31","slug":"hammer-group-uebernimmt-die-anytech-metallbau-ag","status":"publish","type":"post","link":"https:\/\/www.organisator.ch\/it\/management\/2023-05-02\/hammer-group-uebernimmt-die-anytech-metallbau-ag\/","title":{"rendered":"Il Gruppo Hammer rileva Anytech Metallbau AG"},"content":{"rendered":"<figure id=\"attachment_20010\" aria-describedby=\"caption-attachment-20010\" style=\"width: 680px\" class=\"wp-caption alignnone\"><img loading=\"lazy\" decoding=\"async\" class=\"size-full wp-image-20010\" src=\"https:\/\/www.organisator.ch\/wp-content\/uploads\/2023\/05\/Hammer-Group-uebernimmt-die-Anytech-Metallbau-AG_Organisator.jpg\" alt=\"\" width=\"680\" height=\"453\" srcset=\"https:\/\/www.organisator.ch\/wp-content\/uploads\/2023\/05\/Hammer-Group-uebernimmt-die-Anytech-Metallbau-AG_Organisator.jpg 680w, https:\/\/www.organisator.ch\/wp-content\/uploads\/2023\/05\/Hammer-Group-uebernimmt-die-Anytech-Metallbau-AG_Organisator-18x12.jpg 18w, https:\/\/www.organisator.ch\/wp-content\/uploads\/2023\/05\/Hammer-Group-uebernimmt-die-Anytech-Metallbau-AG_Organisator-375x250.jpg 375w, https:\/\/www.organisator.ch\/wp-content\/uploads\/2023\/05\/Hammer-Group-uebernimmt-die-Anytech-Metallbau-AG_Organisator-525x350.jpg 525w\" sizes=\"auto, (max-width: 680px) 100vw, 680px\" \/><figcaption id=\"caption-attachment-20010\" class=\"wp-caption-text\">Anja Russo, con la sua Anytech Metallbau AG, \u00e8 entrata a far parte del Gruppo Hammer. (Immagine: Anytech)<\/figcaption><\/figure>\n<p>Il Gruppo Hammer, un gruppo industriale specializzato in soluzioni di costruzione metallica di alta qualit\u00e0 (<a href=\"https:\/\/www.hammer.ch\">https:\/\/www.hammer.ch<\/a>) sta rafforzando la sua offerta di infrastrutture edilizie strutturali in metallo. Con l'acquisizione di Anytech Metallbau AG (<a href=\"https:\/\/www.anytech.ch\">https:\/\/www.anytech.ch<\/a>) di Huttwil, il Gruppo sta ampliando il proprio portafoglio di servizi con i balconi di sistema. In questo modo, il Gruppo completa le sue filiali con le loro posizioni leader in tutta la Svizzera nelle aree di prodotto dei sistemi di parcheggio per biciclette, delle pensiline pedonali, dei sistemi di barriere, dell'arredo urbano, delle porte antincendio, dei guardaroba, dei sistemi di smaltimento dei rifiuti e delle piattaforme di lavoro.<\/p>\n<h3>D'ora in poi tutto da un'unica fonte<\/h3>\n<p>Anytech Metallbau AG ha raggiunto una posizione unica con un innovativo sistema di balconi modulari. I moduli per balconi, tecnicamente maturi, sono sviluppati e prodotti in Svizzera in modo standardizzato o personalizzato. La soluzione di sistema viene utilizzata in particolare nel mercato sempre pi\u00f9 importante delle ristrutturazioni e richiede un tempo di montaggio estremamente ridotto. Claudio Ammann, responsabile dello sviluppo aziendale del Gruppo Hammer, commenta: \"Anytech \u00e8 un'eccellente aggiunta alla gamma di prodotti offerti dal nostro gruppo di aziende. Il Gruppo Hammer si sta cos\u00ec trasformando in un fornitore completo di infrastrutture edilizie strutturali. Insieme, possiamo ora offrire ai nostri clienti un reale valore aggiunto nei progetti immobiliari - e tutto da un unico fornitore\".<\/p>\n<p>Anja Russo, precedente proprietaria di Anytech Metallbau AG, aggiunge: \"Con il Gruppo Hammer ho trovato un'organizzazione ombrello e un partner potente, che da un lato convince con i suoi valori imprenditoriali e la sua visione e dall'altro pu\u00f2 rafforzare ulteriormente la nostra posizione di mercato con la sua presenza in tutta la Svizzera.\"<\/p>\n<h3>Gruppo di aziende con sei sedi<\/h3>\n<p>Il Gruppo Hammer, organizzato in modo cooperativo e con sede a Zurigo, insieme ad Anja Russo in qualit\u00e0 di Amministratore Delegato e a tutti i dipendenti, continuer\u00e0 le attivit\u00e0 di Anytech Metallbau AG in toto. Per clienti e partner, questo cambio di propriet\u00e0 non comporter\u00e0 alcun cambiamento e tutti i referenti rimarranno invariati. \"Con l'integrazione di Anytech Metallbau AG, rafforziamo la nostra posizione e creiamo sinergie. In questo modo, aumentiamo anche l'attrattiva delle nostre filiali presso i loro clienti\", afferma Harry Kramis, CEO del Gruppo Hammer. Il gruppo comprende Velopa AG (<a href=\"https:\/\/www.velopa.ch\">https:\/\/www.velopa.ch<\/a>) a Spreitenbach, MAKK AG (<a href=\"https:\/\/makk.ch\">https:\/\/makk.ch<\/a>) in Dachsen, Wasta AG (<a href=\"https:\/\/www.wasta.ch\">https:\/\/www.wasta.ch<\/a>) a Stans, Hammer Metall AG (<a href=\"https:\/\/www.hammermetall.ch\">https:\/\/www.hammermetall.ch<\/a>) in N\u00e4nikon e Blechtech AG (<a href=\"https:\/\/www.blechtech.ch\">https:\/\/www.blechtech.ch<\/a>) in Dachsen. Il gruppo impiega circa 200 persone in sei sedi.<\/p>","protected":false},"excerpt":{"rendered":"<p>Il Gruppo Hammer acquisisce Anytech Metallbau AG e rafforza il proprio portafoglio con balconi di sistema. Il gruppo realizza soluzioni qualitativamente esigenti, parti standard e servizi per infrastrutture edilizie e spazi pubblici all'aperto.<\/p>","protected":false},"author":4,"featured_media":20010,"comment_status":"closed","ping_status":"closed","sticky":false,"template":"","format":"standard","meta":{"_acf_changed":false,"_yoast_wpseo_focuskw":"Hammer Group","_yoast_wpseo_metadesc":"Die Hammer Group \u00fcbernimmt die Anytech Metallbau AG aus Huttwil und st\u00e4rkt ihr Portfolio mit Systembalkonen.","articlekey":"","footnotes":""},"categories":[28],"tags":[35,334,3750,492],"class_list":["post-20009","post","type-post","status-publish","format-standard","has-post-thumbnail","hentry","category-management","tag-akquisition","tag-management","tag-metallbau","tag-unternehmen"],"acf":[],"yoast_head":"<!-- This site is optimized with the Yoast SEO plugin v27.4 - https:\/\/yoast.com\/product\/yoast-seo-wordpress\/ -->\n<title>Hammer Group \u00fcbernimmt die Anytech Metallbau AG - Organisator<\/title>\n<meta name=\"description\" content=\"Die Hammer Group \u00fcbernimmt die Anytech Metallbau AG aus Huttwil und st\u00e4rkt ihr Portfolio mit Systembalkonen.\" \/>\n<meta name=\"robots\" content=\"index, follow, max-snippet:-1, max-image-preview:large, max-video-preview:-1\" \/>\n<link rel=\"canonical\" href=\"https:\/\/www.organisator.ch\/it\/gestione-2\/2023-05-02\/hammer-group-uebernimmt-die-anytech-metallbau-ag\/\" \/>\n<meta property=\"og:locale\" content=\"it_IT\" \/>\n<meta property=\"og:type\" content=\"article\" \/>\n<meta property=\"og:title\" content=\"Hammer Group \u00fcbernimmt die Anytech Metallbau AG\" \/>\n<meta property=\"og:description\" content=\"Die Hammer Group \u00fcbernimmt die Anytech Metallbau AG aus Huttwil und st\u00e4rkt ihr Portfolio mit Systembalkonen.\" \/>\n<meta property=\"og:url\" content=\"https:\/\/www.organisator.ch\/it\/gestione-2\/2023-05-02\/hammer-group-uebernimmt-die-anytech-metallbau-ag\/\" \/>\n<meta property=\"og:site_name\" content=\"Organisator\" \/>\n<meta property=\"article:publisher\" content=\"https:\/\/www.facebook.com\/OrganisatorFachmagazin\" \/>\n<meta property=\"article:published_time\" content=\"2023-05-02T05:48:31+00:00\" \/>\n<meta property=\"og:image\" content=\"https:\/\/www.organisator.ch\/wp-content\/uploads\/2023\/05\/Hammer-Group-uebernimmt-die-Anytech-Metallbau-AG_Organisator.jpg\" \/>\n\t<meta property=\"og:image:width\" content=\"680\" \/>\n\t<meta property=\"og:image:height\" content=\"453\" \/>\n\t<meta property=\"og:image:type\" content=\"image\/jpeg\" \/>\n<meta name=\"author\" content=\"thomas.berner\" \/>\n<meta name=\"twitter:card\" content=\"summary_large_image\" \/>\n<meta name=\"twitter:title\" content=\"#Hammer Group \u00fcbernimmt die #Anytech Metallbau AG\" \/>\n<meta name=\"twitter:description\" content=\"Die Hammer Group \u00fcbernimmt die #Anytech Metallbau AG aus Huttwil und st\u00e4rkt ihr Portfolio mit #Systembalkonen.\" \/>\n<meta name=\"twitter:image\" content=\"https:\/\/www.organisator.ch\/wp-content\/uploads\/2023\/05\/Hammer-Group-uebernimmt-die-Anytech-Metallbau-AG_Organisator.jpg\" \/>\n<script type=\"application\/ld+json\" class=\"yoast-schema-graph\">{\"@context\":\"https:\\\/\\\/schema.org\",\"@graph\":[{\"@type\":\"Article\",\"@id\":\"https:\\\/\\\/www.organisator.ch\\\/management\\\/2023-05-02\\\/hammer-group-uebernimmt-die-anytech-metallbau-ag\\\/#article\",\"isPartOf\":{\"@id\":\"https:\\\/\\\/www.organisator.ch\\\/management\\\/2023-05-02\\\/hammer-group-uebernimmt-die-anytech-metallbau-ag\\\/\"},\"author\":{\"name\":\"thomas.berner\",\"@id\":\"https:\\\/\\\/www.organisator.ch\\\/#\\\/schema\\\/person\\\/6f650f90b2842cd4c0cc334b4e36f67e\"},\"headline\":\"Hammer Group \u00fcbernimmt die Anytech Metallbau AG\",\"datePublished\":\"2023-05-02T05:48:31+00:00\",\"mainEntityOfPage\":{\"@id\":\"https:\\\/\\\/www.organisator.ch\\\/management\\\/2023-05-02\\\/hammer-group-uebernimmt-die-anytech-metallbau-ag\\\/\"},\"wordCount\":402,\"publisher\":{\"@id\":\"https:\\\/\\\/www.organisator.ch\\\/#organization\"},\"image\":{\"@id\":\"https:\\\/\\\/www.organisator.ch\\\/management\\\/2023-05-02\\\/hammer-group-uebernimmt-die-anytech-metallbau-ag\\\/#primaryimage\"},\"thumbnailUrl\":\"https:\\\/\\\/www.organisator.ch\\\/wp-content\\\/uploads\\\/2023\\\/05\\\/Hammer-Group-uebernimmt-die-Anytech-Metallbau-AG_Organisator.jpg\",\"keywords\":[\"Akquisition\",\"Management\",\"Metallbau\",\"Unternehmen\"],\"articleSection\":[\"MANAGEMENT\"],\"inLanguage\":\"it-IT\"},{\"@type\":\"WebPage\",\"@id\":\"https:\\\/\\\/www.organisator.ch\\\/management\\\/2023-05-02\\\/hammer-group-uebernimmt-die-anytech-metallbau-ag\\\/\",\"url\":\"https:\\\/\\\/www.organisator.ch\\\/management\\\/2023-05-02\\\/hammer-group-uebernimmt-die-anytech-metallbau-ag\\\/\",\"name\":\"Hammer Group \u00fcbernimmt die Anytech Metallbau AG - Organisator\",\"isPartOf\":{\"@id\":\"https:\\\/\\\/www.organisator.ch\\\/#website\"},\"primaryImageOfPage\":{\"@id\":\"https:\\\/\\\/www.organisator.ch\\\/management\\\/2023-05-02\\\/hammer-group-uebernimmt-die-anytech-metallbau-ag\\\/#primaryimage\"},\"image\":{\"@id\":\"https:\\\/\\\/www.organisator.ch\\\/management\\\/2023-05-02\\\/hammer-group-uebernimmt-die-anytech-metallbau-ag\\\/#primaryimage\"},\"thumbnailUrl\":\"https:\\\/\\\/www.organisator.ch\\\/wp-content\\\/uploads\\\/2023\\\/05\\\/Hammer-Group-uebernimmt-die-Anytech-Metallbau-AG_Organisator.jpg\",\"datePublished\":\"2023-05-02T05:48:31+00:00\",\"description\":\"Die Hammer Group \u00fcbernimmt die Anytech Metallbau AG aus Huttwil und st\u00e4rkt ihr Portfolio mit Systembalkonen.\",\"breadcrumb\":{\"@id\":\"https:\\\/\\\/www.organisator.ch\\\/management\\\/2023-05-02\\\/hammer-group-uebernimmt-die-anytech-metallbau-ag\\\/#breadcrumb\"},\"inLanguage\":\"it-IT\",\"potentialAction\":[{\"@type\":\"ReadAction\",\"target\":[\"https:\\\/\\\/www.organisator.ch\\\/management\\\/2023-05-02\\\/hammer-group-uebernimmt-die-anytech-metallbau-ag\\\/\"]}]},{\"@type\":\"ImageObject\",\"inLanguage\":\"it-IT\",\"@id\":\"https:\\\/\\\/www.organisator.ch\\\/management\\\/2023-05-02\\\/hammer-group-uebernimmt-die-anytech-metallbau-ag\\\/#primaryimage\",\"url\":\"https:\\\/\\\/www.organisator.ch\\\/wp-content\\\/uploads\\\/2023\\\/05\\\/Hammer-Group-uebernimmt-die-Anytech-Metallbau-AG_Organisator.jpg\",\"contentUrl\":\"https:\\\/\\\/www.organisator.ch\\\/wp-content\\\/uploads\\\/2023\\\/05\\\/Hammer-Group-uebernimmt-die-Anytech-Metallbau-AG_Organisator.jpg\",\"width\":680,\"height\":453,\"caption\":\"Geh\u00f6rt neu zur Hanmmer Group: Anja Russo mit ihrer Anytech AG. (Bild: Anytech)\"},{\"@type\":\"BreadcrumbList\",\"@id\":\"https:\\\/\\\/www.organisator.ch\\\/management\\\/2023-05-02\\\/hammer-group-uebernimmt-die-anytech-metallbau-ag\\\/#breadcrumb\",\"itemListElement\":[{\"@type\":\"ListItem\",\"position\":1,\"name\":\"Home\",\"item\":\"https:\\\/\\\/www.organisator.ch\\\/\"},{\"@type\":\"ListItem\",\"position\":2,\"name\":\"Hammer Group \u00fcbernimmt die Anytech Metallbau AG\"}]},{\"@type\":\"WebSite\",\"@id\":\"https:\\\/\\\/www.organisator.ch\\\/#website\",\"url\":\"https:\\\/\\\/www.organisator.ch\\\/\",\"name\":\"Organisator\",\"description\":\"Kompetent. Praxisnah. Der ORGANISATOR bereitet in 10 Ausgaben pro Jahr die wesentlichen Themen f\u00fcr F\u00fchrungskr\u00e4fte von KMU auf.\",\"publisher\":{\"@id\":\"https:\\\/\\\/www.organisator.ch\\\/#organization\"},\"potentialAction\":[{\"@type\":\"SearchAction\",\"target\":{\"@type\":\"EntryPoint\",\"urlTemplate\":\"https:\\\/\\\/www.organisator.ch\\\/?s={search_term_string}\"},\"query-input\":{\"@type\":\"PropertyValueSpecification\",\"valueRequired\":true,\"valueName\":\"search_term_string\"}}],\"inLanguage\":\"it-IT\"},{\"@type\":\"Organization\",\"@id\":\"https:\\\/\\\/www.organisator.ch\\\/#organization\",\"name\":\"Organisator\",\"url\":\"https:\\\/\\\/www.organisator.ch\\\/\",\"logo\":{\"@type\":\"ImageObject\",\"inLanguage\":\"it-IT\",\"@id\":\"https:\\\/\\\/www.organisator.ch\\\/#\\\/schema\\\/logo\\\/image\\\/\",\"url\":\"https:\\\/\\\/www.organisator.ch\\\/wp-content\\\/uploads\\\/2022\\\/01\\\/Logo_Organisator_Website.png\",\"contentUrl\":\"https:\\\/\\\/www.organisator.ch\\\/wp-content\\\/uploads\\\/2022\\\/01\\\/Logo_Organisator_Website.png\",\"width\":800,\"height\":77,\"caption\":\"Organisator\"},\"image\":{\"@id\":\"https:\\\/\\\/www.organisator.ch\\\/#\\\/schema\\\/logo\\\/image\\\/\"},\"sameAs\":[\"https:\\\/\\\/www.facebook.com\\\/OrganisatorFachmagazin\",\"https:\\\/\\\/www.linkedin.com\\\/showcase\\\/organisator-das-magazin-fr-kmu\",\"https:\\\/\\\/www.xing.com\\\/news\\\/pages\\\/organisator-ch-695\",\"https:\\\/\\\/www.youtube.com\\\/channel\\\/UCGP2Sq0iWaZwT3BdIAQFYpw\"]},{\"@type\":\"Person\",\"@id\":\"https:\\\/\\\/www.organisator.ch\\\/#\\\/schema\\\/person\\\/6f650f90b2842cd4c0cc334b4e36f67e\",\"name\":\"thomas.berner\",\"image\":{\"@type\":\"ImageObject\",\"inLanguage\":\"it-IT\",\"@id\":\"https:\\\/\\\/secure.gravatar.com\\\/avatar\\\/ac5001d2a36cb6c6cd3e50789007ffca834b477b74a2144564522e944eabff61?s=96&d=mm&r=g\",\"url\":\"https:\\\/\\\/secure.gravatar.com\\\/avatar\\\/ac5001d2a36cb6c6cd3e50789007ffca834b477b74a2144564522e944eabff61?s=96&d=mm&r=g\",\"contentUrl\":\"https:\\\/\\\/secure.gravatar.com\\\/avatar\\\/ac5001d2a36cb6c6cd3e50789007ffca834b477b74a2144564522e944eabff61?s=96&d=mm&r=g\",\"caption\":\"thomas.berner\"},\"url\":\"https:\\\/\\\/www.organisator.ch\\\/it\\\/author\\\/thomas-berner\\\/\"}]}<\/script>\n<!-- \/ Yoast SEO plugin. -->","yoast_head_json":{"title":"Il Gruppo Hammer rileva Anytech Metallbau AG - Organizzatore","description":"Il Gruppo Hammer rileva Anytech Metallbau AG da Huttwil e rafforza il proprio portafoglio con balconi di sistema.","robots":{"index":"index","follow":"follow","max-snippet":"max-snippet:-1","max-image-preview":"max-image-preview:large","max-video-preview":"max-video-preview:-1"},"canonical":"https:\/\/www.organisator.ch\/it\/gestione-2\/2023-05-02\/hammer-group-uebernimmt-die-anytech-metallbau-ag\/","og_locale":"it_IT","og_type":"article","og_title":"Hammer Group \u00fcbernimmt die Anytech Metallbau AG","og_description":"Die Hammer Group \u00fcbernimmt die Anytech Metallbau AG aus Huttwil und st\u00e4rkt ihr Portfolio mit Systembalkonen.","og_url":"https:\/\/www.organisator.ch\/it\/gestione-2\/2023-05-02\/hammer-group-uebernimmt-die-anytech-metallbau-ag\/","og_site_name":"Organisator","article_publisher":"https:\/\/www.facebook.com\/OrganisatorFachmagazin","article_published_time":"2023-05-02T05:48:31+00:00","og_image":[{"width":680,"height":453,"url":"https:\/\/www.organisator.ch\/wp-content\/uploads\/2023\/05\/Hammer-Group-uebernimmt-die-Anytech-Metallbau-AG_Organisator.jpg","type":"image\/jpeg"}],"author":"thomas.berner","twitter_card":"summary_large_image","twitter_title":"#Hammer Group \u00fcbernimmt die #Anytech Metallbau AG","twitter_description":"Die Hammer Group \u00fcbernimmt die #Anytech Metallbau AG aus Huttwil und st\u00e4rkt ihr Portfolio mit #Systembalkonen.","twitter_image":"https:\/\/www.organisator.ch\/wp-content\/uploads\/2023\/05\/Hammer-Group-uebernimmt-die-Anytech-Metallbau-AG_Organisator.jpg","schema":{"@context":"https:\/\/schema.org","@graph":[{"@type":"Article","@id":"https:\/\/www.organisator.ch\/management\/2023-05-02\/hammer-group-uebernimmt-die-anytech-metallbau-ag\/#article","isPartOf":{"@id":"https:\/\/www.organisator.ch\/management\/2023-05-02\/hammer-group-uebernimmt-die-anytech-metallbau-ag\/"},"author":{"name":"thomas.berner","@id":"https:\/\/www.organisator.ch\/#\/schema\/person\/6f650f90b2842cd4c0cc334b4e36f67e"},"headline":"Hammer Group \u00fcbernimmt die Anytech Metallbau AG","datePublished":"2023-05-02T05:48:31+00:00","mainEntityOfPage":{"@id":"https:\/\/www.organisator.ch\/management\/2023-05-02\/hammer-group-uebernimmt-die-anytech-metallbau-ag\/"},"wordCount":402,"publisher":{"@id":"https:\/\/www.organisator.ch\/#organization"},"image":{"@id":"https:\/\/www.organisator.ch\/management\/2023-05-02\/hammer-group-uebernimmt-die-anytech-metallbau-ag\/#primaryimage"},"thumbnailUrl":"https:\/\/www.organisator.ch\/wp-content\/uploads\/2023\/05\/Hammer-Group-uebernimmt-die-Anytech-Metallbau-AG_Organisator.jpg","keywords":["Akquisition","Management","Metallbau","Unternehmen"],"articleSection":["MANAGEMENT"],"inLanguage":"it-IT"},{"@type":"WebPage","@id":"https:\/\/www.organisator.ch\/management\/2023-05-02\/hammer-group-uebernimmt-die-anytech-metallbau-ag\/","url":"https:\/\/www.organisator.ch\/management\/2023-05-02\/hammer-group-uebernimmt-die-anytech-metallbau-ag\/","name":"Il Gruppo Hammer rileva Anytech Metallbau AG - Organizzatore","isPartOf":{"@id":"https:\/\/www.organisator.ch\/#website"},"primaryImageOfPage":{"@id":"https:\/\/www.organisator.ch\/management\/2023-05-02\/hammer-group-uebernimmt-die-anytech-metallbau-ag\/#primaryimage"},"image":{"@id":"https:\/\/www.organisator.ch\/management\/2023-05-02\/hammer-group-uebernimmt-die-anytech-metallbau-ag\/#primaryimage"},"thumbnailUrl":"https:\/\/www.organisator.ch\/wp-content\/uploads\/2023\/05\/Hammer-Group-uebernimmt-die-Anytech-Metallbau-AG_Organisator.jpg","datePublished":"2023-05-02T05:48:31+00:00","description":"Il Gruppo Hammer rileva Anytech Metallbau AG da Huttwil e rafforza il proprio portafoglio con balconi di sistema.","breadcrumb":{"@id":"https:\/\/www.organisator.ch\/management\/2023-05-02\/hammer-group-uebernimmt-die-anytech-metallbau-ag\/#breadcrumb"},"inLanguage":"it-IT","potentialAction":[{"@type":"ReadAction","target":["https:\/\/www.organisator.ch\/management\/2023-05-02\/hammer-group-uebernimmt-die-anytech-metallbau-ag\/"]}]},{"@type":"ImageObject","inLanguage":"it-IT","@id":"https:\/\/www.organisator.ch\/management\/2023-05-02\/hammer-group-uebernimmt-die-anytech-metallbau-ag\/#primaryimage","url":"https:\/\/www.organisator.ch\/wp-content\/uploads\/2023\/05\/Hammer-Group-uebernimmt-die-Anytech-Metallbau-AG_Organisator.jpg","contentUrl":"https:\/\/www.organisator.ch\/wp-content\/uploads\/2023\/05\/Hammer-Group-uebernimmt-die-Anytech-Metallbau-AG_Organisator.jpg","width":680,"height":453,"caption":"Geh\u00f6rt neu zur Hanmmer Group: Anja Russo mit ihrer Anytech AG. (Bild: Anytech)"},{"@type":"BreadcrumbList","@id":"https:\/\/www.organisator.ch\/management\/2023-05-02\/hammer-group-uebernimmt-die-anytech-metallbau-ag\/#breadcrumb","itemListElement":[{"@type":"ListItem","position":1,"name":"Home","item":"https:\/\/www.organisator.ch\/"},{"@type":"ListItem","position":2,"name":"Hammer Group \u00fcbernimmt die Anytech Metallbau AG"}]},{"@type":"WebSite","@id":"https:\/\/www.organisator.ch\/#website","url":"https:\/\/www.organisator.ch\/","name":"Organizzatore","description":"Competente. Pratico. In 10 numeri all'anno, ORGANISATOR presenta i temi essenziali per i manager delle PMI.","publisher":{"@id":"https:\/\/www.organisator.ch\/#organization"},"potentialAction":[{"@type":"SearchAction","target":{"@type":"EntryPoint","urlTemplate":"https:\/\/www.organisator.ch\/?s={search_term_string}"},"query-input":{"@type":"PropertyValueSpecification","valueRequired":true,"valueName":"search_term_string"}}],"inLanguage":"it-IT"},{"@type":"Organization","@id":"https:\/\/www.organisator.ch\/#organization","name":"Organizzatore","url":"https:\/\/www.organisator.ch\/","logo":{"@type":"ImageObject","inLanguage":"it-IT","@id":"https:\/\/www.organisator.ch\/#\/schema\/logo\/image\/","url":"https:\/\/www.organisator.ch\/wp-content\/uploads\/2022\/01\/Logo_Organisator_Website.png","contentUrl":"https:\/\/www.organisator.ch\/wp-content\/uploads\/2022\/01\/Logo_Organisator_Website.png","width":800,"height":77,"caption":"Organisator"},"image":{"@id":"https:\/\/www.organisator.ch\/#\/schema\/logo\/image\/"},"sameAs":["https:\/\/www.facebook.com\/OrganisatorFachmagazin","https:\/\/www.linkedin.com\/showcase\/organisator-das-magazin-fr-kmu","https:\/\/www.xing.com\/news\/pages\/organisator-ch-695","https:\/\/www.youtube.com\/channel\/UCGP2Sq0iWaZwT3BdIAQFYpw"]},{"@type":"Person","@id":"https:\/\/www.organisator.ch\/#\/schema\/person\/6f650f90b2842cd4c0cc334b4e36f67e","name":"Tommaso.berner","image":{"@type":"ImageObject","inLanguage":"it-IT","@id":"https:\/\/secure.gravatar.com\/avatar\/ac5001d2a36cb6c6cd3e50789007ffca834b477b74a2144564522e944eabff61?s=96&d=mm&r=g","url":"https:\/\/secure.gravatar.com\/avatar\/ac5001d2a36cb6c6cd3e50789007ffca834b477b74a2144564522e944eabff61?s=96&d=mm&r=g","contentUrl":"https:\/\/secure.gravatar.com\/avatar\/ac5001d2a36cb6c6cd3e50789007ffca834b477b74a2144564522e944eabff61?s=96&d=mm&r=g","caption":"thomas.berner"},"url":"https:\/\/www.organisator.ch\/it\/author\/thomas-berner\/"}]}},"_links":{"self":[{"href":"https:\/\/www.organisator.ch\/it\/wp-json\/wp\/v2\/posts\/20009","targetHints":{"allow":["GET"]}}],"collection":[{"href":"https:\/\/www.organisator.ch\/it\/wp-json\/wp\/v2\/posts"}],"about":[{"href":"https:\/\/www.organisator.ch\/it\/wp-json\/wp\/v2\/types\/post"}],"author":[{"embeddable":true,"href":"https:\/\/www.organisator.ch\/it\/wp-json\/wp\/v2\/users\/4"}],"replies":[{"embeddable":true,"href":"https:\/\/www.organisator.ch\/it\/wp-json\/wp\/v2\/comments?post=20009"}],"version-history":[{"count":1,"href":"https:\/\/www.organisator.ch\/it\/wp-json\/wp\/v2\/posts\/20009\/revisions"}],"predecessor-version":[{"id":20011,"href":"https:\/\/www.organisator.ch\/it\/wp-json\/wp\/v2\/posts\/20009\/revisions\/20011"}],"wp:featuredmedia":[{"embeddable":true,"href":"https:\/\/www.organisator.ch\/it\/wp-json\/wp\/v2\/media\/20010"}],"wp:attachment":[{"href":"https:\/\/www.organisator.ch\/it\/wp-json\/wp\/v2\/media?parent=20009"}],"wp:term":[{"taxonomy":"category","embeddable":true,"href":"https:\/\/www.organisator.ch\/it\/wp-json\/wp\/v2\/categories?post=20009"},{"taxonomy":"post_tag","embeddable":true,"href":"https:\/\/www.organisator.ch\/it\/wp-json\/wp\/v2\/tags?post=20009"}],"curies":[{"name":"wp","href":"https:\/\/api.w.org\/{rel}","templated":true}]}}