{"id":20045,"date":"2023-05-04T13:42:13","date_gmt":"2023-05-04T11:42:13","guid":{"rendered":"https:\/\/www.organisator.ch\/?p=20045"},"modified":"2023-05-04T13:42:13","modified_gmt":"2023-05-04T11:42:13","slug":"verband-swissmechanic-empfiehlt-ja-zum-klimaschutzgesetz","status":"publish","type":"post","link":"https:\/\/www.organisator.ch\/it\/sustainability\/2023-05-04\/verband-swissmechanic-empfiehlt-ja-zum-klimaschutzgesetz\/","title":{"rendered":"L'Associazione Swissmechanic raccomanda il s\u00ec alla legge sulla protezione del clima"},"content":{"rendered":"<figure id=\"attachment_20049\" aria-describedby=\"caption-attachment-20049\" style=\"width: 680px\" class=\"wp-caption alignnone\"><img loading=\"lazy\" decoding=\"async\" class=\"size-full wp-image-20049\" src=\"https:\/\/www.organisator.ch\/wp-content\/uploads\/2023\/05\/Verband-Swissmechanic-empfiehlt-Ja-zum-Klimaschutzgesetz_Organisator.jpg\" alt=\"\" width=\"680\" height=\"509\" srcset=\"https:\/\/www.organisator.ch\/wp-content\/uploads\/2023\/05\/Verband-Swissmechanic-empfiehlt-Ja-zum-Klimaschutzgesetz_Organisator.jpg 680w, https:\/\/www.organisator.ch\/wp-content\/uploads\/2023\/05\/Verband-Swissmechanic-empfiehlt-Ja-zum-Klimaschutzgesetz_Organisator-16x12.jpg 16w, https:\/\/www.organisator.ch\/wp-content\/uploads\/2023\/05\/Verband-Swissmechanic-empfiehlt-Ja-zum-Klimaschutzgesetz_Organisator-375x281.jpg 375w, https:\/\/www.organisator.ch\/wp-content\/uploads\/2023\/05\/Verband-Swissmechanic-empfiehlt-Ja-zum-Klimaschutzgesetz_Organisator-468x350.jpg 468w\" sizes=\"auto, (max-width: 680px) 100vw, 680px\" \/><figcaption id=\"caption-attachment-20049\" class=\"wp-caption-text\">Swissmechanic raccomanda un S\u00ec alla legge sulla protezione del clima. (Immagine simbolo; Pixabay.com)<\/figcaption><\/figure>\n<p>Il 18 giugno 2023, l'elettorato svizzero voter\u00e0 sulla Legge federale del 30 settembre 2022 sugli obiettivi di protezione del clima, l'innovazione e il rafforzamento della sicurezza energetica (Legge sulla protezione del clima). La legge sulla protezione del clima \u00e8 stata approvata dal Consiglio nazionale e dal Consiglio degli Stati nella sessione autunnale del 2022. \u00c8 la controproposta indiretta all'Iniziativa sui ghiacciai. La legge sar\u00e0 sottoposta a votazione perch\u00e9 l'UDC ha presentato un referendum. L'associazione Swissmechanic raccomanda l'accettazione del progetto di legge. Secondo un sondaggio condotto tra le aziende associate a Swissmechanic nell'aprile 2023, i 2\/3 delle aziende intervistate sono favorevoli alla legge sulla protezione del clima.<\/p>\n<h3>Avanzare in modo flessibile la transizione verso l'azzeramento delle emissioni di gas serra ...<\/h3>\n<p>Il livello di consapevolezza della protezione del clima \u00e8 elevato nelle industrie MEM in generale e tra le aziende associate a Swissmechanic in particolare, scrive l'associazione. Molte PMI MEM hanno gi\u00e0 effettuato molti interventi di adeguamento negli ultimi anni e hanno implementato soluzioni economicamente, tecnicamente ed ecologicamente sensate sotto la propria responsabilit\u00e0.<\/p>\n<p>Il disegno di legge fissa obiettivi nazionali intermedi per la riduzione delle emissioni entro il 2050 e stabilisce parametri di riferimento per la riduzione delle emissioni nei singoli settori, creando cos\u00ec sicurezza negli investimenti per l'economia svizzera e per le PMI-MEM. Il parametro di riduzione delle emissioni di gas serra del 50% entro il 2040 offre all'industria la flessibilit\u00e0 necessaria per tenere conto di eventuali progressi tecnologici e cicli di investimento.<\/p>\n<p>Un altro importante \"plus di flessibilit\u00e0\", secondo Swissmechanic, \u00e8 che l'effetto delle restanti emissioni di gas serra pu\u00f2 essere compensato dall'uso di tecnologie a emissioni negative in Svizzera, ma anche all'estero. Dopo tutto, \u00e8 irrilevante per il clima dove si risparmia CO2.<\/p>\n<h3>... senza divieti, ma con finanziamenti di avviamento<\/h3>\n<p>Per Swissmechanic \u00e8 fondamentale che la legge sulla protezione del clima non vieti esplicitamente i combustibili fossili, perch\u00e9 l'associazione \u00e8 impegnata in soluzioni imprenditoriali e di libero mercato per la protezione del clima e dell'ambiente e rifiuta fermamente qualsiasi divieto su forme di energia, tecnologie, metodi di produzione e simili. A causa della pressione competitiva prevalente, le aziende devono comunque produrre in modo efficiente dal punto di vista energetico.<\/p>\n<p>In termini situazionali, Swissmechanic sostiene il finanziamento di start-up a destinazione vincolata da parte del settore pubblico. Secondo la proposta, le aziende che elaborano volontariamente tabelle di marcia per raggiungere l'obiettivo \"net zero\" dovrebbero poter ricevere assistenza finanziaria per l'applicazione di nuove tecnologie e processi.<\/p>\n<h3>Le aziende MEM danno un contributo importante per una Svizzera pi\u00f9 sicura, pi\u00f9 ecologica e pi\u00f9 sana.<\/h3>\n<p>\"Per le nostre PMI-MEM, condizioni quadro favorevoli all'innovazione e un approvvigionamento energetico sicuro e competitivo sono l'elisir di lunga vita\", si legge nel comunicato di Swissmechanic. Questo aspetto deve essere tenuto in considerazione nella stesura dei decreti e delle revisioni legislative che seguiranno per raggiungere gli obiettivi di politica climatica della Legge sulla protezione del clima. Solo cos\u00ec sar\u00e0 possibile rafforzare la Svizzera come centro industriale, tecnologico e di ricerca, garantire posti di lavoro preziosi - soprattutto nelle regioni periferiche - e contribuire a un futuro sostenibile. \"Con le loro soluzioni tecnologiche innovative, le nostre aziende danno un importante contributo a una Svizzera pi\u00f9 sicura, pi\u00f9 ecologica e pi\u00f9 sana\", conclude Swissmechanic.<\/p>\n<p><em>Fonte e ulteriori informazioni: <a href=\"http:\/\/www.swissmechanic.ch\">Swissmechanic<\/a><\/em><\/p>","protected":false},"excerpt":{"rendered":"<p>Swissmechanic, l'associazione delle PMI-MEM svizzere, sostiene il compromesso elaborato nella Legge sulla protezione del clima e appoggia la proposta di referendum del 18 giugno 2023. Allo stesso tempo, per\u00f2, l'associazione sottolinea che la Legge sulla protezione del clima stabilisce principalmente obiettivi di politica climatica e target intermedi. <\/p>","protected":false},"author":4,"featured_media":20049,"comment_status":"closed","ping_status":"closed","sticky":false,"template":"","format":"standard","meta":{"_acf_changed":false,"_yoast_wpseo_focuskw":"Klimaschutzgesetz","_yoast_wpseo_metadesc":"Swissmechanic, der Verband der Schweizer KMU-MEM-Betriebe, steht hinter dem im Klimaschutzgesetz erarbeiteten Kompromiss und empfiehlt ein Ja.","articlekey":"","footnotes":""},"categories":[580],"tags":[300,3761,503],"class_list":["post-20045","post","type-post","status-publish","format-standard","has-post-thumbnail","hentry","category-sustainability","tag-klimaschutz","tag-umweltpolitik","tag-verbaende"],"acf":[],"yoast_head":"<!-- This site is optimized with the Yoast SEO plugin v27.5 - https:\/\/yoast.com\/product\/yoast-seo-wordpress\/ -->\n<title>Verband Swissmechanic empfiehlt Ja zum Klimaschutzgesetz - Organisator<\/title>\n<meta name=\"description\" content=\"Swissmechanic, der Verband der Schweizer KMU-MEM-Betriebe, steht hinter dem im Klimaschutzgesetz erarbeiteten Kompromiss und empfiehlt ein Ja.\" \/>\n<meta name=\"robots\" content=\"index, follow, max-snippet:-1, max-image-preview:large, max-video-preview:-1\" \/>\n<link rel=\"canonical\" href=\"https:\/\/www.organisator.ch\/it\/sostenibilita\/2023-05-04\/verband-swissmechanic-empfiehlt-ja-zum-klimaschutzgesetz\/\" \/>\n<meta property=\"og:locale\" content=\"it_IT\" \/>\n<meta property=\"og:type\" content=\"article\" \/>\n<meta property=\"og:title\" content=\"Verband Swissmechanic empfiehlt Ja zum Klimaschutzgesetz\" \/>\n<meta property=\"og:description\" content=\"Swissmechanic, der Verband der Schweizer KMU-MEM-Betriebe, steht hinter dem im Klimaschutzgesetz erarbeiteten Kompromiss und empfiehlt ein Ja.\" \/>\n<meta property=\"og:url\" content=\"https:\/\/www.organisator.ch\/it\/sostenibilita\/2023-05-04\/verband-swissmechanic-empfiehlt-ja-zum-klimaschutzgesetz\/\" \/>\n<meta property=\"og:site_name\" content=\"Organisator\" \/>\n<meta property=\"article:publisher\" content=\"https:\/\/www.facebook.com\/OrganisatorFachmagazin\" \/>\n<meta property=\"article:published_time\" content=\"2023-05-04T11:42:13+00:00\" \/>\n<meta property=\"og:image\" content=\"https:\/\/www.organisator.ch\/wp-content\/uploads\/2023\/05\/Verband-Swissmechanic-empfiehlt-Ja-zum-Klimaschutzgesetz_Organisator.jpg\" \/>\n\t<meta property=\"og:image:width\" content=\"680\" \/>\n\t<meta property=\"og:image:height\" content=\"509\" \/>\n\t<meta property=\"og:image:type\" content=\"image\/jpeg\" \/>\n<meta name=\"author\" content=\"thomas.berner\" \/>\n<meta name=\"twitter:card\" content=\"summary_large_image\" \/>\n<meta name=\"twitter:title\" content=\"Verband #Swissmechanic empfiehlt Ja zum #Klimaschutzgesetz\" \/>\n<meta name=\"twitter:description\" content=\"#Swissmechanic, der Verband der Schweizer KMU-MEM-Betriebe, steht hinter dem im #Klimaschutzgesetz erarbeiteten #Kompromiss und empfiehlt ein Ja.\" \/>\n<meta name=\"twitter:image\" content=\"https:\/\/www.organisator.ch\/wp-content\/uploads\/2023\/05\/Verband-Swissmechanic-empfiehlt-Ja-zum-Klimaschutzgesetz_Organisator.jpg\" \/>\n<script type=\"application\/ld+json\" class=\"yoast-schema-graph\">{\"@context\":\"https:\\\/\\\/schema.org\",\"@graph\":[{\"@type\":\"Article\",\"@id\":\"https:\\\/\\\/www.organisator.ch\\\/sustainability\\\/2023-05-04\\\/verband-swissmechanic-empfiehlt-ja-zum-klimaschutzgesetz\\\/#article\",\"isPartOf\":{\"@id\":\"https:\\\/\\\/www.organisator.ch\\\/sustainability\\\/2023-05-04\\\/verband-swissmechanic-empfiehlt-ja-zum-klimaschutzgesetz\\\/\"},\"author\":{\"name\":\"thomas.berner\",\"@id\":\"https:\\\/\\\/www.organisator.ch\\\/#\\\/schema\\\/person\\\/6f650f90b2842cd4c0cc334b4e36f67e\"},\"headline\":\"Verband Swissmechanic empfiehlt Ja zum Klimaschutzgesetz\",\"datePublished\":\"2023-05-04T11:42:13+00:00\",\"mainEntityOfPage\":{\"@id\":\"https:\\\/\\\/www.organisator.ch\\\/sustainability\\\/2023-05-04\\\/verband-swissmechanic-empfiehlt-ja-zum-klimaschutzgesetz\\\/\"},\"wordCount\":490,\"publisher\":{\"@id\":\"https:\\\/\\\/www.organisator.ch\\\/#organization\"},\"image\":{\"@id\":\"https:\\\/\\\/www.organisator.ch\\\/sustainability\\\/2023-05-04\\\/verband-swissmechanic-empfiehlt-ja-zum-klimaschutzgesetz\\\/#primaryimage\"},\"thumbnailUrl\":\"https:\\\/\\\/www.organisator.ch\\\/wp-content\\\/uploads\\\/2023\\\/05\\\/Verband-Swissmechanic-empfiehlt-Ja-zum-Klimaschutzgesetz_Organisator.jpg\",\"keywords\":[\"Klimaschutz\",\"Umweltpolitik\",\"Verb\u00e4nde\"],\"articleSection\":[\"SUSTAINABILITY\"],\"inLanguage\":\"it-IT\"},{\"@type\":\"WebPage\",\"@id\":\"https:\\\/\\\/www.organisator.ch\\\/sustainability\\\/2023-05-04\\\/verband-swissmechanic-empfiehlt-ja-zum-klimaschutzgesetz\\\/\",\"url\":\"https:\\\/\\\/www.organisator.ch\\\/sustainability\\\/2023-05-04\\\/verband-swissmechanic-empfiehlt-ja-zum-klimaschutzgesetz\\\/\",\"name\":\"Verband Swissmechanic empfiehlt Ja zum Klimaschutzgesetz - Organisator\",\"isPartOf\":{\"@id\":\"https:\\\/\\\/www.organisator.ch\\\/#website\"},\"primaryImageOfPage\":{\"@id\":\"https:\\\/\\\/www.organisator.ch\\\/sustainability\\\/2023-05-04\\\/verband-swissmechanic-empfiehlt-ja-zum-klimaschutzgesetz\\\/#primaryimage\"},\"image\":{\"@id\":\"https:\\\/\\\/www.organisator.ch\\\/sustainability\\\/2023-05-04\\\/verband-swissmechanic-empfiehlt-ja-zum-klimaschutzgesetz\\\/#primaryimage\"},\"thumbnailUrl\":\"https:\\\/\\\/www.organisator.ch\\\/wp-content\\\/uploads\\\/2023\\\/05\\\/Verband-Swissmechanic-empfiehlt-Ja-zum-Klimaschutzgesetz_Organisator.jpg\",\"datePublished\":\"2023-05-04T11:42:13+00:00\",\"description\":\"Swissmechanic, der Verband der Schweizer KMU-MEM-Betriebe, steht hinter dem im Klimaschutzgesetz erarbeiteten Kompromiss und empfiehlt ein Ja.\",\"breadcrumb\":{\"@id\":\"https:\\\/\\\/www.organisator.ch\\\/sustainability\\\/2023-05-04\\\/verband-swissmechanic-empfiehlt-ja-zum-klimaschutzgesetz\\\/#breadcrumb\"},\"inLanguage\":\"it-IT\",\"potentialAction\":[{\"@type\":\"ReadAction\",\"target\":[\"https:\\\/\\\/www.organisator.ch\\\/sustainability\\\/2023-05-04\\\/verband-swissmechanic-empfiehlt-ja-zum-klimaschutzgesetz\\\/\"]}]},{\"@type\":\"ImageObject\",\"inLanguage\":\"it-IT\",\"@id\":\"https:\\\/\\\/www.organisator.ch\\\/sustainability\\\/2023-05-04\\\/verband-swissmechanic-empfiehlt-ja-zum-klimaschutzgesetz\\\/#primaryimage\",\"url\":\"https:\\\/\\\/www.organisator.ch\\\/wp-content\\\/uploads\\\/2023\\\/05\\\/Verband-Swissmechanic-empfiehlt-Ja-zum-Klimaschutzgesetz_Organisator.jpg\",\"contentUrl\":\"https:\\\/\\\/www.organisator.ch\\\/wp-content\\\/uploads\\\/2023\\\/05\\\/Verband-Swissmechanic-empfiehlt-Ja-zum-Klimaschutzgesetz_Organisator.jpg\",\"width\":680,\"height\":509,\"caption\":\"Swissmechanic empfiehlt ein Ja zum Klimaschutzgesetz. (Symbolbild; Pixabay.com)\"},{\"@type\":\"BreadcrumbList\",\"@id\":\"https:\\\/\\\/www.organisator.ch\\\/sustainability\\\/2023-05-04\\\/verband-swissmechanic-empfiehlt-ja-zum-klimaschutzgesetz\\\/#breadcrumb\",\"itemListElement\":[{\"@type\":\"ListItem\",\"position\":1,\"name\":\"Home\",\"item\":\"https:\\\/\\\/www.organisator.ch\\\/\"},{\"@type\":\"ListItem\",\"position\":2,\"name\":\"Verband Swissmechanic empfiehlt Ja zum Klimaschutzgesetz\"}]},{\"@type\":\"WebSite\",\"@id\":\"https:\\\/\\\/www.organisator.ch\\\/#website\",\"url\":\"https:\\\/\\\/www.organisator.ch\\\/\",\"name\":\"Organisator\",\"description\":\"Kompetent. Praxisnah. Der ORGANISATOR bereitet in 10 Ausgaben pro Jahr die wesentlichen Themen f\u00fcr F\u00fchrungskr\u00e4fte von KMU auf.\",\"publisher\":{\"@id\":\"https:\\\/\\\/www.organisator.ch\\\/#organization\"},\"potentialAction\":[{\"@type\":\"SearchAction\",\"target\":{\"@type\":\"EntryPoint\",\"urlTemplate\":\"https:\\\/\\\/www.organisator.ch\\\/?s={search_term_string}\"},\"query-input\":{\"@type\":\"PropertyValueSpecification\",\"valueRequired\":true,\"valueName\":\"search_term_string\"}}],\"inLanguage\":\"it-IT\"},{\"@type\":\"Organization\",\"@id\":\"https:\\\/\\\/www.organisator.ch\\\/#organization\",\"name\":\"Organisator\",\"url\":\"https:\\\/\\\/www.organisator.ch\\\/\",\"logo\":{\"@type\":\"ImageObject\",\"inLanguage\":\"it-IT\",\"@id\":\"https:\\\/\\\/www.organisator.ch\\\/#\\\/schema\\\/logo\\\/image\\\/\",\"url\":\"https:\\\/\\\/www.organisator.ch\\\/wp-content\\\/uploads\\\/2022\\\/01\\\/Logo_Organisator_Website.png\",\"contentUrl\":\"https:\\\/\\\/www.organisator.ch\\\/wp-content\\\/uploads\\\/2022\\\/01\\\/Logo_Organisator_Website.png\",\"width\":800,\"height\":77,\"caption\":\"Organisator\"},\"image\":{\"@id\":\"https:\\\/\\\/www.organisator.ch\\\/#\\\/schema\\\/logo\\\/image\\\/\"},\"sameAs\":[\"https:\\\/\\\/www.facebook.com\\\/OrganisatorFachmagazin\",\"https:\\\/\\\/www.linkedin.com\\\/showcase\\\/organisator-das-magazin-fr-kmu\",\"https:\\\/\\\/www.xing.com\\\/news\\\/pages\\\/organisator-ch-695\",\"https:\\\/\\\/www.youtube.com\\\/channel\\\/UCGP2Sq0iWaZwT3BdIAQFYpw\"]},{\"@type\":\"Person\",\"@id\":\"https:\\\/\\\/www.organisator.ch\\\/#\\\/schema\\\/person\\\/6f650f90b2842cd4c0cc334b4e36f67e\",\"name\":\"thomas.berner\",\"image\":{\"@type\":\"ImageObject\",\"inLanguage\":\"it-IT\",\"@id\":\"https:\\\/\\\/secure.gravatar.com\\\/avatar\\\/ac5001d2a36cb6c6cd3e50789007ffca834b477b74a2144564522e944eabff61?s=96&d=mm&r=g\",\"url\":\"https:\\\/\\\/secure.gravatar.com\\\/avatar\\\/ac5001d2a36cb6c6cd3e50789007ffca834b477b74a2144564522e944eabff61?s=96&d=mm&r=g\",\"contentUrl\":\"https:\\\/\\\/secure.gravatar.com\\\/avatar\\\/ac5001d2a36cb6c6cd3e50789007ffca834b477b74a2144564522e944eabff61?s=96&d=mm&r=g\",\"caption\":\"thomas.berner\"},\"url\":\"https:\\\/\\\/www.organisator.ch\\\/it\\\/author\\\/thomas-berner\\\/\"}]}<\/script>\n<!-- \/ Yoast SEO plugin. -->","yoast_head_json":{"title":"L'associazione svizzera dei meccanici raccomanda il s\u00ec alla legge sulla protezione del clima - Organizzatore","description":"Swissmechanic, l'associazione delle PMI-MEM svizzere, sostiene il compromesso elaborato nella legge sulla protezione del clima e raccomanda di votare S\u00ec.","robots":{"index":"index","follow":"follow","max-snippet":"max-snippet:-1","max-image-preview":"max-image-preview:large","max-video-preview":"max-video-preview:-1"},"canonical":"https:\/\/www.organisator.ch\/it\/sostenibilita\/2023-05-04\/verband-swissmechanic-empfiehlt-ja-zum-klimaschutzgesetz\/","og_locale":"it_IT","og_type":"article","og_title":"Verband Swissmechanic empfiehlt Ja zum Klimaschutzgesetz","og_description":"Swissmechanic, der Verband der Schweizer KMU-MEM-Betriebe, steht hinter dem im Klimaschutzgesetz erarbeiteten Kompromiss und empfiehlt ein Ja.","og_url":"https:\/\/www.organisator.ch\/it\/sostenibilita\/2023-05-04\/verband-swissmechanic-empfiehlt-ja-zum-klimaschutzgesetz\/","og_site_name":"Organisator","article_publisher":"https:\/\/www.facebook.com\/OrganisatorFachmagazin","article_published_time":"2023-05-04T11:42:13+00:00","og_image":[{"width":680,"height":509,"url":"https:\/\/www.organisator.ch\/wp-content\/uploads\/2023\/05\/Verband-Swissmechanic-empfiehlt-Ja-zum-Klimaschutzgesetz_Organisator.jpg","type":"image\/jpeg"}],"author":"thomas.berner","twitter_card":"summary_large_image","twitter_title":"Verband #Swissmechanic empfiehlt Ja zum #Klimaschutzgesetz","twitter_description":"#Swissmechanic, der Verband der Schweizer KMU-MEM-Betriebe, steht hinter dem im #Klimaschutzgesetz erarbeiteten #Kompromiss und empfiehlt ein Ja.","twitter_image":"https:\/\/www.organisator.ch\/wp-content\/uploads\/2023\/05\/Verband-Swissmechanic-empfiehlt-Ja-zum-Klimaschutzgesetz_Organisator.jpg","schema":{"@context":"https:\/\/schema.org","@graph":[{"@type":"Article","@id":"https:\/\/www.organisator.ch\/sustainability\/2023-05-04\/verband-swissmechanic-empfiehlt-ja-zum-klimaschutzgesetz\/#article","isPartOf":{"@id":"https:\/\/www.organisator.ch\/sustainability\/2023-05-04\/verband-swissmechanic-empfiehlt-ja-zum-klimaschutzgesetz\/"},"author":{"name":"thomas.berner","@id":"https:\/\/www.organisator.ch\/#\/schema\/person\/6f650f90b2842cd4c0cc334b4e36f67e"},"headline":"Verband Swissmechanic empfiehlt Ja zum Klimaschutzgesetz","datePublished":"2023-05-04T11:42:13+00:00","mainEntityOfPage":{"@id":"https:\/\/www.organisator.ch\/sustainability\/2023-05-04\/verband-swissmechanic-empfiehlt-ja-zum-klimaschutzgesetz\/"},"wordCount":490,"publisher":{"@id":"https:\/\/www.organisator.ch\/#organization"},"image":{"@id":"https:\/\/www.organisator.ch\/sustainability\/2023-05-04\/verband-swissmechanic-empfiehlt-ja-zum-klimaschutzgesetz\/#primaryimage"},"thumbnailUrl":"https:\/\/www.organisator.ch\/wp-content\/uploads\/2023\/05\/Verband-Swissmechanic-empfiehlt-Ja-zum-Klimaschutzgesetz_Organisator.jpg","keywords":["Klimaschutz","Umweltpolitik","Verb\u00e4nde"],"articleSection":["SUSTAINABILITY"],"inLanguage":"it-IT"},{"@type":"WebPage","@id":"https:\/\/www.organisator.ch\/sustainability\/2023-05-04\/verband-swissmechanic-empfiehlt-ja-zum-klimaschutzgesetz\/","url":"https:\/\/www.organisator.ch\/sustainability\/2023-05-04\/verband-swissmechanic-empfiehlt-ja-zum-klimaschutzgesetz\/","name":"L'associazione svizzera dei meccanici raccomanda il s\u00ec alla legge sulla protezione del clima - Organizzatore","isPartOf":{"@id":"https:\/\/www.organisator.ch\/#website"},"primaryImageOfPage":{"@id":"https:\/\/www.organisator.ch\/sustainability\/2023-05-04\/verband-swissmechanic-empfiehlt-ja-zum-klimaschutzgesetz\/#primaryimage"},"image":{"@id":"https:\/\/www.organisator.ch\/sustainability\/2023-05-04\/verband-swissmechanic-empfiehlt-ja-zum-klimaschutzgesetz\/#primaryimage"},"thumbnailUrl":"https:\/\/www.organisator.ch\/wp-content\/uploads\/2023\/05\/Verband-Swissmechanic-empfiehlt-Ja-zum-Klimaschutzgesetz_Organisator.jpg","datePublished":"2023-05-04T11:42:13+00:00","description":"Swissmechanic, l'associazione delle PMI-MEM svizzere, sostiene il compromesso elaborato nella legge sulla protezione del clima e raccomanda di votare S\u00ec.","breadcrumb":{"@id":"https:\/\/www.organisator.ch\/sustainability\/2023-05-04\/verband-swissmechanic-empfiehlt-ja-zum-klimaschutzgesetz\/#breadcrumb"},"inLanguage":"it-IT","potentialAction":[{"@type":"ReadAction","target":["https:\/\/www.organisator.ch\/sustainability\/2023-05-04\/verband-swissmechanic-empfiehlt-ja-zum-klimaschutzgesetz\/"]}]},{"@type":"ImageObject","inLanguage":"it-IT","@id":"https:\/\/www.organisator.ch\/sustainability\/2023-05-04\/verband-swissmechanic-empfiehlt-ja-zum-klimaschutzgesetz\/#primaryimage","url":"https:\/\/www.organisator.ch\/wp-content\/uploads\/2023\/05\/Verband-Swissmechanic-empfiehlt-Ja-zum-Klimaschutzgesetz_Organisator.jpg","contentUrl":"https:\/\/www.organisator.ch\/wp-content\/uploads\/2023\/05\/Verband-Swissmechanic-empfiehlt-Ja-zum-Klimaschutzgesetz_Organisator.jpg","width":680,"height":509,"caption":"Swissmechanic empfiehlt ein Ja zum Klimaschutzgesetz. (Symbolbild; Pixabay.com)"},{"@type":"BreadcrumbList","@id":"https:\/\/www.organisator.ch\/sustainability\/2023-05-04\/verband-swissmechanic-empfiehlt-ja-zum-klimaschutzgesetz\/#breadcrumb","itemListElement":[{"@type":"ListItem","position":1,"name":"Home","item":"https:\/\/www.organisator.ch\/"},{"@type":"ListItem","position":2,"name":"Verband Swissmechanic empfiehlt Ja zum Klimaschutzgesetz"}]},{"@type":"WebSite","@id":"https:\/\/www.organisator.ch\/#website","url":"https:\/\/www.organisator.ch\/","name":"Organizzatore","description":"Competente. Pratico. In 10 numeri all'anno, ORGANISATOR presenta i temi essenziali per i manager delle PMI.","publisher":{"@id":"https:\/\/www.organisator.ch\/#organization"},"potentialAction":[{"@type":"SearchAction","target":{"@type":"EntryPoint","urlTemplate":"https:\/\/www.organisator.ch\/?s={search_term_string}"},"query-input":{"@type":"PropertyValueSpecification","valueRequired":true,"valueName":"search_term_string"}}],"inLanguage":"it-IT"},{"@type":"Organization","@id":"https:\/\/www.organisator.ch\/#organization","name":"Organizzatore","url":"https:\/\/www.organisator.ch\/","logo":{"@type":"ImageObject","inLanguage":"it-IT","@id":"https:\/\/www.organisator.ch\/#\/schema\/logo\/image\/","url":"https:\/\/www.organisator.ch\/wp-content\/uploads\/2022\/01\/Logo_Organisator_Website.png","contentUrl":"https:\/\/www.organisator.ch\/wp-content\/uploads\/2022\/01\/Logo_Organisator_Website.png","width":800,"height":77,"caption":"Organisator"},"image":{"@id":"https:\/\/www.organisator.ch\/#\/schema\/logo\/image\/"},"sameAs":["https:\/\/www.facebook.com\/OrganisatorFachmagazin","https:\/\/www.linkedin.com\/showcase\/organisator-das-magazin-fr-kmu","https:\/\/www.xing.com\/news\/pages\/organisator-ch-695","https:\/\/www.youtube.com\/channel\/UCGP2Sq0iWaZwT3BdIAQFYpw"]},{"@type":"Person","@id":"https:\/\/www.organisator.ch\/#\/schema\/person\/6f650f90b2842cd4c0cc334b4e36f67e","name":"Tommaso.berner","image":{"@type":"ImageObject","inLanguage":"it-IT","@id":"https:\/\/secure.gravatar.com\/avatar\/ac5001d2a36cb6c6cd3e50789007ffca834b477b74a2144564522e944eabff61?s=96&d=mm&r=g","url":"https:\/\/secure.gravatar.com\/avatar\/ac5001d2a36cb6c6cd3e50789007ffca834b477b74a2144564522e944eabff61?s=96&d=mm&r=g","contentUrl":"https:\/\/secure.gravatar.com\/avatar\/ac5001d2a36cb6c6cd3e50789007ffca834b477b74a2144564522e944eabff61?s=96&d=mm&r=g","caption":"thomas.berner"},"url":"https:\/\/www.organisator.ch\/it\/author\/thomas-berner\/"}]}},"_links":{"self":[{"href":"https:\/\/www.organisator.ch\/it\/wp-json\/wp\/v2\/posts\/20045","targetHints":{"allow":["GET"]}}],"collection":[{"href":"https:\/\/www.organisator.ch\/it\/wp-json\/wp\/v2\/posts"}],"about":[{"href":"https:\/\/www.organisator.ch\/it\/wp-json\/wp\/v2\/types\/post"}],"author":[{"embeddable":true,"href":"https:\/\/www.organisator.ch\/it\/wp-json\/wp\/v2\/users\/4"}],"replies":[{"embeddable":true,"href":"https:\/\/www.organisator.ch\/it\/wp-json\/wp\/v2\/comments?post=20045"}],"version-history":[{"count":2,"href":"https:\/\/www.organisator.ch\/it\/wp-json\/wp\/v2\/posts\/20045\/revisions"}],"predecessor-version":[{"id":20058,"href":"https:\/\/www.organisator.ch\/it\/wp-json\/wp\/v2\/posts\/20045\/revisions\/20058"}],"wp:featuredmedia":[{"embeddable":true,"href":"https:\/\/www.organisator.ch\/it\/wp-json\/wp\/v2\/media\/20049"}],"wp:attachment":[{"href":"https:\/\/www.organisator.ch\/it\/wp-json\/wp\/v2\/media?parent=20045"}],"wp:term":[{"taxonomy":"category","embeddable":true,"href":"https:\/\/www.organisator.ch\/it\/wp-json\/wp\/v2\/categories?post=20045"},{"taxonomy":"post_tag","embeddable":true,"href":"https:\/\/www.organisator.ch\/it\/wp-json\/wp\/v2\/tags?post=20045"}],"curies":[{"name":"wp","href":"https:\/\/api.w.org\/{rel}","templated":true}]}}